{"id":44795,"date":"2021-05-21T13:08:51","date_gmt":"2021-05-21T11:08:51","guid":{"rendered":"https:\/\/packaging-journal.de\/?p=44795"},"modified":"2021-05-21T13:08:51","modified_gmt":"2021-05-21T11:08:51","slug":"timocom-ketchup-effect-slows-down-logistics","status":"publish","type":"post","link":"https:\/\/packaging-journal.de\/en\/timocom-ketchup-effekt-bremst-logistik\/","title":{"rendered":"Timocom: Ketchup effect slows down European logistics"},"content":{"rendered":"<p>Engp\u00e4sse bei den Lieferketten und\u00a0 Rohstoffmangel \u00a0&#8211; dar\u00fcber klagen auch zunehmend die Unternehmen der Verpackungsbranche. Nun meldet das auf Frachttechnologie spezialisierte Unternehmen Timocom, dass \u00fcber eine Million offene Lkw-Frachtauftr\u00e4ge aufgelaufen sind.<\/p>\n<p>Der Druck auf die Logistikbranche hat unterschiedlichste Gr\u00fcnde. Zu nennen sind hier neben Corona und Brexit auch die Blockade im Suezkanal durch die Havarie des Frachtschiffs Ever Given im Suezkanal. Nun schl\u00e4gt das FreightTech-Unternehmen Timocom Alarm und gibt bekannt, dass in der Frachtenb\u00f6rse des Unternehmens \u00fcber mehrere Tage in Folge \u00fcber <strong>eine Million offene Lkw-Frachtauftr\u00e4ge<\/strong> aufgelaufen sind, die dringend abgefertigt werden m\u00fcssten. Das Unternehmen erwartet auch f\u00fcr die kommenden Wochen eine <strong>weitere Eskalation der Situation<\/strong>. Es empfiehlt daher Transportdienstleistern aller Art, sich kurzfristig digitalen Frachtenb\u00f6rsen anzuschlie\u00dfen.<\/p>\n<h2>Ketchup-Effekt<strong> erh\u00f6ht Druck <\/strong><\/h2>\n<p>Timocom erkl\u00e4rt, dass die Ever-Given-Havarie vor rund zwei Monaten einen Prozess ins Rollen gebracht habe, der den nachgelagerten Hinterlandverkehr nun zeitversetzt erreiche. Dieser <strong>Ketchup-Effekt<\/strong> zeige nun seine Wirkung. Besonders im Binnenschifffahrts- und Schienenverkehr mangele es <strong>massiv an Ressourcen<\/strong>, was den Druck auf den europ\u00e4ischen Stra\u00dfeng\u00fcterverkehr weiter erh\u00f6he. Noch immer f\u00fchrten Staus an der Verladerampe zu Verz\u00f6gerungen. Dadurch komme es vermehrt zu Leerfahrten zum Folgeauftrag. Der <strong>massive Mangel an Laderaum<\/strong> wirke sich nahezu <strong>fl\u00e4chendeckend auf den gesamten Industrie- und Handelsbereich<\/strong> aus.<\/p><div class=\"packa-in-post-alle\" style=\"text-align: center;\" id=\"packa-3184739214\"><div id=\"packa-2745349398\"><a data-no-instant=\"1\" href=\"https:\/\/packaging-journal.de\/en\/newsletter\/\" rel=\"noopener\" class=\"a2t-link\" target=\"_blank\" aria-label=\"PJ Eigenwerbung English 03\"><!--noptimize--><img src=\"https:\/\/packaging-journal.de\/wp-content\/uploads\/2026\/01\/PJ-Eigenwerbung-English-03.png\" alt=\"\"  srcset=\"https:\/\/packaging-journal.de\/wp-content\/uploads\/2026\/01\/PJ-Eigenwerbung-English-03.png 840w, https:\/\/packaging-journal.de\/wp-content\/uploads\/2026\/01\/PJ-Eigenwerbung-English-03-300x75.png 300w, https:\/\/packaging-journal.de\/wp-content\/uploads\/2026\/01\/PJ-Eigenwerbung-English-03-768x192.png 768w, https:\/\/packaging-journal.de\/wp-content\/uploads\/2026\/01\/PJ-Eigenwerbung-English-03-18x5.png 18w, https:\/\/packaging-journal.de\/wp-content\/uploads\/2026\/01\/PJ-Eigenwerbung-English-03-332x83.png 332w, https:\/\/packaging-journal.de\/wp-content\/uploads\/2026\/01\/PJ-Eigenwerbung-English-03-664x166.png 664w, https:\/\/packaging-journal.de\/wp-content\/uploads\/2026\/01\/PJ-Eigenwerbung-English-03-688x172.png 688w\" sizes=\"(max-width: 840px) 100vw, 840px\" width=\"840\" height=\"210\"  style=\" max-width: 100%; height: auto;\" \/><!--\/noptimize--><\/a><\/div><\/div>\n<blockquote><p>\u201eEs war klar, dass die gro\u00dfe Masse an G\u00fctern, die aufgrund der Suezkanal-Blockade nun geballt auf europ\u00e4ische H\u00e4fen trifft, nicht zeitnah abtransportiert werden kann. Auch die Kapazit\u00e4ten an Laderaum f\u00fcr den Nachlauf waren von vornherein begrenzt. Wir hatten mit dieser Entwicklung gerechnet und gehen davon aus, dass sich dies in den n\u00e4chsten Wochen weiter auf die Verf\u00fcgbarkeit von Transportkapazit\u00e4ten im europ\u00e4ischen Inland auswirken wird.\u201c <strong>Gunnar Gburek<\/strong>, Company Spokesman von Timocom<\/p><\/blockquote>\n<h2>Timocom Transportbarometer: deutlicher Frachten\u00fcberhang<\/h2>\n<p>Das erste Quartal 2021 \u00fcberstieg laut dem Timocom Transportbarometer bereits den Vorjahreswert um 58 Prozent. W\u00e4hrend dieser Zeit wurden im Vergleich zu Vorjahresquartal <strong>\u00fcber zehn Millionen mehr Frachteingaben<\/strong> get\u00e4tigt. Gerade in Deutschland, Polen und Frankreich entwickelte sich der Binnenverkehr exponentiell, nicht zuletzt aufgrund des ver\u00e4nderten Konsumverhaltens w\u00e4hrend der Pandemie, in der insbesondere in Konsumg\u00fcter, davon viele aus \u00dcbersee, investiert wurde. Aktuell zeige, so Timocom, das Transportbarometer f\u00fcr alle drei Kernm\u00e4rkte die gleiche Tendenz eines deutlichen Frachten\u00fcberhangs gegen\u00fcber verf\u00fcgbarem Laderaum.<\/p>\n[infotext icon]Mit dem <a href=\"https:\/\/www.timocom.de\/services\/transportbarometer\" target=\"_blank\" rel=\"noopener\" data-schema-attribute=\"\">Transportbarometer<\/a> analysiert das FreightTech-Unternehmen Timocom seit 2009 in 46 europ\u00e4ischen L\u00e4ndern die Angebotslage von Fracht- und Laderaumkapazit\u00e4ten auf dem Stra\u00dfen-Transportmarkt. [\/infotext]\n<p><em>Quelle:<\/em> Timocom<\/p><div id=\"packa-1548580818\" class=\"packa-inhalt\"><!--noptimize--><script async src=\"https:\/\/pagead2.googlesyndication.com\/pagead\/js\/adsbygoogle.js?client=ca-pub-2686439340972671\" crossorigin=\"anonymous\"><\/script>\r\n<ins class=\"adsbygoogle\" style=\"display:block;text-align:center\" data-ad-layout=\"in-article\" data-ad-format=\"fluid\" data-ad-client=\"ca-pub-2686439340972671\" data-ad-slot=\"6171251825\"><\/ins>\r\n<script>\r\n     (adsbygoogle = window.adsbygoogle || []).push({});\r\n<\/script><!--\/noptimize--><\/div>\n","protected":false},"excerpt":{"rendered":"Companies in the packaging industry are also complaining about bottlenecks in their supply chains. Timocom, a company specialising in freight technology, is now reporting over one million open truck freight orders.","protected":false},"author":1,"featured_media":44796,"comment_status":"closed","ping_status":"closed","sticky":false,"template":"","format":"standard","meta":{"_acf_changed":false,"__cvm_playback_settings":[],"__cvm_video_id":"","rank_math_description":"Engp\u00e4sse bei den Lieferketten: Das auf Frachttechnologie spezialisierte Unternehmen Timocom meldet \u00fcber eine Million aufgelaufene offene Lkw-Frachtauftr\u00e4ge.","rank_math_focus_keyword":"Timocom","rank_math_title":"","csco_display_header_overlay":false,"csco_singular_sidebar":"","csco_page_header_type":"","csco_page_load_nextpost":"","csco_post_video_location":[],"csco_post_video_location_hash":"","csco_post_video_url":"","csco_post_video_bg_start_time":0,"csco_post_video_bg_end_time":0,"footnotes":"","_links_to":"","_links_to_target":""},"categories":[114],"tags":[43,52,36],"class_list":{"0":"post-44795","1":"post","2":"type-post","3":"status-publish","4":"format-standard","5":"has-post-thumbnail","7":"category-aus-den-unternehmen-news","8":"tag-aus-den-unternehmen","9":"tag-logistik","10":"tag-markt","11":"cs-entry","12":"cs-video-wrap"},"acf":[],"vimeo_video":null,"_links":{"self":[{"href":"https:\/\/packaging-journal.de\/en\/wp-json\/wp\/v2\/posts\/44795","targetHints":{"allow":["GET"]}}],"collection":[{"href":"https:\/\/packaging-journal.de\/en\/wp-json\/wp\/v2\/posts"}],"about":[{"href":"https:\/\/packaging-journal.de\/en\/wp-json\/wp\/v2\/types\/post"}],"author":[{"embeddable":true,"href":"https:\/\/packaging-journal.de\/en\/wp-json\/wp\/v2\/users\/1"}],"replies":[{"embeddable":true,"href":"https:\/\/packaging-journal.de\/en\/wp-json\/wp\/v2\/comments?post=44795"}],"version-history":[{"count":0,"href":"https:\/\/packaging-journal.de\/en\/wp-json\/wp\/v2\/posts\/44795\/revisions"}],"wp:featuredmedia":[{"embeddable":true,"href":"https:\/\/packaging-journal.de\/en\/wp-json\/wp\/v2\/media\/44796"}],"wp:attachment":[{"href":"https:\/\/packaging-journal.de\/en\/wp-json\/wp\/v2\/media?parent=44795"}],"wp:term":[{"taxonomy":"category","embeddable":true,"href":"https:\/\/packaging-journal.de\/en\/wp-json\/wp\/v2\/categories?post=44795"},{"taxonomy":"post_tag","embeddable":true,"href":"https:\/\/packaging-journal.de\/en\/wp-json\/wp\/v2\/tags?post=44795"}],"curies":[{"name":"wp","href":"https:\/\/api.w.org\/{rel}","templated":true}]}}