{"id":45559,"date":"2021-06-23T11:00:19","date_gmt":"2021-06-23T09:00:19","guid":{"rendered":"https:\/\/packaging-journal.de\/?p=45559"},"modified":"2021-06-15T15:03:57","modified_gmt":"2021-06-15T13:03:57","slug":"delivery-failures-due-to-corona","status":"publish","type":"post","link":"https:\/\/packaging-journal.de\/en\/lieferausfaelle-aufgrund-von-corona\/","title":{"rendered":"Delivery failures due to coronavirus: who is liable?"},"content":{"rendered":"<p>Globale Lieferketten sind durch die Covid-19-Pandemie gest\u00f6rt. Zahlreiche Vertr\u00e4ge k\u00f6nnen zum Teil nicht mehr oder nur verz\u00f6gert erf\u00fcllt werden. Bei der Haftungsfrage liegt die Krux allerdings explizit in den Klauseln.<\/p>\n<p>Fehlende Rohstoffe und unterbrochene Lieferketten \u2013 immer mehr Beschaffungsmanager in der Verpackungsindustrie berichten von massiven Engp\u00e4ssen. Insbesondere Papier, Industriemetalle und s\u00e4mtliche Kunststoffe werden knapp. F\u00fcr viele Hersteller von Kartonagen, Folien und Co. hei\u00dft es daher die Produktion zu drosseln und extra Geld zur\u00fcckzulegen. Sei es f\u00fcr zus\u00e4tzliche Material-, Transport- und Logistikkosten oder m\u00f6gliche Schadensersatzforderungen entlang der Lieferkette. <strong>Doch auf wessen Kosten geht die unterbliebene Lieferung?<\/strong> Kann sich ein Lieferant coronabedingt auf Force Majeure berufen?<\/p>\n<h2><strong>Keine Ware erhalten <\/strong><\/h2>\n<p>Verz\u00f6gern sich Lieferungen oder bleiben sie ganz aus, k\u00f6nnen Kosten in Millionenh\u00f6he entstehen. Kein Wunder, dass auf K\u00e4uferseite schnell <strong>Schadensersatzforderungen wegen Nichterf\u00fcllung<\/strong> laut werden. Allerdings gilt es hier zun\u00e4chst zu pr\u00fcfen, ob \u00fcberhaupt ein Schuldnerverzug nach \u00a7 286 BGB vorliegt. Hat der Lieferant die Verz\u00f6gerung zu vertreten oder besteht ein fixes Lieferdatum, das \u00fcberschritten wurde? Gibt es in diesem Zusammenhang vereinbarte Gr\u00fcnde oder Abw\u00e4gungen, die die Verz\u00f6gerung rechtfertigen einen m\u00f6glichen Verzug ausschlie\u00dfen?<\/p><div class=\"packa-in-post-alle\" style=\"text-align: center;\" id=\"packa-526773019\"><div id=\"packa-1260987606\"><a data-no-instant=\"1\" href=\"https:\/\/packaging-journal.de\/en\/newsletter\/\" rel=\"noopener\" class=\"a2t-link\" target=\"_blank\" aria-label=\"PJ Eigenwerbung English 03\"><!--noptimize--><img src=\"https:\/\/packaging-journal.de\/wp-content\/uploads\/2026\/01\/PJ-Eigenwerbung-English-03.png\" alt=\"\"  srcset=\"https:\/\/packaging-journal.de\/wp-content\/uploads\/2026\/01\/PJ-Eigenwerbung-English-03.png 840w, https:\/\/packaging-journal.de\/wp-content\/uploads\/2026\/01\/PJ-Eigenwerbung-English-03-300x75.png 300w, https:\/\/packaging-journal.de\/wp-content\/uploads\/2026\/01\/PJ-Eigenwerbung-English-03-768x192.png 768w, https:\/\/packaging-journal.de\/wp-content\/uploads\/2026\/01\/PJ-Eigenwerbung-English-03-18x5.png 18w, https:\/\/packaging-journal.de\/wp-content\/uploads\/2026\/01\/PJ-Eigenwerbung-English-03-332x83.png 332w, https:\/\/packaging-journal.de\/wp-content\/uploads\/2026\/01\/PJ-Eigenwerbung-English-03-664x166.png 664w, https:\/\/packaging-journal.de\/wp-content\/uploads\/2026\/01\/PJ-Eigenwerbung-English-03-688x172.png 688w\" sizes=\"(max-width: 840px) 100vw, 840px\" width=\"840\" height=\"210\"  style=\" max-width: 100%; height: auto;\" \/><!--\/noptimize--><\/a><\/div><\/div>\n<p>Ist das nicht der Fall, haben K\u00e4ufer <strong>mehrere Optionen<\/strong>. Unter Nachfristsetzung k\u00f6nnen sie vom Vertrag zur\u00fccktreten oder anstelle der nicht gelieferten Ware Schadensersatz fordern. Dar\u00fcber besteht direkt bei Verzugseintritt die M\u00f6glichkeit, auf einen Ausgleich des Verz\u00f6gerungsschadens zu bestehen.<\/p>\n<h2><strong>Gottes Beitrag im Vertragswerk <\/strong><\/h2>\n<p>Um derartige Probleme zu vermeiden, einigen sich K\u00e4ufer und Lieferanten im Idealfall bereits im Kaufvertrag \u00fcber Termine, Fristen, Ma\u00dfnahmen bei Verzug und m\u00f6glicherweise Gr\u00fcnde, die eine Verz\u00f6gerung rechtfertigen. Insbesondere bei <strong>internationalen Vertr\u00e4gen<\/strong> ist es au\u00dferdem ratsam, ausdr\u00fccklich auch Klauseln zu der sogenannten Force Majeure oder den Acts of God aufzunehmen.<\/p><div id=\"packa-3801507709\" class=\"packa-inhalt\"><!--noptimize--><script async src=\"https:\/\/pagead2.googlesyndication.com\/pagead\/js\/adsbygoogle.js?client=ca-pub-2686439340972671\" crossorigin=\"anonymous\"><\/script>\r\n<ins class=\"adsbygoogle\" style=\"display:block;text-align:center\" data-ad-layout=\"in-article\" data-ad-format=\"fluid\" data-ad-client=\"ca-pub-2686439340972671\" data-ad-slot=\"6171251825\"><\/ins>\r\n<script>\r\n     (adsbygoogle = window.adsbygoogle || []).push({});\r\n<\/script><!--\/noptimize--><\/div>\n<p>Wie der Name bereits vermuten l\u00e4sst, verbergen sich dahinter m\u00f6gliche Szenarien, die weder vorhersehbar noch durch \u00e4u\u00dferste zumutbare Sorgfalt verhindert werden konnten. Typischerweise fallen darunter Ereignisse wie Naturkatastrophen, Kriege, politische Unruhen und Epidemien. Starkes Indiz f\u00fcr das Vorliegen von H\u00f6herer Gewalt sind vor allem beh\u00f6rdliche Warnungen und Ma\u00dfnahmen.<\/p>\n<h2>Lieferausf\u00e4lle aufgrund von Corona<\/h2>\n<p>Bei den aktuellen Betriebsschlie\u00dfungen, Quarant\u00e4neverf\u00fcgungen, Reisewarnungen oder auch Grenzschlie\u00dfungen kann also davon ausgegangen werden, dass die<strong> Covid-19-Pandemie unter solche Force-Majeure-Klauseln f\u00e4llt<\/strong>. Berufen sich Lieferanten bei Lieferverz\u00f6gerungen darauf, kann in der Regel mit einer Aufl\u00f6sung des Vertrages und einer Befreiung von allen Leistungspflichten gerechnet werden.<\/p>\n<p>Es kommt jedoch im Einzelfall auf den <strong>genauen Wortlaut im Vertragswerk<\/strong> an. Sollte es ein Lieferant beispielsweise trotz vereinbarter Anzeigepflicht vers\u00e4umen, seine Vertragspartner \u00fcber drohende Verz\u00f6gerungen zu informieren, besteht die M\u00f6glichkeit, dass er sich in einem solchen Fall nicht mehr auf H\u00f6here Gewalt berufen kann.<\/p>\n[infotext icon]Unser Gastautor <strong>Felix Korten<\/strong> ist Rechtsanwalt und Vorstand der <a href=\"http:\/\/www.korten-ag.de\" target=\"_blank\" rel=\"noopener\" data-schema-attribute=\"\">Kanzlei Korten Rechtsanw\u00e4lte AG<\/a> mit Standorten in Hamburg, M\u00fcnchen und G\u00f6ttingen. Dar\u00fcber hinaus verf\u00fcgt er \u00fcber langj\u00e4hrige Erfahrung als Gesch\u00e4ftsf\u00fchrer mehrerer Gesellschaften. 2021 wurde er in den Senat der Wirtschaft berufen.[\/infotext]\n<blockquote class=\"wp-embedded-content\" data-secret=\"nMuDECkwkF\"><p><a href=\"https:\/\/packaging-journal.de\/engpaesse-lieferkette-verpackungen-knapp\/\">Engp\u00e4sse in der Lieferkette: Wenn Verpackungen knapp werden<\/a><\/p><\/blockquote>\n<p><iframe class=\"wp-embedded-content\" sandbox=\"allow-scripts\" security=\"restricted\" style=\"position: absolute; visibility: hidden;\" title=\"&#8222;Engp\u00e4sse in der Lieferkette: Wenn Verpackungen knapp werden&#8220; &#8212; packaging journal\" src=\"https:\/\/packaging-journal.de\/engpaesse-lieferkette-verpackungen-knapp\/embed\/#?secret=PUxkspdjXk#?secret=nMuDECkwkF\" data-secret=\"nMuDECkwkF\" width=\"600\" height=\"338\" frameborder=\"0\" marginwidth=\"0\" marginheight=\"0\" scrolling=\"no\"><\/iframe><\/p>\n","protected":false},"excerpt":{"rendered":"Global supply chains have been disrupted by the Covid-19 pandemic. Numerous contracts can no longer be fulfilled or can only be fulfilled with a delay. However, the crux of the liability issue lies explicitly in the clauses.","protected":false},"author":1,"featured_media":45250,"comment_status":"closed","ping_status":"closed","sticky":false,"template":"","format":"standard","meta":{"_acf_changed":false,"__cvm_playback_settings":[],"__cvm_video_id":"","rank_math_description":"Globale Lieferketten sind durch die Covid-19-Pandemie gest\u00f6rt.  Wer haftet eigentlich, wenn Vertr\u00e4ge nicht bzw. nur verz\u00f6gert erf\u00fcllt werden k\u00f6nnen?","rank_math_focus_keyword":"Lieferausf\u00e4lle aufgrund von Corona","rank_math_title":"","csco_display_header_overlay":false,"csco_singular_sidebar":"","csco_page_header_type":"","csco_page_load_nextpost":"","csco_post_video_location":[],"csco_post_video_location_hash":"","csco_post_video_url":"","csco_post_video_bg_start_time":0,"csco_post_video_bg_end_time":0,"footnotes":"","_links_to":"","_links_to_target":""},"categories":[28,114],"tags":[43,36],"class_list":{"0":"post-45559","1":"post","2":"type-post","3":"status-publish","4":"format-standard","5":"has-post-thumbnail","7":"category-aus-dem-magazin","8":"category-aus-den-unternehmen-news","9":"tag-aus-den-unternehmen","10":"tag-markt","11":"cs-entry","12":"cs-video-wrap"},"acf":[],"vimeo_video":null,"_links":{"self":[{"href":"https:\/\/packaging-journal.de\/en\/wp-json\/wp\/v2\/posts\/45559","targetHints":{"allow":["GET"]}}],"collection":[{"href":"https:\/\/packaging-journal.de\/en\/wp-json\/wp\/v2\/posts"}],"about":[{"href":"https:\/\/packaging-journal.de\/en\/wp-json\/wp\/v2\/types\/post"}],"author":[{"embeddable":true,"href":"https:\/\/packaging-journal.de\/en\/wp-json\/wp\/v2\/users\/1"}],"replies":[{"embeddable":true,"href":"https:\/\/packaging-journal.de\/en\/wp-json\/wp\/v2\/comments?post=45559"}],"version-history":[{"count":0,"href":"https:\/\/packaging-journal.de\/en\/wp-json\/wp\/v2\/posts\/45559\/revisions"}],"wp:featuredmedia":[{"embeddable":true,"href":"https:\/\/packaging-journal.de\/en\/wp-json\/wp\/v2\/media\/45250"}],"wp:attachment":[{"href":"https:\/\/packaging-journal.de\/en\/wp-json\/wp\/v2\/media?parent=45559"}],"wp:term":[{"taxonomy":"category","embeddable":true,"href":"https:\/\/packaging-journal.de\/en\/wp-json\/wp\/v2\/categories?post=45559"},{"taxonomy":"post_tag","embeddable":true,"href":"https:\/\/packaging-journal.de\/en\/wp-json\/wp\/v2\/tags?post=45559"}],"curies":[{"name":"wp","href":"https:\/\/api.w.org\/{rel}","templated":true}]}}