{"id":45663,"date":"2021-06-17T12:00:42","date_gmt":"2021-06-17T10:00:42","guid":{"rendered":"https:\/\/packaging-journal.de\/?p=45663"},"modified":"2021-06-15T14:29:08","modified_gmt":"2021-06-15T12:29:08","slug":"if-design-awards-2021-presented","status":"publish","type":"post","link":"https:\/\/packaging-journal.de\/en\/if-design-awards-2021-verliehen\/","title":{"rendered":"New design ideas honoured with the iF Design Awards 2021"},"content":{"rendered":"<p>Zum 67. Mal wurden Mitte Mai die iF Design Awards verliehen. F\u00fcr die Preisverleihung hatten renommierte Designmuseen auf der ganzen Welt ihre R\u00e4ume als digitale B\u00fchne zur Verf\u00fcgung gestellt. Ausgezeichnet wurden au\u00dferdem wieder zahlreiche Kosmetikverpackungen. Wir zeigen Ihnen hier einige pr\u00e4mierte L\u00f6sungen.<\/p>\n<p>Mit fast 10.000 angemeldeten Produkten und Projekten, die von 98 internationalen Designexperten in der iF Jury bewertet wurden, war 2021 ein Jahr der Rekorde. 1.744 Designer, Agenturen und Unternehmen aus 44 Nationen erhielten f\u00fcr ihre kreativen Leistungen den iF Design Award 2021. Die 75 herausragendsten Arbeiten wurden mit der h\u00f6chsten Auszeichnung geehrt, dem iF gold award 2021.<\/p>\n<h2>Gold Award f\u00fcr nachf\u00fcllbaren Cremetiegel<\/h2>\n<p>Auch 2021 waren viele nachhaltige Verpackungsl\u00f6sungen unter den Einreichungen. So gab es einen iF Design Award Gold f\u00fcr das niederl\u00e4ndische Konzept <a href=\"https:\/\/fasten.nl\/\" target=\"_blank\" rel=\"noopener\" data-schema-attribute=\"\">Fasten<\/a>. Der nachf\u00fcllbare Refill-Reuse-Repeat-Cremetiegel besteht aus recyceltem Polypropylen-Monomaterial und spart 70 Prozent Kunststoff im Vergleich zu einem Standard-Cremetiegel ein. Durch die <strong>Gewichtsreduzierung im Design und die Stapelbarkeit der Nachf\u00fclleinheiten<\/strong> kann auch der CO<sub>2<\/sub>-Aussto\u00df beim Transport reduziert werden. Zudem wird hier <strong>Tinte durch Pr\u00e4gung ersetzt<\/strong> und der Umkarton gefaltet statt geklebt. Die Jury meinte dazu: \u201eDieser intelligente und innovative Cremetiegel ist der Inbegriff f\u00fcr nachhaltiges Verpackungsdesign in seiner Kategorie. Durch die ausschlie\u00dfliche Verwendung von recyceltem Polypropylen und die Reduzierung von unn\u00f6tigem Material ist die Verpackung noch umweltfreundlicher geworden. Die sinnvolle Wahl f\u00fcr zuk\u00fcnftige Generationen.\u201c<\/p><div class=\"packa-in-post-alle\" style=\"text-align: center;\" id=\"packa-69347231\"><div id=\"packa-2323767356\"><a data-no-instant=\"1\" href=\"https:\/\/packaging-journal.de\/en\/newsletter\/\" rel=\"noopener\" class=\"a2t-link\" target=\"_blank\" aria-label=\"PJ Eigenwerbung English 03\"><!--noptimize--><img src=\"https:\/\/packaging-journal.de\/wp-content\/uploads\/2026\/01\/PJ-Eigenwerbung-English-03.png\" alt=\"\"  srcset=\"https:\/\/packaging-journal.de\/wp-content\/uploads\/2026\/01\/PJ-Eigenwerbung-English-03.png 840w, https:\/\/packaging-journal.de\/wp-content\/uploads\/2026\/01\/PJ-Eigenwerbung-English-03-300x75.png 300w, https:\/\/packaging-journal.de\/wp-content\/uploads\/2026\/01\/PJ-Eigenwerbung-English-03-768x192.png 768w, https:\/\/packaging-journal.de\/wp-content\/uploads\/2026\/01\/PJ-Eigenwerbung-English-03-18x5.png 18w, https:\/\/packaging-journal.de\/wp-content\/uploads\/2026\/01\/PJ-Eigenwerbung-English-03-332x83.png 332w, https:\/\/packaging-journal.de\/wp-content\/uploads\/2026\/01\/PJ-Eigenwerbung-English-03-664x166.png 664w, https:\/\/packaging-journal.de\/wp-content\/uploads\/2026\/01\/PJ-Eigenwerbung-English-03-688x172.png 688w\" sizes=\"(max-width: 840px) 100vw, 840px\" width=\"840\" height=\"210\"  style=\" max-width: 100%; height: auto;\" \/><!--\/noptimize--><\/a><\/div><\/div>\n<h2>Flexible Silikont\u00fclle<\/h2>\n<figure id=\"attachment_45670\" aria-describedby=\"caption-attachment-45670\" style=\"width: 1024px\" class=\"wp-caption aligncenter\"><img fetchpriority=\"high\" decoding=\"async\" class=\"wp-image-45670 size-large\" src=\"https:\/\/packaging-journal.de\/wp-content\/uploads\/2021\/06\/if-softtip-creamtube2-1024x768.jpg\" alt=\"if design awards\" width=\"1024\" height=\"768\" srcset=\"https:\/\/packaging-journal.de\/wp-content\/uploads\/2021\/06\/if-softtip-creamtube2-1024x768.jpg 1024w, https:\/\/packaging-journal.de\/wp-content\/uploads\/2021\/06\/if-softtip-creamtube2-300x225.jpg 300w, https:\/\/packaging-journal.de\/wp-content\/uploads\/2021\/06\/if-softtip-creamtube2-768x576.jpg 768w, https:\/\/packaging-journal.de\/wp-content\/uploads\/2021\/06\/if-softtip-creamtube2-1536x1152.jpg 1536w, https:\/\/packaging-journal.de\/wp-content\/uploads\/2021\/06\/if-softtip-creamtube2-1320x990.jpg 1320w, https:\/\/packaging-journal.de\/wp-content\/uploads\/2021\/06\/if-softtip-creamtube2-600x450.jpg 600w, https:\/\/packaging-journal.de\/wp-content\/uploads\/2021\/06\/if-softtip-creamtube2.jpg 2000w\" sizes=\"(max-width: 1024px) 100vw, 1024px\" \/><figcaption id=\"caption-attachment-45670\" class=\"wp-caption-text\">(Bild: Kolmar Korea)<\/figcaption><\/figure>\n<p>In der Kategorie Non-branded-packaging konnte eine <a href=\"http:\/\/www.kolmarpharm.co.kr\" target=\"_blank\" rel=\"noopener\" data-schema-attribute=\"\">Tube f\u00fcr Augencreme<\/a> punkten, die dank einer flexiblen Silikont\u00fclle Kosmetikprodukte besonders schonend direkt auf das Gesicht oder die Haut um die Augen herum auftr\u00e4gt. Die Tube nutzt eine sogenannte Bi-Injektions-Technologie an der D\u00fcse, die direkt die Haut ber\u00fchrt, um die Augencreme sanft, aber ohne das f\u00fcr Standard-Kosmetiktuben typische harte Plastikgef\u00fchl aufzutragen.<\/p>\n<h2>Asymmetrische Lippenstifth\u00fclse<\/h2>\n<figure id=\"attachment_45682\" aria-describedby=\"caption-attachment-45682\" style=\"width: 1024px\" class=\"wp-caption aligncenter\"><img decoding=\"async\" class=\"wp-image-45682 size-large\" src=\"https:\/\/packaging-journal.de\/wp-content\/uploads\/2021\/06\/if-artclass-lip-velour-1024x768.jpg\" alt=\"\" width=\"1024\" height=\"768\" srcset=\"https:\/\/packaging-journal.de\/wp-content\/uploads\/2021\/06\/if-artclass-lip-velour-1024x768.jpg 1024w, https:\/\/packaging-journal.de\/wp-content\/uploads\/2021\/06\/if-artclass-lip-velour-300x225.jpg 300w, https:\/\/packaging-journal.de\/wp-content\/uploads\/2021\/06\/if-artclass-lip-velour-768x576.jpg 768w, https:\/\/packaging-journal.de\/wp-content\/uploads\/2021\/06\/if-artclass-lip-velour-1536x1152.jpg 1536w, https:\/\/packaging-journal.de\/wp-content\/uploads\/2021\/06\/if-artclass-lip-velour-1320x990.jpg 1320w, https:\/\/packaging-journal.de\/wp-content\/uploads\/2021\/06\/if-artclass-lip-velour-600x450.jpg 600w, https:\/\/packaging-journal.de\/wp-content\/uploads\/2021\/06\/if-artclass-lip-velour.jpg 2000w\" sizes=\"(max-width: 1024px) 100vw, 1024px\" \/><figcaption id=\"caption-attachment-45682\" class=\"wp-caption-text\">(Bild: Too cool for school)<\/figcaption><\/figure>\n<p>Der \u201eArtclass Lip Velour\u201c von<a href=\"http:\/\/www.toocoolforschool.com\" target=\"_blank\" rel=\"noopener\" data-schema-attribute=\"\"> Too cool for school<\/a> (S\u00fcdkorea) wurde von dem franz\u00f6sischen Bildhauer Auguste Rodin (1840\u20131917) inspiriert. Die Verpackung zeigt eine asymmetrische Lippenstifth\u00fclse, die wirkt, als w\u00e4re sie aus Ton geformt. Die unregelm\u00e4\u00dfige Oberfl\u00e4che erzeugt ein Spiel aus Licht und Schatten, sodass der Beh\u00e4lter in jedem Winkel seine Form zu ver\u00e4ndern scheint. Dieser unregelm\u00e4\u00dfige Schnitt verbessert zudem die Griffigkeit und l\u00e4sst sich im Vergleich zu herk\u00f6mmlichen zylindrischen H\u00fcllen leichter \u00f6ffnen und schlie\u00dfen. Das charakteristische Logo der Marke ist auf der Oberseite des Lippenstifts eingraviert und so gestaltet, dass es nahtlos mit der glatten Textur und dem matten Finish des Produkts verschmilzt.<\/p><div id=\"packa-3052292054\" class=\"packa-inhalt\"><!--noptimize--><script async src=\"https:\/\/pagead2.googlesyndication.com\/pagead\/js\/adsbygoogle.js?client=ca-pub-2686439340972671\" crossorigin=\"anonymous\"><\/script>\r\n<ins class=\"adsbygoogle\" style=\"display:block;text-align:center\" data-ad-layout=\"in-article\" data-ad-format=\"fluid\" data-ad-client=\"ca-pub-2686439340972671\" data-ad-slot=\"6171251825\"><\/ins>\r\n<script>\r\n     (adsbygoogle = window.adsbygoogle || []).push({});\r\n<\/script><!--\/noptimize--><\/div>\n<h2>Abfallfreies Seifensystem<\/h2>\n<figure id=\"attachment_45677\" aria-describedby=\"caption-attachment-45677\" style=\"width: 1024px\" class=\"wp-caption aligncenter\"><img decoding=\"async\" class=\"wp-image-45677 size-large\" src=\"https:\/\/packaging-journal.de\/wp-content\/uploads\/2021\/06\/if-petal-1024x683.jpg\" alt=\"\" width=\"1024\" height=\"683\" srcset=\"https:\/\/packaging-journal.de\/wp-content\/uploads\/2021\/06\/if-petal-1024x683.jpg 1024w, https:\/\/packaging-journal.de\/wp-content\/uploads\/2021\/06\/if-petal-300x200.jpg 300w, https:\/\/packaging-journal.de\/wp-content\/uploads\/2021\/06\/if-petal-768x512.jpg 768w, https:\/\/packaging-journal.de\/wp-content\/uploads\/2021\/06\/if-petal-1536x1024.jpg 1536w, https:\/\/packaging-journal.de\/wp-content\/uploads\/2021\/06\/if-petal-2048x1366.jpg 2048w, https:\/\/packaging-journal.de\/wp-content\/uploads\/2021\/06\/if-petal-1320x880.jpg 1320w, https:\/\/packaging-journal.de\/wp-content\/uploads\/2021\/06\/if-petal-600x400.jpg 600w, https:\/\/packaging-journal.de\/wp-content\/uploads\/2021\/06\/if-petal.jpg 2250w\" sizes=\"(max-width: 1024px) 100vw, 1024px\" \/><figcaption id=\"caption-attachment-45677\" class=\"wp-caption-text\">(Bild: Trivium Packaging USA)<\/figcaption><\/figure>\n<p><a href=\"http:\/\/www.withpetal.com\" target=\"_blank\" rel=\"noopener\" data-schema-attribute=\"\">Petal<\/a> ist ein abfallfreies Handseifensystem. Nachf\u00fcllungen werden in zylindrischen Dosen direkt an den Kunden geliefert, der sie mit Wasser mischt und in einer Flasche aus 100 Prozent recycelbarem, leichtem Aluminium abf\u00fcllt. Die Dosierpumpe besteht aus recycelten Post-Consumer-Kunststoffen. Das Design von Trivium Packaging USA will die Abh\u00e4ngigkeit von Einwegkunststoffen und den CO<sub>2<\/sub>-Fu\u00dfabdruck verringern.<\/p>\n<h2>Nachf\u00fcllbares Deo<\/h2>\n<figure id=\"attachment_45678\" aria-describedby=\"caption-attachment-45678\" style=\"width: 1024px\" class=\"wp-caption aligncenter\"><img loading=\"lazy\" decoding=\"async\" class=\"wp-image-45678 size-large\" src=\"https:\/\/packaging-journal.de\/wp-content\/uploads\/2021\/06\/if-dove-1024x576.jpg\" alt=\"\" width=\"1024\" height=\"576\" srcset=\"https:\/\/packaging-journal.de\/wp-content\/uploads\/2021\/06\/if-dove-1024x576.jpg 1024w, https:\/\/packaging-journal.de\/wp-content\/uploads\/2021\/06\/if-dove-300x169.jpg 300w, https:\/\/packaging-journal.de\/wp-content\/uploads\/2021\/06\/if-dove-768x432.jpg 768w, https:\/\/packaging-journal.de\/wp-content\/uploads\/2021\/06\/if-dove-1536x865.jpg 1536w, https:\/\/packaging-journal.de\/wp-content\/uploads\/2021\/06\/if-dove-2048x1153.jpg 2048w, https:\/\/packaging-journal.de\/wp-content\/uploads\/2021\/06\/if-dove-813x457.jpg 813w, https:\/\/packaging-journal.de\/wp-content\/uploads\/2021\/06\/if-dove-180x101.jpg 180w, https:\/\/packaging-journal.de\/wp-content\/uploads\/2021\/06\/if-dove-260x146.jpg 260w, https:\/\/packaging-journal.de\/wp-content\/uploads\/2021\/06\/if-dove-373x210.jpg 373w, https:\/\/packaging-journal.de\/wp-content\/uploads\/2021\/06\/if-dove-120x67.jpg 120w, https:\/\/packaging-journal.de\/wp-content\/uploads\/2021\/06\/if-dove-1320x743.jpg 1320w, https:\/\/packaging-journal.de\/wp-content\/uploads\/2021\/06\/if-dove-600x338.jpg 600w, https:\/\/packaging-journal.de\/wp-content\/uploads\/2021\/06\/if-dove-scaled.jpg 2560w\" sizes=\"(max-width: 1024px) 100vw, 1024px\" \/><figcaption id=\"caption-attachment-45678\" class=\"wp-caption-text\">(Bild: Unilever)<\/figcaption><\/figure>\n<p>Die niederl\u00e4ndische Agentur VanBerlo Agency hat f\u00fcr <a href=\"http:\/\/www.unilever.com\" target=\"_blank\" rel=\"noopener\" data-schema-attribute=\"\">Unilever<\/a> das Design f\u00fcr ein nachf\u00fcllbares Deodorant von Dove entwickelt. Es besteht aus einem minimalistischen Edelstahlgeh\u00e4use mit einer polierten Oberfl\u00e4che. Die nachf\u00fcllbaren Deo-Sticks werden in den Sockel gesteckt und gedreht, bis sie einrasten. Diese Nachf\u00fcllverpackung soll den Einsatz von Plastik um 54 Prozent im Vergleich zu aktuellen Verpackungen reduzieren.<\/p>\n<h2>Vom Eierkarton inspiriert<\/h2>\n<figure id=\"attachment_45679\" aria-describedby=\"caption-attachment-45679\" style=\"width: 1024px\" class=\"wp-caption aligncenter\"><img loading=\"lazy\" decoding=\"async\" class=\"wp-image-45679 size-large\" src=\"https:\/\/packaging-journal.de\/wp-content\/uploads\/2021\/06\/if-polaris-1024x724.jpg\" alt=\"\" width=\"1024\" height=\"724\" srcset=\"https:\/\/packaging-journal.de\/wp-content\/uploads\/2021\/06\/if-polaris-1024x724.jpg 1024w, https:\/\/packaging-journal.de\/wp-content\/uploads\/2021\/06\/if-polaris-300x212.jpg 300w, https:\/\/packaging-journal.de\/wp-content\/uploads\/2021\/06\/if-polaris-768x543.jpg 768w, https:\/\/packaging-journal.de\/wp-content\/uploads\/2021\/06\/if-polaris-1536x1086.jpg 1536w, https:\/\/packaging-journal.de\/wp-content\/uploads\/2021\/06\/if-polaris-2048x1448.jpg 2048w, https:\/\/packaging-journal.de\/wp-content\/uploads\/2021\/06\/if-polaris-1320x933.jpg 1320w, https:\/\/packaging-journal.de\/wp-content\/uploads\/2021\/06\/if-polaris-600x424.jpg 600w, https:\/\/packaging-journal.de\/wp-content\/uploads\/2021\/06\/if-polaris.jpg 2172w\" sizes=\"(max-width: 1024px) 100vw, 1024px\" \/><figcaption id=\"caption-attachment-45679\" class=\"wp-caption-text\">(Bild: Shenzhen Baixinglong Creative Packaging)<\/figcaption><\/figure>\n<p>Dieses <a href=\"http:\/\/www.szbxlpackaging.com\" target=\"_blank\" rel=\"noopener\" data-schema-attribute=\"\">Verpackungsdesign<\/a> f\u00fcr eine fl\u00fcssige Hautgrundierung wurde vom klassischen Eierkarton inspiriert. Auch die Produktfl\u00e4schchen sind eif\u00f6rmig und teilweise transparent, sodass Benutzer zwischen den verschiedenen Produktfarben unterscheiden k\u00f6nnen. Die Umverpackung besteht aus nachhaltigem Material, um die nat\u00fcrlichen Inhaltsstoffe der Formulierungen hervorzuheben.<\/p>\n<h2>Recyceltes Holz<\/h2>\n<figure id=\"attachment_45680\" aria-describedby=\"caption-attachment-45680\" style=\"width: 683px\" class=\"wp-caption aligncenter\"><img loading=\"lazy\" decoding=\"async\" class=\"wp-image-45680 size-large\" src=\"https:\/\/packaging-journal.de\/wp-content\/uploads\/2021\/06\/if-baum2-683x1024.jpg\" alt=\"\" width=\"683\" height=\"1024\" srcset=\"https:\/\/packaging-journal.de\/wp-content\/uploads\/2021\/06\/if-baum2-683x1024.jpg 683w, https:\/\/packaging-journal.de\/wp-content\/uploads\/2021\/06\/if-baum2-200x300.jpg 200w, https:\/\/packaging-journal.de\/wp-content\/uploads\/2021\/06\/if-baum2-768x1152.jpg 768w, https:\/\/packaging-journal.de\/wp-content\/uploads\/2021\/06\/if-baum2-1024x1536.jpg 1024w, https:\/\/packaging-journal.de\/wp-content\/uploads\/2021\/06\/if-baum2-1365x2048.jpg 1365w, https:\/\/packaging-journal.de\/wp-content\/uploads\/2021\/06\/if-baum2-1320x1980.jpg 1320w, https:\/\/packaging-journal.de\/wp-content\/uploads\/2021\/06\/if-baum2-600x900.jpg 600w, https:\/\/packaging-journal.de\/wp-content\/uploads\/2021\/06\/if-baum2.jpg 1000w\" sizes=\"(max-width: 683px) 100vw, 683px\" \/><figcaption id=\"caption-attachment-45680\" class=\"wp-caption-text\">(Bild: Shiseido Co., Ldt.)<\/figcaption><\/figure>\n<p>Das Design der japanischen \u201eBaum Forest&#8220;-Verpackungslinie verwendet recycelte Holzreste aus der M\u00f6belherstellung. Hochwertiges Eichenholz wird dabei so umgestaltet, dass es eine neue Aufgabe als Kosmetikverpackung \u00fcbernehmen kann. Die nachf\u00fcllbaren Produktflaschen werden entweder aus biobasiertem PET oder aus recyceltem Glas hergestellt. Die <a href=\"http:\/\/www.shiseido.de\" target=\"_blank\" rel=\"noopener\" data-schema-attribute=\"\">Marke<\/a> will sich auch f\u00fcr den Schutz der W\u00e4lder engagieren, indem sie Eichen pflanzt. Die erste Pflanzung ist f\u00fcr dieses Jahr geplant.<\/p>\n<h2>Verpackung in Avocadoform<\/h2>\n<figure id=\"attachment_45681\" aria-describedby=\"caption-attachment-45681\" style=\"width: 1024px\" class=\"wp-caption aligncenter\"><img loading=\"lazy\" decoding=\"async\" class=\"wp-image-45681 size-large\" src=\"https:\/\/packaging-journal.de\/wp-content\/uploads\/2021\/06\/if-avocado2-1024x683.jpg\" alt=\"\" width=\"1024\" height=\"683\" srcset=\"https:\/\/packaging-journal.de\/wp-content\/uploads\/2021\/06\/if-avocado2-1024x683.jpg 1024w, https:\/\/packaging-journal.de\/wp-content\/uploads\/2021\/06\/if-avocado2-300x200.jpg 300w, https:\/\/packaging-journal.de\/wp-content\/uploads\/2021\/06\/if-avocado2-768x512.jpg 768w, https:\/\/packaging-journal.de\/wp-content\/uploads\/2021\/06\/if-avocado2-1536x1024.jpg 1536w, https:\/\/packaging-journal.de\/wp-content\/uploads\/2021\/06\/if-avocado2-2048x1366.jpg 2048w, https:\/\/packaging-journal.de\/wp-content\/uploads\/2021\/06\/if-avocado2-1320x880.jpg 1320w, https:\/\/packaging-journal.de\/wp-content\/uploads\/2021\/06\/if-avocado2-600x400.jpg 600w, https:\/\/packaging-journal.de\/wp-content\/uploads\/2021\/06\/if-avocado2.jpg 2250w\" sizes=\"(max-width: 1024px) 100vw, 1024px\" \/><figcaption id=\"caption-attachment-45681\" class=\"wp-caption-text\">(Bild: Polyvoly Technology (Wuhan) Co., Ltd)<\/figcaption><\/figure>\n<p>Im Bereich Haarpflege \u00fcberzeugte das Design eines Avocado-Pflegeprodukts aus China die Jury. Die Verpackung greift mit einer vereinfachten Darstellung die Form der Frucht auf, die auch in den einzelnen Verpackungselementen \u2013 runde und avocadof\u00f6rmige N\u00e4pfe \u2013 verwendet wird. Die Box selber kann flach zusammengefaltet werden.<\/p>\n<h2>K\u00f6rnige Textur durch Kokos<\/h2>\n<figure id=\"attachment_45683\" aria-describedby=\"caption-attachment-45683\" style=\"width: 969px\" class=\"wp-caption aligncenter\"><img loading=\"lazy\" decoding=\"async\" class=\"wp-image-45683 size-large\" src=\"https:\/\/packaging-journal.de\/wp-content\/uploads\/2021\/06\/if-innisfree-restay2-969x1024.jpg\" alt=\"\" width=\"969\" height=\"1024\" srcset=\"https:\/\/packaging-journal.de\/wp-content\/uploads\/2021\/06\/if-innisfree-restay2-969x1024.jpg 969w, https:\/\/packaging-journal.de\/wp-content\/uploads\/2021\/06\/if-innisfree-restay2-284x300.jpg 284w, https:\/\/packaging-journal.de\/wp-content\/uploads\/2021\/06\/if-innisfree-restay2-768x812.jpg 768w, https:\/\/packaging-journal.de\/wp-content\/uploads\/2021\/06\/if-innisfree-restay2-1454x1536.jpg 1454w, https:\/\/packaging-journal.de\/wp-content\/uploads\/2021\/06\/if-innisfree-restay2-1320x1395.jpg 1320w, https:\/\/packaging-journal.de\/wp-content\/uploads\/2021\/06\/if-innisfree-restay2-600x634.jpg 600w, https:\/\/packaging-journal.de\/wp-content\/uploads\/2021\/06\/if-innisfree-restay2.jpg 1420w\" sizes=\"(max-width: 969px) 100vw, 969px\" \/><figcaption id=\"caption-attachment-45683\" class=\"wp-caption-text\">(Bild: Innisfree)<\/figcaption><\/figure>\n<p>Die kosmetischen Formulierungen der Marke Re-stay von <a href=\"http:\/\/www.innisfree.com\" target=\"_blank\" rel=\"noopener\" data-schema-attribute=\"\">Innisfree<\/a> sind in Nachf\u00fcllpackungen erh\u00e4ltlich. Der \u201eRe-spenser\u201c-Spender wurde so konzipiert, dass er leicht nachgef\u00fcllt werden kann. Der Keramikbeh\u00e4lter besteht aus einem neuen Material, Kokosnussschalen (5\u00a0%) und Mineralien (25\u00a0%) und zeichnet sich durch eine nat\u00fcrliche, k\u00f6rnige Textur aus. Der Einsatz von Plastik konnte damit um 30 Prozent reduziert werden. F\u00fcr die Form des Spenders lie\u00df sich der Naturkosmetikhersteller von den Kurven des koreanischen Porzellans und der Sch\u00f6nheit der Leere inspirieren.<\/p>\n<h2>Dosierkappe aus Rezyklat<\/h2>\n<figure id=\"attachment_45684\" aria-describedby=\"caption-attachment-45684\" style=\"width: 1024px\" class=\"wp-caption aligncenter\"><img loading=\"lazy\" decoding=\"async\" class=\"wp-image-45684 size-large\" src=\"https:\/\/packaging-journal.de\/wp-content\/uploads\/2021\/06\/if-ecover-1024x1024.jpg\" alt=\"\" width=\"1024\" height=\"1024\" srcset=\"https:\/\/packaging-journal.de\/wp-content\/uploads\/2021\/06\/if-ecover-1024x1024.jpg 1024w, https:\/\/packaging-journal.de\/wp-content\/uploads\/2021\/06\/if-ecover-300x300.jpg 300w, https:\/\/packaging-journal.de\/wp-content\/uploads\/2021\/06\/if-ecover-150x150.jpg 150w, https:\/\/packaging-journal.de\/wp-content\/uploads\/2021\/06\/if-ecover-768x768.jpg 768w, https:\/\/packaging-journal.de\/wp-content\/uploads\/2021\/06\/if-ecover-500x500.jpg 500w, https:\/\/packaging-journal.de\/wp-content\/uploads\/2021\/06\/if-ecover.jpg 1536w, https:\/\/packaging-journal.de\/wp-content\/uploads\/2021\/06\/if-ecover-1320x1320.jpg 1320w, https:\/\/packaging-journal.de\/wp-content\/uploads\/2021\/06\/if-ecover-600x600.jpg 600w, https:\/\/packaging-journal.de\/wp-content\/uploads\/2021\/06\/if-ecover-100x100.jpg 100w\" sizes=\"(max-width: 1024px) 100vw, 1024px\" \/><figcaption id=\"caption-attachment-45684\" class=\"wp-caption-text\">(Bild: Ecover)<\/figcaption><\/figure>\n<p>Aus 100 Prozent post-consumer-recyceltem PET wird die Flasche des belgischen Herstellers von umweltfreundlichen Reinigern, <a href=\"http:\/\/www.ecover.com\" target=\"_blank\" rel=\"noopener\" data-schema-attribute=\"\">Ecover<\/a>, produziert. Sie besitzt eine einteilige Dosierkappe, die je zur H\u00e4lfte aus postindustriellem und Post-consumer-Polypropylen besteht. Die Flasche ist einfach nachzuf\u00fcllen und wiederzuverwenden und am Ende einfach zu recyceln.<\/p>\n<p>&nbsp;<\/p>\n[infotext icon]Weil die internationale <a href=\"http:\/\/www.ifworlddesignguide.com\" target=\"_blank\" rel=\"noopener\" data-schema-attribute=\"\">Preisverleihung<\/a> in Berlin pandemiebedingt zum zweiten Mal ausfallen musste, wurden die pr\u00e4mierten Produkte und Projekte in Kooperation mit renommierten Designmuseen f\u00fcr 24 Stunden digital gefeiert. Das Vitra Design Museum (Deutschland), The Design Museum London (Gro\u00dfbritannien), YANG Design Museum (Schanghai), das Design Museum Everywhere (USA), das Designmuseum Danmark (D\u00e4nemark), das MAK \u2013 Museum f\u00fcr angewandte Kunst (\u00d6sterreich) und das Design Museum Den Bosch (Niederlande) bildeten die digitale B\u00fchne. Neben der Pr\u00e4senz auf den Websites der Designmuseen stellen internationale und nationale Designplattformen aus den USA, Deutschland, China, Taiwan, Japan, Korea und Spanien die pr\u00e4mierten Designs im Rahmen von Medienkooperationen in den n\u00e4chsten sechs Monaten vor.[\/infotext]\n<p>&nbsp;<\/p>\n<p>&nbsp;<\/p>\n","protected":false},"excerpt":{"rendered":"The iF Design Awards were presented for the 67th time in mid-May. Renowned design museums around the world made their rooms available as a digital stage for the awards ceremony. Once again, numerous cosmetic packaging products were honoured. We show you some of the award-winning solutions here.","protected":false},"author":20,"featured_media":45665,"comment_status":"closed","ping_status":"closed","sticky":false,"template":"","format":"standard","meta":{"_acf_changed":false,"__cvm_playback_settings":[],"__cvm_video_id":"","rank_math_description":"Mitte Mai wurden die iF Design Awards 2021 verliehen. Ausgezeichnet wurden auch wieder zahlreiche Kosmetikverpackungen. Wir zeigen einige pr\u00e4mierte L\u00f6sungen.","rank_math_focus_keyword":"iF Design Awards 2021","rank_math_title":"","csco_display_header_overlay":false,"csco_singular_sidebar":"","csco_page_header_type":"","csco_page_load_nextpost":"","csco_post_video_location":[],"csco_post_video_location_hash":"","csco_post_video_url":"","csco_post_video_bg_start_time":0,"csco_post_video_bg_end_time":0,"footnotes":"","_links_to":"","_links_to_target":""},"categories":[28,7],"tags":[59161,46,40,35],"class_list":{"0":"post-45663","1":"post","2":"type-post","3":"status-publish","4":"format-standard","5":"has-post-thumbnail","7":"category-aus-dem-magazin","8":"category-messen-und-veranstaltungen","9":"tag-if-design-awards-2021","10":"tag-marketing-und-design","11":"tag-pharma-kosmetik-chemie","12":"tag-praemiert","13":"cs-entry","14":"cs-video-wrap"},"acf":[],"vimeo_video":null,"_links":{"self":[{"href":"https:\/\/packaging-journal.de\/en\/wp-json\/wp\/v2\/posts\/45663","targetHints":{"allow":["GET"]}}],"collection":[{"href":"https:\/\/packaging-journal.de\/en\/wp-json\/wp\/v2\/posts"}],"about":[{"href":"https:\/\/packaging-journal.de\/en\/wp-json\/wp\/v2\/types\/post"}],"author":[{"embeddable":true,"href":"https:\/\/packaging-journal.de\/en\/wp-json\/wp\/v2\/users\/20"}],"replies":[{"embeddable":true,"href":"https:\/\/packaging-journal.de\/en\/wp-json\/wp\/v2\/comments?post=45663"}],"version-history":[{"count":0,"href":"https:\/\/packaging-journal.de\/en\/wp-json\/wp\/v2\/posts\/45663\/revisions"}],"wp:featuredmedia":[{"embeddable":true,"href":"https:\/\/packaging-journal.de\/en\/wp-json\/wp\/v2\/media\/45665"}],"wp:attachment":[{"href":"https:\/\/packaging-journal.de\/en\/wp-json\/wp\/v2\/media?parent=45663"}],"wp:term":[{"taxonomy":"category","embeddable":true,"href":"https:\/\/packaging-journal.de\/en\/wp-json\/wp\/v2\/categories?post=45663"},{"taxonomy":"post_tag","embeddable":true,"href":"https:\/\/packaging-journal.de\/en\/wp-json\/wp\/v2\/tags?post=45663"}],"curies":[{"name":"wp","href":"https:\/\/api.w.org\/{rel}","templated":true}]}}