{"id":46009,"date":"2021-06-28T14:02:14","date_gmt":"2021-06-28T12:02:14","guid":{"rendered":"https:\/\/packaging-journal.de\/?p=46009"},"modified":"2021-07-28T10:50:10","modified_gmt":"2021-07-28T08:50:10","slug":"werner-mertz-and-alpla-expand-cooperation","status":"publish","type":"post","link":"https:\/\/packaging-journal.de\/en\/werner-mertz-und-alpla-bauen-kooperation-aus\/","title":{"rendered":"Werner &amp; Mertz and Alpla expand cooperation"},"content":{"rendered":"<p>Werner &amp; Mertz und Alpla treiben bereits gemeinsam die Aufbereitung und Wiederverwertung von Rezyklat aus dem Gelben Sack voran, nun soll die gemeinsame Kooperation noch weiter ausgebaut werden. Dazu trafen sich der langj\u00e4hrige Alpla CEO G\u00fcnther Lehner und sein Sohn, der neue CEO Philipp Lehner mit Werner &amp; Mertz-Inhaber Reinhard Schneider am Standort in Mainz.<\/p>\n<p>Im Januar hat Philipp Lehner den CEO-Posten bei Alpla von seinem Vater G\u00fcnther Lehner \u00fcbernommen und besucht nun mit ihm gemeinsam die wichtigsten Partner des familiengef\u00fchrten Verpackungsspezialisten. Dazu z\u00e4hlt auch das Mainzer Reinigungsmittelunternehmen Werner &amp; Mertz, das mit <a href=\"https:\/\/packaging-journal.de\/tag\/=alpla\/\" target=\"_blank\" rel=\"noopener\" data-schema-attribute=\"\">Alpla<\/a> bereits 2012 eine Kooperation im Rahmen der Recyclat-Initiative eingegangen ist, um gemeinsam mit weiteren Partnern die hochwertige Aufbereitung und Wiederverwertung von Recyclat aus dem Gelben Sack voranzutreiben.<\/p>\n<p>Bereits 2014 war es gelungen, die ersten Flaschen aus 100 Prozent Altplastik mit einem Anteil von 20 Prozent aus der Quelle Gelber Sack in den Markt zu bringen, vor einigen Monaten konnte der <strong>Anteil sogar auf 50 Prozent gesteigert werden<\/strong> \u2013 einzigartig in der Branche. Werner &amp; Mertz gilt heutzutage als Best-Practice-Beispiel f\u00fcr nachhaltige Verpackungen und Alpla ist zum <strong>weltweit gr\u00f6\u00dften Hersteller von Flaschen aus Recyclat aus dem Gelben Sack<\/strong> aufgestiegen.<\/p><div class=\"packa-in-post-alle\" style=\"text-align: center;\" id=\"packa-917896348\"><div id=\"packa-1742352990\"><a data-no-instant=\"1\" href=\"https:\/\/packaging-journal.de\/en\/newsletter\/\" rel=\"noopener\" class=\"a2t-link\" target=\"_blank\" aria-label=\"PJ Eigenwerbung English 03\"><!--noptimize--><img src=\"https:\/\/packaging-journal.de\/wp-content\/uploads\/2026\/01\/PJ-Eigenwerbung-English-03.png\" alt=\"\"  srcset=\"https:\/\/packaging-journal.de\/wp-content\/uploads\/2026\/01\/PJ-Eigenwerbung-English-03.png 840w, https:\/\/packaging-journal.de\/wp-content\/uploads\/2026\/01\/PJ-Eigenwerbung-English-03-300x75.png 300w, https:\/\/packaging-journal.de\/wp-content\/uploads\/2026\/01\/PJ-Eigenwerbung-English-03-768x192.png 768w, https:\/\/packaging-journal.de\/wp-content\/uploads\/2026\/01\/PJ-Eigenwerbung-English-03-18x5.png 18w, https:\/\/packaging-journal.de\/wp-content\/uploads\/2026\/01\/PJ-Eigenwerbung-English-03-332x83.png 332w, https:\/\/packaging-journal.de\/wp-content\/uploads\/2026\/01\/PJ-Eigenwerbung-English-03-664x166.png 664w, https:\/\/packaging-journal.de\/wp-content\/uploads\/2026\/01\/PJ-Eigenwerbung-English-03-688x172.png 688w\" sizes=\"(max-width: 840px) 100vw, 840px\" width=\"840\" height=\"210\"  style=\" max-width: 100%; height: auto;\" \/><!--\/noptimize--><\/a><\/div><\/div>\n<blockquote><p>\u201eAls inhabergef\u00fchrte Familienunternehmen haben wir beide gemeinsam, dass wir unabh\u00e4ngig von Shareholder-Values und Quartalsberichten auf langfristige Initiativen setzen k\u00f6nnen und auf diese Weise eine ganzheitlich-nachhaltige Kreislaufwirtschaft voranbringen. Ich freue mich sehr, diesen Weg gemeinsam mit Philipp Lehner fortzuf\u00fchren.\u201c <strong>Reinhard Schneider<\/strong>, Inhaber Werner &amp; Mertz.<\/p><\/blockquote>\n<p><strong>Philipp Lehner<\/strong> dazu: \u201eUnsere langj\u00e4hrige Zusammenarbeit beim Einsatz von recycelten Kunststoffen hat zu Verpackungsl\u00f6sungen gef\u00fchrt, die Vorbildcharakter im Hinblick auf die<strong> Etablierung geschlossener Produktkreisl\u00e4ufe<\/strong> von der Flasche zur Flasche haben. Ich pers\u00f6nlich freue mich, gemeinsam die Recycling-Initiative unserer Unternehmen auch in Zukunft weiter voranzutreiben und Vorreiter auf diesem Gebiet zu sein.\u201c<\/p>\n<h2><strong>Werner &amp; Mertz und Alpla stellen zusammen Weltrekord auf<br \/>\n<\/strong><\/h2>\n<p>Die gemeinsame Erfolgsgeschichte begann bereits 1995, als Alpla\u00a0 die Produktion von Verpackungen f\u00fcr <a href=\"https:\/\/packaging-journal.de\/?s=werner+%26+mertz\" target=\"_blank\" rel=\"noopener\" data-schema-attribute=\"\">Werner &amp; Mertz<\/a> auf dem Firmengel\u00e4nde in der Ingelheimer Aue startete. 2019 wurde aus der On-Site-Produktion eine Inhouse-Produktion: Reinhard Schneider weihte damals gemeinsam mit G\u00fcnther Lehner das neue Produktionszentrum ein, das im Erdgeschoss die gr\u00f6\u00dfte 100 Prozent-Recyclatflaschen-Fertigung der Welt beherbergt \u2013 hier stellt Alpla seitdem die Flaschen her, die dann direkt ein Stockwerk dar\u00fcber mit Rezepturen der Marke Frosch abgef\u00fcllt werden. Das spart immens Transportwege und minimiert dadurch gleich doppelt CO2-Emissionen. \u00a0Bislang sind bereits \u00fcber 489 Millionen Flaschen aus 100 Prozent Post-Consumer-Recyclat produziert worden \u2013 Weltrekord!<\/p><div id=\"packa-2521364179\" class=\"packa-inhalt\"><!--noptimize--><script async src=\"https:\/\/pagead2.googlesyndication.com\/pagead\/js\/adsbygoogle.js?client=ca-pub-2686439340972671\" crossorigin=\"anonymous\"><\/script>\r\n<ins class=\"adsbygoogle\" style=\"display:block;text-align:center\" data-ad-layout=\"in-article\" data-ad-format=\"fluid\" data-ad-client=\"ca-pub-2686439340972671\" data-ad-slot=\"6171251825\"><\/ins>\r\n<script>\r\n     (adsbygoogle = window.adsbygoogle || []).push({});\r\n<\/script><!--\/noptimize--><\/div>\n<h2><strong>Zuk\u00fcnftig gemeinsame Ausbildung am Standort Mainz\u00a0<\/strong><\/h2>\n<p>Zuk\u00fcnftig wollen beide Unternehmen am Standort aber nicht nur r\u00e4umlich eng zusammenarbeiten, sondern auch <strong>im Bereich Berufsausbildung gemeinsame Wege gehen<\/strong>. ALPLA m\u00f6chte ab n\u00e4chstem Jahr Mechatroniker*innen am Standort Mainz ausbilden und strebt hierf\u00fcr eine Ausbildungspartnerschaft mit Werner &amp; Mertz an. \u201eWir w\u00fcrden uns sehr \u00fcber eine enge Zusammenarbeit des Ausbildungsberufs Mechatroniker*in zwischen unseren beiden Unternehmen freuen, denn auf diese Weise k\u00f6nnen wir noch mehr voneinander lernen, unsere Inhalte verbessern, Netzwerke schaffen und Schnittstellen noch besser nutzen. Es w\u00e4re eine<strong> Win-Win-Situation f\u00fcr beide Seiten<\/strong>\u201c, betont Werner &amp; Mertz Ausbilder <strong>Bj\u00f6rn Frederik Knack<\/strong>.<\/p>\n<p>Dar\u00fcber hinaus steht auch am zweiten Produktionsstandort von <a href=\"https:\/\/werner-mertz.de\/\" target=\"_blank\" rel=\"noopener\" data-schema-attribute=\"\">Werner &amp; Mertz<\/a> im \u00f6sterreichischen Hallein f\u00fcr die Zukunft <strong>eine eigene Flaschenproduktion<\/strong> von dem aus \u00d6sterreich stammenden Unternehmen Alpla in Aussicht.<\/p>\n[infotext icon]<a href=\"https:\/\/u7061146.ct.sendgrid.net\/ls\/click?upn=TeZUXWpUv-2B6TCY38pVLo9v3EB5KUTpwKLPuAZsp9M-2Fs-3DkiV6_Np2n8AK-2BlBGvcwADjB-2FUCPkgI-2FvtdOC5qH4RuTxZ6ruTxfMyzjPOyuNbaFGJbA2k4UDDv-2BLKYZH-2FgL1VL984Qvb2IcgFFSi7ixIjsW5tFcRFmqFr60pgw6QT2Lit8iNm7uWdLsqsDAcY-2Fe6VRlJHd2A-2Bnlr117cSzbeE9JOXqdBsQQj0Q5x0iurcuLyIv-2F7g6gUc7cMmTwYCFWphr8Nz-2F-2BBktQlsLge8fmEuhRtbrYyTlsh2zxlXYYtoxDGQiMdyRC2E1EjReJGxyYrulERu5TC1hkWAXstXr67Laafm5bsWDK29Aa2MnLxPJ-2BVpb9wIr-2FJpR5-2Bs2iqjX2Sry3ZqNYj-2BUxMDNSTf9INLO0lkvKo-3D\" target=\"_blank\" rel=\"noopener\" data-schema-attribute=\"\">Alpla<\/a> geh\u00f6rt zu den weltweit f\u00fchrenden Unternehmen f\u00fcr Kunststoffverpackungen. Rund 21.600 Mitarbeiterinnen und Mitarbeiter produzieren weltweit an 178 Standorten in 45 L\u00e4ndern ma\u00dfgeschneiderte Verpackungssysteme, Flaschen, Verschl\u00fcsse und Spritzgussteile. Alpla betreibt eigene Recyclinganlagen f\u00fcr PET und HDPE in \u00d6sterreich, Polen und Spanien und in Form von Joint Ventures in Mexiko und Deutschland. [\/infotext]\n<p><em>Quelle:<\/em> Werner &amp; Mertz<\/p>\n","protected":false},"excerpt":{"rendered":"Both companies are already working together to promote the processing and recycling of recyclate from the Yellow Bag, and now the joint co-operation is to be expanded even further.","protected":false},"author":20,"featured_media":46010,"comment_status":"closed","ping_status":"closed","sticky":false,"template":"","format":"standard","meta":{"_acf_changed":false,"__cvm_playback_settings":[],"__cvm_video_id":"","rank_math_description":"Werner &amp; Mertz und Alpla wollen k\u00fcnftig noch enger zusammenarbeiten und auch im Bereich Berufsausbildung gemeinsame Wege gehen.","rank_math_focus_keyword":"Werner & Mertz und Alpla","rank_math_title":"","csco_display_header_overlay":false,"csco_singular_sidebar":"","csco_page_header_type":"","csco_page_load_nextpost":"","csco_post_video_location":[],"csco_post_video_location_hash":"","csco_post_video_url":"","csco_post_video_bg_start_time":0,"csco_post_video_bg_end_time":0,"footnotes":"","_links_to":"","_links_to_target":""},"categories":[114],"tags":[58753,43,54,31,32,58375],"class_list":{"0":"post-46009","1":"post","2":"type-post","3":"status-publish","4":"format-standard","5":"has-post-thumbnail","7":"category-aus-den-unternehmen-news","8":"tag-alpla","9":"tag-aus-den-unternehmen","10":"tag-kunststoff-und-verbunde","11":"tag-nachhaltigkeit-und-green-packaging","12":"tag-packmittel-und-packstoffe","13":"tag-werner-und-mertz","14":"cs-entry","15":"cs-video-wrap"},"acf":[],"vimeo_video":null,"_links":{"self":[{"href":"https:\/\/packaging-journal.de\/en\/wp-json\/wp\/v2\/posts\/46009","targetHints":{"allow":["GET"]}}],"collection":[{"href":"https:\/\/packaging-journal.de\/en\/wp-json\/wp\/v2\/posts"}],"about":[{"href":"https:\/\/packaging-journal.de\/en\/wp-json\/wp\/v2\/types\/post"}],"author":[{"embeddable":true,"href":"https:\/\/packaging-journal.de\/en\/wp-json\/wp\/v2\/users\/20"}],"replies":[{"embeddable":true,"href":"https:\/\/packaging-journal.de\/en\/wp-json\/wp\/v2\/comments?post=46009"}],"version-history":[{"count":0,"href":"https:\/\/packaging-journal.de\/en\/wp-json\/wp\/v2\/posts\/46009\/revisions"}],"wp:featuredmedia":[{"embeddable":true,"href":"https:\/\/packaging-journal.de\/en\/wp-json\/wp\/v2\/media\/46010"}],"wp:attachment":[{"href":"https:\/\/packaging-journal.de\/en\/wp-json\/wp\/v2\/media?parent=46009"}],"wp:term":[{"taxonomy":"category","embeddable":true,"href":"https:\/\/packaging-journal.de\/en\/wp-json\/wp\/v2\/categories?post=46009"},{"taxonomy":"post_tag","embeddable":true,"href":"https:\/\/packaging-journal.de\/en\/wp-json\/wp\/v2\/tags?post=46009"}],"curies":[{"name":"wp","href":"https:\/\/api.w.org\/{rel}","templated":true}]}}