{"id":46028,"date":"2021-06-28T18:36:16","date_gmt":"2021-06-28T16:36:16","guid":{"rendered":"https:\/\/packaging-journal.de\/?p=46028"},"modified":"2021-06-28T18:36:16","modified_gmt":"2021-06-28T16:36:16","slug":"gerhard-schubert-like-father-like-son","status":"publish","type":"post","link":"https:\/\/packaging-journal.de\/en\/gerhard-schubert-wie-der-vater-so-der-sohn\/","title":{"rendered":"Gerhard Schubert: Like father, like son"},"content":{"rendered":"<p><strong>His father Gerald Schubert was already the Managing Director responsible for Schubert Packaging Systems GmbH. Now his 31-year-old son Johannes Schubert is following in his footsteps. From 1 July 2021, he will take on a Managing Director position at the subsidiary of the Crailsheim-based packaging machine manufacturer.<\/strong><\/p>\n<p>As product manager, Schubert junior was responsible for the development of the Schubert Flowmodul for two years and played a key role in its successful market launch. The Flowmodul is a product milestone in the company history of the <a href=\"https:\/\/packaging-journal.de\/tag\/gerhard-schubert\/\">Gerhard Schubert GmbH<\/a>. The flexible and multifunctional flow-wrapping machine is used for a wide variety of products: chocolate bars, biscuits, cakes, chocolate figures, yoghurt pots or even ice cream are securely packaged in a wide range of format sizes and packaging materials.<\/p>\n<p>Johannes Schubert has two experienced Schubert colleagues at his side. After 16 years, Peter Gabriel has handed over his role as Managing Director of Schubert Packaging Systems GmbH to the man from the third generation. However, he will continue to support the Schubert offspring as Commercial Director of the parent company and, together with the long-standing and experienced Managing Director of Schubert Packaging Systems Olaf Horrenberger, as a mentor. Olaf Horrenberger and Johannes Schubert will jointly manage the business of Schubert Packaging Systems from July 2021.<\/p><div class=\"packa-in-post-alle\" style=\"text-align: center;\" id=\"packa-3074306412\"><div id=\"packa-1164034728\"><a data-no-instant=\"1\" href=\"https:\/\/packaging-journal.de\/en\/newsletter\/\" rel=\"noopener\" class=\"a2t-link\" target=\"_blank\" aria-label=\"PJ Self-promotion English 03\"><!--noptimize--><img src=\"https:\/\/packaging-journal.de\/wp-content\/uploads\/2026\/01\/PJ-Eigenwerbung-English-03.png\" alt=\"\"  srcset=\"https:\/\/packaging-journal.de\/wp-content\/uploads\/2026\/01\/PJ-Eigenwerbung-English-03.png 840w, https:\/\/packaging-journal.de\/wp-content\/uploads\/2026\/01\/PJ-Eigenwerbung-English-03-300x75.png 300w, https:\/\/packaging-journal.de\/wp-content\/uploads\/2026\/01\/PJ-Eigenwerbung-English-03-768x192.png 768w, https:\/\/packaging-journal.de\/wp-content\/uploads\/2026\/01\/PJ-Eigenwerbung-English-03-18x5.png 18w, https:\/\/packaging-journal.de\/wp-content\/uploads\/2026\/01\/PJ-Eigenwerbung-English-03-332x83.png 332w, https:\/\/packaging-journal.de\/wp-content\/uploads\/2026\/01\/PJ-Eigenwerbung-English-03-664x166.png 664w, https:\/\/packaging-journal.de\/wp-content\/uploads\/2026\/01\/PJ-Eigenwerbung-English-03-688x172.png 688w\" sizes=\"(max-width: 840px) 100vw, 840px\" width=\"840\" height=\"210\"  style=\" max-width: 100%; height: auto;\" \/><!--\/noptimize--><\/a><\/div><\/div>","protected":false},"excerpt":{"rendered":"The third generation is now also represented at the innovative packaging machine manufacturer. Johannes Schubert, grandson of company founder Gerhard Schubert and son of Gerald Schubert, becomes Managing Director of a subsidiary.","protected":false},"author":7,"featured_media":46029,"comment_status":"closed","ping_status":"closed","sticky":false,"template":"","format":"standard","meta":{"_acf_changed":false,"__cvm_playback_settings":[],"__cvm_video_id":"","rank_math_description":"Johannes Schubert, Enkel des Firmengr\u00fcnders Gerhard Schubert und Sohn von Gerald Schubert, wird Gesch\u00e4ftsf\u00fchrer eines Tochterunternehmens. ","rank_math_focus_keyword":"gerhard schubert","rank_math_title":"","csco_display_header_overlay":false,"csco_singular_sidebar":"","csco_page_header_type":"","csco_page_load_nextpost":"","csco_post_video_location":[],"csco_post_video_location_hash":"","csco_post_video_url":"","csco_post_video_bg_start_time":0,"csco_post_video_bg_end_time":0,"footnotes":"","_links_to":"","_links_to_target":""},"categories":[112],"tags":[43,58679,58814,70],"class_list":{"0":"post-46028","1":"post","2":"type-post","3":"status-publish","4":"format-standard","5":"has-post-thumbnail","7":"category-personen","8":"tag-aus-den-unternehmen","9":"tag-gerhard-schubert","10":"tag-persoenlich","11":"tag-verpackungsmaschinen","12":"cs-entry","13":"cs-video-wrap"},"acf":[],"vimeo_video":null,"_links":{"self":[{"href":"https:\/\/packaging-journal.de\/en\/wp-json\/wp\/v2\/posts\/46028","targetHints":{"allow":["GET"]}}],"collection":[{"href":"https:\/\/packaging-journal.de\/en\/wp-json\/wp\/v2\/posts"}],"about":[{"href":"https:\/\/packaging-journal.de\/en\/wp-json\/wp\/v2\/types\/post"}],"author":[{"embeddable":true,"href":"https:\/\/packaging-journal.de\/en\/wp-json\/wp\/v2\/users\/7"}],"replies":[{"embeddable":true,"href":"https:\/\/packaging-journal.de\/en\/wp-json\/wp\/v2\/comments?post=46028"}],"version-history":[{"count":0,"href":"https:\/\/packaging-journal.de\/en\/wp-json\/wp\/v2\/posts\/46028\/revisions"}],"wp:featuredmedia":[{"embeddable":true,"href":"https:\/\/packaging-journal.de\/en\/wp-json\/wp\/v2\/media\/46029"}],"wp:attachment":[{"href":"https:\/\/packaging-journal.de\/en\/wp-json\/wp\/v2\/media?parent=46028"}],"wp:term":[{"taxonomy":"category","embeddable":true,"href":"https:\/\/packaging-journal.de\/en\/wp-json\/wp\/v2\/categories?post=46028"},{"taxonomy":"post_tag","embeddable":true,"href":"https:\/\/packaging-journal.de\/en\/wp-json\/wp\/v2\/tags?post=46028"}],"curies":[{"name":"wp","href":"https:\/\/api.w.org\/{rel}","templated":true}]}}