{"id":46079,"date":"2021-06-30T11:30:16","date_gmt":"2021-06-30T09:30:16","guid":{"rendered":"https:\/\/packaging-journal.de\/?p=46079"},"modified":"2021-06-30T11:30:16","modified_gmt":"2021-06-30T09:30:16","slug":"solvent-free-uv-silver-coatings-from-actega","status":"publish","type":"post","link":"https:\/\/packaging-journal.de\/en\/loesemittelfreie-uv-silberlacke-von-actega\/","title":{"rendered":"Solvent-free UV silver coatings for sustainable printing"},"content":{"rendered":"<p>Actega hat f\u00fcnf l\u00f6semittelfreie UV-Silberlacke in sein Portfolio aufgenommen, die eine Alternative zu metallisiertem Karton oder der Hei\u00df- und Kaltfolienpr\u00e4gung sein k\u00f6nnen.<\/p>\n<p>Der Hersteller von Speziallacken, Druckfarben, Klebstoffen und Dichtungsmassen f\u00fcr die Verpackungs- und Druckindustrie stellt f\u00fcnf Wessco Polar UV-Silberlacke vor, die in das umfangreiche <a href=\"https:\/\/packaging-journal.de\/tag\/=actega\/\" target=\"_blank\" rel=\"noopener\" data-schema-attribute=\"\">Actega<\/a> Portfolio aufgenommen werden. Diese Produkte, von denen vier f\u00fcr den Einsatz aus dem Lackwerk und eines f\u00fcr die Applikation aus dem Farbwerk vorgesehen sind, bieten in Kombination mit h\u00f6chst transparenten \u00dcberdrucklacken <strong>hochreflektierende Eigenschaften und brillante Glanzeffekte<\/strong>. Weitere Vorteile sind die herausragende Flexibilit\u00e4t, Effizienz, \u00dcberdruckbarkeit mit UV-Offsetfarben sowie ein starker Nachhaltigkeitsaspekt.<\/p>\n<p>Die l\u00f6semittelfreien Wessco Polar-Lacke stellen f\u00fcr Unternehmen eine wirtschaftliche Alternative zu metallisiertem Karton oder der Hei\u00df- und Kaltfolienpr\u00e4gung dar und sprechen dabei die <strong>wachsende Bedeutung des nachhaltigen Druckens<\/strong> an. Dar\u00fcber hinaus werden durch die Applikation dieser Lacke Kunststoffabf\u00e4lle vermieden und der Recyclingprozess rationalisiert, was den Anwendern einen Leistungs- und Effizienzschub verschafft, da sie den zus\u00e4tzlichen Schritt einer Folienapplikation aus dem Druckprozess entfernen.<\/p><div class=\"packa-in-post-alle\" style=\"text-align: center;\" id=\"packa-4127047323\"><div id=\"packa-982528367\"><a data-no-instant=\"1\" href=\"https:\/\/packaging-journal.de\/en\/newsletter\/\" rel=\"noopener\" class=\"a2t-link\" target=\"_blank\" aria-label=\"PJ Eigenwerbung English 03\"><!--noptimize--><img src=\"https:\/\/packaging-journal.de\/wp-content\/uploads\/2026\/01\/PJ-Eigenwerbung-English-03.png\" alt=\"\"  srcset=\"https:\/\/packaging-journal.de\/wp-content\/uploads\/2026\/01\/PJ-Eigenwerbung-English-03.png 840w, https:\/\/packaging-journal.de\/wp-content\/uploads\/2026\/01\/PJ-Eigenwerbung-English-03-300x75.png 300w, https:\/\/packaging-journal.de\/wp-content\/uploads\/2026\/01\/PJ-Eigenwerbung-English-03-768x192.png 768w, https:\/\/packaging-journal.de\/wp-content\/uploads\/2026\/01\/PJ-Eigenwerbung-English-03-18x5.png 18w, https:\/\/packaging-journal.de\/wp-content\/uploads\/2026\/01\/PJ-Eigenwerbung-English-03-332x83.png 332w, https:\/\/packaging-journal.de\/wp-content\/uploads\/2026\/01\/PJ-Eigenwerbung-English-03-664x166.png 664w, https:\/\/packaging-journal.de\/wp-content\/uploads\/2026\/01\/PJ-Eigenwerbung-English-03-688x172.png 688w\" sizes=\"(max-width: 840px) 100vw, 840px\" width=\"840\" height=\"210\"  style=\" max-width: 100%; height: auto;\" \/><!--\/noptimize--><\/a><\/div><\/div>\n<blockquote><p>\u201eDa die Nachfrage nach hochwertigen Druckerzeugnissen nach wie vor steigt, ziehen unsere UV-Silberlacke durch ihre hohe Qualit\u00e4t die Aufmerksamkeit von Verbrauchern auf sich. Das macht sie f\u00fcr unsere Kunden \u00e4u\u00dferst attraktiv. Nimmt man noch die \u00fcberzeugenden Umweltvorteile der Wessco Polar-Reihe sowie die wirtschaftlichen Einsparungen hinzu, spricht der Nutzen dieser UV-Lacke f\u00fcr sich.&#8220; <strong>Andreas K\u00e4fferlein<\/strong>, Produktmanager Metallics<\/p><\/blockquote>\n<h2>L\u00f6semittelfreie UV-Silberlacke f\u00fcr Lebensmittelverpackungen geeignet<\/h2>\n<p>Die neuen UV-Silberlacke eignen sich dank Eigenschaften wie geringer Migration und<strong> Einhaltung der Schweizer Bedarfsgegenst\u00e4ndeverordnung und der Nestl\u00e9-Anforderungen<\/strong> f\u00fcr eine Reihe von Druck- und Verpackungsanwendungen, wie zum Beispiel der Faltschachtel, einschlie\u00dflich solcher f\u00fcr Lebensmittel und andere empfindliche F\u00fcllg\u00fcter. Kunden profitieren au\u00dferdem von reduzierten Durchlaufzeiten und verbesserter Kosteneffizienz, da zeitaufw\u00e4ndige Materialbestellungen und verl\u00e4ngerte Lieferzeiten vermieden werden. Auch entstehen weniger Kosten, da auf metallisierten Karton oder TransMet-Boards verzichtet werden kann.<\/p>\n<p>Andreas K\u00e4fferlein fasst zusammen: &#8222;Die Effizienz und die <strong>Umweltvorteile des Sortiments<\/strong> unterst\u00fctzen unser unternehmensweites Ziel, Fortschritte in Richtung einer nachhaltigeren Druckproduktion zu f\u00f6rdern. Mit diesen Produkten k\u00f6nnen wir weitere Lacke anbieten, die die Nachhaltigkeitsziele unserer Kunden und deren Kunden unterst\u00fctzen und gleichzeitig die hohe Qualit\u00e4t liefern, die diese Unternehmen und Marken ben\u00f6tigen.&#8220;<\/p><div id=\"packa-82560820\" class=\"packa-inhalt\"><!--noptimize--><script async src=\"https:\/\/pagead2.googlesyndication.com\/pagead\/js\/adsbygoogle.js?client=ca-pub-2686439340972671\" crossorigin=\"anonymous\"><\/script>\r\n<ins class=\"adsbygoogle\" style=\"display:block;text-align:center\" data-ad-layout=\"in-article\" data-ad-format=\"fluid\" data-ad-client=\"ca-pub-2686439340972671\" data-ad-slot=\"6171251825\"><\/ins>\r\n<script>\r\n     (adsbygoogle = window.adsbygoogle || []).push({});\r\n<\/script><!--\/noptimize--><\/div>\n[infotext icon]<a href=\"https:\/\/u7061146.ct.sendgrid.net\/ls\/click?upn=4tNED-2FM8iDZJQyQ53jATUczV1pKfTMsl4iMg-2FabB7PU49WnkcvrsY0K8Ge7G8yk8vecu_Np2n8AK-2BlBGvcwADjB-2FUCPkgI-2FvtdOC5qH4RuTxZ6ruTxfMyzjPOyuNbaFGJbA2k4UDDv-2BLKYZH-2FgL1VL984Qgiw5MyHBogqtiNGyX95uSF9-2FGDT5BSQGUPxxWpm953LxLmwrIh49GwzyxkaUFAZCHzjBi-2Btvu-2Ffm6bDNja9lt3d2moaIgc1AbSrL80hRqTtvYNnwNe7wWzq8FKYOkeANnL3QPej-2Fct4M45KRi4gLojHH-2BfmICy02OP-2FwE8rmN61Ah8o3Bl71BCgPtMUl0Of9gQyJQ6c0UGh0X5H9pEvcnYrsTU8sLTS1NUPwFKbFi8R28rmYX4OMgbsDNM4LBViCOKrUCmJENEcz70xQ-2BGxXDM-3D\" target=\"_blank\" rel=\"noopener\" data-schema-attribute=\"\">Actega<\/a> ist ein Gesch\u00e4ftsbereich des international t\u00e4tigen Spezialchemiekonzerns Altana. Mit Produktionsst\u00e4tten in Europa, Nord- und S\u00fcdamerika sowie in China, entwickelt, produziert und vertreibt Actega Speziallacke, Druckfarben, Klebstoffe und Dichtungsmassen mit Fokus auf die Verpackungsindustrie. Dabei bietet das Unternehmen nicht nur technisch fortschrittliche Produktl\u00f6sungen an, sondern entspricht auch den hohen Sicherheitsstandards der Lebensmittel-, Getr\u00e4nke-, Pharma- und Spielzeugindustrie. [\/infotext]\n<p><em>Quelle:<\/em> Actega<\/p>\n","protected":false},"excerpt":{"rendered":"Actega has added five solvent-free UV silver coatings to its portfolio, which can be an alternative to metallised cardboard or hot and cold foil stamping.","protected":false},"author":20,"featured_media":46080,"comment_status":"closed","ping_status":"closed","sticky":false,"template":"","format":"standard","meta":{"_acf_changed":false,"__cvm_playback_settings":[],"__cvm_video_id":"","rank_math_description":"Actega hat f\u00fcnf l\u00f6semittelfreie UV-Silberlacke in sein Portfolio aufgenommen als Alternative zu metallisiertem Karton oder der Hei\u00df- und Kaltfolienpr\u00e4gung.","rank_math_focus_keyword":"l\u00f6semittelfreie UV-Silberlacke","rank_math_title":"","csco_display_header_overlay":false,"csco_singular_sidebar":"","csco_page_header_type":"","csco_page_load_nextpost":"","csco_post_video_location":[],"csco_post_video_location_hash":"","csco_post_video_url":"","csco_post_video_bg_start_time":0,"csco_post_video_bg_end_time":0,"footnotes":"","_links_to":"","_links_to_target":""},"categories":[22],"tags":[58845,43,51],"class_list":{"0":"post-46079","1":"post","2":"type-post","3":"status-publish","4":"format-standard","5":"has-post-thumbnail","7":"category-packmittel-und-packstoffe","8":"tag-actega","9":"tag-aus-den-unternehmen","10":"tag-verpackungsdruck-und-veredelung","11":"cs-entry","12":"cs-video-wrap"},"acf":[],"vimeo_video":null,"_links":{"self":[{"href":"https:\/\/packaging-journal.de\/en\/wp-json\/wp\/v2\/posts\/46079","targetHints":{"allow":["GET"]}}],"collection":[{"href":"https:\/\/packaging-journal.de\/en\/wp-json\/wp\/v2\/posts"}],"about":[{"href":"https:\/\/packaging-journal.de\/en\/wp-json\/wp\/v2\/types\/post"}],"author":[{"embeddable":true,"href":"https:\/\/packaging-journal.de\/en\/wp-json\/wp\/v2\/users\/20"}],"replies":[{"embeddable":true,"href":"https:\/\/packaging-journal.de\/en\/wp-json\/wp\/v2\/comments?post=46079"}],"version-history":[{"count":0,"href":"https:\/\/packaging-journal.de\/en\/wp-json\/wp\/v2\/posts\/46079\/revisions"}],"wp:featuredmedia":[{"embeddable":true,"href":"https:\/\/packaging-journal.de\/en\/wp-json\/wp\/v2\/media\/46080"}],"wp:attachment":[{"href":"https:\/\/packaging-journal.de\/en\/wp-json\/wp\/v2\/media?parent=46079"}],"wp:term":[{"taxonomy":"category","embeddable":true,"href":"https:\/\/packaging-journal.de\/en\/wp-json\/wp\/v2\/categories?post=46079"},{"taxonomy":"post_tag","embeddable":true,"href":"https:\/\/packaging-journal.de\/en\/wp-json\/wp\/v2\/tags?post=46079"}],"curies":[{"name":"wp","href":"https:\/\/api.w.org\/{rel}","templated":true}]}}