{"id":46100,"date":"2021-07-01T09:50:57","date_gmt":"2021-07-01T07:50:57","guid":{"rendered":"https:\/\/packaging-journal.de\/?p=46100"},"modified":"2021-07-01T09:50:57","modified_gmt":"2021-07-01T07:50:57","slug":"sustainability-report-2020-faller-packaging","status":"publish","type":"post","link":"https:\/\/packaging-journal.de\/en\/nachhaltigkeitsbericht-2020-faller-packaging\/","title":{"rendered":"Positive financial year 2020 for Faller Packaging"},"content":{"rendered":"<p>Despite the coronavirus pandemic, Faller Packaging can look back on a successful 2020 financial year. The specialist for pharmaceutical secondary packaging was able to increase its turnover by around 2.2 per cent to 143 million euros.<\/p>\n<p>In the recently published sustainability report, the company sheds light on the current economic, ecological and social aspects of the specialist for secondary pharmaceutical packaging. Despite the crisis, the manufacturer was able to increase its turnover by around 2.2 per cent to 143 million euros - not least due to the continued good order situation from the pharmaceutical industry.<\/p>\n<p>In 2020, however, investments were lower than in previous years due to coronavirus - but the company has big plans for 2021: in addition to expanding the capacity of the plant in \u0141\u00f3d\u017a, Poland, the largest investment in the company's history is planned with the construction of the new headquarters in Waldkirch, Baden-W\u00fcrttemberg. A modern production hall with automated logistics and a high-bay warehouse as well as a new administration building are being built for around 50 million euros.<\/p><div class=\"packa-in-post-alle\" style=\"text-align: center;\" id=\"packa-570929900\"><div id=\"packa-3324041371\"><a data-no-instant=\"1\" href=\"https:\/\/packaging-journal.de\/en\/newsletter\/\" rel=\"noopener\" class=\"a2t-link\" target=\"_blank\" aria-label=\"PJ Self-promotion English 03\"><!--noptimize--><img src=\"https:\/\/packaging-journal.de\/wp-content\/uploads\/2026\/01\/PJ-Eigenwerbung-English-03.png\" alt=\"\"  srcset=\"https:\/\/packaging-journal.de\/wp-content\/uploads\/2026\/01\/PJ-Eigenwerbung-English-03.png 840w, https:\/\/packaging-journal.de\/wp-content\/uploads\/2026\/01\/PJ-Eigenwerbung-English-03-300x75.png 300w, https:\/\/packaging-journal.de\/wp-content\/uploads\/2026\/01\/PJ-Eigenwerbung-English-03-768x192.png 768w, https:\/\/packaging-journal.de\/wp-content\/uploads\/2026\/01\/PJ-Eigenwerbung-English-03-18x5.png 18w, https:\/\/packaging-journal.de\/wp-content\/uploads\/2026\/01\/PJ-Eigenwerbung-English-03-332x83.png 332w, https:\/\/packaging-journal.de\/wp-content\/uploads\/2026\/01\/PJ-Eigenwerbung-English-03-664x166.png 664w, https:\/\/packaging-journal.de\/wp-content\/uploads\/2026\/01\/PJ-Eigenwerbung-English-03-688x172.png 688w\" sizes=\"(max-width: 840px) 100vw, 840px\" width=\"840\" height=\"210\"  style=\" max-width: 100%; height: auto;\" \/><!--\/noptimize--><\/a><\/div><\/div>","protected":false},"excerpt":{"rendered":"Despite the coronavirus pandemic, Faller Packaging was able to increase its turnover by around 2.2 per cent to 143 million euros in the 2020 financial year. The biggest project for the future: a new building for the company headquarters in Waldkirch, Baden-W\u00fcrttemberg.","protected":false},"author":20,"featured_media":46101,"comment_status":"closed","ping_status":"closed","sticky":false,"template":"","format":"standard","meta":{"_acf_changed":false,"__cvm_playback_settings":[],"__cvm_video_id":"","rank_math_description":"Faller Packaging konnte im Gesch\u00e4ftsjahr 2020 seinen Umsatz um etwa 2,2 Prozent steigern. Ab 2021 ist ein Neubau der Firmenzentrale geplant.","rank_math_focus_keyword":"Faller Packaging","rank_math_title":"","csco_display_header_overlay":false,"csco_singular_sidebar":"","csco_page_header_type":"","csco_page_load_nextpost":"","csco_post_video_location":[],"csco_post_video_location_hash":"","csco_post_video_url":"","csco_post_video_bg_start_time":0,"csco_post_video_bg_end_time":0,"footnotes":"","_links_to":"","_links_to_target":""},"categories":[114],"tags":[59142],"class_list":{"0":"post-46100","1":"post","2":"type-post","3":"status-publish","4":"format-standard","5":"has-post-thumbnail","7":"category-aus-den-unternehmen-news","8":"tag-news-express","9":"post_format-post-format-standard","10":"cs-entry","11":"cs-video-wrap"},"acf":[],"vimeo_video":null,"_links":{"self":[{"href":"https:\/\/packaging-journal.de\/en\/wp-json\/wp\/v2\/posts\/46100","targetHints":{"allow":["GET"]}}],"collection":[{"href":"https:\/\/packaging-journal.de\/en\/wp-json\/wp\/v2\/posts"}],"about":[{"href":"https:\/\/packaging-journal.de\/en\/wp-json\/wp\/v2\/types\/post"}],"author":[{"embeddable":true,"href":"https:\/\/packaging-journal.de\/en\/wp-json\/wp\/v2\/users\/20"}],"replies":[{"embeddable":true,"href":"https:\/\/packaging-journal.de\/en\/wp-json\/wp\/v2\/comments?post=46100"}],"version-history":[{"count":0,"href":"https:\/\/packaging-journal.de\/en\/wp-json\/wp\/v2\/posts\/46100\/revisions"}],"wp:featuredmedia":[{"embeddable":true,"href":"https:\/\/packaging-journal.de\/en\/wp-json\/wp\/v2\/media\/46101"}],"wp:attachment":[{"href":"https:\/\/packaging-journal.de\/en\/wp-json\/wp\/v2\/media?parent=46100"}],"wp:term":[{"taxonomy":"category","embeddable":true,"href":"https:\/\/packaging-journal.de\/en\/wp-json\/wp\/v2\/categories?post=46100"},{"taxonomy":"post_tag","embeddable":true,"href":"https:\/\/packaging-journal.de\/en\/wp-json\/wp\/v2\/tags?post=46100"}],"curies":[{"name":"wp","href":"https:\/\/api.w.org\/{rel}","templated":true}]}}