{"id":46285,"date":"2021-07-06T16:28:25","date_gmt":"2021-07-06T14:28:25","guid":{"rendered":"https:\/\/packaging-journal.de\/?p=46285"},"modified":"2021-07-06T16:28:25","modified_gmt":"2021-07-06T14:28:25","slug":"smartphone-packaging","status":"publish","type":"post","link":"https:\/\/packaging-journal.de\/en\/smartphone-verpackung\/","title":{"rendered":"Interactive packaging: when the smartphone connects"},"content":{"rendered":"<div data-elementor-type=\"wp-post\" data-elementor-id=\"46285\" class=\"elementor elementor-46285\" data-elementor-post-type=\"post\">\n\t\t\t\t\t\t<section data-exad-particle-enable=\"false\" class=\"elementor-section elementor-top-section elementor-element elementor-element-3533db44 elementor-section-boxed elementor-section-height-default elementor-section-height-default exad-parallax-effect-no exad-background-color-change-no exad-glass-effect-no exad-sticky-section-no\" data-id=\"3533db44\" data-element_type=\"section\" data-e-type=\"section\">\n\t\t\t\t\t\t<div class=\"elementor-container elementor-column-gap-default\">\n\t\t\t\t\t<div class=\"elementor-column elementor-col-100 elementor-top-column elementor-element elementor-element-7f5bd157 exad-glass-effect-no exad-sticky-section-no\" data-id=\"7f5bd157\" data-element_type=\"column\" data-e-type=\"column\">\n\t\t\t<div class=\"elementor-widget-wrap elementor-element-populated\">\n\t\t\t\t\t\t<div class=\"elementor-element elementor-element-5bb4e28f exad-sticky-section-no exad-glass-effect-no elementor-widget elementor-widget-text-editor\" data-id=\"5bb4e28f\" data-element_type=\"widget\" data-e-type=\"widget\" data-widget_type=\"text-editor.default\">\n\t\t\t\t<div class=\"elementor-widget-container\">\n\t\t\t\t\t\t\t\t\t<p><strong>A Japanese company is making a new push in the area of\u00a0<\/strong><b>interactive packaging. Packaging connects to the smartphone via NFC1 technology to offer consumers digital content such as games or music.\u00a0<\/b><\/p>\t\t\t\t\t\t\t\t<\/div>\n\t\t\t\t<\/div>\n\t\t\t\t<div class=\"elementor-element elementor-element-59537390 exad-sticky-section-no exad-glass-effect-no elementor-widget elementor-widget-text-editor\" data-id=\"59537390\" data-element_type=\"widget\" data-e-type=\"widget\" data-widget_type=\"text-editor.default\">\n\t\t\t\t<div class=\"elementor-widget-container\">\n\t\t\t\t\t\t\t\t\t<div class=\"page\" title=\"Page 1\"><div class=\"layoutArea\"><div class=\"column\"><p>The idea behind this is to improve the customer and purchasing experience through the use of smartphones and other digital devices in product marketing. The new NFC-enabled packages from Toppan make it possible to offer a range of interactive customer experiences that are linked to smartphone apps.<\/p><\/div><\/div><\/div>\t\t\t\t\t\t\t\t<\/div>\n\t\t\t\t<\/div>\n\t\t\t\t<div class=\"elementor-element elementor-element-4362b4b4 exad-sticky-section-no exad-glass-effect-no elementor-widget elementor-widget-image\" data-id=\"4362b4b4\" data-element_type=\"widget\" data-e-type=\"widget\" data-widget_type=\"image.default\">\n\t\t\t\t<div class=\"elementor-widget-container\">\n\t\t\t\t\t\t\t\t\t\t\t\t<figure class=\"wp-caption\">\n\t\t\t\t\t\t\t\t\t\t<img fetchpriority=\"high\" decoding=\"async\" width=\"1024\" height=\"576\" src=\"https:\/\/packaging-journal.de\/wp-content\/uploads\/2021\/07\/Toppan_210706_2_img3-1024x576.jpg\" class=\"attachment-large size-large wp-image-46287\" alt=\"\" srcset=\"https:\/\/packaging-journal.de\/wp-content\/uploads\/2021\/07\/Toppan_210706_2_img3-1024x576.jpg 1024w, https:\/\/packaging-journal.de\/wp-content\/uploads\/2021\/07\/Toppan_210706_2_img3-300x169.jpg 300w, https:\/\/packaging-journal.de\/wp-content\/uploads\/2021\/07\/Toppan_210706_2_img3-768x432.jpg 768w, https:\/\/packaging-journal.de\/wp-content\/uploads\/2021\/07\/Toppan_210706_2_img3-813x457.jpg 813w, https:\/\/packaging-journal.de\/wp-content\/uploads\/2021\/07\/Toppan_210706_2_img3-180x101.jpg 180w, https:\/\/packaging-journal.de\/wp-content\/uploads\/2021\/07\/Toppan_210706_2_img3-260x146.jpg 260w, https:\/\/packaging-journal.de\/wp-content\/uploads\/2021\/07\/Toppan_210706_2_img3-373x210.jpg 373w, https:\/\/packaging-journal.de\/wp-content\/uploads\/2021\/07\/Toppan_210706_2_img3-120x67.jpg 120w, https:\/\/packaging-journal.de\/wp-content\/uploads\/2021\/07\/Toppan_210706_2_img3-600x338.jpg 600w, https:\/\/packaging-journal.de\/wp-content\/uploads\/2021\/07\/Toppan_210706_2_img3.jpg 1280w\" sizes=\"(max-width: 1024px) 100vw, 1024px\" \/>\t\t\t\t\t\t\t\t\t\t\t<figcaption class=\"widget-image-caption wp-caption-text\">Image: Toppan Inc.<\/figcaption>\n\t\t\t\t\t\t\t\t\t\t<\/figure>\n\t\t\t\t\t\t\t\t\t<\/div>\n\t\t\t\t<\/div>\n\t\t\t\t<div class=\"elementor-element elementor-element-3f1e66a exad-sticky-section-no exad-glass-effect-no elementor-widget elementor-widget-heading\" data-id=\"3f1e66a\" data-element_type=\"widget\" data-e-type=\"widget\" data-widget_type=\"heading.default\">\n\t\t\t\t<div class=\"elementor-widget-container\">\n\t\t\t\t\t<h2 class=\"elementor-heading-title elementor-size-default\">Connection without Bluetooth<\/h2>\t\t\t\t<\/div>\n\t\t\t\t<\/div>\n\t\t\t\t<div class=\"elementor-element elementor-element-357a69c4 exad-sticky-section-no exad-glass-effect-no elementor-widget elementor-widget-text-editor\" data-id=\"357a69c4\" data-element_type=\"widget\" data-e-type=\"widget\" data-widget_type=\"text-editor.default\">\n\t\t\t\t<div class=\"elementor-widget-container\">\n\t\t\t\t\t\t\t\t\t<div class=\"page\" title=\"Page 1\"><div class=\"layoutArea\"><div class=\"column\"><p>A wireless NFC-based connection is established when a smartphone is in the vicinity of the packaging. Bluetooth pairing is not required. Pad switches embedded in the packaging allow consumers to create interactive experiences by pressing or tapping to make sounds or control content on the smartphone screen via a compatible app. LEDs and other additional components can be integrated into the package to meet requirements depending on the purpose or conditions of use.\u00a0<\/p><div class=\"packa-in-post-alle\" style=\"text-align: center;\" id=\"packa-3834504392\"><div id=\"packa-2323095692\"><a data-no-instant=\"1\" href=\"https:\/\/packaging-journal.de\/en\/newsletter\/\" rel=\"noopener\" class=\"a2t-link\" target=\"_blank\" aria-label=\"PJ Self-promotion English 03\"><!--noptimize--><img src=\"https:\/\/packaging-journal.de\/wp-content\/uploads\/2026\/01\/PJ-Eigenwerbung-English-03.png\" alt=\"\"  srcset=\"https:\/\/packaging-journal.de\/wp-content\/uploads\/2026\/01\/PJ-Eigenwerbung-English-03.png 840w, https:\/\/packaging-journal.de\/wp-content\/uploads\/2026\/01\/PJ-Eigenwerbung-English-03-300x75.png 300w, https:\/\/packaging-journal.de\/wp-content\/uploads\/2026\/01\/PJ-Eigenwerbung-English-03-768x192.png 768w, https:\/\/packaging-journal.de\/wp-content\/uploads\/2026\/01\/PJ-Eigenwerbung-English-03-18x5.png 18w, https:\/\/packaging-journal.de\/wp-content\/uploads\/2026\/01\/PJ-Eigenwerbung-English-03-332x83.png 332w, https:\/\/packaging-journal.de\/wp-content\/uploads\/2026\/01\/PJ-Eigenwerbung-English-03-664x166.png 664w, https:\/\/packaging-journal.de\/wp-content\/uploads\/2026\/01\/PJ-Eigenwerbung-English-03-688x172.png 688w\" sizes=\"(max-width: 840px) 100vw, 840px\" width=\"840\" height=\"210\"  style=\" max-width: 100%; height: auto;\" \/><!--\/noptimize--><\/a><\/div><\/div><\/div><\/div><\/div>\t\t\t\t\t\t\t\t<\/div>\n\t\t\t\t<\/div>\n\t\t\t\t<div class=\"elementor-element elementor-element-70cd90b exad-sticky-section-no exad-glass-effect-no elementor-widget elementor-widget-image\" data-id=\"70cd90b\" data-element_type=\"widget\" data-e-type=\"widget\" data-widget_type=\"image.default\">\n\t\t\t\t<div class=\"elementor-widget-container\">\n\t\t\t\t\t\t\t\t\t\t\t\t\t\t\t<img decoding=\"async\" width=\"1024\" height=\"576\" src=\"https:\/\/packaging-journal.de\/wp-content\/uploads\/2021\/07\/Toppan_210706_2_img2-1024x576.jpg\" class=\"attachment-large size-large wp-image-46288\" alt=\"\" srcset=\"https:\/\/packaging-journal.de\/wp-content\/uploads\/2021\/07\/Toppan_210706_2_img2-1024x576.jpg 1024w, https:\/\/packaging-journal.de\/wp-content\/uploads\/2021\/07\/Toppan_210706_2_img2-300x169.jpg 300w, https:\/\/packaging-journal.de\/wp-content\/uploads\/2021\/07\/Toppan_210706_2_img2-768x432.jpg 768w, https:\/\/packaging-journal.de\/wp-content\/uploads\/2021\/07\/Toppan_210706_2_img2-813x457.jpg 813w, https:\/\/packaging-journal.de\/wp-content\/uploads\/2021\/07\/Toppan_210706_2_img2-180x101.jpg 180w, https:\/\/packaging-journal.de\/wp-content\/uploads\/2021\/07\/Toppan_210706_2_img2-260x146.jpg 260w, https:\/\/packaging-journal.de\/wp-content\/uploads\/2021\/07\/Toppan_210706_2_img2-373x210.jpg 373w, https:\/\/packaging-journal.de\/wp-content\/uploads\/2021\/07\/Toppan_210706_2_img2-120x67.jpg 120w, https:\/\/packaging-journal.de\/wp-content\/uploads\/2021\/07\/Toppan_210706_2_img2-600x338.jpg 600w, https:\/\/packaging-journal.de\/wp-content\/uploads\/2021\/07\/Toppan_210706_2_img2.jpg 1280w\" sizes=\"(max-width: 1024px) 100vw, 1024px\" \/>\t\t\t\t\t\t\t\t\t\t\t\t\t\t\t<\/div>\n\t\t\t\t<\/div>\n\t\t\t\t<div class=\"elementor-element elementor-element-72e9de5 exad-sticky-section-no exad-glass-effect-no elementor-widget elementor-widget-heading\" data-id=\"72e9de5\" data-element_type=\"widget\" data-e-type=\"widget\" data-widget_type=\"heading.default\">\n\t\t\t\t<div class=\"elementor-widget-container\">\n\t\t\t\t\t<h2 class=\"elementor-heading-title elementor-size-default\">Premiere at Luxe Pack Shanghai<\/h2>\t\t\t\t<\/div>\n\t\t\t\t<\/div>\n\t\t\t\t<div class=\"elementor-element elementor-element-7be4ee6 exad-sticky-section-no exad-glass-effect-no elementor-widget elementor-widget-text-editor\" data-id=\"7be4ee6\" data-element_type=\"widget\" data-e-type=\"widget\" data-widget_type=\"text-editor.default\">\n\t\t\t\t<div class=\"elementor-widget-container\">\n\t\t\t\t\t\t\t\t\t<p>The controller is powered by the wireless NFC connection via the smartphone, so there is no need to integrate a battery into the housing. This energy can also be used to light up the LEDs embedded in the packaging.<\/p><p>The new interactive packaging from Toppan will be on display at Luxe Pack Shanghai.<\/p><div id=\"packa-1703157357\" class=\"packa-inhalt\"><!--noptimize--><script async src=\"https:\/\/pagead2.googlesyndication.com\/pagead\/js\/adsbygoogle.js?client=ca-pub-2686439340972671\" crossorigin=\"anonymous\"><\/script>\r\n<ins class=\"adsbygoogle\" style=\"display:block;text-align:center\" data-ad-layout=\"in-article\" data-ad-format=\"fluid\" data-ad-client=\"ca-pub-2686439340972671\" data-ad-slot=\"6171251825\"><\/ins>\r\n<script>\r\n     (adsbygoogle = window.adsbygoogle || []).push({});\r\n<\/script><!--\/noptimize--><\/div>\t\t\t\t\t\t\t\t<\/div>\n\t\t\t\t<\/div>\n\t\t\t\t<div class=\"elementor-element elementor-element-7fee841 exad-sticky-section-no exad-glass-effect-no elementor-widget elementor-widget-video\" data-id=\"7fee841\" data-element_type=\"widget\" data-e-type=\"widget\" data-settings=\"{&quot;youtube_url&quot;:&quot;https:\\\/\\\/youtu.be\\\/FRIVJFxkU_4&quot;,&quot;video_type&quot;:&quot;youtube&quot;,&quot;controls&quot;:&quot;yes&quot;}\" data-widget_type=\"video.default\">\n\t\t\t\t<div class=\"elementor-widget-container\">\n\t\t\t\t\t\t\t<div class=\"elementor-wrapper elementor-open-inline\">\n\t\t\t<div class=\"elementor-video\"><\/div>\t\t<\/div>\n\t\t\t\t\t\t<\/div>\n\t\t\t\t<\/div>\n\t\t\t\t<div class=\"elementor-element elementor-element-ba2dcbc exad-sticky-section-no exad-glass-effect-no elementor-widget elementor-widget-text-editor\" data-id=\"ba2dcbc\" data-element_type=\"widget\" data-e-type=\"widget\" data-widget_type=\"text-editor.default\">\n\t\t\t\t<div class=\"elementor-widget-container\">\n\t\t\t\t\t\t\t\t\t<p><em>Source: Toppan Inc.\u00a0<\/em><\/p>\t\t\t\t\t\t\t\t<\/div>\n\t\t\t\t<\/div>\n\t\t\t\t\t<\/div>\n\t\t<\/div>\n\t\t\t\t\t<\/div>\n\t\t<\/section>\n\t\t\t\t<section data-exad-particle-enable=\"false\" class=\"elementor-section elementor-top-section elementor-element elementor-element-26bd8784 elementor-section-boxed elementor-section-height-default elementor-section-height-default exad-parallax-effect-no exad-background-color-change-no exad-glass-effect-no exad-sticky-section-no\" data-id=\"26bd8784\" data-element_type=\"section\" data-e-type=\"section\" data-settings=\"{&quot;background_background&quot;:&quot;classic&quot;}\">\n\t\t\t\t\t\t<div class=\"elementor-container elementor-column-gap-default\">\n\t\t\t\t\t<div class=\"elementor-column elementor-col-100 elementor-top-column elementor-element elementor-element-50fa2fc0 exad-glass-effect-no exad-sticky-section-no\" data-id=\"50fa2fc0\" data-element_type=\"column\" data-e-type=\"column\">\n\t\t\t<div class=\"elementor-widget-wrap elementor-element-populated\">\n\t\t\t\t\t\t<div class=\"elementor-element elementor-element-2c5630f8 exad-sticky-section-no exad-glass-effect-no elementor-widget elementor-widget-heading\" data-id=\"2c5630f8\" data-element_type=\"widget\" data-e-type=\"widget\" data-widget_type=\"heading.default\">\n\t\t\t\t<div class=\"elementor-widget-container\">\n\t\t\t\t\t<h2 class=\"elementor-heading-title elementor-size-default\">Luxury packaging - More news<\/h2>\t\t\t\t<\/div>\n\t\t\t\t<\/div>\n\t\t\t\t<div class=\"elementor-element elementor-element-5c40a088 elementor-grid-3 elementor-grid-tablet-2 elementor-grid-mobile-1 elementor-posts--thumbnail-top elementor-posts__hover-gradient exad-sticky-section-no exad-glass-effect-no elementor-widget elementor-widget-posts\" data-id=\"5c40a088\" data-element_type=\"widget\" data-e-type=\"widget\" data-settings=\"{&quot;cards_row_gap&quot;:{&quot;unit&quot;:&quot;px&quot;,&quot;size&quot;:38,&quot;sizes&quot;:[]},&quot;cards_columns&quot;:&quot;3&quot;,&quot;cards_columns_tablet&quot;:&quot;2&quot;,&quot;cards_columns_mobile&quot;:&quot;1&quot;,&quot;cards_row_gap_tablet&quot;:{&quot;unit&quot;:&quot;px&quot;,&quot;size&quot;:&quot;&quot;,&quot;sizes&quot;:[]},&quot;cards_row_gap_mobile&quot;:{&quot;unit&quot;:&quot;px&quot;,&quot;size&quot;:&quot;&quot;,&quot;sizes&quot;:[]}}\" data-widget_type=\"posts.cards\">\n\t\t\t\t<div class=\"elementor-widget-container\">\n\t\t\t\t\t\t\t<div class=\"elementor-posts-container elementor-posts elementor-posts--skin-cards elementor-grid\" role=\"list\">\n\t\t\t\t<article class=\"elementor-post elementor-grid-item post-103547 post type-post status-publish format-standard has-post-thumbnail category-packmittel-und-packstoffe tag-fedrigoni tag-luxus-und-aktionsverpackungen tag-packmittel-und-packstoffe tag-pj_home tag-pj_schweiz cs-entry cs-video-wrap\" role=\"listitem\">\n\t\t\t<div class=\"elementor-post__card\">\n\t\t\t\t<a class=\"elementor-post__thumbnail__link\" href=\"https:\/\/packaging-journal.de\/en\/luxusverpackungen-mehr-nachhaltigkeit-und-emotionalitaet-im-premiumsegment\/\" tabindex=\"-1\" ><div class=\"elementor-post__thumbnail\"><img decoding=\"async\" width=\"300\" height=\"170\" src=\"https:\/\/packaging-journal.de\/wp-content\/uploads\/2025\/06\/Luxusverpackungen-1-300x170.jpg\" class=\"attachment-medium size-medium wp-image-103548\" alt=\"\" srcset=\"https:\/\/packaging-journal.de\/wp-content\/uploads\/2025\/06\/Luxusverpackungen-1-300x170.jpg 300w, https:\/\/packaging-journal.de\/wp-content\/uploads\/2025\/06\/Luxusverpackungen-1-1024x579.jpg 1024w, https:\/\/packaging-journal.de\/wp-content\/uploads\/2025\/06\/Luxusverpackungen-1-768x434.jpg 768w, https:\/\/packaging-journal.de\/wp-content\/uploads\/2025\/06\/Luxusverpackungen-1-813x457.jpg 813w, https:\/\/packaging-journal.de\/wp-content\/uploads\/2025\/06\/Luxusverpackungen-1-180x101.jpg 180w, https:\/\/packaging-journal.de\/wp-content\/uploads\/2025\/06\/Luxusverpackungen-1-260x146.jpg 260w, https:\/\/packaging-journal.de\/wp-content\/uploads\/2025\/06\/Luxusverpackungen-1-373x210.jpg 373w, https:\/\/packaging-journal.de\/wp-content\/uploads\/2025\/06\/Luxusverpackungen-1-120x67.jpg 120w, https:\/\/packaging-journal.de\/wp-content\/uploads\/2025\/06\/Luxusverpackungen-1-1320x746.jpg 1320w, https:\/\/packaging-journal.de\/wp-content\/uploads\/2025\/06\/Luxusverpackungen-1.jpg 1472w\" sizes=\"(max-width: 300px) 100vw, 300px\" \/><\/div><\/a>\n\t\t\t\t<div class=\"elementor-post__text\">\n\t\t\t\t<h3 class=\"elementor-post__title\">\n\t\t\t<a href=\"https:\/\/packaging-journal.de\/en\/luxusverpackungen-mehr-nachhaltigkeit-und-emotionalitaet-im-premiumsegment\/\" >\n\t\t\t\tLuxury packaging: More sustainability and emotionality in the premium segment\t\t\t<\/a>\n\t\t<\/h3>\n\t\t\t\t<div class=\"elementor-post__excerpt\">\n\t\t\tA recent study by Bain &amp; Company and the Italian paper manufacturer Fedrigoni shows that luxury packaging is set to become greener, slimmer and smarter in the future. Over 30 per cent of high-end packaging could rely on sustainable solutions in the coming years.\t\t<\/div>\n\t\t\n\t\t<a class=\"elementor-post__read-more\" href=\"https:\/\/packaging-journal.de\/en\/luxusverpackungen-mehr-nachhaltigkeit-und-emotionalitaet-im-premiumsegment\/\" aria-label=\"Read more about Luxury packaging: More sustainability and emotionality in the premium segment\" tabindex=\"-1\" >\n\t\t\tRead more \"\t\t<\/a>\n\n\t\t\t\t<\/div>\n\t\t\t\t\t<\/div>\n\t\t<\/article>\n\t\t\t\t<article class=\"elementor-post elementor-grid-item post-102925 post type-post status-publish format-standard has-post-thumbnail category-aus-den-unternehmen-news tag-frankreich tag-glas tag-glasverpackungen tag-luxus-und-aktionsverpackungen tag-pharma-kosmetik-chemie cs-entry cs-video-wrap\" role=\"listitem\">\n\t\t\t<div class=\"elementor-post__card\">\n\t\t\t\t<a class=\"elementor-post__thumbnail__link\" href=\"https:\/\/packaging-journal.de\/en\/verescence-erhaelt-neue-eigentuemer\/\" tabindex=\"-1\" ><div class=\"elementor-post__thumbnail\"><img loading=\"lazy\" decoding=\"async\" width=\"300\" height=\"163\" src=\"https:\/\/packaging-journal.de\/wp-content\/uploads\/2025\/06\/Verescence-300x163.jpg\" class=\"attachment-medium size-medium wp-image-102933\" alt=\"\" srcset=\"https:\/\/packaging-journal.de\/wp-content\/uploads\/2025\/06\/Verescence-300x163.jpg 300w, https:\/\/packaging-journal.de\/wp-content\/uploads\/2025\/06\/Verescence-1024x555.jpg 1024w, https:\/\/packaging-journal.de\/wp-content\/uploads\/2025\/06\/Verescence-768x416.jpg 768w, https:\/\/packaging-journal.de\/wp-content\/uploads\/2025\/06\/Verescence.jpg 1200w\" sizes=\"(max-width: 300px) 100vw, 300px\" \/><\/div><\/a>\n\t\t\t\t<div class=\"elementor-post__text\">\n\t\t\t\t<h3 class=\"elementor-post__title\">\n\t\t\t<a href=\"https:\/\/packaging-journal.de\/en\/verescence-erhaelt-neue-eigentuemer\/\" >\n\t\t\t\tVerescence gains new owners\t\t\t<\/a>\n\t\t<\/h3>\n\t\t\t\t<div class=\"elementor-post__excerpt\">\n\t\t\tVerescence, the global manufacturer of glass flacons for the perfume and cosmetics industry, has acquired a new company with Movendo Capital and Draycott\t\t<\/div>\n\t\t\n\t\t<a class=\"elementor-post__read-more\" href=\"https:\/\/packaging-journal.de\/en\/verescence-erhaelt-neue-eigentuemer\/\" aria-label=\"Read more about Verescence gets new owners\" tabindex=\"-1\" >\n\t\t\tRead more \"\t\t<\/a>\n\n\t\t\t\t<\/div>\n\t\t\t\t\t<\/div>\n\t\t<\/article>\n\t\t\t\t<article class=\"elementor-post elementor-grid-item post-90415 post type-post status-publish format-standard has-post-thumbnail category-packmittel-und-packstoffe tag-aktionsforum-glasverpackung tag-bundesverband-glasindustrie tag-getraenke tag-glas tag-luxus-und-aktionsverpackungen tag-packaging-people tag-packmittel-und-packstoffe tag-podcast cs-entry cs-video-wrap\" role=\"listitem\">\n\t\t\t<div class=\"elementor-post__card\">\n\t\t\t\t<a class=\"elementor-post__thumbnail__link\" href=\"https:\/\/packaging-journal.de\/en\/podcast-bundesverband-glasindustrie\/\" tabindex=\"-1\" ><div class=\"elementor-post__thumbnail\"><img loading=\"lazy\" decoding=\"async\" width=\"300\" height=\"150\" src=\"https:\/\/packaging-journal.de\/wp-content\/uploads\/2024\/02\/Header-Episode-17-300x150.jpg\" class=\"attachment-medium size-medium wp-image-90416\" alt=\"\" srcset=\"https:\/\/packaging-journal.de\/wp-content\/uploads\/2024\/02\/Header-Episode-17-300x150.jpg 300w, https:\/\/packaging-journal.de\/wp-content\/uploads\/2024\/02\/Header-Episode-17-1024x512.jpg 1024w, https:\/\/packaging-journal.de\/wp-content\/uploads\/2024\/02\/Header-Episode-17-768x384.jpg 768w, https:\/\/packaging-journal.de\/wp-content\/uploads\/2024\/02\/Header-Episode-17.jpg 1200w\" sizes=\"(max-width: 300px) 100vw, 300px\" \/><\/div><\/a>\n\t\t\t\t<div class=\"elementor-post__text\">\n\t\t\t\t<h3 class=\"elementor-post__title\">\n\t\t\t<a href=\"https:\/\/packaging-journal.de\/en\/podcast-bundesverband-glasindustrie\/\" >\n\t\t\t\t\ud83c\udfa7 Podcast: Bundesverband Glasindustrie - A look into the crystal ball\t\t\t<\/a>\n\t\t<\/h3>\n\t\t\t\t<div class=\"elementor-post__excerpt\">\n\t\t\tGlass is one of the oldest packaging materials and is becoming increasingly popular again today. In the podcast with packaging journal, the spokesperson for the German Glass Industry Association talks about the perception and possibilities of glass.\t\t<\/div>\n\t\t\n\t\t<a class=\"elementor-post__read-more\" href=\"https:\/\/packaging-journal.de\/en\/podcast-bundesverband-glasindustrie\/\" aria-label=\"Read more about \ud83c\udfa7 Podcast: Bundesverband Glasindustrie - A look into the crystal ball\" tabindex=\"-1\" >\n\t\t\tRead more \"\t\t<\/a>\n\n\t\t\t\t<\/div>\n\t\t\t\t\t<\/div>\n\t\t<\/article>\n\t\t\t\t<article class=\"elementor-post elementor-grid-item post-89651 post type-post status-publish format-standard has-post-thumbnail category-allgemein tag-luxus-und-aktionsverpackungen tag-mondi tag-packmittel-und-packstoffe tag-papier-pappe-karton tag-paris-packaging-week cs-entry cs-video-wrap\" role=\"listitem\">\n\t\t\t<div class=\"elementor-post__card\">\n\t\t\t\t<a class=\"elementor-post__thumbnail__link\" href=\"https:\/\/packaging-journal.de\/en\/nachhaltige-luxusverpackungen-aus-papier\/\" tabindex=\"-1\" ><div class=\"elementor-post__thumbnail\"><img loading=\"lazy\" decoding=\"async\" width=\"300\" height=\"163\" src=\"https:\/\/packaging-journal.de\/wp-content\/uploads\/2024\/01\/mondi-paria-packaging-week-300x163.jpg\" class=\"attachment-medium size-medium wp-image-89652\" alt=\"\" srcset=\"https:\/\/packaging-journal.de\/wp-content\/uploads\/2024\/01\/mondi-paria-packaging-week-300x163.jpg 300w, https:\/\/packaging-journal.de\/wp-content\/uploads\/2024\/01\/mondi-paria-packaging-week-1024x555.jpg 1024w, https:\/\/packaging-journal.de\/wp-content\/uploads\/2024\/01\/mondi-paria-packaging-week-768x416.jpg 768w, https:\/\/packaging-journal.de\/wp-content\/uploads\/2024\/01\/mondi-paria-packaging-week.jpg 1200w\" sizes=\"(max-width: 300px) 100vw, 300px\" \/><\/div><\/a>\n\t\t\t\t<div class=\"elementor-post__text\">\n\t\t\t\t<h3 class=\"elementor-post__title\">\n\t\t\t<a href=\"https:\/\/packaging-journal.de\/en\/nachhaltige-luxusverpackungen-aus-papier\/\" >\n\t\t\t\tSustainable luxury packaging made from paper\t\t\t<\/a>\n\t\t<\/h3>\n\t\t\t\t<div class=\"elementor-post__excerpt\">\n\t\t\tAt the Paris Packaging Week in Paris, Mondi is showcasing its portfolio of high-quality and sustainable papers for luxury packaging.\t\t<\/div>\n\t\t\n\t\t<a class=\"elementor-post__read-more\" href=\"https:\/\/packaging-journal.de\/en\/nachhaltige-luxusverpackungen-aus-papier\/\" aria-label=\"Read more about Sustainable luxury packaging made from paper\" tabindex=\"-1\" >\n\t\t\tRead more \"\t\t<\/a>\n\n\t\t\t\t<\/div>\n\t\t\t\t\t<\/div>\n\t\t<\/article>\n\t\t\t\t<article class=\"elementor-post elementor-grid-item post-65416 post type-post status-publish format-standard has-post-thumbnail category-marketing-und-design tag-koehler-paper-group tag-luxus-und-aktionsverpackungen tag-marketing-und-design tag-papier-pappe-karton cs-entry cs-video-wrap\" role=\"listitem\">\n\t\t\t<div class=\"elementor-post__card\">\n\t\t\t\t<a class=\"elementor-post__thumbnail__link\" href=\"https:\/\/packaging-journal.de\/en\/koehler-paper-luxusverpackung-uhr-papier\/\" tabindex=\"-1\" ><div class=\"elementor-post__thumbnail\"><img loading=\"lazy\" decoding=\"async\" width=\"300\" height=\"163\" src=\"https:\/\/packaging-journal.de\/wp-content\/uploads\/2022\/07\/koehler_uhr_header-300x163.jpg\" class=\"attachment-medium size-medium wp-image-65417\" alt=\"\" srcset=\"https:\/\/packaging-journal.de\/wp-content\/uploads\/2022\/07\/koehler_uhr_header-300x163.jpg 300w, https:\/\/packaging-journal.de\/wp-content\/uploads\/2022\/07\/koehler_uhr_header-1024x555.jpg 1024w, https:\/\/packaging-journal.de\/wp-content\/uploads\/2022\/07\/koehler_uhr_header-768x416.jpg 768w, https:\/\/packaging-journal.de\/wp-content\/uploads\/2022\/07\/koehler_uhr_header.jpg 1200w\" sizes=\"(max-width: 300px) 100vw, 300px\" \/><\/div><\/a>\n\t\t\t\t<div class=\"elementor-post__text\">\n\t\t\t\t<h3 class=\"elementor-post__title\">\n\t\t\t<a href=\"https:\/\/packaging-journal.de\/en\/koehler-paper-luxusverpackung-uhr-papier\/\" >\n\t\t\t\tPaper luxury packaging for watch created in cooperation\t\t\t<\/a>\n\t\t<\/h3>\n\t\t\t\t<div class=\"elementor-post__excerpt\">\n\t\t\tAt the Print &amp; Digital Convention in D\u00fcsseldorf in June, the special products that can result from a co-operation were demonstrated: Four creative agencies joined forces with Koehler Paper and Langebartels &amp; J\u00fcrgens to design luxury packaging made from recycled paper for watch manufacturer M\u00fchle-Glash\u00fctte.\t\t<\/div>\n\t\t\n\t\t<a class=\"elementor-post__read-more\" href=\"https:\/\/packaging-journal.de\/en\/koehler-paper-luxusverpackung-uhr-papier\/\" aria-label=\"Read more about Paper luxury packaging for watch created in cooperation\" tabindex=\"-1\" >\n\t\t\tRead more \"\t\t<\/a>\n\n\t\t\t\t<\/div>\n\t\t\t\t\t<\/div>\n\t\t<\/article>\n\t\t\t\t<article class=\"elementor-post elementor-grid-item post-56363 post type-post status-publish format-standard has-post-thumbnail category-aus-den-unternehmen-news tag-aus-den-unternehmen tag-henkel tag-luxus-und-aktionsverpackungen tag-news-express post_format-post-format-standard cs-entry cs-video-wrap\" role=\"listitem\">\n\t\t\t<div class=\"elementor-post__card\">\n\t\t\t\t<a class=\"elementor-post__thumbnail__link\" href=\"https:\/\/packaging-journal.de\/en\/portfolioerweiterung-bei-henkel\/\" tabindex=\"-1\" ><div class=\"elementor-post__thumbnail\"><img loading=\"lazy\" decoding=\"async\" width=\"300\" height=\"200\" src=\"https:\/\/packaging-journal.de\/wp-content\/uploads\/2022\/02\/henkel-logo-duesseldorf_print-300x200.jpg\" class=\"attachment-medium size-medium wp-image-56366\" alt=\"Henkel acquires Shiseido&#039;s hair salon business in the Asia-Pacific region and a new premium brand for its product portfolio.\" srcset=\"https:\/\/packaging-journal.de\/wp-content\/uploads\/2022\/02\/henkel-logo-duesseldorf_print-300x200.jpg 300w, https:\/\/packaging-journal.de\/wp-content\/uploads\/2022\/02\/henkel-logo-duesseldorf_print-1024x682.jpg 1024w, https:\/\/packaging-journal.de\/wp-content\/uploads\/2022\/02\/henkel-logo-duesseldorf_print-768x511.jpg 768w, https:\/\/packaging-journal.de\/wp-content\/uploads\/2022\/02\/henkel-logo-duesseldorf_print-1536x1023.jpg 1536w, https:\/\/packaging-journal.de\/wp-content\/uploads\/2022\/02\/henkel-logo-duesseldorf_print-1320x879.jpg 1320w, https:\/\/packaging-journal.de\/wp-content\/uploads\/2022\/02\/henkel-logo-duesseldorf_print.jpg 1750w\" sizes=\"(max-width: 300px) 100vw, 300px\" \/><\/div><\/a>\n\t\t\t\t<div class=\"elementor-post__text\">\n\t\t\t\t<h3 class=\"elementor-post__title\">\n\t\t\t<a href=\"https:\/\/packaging-journal.de\/en\/portfolioerweiterung-bei-henkel\/\" >\n\t\t\t\tPortfolio expansion at Henkel\t\t\t<\/a>\n\t\t<\/h3>\n\t\t\t\t<div class=\"elementor-post__excerpt\">\n\t\t\tHenkel expands its portfolio in the hair salon business with the acquisition of Shiseido. The company acquires the brand licence for the Shiseido Professional brand and aims to expand its brand position in Japan and China.\t\t<\/div>\n\t\t\n\t\t<a class=\"elementor-post__read-more\" href=\"https:\/\/packaging-journal.de\/en\/portfolioerweiterung-bei-henkel\/\" aria-label=\"Read more about Portfolio expansion at Henkel\" tabindex=\"-1\" >\n\t\t\tRead more \"\t\t<\/a>\n\n\t\t\t\t<\/div>\n\t\t\t\t\t<\/div>\n\t\t<\/article>\n\t\t\t\t<\/div>\n\t\t\n\t\t\t\t\t\t<\/div>\n\t\t\t\t<\/div>\n\t\t\t\t\t<\/div>\n\t\t<\/div>\n\t\t\t\t\t<\/div>\n\t\t<\/section>\n\t\t\t\t<\/div>","protected":false},"excerpt":{"rendered":"A Japanese company is making a new foray into interactive packaging. Using NFC1 technology, packaging connects to a smartphone to offer consumers digital content such as games or music.","protected":false},"author":7,"featured_media":46294,"comment_status":"closed","ping_status":"closed","sticky":false,"template":"","format":"standard","meta":{"_acf_changed":false,"__cvm_playback_settings":[],"__cvm_video_id":"","rank_math_description":"Ein japanisches Unternehmen macht einen neuen Vorsto\u00df in Sachen interaktiver Verpackung. \u00dcber NFC1 Technologie verbindet sich Verpackung mit dem Smartphone, um Verbrauchern digitale Inhalte, wie Spiele oder Musik anzubieten. ","rank_math_focus_keyword":"interaktive verpackung","rank_math_title":"","csco_display_header_overlay":false,"csco_singular_sidebar":"","csco_page_header_type":"","csco_page_load_nextpost":"","csco_post_video_location":[],"csco_post_video_location_hash":"","csco_post_video_url":"","csco_post_video_bg_start_time":0,"csco_post_video_bg_end_time":0,"footnotes":"","_links_to":"","_links_to_target":""},"categories":[22],"tags":[50,32],"class_list":{"0":"post-46285","1":"post","2":"type-post","3":"status-publish","4":"format-standard","5":"has-post-thumbnail","7":"category-packmittel-und-packstoffe","8":"tag-luxus-und-aktionsverpackungen","9":"tag-packmittel-und-packstoffe","10":"cs-entry","11":"cs-video-wrap"},"acf":[],"vimeo_video":null,"_links":{"self":[{"href":"https:\/\/packaging-journal.de\/en\/wp-json\/wp\/v2\/posts\/46285","targetHints":{"allow":["GET"]}}],"collection":[{"href":"https:\/\/packaging-journal.de\/en\/wp-json\/wp\/v2\/posts"}],"about":[{"href":"https:\/\/packaging-journal.de\/en\/wp-json\/wp\/v2\/types\/post"}],"author":[{"embeddable":true,"href":"https:\/\/packaging-journal.de\/en\/wp-json\/wp\/v2\/users\/7"}],"replies":[{"embeddable":true,"href":"https:\/\/packaging-journal.de\/en\/wp-json\/wp\/v2\/comments?post=46285"}],"version-history":[{"count":0,"href":"https:\/\/packaging-journal.de\/en\/wp-json\/wp\/v2\/posts\/46285\/revisions"}],"wp:featuredmedia":[{"embeddable":true,"href":"https:\/\/packaging-journal.de\/en\/wp-json\/wp\/v2\/media\/46294"}],"wp:attachment":[{"href":"https:\/\/packaging-journal.de\/en\/wp-json\/wp\/v2\/media?parent=46285"}],"wp:term":[{"taxonomy":"category","embeddable":true,"href":"https:\/\/packaging-journal.de\/en\/wp-json\/wp\/v2\/categories?post=46285"},{"taxonomy":"post_tag","embeddable":true,"href":"https:\/\/packaging-journal.de\/en\/wp-json\/wp\/v2\/tags?post=46285"}],"curies":[{"name":"wp","href":"https:\/\/api.w.org\/{rel}","templated":true}]}}