{"id":46364,"date":"2021-07-08T16:09:03","date_gmt":"2021-07-08T14:09:03","guid":{"rendered":"https:\/\/packaging-journal.de\/?p=46364"},"modified":"2021-07-08T16:09:03","modified_gmt":"2021-07-08T14:09:03","slug":"suedpack-sustainability-report","status":"publish","type":"post","link":"https:\/\/packaging-journal.de\/en\/suedpack-nachhaltigkeitsbericht\/","title":{"rendered":"S\u00fcdpack focusses on sustainable products and chemical recycling"},"content":{"rendered":"<p>Folienspezialist S\u00fcdpack hat jetzt seinen aktuellen Nachhaltigkeitsbericht ver\u00f6ffentlicht. Au\u00dferdem fiel der Startschuss f\u00fcr die erste virtuelle Messe, die ihre Pforten seit Anfang Juli an 365 Tagen rund um die Uhr ge\u00f6ffnet hat.<\/p>\n<p>Nachhaltigkeit m\u00fcsse ganzheitlich in allen Stufen der Prozesskette und als Teil eines kontinuierlichen Optimierungsprozesses einer ganzen Branche gedacht werden, so <strong>Erik Bouts,<\/strong> Sprecher der Gesch\u00e4ftsf\u00fchrung von S\u00fcdpack. Das Unternehmen konzentriert sich bei der Weiterentwicklung seines Produktportfolios auf die vier Hauptaspekte Recyclingf\u00e4higkeit, Materialeffizienz, nachwachsende Rohstoffe und Kreislaufwirtschaft. So umfasst beispielsweise das PureLine-Portfolios <strong>Mono-Materialien aus PE, PP und PET<\/strong>, die dieselben Schutz- und Convenience-Funktionen wie herk\u00f6mmliche Folienstrukturen aufweisen.<\/p>\n<p>Bis 2025 soll rund die H\u00e4lfte des <strong>Umsatzes mit nachhaltigen Produkten<\/strong> generiert werden. Derzeit liegt der Umsatzanteil bei etwa 35 Prozent.<\/p><div class=\"packa-in-post-alle\" style=\"text-align: center;\" id=\"packa-2770204924\"><div id=\"packa-1646432307\"><a data-no-instant=\"1\" href=\"https:\/\/packaging-journal.de\/en\/newsletter\/\" rel=\"noopener\" class=\"a2t-link\" target=\"_blank\" aria-label=\"PJ Eigenwerbung English 03\"><!--noptimize--><img src=\"https:\/\/packaging-journal.de\/wp-content\/uploads\/2026\/01\/PJ-Eigenwerbung-English-03.png\" alt=\"\"  srcset=\"https:\/\/packaging-journal.de\/wp-content\/uploads\/2026\/01\/PJ-Eigenwerbung-English-03.png 840w, https:\/\/packaging-journal.de\/wp-content\/uploads\/2026\/01\/PJ-Eigenwerbung-English-03-300x75.png 300w, https:\/\/packaging-journal.de\/wp-content\/uploads\/2026\/01\/PJ-Eigenwerbung-English-03-768x192.png 768w, https:\/\/packaging-journal.de\/wp-content\/uploads\/2026\/01\/PJ-Eigenwerbung-English-03-18x5.png 18w, https:\/\/packaging-journal.de\/wp-content\/uploads\/2026\/01\/PJ-Eigenwerbung-English-03-332x83.png 332w, https:\/\/packaging-journal.de\/wp-content\/uploads\/2026\/01\/PJ-Eigenwerbung-English-03-664x166.png 664w, https:\/\/packaging-journal.de\/wp-content\/uploads\/2026\/01\/PJ-Eigenwerbung-English-03-688x172.png 688w\" sizes=\"(max-width: 840px) 100vw, 840px\" width=\"840\" height=\"210\"  style=\" max-width: 100%; height: auto;\" \/><!--\/noptimize--><\/a><\/div><\/div>\n<h2><strong>S\u00fcdpack verwertet eigene Folienabf\u00e4lle<\/strong><\/h2>\n<p>Ein besonderes Augenmerk von <a href=\"https:\/\/packaging-journal.de\/?s=s%C3%BCdpack\" target=\"_blank\" rel=\"noopener\" data-schema-attribute=\"\">S\u00fcdpack<\/a> liegt auf der Implementierung eines<strong> effizienten Wertstoffmanagements<\/strong>. Dabei dient der Standort Schwendi als Kompetenzzentrum f\u00fcr das Aufbereiten und Recyceln von Wertstoffen. Die Integration einer <strong>eigenen Regranulierung<\/strong> sei ein Meilenstein in Richtung Nachhaltigkeit und ein Bekenntnis zu einer kompromisslosen internen Kreislaufwirtschaft, hei\u00dft es. Denn die produktionsbedingten Folienabf\u00e4lle an den deutschen Betriebsst\u00e4tten werden sortenrein gesammelt und dann in Schwendi f\u00fcr eine sinnvolle Wiederverwertung aufbereitet.<\/p>\n<p>So konnten in nahezu allen Fertigungsstufen in den letzten Jahren der <strong>Rohstoffverbrauch und die Abfallmenge signifikant gesenkt<\/strong> werden.<\/p><div id=\"packa-2866903346\" class=\"packa-inhalt\"><!--noptimize--><script async src=\"https:\/\/pagead2.googlesyndication.com\/pagead\/js\/adsbygoogle.js?client=ca-pub-2686439340972671\" crossorigin=\"anonymous\"><\/script>\r\n<ins class=\"adsbygoogle\" style=\"display:block;text-align:center\" data-ad-layout=\"in-article\" data-ad-format=\"fluid\" data-ad-client=\"ca-pub-2686439340972671\" data-ad-slot=\"6171251825\"><\/ins>\r\n<script>\r\n     (adsbygoogle = window.adsbygoogle || []).push({});\r\n<\/script><!--\/noptimize--><\/div>\n<h2><strong>L\u00f6sungsans\u00e4tze f\u00fcr eine funktionierende Kreislaufwirtschaft <\/strong><\/h2>\n<p>Ziel ist es, eine funktionierende Kreislaufwirtschaft f\u00fcr flexible Verpackungen nicht nur in eigenen Prozessen, sondern auch im Markt zu verankern \u2013 und einen Beitrag zu einer zirkul\u00e4ren Wirtschaft wie auch zur Dekarbonisierung und CO<sub>2<\/sub>-Reduzierung zu leisten. In diesem Zusammenhang forciert der Folienhersteller insbesondere die <strong>Anerkennung des chemischen Recyclings<\/strong> als erg\u00e4nzende Recyclingalternative zum mechanischen Recycling.<\/p>\n<p>Durch das chemische Recycling lassen sich aus mehrschichtigen, gemischten oder auch verunreinigten Folienverbunden, die bisher nicht durch das Verfahren des mechanischen Recyclings verwertet werden k\u00f6nnen, ressourcenschonend <strong>neue, hochwertige Basis-Chemikalien<\/strong> gewinnen. Die hieraus gewonnenen Kunststoffe eignen sich wiederum f\u00fcr die Herstellung von Hochleistungsfolien, die f\u00fcr das Verpacken von anspruchsvollen Produkten mit hohen Qualit\u00e4ts- und Hygieneanforderungen wie beispielsweise in der Lebensmittelindustrie eingesetzt werden k\u00f6nnen.<\/p>\n<p>Eine Informations- und Kommunikationsplattform stellt zudem die erste <a href=\"https:\/\/exhibition.suedpack.com\" target=\"_blank\" rel=\"noopener\" data-schema-attribute=\"\">virtuelle Messe<\/a> von S\u00fcdpack dar. Sie ist an 365 Tagen im Jahr rund um die Uhr ge\u00f6ffnet.<\/p>\n[infotext icon]S\u00fcdpack ist ein f\u00fchrender Hersteller von Hightech-Folien und Verpackungs-materialien f\u00fcr die Lebensmittel-, Non-Food- und Medizing\u00fcterindustrie. Der Hauptsitz des Familienunternehmens, das 1964 von Alfred Remmele gegr\u00fcndet wurde, befindet sich in Ochsenhausen. Die Produktionsstandorte in Deutschland, Frankreich, Polen, der Schweiz, den Niederlanden und den USA sind mit modernster Anlagentechnologie ausgestattet und fertigen u.a. auch unter Reinraumbedingungen.[\/infotext]\n<p>Quelle: S\u00fcdpack<\/p>\n","protected":false},"excerpt":{"rendered":"Film specialist S\u00fcdpack has now published its latest sustainability report. It has also launched its first virtual trade fair, which has been open around the clock 365 days a year since the beginning of July.","protected":false},"author":20,"featured_media":46367,"comment_status":"closed","ping_status":"closed","sticky":false,"template":"","format":"standard","meta":{"_acf_changed":false,"__cvm_playback_settings":[],"__cvm_video_id":"","rank_math_description":"Folienspezialist S\u00fcdpack hat jetzt seinen aktuellen Nachhaltigkeitsbericht ver\u00f6ffentlicht Au\u00dferdem fiel der Startschuss f\u00fcr die erste virtuelle Messe.","rank_math_focus_keyword":"S\u00fcdpack","rank_math_title":"","csco_display_header_overlay":false,"csco_singular_sidebar":"","csco_page_header_type":"","csco_page_load_nextpost":"","csco_post_video_location":[],"csco_post_video_location_hash":"","csco_post_video_url":"","csco_post_video_bg_start_time":0,"csco_post_video_bg_end_time":0,"footnotes":"","_links_to":"","_links_to_target":""},"categories":[22],"tags":[65,54,32,57883],"class_list":{"0":"post-46364","1":"post","2":"type-post","3":"status-publish","4":"format-standard","5":"has-post-thumbnail","7":"category-packmittel-und-packstoffe","8":"tag-abfalltechnik-und-recycling","9":"tag-kunststoff-und-verbunde","10":"tag-packmittel-und-packstoffe","11":"tag-suedpack","12":"cs-entry","13":"cs-video-wrap"},"acf":[],"vimeo_video":null,"_links":{"self":[{"href":"https:\/\/packaging-journal.de\/en\/wp-json\/wp\/v2\/posts\/46364","targetHints":{"allow":["GET"]}}],"collection":[{"href":"https:\/\/packaging-journal.de\/en\/wp-json\/wp\/v2\/posts"}],"about":[{"href":"https:\/\/packaging-journal.de\/en\/wp-json\/wp\/v2\/types\/post"}],"author":[{"embeddable":true,"href":"https:\/\/packaging-journal.de\/en\/wp-json\/wp\/v2\/users\/20"}],"replies":[{"embeddable":true,"href":"https:\/\/packaging-journal.de\/en\/wp-json\/wp\/v2\/comments?post=46364"}],"version-history":[{"count":0,"href":"https:\/\/packaging-journal.de\/en\/wp-json\/wp\/v2\/posts\/46364\/revisions"}],"wp:featuredmedia":[{"embeddable":true,"href":"https:\/\/packaging-journal.de\/en\/wp-json\/wp\/v2\/media\/46367"}],"wp:attachment":[{"href":"https:\/\/packaging-journal.de\/en\/wp-json\/wp\/v2\/media?parent=46364"}],"wp:term":[{"taxonomy":"category","embeddable":true,"href":"https:\/\/packaging-journal.de\/en\/wp-json\/wp\/v2\/categories?post=46364"},{"taxonomy":"post_tag","embeddable":true,"href":"https:\/\/packaging-journal.de\/en\/wp-json\/wp\/v2\/tags?post=46364"}],"curies":[{"name":"wp","href":"https:\/\/api.w.org\/{rel}","templated":true}]}}