{"id":46693,"date":"2021-07-22T10:23:10","date_gmt":"2021-07-22T08:23:10","guid":{"rendered":"https:\/\/packaging-journal.de\/?p=46693"},"modified":"2021-07-22T10:23:10","modified_gmt":"2021-07-22T08:23:10","slug":"securikett-shows-security-tapes-for-parcels","status":"publish","type":"post","link":"https:\/\/packaging-journal.de\/en\/securikett-zeigt-sicherheitstapes-fuer-pakete\/","title":{"rendered":"Packaging tapes from Securikett for more security in parcel shipping"},"content":{"rendered":"<p>Securikett zeigt auf der diesj\u00e4hrigen Fachpack erstmals live die Verpackungsb\u00e4nder seiner SecurityTape-Serie. Sie hinterlassen beim L\u00f6sen einen unverkennbaren und irreversiblen \u00d6ffnungsnachweis.<\/p>\n<p>Neben zahlreichen Neuerscheinungen am Sektor <strong>Sicherheitsetiketten<\/strong> bietet <a href=\"https:\/\/packaging-journal.de\/tag\/=securikett\/\" target=\"_blank\" rel=\"noopener\" data-schema-attribute=\"\">Securikett<\/a> Messebesuchern die M\u00f6glichkeit, die innovativen Verpackungstapes zu testen, die aus jedem Paket einen Tresor machen.<\/p>\n<blockquote><p>\u201eDie Spezialverpackungsb\u00e4nder wurden hausintern entwickelt und mehrere Monate in unserem F &amp; E-Labor harten Testbedingungen unterzogen, die weit \u00fcber den handels\u00fcblichen Industrienormen lagen. Speziell im Online-Bereich k\u00f6nnen Markeninhaber dadurch einfach und rasch das Vertrauen ihrer Konsumenten st\u00e4rken. Die Zahl der F\u00e4lschungen am Markt ist in den letzten Jahren rasant gestiegen. Mit diesem sofort einsetzbaren Sicherheitsprodukt kann der Handel mit gef\u00e4lschten Produkten einged\u00e4mmt werden.\u201c <strong>Vanessa Mitterer<\/strong>, Msc. Leiterin der Forschungsabteilung<\/p><\/blockquote>\n<h2>Securikett verbindet Digitalisierung und Sicherheitsdruck<\/h2>\n<p>Messe-G\u00e4ste werden auch die M\u00f6glichkeit haben, sich mit Experten auf dem Gebiet der <strong>Digitalisierung von Produkten<\/strong> auszutauschen.<\/p><div class=\"packa-in-post-alle\" style=\"text-align: center;\" id=\"packa-171999767\"><div id=\"packa-3850020971\"><a data-no-instant=\"1\" href=\"https:\/\/packaging-journal.de\/en\/newsletter\/\" rel=\"noopener\" class=\"a2t-link\" target=\"_blank\" aria-label=\"PJ Eigenwerbung English 03\"><!--noptimize--><img src=\"https:\/\/packaging-journal.de\/wp-content\/uploads\/2026\/01\/PJ-Eigenwerbung-English-03.png\" alt=\"\"  srcset=\"https:\/\/packaging-journal.de\/wp-content\/uploads\/2026\/01\/PJ-Eigenwerbung-English-03.png 840w, https:\/\/packaging-journal.de\/wp-content\/uploads\/2026\/01\/PJ-Eigenwerbung-English-03-300x75.png 300w, https:\/\/packaging-journal.de\/wp-content\/uploads\/2026\/01\/PJ-Eigenwerbung-English-03-768x192.png 768w, https:\/\/packaging-journal.de\/wp-content\/uploads\/2026\/01\/PJ-Eigenwerbung-English-03-18x5.png 18w, https:\/\/packaging-journal.de\/wp-content\/uploads\/2026\/01\/PJ-Eigenwerbung-English-03-332x83.png 332w, https:\/\/packaging-journal.de\/wp-content\/uploads\/2026\/01\/PJ-Eigenwerbung-English-03-664x166.png 664w, https:\/\/packaging-journal.de\/wp-content\/uploads\/2026\/01\/PJ-Eigenwerbung-English-03-688x172.png 688w\" sizes=\"(max-width: 840px) 100vw, 840px\" width=\"840\" height=\"210\"  style=\" max-width: 100%; height: auto;\" \/><!--\/noptimize--><\/a><\/div><\/div>\n<p>\u201eWir verstehen uns nicht nur auf unterschiedlichste Branchenanforderungen im Bereich Produktdigitalisierung, sondern verbinden dies mit unserem Know-how im Bereich Sicherheitsdruck. Wer eine eigene Softwarel\u00f6sung hat, kann unseren <strong>Unique Code Generator<\/strong> nutzen. Codes k\u00f6nnen in gro\u00dfen Mengen generiert werden und die Verteilung wird in allen Phasen dokumentiert. Mit der<strong> Codikett-Plattform<\/strong>, die modular aufgebaut ist, bestimmen Kunden selbst die Tiefe, in der sie \u00fcber jedes einzelne Produkt und dessen Lebenszyklus informiert werden wollen\u201c, sagt <strong>Marco Linsenmann,<\/strong> Chief Digital Officer bei Securikett.<\/p>\n<figure id=\"attachment_46697\" aria-describedby=\"caption-attachment-46697\" style=\"width: 667px\" class=\"wp-caption aligncenter\"><img fetchpriority=\"high\" decoding=\"async\" class=\"wp-image-46697 size-full\" src=\"https:\/\/packaging-journal.de\/wp-content\/uploads\/2021\/07\/Securikett_Bild1.jpg\" alt=\"Securikett Verpackungsklebeband\" width=\"667\" height=\"1000\" srcset=\"https:\/\/packaging-journal.de\/wp-content\/uploads\/2021\/07\/Securikett_Bild1.jpg 667w, https:\/\/packaging-journal.de\/wp-content\/uploads\/2021\/07\/Securikett_Bild1-200x300.jpg 200w, https:\/\/packaging-journal.de\/wp-content\/uploads\/2021\/07\/Securikett_Bild1-600x900.jpg 600w\" sizes=\"(max-width: 667px) 100vw, 667px\" \/><figcaption id=\"caption-attachment-46697\" class=\"wp-caption-text\">(Bild: Securikett)<\/figcaption><\/figure>\n<p>F\u00fcr alle, die keine Zeit haben, die Messe zu besuchen, bietet das Unternehmen neuerdings einen<a href=\"https:\/\/securitylounge.securikett.digital\/\" target=\"_blank\" rel=\"noopener\" data-schema-attribute=\"\"> virtuellen Showroom<\/a>.<\/p><div id=\"packa-4067990490\" class=\"packa-inhalt\"><!--noptimize--><script async src=\"https:\/\/pagead2.googlesyndication.com\/pagead\/js\/adsbygoogle.js?client=ca-pub-2686439340972671\" crossorigin=\"anonymous\"><\/script>\r\n<ins class=\"adsbygoogle\" style=\"display:block;text-align:center\" data-ad-layout=\"in-article\" data-ad-format=\"fluid\" data-ad-client=\"ca-pub-2686439340972671\" data-ad-slot=\"6171251825\"><\/ins>\r\n<script>\r\n     (adsbygoogle = window.adsbygoogle || []).push({});\r\n<\/script><!--\/noptimize--><\/div>\n<p>Securikett auf der Fachpack 2021: <strong>Halle 7 \/ Stand 510<\/strong><\/p>\n[infotext icon]Ausgehend von Sicherheitsetiketten, geh\u00f6rt der Familienbetrieb Securikett heute zu den weltweit f\u00fchrenden Unternehmen, die Smart Packaging mit Manipulationsnachweis, Sicherheit und IoT Services aus einer Hand anbieten. Das Unternehmen wurde 2001 gegr\u00fcndet und besch\u00e4ftigt mittlerweile 90 Mitarbeiter. Anwendungen finden sich auf Luxusg\u00fctern, Spirituosen, Medikamenten-und Ersatzteilverpackungen, auf Windschutzscheiben ebenso wie auf Versandkartons. Von \u00d6sterreich aus erfolgt der Vertrieb in \u00fcber 45 L\u00e4nder.[\/infotext]\n<p><em>Quelle<\/em>: Securikett<\/p>\n","protected":false},"excerpt":{"rendered":"Securikett will be presenting the packaging tapes from its SecurityTape series live for the first time at this year's Fachpack. They leave an unmistakable and irreversible proof of opening when released.\u00a0","protected":false},"author":20,"featured_media":46694,"comment_status":"closed","ping_status":"closed","sticky":false,"template":"","format":"standard","meta":{"_acf_changed":false,"__cvm_playback_settings":[],"__cvm_video_id":"","rank_math_description":"Securikett zeigt auf der diesj\u00e4hrigen Fachpack erstmals live die Verpackungsb\u00e4nder seiner SecurityTape-Serie. Sie hinterlassen beim L\u00f6sen einen unverkennbaren und irreversiblen \u00d6ffnungsnachweis.\u00a0","rank_math_focus_keyword":"Securikett","rank_math_title":"","csco_display_header_overlay":false,"csco_singular_sidebar":"","csco_page_header_type":"","csco_page_load_nextpost":"","csco_post_video_location":[],"csco_post_video_location_hash":"","csco_post_video_url":"","csco_post_video_bg_start_time":0,"csco_post_video_bg_end_time":0,"footnotes":"","_links_to":"","_links_to_target":""},"categories":[22],"tags":[67,54,32,58815],"class_list":{"0":"post-46693","1":"post","2":"type-post","3":"status-publish","4":"format-standard","5":"has-post-thumbnail","7":"category-packmittel-und-packstoffe","8":"tag-fachpack","9":"tag-kunststoff-und-verbunde","10":"tag-packmittel-und-packstoffe","11":"tag-securikett","12":"cs-entry","13":"cs-video-wrap"},"acf":[],"vimeo_video":null,"_links":{"self":[{"href":"https:\/\/packaging-journal.de\/en\/wp-json\/wp\/v2\/posts\/46693","targetHints":{"allow":["GET"]}}],"collection":[{"href":"https:\/\/packaging-journal.de\/en\/wp-json\/wp\/v2\/posts"}],"about":[{"href":"https:\/\/packaging-journal.de\/en\/wp-json\/wp\/v2\/types\/post"}],"author":[{"embeddable":true,"href":"https:\/\/packaging-journal.de\/en\/wp-json\/wp\/v2\/users\/20"}],"replies":[{"embeddable":true,"href":"https:\/\/packaging-journal.de\/en\/wp-json\/wp\/v2\/comments?post=46693"}],"version-history":[{"count":0,"href":"https:\/\/packaging-journal.de\/en\/wp-json\/wp\/v2\/posts\/46693\/revisions"}],"wp:featuredmedia":[{"embeddable":true,"href":"https:\/\/packaging-journal.de\/en\/wp-json\/wp\/v2\/media\/46694"}],"wp:attachment":[{"href":"https:\/\/packaging-journal.de\/en\/wp-json\/wp\/v2\/media?parent=46693"}],"wp:term":[{"taxonomy":"category","embeddable":true,"href":"https:\/\/packaging-journal.de\/en\/wp-json\/wp\/v2\/categories?post=46693"},{"taxonomy":"post_tag","embeddable":true,"href":"https:\/\/packaging-journal.de\/en\/wp-json\/wp\/v2\/tags?post=46693"}],"curies":[{"name":"wp","href":"https:\/\/api.w.org\/{rel}","templated":true}]}}