{"id":46929,"date":"2021-07-29T16:50:44","date_gmt":"2021-07-29T14:50:44","guid":{"rendered":"https:\/\/packaging-journal.de\/?p=46929"},"modified":"2021-07-29T16:50:44","modified_gmt":"2021-07-29T14:50:44","slug":"alpla-takes-over-verigreen-packaging","status":"publish","type":"post","link":"https:\/\/packaging-journal.de\/en\/alpla-uebernimmt-verigreen-packaging\/","title":{"rendered":"Alpla takes over Verigreen Packaging"},"content":{"rendered":"<p>The Alpla Group has acquired the Durban-based manufacturer Verigreen Packaging. The company specialises in bottles and canisters for lubricants such as motor oils.<\/p>\n<p>Alpla is strengthening its commitment to the region with this acquisition. In 2017, the African market leader in the production of PET bottles, PET preforms and caps, Boxmore Packaging, was acquired. A modern production facility, including regional headquarters, is currently being built in Lanseria, near Johannesburg.<\/p>\n<p>There is also a production facility near Cape Town. The acquisition of Verigreen Packaging adds a plant in the country's third largest city, Durban. Outside of Africa, Alpla already has a great deal of experience in the production of packaging for lubricants.<\/p><div class=\"packa-in-post-alle\" style=\"text-align: center;\" id=\"packa-626506459\"><div id=\"packa-141812767\"><a data-no-instant=\"1\" href=\"https:\/\/packaging-journal.de\/en\/newsletter\/\" rel=\"noopener\" class=\"a2t-link\" target=\"_blank\" aria-label=\"PJ Self-promotion English 03\"><!--noptimize--><img src=\"https:\/\/packaging-journal.de\/wp-content\/uploads\/2026\/01\/PJ-Eigenwerbung-English-03.png\" alt=\"\"  srcset=\"https:\/\/packaging-journal.de\/wp-content\/uploads\/2026\/01\/PJ-Eigenwerbung-English-03.png 840w, https:\/\/packaging-journal.de\/wp-content\/uploads\/2026\/01\/PJ-Eigenwerbung-English-03-300x75.png 300w, https:\/\/packaging-journal.de\/wp-content\/uploads\/2026\/01\/PJ-Eigenwerbung-English-03-768x192.png 768w, https:\/\/packaging-journal.de\/wp-content\/uploads\/2026\/01\/PJ-Eigenwerbung-English-03-18x5.png 18w, https:\/\/packaging-journal.de\/wp-content\/uploads\/2026\/01\/PJ-Eigenwerbung-English-03-332x83.png 332w, https:\/\/packaging-journal.de\/wp-content\/uploads\/2026\/01\/PJ-Eigenwerbung-English-03-664x166.png 664w, https:\/\/packaging-journal.de\/wp-content\/uploads\/2026\/01\/PJ-Eigenwerbung-English-03-688x172.png 688w\" sizes=\"(max-width: 840px) 100vw, 840px\" width=\"840\" height=\"210\"  style=\" max-width: 100%; height: auto;\" \/><!--\/noptimize--><\/a><\/div><\/div>\n<p>The two companies have agreed not to disclose details of the contract.<\/p>\n<p>Source: Alpla<\/p><div id=\"packa-1148814322\" class=\"packa-inhalt\"><!--noptimize--><script async src=\"https:\/\/pagead2.googlesyndication.com\/pagead\/js\/adsbygoogle.js?client=ca-pub-2686439340972671\" crossorigin=\"anonymous\"><\/script>\r\n<ins class=\"adsbygoogle\" style=\"display:block;text-align:center\" data-ad-layout=\"in-article\" data-ad-format=\"fluid\" data-ad-client=\"ca-pub-2686439340972671\" data-ad-slot=\"6171251825\"><\/ins>\r\n<script>\r\n     (adsbygoogle = window.adsbygoogle || []).push({});\r\n<\/script><!--\/noptimize--><\/div>","protected":false},"excerpt":{"rendered":"The Alpla Group has acquired the Durban-based manufacturer Verigreen Packaging. The company specialises in bottles and canisters for lubricants.","protected":false},"author":20,"featured_media":46930,"comment_status":"closed","ping_status":"closed","sticky":false,"template":"","format":"standard","meta":{"_acf_changed":false,"__cvm_playback_settings":[],"__cvm_video_id":"","rank_math_description":"Alpla hat den s\u00fcdafrikanischen Hersteller Verigreen Packaging \u00fcbernommen, der auf die Herstellung von Flaschen und Kanistern f\u00fcr Schmierstoffe spezialisiert ist.","rank_math_focus_keyword":"Verigreen Packaging","rank_math_title":"","csco_display_header_overlay":false,"csco_singular_sidebar":"","csco_page_header_type":"","csco_page_load_nextpost":"","csco_post_video_location":[],"csco_post_video_location_hash":"","csco_post_video_url":"","csco_post_video_bg_start_time":0,"csco_post_video_bg_end_time":0,"footnotes":"","_links_to":"","_links_to_target":""},"categories":[114],"tags":[58753,54,59142,1023],"class_list":{"0":"post-46929","1":"post","2":"type-post","3":"status-publish","4":"format-standard","5":"has-post-thumbnail","7":"category-aus-den-unternehmen-news","8":"tag-alpla","9":"tag-kunststoff-und-verbunde","10":"tag-news-express","11":"tag-non-food","12":"post_format-post-format-standard","13":"cs-entry","14":"cs-video-wrap"},"acf":[],"vimeo_video":null,"_links":{"self":[{"href":"https:\/\/packaging-journal.de\/en\/wp-json\/wp\/v2\/posts\/46929","targetHints":{"allow":["GET"]}}],"collection":[{"href":"https:\/\/packaging-journal.de\/en\/wp-json\/wp\/v2\/posts"}],"about":[{"href":"https:\/\/packaging-journal.de\/en\/wp-json\/wp\/v2\/types\/post"}],"author":[{"embeddable":true,"href":"https:\/\/packaging-journal.de\/en\/wp-json\/wp\/v2\/users\/20"}],"replies":[{"embeddable":true,"href":"https:\/\/packaging-journal.de\/en\/wp-json\/wp\/v2\/comments?post=46929"}],"version-history":[{"count":0,"href":"https:\/\/packaging-journal.de\/en\/wp-json\/wp\/v2\/posts\/46929\/revisions"}],"wp:featuredmedia":[{"embeddable":true,"href":"https:\/\/packaging-journal.de\/en\/wp-json\/wp\/v2\/media\/46930"}],"wp:attachment":[{"href":"https:\/\/packaging-journal.de\/en\/wp-json\/wp\/v2\/media?parent=46929"}],"wp:term":[{"taxonomy":"category","embeddable":true,"href":"https:\/\/packaging-journal.de\/en\/wp-json\/wp\/v2\/categories?post=46929"},{"taxonomy":"post_tag","embeddable":true,"href":"https:\/\/packaging-journal.de\/en\/wp-json\/wp\/v2\/tags?post=46929"}],"curies":[{"name":"wp","href":"https:\/\/api.w.org\/{rel}","templated":true}]}}