{"id":47180,"date":"2021-08-05T11:16:28","date_gmt":"2021-08-05T09:16:28","guid":{"rendered":"https:\/\/packaging-journal.de\/?p=47180"},"modified":"2021-08-05T11:16:28","modified_gmt":"2021-08-05T09:16:28","slug":"thimm-sustainable-display-concept-for-vileda","status":"publish","type":"post","link":"https:\/\/packaging-journal.de\/en\/thimm-nachhaltiges-displaykonzept-fuer-vileda\/","title":{"rendered":"Thimm develops sustainable display concept for Vileda"},"content":{"rendered":"<p>Thimm produziert f\u00fcr die Reinigungsmittelmarke Vileda modulare Displays aus recycelbarer Wellpappe. Sie bestehen aus wenigen, standardisierten Grundmodulen, sind langlebig und flexibel kombinierbar.<\/p>\n<p>Vileda produziert Bodenwischer, Sp\u00fclschw\u00e4mme, Mikrofasert\u00fccher, Kehrsets sowie viele andere Reinigungsger\u00e4te und etablierte sich zur weltweit f\u00fchrenden Marke der mechanischen Reinigung. <a href=\"https:\/\/packaging-journal.de\/?s=thimm\" target=\"_blank\" rel=\"noopener\" data-schema-attribute=\"\">Thimm<\/a> hat jetzt f\u00fcr die Marke der Freudenberg Gruppe <strong>ein nachhaltiges, effizientes Displaykonzept<\/strong> entwickelt.<\/p>\n<p>Der modulare Aufbau der Displays basiert auf Standardtrays aus nachhaltiger Wellpappe. Diese Trays k\u00f6nnen flexibel mit wenigen Standardteilen kombiniert werden, um alle unterschiedlichen Vileda-Produkte in den Displays aufzunehmen. Der einteilige Displaymantel wird \u00fcber ein einfaches Stecksystem an den Trays und der R\u00fcckwand befestigt. Das Topschild ist fester Bestandteil des Mantels und muss daher nicht manuell befestigt werden. Verbindungsst\u00fccke und Stegs\u00e4tze sorgen <strong>f\u00fcr eine hohe Tragf\u00e4higkeit mit bis zu 20 Kilogramm je Lage<\/strong>. Mittels modularer Eins\u00e4tze und Halterungen k\u00f6nnen die Displays je nach Handelsanforderung ver\u00e4ndert und best\u00fcckt werden.<\/p><div class=\"packa-in-post-alle\" style=\"text-align: center;\" id=\"packa-1700979820\"><div id=\"packa-4292217446\"><a data-no-instant=\"1\" href=\"https:\/\/packaging-journal.de\/en\/newsletter\/\" rel=\"noopener\" class=\"a2t-link\" target=\"_blank\" aria-label=\"PJ Eigenwerbung English 03\"><!--noptimize--><img src=\"https:\/\/packaging-journal.de\/wp-content\/uploads\/2026\/01\/PJ-Eigenwerbung-English-03.png\" alt=\"\"  srcset=\"https:\/\/packaging-journal.de\/wp-content\/uploads\/2026\/01\/PJ-Eigenwerbung-English-03.png 840w, https:\/\/packaging-journal.de\/wp-content\/uploads\/2026\/01\/PJ-Eigenwerbung-English-03-300x75.png 300w, https:\/\/packaging-journal.de\/wp-content\/uploads\/2026\/01\/PJ-Eigenwerbung-English-03-768x192.png 768w, https:\/\/packaging-journal.de\/wp-content\/uploads\/2026\/01\/PJ-Eigenwerbung-English-03-18x5.png 18w, https:\/\/packaging-journal.de\/wp-content\/uploads\/2026\/01\/PJ-Eigenwerbung-English-03-332x83.png 332w, https:\/\/packaging-journal.de\/wp-content\/uploads\/2026\/01\/PJ-Eigenwerbung-English-03-664x166.png 664w, https:\/\/packaging-journal.de\/wp-content\/uploads\/2026\/01\/PJ-Eigenwerbung-English-03-688x172.png 688w\" sizes=\"(max-width: 840px) 100vw, 840px\" width=\"840\" height=\"210\"  style=\" max-width: 100%; height: auto;\" \/><!--\/noptimize--><\/a><\/div><\/div>\n<h2>Flexibles Displaykonzept<\/h2>\n<p>Die Wellpappe wurde <strong>mit digitalbedrucktem Papier in E- und BE-Qualit\u00e4t<\/strong> produziert. Der Displaymantel zeigt ein standardisiertes Druckbild, welches f\u00fcr alle Best\u00fcckungsvarianten genutzt wird. Bei Aktionen kann der digitalbedruckte Mantel individuell ver\u00e4ndert und schnell ausgetauscht werden.<\/p>\n<p>Durch die effiziente Konstruktion lassen sich die Displays einfach am POS nachf\u00fcllen und die Anordnung wirkt jederzeit aufger\u00e4umt. Da alle Komponenten des Displaykonzepts aus Wellpappe bestehen, k\u00f6nnen sie nach langer Standzeit <strong>einfach dem Altpapierkreislauf zugef\u00fchrt<\/strong> werden.<\/p><div id=\"packa-3728541735\" class=\"packa-inhalt\"><!--noptimize--><script async src=\"https:\/\/pagead2.googlesyndication.com\/pagead\/js\/adsbygoogle.js?client=ca-pub-2686439340972671\" crossorigin=\"anonymous\"><\/script>\r\n<ins class=\"adsbygoogle\" style=\"display:block;text-align:center\" data-ad-layout=\"in-article\" data-ad-format=\"fluid\" data-ad-client=\"ca-pub-2686439340972671\" data-ad-slot=\"6171251825\"><\/ins>\r\n<script>\r\n     (adsbygoogle = window.adsbygoogle || []).push({});\r\n<\/script><!--\/noptimize--><\/div>\n[infotext icon]Die <a href=\"http:\/\/link.mediaoutreach.meltwater.com\/ls\/click?upn=XF-2FqaPnKbcFlziIxa-2FjeJmjbyjSFkkb0ChlymVLS4QM-3DfS0s_Np2n8AK-2BlBGvcwADjB-2FUCPkgI-2FvtdOC5qH4RuTxZ6ruTxfMyzjPOyuNbaFGJbA2kstIy9MWbvo0TdSp4Wf0x1jb1dhh1-2FL5OVpVoaYfqxgVz1mI5BZ1w092v-2B509xImL-2FCkzw7OUUhmycBCZ-2B6kMO7JwGOWkWb7EWKMMcGEJz-2FMq6nj2T99or3K19SseI6BINlMjWDndG-2F4vjf9cGG2en1qfcXPiiBoyzXzkunEC2us3mwhcT9GRBEX-2F0VRIdmv849sA1urjNhxyRUuxMIiNsNqiM5JevB0GB5GhpdAL7TeVx2PGEzF8msMOAlZX2COKYtLxDxJ3pJkVdl2Dscsp1gT-2BENB7jcCn-2BLi0uUNAgmXWy9ZuEsIHijQdu-2F8l4g7ZmCH7fSNvr14iCklvOyghJg-3D-3D\" target=\"_blank\" rel=\"noopener\" data-schema-attribute=\"\">Thimm Gruppe<\/a> ist L\u00f6sungsanbieter f\u00fcr Verpackung und Distribution von Waren. Das Portfolio umfasst Transport- und Verkaufsverpackungen aus Wellpappe,\u00a0 Verkaufsaufsteller (Displays), Verpackungssysteme aus Materialkombinationen sowie Druckprodukte f\u00fcr die industrielle Weiterverarbeitung. Das 1949 gegr\u00fcndete Familienunternehmen besch\u00e4ftigt aktuell mehr als 3.300 Mitarbeiter an 21 Standorten in Deutschland, Frankreich, Polen, Rum\u00e4nien und Tschechien und erwirtschaftete 2020 einen Jahresumsatz von rund 605 Millionen Euro.<br \/>\n<strong>Thimm pack\u2019n\u2019display<\/strong> bietet als Teil der Thimm Gruppe Kundenl\u00f6sung zum Verpacken und Pr\u00e4sentieren von Waren. Der Gesch\u00e4ftsbereich begleitet europaweit Projekte von der Beratung \u00fcber die Entwicklung, Gestaltung, Produktion und Konfektionierung bis hin zur Distribution. Zum Kundenkreis z\u00e4hlt die weltweit agierende Markenartikelindustrie, online wie auch station\u00e4r.[\/infotext]\n<p><em>Quelle:<\/em> Thimm<\/p>\n","protected":false},"excerpt":{"rendered":"Thimm produces modular displays made from recyclable corrugated cardboard for the cleaning products brand Vileda. They consist of a few standardised basic modules, are durable and can be flexibly combined.","protected":false},"author":20,"featured_media":47181,"comment_status":"closed","ping_status":"closed","sticky":false,"template":"","format":"standard","meta":{"_acf_changed":false,"__cvm_playback_settings":[],"__cvm_video_id":"","rank_math_description":"Thimm produziert ein nachhaltiges Displaykonzept f\u00fcr Vileda. Die modularen Displays aus recycelbarer Wellpappe sind langlebig und flexibel kombinierbar.","rank_math_focus_keyword":"Displaykonzept","rank_math_title":"","csco_display_header_overlay":false,"csco_singular_sidebar":"","csco_page_header_type":"","csco_page_load_nextpost":"","csco_post_video_location":[],"csco_post_video_location_hash":"","csco_post_video_url":"","csco_post_video_bg_start_time":0,"csco_post_video_bg_end_time":0,"footnotes":"","_links_to":"","_links_to_target":""},"categories":[22],"tags":[1023,32,1487,59054],"class_list":{"0":"post-47180","1":"post","2":"type-post","3":"status-publish","4":"format-standard","5":"has-post-thumbnail","7":"category-packmittel-und-packstoffe","8":"tag-non-food","9":"tag-packmittel-und-packstoffe","10":"tag-papier-pappe-karton","11":"tag-thimm-group","12":"cs-entry","13":"cs-video-wrap"},"acf":[],"vimeo_video":null,"_links":{"self":[{"href":"https:\/\/packaging-journal.de\/en\/wp-json\/wp\/v2\/posts\/47180","targetHints":{"allow":["GET"]}}],"collection":[{"href":"https:\/\/packaging-journal.de\/en\/wp-json\/wp\/v2\/posts"}],"about":[{"href":"https:\/\/packaging-journal.de\/en\/wp-json\/wp\/v2\/types\/post"}],"author":[{"embeddable":true,"href":"https:\/\/packaging-journal.de\/en\/wp-json\/wp\/v2\/users\/20"}],"replies":[{"embeddable":true,"href":"https:\/\/packaging-journal.de\/en\/wp-json\/wp\/v2\/comments?post=47180"}],"version-history":[{"count":0,"href":"https:\/\/packaging-journal.de\/en\/wp-json\/wp\/v2\/posts\/47180\/revisions"}],"wp:featuredmedia":[{"embeddable":true,"href":"https:\/\/packaging-journal.de\/en\/wp-json\/wp\/v2\/media\/47181"}],"wp:attachment":[{"href":"https:\/\/packaging-journal.de\/en\/wp-json\/wp\/v2\/media?parent=47180"}],"wp:term":[{"taxonomy":"category","embeddable":true,"href":"https:\/\/packaging-journal.de\/en\/wp-json\/wp\/v2\/categories?post=47180"},{"taxonomy":"post_tag","embeddable":true,"href":"https:\/\/packaging-journal.de\/en\/wp-json\/wp\/v2\/tags?post=47180"}],"curies":[{"name":"wp","href":"https:\/\/api.w.org\/{rel}","templated":true}]}}