{"id":47286,"date":"2021-08-09T16:58:54","date_gmt":"2021-08-09T14:58:54","guid":{"rendered":"https:\/\/packaging-journal.de\/?p=47286"},"modified":"2021-08-09T16:58:54","modified_gmt":"2021-08-09T14:58:54","slug":"heinz-glas-repositions-itself","status":"publish","type":"post","link":"https:\/\/packaging-journal.de\/en\/heinz-glas-positioniert-sich-neu\/","title":{"rendered":"Heinz-Glas repositions itself"},"content":{"rendered":"<p>Die weltweit agierende Heinz-Glas Group startet mit Zuversicht in die zweite H\u00e4lfte des Jahres 2021: Nach einer coronabedingten Krise, die durch die Havarie einer Glasschmelzwanne am polnischen Standort Dzialdowo noch verst\u00e4rkt wurde, befinde man sich mittlerweile wieder auf Vorkrisenniveau.<\/p>\n<p>Das Unternehmen mit Stammsitz in Kleintettau hat in der Krisenzeit sein Produktportfolio angepasst: Lag der Fokus des Familienunternehmens vor zwei Jahren noch stark auf der Produktion edler und luxuri\u00f6ser Parfumflakons, so hat sich der Produktmix inzwischen auch in Richtung <strong>Skin Care, Lifestyle, Home Fragrance und Spirituosen<\/strong> ver\u00e4ndert.<\/p>\n<p>Die St\u00e4rken der Heinz-Glas Group liegen dabei nach eigenen Angaben vor allem im globalen Angebot aller Glasqualit\u00e4ten, <strong>Complete Packaging L\u00f6sungen aus Kunststoff und Glas <\/strong>und <strong>nachhaltigen Dekorationsm\u00f6glichkeiten<\/strong>. Hierbei nutzt das Unternehmen seine globale Pr\u00e4senz so, dass die Produktion an den jeweiligen Standort verlagert wird, der f\u00fcr den Artikel sinnvoll ist. Und die Kapazit\u00e4ten sind gut ausgelastet: Glasproduktion und Veredelung arbeiten laut Unternehmensangaben seit Jahresbeginn nahezu unter Vollauslastung.<\/p><div class=\"packa-in-post-alle\" style=\"text-align: center;\" id=\"packa-2583955437\"><div id=\"packa-733755713\"><a data-no-instant=\"1\" href=\"https:\/\/packaging-journal.de\/en\/newsletter\/\" rel=\"noopener\" class=\"a2t-link\" target=\"_blank\" aria-label=\"PJ Eigenwerbung English 03\"><!--noptimize--><img src=\"https:\/\/packaging-journal.de\/wp-content\/uploads\/2026\/01\/PJ-Eigenwerbung-English-03.png\" alt=\"\"  srcset=\"https:\/\/packaging-journal.de\/wp-content\/uploads\/2026\/01\/PJ-Eigenwerbung-English-03.png 840w, https:\/\/packaging-journal.de\/wp-content\/uploads\/2026\/01\/PJ-Eigenwerbung-English-03-300x75.png 300w, https:\/\/packaging-journal.de\/wp-content\/uploads\/2026\/01\/PJ-Eigenwerbung-English-03-768x192.png 768w, https:\/\/packaging-journal.de\/wp-content\/uploads\/2026\/01\/PJ-Eigenwerbung-English-03-18x5.png 18w, https:\/\/packaging-journal.de\/wp-content\/uploads\/2026\/01\/PJ-Eigenwerbung-English-03-332x83.png 332w, https:\/\/packaging-journal.de\/wp-content\/uploads\/2026\/01\/PJ-Eigenwerbung-English-03-664x166.png 664w, https:\/\/packaging-journal.de\/wp-content\/uploads\/2026\/01\/PJ-Eigenwerbung-English-03-688x172.png 688w\" sizes=\"(max-width: 840px) 100vw, 840px\" width=\"840\" height=\"210\"  style=\" max-width: 100%; height: auto;\" \/><!--\/noptimize--><\/a><\/div><\/div>\n<h2>Heinz-Glas baut internationale Pr\u00e4senz aus<\/h2>\n<p>Ein gro\u00dfer Meilenstein des Unternehmens wurde erst vor wenigen Wochen im chinesischen Changzhou erreicht. Hier begann Ende Juli der Wannenbau am neu erbauten Produktionsstandort in der Provinz Jiangsu. Schon Anfang des Jahres 2022 soll hier <strong>hochwertiges Glas vom Band<\/strong> laufen. Auch die Expansion nach S\u00fcdamerika ist in vollem Gange: Ein B\u00fcrogeb\u00e4ude, Lagerfl\u00e4che und eine Halle zur Veredelung werden in Brasilien aufgebaut. Ein Joint Venture in Indien l\u00e4uft aktuell mit voller Auslastung und gilt als wichtiger Erfolgsfaktor f\u00fcr die Belieferung des lokalen indischen und indonesischen Marktes und f\u00fcr preissensible Produkte f\u00fcr den Massenmarkt. Auch die von einem gro\u00dfen Schaden betroffene Wanne im polnischen Dzialdowo konnte wieder aufgebaut werden, sodass die <strong>Wiederaufnahme der regul\u00e4ren Produktion<\/strong> noch dieses Jahr erfolgen kann.<\/p>\n[infotext icon]Die Heinz-Glas Group besch\u00e4ftigt nach eigenen Angaben im August 2021 rund 3.250 Mitarbeiter, davon knapp 1.500 in Deutschland. Die <a href=\"https:\/\/heinz-glas.com\/\" target=\"_blank\" rel=\"noopener\" data-schema-attribute=\"\">Glasmachertradition der Familie Heinz<\/a> reicht bis 1523, die des Unternehmens Heinz-Glas bis 1622. N\u00e4chstes Jahr will das Familienunternehmen in zw\u00f6lfter Generation sein 400-j\u00e4hriges Jubil\u00e4um feiern \u2013 zusammen mit dem Dorf Piesau, in dem im Jahr 1622 die erste Glash\u00fctte und damit auch der Ort Piesau gegr\u00fcndet wurde.[\/infotext]\n","protected":false},"excerpt":{"rendered":"The Heinz-Glas Group has reorganised its product portfolio: Having previously focussed on the production of fine perfume bottles, the family-run company is now increasingly concentrating on products in the areas of skin care, home fragrance and spirits.","protected":false},"author":1,"featured_media":47287,"comment_status":"closed","ping_status":"closed","sticky":false,"template":"","format":"standard","meta":{"_acf_changed":false,"__cvm_playback_settings":[],"__cvm_video_id":"","rank_math_description":"Die Heinz-Glas Group hat ihr Produktportfolio neu ausgerichtet und setzt vermehrt auf Produkte in den Bereichen Skin Care, Home Fragrance und Spirituosen.","rank_math_focus_keyword":"Heinz-Glas","rank_math_title":"","csco_display_header_overlay":false,"csco_singular_sidebar":"","csco_page_header_type":"","csco_page_load_nextpost":"","csco_post_video_location":[],"csco_post_video_location_hash":"","csco_post_video_url":"","csco_post_video_bg_start_time":0,"csco_post_video_bg_end_time":0,"footnotes":"","_links_to":"","_links_to_target":""},"categories":[114],"tags":[43,62,59230,32],"class_list":{"0":"post-47286","1":"post","2":"type-post","3":"status-publish","4":"format-standard","5":"has-post-thumbnail","7":"category-aus-den-unternehmen-news","8":"tag-aus-den-unternehmen","9":"tag-glas","10":"tag-heinz-glas","11":"tag-packmittel-und-packstoffe","12":"cs-entry","13":"cs-video-wrap"},"acf":[],"vimeo_video":null,"_links":{"self":[{"href":"https:\/\/packaging-journal.de\/en\/wp-json\/wp\/v2\/posts\/47286","targetHints":{"allow":["GET"]}}],"collection":[{"href":"https:\/\/packaging-journal.de\/en\/wp-json\/wp\/v2\/posts"}],"about":[{"href":"https:\/\/packaging-journal.de\/en\/wp-json\/wp\/v2\/types\/post"}],"author":[{"embeddable":true,"href":"https:\/\/packaging-journal.de\/en\/wp-json\/wp\/v2\/users\/1"}],"replies":[{"embeddable":true,"href":"https:\/\/packaging-journal.de\/en\/wp-json\/wp\/v2\/comments?post=47286"}],"version-history":[{"count":0,"href":"https:\/\/packaging-journal.de\/en\/wp-json\/wp\/v2\/posts\/47286\/revisions"}],"wp:featuredmedia":[{"embeddable":true,"href":"https:\/\/packaging-journal.de\/en\/wp-json\/wp\/v2\/media\/47287"}],"wp:attachment":[{"href":"https:\/\/packaging-journal.de\/en\/wp-json\/wp\/v2\/media?parent=47286"}],"wp:term":[{"taxonomy":"category","embeddable":true,"href":"https:\/\/packaging-journal.de\/en\/wp-json\/wp\/v2\/categories?post=47286"},{"taxonomy":"post_tag","embeddable":true,"href":"https:\/\/packaging-journal.de\/en\/wp-json\/wp\/v2\/tags?post=47286"}],"curies":[{"name":"wp","href":"https:\/\/api.w.org\/{rel}","templated":true}]}}