{"id":47962,"date":"2021-08-25T14:28:10","date_gmt":"2021-08-25T12:28:10","guid":{"rendered":"https:\/\/packaging-journal.de\/?p=47962"},"modified":"2021-08-25T14:29:20","modified_gmt":"2021-08-25T12:29:20","slug":"how-to-pack-the-cargo-bike-safely","status":"publish","type":"post","link":"https:\/\/packaging-journal.de\/en\/so-wird-das-lastenrad-sicher-verpackt\/","title":{"rendered":"How to pack the cargo bike safely"},"content":{"rendered":"<div data-elementor-type=\"wp-post\" data-elementor-id=\"47962\" class=\"elementor elementor-47962\" data-elementor-post-type=\"post\">\n\t\t\t\t\t\t<section data-exad-particle-enable=\"false\" class=\"elementor-section elementor-top-section elementor-element elementor-element-adfd288 elementor-section-boxed elementor-section-height-default elementor-section-height-default exad-parallax-effect-no exad-background-color-change-no exad-glass-effect-no exad-sticky-section-no\" data-id=\"adfd288\" data-element_type=\"section\" data-e-type=\"section\">\n\t\t\t\t\t\t<div class=\"elementor-container elementor-column-gap-default\">\n\t\t\t\t\t<div class=\"elementor-column elementor-col-100 elementor-top-column elementor-element elementor-element-a71a1c6 exad-glass-effect-no exad-sticky-section-no\" data-id=\"a71a1c6\" data-element_type=\"column\" data-e-type=\"column\">\n\t\t\t<div class=\"elementor-widget-wrap elementor-element-populated\">\n\t\t\t\t\t\t<div class=\"elementor-element elementor-element-ee89b19 exad-sticky-section-no exad-glass-effect-no elementor-widget elementor-widget-text-editor\" data-id=\"ee89b19\" data-element_type=\"widget\" data-e-type=\"widget\" data-widget_type=\"text-editor.default\">\n\t\t\t\t<div class=\"elementor-widget-container\">\n\t\t\t\t\t\t\t\t\t<p><strong>If the Greens have their way, cargo bikes should be subsidised. Other parties are outraged and the internet is making fun of it. Our contribution to this week's discussion: The right packaging for cargo bikes.<\/strong><\/p>\t\t\t\t\t\t\t\t<\/div>\n\t\t\t\t<\/div>\n\t\t\t\t<div class=\"elementor-element elementor-element-c47786b exad-sticky-section-no exad-glass-effect-no elementor-widget elementor-widget-text-editor\" data-id=\"c47786b\" data-element_type=\"widget\" data-e-type=\"widget\" data-widget_type=\"text-editor.default\">\n\t\t\t\t<div class=\"elementor-widget-container\">\n\t\t\t\t\t\t\t\t\t<p>No matter what you think about the proposal to subsidise the purchase of cargo bikes. The means of transport are being used more and more frequently. In large cities in particular, it is not only families who use the large bikes, but also delivery services and tradespeople.<\/p><p>To ensure that the bulky and heavy vehicles arrive at their destination undamaged, the <a href=\"https:\/\/packaging-journal.de\/?s=thimm\">Thimm<\/a> has developed transport packaging made from corrugated cardboard. This can be individually configured for any type of cargo bike, making it suitable for all possible types.<\/p><div class=\"packa-in-post-alle\" style=\"text-align: center;\" id=\"packa-1234072591\"><div id=\"packa-2518148826\"><a data-no-instant=\"1\" href=\"https:\/\/packaging-journal.de\/en\/newsletter\/\" rel=\"noopener\" class=\"a2t-link\" target=\"_blank\" aria-label=\"PJ Self-promotion English 03\"><!--noptimize--><img src=\"https:\/\/packaging-journal.de\/wp-content\/uploads\/2026\/01\/PJ-Eigenwerbung-English-03.png\" alt=\"\"  srcset=\"https:\/\/packaging-journal.de\/wp-content\/uploads\/2026\/01\/PJ-Eigenwerbung-English-03.png 840w, https:\/\/packaging-journal.de\/wp-content\/uploads\/2026\/01\/PJ-Eigenwerbung-English-03-300x75.png 300w, https:\/\/packaging-journal.de\/wp-content\/uploads\/2026\/01\/PJ-Eigenwerbung-English-03-768x192.png 768w, https:\/\/packaging-journal.de\/wp-content\/uploads\/2026\/01\/PJ-Eigenwerbung-English-03-18x5.png 18w, https:\/\/packaging-journal.de\/wp-content\/uploads\/2026\/01\/PJ-Eigenwerbung-English-03-332x83.png 332w, https:\/\/packaging-journal.de\/wp-content\/uploads\/2026\/01\/PJ-Eigenwerbung-English-03-664x166.png 664w, https:\/\/packaging-journal.de\/wp-content\/uploads\/2026\/01\/PJ-Eigenwerbung-English-03-688x172.png 688w\" sizes=\"(max-width: 840px) 100vw, 840px\" width=\"840\" height=\"210\"  style=\" max-width: 100%; height: auto;\" \/><!--\/noptimize--><\/a><\/div><\/div>\t\t\t\t\t\t\t\t<\/div>\n\t\t\t\t<\/div>\n\t\t\t\t<div class=\"elementor-element elementor-element-85b1cc3 exad-sticky-section-no exad-glass-effect-no elementor-widget elementor-widget-image\" data-id=\"85b1cc3\" data-element_type=\"widget\" data-e-type=\"widget\" data-widget_type=\"image.default\">\n\t\t\t\t<div class=\"elementor-widget-container\">\n\t\t\t\t\t\t\t\t\t\t\t\t<figure class=\"wp-caption\">\n\t\t\t\t\t\t\t\t\t\t<img fetchpriority=\"high\" decoding=\"async\" width=\"1024\" height=\"544\" src=\"https:\/\/packaging-journal.de\/wp-content\/uploads\/2021\/08\/Lastenradverpackung-Radaufnahme-300dpi\u7981HIMM-1024x544.jpg\" class=\"attachment-large size-large wp-image-47965\" alt=\"\" srcset=\"https:\/\/packaging-journal.de\/wp-content\/uploads\/2021\/08\/Lastenradverpackung-Radaufnahme-300dpi\u7981HIMM-1024x544.jpg 1024w, https:\/\/packaging-journal.de\/wp-content\/uploads\/2021\/08\/Lastenradverpackung-Radaufnahme-300dpi\u7981HIMM-300x159.jpg 300w, https:\/\/packaging-journal.de\/wp-content\/uploads\/2021\/08\/Lastenradverpackung-Radaufnahme-300dpi\u7981HIMM-768x408.jpg 768w, https:\/\/packaging-journal.de\/wp-content\/uploads\/2021\/08\/Lastenradverpackung-Radaufnahme-300dpi\u7981HIMM-600x319.jpg 600w, https:\/\/packaging-journal.de\/wp-content\/uploads\/2021\/08\/Lastenradverpackung-Radaufnahme-300dpi\u7981HIMM.jpg 1200w\" sizes=\"(max-width: 1024px) 100vw, 1024px\" \/>\t\t\t\t\t\t\t\t\t\t\t<figcaption class=\"widget-image-caption wp-caption-text\">(Photo: THIMM Group GmbH + Co. KG)<\/figcaption>\n\t\t\t\t\t\t\t\t\t\t<\/figure>\n\t\t\t\t\t\t\t\t\t<\/div>\n\t\t\t\t<\/div>\n\t\t\t\t<div class=\"elementor-element elementor-element-ec7b540 exad-sticky-section-no exad-glass-effect-no elementor-widget elementor-widget-heading\" data-id=\"ec7b540\" data-element_type=\"widget\" data-e-type=\"widget\" data-widget_type=\"heading.default\">\n\t\t\t\t<div class=\"elementor-widget-container\">\n\t\t\t\t\t<h2 class=\"elementor-heading-title elementor-size-default\">Assembled in just a few steps<\/h2>\t\t\t\t<\/div>\n\t\t\t\t<\/div>\n\t\t\t\t<div class=\"elementor-element elementor-element-f108f58 exad-sticky-section-no exad-glass-effect-no elementor-widget elementor-widget-text-editor\" data-id=\"f108f58\" data-element_type=\"widget\" data-e-type=\"widget\" data-widget_type=\"text-editor.default\">\n\t\t\t\t<div class=\"elementor-widget-container\">\n\t\t\t\t\t\t\t\t\t<p>The packaging consists mainly of sustainable corrugated cardboard in BC quality combined with a wooden pallet, recyclable connecting elements and a tension belt. Conventional padding materials made of foam or film were not used.<\/p><p>Instead, stable padding and wheel fixings made of corrugated cardboard provide optimum protection for the cargo bike during transport. The individual corrugated cardboard blanks for the packaging are delivered flat and bundled on the wooden pallet to the manufacturer and retailer and can be assembled in just a few steps: The cargo wheel is simply pushed into the corrugated cardboard base holders and secured with the tensioning strap.\u00a0<\/p><div id=\"packa-1582097502\" class=\"packa-inhalt\"><!--noptimize--><script async src=\"https:\/\/pagead2.googlesyndication.com\/pagead\/js\/adsbygoogle.js?client=ca-pub-2686439340972671\" crossorigin=\"anonymous\"><\/script>\r\n<ins class=\"adsbygoogle\" style=\"display:block;text-align:center\" data-ad-layout=\"in-article\" data-ad-format=\"fluid\" data-ad-client=\"ca-pub-2686439340972671\" data-ad-slot=\"6171251825\"><\/ins>\r\n<script>\r\n     (adsbygoogle = window.adsbygoogle || []).push({});\r\n<\/script><!--\/noptimize--><\/div>\t\t\t\t\t\t\t\t<\/div>\n\t\t\t\t<\/div>\n\t\t\t\t<div class=\"elementor-element elementor-element-a01e2a1 exad-sticky-section-no exad-glass-effect-no elementor-widget elementor-widget-image\" data-id=\"a01e2a1\" data-element_type=\"widget\" data-e-type=\"widget\" data-widget_type=\"image.default\">\n\t\t\t\t<div class=\"elementor-widget-container\">\n\t\t\t\t\t\t\t\t\t\t\t\t<figure class=\"wp-caption\">\n\t\t\t\t\t\t\t\t\t\t<img decoding=\"async\" width=\"1024\" height=\"755\" src=\"https:\/\/packaging-journal.de\/wp-content\/uploads\/2021\/08\/Lastenradverpackung-geschlossen-300dpi\u7981HIMM-1024x755.jpg\" class=\"attachment-large size-large wp-image-47964\" alt=\"\" srcset=\"https:\/\/packaging-journal.de\/wp-content\/uploads\/2021\/08\/Lastenradverpackung-geschlossen-300dpi\u7981HIMM-1024x755.jpg 1024w, https:\/\/packaging-journal.de\/wp-content\/uploads\/2021\/08\/Lastenradverpackung-geschlossen-300dpi\u7981HIMM-300x221.jpg 300w, https:\/\/packaging-journal.de\/wp-content\/uploads\/2021\/08\/Lastenradverpackung-geschlossen-300dpi\u7981HIMM-768x566.jpg 768w, https:\/\/packaging-journal.de\/wp-content\/uploads\/2021\/08\/Lastenradverpackung-geschlossen-300dpi\u7981HIMM-600x443.jpg 600w, https:\/\/packaging-journal.de\/wp-content\/uploads\/2021\/08\/Lastenradverpackung-geschlossen-300dpi\u7981HIMM.jpg 1200w\" sizes=\"(max-width: 1024px) 100vw, 1024px\" \/>\t\t\t\t\t\t\t\t\t\t\t<figcaption class=\"widget-image-caption wp-caption-text\">(Photo: THIMM Group GmbH + Co. KG)<\/figcaption>\n\t\t\t\t\t\t\t\t\t\t<\/figure>\n\t\t\t\t\t\t\t\t\t<\/div>\n\t\t\t\t<\/div>\n\t\t\t\t<div class=\"elementor-element elementor-element-7c355d5 exad-sticky-section-no exad-glass-effect-no elementor-widget elementor-widget-heading\" data-id=\"7c355d5\" data-element_type=\"widget\" data-e-type=\"widget\" data-widget_type=\"heading.default\">\n\t\t\t\t<div class=\"elementor-widget-container\">\n\t\t\t\t\t<h2 class=\"elementor-heading-title elementor-size-default\">Premiere at the bike fair<\/h2>\t\t\t\t<\/div>\n\t\t\t\t<\/div>\n\t\t\t\t<div class=\"elementor-element elementor-element-65e9462 exad-sticky-section-no exad-glass-effect-no elementor-widget elementor-widget-text-editor\" data-id=\"65e9462\" data-element_type=\"widget\" data-e-type=\"widget\" data-widget_type=\"text-editor.default\">\n\t\t\t\t<div class=\"elementor-widget-container\">\n\t\t\t\t\t\t\t\t\t<p>As push-fit fasteners are used instead of adhesive tape to secure the individual components during packaging, the packaging is not damaged by a cutter knife or similar when opened later. It can therefore also be reused for returns.\u00a0<\/p><p>From 1 to 4 September 2021, interested trade fair visitors can see the new product for themselves: Thimm will be exhibiting the packaging with a cargo bike from Radkutsche at this year's international bicycle trade fair Eurobike (Hall B1, Stand 106). \u00a0<\/p>\t\t\t\t\t\t\t\t<\/div>\n\t\t\t\t<\/div>\n\t\t\t\t<div class=\"elementor-element elementor-element-ec25984 exad-sticky-section-no exad-glass-effect-no elementor-widget elementor-widget-heading\" data-id=\"ec25984\" data-element_type=\"widget\" data-e-type=\"widget\" data-widget_type=\"heading.default\">\n\t\t\t\t<div class=\"elementor-widget-container\">\n\t\t\t\t\t<h2 class=\"elementor-heading-title elementor-size-default\">Everyone is talking about cargo bikes<\/h2>\t\t\t\t<\/div>\n\t\t\t\t<\/div>\n\t\t\t\t<div class=\"elementor-element elementor-element-32d3717 exad-sticky-section-no exad-glass-effect-no elementor-widget elementor-widget-text-editor\" data-id=\"32d3717\" data-element_type=\"widget\" data-e-type=\"widget\" data-widget_type=\"text-editor.default\">\n\t\t\t\t<div class=\"elementor-widget-container\">\n\t\t\t\t\t\t\t\t\t<p>One thing is certain: the Green Party's call for a subsidy of up to 1,000 euros for a cargo bike has given the means of transport a new lease of popularity.\u00a0<\/p>\t\t\t\t\t\t\t\t<\/div>\n\t\t\t\t<\/div>\n\t\t\t\t<div class=\"elementor-element elementor-element-5b2845b exad-sticky-section-no exad-glass-effect-no elementor-widget elementor-widget-html\" data-id=\"5b2845b\" data-element_type=\"widget\" data-e-type=\"widget\" data-widget_type=\"html.default\">\n\t\t\t\t<div class=\"elementor-widget-container\">\n\t\t\t\t\t<center><\/center><blockquote class=\"twitter-tweet\"><p lang=\"de\" dir=\"ltr\">The only cargo bike that is accepted in Germany. <a href=\"https:\/\/t.co\/QF74Oto8nm\">pic.twitter.com\/QF74Oto8nm<\/a><\/p>- #Nazisraus | Thomas RausK (@koelnsued) <a href=\"https:\/\/twitter.com\/koelnsued\/status\/1429400934703063050?ref_src=twsrc%5Etfw\" target=\"_blank\" rel=\"noopener\">August 22, 2021<\/a><\/blockquote> <script async src=\"https:\/\/platform.twitter.com\/widgets.js\" charset=\"utf-8\"><\/script><br>\n<blockquote class=\"twitter-tweet\"><p lang=\"de\" dir=\"ltr\">Two birds with one stone!<a href=\"https:\/\/twitter.com\/hashtag\/GDL?src=hash&amp;ref_src=twsrc%5Etfw\" target=\"_blank\" rel=\"noopener\">#GDL<\/a> <a href=\"https:\/\/twitter.com\/hashtag\/Streik?src=hash&amp;ref_src=twsrc%5Etfw\" target=\"_blank\" rel=\"noopener\">#Sstrike<\/a> <a href=\"https:\/\/twitter.com\/hashtag\/Lastenrad?src=hash&amp;ref_src=twsrc%5Etfw\" target=\"_blank\" rel=\"noopener\"># cargo bike<\/a> <a href=\"https:\/\/t.co\/YrJ5KNiIB5\">pic.twitter.com\/YrJ5KNiIB5<\/a><\/p>- extra3 (@extra3) <a href=\"https:\/\/twitter.com\/extra3\/status\/1429811646336221188?ref_src=twsrc%5Etfw\" target=\"_blank\" rel=\"noopener\">August 23, 2021<\/a><\/blockquote> <script async src=\"https:\/\/platform.twitter.com\/widgets.js\" charset=\"utf-8\"><\/script><br>\n<blockquote class=\"twitter-tweet\"><p lang=\"de\" dir=\"ltr\">I don't live in Prenzlauer Berg, I don't even live on a mountain. I live in Darmstadt. I don't belong to the upper class, I'm more middle class, highly educated by means of 2nd chance education. I don't have a car. <br>Please may I still have my <a href=\"https:\/\/twitter.com\/hashtag\/Lastenrad?src=hash&amp;ref_src=twsrc%5Etfw\" target=\"_blank\" rel=\"noopener\"># cargo bike<\/a> keep? <a href=\"https:\/\/t.co\/PTbaRhbvWd\">pic.twitter.com\/PTbaRhbvWd<\/a><\/p>- Sabine Crook \ud83d\udeb4\u200d\u2640\ufe0f\ud83d\udc30 (@SabineCrook2) <a href=\"https:\/\/twitter.com\/SabineCrook2\/status\/1429694153517146115?ref_src=twsrc%5Etfw\" target=\"_blank\" rel=\"noopener\">August 23, 2021<\/a><\/blockquote> <script async src=\"https:\/\/platform.twitter.com\/widgets.js\" charset=\"utf-8\"><\/script><\/center>\t\t\t\t<\/div>\n\t\t\t\t<\/div>\n\t\t\t\t<div class=\"elementor-element elementor-element-73d4ad6 exad-sticky-section-no exad-glass-effect-no elementor-widget elementor-widget-spacer\" data-id=\"73d4ad6\" data-element_type=\"widget\" data-e-type=\"widget\" data-widget_type=\"spacer.default\">\n\t\t\t\t<div class=\"elementor-widget-container\">\n\t\t\t\t\t\t\t<div class=\"elementor-spacer\">\n\t\t\t<div class=\"elementor-spacer-inner\"><\/div>\n\t\t<\/div>\n\t\t\t\t\t\t<\/div>\n\t\t\t\t<\/div>\n\t\t\t\t\t<\/div>\n\t\t<\/div>\n\t\t\t\t\t<\/div>\n\t\t<\/section>\n\t\t\t\t<section data-exad-particle-enable=\"false\" class=\"elementor-section elementor-top-section elementor-element elementor-element-bd63906 elementor-section-boxed elementor-section-height-default elementor-section-height-default exad-parallax-effect-no exad-background-color-change-no exad-glass-effect-no exad-sticky-section-no\" data-id=\"bd63906\" data-element_type=\"section\" data-e-type=\"section\" data-settings=\"{&quot;background_background&quot;:&quot;classic&quot;}\">\n\t\t\t\t\t\t<div class=\"elementor-container elementor-column-gap-default\">\n\t\t\t\t\t<div class=\"elementor-column elementor-col-100 elementor-top-column elementor-element elementor-element-0ceab4a exad-glass-effect-no exad-sticky-section-no\" data-id=\"0ceab4a\" data-element_type=\"column\" data-e-type=\"column\">\n\t\t\t<div class=\"elementor-widget-wrap elementor-element-populated\">\n\t\t\t\t\t\t<div class=\"elementor-element elementor-element-c0e18e1 exad-sticky-section-no exad-glass-effect-no elementor-widget elementor-widget-heading\" data-id=\"c0e18e1\" data-element_type=\"widget\" data-e-type=\"widget\" data-widget_type=\"heading.default\">\n\t\t\t\t<div class=\"elementor-widget-container\">\n\t\t\t\t\t<h2 class=\"elementor-heading-title elementor-size-default\">More news from Thimm<\/h2>\t\t\t\t<\/div>\n\t\t\t\t<\/div>\n\t\t\t\t<div class=\"elementor-element elementor-element-bada78d elementor-grid-3 elementor-grid-tablet-2 elementor-grid-mobile-1 elementor-posts--thumbnail-top elementor-posts--show-avatar elementor-card-shadow-yes elementor-posts__hover-gradient exad-sticky-section-no exad-glass-effect-no elementor-widget elementor-widget-posts\" data-id=\"bada78d\" data-element_type=\"widget\" data-e-type=\"widget\" data-settings=\"{&quot;cards_columns&quot;:&quot;3&quot;,&quot;cards_columns_tablet&quot;:&quot;2&quot;,&quot;cards_columns_mobile&quot;:&quot;1&quot;,&quot;cards_row_gap&quot;:{&quot;unit&quot;:&quot;px&quot;,&quot;size&quot;:35,&quot;sizes&quot;:[]},&quot;cards_row_gap_tablet&quot;:{&quot;unit&quot;:&quot;px&quot;,&quot;size&quot;:&quot;&quot;,&quot;sizes&quot;:[]},&quot;cards_row_gap_mobile&quot;:{&quot;unit&quot;:&quot;px&quot;,&quot;size&quot;:&quot;&quot;,&quot;sizes&quot;:[]}}\" data-widget_type=\"posts.cards\">\n\t\t\t\t<div class=\"elementor-widget-container\">\n\t\t\t\t\t\t\t<div class=\"elementor-posts-container elementor-posts elementor-posts--skin-cards elementor-grid\" role=\"list\">\n\t\t\t\t<article class=\"elementor-post elementor-grid-item post-102862 post type-post status-publish format-standard has-post-thumbnail category-packmittel-und-packstoffe tag-e-commerce tag-packmittel-und-packstoffe tag-papier-pappe-karton tag-thimm-group cs-entry cs-video-wrap\" role=\"listitem\">\n\t\t\t<div class=\"elementor-post__card\">\n\t\t\t\t<a class=\"elementor-post__thumbnail__link\" href=\"https:\/\/packaging-journal.de\/en\/thimm-digital-gedruckte-barcodes\/\" tabindex=\"-1\"><div class=\"elementor-post__thumbnail\"><img decoding=\"async\" width=\"300\" height=\"163\" src=\"https:\/\/packaging-journal.de\/wp-content\/uploads\/2025\/06\/thimm-barcodes-300x163.jpg\" class=\"attachment-medium size-medium wp-image-102863\" alt=\"\" srcset=\"https:\/\/packaging-journal.de\/wp-content\/uploads\/2025\/06\/thimm-barcodes-300x163.jpg 300w, https:\/\/packaging-journal.de\/wp-content\/uploads\/2025\/06\/thimm-barcodes-1024x555.jpg 1024w, https:\/\/packaging-journal.de\/wp-content\/uploads\/2025\/06\/thimm-barcodes-768x416.jpg 768w, https:\/\/packaging-journal.de\/wp-content\/uploads\/2025\/06\/thimm-barcodes.jpg 1200w\" sizes=\"(max-width: 300px) 100vw, 300px\" \/><\/div><\/a>\n\t\t\t\t<div class=\"elementor-post__avatar\">\n\t\t\t\t\t<\/div>\n\t\t\t\t<div class=\"elementor-post__text\">\n\t\t\t\t<h3 class=\"elementor-post__title\">\n\t\t\t<a href=\"https:\/\/packaging-journal.de\/en\/thimm-digital-gedruckte-barcodes\/\">\n\t\t\t\tDispatch packaging from Thimm with digitally printed barcodes\t\t\t<\/a>\n\t\t<\/h3>\n\t\t\t\t<div class=\"elementor-post__excerpt\">\n\t\t\tOnline retailer Cyberport is working with Thimm to optimise its shipping processes with a new packaging solution that uses digitally printed barcodes to replace traditional labels.\t\t<\/div>\n\t\t\n\t\t<a class=\"elementor-post__read-more\" href=\"https:\/\/packaging-journal.de\/en\/thimm-digital-gedruckte-barcodes\/\" aria-label=\"Read more about shipping packaging from Thimm with digitally printed barcodes\" tabindex=\"-1\">\n\t\t\tRead more \"\t\t<\/a>\n\n\t\t\t\t<\/div>\n\t\t\t\t\t<\/div>\n\t\t<\/article>\n\t\t\t\t<article class=\"elementor-post elementor-grid-item post-97768 post type-post status-publish format-standard has-post-thumbnail category-green-packaging tag-e-commerce tag-mehrweg tag-packmittel-und-packstoffe tag-papier-pappe-karton tag-thimm-group cs-entry cs-video-wrap\" role=\"listitem\">\n\t\t\t<div class=\"elementor-post__card\">\n\t\t\t\t<a class=\"elementor-post__thumbnail__link\" href=\"https:\/\/packaging-journal.de\/en\/outfittery-nutzt-mehrweg-im-ecommerce\/\" tabindex=\"-1\"><div class=\"elementor-post__thumbnail\"><img loading=\"lazy\" decoding=\"async\" width=\"300\" height=\"200\" src=\"https:\/\/packaging-journal.de\/wp-content\/uploads\/2024\/12\/outfittery-thimm-mehrweg-300x200.jpg\" class=\"attachment-medium size-medium wp-image-97769\" alt=\"Outfittery relies on reusable e-commerce packaging from Thimm\" srcset=\"https:\/\/packaging-journal.de\/wp-content\/uploads\/2024\/12\/outfittery-thimm-mehrweg-300x200.jpg 300w, https:\/\/packaging-journal.de\/wp-content\/uploads\/2024\/12\/outfittery-thimm-mehrweg-1024x683.jpg 1024w, https:\/\/packaging-journal.de\/wp-content\/uploads\/2024\/12\/outfittery-thimm-mehrweg-768x512.jpg 768w, https:\/\/packaging-journal.de\/wp-content\/uploads\/2024\/12\/outfittery-thimm-mehrweg.jpg 1200w\" sizes=\"(max-width: 300px) 100vw, 300px\" \/><\/div><\/a>\n\t\t\t\t<div class=\"elementor-post__avatar\">\n\t\t\t\t\t<\/div>\n\t\t\t\t<div class=\"elementor-post__text\">\n\t\t\t\t<h3 class=\"elementor-post__title\">\n\t\t\t<a href=\"https:\/\/packaging-journal.de\/en\/outfittery-nutzt-mehrweg-im-ecommerce\/\">\n\t\t\t\tOutfittery uses reusable packaging from Thimm\t\t\t<\/a>\n\t\t<\/h3>\n\t\t\t\t<div class=\"elementor-post__excerpt\">\n\t\t\tOutfittery also uses reusable packaging from Thimm for returns. Customised, digitally printed QR codes ensure unique identification and enable precise tracking.\t\t<\/div>\n\t\t\n\t\t<a class=\"elementor-post__read-more\" href=\"https:\/\/packaging-journal.de\/en\/outfittery-nutzt-mehrweg-im-ecommerce\/\" aria-label=\"Read more about Outfittery uses reusable packaging from Thimm\" tabindex=\"-1\">\n\t\t\tRead more \"\t\t<\/a>\n\n\t\t\t\t<\/div>\n\t\t\t\t\t<\/div>\n\t\t<\/article>\n\t\t\t\t<article class=\"elementor-post elementor-grid-item post-93348 post type-post status-publish format-standard has-post-thumbnail category-aus-den-unternehmen-news tag-aus-den-unternehmen tag-digitaldruck tag-thimm-group tag-verpackungsdruck-und-veredelung cs-entry cs-video-wrap\" role=\"listitem\">\n\t\t\t<div class=\"elementor-post__card\">\n\t\t\t\t<a class=\"elementor-post__thumbnail__link\" href=\"https:\/\/packaging-journal.de\/en\/erweiterung-von-digitaldruckkapazitaeten\/\" tabindex=\"-1\"><div class=\"elementor-post__thumbnail\"><img loading=\"lazy\" decoding=\"async\" width=\"300\" height=\"163\" src=\"https:\/\/packaging-journal.de\/wp-content\/uploads\/2024\/06\/thimm-digitaldruckanlage-300x163.jpg\" class=\"attachment-medium size-medium wp-image-93349\" alt=\"\" srcset=\"https:\/\/packaging-journal.de\/wp-content\/uploads\/2024\/06\/thimm-digitaldruckanlage-300x163.jpg 300w, https:\/\/packaging-journal.de\/wp-content\/uploads\/2024\/06\/thimm-digitaldruckanlage-1024x555.jpg 1024w, https:\/\/packaging-journal.de\/wp-content\/uploads\/2024\/06\/thimm-digitaldruckanlage-768x416.jpg 768w, https:\/\/packaging-journal.de\/wp-content\/uploads\/2024\/06\/thimm-digitaldruckanlage.jpg 1200w\" sizes=\"(max-width: 300px) 100vw, 300px\" \/><\/div><\/a>\n\t\t\t\t<div class=\"elementor-post__avatar\">\n\t\t\t\t\t<\/div>\n\t\t\t\t<div class=\"elementor-post__text\">\n\t\t\t\t<h3 class=\"elementor-post__title\">\n\t\t\t<a href=\"https:\/\/packaging-journal.de\/en\/erweiterung-von-digitaldruckkapazitaeten\/\">\n\t\t\t\tExpansion of digital printing capacities\t\t\t<\/a>\n\t\t<\/h3>\n\t\t\t\t<div class=\"elementor-post__excerpt\">\n\t\t\tThimm has inaugurated a new digital printing system at its Alzey site and is strengthening its printing expertise in digital pre-printing with this investment.\t\t<\/div>\n\t\t\n\t\t<a class=\"elementor-post__read-more\" href=\"https:\/\/packaging-journal.de\/en\/erweiterung-von-digitaldruckkapazitaeten\/\" aria-label=\"Read more about Expansion of digital printing capacities\" tabindex=\"-1\">\n\t\t\tRead more \"\t\t<\/a>\n\n\t\t\t\t<\/div>\n\t\t\t\t\t<\/div>\n\t\t<\/article>\n\t\t\t\t<article class=\"elementor-post elementor-grid-item post-90502 post type-post status-publish format-standard has-post-thumbnail category-aus-den-unternehmen-news tag-aus-den-unternehmen tag-papier-pappe-karton tag-thimm-group tag-verpackungsmaschinen cs-entry cs-video-wrap\" role=\"listitem\">\n\t\t\t<div class=\"elementor-post__card\">\n\t\t\t\t<a class=\"elementor-post__thumbnail__link\" href=\"https:\/\/packaging-journal.de\/en\/investition-fuer-effizienz-und-kapazitaet\/\" tabindex=\"-1\"><div class=\"elementor-post__thumbnail\"><img loading=\"lazy\" decoding=\"async\" width=\"300\" height=\"169\" src=\"https:\/\/packaging-journal.de\/wp-content\/uploads\/2020\/05\/thimm-300x169.png\" class=\"attachment-medium size-medium wp-image-34463\" alt=\"\" srcset=\"https:\/\/packaging-journal.de\/wp-content\/uploads\/2020\/05\/thimm-300x169.png 300w, https:\/\/packaging-journal.de\/wp-content\/uploads\/2020\/05\/thimm-600x338.png 600w, https:\/\/packaging-journal.de\/wp-content\/uploads\/2020\/05\/thimm-1024x576.png 1024w, https:\/\/packaging-journal.de\/wp-content\/uploads\/2020\/05\/thimm-768x432.png 768w, https:\/\/packaging-journal.de\/wp-content\/uploads\/2020\/05\/thimm-813x457.png 813w, https:\/\/packaging-journal.de\/wp-content\/uploads\/2020\/05\/thimm-180x101.png 180w, https:\/\/packaging-journal.de\/wp-content\/uploads\/2020\/05\/thimm-260x146.png 260w, https:\/\/packaging-journal.de\/wp-content\/uploads\/2020\/05\/thimm-373x210.png 373w, https:\/\/packaging-journal.de\/wp-content\/uploads\/2020\/05\/thimm-120x67.png 120w, https:\/\/packaging-journal.de\/wp-content\/uploads\/2020\/05\/thimm.png 1200w\" sizes=\"(max-width: 300px) 100vw, 300px\" \/><\/div><\/a>\n\t\t\t\t<div class=\"elementor-post__avatar\">\n\t\t\t\t\t<\/div>\n\t\t\t\t<div class=\"elementor-post__text\">\n\t\t\t\t<h3 class=\"elementor-post__title\">\n\t\t\t<a href=\"https:\/\/packaging-journal.de\/en\/investition-fuer-effizienz-und-kapazitaet\/\">\n\t\t\t\tInvestment for efficiency and capacity\t\t\t<\/a>\n\t\t<\/h3>\n\t\t\t\t<div class=\"elementor-post__excerpt\">\n\t\t\tThimm has invested 10 million euros in the expansion of its plant in Tychy, Poland, and installed a further processing machine.\t\t<\/div>\n\t\t\n\t\t<a class=\"elementor-post__read-more\" href=\"https:\/\/packaging-journal.de\/en\/investition-fuer-effizienz-und-kapazitaet\/\" aria-label=\"Read more about Investment for efficiency and capacity\" tabindex=\"-1\">\n\t\t\tRead more \"\t\t<\/a>\n\n\t\t\t\t<\/div>\n\t\t\t\t\t<\/div>\n\t\t<\/article>\n\t\t\t\t<article class=\"elementor-post elementor-grid-item post-87410 post type-post status-publish format-standard has-post-thumbnail category-marketing-und-design tag-e-commerce tag-marketing-und-design tag-packmittel-und-packstoffe tag-papier-pappe-karton tag-thimm-group cs-entry cs-video-wrap\" role=\"listitem\">\n\t\t\t<div class=\"elementor-post__card\">\n\t\t\t\t<a class=\"elementor-post__thumbnail__link\" href=\"https:\/\/packaging-journal.de\/en\/thimm-geschenkverpackung-mit-innendruck\/\" tabindex=\"-1\"><div class=\"elementor-post__thumbnail\"><img loading=\"lazy\" decoding=\"async\" width=\"300\" height=\"169\" src=\"https:\/\/packaging-journal.de\/wp-content\/uploads\/2023\/11\/thimm-buah2-300x169.jpg\" class=\"attachment-medium size-medium wp-image-87411\" alt=\"Thimm Buah online shipping\" srcset=\"https:\/\/packaging-journal.de\/wp-content\/uploads\/2023\/11\/thimm-buah2-300x169.jpg 300w, https:\/\/packaging-journal.de\/wp-content\/uploads\/2023\/11\/thimm-buah2-1024x577.jpg 1024w, https:\/\/packaging-journal.de\/wp-content\/uploads\/2023\/11\/thimm-buah2-768x433.jpg 768w, https:\/\/packaging-journal.de\/wp-content\/uploads\/2023\/11\/thimm-buah2-1536x865.jpg 1536w, https:\/\/packaging-journal.de\/wp-content\/uploads\/2023\/11\/thimm-buah2-813x457.jpg 813w, https:\/\/packaging-journal.de\/wp-content\/uploads\/2023\/11\/thimm-buah2-180x101.jpg 180w, https:\/\/packaging-journal.de\/wp-content\/uploads\/2023\/11\/thimm-buah2-260x146.jpg 260w, https:\/\/packaging-journal.de\/wp-content\/uploads\/2023\/11\/thimm-buah2-373x210.jpg 373w, https:\/\/packaging-journal.de\/wp-content\/uploads\/2023\/11\/thimm-buah2-120x67.jpg 120w, https:\/\/packaging-journal.de\/wp-content\/uploads\/2023\/11\/thimm-buah2-1320x744.jpg 1320w, https:\/\/packaging-journal.de\/wp-content\/uploads\/2023\/11\/thimm-buah2.jpg 1640w\" sizes=\"(max-width: 300px) 100vw, 300px\" \/><\/div><\/a>\n\t\t\t\t<div class=\"elementor-post__avatar\">\n\t\t\t\t\t<\/div>\n\t\t\t\t<div class=\"elementor-post__text\">\n\t\t\t\t<h3 class=\"elementor-post__title\">\n\t\t\t<a href=\"https:\/\/packaging-journal.de\/en\/thimm-geschenkverpackung-mit-innendruck\/\">\n\t\t\t\tThimm: Gift packaging for online shipping\t\t\t<\/a>\n\t\t<\/h3>\n\t\t\t\t<div class=\"elementor-post__excerpt\">\n\t\t\tFor the online delivery of freeze-dried fruit, Thimm developed sustainable gift packaging with an eye-catching inner print for the company Buah.\t\t<\/div>\n\t\t\n\t\t<a class=\"elementor-post__read-more\" href=\"https:\/\/packaging-journal.de\/en\/thimm-geschenkverpackung-mit-innendruck\/\" aria-label=\"Read more about Thimm: Gift packaging for online shipping\" tabindex=\"-1\">\n\t\t\tRead more \"\t\t<\/a>\n\n\t\t\t\t<\/div>\n\t\t\t\t\t<\/div>\n\t\t<\/article>\n\t\t\t\t<article class=\"elementor-post elementor-grid-item post-84021 post type-post status-publish format-standard has-post-thumbnail category-marketing-und-design tag-abfalltechnik-und-recycling tag-display tag-lebensmittel tag-nachhaltigkeit-und-green-packaging tag-packmittel-und-packstoffe tag-papier-pappe-karton tag-suesswaren tag-thimm-group cs-entry cs-video-wrap\" role=\"listitem\">\n\t\t\t<div class=\"elementor-post__card\">\n\t\t\t\t<a class=\"elementor-post__thumbnail__link\" href=\"https:\/\/packaging-journal.de\/en\/nachhaltiges-display-fuer-schokolade\/\" tabindex=\"-1\"><div class=\"elementor-post__thumbnail\"><img loading=\"lazy\" decoding=\"async\" width=\"300\" height=\"163\" src=\"https:\/\/packaging-journal.de\/wp-content\/uploads\/2023\/08\/thimm-jokolade-display-300x163.jpg\" class=\"attachment-medium size-medium wp-image-84022\" alt=\"The Thimm display is 100 per cent recyclable.\" srcset=\"https:\/\/packaging-journal.de\/wp-content\/uploads\/2023\/08\/thimm-jokolade-display-300x163.jpg 300w, https:\/\/packaging-journal.de\/wp-content\/uploads\/2023\/08\/thimm-jokolade-display-1024x555.jpg 1024w, https:\/\/packaging-journal.de\/wp-content\/uploads\/2023\/08\/thimm-jokolade-display-768x416.jpg 768w, https:\/\/packaging-journal.de\/wp-content\/uploads\/2023\/08\/thimm-jokolade-display.jpg 1200w\" sizes=\"(max-width: 300px) 100vw, 300px\" \/><\/div><\/a>\n\t\t\t\t<div class=\"elementor-post__avatar\">\n\t\t\t\t\t<\/div>\n\t\t\t\t<div class=\"elementor-post__text\">\n\t\t\t\t<h3 class=\"elementor-post__title\">\n\t\t\t<a href=\"https:\/\/packaging-journal.de\/en\/nachhaltiges-display-fuer-schokolade\/\">\n\t\t\t\tSustainable display for chocolate\t\t\t<\/a>\n\t\t<\/h3>\n\t\t\t\t<div class=\"elementor-post__excerpt\">\n\t\t\tFor Jokolade, Thimm develops a recyclable display for the PoS made of corrugated cardboard that can be returned to the material cycle.\t\t<\/div>\n\t\t\n\t\t<a class=\"elementor-post__read-more\" href=\"https:\/\/packaging-journal.de\/en\/nachhaltiges-display-fuer-schokolade\/\" aria-label=\"Read more about Sustainable display for chocolate\" tabindex=\"-1\">\n\t\t\tRead more \"\t\t<\/a>\n\n\t\t\t\t<\/div>\n\t\t\t\t\t<\/div>\n\t\t<\/article>\n\t\t\t\t<\/div>\n\t\t\n\t\t\t\t\t\t<\/div>\n\t\t\t\t<\/div>\n\t\t\t\t\t<\/div>\n\t\t<\/div>\n\t\t\t\t\t<\/div>\n\t\t<\/section>\n\t\t\t\t<\/div>","protected":false},"excerpt":{"rendered":"If the Greens have their way, cargo bikes should be subsidised. Other parties are outraged and the internet is making fun of it. Our contribution to this week's discussion: The right packaging for cargo bikes.","protected":false},"author":7,"featured_media":47975,"comment_status":"closed","ping_status":"closed","sticky":false,"template":"","format":"standard","meta":{"_acf_changed":false,"__cvm_playback_settings":[],"__cvm_video_id":"","rank_math_description":"Wenn es nach den Gr\u00fcnen geht, sollen Lastenr\u00e4der finanziell gef\u00f6rdert werden. Unser Beitrag zur Diskussion dieser Woche: Die richtige Verpackung f\u00fcr das Lastenrad.","rank_math_focus_keyword":"lastenrad","rank_math_title":"","csco_display_header_overlay":false,"csco_singular_sidebar":"","csco_page_header_type":"","csco_page_load_nextpost":"","csco_post_video_location":[],"csco_post_video_location_hash":"","csco_post_video_url":"","csco_post_video_bg_start_time":0,"csco_post_video_bg_end_time":0,"footnotes":"","_links_to":"","_links_to_target":""},"categories":[22],"tags":[32,1487,59054,44],"class_list":{"0":"post-47962","1":"post","2":"type-post","3":"status-publish","4":"format-standard","5":"has-post-thumbnail","7":"category-packmittel-und-packstoffe","8":"tag-packmittel-und-packstoffe","9":"tag-papier-pappe-karton","10":"tag-thimm-group","11":"tag-transportverpackung","12":"cs-entry","13":"cs-video-wrap"},"acf":[],"vimeo_video":null,"_links":{"self":[{"href":"https:\/\/packaging-journal.de\/en\/wp-json\/wp\/v2\/posts\/47962","targetHints":{"allow":["GET"]}}],"collection":[{"href":"https:\/\/packaging-journal.de\/en\/wp-json\/wp\/v2\/posts"}],"about":[{"href":"https:\/\/packaging-journal.de\/en\/wp-json\/wp\/v2\/types\/post"}],"author":[{"embeddable":true,"href":"https:\/\/packaging-journal.de\/en\/wp-json\/wp\/v2\/users\/7"}],"replies":[{"embeddable":true,"href":"https:\/\/packaging-journal.de\/en\/wp-json\/wp\/v2\/comments?post=47962"}],"version-history":[{"count":0,"href":"https:\/\/packaging-journal.de\/en\/wp-json\/wp\/v2\/posts\/47962\/revisions"}],"wp:featuredmedia":[{"embeddable":true,"href":"https:\/\/packaging-journal.de\/en\/wp-json\/wp\/v2\/media\/47975"}],"wp:attachment":[{"href":"https:\/\/packaging-journal.de\/en\/wp-json\/wp\/v2\/media?parent=47962"}],"wp:term":[{"taxonomy":"category","embeddable":true,"href":"https:\/\/packaging-journal.de\/en\/wp-json\/wp\/v2\/categories?post=47962"},{"taxonomy":"post_tag","embeddable":true,"href":"https:\/\/packaging-journal.de\/en\/wp-json\/wp\/v2\/tags?post=47962"}],"curies":[{"name":"wp","href":"https:\/\/api.w.org\/{rel}","templated":true}]}}