{"id":48134,"date":"2021-08-27T14:41:28","date_gmt":"2021-08-27T12:41:28","guid":{"rendered":"https:\/\/packaging-journal.de\/?p=48134"},"modified":"2021-08-27T14:41:28","modified_gmt":"2021-08-27T12:41:28","slug":"dispatch-packaging-from-three-v","status":"publish","type":"post","link":"https:\/\/packaging-journal.de\/en\/versandverpackungen-von-drei-v\/","title":{"rendered":"Volume-reduced shipping packaging from Drei V"},"content":{"rendered":"<p>Die Drei V GmbH aus Kirchheim-Heimstetten zeigt in N\u00fcrnberg volumenreduzierte, nachhaltige Versandverpackungen f\u00fcr Industrie und Handel, darunter L\u00f6sungen f\u00fcr den Transport sensibler G\u00fcter und papierbasierte Einstoffverpackungen.<\/p>\n<p>Ob Druckerzeugnisse, Kosmetika, medizinische Produkte, Textilien oder Elektronikartikel \u2013 <strong>speziell f\u00fcr den Internethandel<\/strong> entwickelt <a href=\"https:\/\/www.drei-v.de\/de\/\" target=\"_blank\" rel=\"noopener\" data-schema-attribute=\"\">Drei V<\/a> Versandl\u00f6sungen, die sich dem Packgut optimal anpassen, einen umfassenden Produktschutz bieten und Material-, Lager- und Portokosten reduzieren. Produkteigenschaften wie der Verschluss mit Selbstklebung und die Aufrei\u00dfhilfe beim \u00d6ffnen sorgen f\u00fcr Komfort beim Verpacken oder R\u00fcckversenden.<\/p>\n<h2>Drei V verpackt sensible G\u00fcter<\/h2>\n<p>Die Folienfixier- und Membranverpackungen des Unternehmens eignen sich<strong> f\u00fcr den Transport sensibler G\u00fcter<\/strong>. Die stabilen Schnellverpackungen fixieren dank einer Spezialfolie das Packgut sicher und sch\u00fctzen es vor sch\u00e4dlichen St\u00f6\u00dfen und Vibrationen. Das dehnf\u00e4hige und nahezu rei\u00dffeste Fixierelement aus Polyethylen bzw. Polyurethan macht den Einsatz weiterer F\u00fcllmaterialen \u00fcberfl\u00fcssig.<\/p><div class=\"packa-in-post-alle\" style=\"text-align: center;\" id=\"packa-3361534754\"><div id=\"packa-1605404058\"><a data-no-instant=\"1\" href=\"https:\/\/packaging-journal.de\/en\/newsletter\/\" rel=\"noopener\" class=\"a2t-link\" target=\"_blank\" aria-label=\"PJ Eigenwerbung English 03\"><!--noptimize--><img src=\"https:\/\/packaging-journal.de\/wp-content\/uploads\/2026\/01\/PJ-Eigenwerbung-English-03.png\" alt=\"\"  srcset=\"https:\/\/packaging-journal.de\/wp-content\/uploads\/2026\/01\/PJ-Eigenwerbung-English-03.png 840w, https:\/\/packaging-journal.de\/wp-content\/uploads\/2026\/01\/PJ-Eigenwerbung-English-03-300x75.png 300w, https:\/\/packaging-journal.de\/wp-content\/uploads\/2026\/01\/PJ-Eigenwerbung-English-03-768x192.png 768w, https:\/\/packaging-journal.de\/wp-content\/uploads\/2026\/01\/PJ-Eigenwerbung-English-03-18x5.png 18w, https:\/\/packaging-journal.de\/wp-content\/uploads\/2026\/01\/PJ-Eigenwerbung-English-03-332x83.png 332w, https:\/\/packaging-journal.de\/wp-content\/uploads\/2026\/01\/PJ-Eigenwerbung-English-03-664x166.png 664w, https:\/\/packaging-journal.de\/wp-content\/uploads\/2026\/01\/PJ-Eigenwerbung-English-03-688x172.png 688w\" sizes=\"(max-width: 840px) 100vw, 840px\" width=\"840\" height=\"210\"  style=\" max-width: 100%; height: auto;\" \/><!--\/noptimize--><\/a><\/div><\/div>\n<h2><strong>100 Prozent papierbasiert und umweltfreundlich<\/strong><\/h2>\n<p>Das Unternehmen hat zudem nachhaltige, papierbasierte Einstoffverpackungen entwickelt, die ohne Folie als Fixierelement auskommen. Hierdurch k\u00f6nne ein ma\u00dfgeblicher Anteil an Prim\u00e4rrohstoffen eingespart und ein Beitrag zum Umweltschutz geleistet werden.<\/p>\n[infotext icon]Der Name Drei V steht f\u00fcr \u201eVerpackung, Verpacken, Versenden&#8220;. Das Unternehmen wurde 1982 von Hans Reinhart gegr\u00fcndet und besch\u00e4ftigt mittlerweile rund 90 Mitarbeiter im M\u00fcnchner Osten am Standort Kirchheim-Heimstetten. Es beliefert haupts\u00e4chlich die Branchen Automotive, Buch- und Medienversand, Elektronik, Internethandel und Medizintechnik.[\/infotext]\n<p>Drei V auf der FachPack: Halle 7A, Stand 216<\/p><div id=\"packa-2838300835\" class=\"packa-inhalt\"><!--noptimize--><script async src=\"https:\/\/pagead2.googlesyndication.com\/pagead\/js\/adsbygoogle.js?client=ca-pub-2686439340972671\" crossorigin=\"anonymous\"><\/script>\r\n<ins class=\"adsbygoogle\" style=\"display:block;text-align:center\" data-ad-layout=\"in-article\" data-ad-format=\"fluid\" data-ad-client=\"ca-pub-2686439340972671\" data-ad-slot=\"6171251825\"><\/ins>\r\n<script>\r\n     (adsbygoogle = window.adsbygoogle || []).push({});\r\n<\/script><!--\/noptimize--><\/div>\n<p><em>Quelle:<\/em> Drei V GmbH<\/p>\n<p><a href=\"https:\/\/packaging-journal.de\/fachpack-special\/\" target=\"_blank\" rel=\"noopener\" data-schema-attribute=\"\"><img fetchpriority=\"high\" decoding=\"async\" class=\"aligncenter wp-image-47814 size-large\" src=\"https:\/\/packaging-journal.de\/wp-content\/uploads\/2021\/08\/PJ-Themenbanner-FachPack-2-1024x192.jpg\" alt=\"\" width=\"1024\" height=\"192\" srcset=\"https:\/\/packaging-journal.de\/wp-content\/uploads\/2021\/08\/PJ-Themenbanner-FachPack-2-1024x192.jpg 1024w, https:\/\/packaging-journal.de\/wp-content\/uploads\/2021\/08\/PJ-Themenbanner-FachPack-2-300x56.jpg 300w, https:\/\/packaging-journal.de\/wp-content\/uploads\/2021\/08\/PJ-Themenbanner-FachPack-2-768x144.jpg 768w, https:\/\/packaging-journal.de\/wp-content\/uploads\/2021\/08\/PJ-Themenbanner-FachPack-2-1536x288.jpg 1536w, https:\/\/packaging-journal.de\/wp-content\/uploads\/2021\/08\/PJ-Themenbanner-FachPack-2-1320x248.jpg 1320w, https:\/\/packaging-journal.de\/wp-content\/uploads\/2021\/08\/PJ-Themenbanner-FachPack-2-600x113.jpg 600w, https:\/\/packaging-journal.de\/wp-content\/uploads\/2021\/08\/PJ-Themenbanner-FachPack-2.jpg 1600w\" sizes=\"(max-width: 1024px) 100vw, 1024px\" \/><\/a><\/p>\n","protected":false},"excerpt":{"rendered":"Drei V GmbH from Kirchheim-Heimstetten is exhibiting volume-reduced, sustainable shipping packaging for industry and retail at Fachpack, including solutions for the transport of sensitive goods and paper-based mono-material packaging.","protected":false},"author":20,"featured_media":48141,"comment_status":"closed","ping_status":"closed","sticky":false,"template":"","format":"standard","meta":{"_acf_changed":false,"__cvm_playback_settings":[],"__cvm_video_id":"","rank_math_description":"Drei V zeigt volumenreduzierte, nachhaltige Versandverpackungen, darunter L\u00f6sungen f\u00fcr den Transport sensibler G\u00fcter und papierbasierte Einstoffverpackungen.","rank_math_focus_keyword":"Drei V","rank_math_title":"","csco_display_header_overlay":false,"csco_singular_sidebar":"","csco_page_header_type":"","csco_page_load_nextpost":"","csco_post_video_location":[],"csco_post_video_location_hash":"","csco_post_video_url":"","csco_post_video_bg_start_time":0,"csco_post_video_bg_end_time":0,"footnotes":"","_links_to":"","_links_to_target":""},"categories":[22],"tags":[59261,21745,67,32,1487],"class_list":{"0":"post-48134","1":"post","2":"type-post","3":"status-publish","4":"format-standard","5":"has-post-thumbnail","7":"category-packmittel-und-packstoffe","8":"tag-drei-v","9":"tag-e-commerce","10":"tag-fachpack","11":"tag-packmittel-und-packstoffe","12":"tag-papier-pappe-karton","13":"cs-entry","14":"cs-video-wrap"},"acf":[],"vimeo_video":null,"_links":{"self":[{"href":"https:\/\/packaging-journal.de\/en\/wp-json\/wp\/v2\/posts\/48134","targetHints":{"allow":["GET"]}}],"collection":[{"href":"https:\/\/packaging-journal.de\/en\/wp-json\/wp\/v2\/posts"}],"about":[{"href":"https:\/\/packaging-journal.de\/en\/wp-json\/wp\/v2\/types\/post"}],"author":[{"embeddable":true,"href":"https:\/\/packaging-journal.de\/en\/wp-json\/wp\/v2\/users\/20"}],"replies":[{"embeddable":true,"href":"https:\/\/packaging-journal.de\/en\/wp-json\/wp\/v2\/comments?post=48134"}],"version-history":[{"count":0,"href":"https:\/\/packaging-journal.de\/en\/wp-json\/wp\/v2\/posts\/48134\/revisions"}],"wp:featuredmedia":[{"embeddable":true,"href":"https:\/\/packaging-journal.de\/en\/wp-json\/wp\/v2\/media\/48141"}],"wp:attachment":[{"href":"https:\/\/packaging-journal.de\/en\/wp-json\/wp\/v2\/media?parent=48134"}],"wp:term":[{"taxonomy":"category","embeddable":true,"href":"https:\/\/packaging-journal.de\/en\/wp-json\/wp\/v2\/categories?post=48134"},{"taxonomy":"post_tag","embeddable":true,"href":"https:\/\/packaging-journal.de\/en\/wp-json\/wp\/v2\/tags?post=48134"}],"curies":[{"name":"wp","href":"https:\/\/api.w.org\/{rel}","templated":true}]}}