{"id":48295,"date":"2021-09-02T12:13:02","date_gmt":"2021-09-02T10:13:02","guid":{"rendered":"https:\/\/packaging-journal.de\/?p=48295"},"modified":"2021-09-02T11:52:58","modified_gmt":"2021-09-02T09:52:58","slug":"monta-recyclate-adhesive-tape-for-packaging","status":"publish","type":"post","link":"https:\/\/packaging-journal.de\/en\/monta-rezyklat-klebeband-fuer-verpackungen\/","title":{"rendered":"Monta saves resources with new recycled adhesive tape"},"content":{"rendered":"<p>Die Monta Klebebandwerk GmbH hat ein nachhaltiges Verpackungsklebeband aus industriellen Abfallkunststoffen entwickelt. Dabei wird f\u00fcr die Tr\u00e4gerfolie Post Industrial recyceltes (PIR) Polypropylen eingesetzt.<\/p>\n<p>Das neue Klebeband <em>monta reTec 831<\/em>\u00a0mit Naturkautschukkleber eignet sich f\u00fcr den dauerhaften Verschluss von mittelschweren bis hin zu schweren Kartons. Die Tr\u00e4gerfolie besteht vollst\u00e4ndig <strong>aus Post Industrial Rezyklat (PIR) europ\u00e4ischer Herkunft<\/strong>. Der CO2-Fu\u00dfabdruck der eingesetzten Rohstoffe sei damit um 33 Prozent geringer als der von herk\u00f6mmlichem BOPP-Kunststoffklebeband.<\/p>\n<p>Bei der Herstellung von Polypropylen-Folie entstehen Kunststoffabf\u00e4lle, die bisher entsorgt wurden. Die Monta Klebebandwerk GmbH fertigt daraus nun ein funktionelles Produkt: Am Standort des Folienherstellers werden Kunststoffabf\u00e4lle zu 100 Prozent Post Industrial recyceltem (PIR) Polypropylen verarbeitet, und als Tr\u00e4gerfolie f\u00fcr das<em> monta reTec 831<\/em> Klebeband eingesetzt. Diese wird anschlie\u00dfend bei Monta <strong>mit Naturkautschukkleber beschichtet<\/strong>, der die technischen Anforderungen auch f\u00fcr schwierige Oberfl\u00e4chen oder extreme Umgebungen, wie beispielsweise im Tiefk\u00fchlbereich, erf\u00fcllt.<\/p><div class=\"packa-in-post-alle\" style=\"text-align: center;\" id=\"packa-925085409\"><div id=\"packa-3696135186\"><a data-no-instant=\"1\" href=\"https:\/\/packaging-journal.de\/en\/newsletter\/\" rel=\"noopener\" class=\"a2t-link\" target=\"_blank\" aria-label=\"PJ Eigenwerbung English 03\"><!--noptimize--><img src=\"https:\/\/packaging-journal.de\/wp-content\/uploads\/2026\/01\/PJ-Eigenwerbung-English-03.png\" alt=\"\"  srcset=\"https:\/\/packaging-journal.de\/wp-content\/uploads\/2026\/01\/PJ-Eigenwerbung-English-03.png 840w, https:\/\/packaging-journal.de\/wp-content\/uploads\/2026\/01\/PJ-Eigenwerbung-English-03-300x75.png 300w, https:\/\/packaging-journal.de\/wp-content\/uploads\/2026\/01\/PJ-Eigenwerbung-English-03-768x192.png 768w, https:\/\/packaging-journal.de\/wp-content\/uploads\/2026\/01\/PJ-Eigenwerbung-English-03-18x5.png 18w, https:\/\/packaging-journal.de\/wp-content\/uploads\/2026\/01\/PJ-Eigenwerbung-English-03-332x83.png 332w, https:\/\/packaging-journal.de\/wp-content\/uploads\/2026\/01\/PJ-Eigenwerbung-English-03-664x166.png 664w, https:\/\/packaging-journal.de\/wp-content\/uploads\/2026\/01\/PJ-Eigenwerbung-English-03-688x172.png 688w\" sizes=\"(max-width: 840px) 100vw, 840px\" width=\"840\" height=\"210\"  style=\" max-width: 100%; height: auto;\" \/><!--\/noptimize--><\/a><\/div><\/div>\n<h2>Rezyklat-Klebeband verschlie\u00dft sparsam<\/h2>\n<p>Ressourcen zu schonen ist nicht nur bei den Rohstoffen f\u00fcr das Tr\u00e4germaterial ein Thema, sondern auch bei der Anwendung von Klebeb\u00e4ndern. Denn <strong>Klebeb\u00e4nder mit guter Klebkraft und hoher Rei\u00dfkraft verschlie\u00dfen meist schon mit einer Lage.<\/strong> M\u00fcssen Klebeb\u00e4nder mehrlagig aufgebracht werden, um die gew\u00fcnschten Eigenschaften zu erreichen, bedeutet das ein Vielfaches an Materialverbrauch. Das Verschlie\u00dfen ist zum einen zeitaufw\u00e4ndiger und teuer, zum anderen wird die Umwelt belastet.<\/p>\n<p>Auch die <strong>Entsorgung des Klebebands im Kartonrecycling<\/strong> ist ein Aspekt f\u00fcr Nachhaltigkeit: Das <em>monta reTec 831<\/em> kann problemlos vom Karton getrennt werden und das Kartonrecycling funktioniert st\u00f6rungsfrei.<\/p><div id=\"packa-1754313540\" class=\"packa-inhalt\"><!--noptimize--><script async src=\"https:\/\/pagead2.googlesyndication.com\/pagead\/js\/adsbygoogle.js?client=ca-pub-2686439340972671\" crossorigin=\"anonymous\"><\/script>\r\n<ins class=\"adsbygoogle\" style=\"display:block;text-align:center\" data-ad-layout=\"in-article\" data-ad-format=\"fluid\" data-ad-client=\"ca-pub-2686439340972671\" data-ad-slot=\"6171251825\"><\/ins>\r\n<script>\r\n     (adsbygoogle = window.adsbygoogle || []).push({});\r\n<\/script><!--\/noptimize--><\/div>\n<h2>Das Sortiment wird gr\u00fcner<\/h2>\n<p>J\u00e4hrlich werden <strong>weltweit 30 Milliarden Quadratmeter Klebeband<\/strong> verwendet. <a href=\"https:\/\/packaging-journal.de\/?s=monta+klebebandwerk\" target=\"_blank\" rel=\"noopener\" data-schema-attribute=\"\">Monta<\/a> hat deshalb bereits Ende 2019 ein zu 90 Prozent biobasiertes Klebeband aus nachwachsenden Rohstoffen entwickelt und damit den Startschuss f\u00fcr sein nachhaltiges Produktsortiment <a href=\"https:\/\/monta.de\/produkte#greenline\" target=\"_blank\" rel=\"noopener\" data-schema-attribute=\"\">Monta Greenline<\/a> gegeben. Mit dem neuen Klebeband aus PIR-Rezyklat erweitert das Unternehmen jetzt sein umweltfreundliches Sortiment um ein weiteres Kunststoffklebeband.<\/p>\n<p>Seit August 2021 k\u00f6nnen zudem<strong> alle Monta Greenline Klebeb\u00e4nder klimaneutral<\/strong> angeboten werden: F\u00fcr den Ausgleich der CO2-Emissionen unterst\u00fctzt der Klebebandhersteller anerkannte, nach internationalen Ma\u00dfst\u00e4ben zertifizierte Klimaschutzprojekte.<\/p>\n[infotext icon]Die monta Klebebandwerk GmbH ist ein mittelst\u00e4ndisches Unternehmen mit 140 Besch\u00e4ftigten am Produktionsstandort in Immenstadt und fertigt als gr\u00f6\u00dfter deutscher Hersteller Klebeb\u00e4nder auf Naturkautschukbasis. Das international ausgerichtete Unternehmen verf\u00fcgt \u00fcber ein weltweites Netz aus Kunden, Lieferanten sowie zwei Tochtergesellschaften in Ungarn und Rum\u00e4nien. [\/infotext]\n<p><em>Quelle:<\/em> Monta<\/p>\n","protected":false},"excerpt":{"rendered":"Monta Klebebandwerk GmbH has developed a sustainable adhesive packaging tape made from industrial waste plastics. The recycled adhesive tape has a carrier film made from post-industrial recycled (PIR) polypropylene.","protected":false},"author":20,"featured_media":48298,"comment_status":"closed","ping_status":"closed","sticky":false,"template":"","format":"standard","meta":{"_acf_changed":false,"__cvm_playback_settings":[],"__cvm_video_id":"","rank_math_description":"Monta hat ein nachhaltiges Rezyklat-Klebeband f\u00fcr Verpackungen entwickelt, dessen Tr\u00e4gerfolie aus Post Industrial recyceltem (PIR) Polypropylen besteht.","rank_math_focus_keyword":"Rezyklat-Klebeband","rank_math_title":"","csco_display_header_overlay":false,"csco_singular_sidebar":"","csco_page_header_type":"","csco_page_load_nextpost":"","csco_post_video_location":[],"csco_post_video_location_hash":"","csco_post_video_url":"","csco_post_video_bg_start_time":0,"csco_post_video_bg_end_time":0,"footnotes":"","_links_to":"","_links_to_target":""},"categories":[58781],"tags":[61,58742,31,32],"class_list":{"0":"post-48295","1":"post","2":"type-post","3":"status-publish","4":"format-standard","5":"has-post-thumbnail","7":"category-green-packaging","8":"tag-endverpacken","9":"tag-monta","10":"tag-nachhaltigkeit-und-green-packaging","11":"tag-packmittel-und-packstoffe","12":"cs-entry","13":"cs-video-wrap"},"acf":[],"vimeo_video":null,"_links":{"self":[{"href":"https:\/\/packaging-journal.de\/en\/wp-json\/wp\/v2\/posts\/48295","targetHints":{"allow":["GET"]}}],"collection":[{"href":"https:\/\/packaging-journal.de\/en\/wp-json\/wp\/v2\/posts"}],"about":[{"href":"https:\/\/packaging-journal.de\/en\/wp-json\/wp\/v2\/types\/post"}],"author":[{"embeddable":true,"href":"https:\/\/packaging-journal.de\/en\/wp-json\/wp\/v2\/users\/20"}],"replies":[{"embeddable":true,"href":"https:\/\/packaging-journal.de\/en\/wp-json\/wp\/v2\/comments?post=48295"}],"version-history":[{"count":0,"href":"https:\/\/packaging-journal.de\/en\/wp-json\/wp\/v2\/posts\/48295\/revisions"}],"wp:featuredmedia":[{"embeddable":true,"href":"https:\/\/packaging-journal.de\/en\/wp-json\/wp\/v2\/media\/48298"}],"wp:attachment":[{"href":"https:\/\/packaging-journal.de\/en\/wp-json\/wp\/v2\/media?parent=48295"}],"wp:term":[{"taxonomy":"category","embeddable":true,"href":"https:\/\/packaging-journal.de\/en\/wp-json\/wp\/v2\/categories?post=48295"},{"taxonomy":"post_tag","embeddable":true,"href":"https:\/\/packaging-journal.de\/en\/wp-json\/wp\/v2\/tags?post=48295"}],"curies":[{"name":"wp","href":"https:\/\/api.w.org\/{rel}","templated":true}]}}