{"id":48554,"date":"2021-09-08T09:47:30","date_gmt":"2021-09-08T07:47:30","guid":{"rendered":"https:\/\/packaging-journal.de\/?p=48554"},"modified":"2021-09-08T09:47:30","modified_gmt":"2021-09-08T07:47:30","slug":"greiner-packaging-sustainable-packaging","status":"publish","type":"post","link":"https:\/\/packaging-journal.de\/en\/greiner-packaging-nachhaltige-verpackungen\/","title":{"rendered":"Greiner Packaging presents sustainable packaging concepts"},"content":{"rendered":"<p>At this year's Fachpack presentation, Greiner Packaging International GmbH will be focussing on attractive solutions for the point of sale, barrier solutions for extended food shelf life and sustainable packaging.<\/p>\n<p>The company, which is based in Kremsm\u00fcnster, Austria, focuses on <strong>Material diversity<\/strong>. The aim is to be able to offer customers not only the most sustainable, but also the best possible solution for each individual project. In Nuremberg, among other things <strong>Alternative materials to conventional plastics<\/strong> presented. These do not require any new concepts for filling and use, such as paper cups for the ice cream market. Prototypes made from renewable materials will also be presented: with the <strong>Bornewables portfolio<\/strong> For the first time, renewable resources have been integrated into the production of polypropylene (PP) food cups with in-mould labelling (IML) as a decoration technology. The new premium polyolefins come from Borealis.<\/p>\n<p>On the other hand <strong>Recycled materials for new packaging<\/strong> If recycled PET is used, recycling chains can be kept circular in the future. Greiner Packaging is currently developing prototypes made from r-PET HTS, for example - this is recycled PET that is suitable for hot sterilisation and can therefore withstand high temperatures and steam. r-PS, recycled polystyrene, is also already being used as a drop-in solution for yoghurt pots. It behaves exactly like virgin material during processing and requires no adjustments; the productivity of the systems also remains identical.<\/p><div class=\"packa-in-post-alle\" style=\"text-align: center;\" id=\"packa-2447189879\"><div id=\"packa-1792877976\"><a data-no-instant=\"1\" href=\"https:\/\/packaging-journal.de\/en\/newsletter\/\" rel=\"noopener\" class=\"a2t-link\" target=\"_blank\" aria-label=\"PJ Self-promotion English 03\"><!--noptimize--><img src=\"https:\/\/packaging-journal.de\/wp-content\/uploads\/2026\/01\/PJ-Eigenwerbung-English-03.png\" alt=\"\"  srcset=\"https:\/\/packaging-journal.de\/wp-content\/uploads\/2026\/01\/PJ-Eigenwerbung-English-03.png 840w, https:\/\/packaging-journal.de\/wp-content\/uploads\/2026\/01\/PJ-Eigenwerbung-English-03-300x75.png 300w, https:\/\/packaging-journal.de\/wp-content\/uploads\/2026\/01\/PJ-Eigenwerbung-English-03-768x192.png 768w, https:\/\/packaging-journal.de\/wp-content\/uploads\/2026\/01\/PJ-Eigenwerbung-English-03-18x5.png 18w, https:\/\/packaging-journal.de\/wp-content\/uploads\/2026\/01\/PJ-Eigenwerbung-English-03-332x83.png 332w, https:\/\/packaging-journal.de\/wp-content\/uploads\/2026\/01\/PJ-Eigenwerbung-English-03-664x166.png 664w, https:\/\/packaging-journal.de\/wp-content\/uploads\/2026\/01\/PJ-Eigenwerbung-English-03-688x172.png 688w\" sizes=\"(max-width: 840px) 100vw, 840px\" width=\"840\" height=\"210\"  style=\" max-width: 100%; height: auto;\" \/><!--\/noptimize--><\/a><\/div><\/div>\n<h2><strong>Greiner shows cardboard-plastic combinations<\/strong><\/h2>\n<p>For the first time, there is also a further development of the familiar cardboard-plastic combinations: whereas until now it was still up to the consumer to separate the cardboard wrap from the plastic cup and then dispose of it, the new <a href=\"https:\/\/www.greiner-gpi.com\/de\" target=\"_blank\" rel=\"noopener\" data-schema-attribute=\"\">Greiner Packaging<\/a> has developed the new K3-r100, a solution in which the cardboard wrap detaches itself from the plastic cup during the waste collection process before the packaging arrives at the recycling plant. The <strong>Innovative tear-off solution<\/strong>, which makes the separation of plastic and cardboard more intuitive and easier, remains the same for packaging. This means that environmentally conscious consumers can still separate the packaging themselves.<\/p>\n<p>Also <strong>digital watermarks<\/strong>, which are also being used on cardboard-plastic combinations in initial trials, will be an issue: The stamp-sized codes, which are not visible on the packaging surface at first glance, convey a range of information relating to the packaging attributes - from the manufacturer to the waste management system, the article number, the plastic type or composition in the case of multilayer packaging through to information relating to use in the food or non-food industry.<\/p><div id=\"packa-3102210442\" class=\"packa-inhalt\"><!--noptimize--><script async src=\"https:\/\/pagead2.googlesyndication.com\/pagead\/js\/adsbygoogle.js?client=ca-pub-2686439340972671\" crossorigin=\"anonymous\"><\/script>\r\n<ins class=\"adsbygoogle\" style=\"display:block;text-align:center\" data-ad-layout=\"in-article\" data-ad-format=\"fluid\" data-ad-client=\"ca-pub-2686439340972671\" data-ad-slot=\"6171251825\"><\/ins>\r\n<script>\r\n     (adsbygoogle = window.adsbygoogle || []).push({});\r\n<\/script><!--\/noptimize--><\/div>\n<h2>Cardboard packaging<\/h2>\n<p>Together with Greiner Packaging, joint venture partner <strong>Cardbox Packaging<\/strong> was represented at the trade fair: The company produces creative packaging solutions from cardboard - and this complements Greiner Packaging's range as a sustainable raw material. Visitors to the trade fair will be able to see the jointly developed solutions for themselves.<\/p>\n<p>Greiner Packaging at Fachpack 2021: Hall 7, Stand 332<\/p>\n<p><em>Source<\/em>Greiner Packaging<\/p>\n<p><a href=\"https:\/\/packaging-journal.de\/fachpack-special\/\" target=\"_blank\" rel=\"noopener\"><img fetchpriority=\"high\" decoding=\"async\" class=\"aligncenter wp-image-47814 size-large\" src=\"https:\/\/packaging-journal.de\/wp-content\/uploads\/2021\/08\/PJ-Themenbanner-FachPack-2-1024x192.jpg\" alt=\"Banner Fachpack Special\" width=\"1024\" height=\"192\" srcset=\"https:\/\/packaging-journal.de\/wp-content\/uploads\/2021\/08\/PJ-Themenbanner-FachPack-2-1024x192.jpg 1024w, https:\/\/packaging-journal.de\/wp-content\/uploads\/2021\/08\/PJ-Themenbanner-FachPack-2-300x56.jpg 300w, https:\/\/packaging-journal.de\/wp-content\/uploads\/2021\/08\/PJ-Themenbanner-FachPack-2-768x144.jpg 768w, https:\/\/packaging-journal.de\/wp-content\/uploads\/2021\/08\/PJ-Themenbanner-FachPack-2-1536x288.jpg 1536w, https:\/\/packaging-journal.de\/wp-content\/uploads\/2021\/08\/PJ-Themenbanner-FachPack-2-1320x248.jpg 1320w, https:\/\/packaging-journal.de\/wp-content\/uploads\/2021\/08\/PJ-Themenbanner-FachPack-2-600x113.jpg 600w, https:\/\/packaging-journal.de\/wp-content\/uploads\/2021\/08\/PJ-Themenbanner-FachPack-2.jpg 1600w\" sizes=\"(max-width: 1024px) 100vw, 1024px\" \/><\/a><\/p>","protected":false},"excerpt":{"rendered":"At this year's Fachpack, Greiner Packaging will be presenting attractive solutions for the point of sale, barrier solutions for extended food shelf life and sustainable packaging.","protected":false},"author":1,"featured_media":48555,"comment_status":"closed","ping_status":"closed","sticky":false,"template":"","format":"standard","meta":{"_acf_changed":false,"__cvm_playback_settings":[],"__cvm_video_id":"","rank_math_description":"Greiner Packaging pr\u00e4sentiert auf der Fachpack unter anderem Barrierel\u00f6sungen f\u00fcr verl\u00e4ngerte Lebensmittelhaltbarkeit sowie nachhaltige Verpackungen.","rank_math_focus_keyword":"Greiner Packaging","rank_math_title":"","csco_display_header_overlay":false,"csco_singular_sidebar":"","csco_page_header_type":"","csco_page_load_nextpost":"","csco_post_video_location":[],"csco_post_video_location_hash":"","csco_post_video_url":"","csco_post_video_bg_start_time":0,"csco_post_video_bg_end_time":0,"footnotes":"","_links_to":"","_links_to_target":""},"categories":[22],"tags":[67,57564,54,32,1487],"class_list":{"0":"post-48554","1":"post","2":"type-post","3":"status-publish","4":"format-standard","5":"has-post-thumbnail","7":"category-packmittel-und-packstoffe","8":"tag-fachpack","9":"tag-greiner-packaging","10":"tag-kunststoff-und-verbunde","11":"tag-packmittel-und-packstoffe","12":"tag-papier-pappe-karton","13":"cs-entry","14":"cs-video-wrap"},"acf":[],"vimeo_video":null,"_links":{"self":[{"href":"https:\/\/packaging-journal.de\/en\/wp-json\/wp\/v2\/posts\/48554","targetHints":{"allow":["GET"]}}],"collection":[{"href":"https:\/\/packaging-journal.de\/en\/wp-json\/wp\/v2\/posts"}],"about":[{"href":"https:\/\/packaging-journal.de\/en\/wp-json\/wp\/v2\/types\/post"}],"author":[{"embeddable":true,"href":"https:\/\/packaging-journal.de\/en\/wp-json\/wp\/v2\/users\/1"}],"replies":[{"embeddable":true,"href":"https:\/\/packaging-journal.de\/en\/wp-json\/wp\/v2\/comments?post=48554"}],"version-history":[{"count":0,"href":"https:\/\/packaging-journal.de\/en\/wp-json\/wp\/v2\/posts\/48554\/revisions"}],"wp:featuredmedia":[{"embeddable":true,"href":"https:\/\/packaging-journal.de\/en\/wp-json\/wp\/v2\/media\/48555"}],"wp:attachment":[{"href":"https:\/\/packaging-journal.de\/en\/wp-json\/wp\/v2\/media?parent=48554"}],"wp:term":[{"taxonomy":"category","embeddable":true,"href":"https:\/\/packaging-journal.de\/en\/wp-json\/wp\/v2\/categories?post=48554"},{"taxonomy":"post_tag","embeddable":true,"href":"https:\/\/packaging-journal.de\/en\/wp-json\/wp\/v2\/tags?post=48554"}],"curies":[{"name":"wp","href":"https:\/\/api.w.org\/{rel}","templated":true}]}}