{"id":48663,"date":"2021-09-09T17:16:01","date_gmt":"2021-09-09T15:16:01","guid":{"rendered":"https:\/\/packaging-journal.de\/?p=48663"},"modified":"2021-09-14T13:52:24","modified_gmt":"2021-09-14T11:52:24","slug":"cosmeticbusiness-2021-in-munich","status":"publish","type":"post","link":"https:\/\/packaging-journal.de\/en\/cosmeticbusiness-2021-in-muenchen\/","title":{"rendered":"Sustainable packaging innovations at CosmeticBusiness 2021"},"content":{"rendered":"<p>Nach einem Jahr pandemiebedingter Pause treffen sich die Kosmetikzulieferindustrie und ihre Kunden wieder pers\u00f6nlich. Auf der CosmeticBusiness 2021 pr\u00e4sentieren vom 20. bis 21. Oktober rund 270 Aussteller im MOC M\u00fcnchen neue Produktkonzepte der Kosmetikindustrie.<\/p>\n<p>Nachhaltigkeit ist auch auf der <a title=\"https:\/\/tradefair.cosmetic-business.com\/de\" href=\"https:\/\/tradefair.cosmetic-business.com\/de\" target=\"_blank\" rel=\"noopener\" data-schema-attribute=\"\">CosmeticBusiness 2021<\/a> das Thema der Verpackung. Von ressourcenschonenden Konzepten \u00fcber biobasierte und biologisch abbaubare Werkstoffe bis zu recyclebaren Etiketten pr\u00e4sentieren die Aussteller L\u00f6sungen, die sowohl nachhaltig als auch kreativ sind. Hier eine Auswahl:<\/p>\n<h2><strong>E<\/strong><strong>co-Design meets Rezyklat<\/strong><\/h2>\n<p>Rezyklate, Recycelbarkeit und (Gewichts-)Reduktion sind die drei R, die zu jeder nachhaltigen Verpackungsl\u00f6sung geh\u00f6ren. Die Tube \u201ePCR Max\u201c von Alb\u00e9a mit dem Eco-Design Light-Verschluss \u201eSLIM\u201c aus PE vereint die drei Punkte. Sie besteht aus einem leicht zu recycelnden Monomaterial, hat eine reduzierte Wandst\u00e4rke von 350 \u00b5m und weist einen PCR-Anteil von rund 57 Prozent auf \u2013 bei einer 200-ml-Tube mit 50 mm Durchmesser ohne Verschluss. Z\u00e4hlt letzterer mit, liegt der Anteil immerhin noch bei 38 Prozent.<\/p><div class=\"packa-in-post-alle\" style=\"text-align: center;\" id=\"packa-3323887907\"><div id=\"packa-385375070\"><a data-no-instant=\"1\" href=\"https:\/\/packaging-journal.de\/en\/newsletter\/\" rel=\"noopener\" class=\"a2t-link\" target=\"_blank\" aria-label=\"PJ Eigenwerbung English 03\"><!--noptimize--><img src=\"https:\/\/packaging-journal.de\/wp-content\/uploads\/2026\/01\/PJ-Eigenwerbung-English-03.png\" alt=\"\"  srcset=\"https:\/\/packaging-journal.de\/wp-content\/uploads\/2026\/01\/PJ-Eigenwerbung-English-03.png 840w, https:\/\/packaging-journal.de\/wp-content\/uploads\/2026\/01\/PJ-Eigenwerbung-English-03-300x75.png 300w, https:\/\/packaging-journal.de\/wp-content\/uploads\/2026\/01\/PJ-Eigenwerbung-English-03-768x192.png 768w, https:\/\/packaging-journal.de\/wp-content\/uploads\/2026\/01\/PJ-Eigenwerbung-English-03-18x5.png 18w, https:\/\/packaging-journal.de\/wp-content\/uploads\/2026\/01\/PJ-Eigenwerbung-English-03-332x83.png 332w, https:\/\/packaging-journal.de\/wp-content\/uploads\/2026\/01\/PJ-Eigenwerbung-English-03-664x166.png 664w, https:\/\/packaging-journal.de\/wp-content\/uploads\/2026\/01\/PJ-Eigenwerbung-English-03-688x172.png 688w\" sizes=\"(max-width: 840px) 100vw, 840px\" width=\"840\" height=\"210\"  style=\" max-width: 100%; height: auto;\" \/><!--\/noptimize--><\/a><\/div><\/div>\n<figure id=\"attachment_48686\" aria-describedby=\"caption-attachment-48686\" style=\"width: 1024px\" class=\"wp-caption aligncenter\"><img fetchpriority=\"high\" decoding=\"async\" class=\"wp-image-48686 size-large\" src=\"https:\/\/packaging-journal.de\/wp-content\/uploads\/2021\/09\/albea-1024x555.png\" alt=\"\" width=\"1024\" height=\"555\" srcset=\"https:\/\/packaging-journal.de\/wp-content\/uploads\/2021\/09\/albea-1024x555.png 1024w, https:\/\/packaging-journal.de\/wp-content\/uploads\/2021\/09\/albea-300x163.png 300w, https:\/\/packaging-journal.de\/wp-content\/uploads\/2021\/09\/albea-768x416.png 768w, https:\/\/packaging-journal.de\/wp-content\/uploads\/2021\/09\/albea-600x325.png 600w, https:\/\/packaging-journal.de\/wp-content\/uploads\/2021\/09\/albea.png 1200w\" sizes=\"(max-width: 1024px) 100vw, 1024px\" \/><figcaption id=\"caption-attachment-48686\" class=\"wp-caption-text\">(Bild: Alb\u00e9a)<\/figcaption><\/figure>\n<h2><strong>Airless-Spender aus recycelten Materialien<\/strong><\/h2>\n<p>Mit der Eco Linie bietet Aptar Airless-Spender aus 100 Prozent PP\/PE mit einer von Cylos HTP zertifizierten Recyclingf\u00e4higkeit von 96 bis 98 Prozent. Darauf aufbauend bietet das Unternehmen verschiedene PCR-L\u00f6sungen. Bei Micro 30 ml R-PET bestehen \u00fcber 60 Prozent des Airless-Spenders aus mechanisch recyceltem PET PCR. Bei ISSC Plus Circular plastic sind alle PP-Teile zu 100 Prozent aus chemisch recyceltem Material. Die PP-Teile der Produkte Micro ECO und Mezzo ECO bestehen zu 50 Prozent aus mechanisch recyceltem PCR Plus. Dabei liegt der PCR-Anteil des gesamten Spenders bei \u00fcber 40 Prozent.<\/p>\n<figure id=\"attachment_48680\" aria-describedby=\"caption-attachment-48680\" style=\"width: 1024px\" class=\"wp-caption aligncenter\"><img decoding=\"async\" class=\"wp-image-48680 size-large\" src=\"https:\/\/packaging-journal.de\/wp-content\/uploads\/2021\/09\/aptar-1-1024x555.jpg\" alt=\"\" width=\"1024\" height=\"555\" srcset=\"https:\/\/packaging-journal.de\/wp-content\/uploads\/2021\/09\/aptar-1-1024x555.jpg 1024w, https:\/\/packaging-journal.de\/wp-content\/uploads\/2021\/09\/aptar-1-300x163.jpg 300w, https:\/\/packaging-journal.de\/wp-content\/uploads\/2021\/09\/aptar-1-768x416.jpg 768w, https:\/\/packaging-journal.de\/wp-content\/uploads\/2021\/09\/aptar-1-600x325.jpg 600w, https:\/\/packaging-journal.de\/wp-content\/uploads\/2021\/09\/aptar-1.jpg 1200w\" sizes=\"(max-width: 1024px) 100vw, 1024px\" \/><figcaption id=\"caption-attachment-48680\" class=\"wp-caption-text\">(Bild: Aptar)<\/figcaption><\/figure>\n<h2><strong>Mono-Siegelfolien aus PET und PP<\/strong><\/h2>\n<p>Die neuen Kunststoffsiegelfolien BaCo Sealfilm Mono-PET und BaCo Sealfilm Mono-PP von Ballerstaedt bestehen aus sortenreinem Monomaterial. Im Gegensatz zu herk\u00f6mmlichen Siegelmaterialien, die in der Regel aus Verbundstoffen bestehen und somit industriell nicht in ihre Komponenten zerlegbar sind, lassen sich die Monofolien leicht recyceln. Gefertigt aus reinem PET oder PP k\u00f6nnen sie sowohl getrennt als auch mit dem Beh\u00e4ltnis zusammen in den jeweiligen Recyclingstrom \u00fcbergeben werden. Die Monofolien sind zur Versiegelung von Produkten aller Branchen geeignet. Sie verf\u00fcgen \u00fcber eine Barriere gegen Sauerstoff und Wasserdampf.<\/p><div id=\"packa-1070289423\" class=\"packa-inhalt\"><!--noptimize--><script async src=\"https:\/\/pagead2.googlesyndication.com\/pagead\/js\/adsbygoogle.js?client=ca-pub-2686439340972671\" crossorigin=\"anonymous\"><\/script>\r\n<ins class=\"adsbygoogle\" style=\"display:block;text-align:center\" data-ad-layout=\"in-article\" data-ad-format=\"fluid\" data-ad-client=\"ca-pub-2686439340972671\" data-ad-slot=\"6171251825\"><\/ins>\r\n<script>\r\n     (adsbygoogle = window.adsbygoogle || []).push({});\r\n<\/script><!--\/noptimize--><\/div>\n<figure id=\"attachment_48681\" aria-describedby=\"caption-attachment-48681\" style=\"width: 800px\" class=\"wp-caption aligncenter\"><img decoding=\"async\" class=\"wp-image-48681 size-full\" src=\"https:\/\/packaging-journal.de\/wp-content\/uploads\/2021\/09\/CBL21_ballertaedt_web.jpg\" alt=\"\" width=\"800\" height=\"534\" srcset=\"https:\/\/packaging-journal.de\/wp-content\/uploads\/2021\/09\/CBL21_ballertaedt_web.jpg 800w, https:\/\/packaging-journal.de\/wp-content\/uploads\/2021\/09\/CBL21_ballertaedt_web-300x200.jpg 300w, https:\/\/packaging-journal.de\/wp-content\/uploads\/2021\/09\/CBL21_ballertaedt_web-768x513.jpg 768w, https:\/\/packaging-journal.de\/wp-content\/uploads\/2021\/09\/CBL21_ballertaedt_web-600x401.jpg 600w\" sizes=\"(max-width: 800px) 100vw, 800px\" \/><figcaption id=\"caption-attachment-48681\" class=\"wp-caption-text\">(Bild: Ballerstaedt)<\/figcaption><\/figure>\n<h2><strong>Beutelverpackungen mit Naturpapier<\/strong><\/h2>\n<p>Neue Hochbarriere-Materialien machen es m\u00f6glich, Beutelverpackungen aus Papier zu fertigen. Sie bestehen aus braunem Naturpapier und wei\u00dfem Papier und sind f\u00fcr alle trockenen, past\u00f6sen Produkte geeignet. Durch ihren matten Look und der nat\u00fcrlichen Papier-Struktur lassen sich somit Standbodenbeutel in Papieroptik gestalten. An unbedruckten Stellen zeigt sich eine deutliche Papierstruktur. Aber auch kr\u00e4ftige und leuchtende Farben kommen auf den Materialien gut zur Geltung. Zus\u00e4tzlich bietet die Harder-online GmbH f\u00fcr seine Flachbeutel ein zu 100 Prozent recycelbares, wei\u00dfes Naturpapier an, das f\u00fcr feste Produkte, Pasten und Pulver geeignet ist.<\/p>\n<figure id=\"attachment_48682\" aria-describedby=\"caption-attachment-48682\" style=\"width: 800px\" class=\"wp-caption aligncenter\"><img loading=\"lazy\" decoding=\"async\" class=\"wp-image-48682 size-full\" src=\"https:\/\/packaging-journal.de\/wp-content\/uploads\/2021\/09\/CBL21_harder_web.jpg\" alt=\"\" width=\"800\" height=\"333\" srcset=\"https:\/\/packaging-journal.de\/wp-content\/uploads\/2021\/09\/CBL21_harder_web.jpg 800w, https:\/\/packaging-journal.de\/wp-content\/uploads\/2021\/09\/CBL21_harder_web-300x125.jpg 300w, https:\/\/packaging-journal.de\/wp-content\/uploads\/2021\/09\/CBL21_harder_web-768x320.jpg 768w, https:\/\/packaging-journal.de\/wp-content\/uploads\/2021\/09\/CBL21_harder_web-600x250.jpg 600w\" sizes=\"(max-width: 800px) 100vw, 800px\" \/><figcaption id=\"caption-attachment-48682\" class=\"wp-caption-text\">(Bild: Harder)<\/figcaption><\/figure>\n<h2><strong>Airless ohne geometrische Einschr\u00e4nkungen<\/strong><\/h2>\n<p>Canvas Airless von Louvrette ist das erste Produkt einer neuen, patentierten Technologie f\u00fcr Airless-Produkte. Die Verpackung wird durch Bi-Injektion einer inneren und \u00e4u\u00dferen Schicht hergestellt, die dann in Form geblasen und mit einer Airless-Pumpe montiert wird. Bei Bet\u00e4tigung der Pumpe l\u00f6st sich die innere Schicht in einen Beutel auf, der sich in sich selbst zusammenfaltet und die Abgabe des Inhalts erm\u00f6glicht. Canvas Airless befreit die Marken von den geometrischen Einschr\u00e4nkungen des Kolben-Systems und erm\u00f6glicht eine Vielfalt neuer Formen.<\/p>\n<figure id=\"attachment_48683\" aria-describedby=\"caption-attachment-48683\" style=\"width: 1024px\" class=\"wp-caption aligncenter\"><img loading=\"lazy\" decoding=\"async\" class=\"wp-image-48683 size-large\" src=\"https:\/\/packaging-journal.de\/wp-content\/uploads\/2021\/09\/canvas-airless-1024x555.jpg\" alt=\"\" width=\"1024\" height=\"555\" srcset=\"https:\/\/packaging-journal.de\/wp-content\/uploads\/2021\/09\/canvas-airless-1024x555.jpg 1024w, https:\/\/packaging-journal.de\/wp-content\/uploads\/2021\/09\/canvas-airless-300x163.jpg 300w, https:\/\/packaging-journal.de\/wp-content\/uploads\/2021\/09\/canvas-airless-768x416.jpg 768w, https:\/\/packaging-journal.de\/wp-content\/uploads\/2021\/09\/canvas-airless-600x325.jpg 600w, https:\/\/packaging-journal.de\/wp-content\/uploads\/2021\/09\/canvas-airless.jpg 1200w\" sizes=\"(max-width: 1024px) 100vw, 1024px\" \/><figcaption id=\"caption-attachment-48683\" class=\"wp-caption-text\">(Bild: Louvrette)<\/figcaption><\/figure>\n<p><strong>Ampullenbox f\u00fcr unterwegs<\/strong><br \/>\nDas Besondere an der handlichen Box von Lutz Packaging ist der integrierte Ampullenbrecher. Er macht die Anwendung von Ampullen, insbesondere auf Reisen, einfach. Dar\u00fcber hinaus zeichnet sie sich durch ihr leichtes Gewicht und ihre kleine Gr\u00f6\u00dfe aus, womit sie auch in die Handtasche passt. Die Box kann durch den Ampullen-Sprayer erg\u00e4nzt werden. Auch er ist mit einem integrierten Ampullenbrecher ausgestattet. Kosmetische Produkte wie Feuchtigkeitsfluids, D\u00fcfte und Aromastoffe k\u00f6nnen so mit dem Spr\u00fcher verwendet werden, aber auch Vitaminpr\u00e4parate aus dem Bereich der Nahrungserg\u00e4nzungsmittel sowie medizinische Produkte. Zwei Ampullengr\u00f6\u00dfen \u2013 1 ml und 2 ml \u2013 lassen sich in den Sprayer einsetzen, wo sie dann auch fest verschlossen sind. Box und Sprayer sind ein vier Farben erh\u00e4ltlich und mit einem Logo bedruckbar.<\/p>\n<figure id=\"attachment_48685\" aria-describedby=\"caption-attachment-48685\" style=\"width: 800px\" class=\"wp-caption aligncenter\"><img loading=\"lazy\" decoding=\"async\" class=\"wp-image-48685 size-full\" src=\"https:\/\/packaging-journal.de\/wp-content\/uploads\/2021\/09\/CBL21_Lutz_packaging_web.jpg\" alt=\"\" width=\"800\" height=\"600\" srcset=\"https:\/\/packaging-journal.de\/wp-content\/uploads\/2021\/09\/CBL21_Lutz_packaging_web.jpg 800w, https:\/\/packaging-journal.de\/wp-content\/uploads\/2021\/09\/CBL21_Lutz_packaging_web-300x225.jpg 300w, https:\/\/packaging-journal.de\/wp-content\/uploads\/2021\/09\/CBL21_Lutz_packaging_web-768x576.jpg 768w, https:\/\/packaging-journal.de\/wp-content\/uploads\/2021\/09\/CBL21_Lutz_packaging_web-600x450.jpg 600w\" sizes=\"(max-width: 800px) 100vw, 800px\" \/><figcaption id=\"caption-attachment-48685\" class=\"wp-caption-text\">(Bild: Lutz)<\/figcaption><\/figure>\n<p>&nbsp;<\/p>\n<h2><strong>Doppelwanddosen-Serie aus Mono-PP<\/strong><\/h2>\n<p>Mit einer neuen Standard-Line bietet Hopf Packaging nun auch Doppelwanddosen aus Mono-PP. Durch die Verwendung eines einzigen Materials lassen sich die Verpackungen einfach recyceln. Die Oberfl\u00e4che der Dosen ist gl\u00e4nzend, wobei sich alle Komponenten je nach Bedarf einf\u00e4rben und veredeln lassen k\u00f6nnen. Die Serie umfasst f\u00fcnf Gr\u00f6\u00dfen von 15 und 30 \u00fcber 50 bis hin zu 200 und 250 ml. Weitere Gr\u00f6\u00dfen sind in Planung.<\/p>\n<figure id=\"attachment_48684\" aria-describedby=\"caption-attachment-48684\" style=\"width: 800px\" class=\"wp-caption aligncenter\"><img loading=\"lazy\" decoding=\"async\" class=\"wp-image-48684 size-full\" src=\"https:\/\/packaging-journal.de\/wp-content\/uploads\/2021\/09\/CBL21_hopf_web.jpg\" alt=\"\" width=\"800\" height=\"600\" srcset=\"https:\/\/packaging-journal.de\/wp-content\/uploads\/2021\/09\/CBL21_hopf_web.jpg 800w, https:\/\/packaging-journal.de\/wp-content\/uploads\/2021\/09\/CBL21_hopf_web-300x225.jpg 300w, https:\/\/packaging-journal.de\/wp-content\/uploads\/2021\/09\/CBL21_hopf_web-768x576.jpg 768w, https:\/\/packaging-journal.de\/wp-content\/uploads\/2021\/09\/CBL21_hopf_web-600x450.jpg 600w\" sizes=\"(max-width: 800px) 100vw, 800px\" \/><figcaption id=\"caption-attachment-48684\" class=\"wp-caption-text\">(Bild: Hopf)<\/figcaption><\/figure>\n<p>&nbsp;<\/p>\n<p><strong>[infotext icon]<\/strong>Die CosmeticBusiness ist die einzige internationale Fachmesse in Europa, auf der die Kosmetikindustrie exklusiv ihre Zulieferer trifft und L\u00f6sungen f\u00fcr die Entwicklung jeglicher Kosmetikprodukte vom Wirkstoff \u00fcber die Herstellung bis zur Verpackung findet. Der Branchentreffpunkt in Deutschland, dem gr\u00f6\u00dften Kosmetikmarkt Europas, ist ein Trendbarometer f\u00fcr Entscheider aus Gesch\u00e4ftsf\u00fchrung, Produktmanagement und Entwicklung, Marketing sowie Einkauf und Produktion. Die <a href=\"https:\/\/packaging-journal.de\/cosmeticbusiness-2020-endgueltig-abgesagt\/\" target=\"_blank\" rel=\"noopener\" data-schema-attribute=\"\">CosmeticBusiness<\/a> wird 2021 vom 20. bis 21. Oktober im MOC M\u00fcnchen ausgerichtet.[\/infotext]\n<p><em>Quelle:<\/em> Leipziger Messe GmbH<\/p>\n","protected":false},"excerpt":{"rendered":"After a year's break due to the pandemic, the cosmetics supply industry and its customers are meeting in person again. At Cosmetic Business 2021 from 20 to 21 October, around 270 exhibitors will present new product concepts for the cosmetics industry at the MOC Munich.","protected":false},"author":20,"featured_media":48677,"comment_status":"closed","ping_status":"closed","sticky":false,"template":"","format":"standard","meta":{"_acf_changed":false,"__cvm_playback_settings":[],"__cvm_video_id":"","rank_math_description":"Auf der CosmeticBusiness 2021 pr\u00e4sentieren vom 20. bis 21. Oktober rund 270 Aussteller im MOC M\u00fcnchen neue Produktkonzepte der Kosmetikindustrie.","rank_math_focus_keyword":"CosmeticBusiness 2021","rank_math_title":"","csco_display_header_overlay":false,"csco_singular_sidebar":"","csco_page_header_type":"","csco_page_load_nextpost":"","csco_post_video_location":[],"csco_post_video_location_hash":"","csco_post_video_url":"","csco_post_video_bg_start_time":0,"csco_post_video_bg_end_time":0,"footnotes":"","_links_to":"","_links_to_target":""},"categories":[7],"tags":[59281,31,32,40],"class_list":{"0":"post-48663","1":"post","2":"type-post","3":"status-publish","4":"format-standard","5":"has-post-thumbnail","7":"category-messen-und-veranstaltungen","8":"tag-cosmetic-business","9":"tag-nachhaltigkeit-und-green-packaging","10":"tag-packmittel-und-packstoffe","11":"tag-pharma-kosmetik-chemie","12":"cs-entry","13":"cs-video-wrap"},"acf":[],"vimeo_video":null,"_links":{"self":[{"href":"https:\/\/packaging-journal.de\/en\/wp-json\/wp\/v2\/posts\/48663","targetHints":{"allow":["GET"]}}],"collection":[{"href":"https:\/\/packaging-journal.de\/en\/wp-json\/wp\/v2\/posts"}],"about":[{"href":"https:\/\/packaging-journal.de\/en\/wp-json\/wp\/v2\/types\/post"}],"author":[{"embeddable":true,"href":"https:\/\/packaging-journal.de\/en\/wp-json\/wp\/v2\/users\/20"}],"replies":[{"embeddable":true,"href":"https:\/\/packaging-journal.de\/en\/wp-json\/wp\/v2\/comments?post=48663"}],"version-history":[{"count":0,"href":"https:\/\/packaging-journal.de\/en\/wp-json\/wp\/v2\/posts\/48663\/revisions"}],"wp:featuredmedia":[{"embeddable":true,"href":"https:\/\/packaging-journal.de\/en\/wp-json\/wp\/v2\/media\/48677"}],"wp:attachment":[{"href":"https:\/\/packaging-journal.de\/en\/wp-json\/wp\/v2\/media?parent=48663"}],"wp:term":[{"taxonomy":"category","embeddable":true,"href":"https:\/\/packaging-journal.de\/en\/wp-json\/wp\/v2\/categories?post=48663"},{"taxonomy":"post_tag","embeddable":true,"href":"https:\/\/packaging-journal.de\/en\/wp-json\/wp\/v2\/tags?post=48663"}],"curies":[{"name":"wp","href":"https:\/\/api.w.org\/{rel}","templated":true}]}}