{"id":49114,"date":"2021-09-20T10:49:40","date_gmt":"2021-09-20T08:49:40","guid":{"rendered":"https:\/\/packaging-journal.de\/?p=49114"},"modified":"2021-09-20T10:49:40","modified_gmt":"2021-09-20T08:49:40","slug":"ballerstaedt-shows-mono-plastic-sealing-film","status":"publish","type":"post","link":"https:\/\/packaging-journal.de\/en\/ballerstaedt-zeigt-mono-kunststoffsiegelfolie\/","title":{"rendered":"Ballerstaedt develops recyclable mono-seal films"},"content":{"rendered":"<p>Ballerstaedt is celebrating its 75th anniversary this year, has strengthened its sales team and is presenting a single-variety plastic sealing film at Fachpack.<\/p>\n<p>The <a href=\"https:\/\/www.ballerstaedt.de\/\" target=\"_blank\" rel=\"noopener\" data-schema-attribute=\"\">Ballerstaedt<\/a> &amp; Co. OHG from Rastatt is well-known in the packaging industry for aluminium sealing closures and sealing machines. Now the family-run company is presenting <strong>Sustainable mono sealing films<\/strong> before.<\/p>\n<p>As an alternative to conventional sealing materials, which usually consist of composite materials that cannot be industrially broken down into their components and are therefore difficult to recycle, the <a href=\"https:\/\/packaging-journal.de\/?s=ballerstaedt\" target=\"_blank\" rel=\"noopener\" data-schema-attribute=\"\">Ballerstaedt <\/a><strong>the unmixed plastic sealing films BaCo Sealfilm Mono-PET and BaCo Sealfilm Mono-PP<\/strong> developed.<\/p><div class=\"packa-in-post-alle\" style=\"text-align: center;\" id=\"packa-3672375351\"><div id=\"packa-2835533464\"><a data-no-instant=\"1\" href=\"https:\/\/packaging-journal.de\/en\/newsletter\/\" rel=\"noopener\" class=\"a2t-link\" target=\"_blank\" aria-label=\"PJ Self-promotion English 03\"><!--noptimize--><img src=\"https:\/\/packaging-journal.de\/wp-content\/uploads\/2026\/01\/PJ-Eigenwerbung-English-03.png\" alt=\"\"  srcset=\"https:\/\/packaging-journal.de\/wp-content\/uploads\/2026\/01\/PJ-Eigenwerbung-English-03.png 840w, https:\/\/packaging-journal.de\/wp-content\/uploads\/2026\/01\/PJ-Eigenwerbung-English-03-300x75.png 300w, https:\/\/packaging-journal.de\/wp-content\/uploads\/2026\/01\/PJ-Eigenwerbung-English-03-768x192.png 768w, https:\/\/packaging-journal.de\/wp-content\/uploads\/2026\/01\/PJ-Eigenwerbung-English-03-18x5.png 18w, https:\/\/packaging-journal.de\/wp-content\/uploads\/2026\/01\/PJ-Eigenwerbung-English-03-332x83.png 332w, https:\/\/packaging-journal.de\/wp-content\/uploads\/2026\/01\/PJ-Eigenwerbung-English-03-664x166.png 664w, https:\/\/packaging-journal.de\/wp-content\/uploads\/2026\/01\/PJ-Eigenwerbung-English-03-688x172.png 688w\" sizes=\"(max-width: 840px) 100vw, 840px\" width=\"840\" height=\"210\"  style=\" max-width: 100%; height: auto;\" \/><!--\/noptimize--><\/a><\/div><\/div>\n<figure id=\"attachment_49129\" aria-describedby=\"caption-attachment-49129\" style=\"width: 1024px\" class=\"wp-caption aligncenter\"><img fetchpriority=\"high\" decoding=\"async\" class=\"wp-image-49129 size-large\" src=\"https:\/\/packaging-journal.de\/wp-content\/uploads\/2021\/09\/VB-Ballerstaedt-Folie-aluminiumfrei-weiss-1024x768.jpg\" alt=\"Ballerstaedt sealing film\" width=\"1024\" height=\"768\" srcset=\"https:\/\/packaging-journal.de\/wp-content\/uploads\/2021\/09\/VB-Ballerstaedt-Folie-aluminiumfrei-weiss-1024x768.jpg 1024w, https:\/\/packaging-journal.de\/wp-content\/uploads\/2021\/09\/VB-Ballerstaedt-Folie-aluminiumfrei-weiss-300x225.jpg 300w, https:\/\/packaging-journal.de\/wp-content\/uploads\/2021\/09\/VB-Ballerstaedt-Folie-aluminiumfrei-weiss-768x576.jpg 768w, https:\/\/packaging-journal.de\/wp-content\/uploads\/2021\/09\/VB-Ballerstaedt-Folie-aluminiumfrei-weiss-1536x1152.jpg 1536w, https:\/\/packaging-journal.de\/wp-content\/uploads\/2021\/09\/VB-Ballerstaedt-Folie-aluminiumfrei-weiss-1320x990.jpg 1320w, https:\/\/packaging-journal.de\/wp-content\/uploads\/2021\/09\/VB-Ballerstaedt-Folie-aluminiumfrei-weiss-600x450.jpg 600w, https:\/\/packaging-journal.de\/wp-content\/uploads\/2021\/09\/VB-Ballerstaedt-Folie-aluminiumfrei-weiss.jpg 1890w\" sizes=\"(max-width: 1024px) 100vw, 1024px\" \/><figcaption id=\"caption-attachment-49129\" class=\"wp-caption-text\">(Image: Ballerstaedt)<\/figcaption><\/figure>\n<p>Thanks to their barrier against oxygen and water vapour, the mono films combine good product protection with optimum recyclability: both sealing films are made of single-origin plastic (PET or PP) and can therefore be separated or disposed of with the packaging in the respective recycling stream. The mono films are suitable for sealing products from all industries.<\/p>\n<figure id=\"attachment_49135\" aria-describedby=\"caption-attachment-49135\" style=\"width: 1024px\" class=\"wp-caption aligncenter\"><img decoding=\"async\" class=\"wp-image-49135 size-large\" src=\"https:\/\/packaging-journal.de\/wp-content\/uploads\/2021\/09\/ballerstaedt-Vertrieb_2020_5-1024x612.jpg\" alt=\"Ballerstaedt trade fair team\" width=\"1024\" height=\"612\" srcset=\"https:\/\/packaging-journal.de\/wp-content\/uploads\/2021\/09\/ballerstaedt-Vertrieb_2020_5-1024x612.jpg 1024w, https:\/\/packaging-journal.de\/wp-content\/uploads\/2021\/09\/ballerstaedt-Vertrieb_2020_5-300x179.jpg 300w, https:\/\/packaging-journal.de\/wp-content\/uploads\/2021\/09\/ballerstaedt-Vertrieb_2020_5-768x459.jpg 768w, https:\/\/packaging-journal.de\/wp-content\/uploads\/2021\/09\/ballerstaedt-Vertrieb_2020_5-1536x919.jpg 1536w, https:\/\/packaging-journal.de\/wp-content\/uploads\/2021\/09\/ballerstaedt-Vertrieb_2020_5-2048x1225.jpg 2048w, https:\/\/packaging-journal.de\/wp-content\/uploads\/2021\/09\/ballerstaedt-Vertrieb_2020_5-1320x789.jpg 1320w, https:\/\/packaging-journal.de\/wp-content\/uploads\/2021\/09\/ballerstaedt-Vertrieb_2020_5-600x359.jpg 600w, https:\/\/packaging-journal.de\/wp-content\/uploads\/2021\/09\/ballerstaedt-Vertrieb_2020_5.jpg 2500w\" sizes=\"(max-width: 1024px) 100vw, 1024px\" \/><figcaption id=\"caption-attachment-49135\" class=\"wp-caption-text\">Managing Director Harald Ballerstaedt (3rd from right) and Sales Director Hanns Eckhardt (2nd from left) with trade fair team (from left to right) Kristina Senski, Caroline Kraus, Heike Keller, Sina Lang. (Picture: Oliver Hurst) <\/p><div id=\"packa-1936924010\" class=\"packa-inhalt\"><!--noptimize--><script async src=\"https:\/\/pagead2.googlesyndication.com\/pagead\/js\/adsbygoogle.js?client=ca-pub-2686439340972671\" crossorigin=\"anonymous\"><\/script>\r\n<ins class=\"adsbygoogle\" style=\"display:block;text-align:center\" data-ad-layout=\"in-article\" data-ad-format=\"fluid\" data-ad-client=\"ca-pub-2686439340972671\" data-ad-slot=\"6171251825\"><\/ins>\r\n<script>\r\n     (adsbygoogle = window.adsbygoogle || []).push({});\r\n<\/script><!--\/noptimize--><\/div><\/figcaption><\/figure>\n<p>Ballerstaedt at Fachpack 2021: Hall 6, Stand 417<\/p>\n<p>Source: Ballerstaedt<\/p>\n<p><a href=\"https:\/\/packaging-journal.de\/fachpack-special\/\"><img decoding=\"async\" class=\"aligncenter wp-image-47814 size-large\" src=\"https:\/\/packaging-journal.de\/wp-content\/uploads\/2021\/08\/PJ-Themenbanner-FachPack-2-1024x192.jpg\" alt=\"Banner Fachpack Special\" width=\"1024\" height=\"192\" srcset=\"https:\/\/packaging-journal.de\/wp-content\/uploads\/2021\/08\/PJ-Themenbanner-FachPack-2-1024x192.jpg 1024w, https:\/\/packaging-journal.de\/wp-content\/uploads\/2021\/08\/PJ-Themenbanner-FachPack-2-300x56.jpg 300w, https:\/\/packaging-journal.de\/wp-content\/uploads\/2021\/08\/PJ-Themenbanner-FachPack-2-768x144.jpg 768w, https:\/\/packaging-journal.de\/wp-content\/uploads\/2021\/08\/PJ-Themenbanner-FachPack-2-1536x288.jpg 1536w, https:\/\/packaging-journal.de\/wp-content\/uploads\/2021\/08\/PJ-Themenbanner-FachPack-2-1320x248.jpg 1320w, https:\/\/packaging-journal.de\/wp-content\/uploads\/2021\/08\/PJ-Themenbanner-FachPack-2-600x113.jpg 600w, https:\/\/packaging-journal.de\/wp-content\/uploads\/2021\/08\/PJ-Themenbanner-FachPack-2.jpg 1600w\" sizes=\"(max-width: 1024px) 100vw, 1024px\" \/><\/a><\/p>","protected":false},"excerpt":{"rendered":"Ballerstaedt is celebrating its 75th anniversary this year, has strengthened its sales team and is presenting a single-variety plastic sealing film at Fachpack.","protected":false},"author":20,"featured_media":49128,"comment_status":"closed","ping_status":"closed","sticky":false,"template":"","format":"standard","meta":{"_acf_changed":false,"__cvm_playback_settings":[],"__cvm_video_id":"","rank_math_description":"Ballerstaedt begeht in diesem Jahr sein 75-j\u00e4hriges Firmenjubil\u00e4um und pr\u00e4sentiert auf der Fachpack eine sortenreinen Kunststoff-Siegelfolie.","rank_math_focus_keyword":"Ballerstaedt","rank_math_title":"","csco_display_header_overlay":false,"csco_singular_sidebar":"","csco_page_header_type":"","csco_page_load_nextpost":"","csco_post_video_location":[],"csco_post_video_location_hash":"","csco_post_video_url":"","csco_post_video_bg_start_time":0,"csco_post_video_bg_end_time":0,"footnotes":"","_links_to":"","_links_to_target":""},"categories":[22],"tags":[59296,67,54,31,32],"class_list":{"0":"post-49114","1":"post","2":"type-post","3":"status-publish","4":"format-standard","5":"has-post-thumbnail","7":"category-packmittel-und-packstoffe","8":"tag-ballerstaedt","9":"tag-fachpack","10":"tag-kunststoff-und-verbunde","11":"tag-nachhaltigkeit-und-green-packaging","12":"tag-packmittel-und-packstoffe","13":"cs-entry","14":"cs-video-wrap"},"acf":[],"vimeo_video":null,"_links":{"self":[{"href":"https:\/\/packaging-journal.de\/en\/wp-json\/wp\/v2\/posts\/49114","targetHints":{"allow":["GET"]}}],"collection":[{"href":"https:\/\/packaging-journal.de\/en\/wp-json\/wp\/v2\/posts"}],"about":[{"href":"https:\/\/packaging-journal.de\/en\/wp-json\/wp\/v2\/types\/post"}],"author":[{"embeddable":true,"href":"https:\/\/packaging-journal.de\/en\/wp-json\/wp\/v2\/users\/20"}],"replies":[{"embeddable":true,"href":"https:\/\/packaging-journal.de\/en\/wp-json\/wp\/v2\/comments?post=49114"}],"version-history":[{"count":0,"href":"https:\/\/packaging-journal.de\/en\/wp-json\/wp\/v2\/posts\/49114\/revisions"}],"wp:featuredmedia":[{"embeddable":true,"href":"https:\/\/packaging-journal.de\/en\/wp-json\/wp\/v2\/media\/49128"}],"wp:attachment":[{"href":"https:\/\/packaging-journal.de\/en\/wp-json\/wp\/v2\/media?parent=49114"}],"wp:term":[{"taxonomy":"category","embeddable":true,"href":"https:\/\/packaging-journal.de\/en\/wp-json\/wp\/v2\/categories?post=49114"},{"taxonomy":"post_tag","embeddable":true,"href":"https:\/\/packaging-journal.de\/en\/wp-json\/wp\/v2\/tags?post=49114"}],"curies":[{"name":"wp","href":"https:\/\/api.w.org\/{rel}","templated":true}]}}