{"id":50781,"date":"2021-10-15T10:39:08","date_gmt":"2021-10-15T08:39:08","guid":{"rendered":"https:\/\/packaging-journal.de\/?p=50781"},"modified":"2021-10-15T10:39:08","modified_gmt":"2021-10-15T08:39:08","slug":"mondi-packs-finnish-dog-food-in-mono-material","status":"publish","type":"post","link":"https:\/\/packaging-journal.de\/en\/mondi-verpackt-finnisches-hundefutter-in-monomaterial\/","title":{"rendered":"Mondi packs Finnish dog food in mono material"},"content":{"rendered":"<div data-elementor-type=\"wp-post\" data-elementor-id=\"50781\" class=\"elementor elementor-50781\" data-elementor-post-type=\"post\">\n\t\t\t\t\t\t<section data-exad-particle-enable=\"false\" class=\"elementor-section elementor-top-section elementor-element elementor-element-7ccec148 elementor-section-boxed elementor-section-height-default elementor-section-height-default exad-parallax-effect-no exad-background-color-change-no exad-glass-effect-no exad-sticky-section-no\" data-id=\"7ccec148\" data-element_type=\"section\" data-e-type=\"section\">\n\t\t\t\t\t\t<div class=\"elementor-container elementor-column-gap-default\">\n\t\t\t\t\t<div class=\"elementor-column elementor-col-100 elementor-top-column elementor-element elementor-element-52c5e3c5 exad-glass-effect-no exad-sticky-section-no\" data-id=\"52c5e3c5\" data-element_type=\"column\" data-e-type=\"column\">\n\t\t\t<div class=\"elementor-widget-wrap elementor-element-populated\">\n\t\t\t\t\t\t<div class=\"elementor-element elementor-element-53ee93f7 exad-sticky-section-no exad-glass-effect-no elementor-widget elementor-widget-text-editor\" data-id=\"53ee93f7\" data-element_type=\"widget\" data-e-type=\"widget\" data-widget_type=\"text-editor.default\">\n\t\t\t\t<div class=\"elementor-widget-container\">\n\t\t\t\t\t\t\t\t\t<p><strong>Mondi supplies a range of recyclable mono-material packaging for pet food to Hau-Hau Champion, one of Finland's best-known brands in the premium dog food segment. <\/strong><\/p>\t\t\t\t\t\t\t\t<\/div>\n\t\t\t\t<\/div>\n\t\t\t\t<div class=\"elementor-element elementor-element-ee96481 exad-sticky-section-no exad-glass-effect-no elementor-widget elementor-widget-text-editor\" data-id=\"ee96481\" data-element_type=\"widget\" data-e-type=\"widget\" data-widget_type=\"text-editor.default\">\n\t\t\t\t<div class=\"elementor-widget-container\">\n\t\t\t\t\t\t\t\t\t<p>The pet food manufacturer's requirements were clear: they were looking for a resealable and recyclable packaging solution that would not compromise on performance and would maintain the brand's high recognition value in shops. At the same time, it had to take into account the fact that sustainability is becoming increasingly important to end consumers when buying pet food and products.\u00a0<\/p><p><a href=\"https:\/\/packaging-journal.de\/tag\/mondi\/\">Mondi<\/a> found a high-barrier solution for Hau-Hau Champion that is resealable, keeps pet food fresh and retains odours.<\/p><div class=\"packa-in-post-alle\" style=\"text-align: center;\" id=\"packa-2055147396\"><div id=\"packa-150772279\"><a data-no-instant=\"1\" href=\"https:\/\/packaging-journal.de\/en\/newsletter\/\" rel=\"noopener\" class=\"a2t-link\" target=\"_blank\" aria-label=\"PJ Self-promotion English 03\"><!--noptimize--><img src=\"https:\/\/packaging-journal.de\/wp-content\/uploads\/2026\/01\/PJ-Eigenwerbung-English-03.png\" alt=\"\"  srcset=\"https:\/\/packaging-journal.de\/wp-content\/uploads\/2026\/01\/PJ-Eigenwerbung-English-03.png 840w, https:\/\/packaging-journal.de\/wp-content\/uploads\/2026\/01\/PJ-Eigenwerbung-English-03-300x75.png 300w, https:\/\/packaging-journal.de\/wp-content\/uploads\/2026\/01\/PJ-Eigenwerbung-English-03-768x192.png 768w, https:\/\/packaging-journal.de\/wp-content\/uploads\/2026\/01\/PJ-Eigenwerbung-English-03-18x5.png 18w, https:\/\/packaging-journal.de\/wp-content\/uploads\/2026\/01\/PJ-Eigenwerbung-English-03-332x83.png 332w, https:\/\/packaging-journal.de\/wp-content\/uploads\/2026\/01\/PJ-Eigenwerbung-English-03-664x166.png 664w, https:\/\/packaging-journal.de\/wp-content\/uploads\/2026\/01\/PJ-Eigenwerbung-English-03-688x172.png 688w\" sizes=\"(max-width: 840px) 100vw, 840px\" width=\"840\" height=\"210\"  style=\" max-width: 100%; height: auto;\" \/><!--\/noptimize--><\/a><\/div><\/div><p>The previously non-recyclable multilayer packaging had a metallised layer, which was replaced by recyclable mono-material packaging from Mondi: Rollstock for Form-Fill-and-Seal (FFS) bags up to 1.5kg and pre-made FlexiBag Recyclable for bags up to 15kg. <a title=\"FlexiBag Recyclable\" href=\"https:\/\/www.mondigroup.com\/en\/products-and-solutions\/flexible-packaging-bags-and-pouches\/flexible-products\/flexibag-recyclable\/\" data-udi=\"umb:\/\/document\/af3311b5581244c3aff62e527d255a43\" target=\"_blank\" rel=\"noopener\">FlexiBag Recyclable<\/a> is a prefabricated bag made of mono-material polyethylene (PE) that has been specially developed for recycling and can therefore be fed directly into the Finnish plastic recycling streams.<\/p>\t\t\t\t\t\t\t\t<\/div>\n\t\t\t\t<\/div>\n\t\t\t\t<div class=\"elementor-element elementor-element-7f757e74 exad-sticky-section-no exad-glass-effect-no elementor-widget elementor-widget-image\" data-id=\"7f757e74\" data-element_type=\"widget\" data-e-type=\"widget\" data-widget_type=\"image.default\">\n\t\t\t\t<div class=\"elementor-widget-container\">\n\t\t\t\t\t\t\t\t\t\t\t\t<figure class=\"wp-caption\">\n\t\t\t\t\t\t\t\t\t\t<img fetchpriority=\"high\" decoding=\"async\" width=\"540\" height=\"424\" src=\"https:\/\/packaging-journal.de\/wp-content\/uploads\/2021\/10\/mondi-hauhau-product2.png\" class=\"attachment-large size-large wp-image-50782\" alt=\"\" srcset=\"https:\/\/packaging-journal.de\/wp-content\/uploads\/2021\/10\/mondi-hauhau-product2.png 540w, https:\/\/packaging-journal.de\/wp-content\/uploads\/2021\/10\/mondi-hauhau-product2-300x236.png 300w\" sizes=\"(max-width: 540px) 100vw, 540px\" \/>\t\t\t\t\t\t\t\t\t\t\t<figcaption class=\"widget-image-caption wp-caption-text\">(Photo: Mondi)<\/figcaption>\n\t\t\t\t\t\t\t\t\t\t<\/figure>\n\t\t\t\t\t\t\t\t\t<\/div>\n\t\t\t\t<\/div>\n\t\t\t\t<div class=\"elementor-element elementor-element-78ae4acf exad-sticky-section-no exad-glass-effect-no elementor-widget elementor-widget-text-editor\" data-id=\"78ae4acf\" data-element_type=\"widget\" data-e-type=\"widget\" data-widget_type=\"text-editor.default\">\n\t\t\t\t<div class=\"elementor-widget-container\">\n\t\t\t\t\t\t\t\t\t<p>The new packaging also meets consumer demand for stronger carrying handles and a user-friendly reclosure to prevent the food from spoiling and thus avoid waste. Furthermore, it is coated on the outside with a non-slip matt coating and equipped with a valve that allows air to escape to ensure optimum palletisation.<\/p><div id=\"packa-1554314330\" class=\"packa-inhalt\"><!--noptimize--><script async src=\"https:\/\/pagead2.googlesyndication.com\/pagead\/js\/adsbygoogle.js?client=ca-pub-2686439340972671\" crossorigin=\"anonymous\"><\/script>\r\n<ins class=\"adsbygoogle\" style=\"display:block;text-align:center\" data-ad-layout=\"in-article\" data-ad-format=\"fluid\" data-ad-client=\"ca-pub-2686439340972671\" data-ad-slot=\"6171251825\"><\/ins>\r\n<script>\r\n     (adsbygoogle = window.adsbygoogle || []).push({});\r\n<\/script><!--\/noptimize--><\/div><p><em>Source: Mondi<\/em><\/p>\t\t\t\t\t\t\t\t<\/div>\n\t\t\t\t<\/div>\n\t\t\t\t<div class=\"elementor-element elementor-element-63455b98 exad-sticky-section-no exad-glass-effect-no elementor-widget elementor-widget-spacer\" data-id=\"63455b98\" data-element_type=\"widget\" data-e-type=\"widget\" data-widget_type=\"spacer.default\">\n\t\t\t\t<div class=\"elementor-widget-container\">\n\t\t\t\t\t\t\t<div class=\"elementor-spacer\">\n\t\t\t<div class=\"elementor-spacer-inner\"><\/div>\n\t\t<\/div>\n\t\t\t\t\t\t<\/div>\n\t\t\t\t<\/div>\n\t\t\t\t\t<\/div>\n\t\t<\/div>\n\t\t\t\t\t<\/div>\n\t\t<\/section>\n\t\t\t\t<section data-exad-particle-enable=\"false\" class=\"elementor-section elementor-top-section elementor-element elementor-element-7b9212ed elementor-section-boxed elementor-section-height-default elementor-section-height-default exad-parallax-effect-no exad-background-color-change-no exad-glass-effect-no exad-sticky-section-no\" data-id=\"7b9212ed\" data-element_type=\"section\" data-e-type=\"section\" data-settings=\"{&quot;background_background&quot;:&quot;classic&quot;}\">\n\t\t\t\t\t\t<div class=\"elementor-container elementor-column-gap-default\">\n\t\t\t\t\t<div class=\"elementor-column elementor-col-100 elementor-top-column elementor-element elementor-element-34ebe2a4 exad-glass-effect-no exad-sticky-section-no\" data-id=\"34ebe2a4\" data-element_type=\"column\" data-e-type=\"column\">\n\t\t\t<div class=\"elementor-widget-wrap elementor-element-populated\">\n\t\t\t\t\t\t<div class=\"elementor-element elementor-element-1e94fe71 exad-sticky-section-no exad-glass-effect-no elementor-widget elementor-widget-heading\" data-id=\"1e94fe71\" data-element_type=\"widget\" data-e-type=\"widget\" data-widget_type=\"heading.default\">\n\t\t\t\t<div class=\"elementor-widget-container\">\n\t\t\t\t\t<h2 class=\"elementor-heading-title elementor-size-default\">More news from Mondi <\/h2>\t\t\t\t<\/div>\n\t\t\t\t<\/div>\n\t\t\t\t<div class=\"elementor-element elementor-element-3abfba0e elementor-grid-3 elementor-grid-tablet-2 elementor-grid-mobile-1 elementor-posts--thumbnail-top elementor-posts--show-avatar elementor-card-shadow-yes elementor-posts__hover-gradient exad-sticky-section-no exad-glass-effect-no elementor-widget elementor-widget-posts\" data-id=\"3abfba0e\" data-element_type=\"widget\" data-e-type=\"widget\" data-settings=\"{&quot;cards_columns&quot;:&quot;3&quot;,&quot;cards_columns_tablet&quot;:&quot;2&quot;,&quot;cards_columns_mobile&quot;:&quot;1&quot;,&quot;cards_row_gap&quot;:{&quot;unit&quot;:&quot;px&quot;,&quot;size&quot;:35,&quot;sizes&quot;:[]},&quot;cards_row_gap_tablet&quot;:{&quot;unit&quot;:&quot;px&quot;,&quot;size&quot;:&quot;&quot;,&quot;sizes&quot;:[]},&quot;cards_row_gap_mobile&quot;:{&quot;unit&quot;:&quot;px&quot;,&quot;size&quot;:&quot;&quot;,&quot;sizes&quot;:[]}}\" data-widget_type=\"posts.cards\">\n\t\t\t\t<div class=\"elementor-widget-container\">\n\t\t\t\t\t\t\t<div class=\"elementor-posts-container elementor-posts elementor-posts--skin-cards elementor-grid\" role=\"list\">\n\t\t\t\t<article class=\"elementor-post elementor-grid-item post-114234 post type-post status-publish format-standard has-post-thumbnail category-allgemein category-packmittel-und-packstoffe tag-lebensmittel tag-mondi tag-packmittel-und-packstoffe tag-papier-pappe-karton tag-verpackung cs-entry cs-video-wrap\" role=\"listitem\">\n\t\t\t<div class=\"elementor-post__card\">\n\t\t\t\t<a class=\"elementor-post__thumbnail__link\" href=\"https:\/\/packaging-journal.de\/en\/mondi-whitepaper-wellpappenverpackungen\/\" tabindex=\"-1\"><div class=\"elementor-post__thumbnail\"><img decoding=\"async\" width=\"300\" height=\"163\" src=\"https:\/\/packaging-journal.de\/wp-content\/uploads\/2026\/03\/mondi-wellpappe-300x163.jpg\" class=\"attachment-medium size-medium wp-image-114235\" alt=\"\" srcset=\"https:\/\/packaging-journal.de\/wp-content\/uploads\/2026\/03\/mondi-wellpappe-300x163.jpg 300w, https:\/\/packaging-journal.de\/wp-content\/uploads\/2026\/03\/mondi-wellpappe-1024x555.jpg 1024w, https:\/\/packaging-journal.de\/wp-content\/uploads\/2026\/03\/mondi-wellpappe-768x416.jpg 768w, https:\/\/packaging-journal.de\/wp-content\/uploads\/2026\/03\/mondi-wellpappe-18x10.jpg 18w, https:\/\/packaging-journal.de\/wp-content\/uploads\/2026\/03\/mondi-wellpappe-332x180.jpg 332w, https:\/\/packaging-journal.de\/wp-content\/uploads\/2026\/03\/mondi-wellpappe-664x360.jpg 664w, https:\/\/packaging-journal.de\/wp-content\/uploads\/2026\/03\/mondi-wellpappe-688x373.jpg 688w, https:\/\/packaging-journal.de\/wp-content\/uploads\/2026\/03\/mondi-wellpappe-1044x566.jpg 1044w, https:\/\/packaging-journal.de\/wp-content\/uploads\/2026\/03\/mondi-wellpappe.jpg 1200w\" sizes=\"(max-width: 300px) 100vw, 300px\" \/><\/div><\/a>\n\t\t\t\t<div class=\"elementor-post__avatar\">\n\t\t\t\t\t<\/div>\n\t\t\t\t<div class=\"elementor-post__text\">\n\t\t\t\t<h3 class=\"elementor-post__title\">\n\t\t\t<a href=\"https:\/\/packaging-journal.de\/en\/mondi-whitepaper-wellpappenverpackungen\/\">\n\t\t\t\tMondi: Corrugated cardboard packaging reduces food waste\t\t\t<\/a>\n\t\t<\/h3>\n\t\t\t\t<div class=\"elementor-post__excerpt\">\n\t\t\tMondi publishes the white paper \u201ePackaging as a competitive advantage in the food supply chain\u201c, providing food manufacturers, retailers and logistics partners with practical recommendations for action.\t\t<\/div>\n\t\t\n\t\t<a class=\"elementor-post__read-more\" href=\"https:\/\/packaging-journal.de\/en\/mondi-whitepaper-wellpappenverpackungen\/\" aria-label=\"Read more about Mondi: Corrugated board packaging reduces food waste\" tabindex=\"-1\">\n\t\t\tRead more \"\t\t<\/a>\n\n\t\t\t\t<\/div>\n\t\t\t\t\t<\/div>\n\t\t<\/article>\n\t\t\t\t<article class=\"elementor-post elementor-grid-item post-113190 post type-post status-publish format-standard has-post-thumbnail category-aus-den-unternehmen-news tag-aus-den-unternehmen tag-flexible-verpackungen tag-mondi tag-packmittel-und-packstoffe tag-papier-pappe-karton cs-entry cs-video-wrap\" role=\"listitem\">\n\t\t\t<div class=\"elementor-post__card\">\n\t\t\t\t<a class=\"elementor-post__thumbnail__link\" href=\"https:\/\/packaging-journal.de\/en\/mondi-schliesst-werke-in-europa\/\" tabindex=\"-1\"><div class=\"elementor-post__thumbnail\"><img decoding=\"async\" width=\"300\" height=\"163\" src=\"https:\/\/packaging-journal.de\/wp-content\/uploads\/2026\/02\/Mondi-2025-300x163.jpg\" class=\"attachment-medium size-medium wp-image-113193\" alt=\"\" srcset=\"https:\/\/packaging-journal.de\/wp-content\/uploads\/2026\/02\/Mondi-2025-300x163.jpg 300w, https:\/\/packaging-journal.de\/wp-content\/uploads\/2026\/02\/Mondi-2025-1024x555.jpg 1024w, https:\/\/packaging-journal.de\/wp-content\/uploads\/2026\/02\/Mondi-2025-768x416.jpg 768w, https:\/\/packaging-journal.de\/wp-content\/uploads\/2026\/02\/Mondi-2025-18x10.jpg 18w, https:\/\/packaging-journal.de\/wp-content\/uploads\/2026\/02\/Mondi-2025-332x180.jpg 332w, https:\/\/packaging-journal.de\/wp-content\/uploads\/2026\/02\/Mondi-2025-664x360.jpg 664w, https:\/\/packaging-journal.de\/wp-content\/uploads\/2026\/02\/Mondi-2025-688x373.jpg 688w, https:\/\/packaging-journal.de\/wp-content\/uploads\/2026\/02\/Mondi-2025-1044x566.jpg 1044w, https:\/\/packaging-journal.de\/wp-content\/uploads\/2026\/02\/Mondi-2025.jpg 1200w\" sizes=\"(max-width: 300px) 100vw, 300px\" \/><\/div><\/a>\n\t\t\t\t<div class=\"elementor-post__avatar\">\n\t\t\t\t\t<\/div>\n\t\t\t\t<div class=\"elementor-post__text\">\n\t\t\t\t<h3 class=\"elementor-post__title\">\n\t\t\t<a href=\"https:\/\/packaging-journal.de\/en\/mondi-schliesst-werke-in-europa\/\">\n\t\t\t\tMondi closes plants in Europe\t\t\t<\/a>\n\t\t<\/h3>\n\t\t\t\t<div class=\"elementor-post__excerpt\">\n\t\t\tThe company is responding to the persistently weak market situation with site closures.\t\t<\/div>\n\t\t\n\t\t<a class=\"elementor-post__read-more\" href=\"https:\/\/packaging-journal.de\/en\/mondi-schliesst-werke-in-europa\/\" aria-label=\"Read more about Mondi closes plants in Europe\" tabindex=\"-1\">\n\t\t\tRead more \"\t\t<\/a>\n\n\t\t\t\t<\/div>\n\t\t\t\t\t<\/div>\n\t\t<\/article>\n\t\t\t\t<article class=\"elementor-post elementor-grid-item post-113134 post type-post status-publish format-standard has-post-thumbnail category-green-packaging tag-lebensmittel tag-mondi tag-packmittel-und-packstoffe tag-papier-pappe-karton cs-entry cs-video-wrap\" role=\"listitem\">\n\t\t\t<div class=\"elementor-post__card\">\n\t\t\t\t<a class=\"elementor-post__thumbnail__link\" href=\"https:\/\/packaging-journal.de\/en\/mondi-papierbasierte-gewuerzverpackung\/\" tabindex=\"-1\"><div class=\"elementor-post__thumbnail\"><img loading=\"lazy\" decoding=\"async\" width=\"300\" height=\"163\" src=\"https:\/\/packaging-journal.de\/wp-content\/uploads\/2026\/02\/mondi-gewuerze-300x163.jpg\" class=\"attachment-medium size-medium wp-image-113135\" alt=\"\" srcset=\"https:\/\/packaging-journal.de\/wp-content\/uploads\/2026\/02\/mondi-gewuerze-300x163.jpg 300w, https:\/\/packaging-journal.de\/wp-content\/uploads\/2026\/02\/mondi-gewuerze-1024x555.jpg 1024w, https:\/\/packaging-journal.de\/wp-content\/uploads\/2026\/02\/mondi-gewuerze-768x416.jpg 768w, https:\/\/packaging-journal.de\/wp-content\/uploads\/2026\/02\/mondi-gewuerze-18x10.jpg 18w, https:\/\/packaging-journal.de\/wp-content\/uploads\/2026\/02\/mondi-gewuerze-332x180.jpg 332w, https:\/\/packaging-journal.de\/wp-content\/uploads\/2026\/02\/mondi-gewuerze-664x360.jpg 664w, https:\/\/packaging-journal.de\/wp-content\/uploads\/2026\/02\/mondi-gewuerze-688x373.jpg 688w, https:\/\/packaging-journal.de\/wp-content\/uploads\/2026\/02\/mondi-gewuerze-1044x566.jpg 1044w, https:\/\/packaging-journal.de\/wp-content\/uploads\/2026\/02\/mondi-gewuerze.jpg 1200w\" sizes=\"(max-width: 300px) 100vw, 300px\" \/><\/div><\/a>\n\t\t\t\t<div class=\"elementor-post__avatar\">\n\t\t\t\t\t<\/div>\n\t\t\t\t<div class=\"elementor-post__text\">\n\t\t\t\t<h3 class=\"elementor-post__title\">\n\t\t\t<a href=\"https:\/\/packaging-journal.de\/en\/mondi-papierbasierte-gewuerzverpackung\/\">\n\t\t\t\tMondi develops paper-based spice packaging\t\t\t<\/a>\n\t\t<\/h3>\n\t\t\t\t<div class=\"elementor-post__excerpt\">\n\t\t\tMondi and Prymat have jointly developed a recyclable, paper-based spice packaging with high barrier performance and reduced CO\u2082 emissions.\t\t<\/div>\n\t\t\n\t\t<a class=\"elementor-post__read-more\" href=\"https:\/\/packaging-journal.de\/en\/mondi-papierbasierte-gewuerzverpackung\/\" aria-label=\"Read more about Mondi develops paper-based spice packaging\" tabindex=\"-1\">\n\t\t\tRead more \"\t\t<\/a>\n\n\t\t\t\t<\/div>\n\t\t\t\t\t<\/div>\n\t\t<\/article>\n\t\t\t\t<article class=\"elementor-post elementor-grid-item post-110649 post type-post status-publish format-standard has-post-thumbnail category-packmittel-und-packstoffe tag-e-commerce tag-mondi tag-packmittel-und-packstoffe tag-papier-pappe-karton tag-transportverpackung cs-entry cs-video-wrap\" role=\"listitem\">\n\t\t\t<div class=\"elementor-post__card\">\n\t\t\t\t<a class=\"elementor-post__thumbnail__link\" href=\"https:\/\/packaging-journal.de\/en\/mondi-entwickelt-recyclingfaehige-papierverpackung-fuer-fahrraeder\/\" tabindex=\"-1\"><div class=\"elementor-post__thumbnail\"><img loading=\"lazy\" decoding=\"async\" width=\"300\" height=\"163\" src=\"https:\/\/packaging-journal.de\/wp-content\/uploads\/2026\/01\/Polana-Bikes-300x163.jpg\" class=\"attachment-medium size-medium wp-image-110651\" alt=\"\" srcset=\"https:\/\/packaging-journal.de\/wp-content\/uploads\/2026\/01\/Polana-Bikes-300x163.jpg 300w, https:\/\/packaging-journal.de\/wp-content\/uploads\/2026\/01\/Polana-Bikes-1024x555.jpg 1024w, https:\/\/packaging-journal.de\/wp-content\/uploads\/2026\/01\/Polana-Bikes-768x416.jpg 768w, https:\/\/packaging-journal.de\/wp-content\/uploads\/2026\/01\/Polana-Bikes-18x10.jpg 18w, https:\/\/packaging-journal.de\/wp-content\/uploads\/2026\/01\/Polana-Bikes.jpg 1200w\" sizes=\"(max-width: 300px) 100vw, 300px\" \/><\/div><\/a>\n\t\t\t\t<div class=\"elementor-post__avatar\">\n\t\t\t\t\t<\/div>\n\t\t\t\t<div class=\"elementor-post__text\">\n\t\t\t\t<h3 class=\"elementor-post__title\">\n\t\t\t<a href=\"https:\/\/packaging-journal.de\/en\/mondi-entwickelt-recyclingfaehige-papierverpackung-fuer-fahrraeder\/\">\n\t\t\t\tMondi develops recyclable paper packaging for bicycles\t\t\t<\/a>\n\t\t<\/h3>\n\t\t\t\t<div class=\"elementor-post__excerpt\">\n\t\t\tMondi has developed a new paper-based packaging solution together with bicycle manufacturer Polana Bikes.\t\t<\/div>\n\t\t\n\t\t<a class=\"elementor-post__read-more\" href=\"https:\/\/packaging-journal.de\/en\/mondi-entwickelt-recyclingfaehige-papierverpackung-fuer-fahrraeder\/\" aria-label=\"Read more about Mondi develops recyclable paper packaging for bicycles\" tabindex=\"-1\">\n\t\t\tRead more \"\t\t<\/a>\n\n\t\t\t\t<\/div>\n\t\t\t\t\t<\/div>\n\t\t<\/article>\n\t\t\t\t<article class=\"elementor-post elementor-grid-item post-110049 post type-post status-publish format-standard has-post-thumbnail category-packmittel-und-packstoffe category-stars-der-verpackung tag-delkeskamp tag-design-for-human-nature tag-deutscher-verpackungspreis tag-dvi tag-floeter tag-illig tag-kallfass tag-kao tag-kloeckner-pentaplast tag-kolb tag-mondi tag-papacks tag-preisverleihung tag-smurfit-westrock tag-sti-group tag-werner-und-mertz tag-wipf cs-entry cs-video-wrap\" role=\"listitem\">\n\t\t\t<div class=\"elementor-post__card\">\n\t\t\t\t<a class=\"elementor-post__thumbnail__link\" href=\"https:\/\/packaging-journal.de\/en\/top-ten-2025-deutscher-verpackungspreis-2025-das-sind-die-gewinner\/\" tabindex=\"-1\"><div class=\"elementor-post__thumbnail\"><img loading=\"lazy\" decoding=\"async\" width=\"300\" height=\"163\" src=\"https:\/\/packaging-journal.de\/wp-content\/uploads\/2025\/12\/pj-top-ten-2025-6-300x163.jpg\" class=\"attachment-medium size-medium wp-image-110051\" alt=\"\" srcset=\"https:\/\/packaging-journal.de\/wp-content\/uploads\/2025\/12\/pj-top-ten-2025-6-300x163.jpg 300w, https:\/\/packaging-journal.de\/wp-content\/uploads\/2025\/12\/pj-top-ten-2025-6-1024x555.jpg 1024w, https:\/\/packaging-journal.de\/wp-content\/uploads\/2025\/12\/pj-top-ten-2025-6-768x416.jpg 768w, https:\/\/packaging-journal.de\/wp-content\/uploads\/2025\/12\/pj-top-ten-2025-6-18x10.jpg 18w, https:\/\/packaging-journal.de\/wp-content\/uploads\/2025\/12\/pj-top-ten-2025-6.jpg 1200w\" sizes=\"(max-width: 300px) 100vw, 300px\" \/><\/div><\/a>\n\t\t\t\t<div class=\"elementor-post__avatar\">\n\t\t\t\t\t<\/div>\n\t\t\t\t<div class=\"elementor-post__text\">\n\t\t\t\t<h3 class=\"elementor-post__title\">\n\t\t\t<a href=\"https:\/\/packaging-journal.de\/en\/top-ten-2025-deutscher-verpackungspreis-2025-das-sind-die-gewinner\/\">\n\t\t\t\tTop Ten 2025: German Packaging Award 2025 - These are the winners\t\t\t<\/a>\n\t\t<\/h3>\n\t\t\t\t<div class=\"elementor-post__excerpt\">\n\t\t\tAs 2025 draws to a close, we take a look back at the topics that have particularly moved the packaging industry. From innovative packaging solutions to trends in sustainability, we take a look at the top ten contributions from 2025 - today with number 6.\t\t<\/div>\n\t\t\n\t\t<a class=\"elementor-post__read-more\" href=\"https:\/\/packaging-journal.de\/en\/top-ten-2025-deutscher-verpackungspreis-2025-das-sind-die-gewinner\/\" aria-label=\"Read more about Top Ten 2025: German Packaging Award 2025 - These are the winners\" tabindex=\"-1\">\n\t\t\tRead more \"\t\t<\/a>\n\n\t\t\t\t<\/div>\n\t\t\t\t\t<\/div>\n\t\t<\/article>\n\t\t\t\t<article class=\"elementor-post elementor-grid-item post-109580 post type-post status-publish format-standard has-post-thumbnail category-aus-den-unternehmen-news tag-aus-den-unternehmen tag-e-commerce tag-mondi tag-packmittel-und-packstoffe tag-papier-pappe-karton cs-entry cs-video-wrap\" role=\"listitem\">\n\t\t\t<div class=\"elementor-post__card\">\n\t\t\t\t<a class=\"elementor-post__thumbnail__link\" href=\"https:\/\/packaging-journal.de\/en\/mondi-weiht-neue-papiermaschine-im-werk-steti-offiziell-ein\/\" tabindex=\"-1\"><div class=\"elementor-post__thumbnail\"><img loading=\"lazy\" decoding=\"async\" width=\"300\" height=\"163\" src=\"https:\/\/packaging-journal.de\/wp-content\/uploads\/2025\/12\/Mondi-Einweihung-300x163.jpg\" class=\"attachment-medium size-medium wp-image-109584\" alt=\"\" srcset=\"https:\/\/packaging-journal.de\/wp-content\/uploads\/2025\/12\/Mondi-Einweihung-300x163.jpg 300w, https:\/\/packaging-journal.de\/wp-content\/uploads\/2025\/12\/Mondi-Einweihung-1024x555.jpg 1024w, https:\/\/packaging-journal.de\/wp-content\/uploads\/2025\/12\/Mondi-Einweihung-768x416.jpg 768w, https:\/\/packaging-journal.de\/wp-content\/uploads\/2025\/12\/Mondi-Einweihung-18x10.jpg 18w, https:\/\/packaging-journal.de\/wp-content\/uploads\/2025\/12\/Mondi-Einweihung.jpg 1200w\" sizes=\"(max-width: 300px) 100vw, 300px\" \/><\/div><\/a>\n\t\t\t\t<div class=\"elementor-post__avatar\">\n\t\t\t\t\t<\/div>\n\t\t\t\t<div class=\"elementor-post__text\">\n\t\t\t\t<h3 class=\"elementor-post__title\">\n\t\t\t<a href=\"https:\/\/packaging-journal.de\/en\/mondi-weiht-neue-papiermaschine-im-werk-steti-offiziell-ein\/\">\n\t\t\t\tMondi officially inaugurates new paper machine at \u0160t\u011bt\u00ed mill\t\t\t<\/a>\n\t\t<\/h3>\n\t\t\t\t<div class=\"elementor-post__excerpt\">\n\t\t\tAccording to the company, the machine produces around 210,000 tonnes of kraft paper in various grammages every year.\t\t<\/div>\n\t\t\n\t\t<a class=\"elementor-post__read-more\" href=\"https:\/\/packaging-journal.de\/en\/mondi-weiht-neue-papiermaschine-im-werk-steti-offiziell-ein\/\" aria-label=\"Read more about Mondi officially inaugurates new paper machine at \u0160t\u011bt\u00ed mill\" tabindex=\"-1\">\n\t\t\tRead more \"\t\t<\/a>\n\n\t\t\t\t<\/div>\n\t\t\t\t\t<\/div>\n\t\t<\/article>\n\t\t\t\t<\/div>\n\t\t\n\t\t\t\t\t\t<\/div>\n\t\t\t\t<\/div>\n\t\t\t\t\t<\/div>\n\t\t<\/div>\n\t\t\t\t\t<\/div>\n\t\t<\/section>\n\t\t\t\t<\/div>","protected":false},"excerpt":{"rendered":"Mondi supplies a range of recyclable mono-material packaging for pet food to Hau-Hau Champion, one of Finland's best-known brands in the premium dog food segment.","protected":false},"author":7,"featured_media":50783,"comment_status":"closed","ping_status":"closed","sticky":false,"template":"","format":"standard","meta":{"_acf_changed":false,"__cvm_playback_settings":[],"__cvm_video_id":"","rank_math_description":"","rank_math_focus_keyword":"hundefutter","rank_math_title":"","csco_display_header_overlay":false,"csco_singular_sidebar":"","csco_page_header_type":"","csco_page_load_nextpost":"","csco_post_video_location":[],"csco_post_video_location_hash":"","csco_post_video_url":"","csco_post_video_bg_start_time":0,"csco_post_video_bg_end_time":0,"footnotes":"","_links_to":"","_links_to_target":""},"categories":[22],"tags":[57583,32],"class_list":{"0":"post-50781","1":"post","2":"type-post","3":"status-publish","4":"format-standard","5":"has-post-thumbnail","7":"category-packmittel-und-packstoffe","8":"tag-mondi","9":"tag-packmittel-und-packstoffe","10":"cs-entry","11":"cs-video-wrap"},"acf":[],"vimeo_video":null,"_links":{"self":[{"href":"https:\/\/packaging-journal.de\/en\/wp-json\/wp\/v2\/posts\/50781","targetHints":{"allow":["GET"]}}],"collection":[{"href":"https:\/\/packaging-journal.de\/en\/wp-json\/wp\/v2\/posts"}],"about":[{"href":"https:\/\/packaging-journal.de\/en\/wp-json\/wp\/v2\/types\/post"}],"author":[{"embeddable":true,"href":"https:\/\/packaging-journal.de\/en\/wp-json\/wp\/v2\/users\/7"}],"replies":[{"embeddable":true,"href":"https:\/\/packaging-journal.de\/en\/wp-json\/wp\/v2\/comments?post=50781"}],"version-history":[{"count":0,"href":"https:\/\/packaging-journal.de\/en\/wp-json\/wp\/v2\/posts\/50781\/revisions"}],"wp:featuredmedia":[{"embeddable":true,"href":"https:\/\/packaging-journal.de\/en\/wp-json\/wp\/v2\/media\/50783"}],"wp:attachment":[{"href":"https:\/\/packaging-journal.de\/en\/wp-json\/wp\/v2\/media?parent=50781"}],"wp:term":[{"taxonomy":"category","embeddable":true,"href":"https:\/\/packaging-journal.de\/en\/wp-json\/wp\/v2\/categories?post=50781"},{"taxonomy":"post_tag","embeddable":true,"href":"https:\/\/packaging-journal.de\/en\/wp-json\/wp\/v2\/tags?post=50781"}],"curies":[{"name":"wp","href":"https:\/\/api.w.org\/{rel}","templated":true}]}}