{"id":51185,"date":"2021-10-25T11:27:43","date_gmt":"2021-10-25T09:27:43","guid":{"rendered":"https:\/\/packaging-journal.de\/?p=51185"},"modified":"2021-10-25T11:27:43","modified_gmt":"2021-10-25T09:27:43","slug":"seminar-sustainable-solutions-for-packaging","status":"publish","type":"post","link":"https:\/\/packaging-journal.de\/en\/seminar-nachhaltige-loesungen-fuer-verpackungen\/","title":{"rendered":"New seminars on sustainable solutions for packaging"},"content":{"rendered":"<p>Akademie Fresenius has announced three online seminars on sustainable packaging solutions, which are intended to provide a guide to packaging strategies in the fast-moving consumer goods (FMCG) sector.<\/p>\n<p>According to the organiser, the focus of the digital seminar series is on the challenges involved in developing sustainable packaging solutions. These include the legal basis, the determination of company-specific sustainability goals, the question of recyclable packaging design and the necessary material knowledge.<\/p>\n<h2>Sustainable solutions for packaging<\/h2>\n<p>The series comprises three online seminars and is primarily aimed at sustainability officers and packaging managers from the areas of purchasing, product development and quality assurance in the FMCG sector. The seminars \u201eSustainable packaging solutions\u201c of the <a href=\"https:\/\/www.akademie-fresenius.de\" target=\"_blank\" rel=\"noopener\" data-schema-attribute=\"\">Fresenius Academy<\/a> have different focuses:<\/p><div class=\"packa-in-post-alle\" style=\"text-align: center;\" id=\"packa-2047530283\"><div id=\"packa-3634383550\"><a data-no-instant=\"1\" href=\"https:\/\/packaging-journal.de\/en\/newsletter\/\" rel=\"noopener\" class=\"a2t-link\" target=\"_blank\" aria-label=\"PJ Self-promotion English 03\"><!--noptimize--><img src=\"https:\/\/packaging-journal.de\/wp-content\/uploads\/2026\/01\/PJ-Eigenwerbung-English-03.png\" alt=\"\"  srcset=\"https:\/\/packaging-journal.de\/wp-content\/uploads\/2026\/01\/PJ-Eigenwerbung-English-03.png 840w, https:\/\/packaging-journal.de\/wp-content\/uploads\/2026\/01\/PJ-Eigenwerbung-English-03-300x75.png 300w, https:\/\/packaging-journal.de\/wp-content\/uploads\/2026\/01\/PJ-Eigenwerbung-English-03-768x192.png 768w, https:\/\/packaging-journal.de\/wp-content\/uploads\/2026\/01\/PJ-Eigenwerbung-English-03-18x5.png 18w, https:\/\/packaging-journal.de\/wp-content\/uploads\/2026\/01\/PJ-Eigenwerbung-English-03-332x83.png 332w, https:\/\/packaging-journal.de\/wp-content\/uploads\/2026\/01\/PJ-Eigenwerbung-English-03-664x166.png 664w, https:\/\/packaging-journal.de\/wp-content\/uploads\/2026\/01\/PJ-Eigenwerbung-English-03-688x172.png 688w\" sizes=\"(max-width: 840px) 100vw, 840px\" width=\"840\" height=\"210\"  style=\" max-width: 100%; height: auto;\" \/><!--\/noptimize--><\/a><\/div><\/div>\n<p>\u201eSustainability and sustainable packaging\u201c on 29 November 2021<\/p>\n<p>\u201eRecycling-friendly packaging design\u201c on 6 December 2021<\/p><div id=\"packa-156466535\" class=\"packa-inhalt\"><!--noptimize--><script async src=\"https:\/\/pagead2.googlesyndication.com\/pagead\/js\/adsbygoogle.js?client=ca-pub-2686439340972671\" crossorigin=\"anonymous\"><\/script>\r\n<ins class=\"adsbygoogle\" style=\"display:block;text-align:center\" data-ad-layout=\"in-article\" data-ad-format=\"fluid\" data-ad-client=\"ca-pub-2686439340972671\" data-ad-slot=\"6171251825\"><\/ins>\r\n<script>\r\n     (adsbygoogle = window.adsbygoogle || []).push({});\r\n<\/script><!--\/noptimize--><\/div>\n<p>\u201eBasic knowledge of packaging materials\u201c on 10 December 2021.<\/p>\n<p>The seminar was led by the graduate engineer <a href=\"https:\/\/packaging-journal.de\/?s=Carolina%2B+schweig\" target=\"_blank\" rel=\"noopener\" data-schema-attribute=\"\">Carolina E. Schweig<\/a>, founder of the engineering office <a href=\"https:\/\/www.verpackungsberatung-ces.de\" target=\"_blank\" rel=\"noopener\" data-schema-attribute=\"\">C.E.Schweig<\/a>.<\/p>\n<p><em>Source: <\/em>Fresenius Academy<\/p>","protected":false},"excerpt":{"rendered":"Akademie Fresenius has announced three online seminars on sustainable packaging solutions, which are intended to provide a guide to packaging strategies in the fast-moving consumer goods (FMCG) sector.","protected":false},"author":1,"featured_media":46986,"comment_status":"closed","ping_status":"closed","sticky":false,"template":"","format":"standard","meta":{"_acf_changed":false,"__cvm_playback_settings":[],"__cvm_video_id":"","rank_math_description":"Die Akademie Fresenius k\u00fcndigt drei Online-Seminare zu nachhaltigen L\u00f6sungen f\u00fcr Verpackungen im Bereich Fast Moving Consumer Goods an.","rank_math_focus_keyword":"L\u00f6sungen f\u00fcr Verpackungen,Akademie Fresenius","rank_math_title":"","csco_display_header_overlay":false,"csco_singular_sidebar":"","csco_page_header_type":"","csco_page_load_nextpost":"","csco_post_video_location":[],"csco_post_video_location_hash":"","csco_post_video_url":"","csco_post_video_bg_start_time":0,"csco_post_video_bg_end_time":0,"footnotes":"","_links_to":"","_links_to_target":""},"categories":[7],"tags":[65,46,31,33],"class_list":{"0":"post-51185","1":"post","2":"type-post","3":"status-publish","4":"format-standard","5":"has-post-thumbnail","7":"category-messen-und-veranstaltungen","8":"tag-abfalltechnik-und-recycling","9":"tag-marketing-und-design","10":"tag-nachhaltigkeit-und-green-packaging","11":"tag-veranstaltungen","12":"cs-entry","13":"cs-video-wrap"},"acf":[],"vimeo_video":null,"_links":{"self":[{"href":"https:\/\/packaging-journal.de\/en\/wp-json\/wp\/v2\/posts\/51185","targetHints":{"allow":["GET"]}}],"collection":[{"href":"https:\/\/packaging-journal.de\/en\/wp-json\/wp\/v2\/posts"}],"about":[{"href":"https:\/\/packaging-journal.de\/en\/wp-json\/wp\/v2\/types\/post"}],"author":[{"embeddable":true,"href":"https:\/\/packaging-journal.de\/en\/wp-json\/wp\/v2\/users\/1"}],"replies":[{"embeddable":true,"href":"https:\/\/packaging-journal.de\/en\/wp-json\/wp\/v2\/comments?post=51185"}],"version-history":[{"count":0,"href":"https:\/\/packaging-journal.de\/en\/wp-json\/wp\/v2\/posts\/51185\/revisions"}],"wp:featuredmedia":[{"embeddable":true,"href":"https:\/\/packaging-journal.de\/en\/wp-json\/wp\/v2\/media\/46986"}],"wp:attachment":[{"href":"https:\/\/packaging-journal.de\/en\/wp-json\/wp\/v2\/media?parent=51185"}],"wp:term":[{"taxonomy":"category","embeddable":true,"href":"https:\/\/packaging-journal.de\/en\/wp-json\/wp\/v2\/categories?post=51185"},{"taxonomy":"post_tag","embeddable":true,"href":"https:\/\/packaging-journal.de\/en\/wp-json\/wp\/v2\/tags?post=51185"}],"curies":[{"name":"wp","href":"https:\/\/api.w.org\/{rel}","templated":true}]}}