{"id":51403,"date":"2021-10-28T15:58:29","date_gmt":"2021-10-28T13:58:29","guid":{"rendered":"https:\/\/packaging-journal.de\/?p=51403"},"modified":"2021-10-28T15:58:29","modified_gmt":"2021-10-28T13:58:29","slug":"schuetz-acquires-manufacturer-of-canisters","status":"publish","type":"post","link":"https:\/\/packaging-journal.de\/en\/schuetz-akquiriert-hersteller-von-kanistern\/","title":{"rendered":"Sch\u00fctz takes over Gem Plastics"},"content":{"rendered":"<p>With the acquisition of Gem Plastics Limited, Sch\u00fctz is expanding its product portfolio in the industrial packaging sector and further extending its offering for customers in Ireland and the United Kingdom.<\/p>\n<p>At the end of last week, Sch\u00fctz GmbH, a manufacturer of transport packaging <strong>a purchase agreement for 100 per cent of the shares<\/strong> in the Irish company Gem Plastics Limited. The company, based in Cavan, Republic of Ireland, has been manufacturing industrial plastic packaging for over 30 years. It supplies the chemical, lubricant, food and beverage and pharmaceutical industries in particular. In addition to established plastic drums and canisters, the extensive product range also includes specific packaging solutions for individual customer requirements.<\/p>\n<p>Sch\u00fctz has been represented in the United Kingdom (Worksop) since 1992 and in Ireland (Killala) since 2000. From these two locations, customers <strong>promptly and flexibly with IBCs and plastic drums<\/strong> supplied. With the acquisition of Gem Plastics Limited, Sch\u00fctz is once again significantly expanding its product programme for customers in Ireland, the United Kingdom and beyond. In addition to the established IBC and plastic drum product groups, customers will now also benefit from a wide range of canisters.<\/p><div class=\"packa-in-post-alle\" style=\"text-align: center;\" id=\"packa-1171796735\"><div id=\"packa-3210275025\"><a data-no-instant=\"1\" href=\"https:\/\/packaging-journal.de\/en\/newsletter\/\" rel=\"noopener\" class=\"a2t-link\" target=\"_blank\" aria-label=\"PJ Self-promotion English 03\"><!--noptimize--><img src=\"https:\/\/packaging-journal.de\/wp-content\/uploads\/2026\/01\/PJ-Eigenwerbung-English-03.png\" alt=\"\"  srcset=\"https:\/\/packaging-journal.de\/wp-content\/uploads\/2026\/01\/PJ-Eigenwerbung-English-03.png 840w, https:\/\/packaging-journal.de\/wp-content\/uploads\/2026\/01\/PJ-Eigenwerbung-English-03-300x75.png 300w, https:\/\/packaging-journal.de\/wp-content\/uploads\/2026\/01\/PJ-Eigenwerbung-English-03-768x192.png 768w, https:\/\/packaging-journal.de\/wp-content\/uploads\/2026\/01\/PJ-Eigenwerbung-English-03-18x5.png 18w, https:\/\/packaging-journal.de\/wp-content\/uploads\/2026\/01\/PJ-Eigenwerbung-English-03-332x83.png 332w, https:\/\/packaging-journal.de\/wp-content\/uploads\/2026\/01\/PJ-Eigenwerbung-English-03-664x166.png 664w, https:\/\/packaging-journal.de\/wp-content\/uploads\/2026\/01\/PJ-Eigenwerbung-English-03-688x172.png 688w\" sizes=\"(max-width: 840px) 100vw, 840px\" width=\"840\" height=\"210\"  style=\" max-width: 100%; height: auto;\" \/><!--\/noptimize--><\/a><\/div><\/div>\n<p><em>Source<\/em>Contactor<\/p>\n<p>&nbsp;<\/p>","protected":false},"excerpt":{"rendered":"With the acquisition of Gem Plastics Limited, Sch\u00fctz is expanding its product portfolio in the industrial packaging sector and further extending its offering for customers in Ireland and the United Kingdom.","protected":false},"author":20,"featured_media":13593,"comment_status":"closed","ping_status":"closed","sticky":false,"template":"","format":"standard","meta":{"_acf_changed":false,"__cvm_playback_settings":[],"__cvm_video_id":"","rank_math_description":"Mit der Akquisition von Gem Plastics Limited baut Sch\u00fctz sein Angebot f\u00fcr Kunden in Irland und dem Vereinigten K\u00f6nigreich weiter aus.","rank_math_focus_keyword":"Sch\u00fctz","rank_math_title":"","csco_display_header_overlay":false,"csco_singular_sidebar":"","csco_page_header_type":"","csco_page_load_nextpost":"","csco_post_video_location":[],"csco_post_video_location_hash":"","csco_post_video_url":"","csco_post_video_bg_start_time":0,"csco_post_video_bg_end_time":0,"footnotes":"","_links_to":"","_links_to_target":""},"categories":[114],"tags":[59142,32,59015,44],"class_list":{"0":"post-51403","1":"post","2":"type-post","3":"status-publish","4":"format-standard","5":"has-post-thumbnail","7":"category-aus-den-unternehmen-news","8":"tag-news-express","9":"tag-packmittel-und-packstoffe","10":"tag-schuetz","11":"tag-transportverpackung","12":"cs-entry","13":"cs-video-wrap"},"acf":[],"vimeo_video":null,"_links":{"self":[{"href":"https:\/\/packaging-journal.de\/en\/wp-json\/wp\/v2\/posts\/51403","targetHints":{"allow":["GET"]}}],"collection":[{"href":"https:\/\/packaging-journal.de\/en\/wp-json\/wp\/v2\/posts"}],"about":[{"href":"https:\/\/packaging-journal.de\/en\/wp-json\/wp\/v2\/types\/post"}],"author":[{"embeddable":true,"href":"https:\/\/packaging-journal.de\/en\/wp-json\/wp\/v2\/users\/20"}],"replies":[{"embeddable":true,"href":"https:\/\/packaging-journal.de\/en\/wp-json\/wp\/v2\/comments?post=51403"}],"version-history":[{"count":0,"href":"https:\/\/packaging-journal.de\/en\/wp-json\/wp\/v2\/posts\/51403\/revisions"}],"wp:featuredmedia":[{"embeddable":true,"href":"https:\/\/packaging-journal.de\/en\/wp-json\/wp\/v2\/media\/13593"}],"wp:attachment":[{"href":"https:\/\/packaging-journal.de\/en\/wp-json\/wp\/v2\/media?parent=51403"}],"wp:term":[{"taxonomy":"category","embeddable":true,"href":"https:\/\/packaging-journal.de\/en\/wp-json\/wp\/v2\/categories?post=51403"},{"taxonomy":"post_tag","embeddable":true,"href":"https:\/\/packaging-journal.de\/en\/wp-json\/wp\/v2\/tags?post=51403"}],"curies":[{"name":"wp","href":"https:\/\/api.w.org\/{rel}","templated":true}]}}