{"id":52129,"date":"2021-11-15T15:18:01","date_gmt":"2021-11-15T14:18:01","guid":{"rendered":"https:\/\/packaging-journal.de\/?p=52129"},"modified":"2021-11-15T15:18:01","modified_gmt":"2021-11-15T14:18:01","slug":"suedpack-sterile-packaging-solutions","status":"publish","type":"post","link":"https:\/\/packaging-journal.de\/en\/suedpack-sterile-verpackungsloesungen\/","title":{"rendered":"S\u00fcdpack Medica AG presents sterile packaging solutions"},"content":{"rendered":"<div data-elementor-type=\"wp-post\" data-elementor-id=\"52129\" class=\"elementor elementor-52129\" data-elementor-post-type=\"post\">\n\t\t\t\t\t\t<section data-exad-particle-enable=\"false\" class=\"elementor-section elementor-top-section elementor-element elementor-element-3f510ad elementor-section-boxed elementor-section-height-default elementor-section-height-default exad-parallax-effect-no exad-background-color-change-no exad-glass-effect-no exad-sticky-section-no\" data-id=\"3f510ad\" data-element_type=\"section\" data-e-type=\"section\">\n\t\t\t\t\t\t<div class=\"elementor-container elementor-column-gap-default\">\n\t\t\t\t\t<div class=\"elementor-column elementor-col-100 elementor-top-column elementor-element elementor-element-0d5f5b0 exad-glass-effect-no exad-sticky-section-no\" data-id=\"0d5f5b0\" data-element_type=\"column\" data-e-type=\"column\">\n\t\t\t<div class=\"elementor-widget-wrap elementor-element-populated\">\n\t\t\t\t\t\t<div class=\"elementor-element elementor-element-6859b7c exad-sticky-section-no exad-glass-effect-no elementor-widget elementor-widget-text-editor\" data-id=\"6859b7c\" data-element_type=\"widget\" data-e-type=\"widget\" data-widget_type=\"text-editor.default\">\n\t\t\t\t<div class=\"elementor-widget-container\">\n\t\t\t\t\t\t\t\t\t<p><strong>At this year's CompaMed in D\u00fcsseldorf, S\u00fcdpack Medica AG will be presenting its diversified portfolio of high-performance films for the healthcare industry at the joint NeZuMed stand. The focus will primarily be on sterile packaging concepts for a wide range of packaging applications in the fields of medical goods, pharmaceuticals and diagnostics.<\/strong><\/p>\t\t\t\t\t\t\t\t<\/div>\n\t\t\t\t<\/div>\n\t\t\t\t\t<\/div>\n\t\t<\/div>\n\t\t\t\t\t<\/div>\n\t\t<\/section>\n\t\t\t\t<section data-exad-particle-enable=\"false\" class=\"elementor-section elementor-top-section elementor-element elementor-element-b7ca011 elementor-section-boxed elementor-section-height-default elementor-section-height-default exad-parallax-effect-no exad-background-color-change-no exad-glass-effect-no exad-sticky-section-no\" data-id=\"b7ca011\" data-element_type=\"section\" data-e-type=\"section\">\n\t\t\t\t\t\t<div class=\"elementor-container elementor-column-gap-default\">\n\t\t\t\t\t<div class=\"elementor-column elementor-col-100 elementor-top-column elementor-element elementor-element-4393743 exad-glass-effect-no exad-sticky-section-no\" data-id=\"4393743\" data-element_type=\"column\" data-e-type=\"column\">\n\t\t\t<div class=\"elementor-widget-wrap elementor-element-populated\">\n\t\t\t\t\t\t<div class=\"elementor-element elementor-element-c4765f5 exad-sticky-section-no exad-glass-effect-no elementor-widget elementor-widget-text-editor\" data-id=\"c4765f5\" data-element_type=\"widget\" data-e-type=\"widget\" data-widget_type=\"text-editor.default\">\n\t\t\t\t<div class=\"elementor-widget-container\">\n\t\t\t\t\t\t\t\t\t<p>Since 1989 the <strong>S\u00fcdpack Medica AG<\/strong> a proven <strong>Partner for the medical, diagnostic and pharmaceutical industry<\/strong>. This makes it one of the top five providers of sterile packaging solutions in Europe. The customised film concepts protect the packaged products perfectly and thus also contribute to a high level of patient safety. They are the result of <strong>intensive development work, maximum hygiene and quality standards<\/strong> and the more than 50 years of expertise of <a href=\"https:\/\/packaging-journal.de\/?s=s\u00fcdpack\" target=\"_blank\" rel=\"noopener\">South pack<\/a> as a technology and innovation leader in co-extrusion.<\/p>\t\t\t\t\t\t\t\t<\/div>\n\t\t\t\t<\/div>\n\t\t\t\t\t<\/div>\n\t\t<\/div>\n\t\t\t\t\t<\/div>\n\t\t<\/section>\n\t\t\t\t<section data-exad-particle-enable=\"false\" class=\"elementor-section elementor-top-section elementor-element elementor-element-1b38b87 elementor-section-boxed elementor-section-height-default elementor-section-height-default exad-parallax-effect-no exad-background-color-change-no exad-glass-effect-no exad-sticky-section-no\" data-id=\"1b38b87\" data-element_type=\"section\" data-e-type=\"section\">\n\t\t\t\t\t\t<div class=\"elementor-container elementor-column-gap-default\">\n\t\t\t\t\t<div class=\"elementor-column elementor-col-100 elementor-top-column elementor-element elementor-element-3918144 exad-glass-effect-no exad-sticky-section-no\" data-id=\"3918144\" data-element_type=\"column\" data-e-type=\"column\">\n\t\t\t<div class=\"elementor-widget-wrap elementor-element-populated\">\n\t\t\t\t\t\t<div class=\"elementor-element elementor-element-d04adae exad-sticky-section-no exad-glass-effect-no elementor-widget elementor-widget-heading\" data-id=\"d04adae\" data-element_type=\"widget\" data-e-type=\"widget\" data-widget_type=\"heading.default\">\n\t\t\t\t<div class=\"elementor-widget-container\">\n\t\t\t\t\t<h2 class=\"elementor-heading-title elementor-size-default\">Sterile packaging solutions with state-of-the-art technology <\/h2>\t\t\t\t<\/div>\n\t\t\t\t<\/div>\n\t\t\t\t<div class=\"elementor-element elementor-element-489715b exad-sticky-section-no exad-glass-effect-no elementor-widget elementor-widget-text-editor\" data-id=\"489715b\" data-element_type=\"widget\" data-e-type=\"widget\" data-widget_type=\"text-editor.default\">\n\t\t\t\t<div class=\"elementor-widget-container\">\n\t\t\t\t\t\t\t\t\t<p>To the <strong>Core competences<\/strong> count the <strong>Development of co-extruded flexible and rigid films, vacuum bags and lids as well as lamination<\/strong>. In the area of printing technology, the range of services extends from flexographic and offset gravure printing to digital printing. S\u00fcdpack Medica relies on state-of-the-art technology for the faster and more cost-effective development of new products. With the <strong>Pilot plant multiXtrusion<\/strong> The blow moulding and cast extrusion of films can be reproduced and tested on an industrial scale - at <strong>Reduced material and energy consumption<\/strong>.<\/p><div class=\"packa-in-post-alle\" style=\"text-align: center;\" id=\"packa-2402392866\"><div id=\"packa-2594697929\"><a data-no-instant=\"1\" href=\"https:\/\/packaging-journal.de\/en\/newsletter\/\" rel=\"noopener\" class=\"a2t-link\" target=\"_blank\" aria-label=\"PJ Self-promotion English 03\"><!--noptimize--><img src=\"https:\/\/packaging-journal.de\/wp-content\/uploads\/2026\/01\/PJ-Eigenwerbung-English-03.png\" alt=\"\"  srcset=\"https:\/\/packaging-journal.de\/wp-content\/uploads\/2026\/01\/PJ-Eigenwerbung-English-03.png 840w, https:\/\/packaging-journal.de\/wp-content\/uploads\/2026\/01\/PJ-Eigenwerbung-English-03-300x75.png 300w, https:\/\/packaging-journal.de\/wp-content\/uploads\/2026\/01\/PJ-Eigenwerbung-English-03-768x192.png 768w, https:\/\/packaging-journal.de\/wp-content\/uploads\/2026\/01\/PJ-Eigenwerbung-English-03-18x5.png 18w, https:\/\/packaging-journal.de\/wp-content\/uploads\/2026\/01\/PJ-Eigenwerbung-English-03-332x83.png 332w, https:\/\/packaging-journal.de\/wp-content\/uploads\/2026\/01\/PJ-Eigenwerbung-English-03-664x166.png 664w, https:\/\/packaging-journal.de\/wp-content\/uploads\/2026\/01\/PJ-Eigenwerbung-English-03-688x172.png 688w\" sizes=\"(max-width: 840px) 100vw, 840px\" width=\"840\" height=\"210\"  style=\" max-width: 100%; height: auto;\" \/><!--\/noptimize--><\/a><\/div><\/div>\t\t\t\t\t\t\t\t<\/div>\n\t\t\t\t<\/div>\n\t\t\t\t<div class=\"elementor-element elementor-element-0d0e57b exad-sticky-section-no exad-glass-effect-no elementor-widget elementor-widget-image\" data-id=\"0d0e57b\" data-element_type=\"widget\" data-e-type=\"widget\" data-widget_type=\"image.default\">\n\t\t\t\t<div class=\"elementor-widget-container\">\n\t\t\t\t\t\t\t\t\t\t\t\t<figure class=\"wp-caption\">\n\t\t\t\t\t\t\t\t\t\t<img fetchpriority=\"high\" decoding=\"async\" width=\"1024\" height=\"558\" src=\"https:\/\/packaging-journal.de\/wp-content\/uploads\/2018\/09\/pj7_FP_Suedpack_Multiclose-1024x558.jpg\" class=\"attachment-large size-large wp-image-16360\" alt=\"S\u00fcdpack Multiclose (Image: S\u00dcDPACK Verpackungen GmbH &amp; Co. KG)\" srcset=\"https:\/\/packaging-journal.de\/wp-content\/uploads\/2018\/09\/pj7_FP_Suedpack_Multiclose-1024x558.jpg 1024w, https:\/\/packaging-journal.de\/wp-content\/uploads\/2018\/09\/pj7_FP_Suedpack_Multiclose-600x327.jpg 600w, https:\/\/packaging-journal.de\/wp-content\/uploads\/2018\/09\/pj7_FP_Suedpack_Multiclose-300x163.jpg 300w, https:\/\/packaging-journal.de\/wp-content\/uploads\/2018\/09\/pj7_FP_Suedpack_Multiclose-768x418.jpg 768w, https:\/\/packaging-journal.de\/wp-content\/uploads\/2018\/09\/pj7_FP_Suedpack_Multiclose.jpg 1201w\" sizes=\"(max-width: 1024px) 100vw, 1024px\" \/>\t\t\t\t\t\t\t\t\t\t\t<figcaption class=\"widget-image-caption wp-caption-text\">S\u00fcdpack Multiclose (Image: S\u00dcDPACK Verpackungen GmbH &amp; Co. KG)<\/figcaption>\n\t\t\t\t\t\t\t\t\t\t<\/figure>\n\t\t\t\t\t\t\t\t\t<\/div>\n\t\t\t\t<\/div>\n\t\t\t\t<div class=\"elementor-element elementor-element-4f1d2b4 exad-sticky-section-no exad-glass-effect-no elementor-widget elementor-widget-text-editor\" data-id=\"4f1d2b4\" data-element_type=\"widget\" data-e-type=\"widget\" data-widget_type=\"text-editor.default\">\n\t\t\t\t<div class=\"elementor-widget-container\">\n\t\t\t\t\t\t\t\t\t<p>At the same time, S\u00fcdpack is one of the pioneers in terms of <strong>Material-efficient, resource-saving and recyclable packaging solutions<\/strong>. As with all film developments, the focus here is always on the <strong>Product protection <\/strong>and the very good <strong>material-specific barrier properties<\/strong> of the films takes centre stage.<\/p><p>For particularly demanding products, S\u00fcdpack Medica offers barrier laminates with a high UV, gas and water vapour barrier. This means that these products remain protected along the <strong>reliably protected for a long time in various climate zones in the sterile packaging solutions<\/strong>. The materials suitable for flow-wrap, pouches or lidding systems impress with their high puncture resistance, good peel properties and excellent sealing behaviour against thermoformable materials such as GPET, APET, PP and PA\/PE.<\/p><div id=\"packa-3311131569\" class=\"packa-inhalt\"><!--noptimize--><script async src=\"https:\/\/pagead2.googlesyndication.com\/pagead\/js\/adsbygoogle.js?client=ca-pub-2686439340972671\" crossorigin=\"anonymous\"><\/script>\r\n<ins class=\"adsbygoogle\" style=\"display:block;text-align:center\" data-ad-layout=\"in-article\" data-ad-format=\"fluid\" data-ad-client=\"ca-pub-2686439340972671\" data-ad-slot=\"6171251825\"><\/ins>\r\n<script>\r\n     (adsbygoogle = window.adsbygoogle || []).push({});\r\n<\/script><!--\/noptimize--><\/div>\t\t\t\t\t\t\t\t<\/div>\n\t\t\t\t<\/div>\n\t\t\t\t<div class=\"elementor-element elementor-element-c8d63b1 exad-sticky-section-no exad-glass-effect-no elementor-widget elementor-widget-heading\" data-id=\"c8d63b1\" data-element_type=\"widget\" data-e-type=\"widget\" data-widget_type=\"heading.default\">\n\t\t\t\t<div class=\"elementor-widget-container\">\n\t\t\t\t\t<h2 class=\"elementor-heading-title elementor-size-default\">Partner with integrated packaging solutions<\/h2>\t\t\t\t<\/div>\n\t\t\t\t<\/div>\n\t\t\t\t<div class=\"elementor-element elementor-element-bcaa711 exad-sticky-section-no exad-glass-effect-no elementor-widget elementor-widget-text-editor\" data-id=\"bcaa711\" data-element_type=\"widget\" data-e-type=\"widget\" data-widget_type=\"text-editor.default\">\n\t\t\t\t<div class=\"elementor-widget-container\">\n\t\t\t\t\t\t\t\t\t<p>Overall, S\u00fcdpack Medica presents itself from <strong>15 to 18 November at the <a href=\"https:\/\/www.compamed.de\/?src=home_1\" target=\"_blank\" rel=\"noopener\">CompaMed<\/a><\/strong> as a holistic solution provider with a high level of consulting expertise and a broad portfolio. Because \u201ethe success of packaging is based on many factors: an efficient development and testing process, specialised machine technology, experienced teams of experts and a high level of vertical integration - and above all on <strong>co-operation in partnership<\/strong>\u201c, says J\u00fcrgen Bodenm\u00fcller, Business Development Director at S\u00fcdpack Medica.<\/p><p>At CompaMed in D\u00fcsseldorf, S\u00fcdpack Medica AG can be found in Hall 14, Stand C40.<\/p><p><a href=\"http:\/\/www.suedpack.com\/\" target=\"_blank\" rel=\"noopener\">http:\/\/www.suedpack.com<\/a><\/p>\t\t\t\t\t\t\t\t<\/div>\n\t\t\t\t<\/div>\n\t\t\t\t\t<\/div>\n\t\t<\/div>\n\t\t\t\t\t<\/div>\n\t\t<\/section>\n\t\t\t\t<section data-exad-particle-enable=\"false\" class=\"elementor-section elementor-top-section elementor-element elementor-element-2075f9e elementor-section-boxed elementor-section-height-default elementor-section-height-default exad-parallax-effect-no exad-background-color-change-no exad-glass-effect-no exad-sticky-section-no\" data-id=\"2075f9e\" data-element_type=\"section\" data-e-type=\"section\" data-settings=\"{&quot;background_background&quot;:&quot;classic&quot;}\">\n\t\t\t\t\t\t<div class=\"elementor-container elementor-column-gap-default\">\n\t\t\t\t\t<div class=\"elementor-column elementor-col-100 elementor-top-column elementor-element elementor-element-5961c713 exad-glass-effect-no exad-sticky-section-no\" data-id=\"5961c713\" data-element_type=\"column\" data-e-type=\"column\">\n\t\t\t<div class=\"elementor-widget-wrap elementor-element-populated\">\n\t\t\t\t\t\t<div class=\"elementor-element elementor-element-390b11f0 exad-sticky-section-no exad-glass-effect-no elementor-widget elementor-widget-heading\" data-id=\"390b11f0\" data-element_type=\"widget\" data-e-type=\"widget\" data-widget_type=\"heading.default\">\n\t\t\t\t<div class=\"elementor-widget-container\">\n\t\t\t\t\t<h2 class=\"elementor-heading-title elementor-size-default\">S\u00fcdpack -More news<\/h2>\t\t\t\t<\/div>\n\t\t\t\t<\/div>\n\t\t\t\t<div class=\"elementor-element elementor-element-37f69f9f elementor-grid-3 elementor-grid-tablet-2 elementor-grid-mobile-1 elementor-posts--thumbnail-top elementor-posts__hover-gradient exad-sticky-section-no exad-glass-effect-no elementor-widget elementor-widget-posts\" data-id=\"37f69f9f\" data-element_type=\"widget\" data-e-type=\"widget\" data-settings=\"{&quot;cards_row_gap&quot;:{&quot;unit&quot;:&quot;px&quot;,&quot;size&quot;:38,&quot;sizes&quot;:[]},&quot;cards_columns&quot;:&quot;3&quot;,&quot;cards_columns_tablet&quot;:&quot;2&quot;,&quot;cards_columns_mobile&quot;:&quot;1&quot;,&quot;cards_row_gap_tablet&quot;:{&quot;unit&quot;:&quot;px&quot;,&quot;size&quot;:&quot;&quot;,&quot;sizes&quot;:[]},&quot;cards_row_gap_mobile&quot;:{&quot;unit&quot;:&quot;px&quot;,&quot;size&quot;:&quot;&quot;,&quot;sizes&quot;:[]}}\" data-widget_type=\"posts.cards\">\n\t\t\t\t<div class=\"elementor-widget-container\">\n\t\t\t\t\t\t\t<div class=\"elementor-posts-container elementor-posts elementor-posts--skin-cards elementor-grid\" role=\"list\">\n\t\t\t\t<article class=\"elementor-post elementor-grid-item post-113629 post type-post status-publish format-standard has-post-thumbnail category-packmittel-und-packstoffe tag-kunststoff-und-verbunde tag-lebensmittel tag-packmittel-und-packstoffe tag-suedpack cs-entry cs-video-wrap\" role=\"listitem\">\n\t\t\t<div class=\"elementor-post__card\">\n\t\t\t\t<a class=\"elementor-post__thumbnail__link\" href=\"https:\/\/packaging-journal.de\/en\/innovative-verpackungskonzepte-fuer-fisch-und-meeresfruechte\/\" tabindex=\"-1\"><div class=\"elementor-post__thumbnail\"><img decoding=\"async\" width=\"300\" height=\"169\" src=\"https:\/\/packaging-journal.de\/wp-content\/uploads\/2026\/03\/SUeDPACK_Multifol_Frozen-Salmon-300x169.jpg\" class=\"attachment-medium size-medium wp-image-113630\" alt=\"Photo: S\u00fcdpack\" srcset=\"https:\/\/packaging-journal.de\/wp-content\/uploads\/2026\/03\/SUeDPACK_Multifol_Frozen-Salmon-300x169.jpg 300w, https:\/\/packaging-journal.de\/wp-content\/uploads\/2026\/03\/SUeDPACK_Multifol_Frozen-Salmon-1024x576.jpg 1024w, https:\/\/packaging-journal.de\/wp-content\/uploads\/2026\/03\/SUeDPACK_Multifol_Frozen-Salmon-768x432.jpg 768w, https:\/\/packaging-journal.de\/wp-content\/uploads\/2026\/03\/SUeDPACK_Multifol_Frozen-Salmon-18x10.jpg 18w, https:\/\/packaging-journal.de\/wp-content\/uploads\/2026\/03\/SUeDPACK_Multifol_Frozen-Salmon-332x187.jpg 332w, https:\/\/packaging-journal.de\/wp-content\/uploads\/2026\/03\/SUeDPACK_Multifol_Frozen-Salmon-664x374.jpg 664w, https:\/\/packaging-journal.de\/wp-content\/uploads\/2026\/03\/SUeDPACK_Multifol_Frozen-Salmon-688x387.jpg 688w, https:\/\/packaging-journal.de\/wp-content\/uploads\/2026\/03\/SUeDPACK_Multifol_Frozen-Salmon-1044x587.jpg 1044w, https:\/\/packaging-journal.de\/wp-content\/uploads\/2026\/03\/SUeDPACK_Multifol_Frozen-Salmon.jpg 1200w\" sizes=\"(max-width: 300px) 100vw, 300px\" \/><\/div><\/a>\n\t\t\t\t<div class=\"elementor-post__text\">\n\t\t\t\t<h3 class=\"elementor-post__title\">\n\t\t\t<a href=\"https:\/\/packaging-journal.de\/en\/innovative-verpackungskonzepte-fuer-fisch-und-meeresfruechte\/\">\n\t\t\t\tInnovative packaging concepts for fish and seafood\t\t\t<\/a>\n\t\t<\/h3>\n\t\t\t\t<div class=\"elementor-post__excerpt\">\n\t\t\tWith Skinpro and Multifol Extreme, S\u00fcdpack is presenting solutions that improve the protection and shelf life of fish products and optimise the entire delivery process.\t\t<\/div>\n\t\t\n\t\t<a class=\"elementor-post__read-more\" href=\"https:\/\/packaging-journal.de\/en\/innovative-verpackungskonzepte-fuer-fisch-und-meeresfruechte\/\" aria-label=\"Read more about Innovative packaging concepts for fish and seafood\" tabindex=\"-1\">\n\t\t\tRead more \"\t\t<\/a>\n\n\t\t\t\t<\/div>\n\t\t\t\t\t<\/div>\n\t\t<\/article>\n\t\t\t\t<article class=\"elementor-post elementor-grid-item post-111069 post type-post status-publish format-standard has-post-thumbnail category-aus-den-unternehmen-news tag-folien tag-kunststoff-und-verbunde tag-lebensmittel tag-suedpack tag-usa cs-entry cs-video-wrap\" role=\"listitem\">\n\t\t\t<div class=\"elementor-post__card\">\n\t\t\t\t<a class=\"elementor-post__thumbnail__link\" href=\"https:\/\/packaging-journal.de\/en\/suedpack-richtet-us-geschaeft-neu-aus\/\" tabindex=\"-1\"><div class=\"elementor-post__thumbnail\"><img decoding=\"async\" width=\"300\" height=\"163\" src=\"https:\/\/packaging-journal.de\/wp-content\/uploads\/2026\/01\/Suedpack-Standort-300x163.jpg\" class=\"attachment-medium size-medium wp-image-111072\" alt=\"\" srcset=\"https:\/\/packaging-journal.de\/wp-content\/uploads\/2026\/01\/Suedpack-Standort-300x163.jpg 300w, https:\/\/packaging-journal.de\/wp-content\/uploads\/2026\/01\/Suedpack-Standort-1024x555.jpg 1024w, https:\/\/packaging-journal.de\/wp-content\/uploads\/2026\/01\/Suedpack-Standort-768x416.jpg 768w, https:\/\/packaging-journal.de\/wp-content\/uploads\/2026\/01\/Suedpack-Standort-18x10.jpg 18w, https:\/\/packaging-journal.de\/wp-content\/uploads\/2026\/01\/Suedpack-Standort.jpg 1200w\" sizes=\"(max-width: 300px) 100vw, 300px\" \/><\/div><\/a>\n\t\t\t\t<div class=\"elementor-post__text\">\n\t\t\t\t<h3 class=\"elementor-post__title\">\n\t\t\t<a href=\"https:\/\/packaging-journal.de\/en\/suedpack-richtet-us-geschaeft-neu-aus\/\">\n\t\t\t\tS\u00fcdpack reorganises US business\t\t\t<\/a>\n\t\t<\/h3>\n\t\t\t\t<div class=\"elementor-post__excerpt\">\n\t\t\tS\u00fcdpack sells its plant in Wisconsin to PPC Flex.\t\t<\/div>\n\t\t\n\t\t<a class=\"elementor-post__read-more\" href=\"https:\/\/packaging-journal.de\/en\/suedpack-richtet-us-geschaeft-neu-aus\/\" aria-label=\"Read more about S\u00fcdpack reorganises US business\" tabindex=\"-1\">\n\t\t\tRead more \"\t\t<\/a>\n\n\t\t\t\t<\/div>\n\t\t\t\t\t<\/div>\n\t\t<\/article>\n\t\t\t\t<article class=\"elementor-post elementor-grid-item post-109458 post type-post status-publish format-standard has-post-thumbnail category-aus-den-unternehmen-news tag-aus-den-unternehmen tag-blister tag-kunststoff-und-verbunde tag-pharma-kosmetik-chemie tag-suedpack cs-entry cs-video-wrap\" role=\"listitem\">\n\t\t\t<div class=\"elementor-post__card\">\n\t\t\t\t<a class=\"elementor-post__thumbnail__link\" href=\"https:\/\/packaging-journal.de\/en\/suedpack-startet-erweiterung-der-pharmaguard-produktion\/\" tabindex=\"-1\"><div class=\"elementor-post__thumbnail\"><img loading=\"lazy\" decoding=\"async\" width=\"300\" height=\"163\" src=\"https:\/\/packaging-journal.de\/wp-content\/uploads\/2025\/11\/Suedpack-Erolzheim-300x163.jpg\" class=\"attachment-medium size-medium wp-image-109461\" alt=\"\" srcset=\"https:\/\/packaging-journal.de\/wp-content\/uploads\/2025\/11\/Suedpack-Erolzheim-300x163.jpg 300w, https:\/\/packaging-journal.de\/wp-content\/uploads\/2025\/11\/Suedpack-Erolzheim-1024x555.jpg 1024w, https:\/\/packaging-journal.de\/wp-content\/uploads\/2025\/11\/Suedpack-Erolzheim-768x416.jpg 768w, https:\/\/packaging-journal.de\/wp-content\/uploads\/2025\/11\/Suedpack-Erolzheim-18x10.jpg 18w, https:\/\/packaging-journal.de\/wp-content\/uploads\/2025\/11\/Suedpack-Erolzheim.jpg 1200w\" sizes=\"(max-width: 300px) 100vw, 300px\" \/><\/div><\/a>\n\t\t\t\t<div class=\"elementor-post__text\">\n\t\t\t\t<h3 class=\"elementor-post__title\">\n\t\t\t<a href=\"https:\/\/packaging-journal.de\/en\/suedpack-startet-erweiterung-der-pharmaguard-produktion\/\">\n\t\t\t\tS\u00fcdpack starts expansion of PharmaGuard production\t\t\t<\/a>\n\t\t<\/h3>\n\t\t\t\t<div class=\"elementor-post__excerpt\">\n\t\t\tAdditional capacities for the PP-based blister concept and a plant for regranulating production waste are to be created by the third quarter of 2027.\t\t<\/div>\n\t\t\n\t\t<a class=\"elementor-post__read-more\" href=\"https:\/\/packaging-journal.de\/en\/suedpack-startet-erweiterung-der-pharmaguard-produktion\/\" aria-label=\"Read more about S\u00fcdpack starts expansion of PharmaGuard production\" tabindex=\"-1\">\n\t\t\tRead more \"\t\t<\/a>\n\n\t\t\t\t<\/div>\n\t\t\t\t\t<\/div>\n\t\t<\/article>\n\t\t\t\t<article class=\"elementor-post elementor-grid-item post-106712 post type-post status-publish format-standard has-post-thumbnail category-green-packaging tag-kunststoff-und-verbunde tag-lebensmittel tag-packmittel-und-packstoffe tag-sn-maschinenbau tag-suedpack tag-verpackungsmaschinen cs-entry cs-video-wrap\" role=\"listitem\">\n\t\t\t<div class=\"elementor-post__card\">\n\t\t\t\t<a class=\"elementor-post__thumbnail__link\" href=\"https:\/\/packaging-journal.de\/en\/suedpack-und-sn-snackbeutel\/\" tabindex=\"-1\"><div class=\"elementor-post__thumbnail\"><img loading=\"lazy\" decoding=\"async\" width=\"300\" height=\"163\" src=\"https:\/\/packaging-journal.de\/wp-content\/uploads\/2025\/09\/suedpack-purepe-300x163.jpg\" class=\"attachment-medium size-medium wp-image-106714\" alt=\"\" srcset=\"https:\/\/packaging-journal.de\/wp-content\/uploads\/2025\/09\/suedpack-purepe-300x163.jpg 300w, https:\/\/packaging-journal.de\/wp-content\/uploads\/2025\/09\/suedpack-purepe-1024x555.jpg 1024w, https:\/\/packaging-journal.de\/wp-content\/uploads\/2025\/09\/suedpack-purepe-768x416.jpg 768w, https:\/\/packaging-journal.de\/wp-content\/uploads\/2025\/09\/suedpack-purepe-18x10.jpg 18w, https:\/\/packaging-journal.de\/wp-content\/uploads\/2025\/09\/suedpack-purepe.jpg 1200w\" sizes=\"(max-width: 300px) 100vw, 300px\" \/><\/div><\/a>\n\t\t\t\t<div class=\"elementor-post__text\">\n\t\t\t\t<h3 class=\"elementor-post__title\">\n\t\t\t<a href=\"https:\/\/packaging-journal.de\/en\/suedpack-und-sn-snackbeutel\/\">\n\t\t\t\tThe latest generation of recyclable snack bags\t\t\t<\/a>\n\t\t<\/h3>\n\t\t\t\t<div class=\"elementor-post__excerpt\">\n\t\t\tAt Fachpack, S\u00fcdpack and SN Maschinenbau will be jointly demonstrating the new CarbonLite film family live in processing on a standardised horizontal pouch packaging machine.\t\t<\/div>\n\t\t\n\t\t<a class=\"elementor-post__read-more\" href=\"https:\/\/packaging-journal.de\/en\/suedpack-und-sn-snackbeutel\/\" aria-label=\"Read more about The latest generation of recyclable snack bags\" tabindex=\"-1\">\n\t\t\tRead more \"\t\t<\/a>\n\n\t\t\t\t<\/div>\n\t\t\t\t\t<\/div>\n\t\t<\/article>\n\t\t\t\t<article class=\"elementor-post elementor-grid-item post-106316 post type-post status-publish format-standard has-post-thumbnail category-packmittel-und-packstoffe tag-kunststoff-und-verbunde tag-lebensmittel tag-nachhaltigkeit-und-green-packaging tag-packmittel-und-packstoffe tag-suedpack cs-entry cs-video-wrap\" role=\"listitem\">\n\t\t\t<div class=\"elementor-post__card\">\n\t\t\t\t<a class=\"elementor-post__thumbnail__link\" href=\"https:\/\/packaging-journal.de\/en\/neue-suedpack-produktfamilie-carbonlite\/\" tabindex=\"-1\"><div class=\"elementor-post__thumbnail\"><img loading=\"lazy\" decoding=\"async\" width=\"300\" height=\"163\" src=\"https:\/\/packaging-journal.de\/wp-content\/uploads\/2025\/08\/suedpack-carbonlite1-300x163.jpg\" class=\"attachment-medium size-medium wp-image-106341\" alt=\"\" srcset=\"https:\/\/packaging-journal.de\/wp-content\/uploads\/2025\/08\/suedpack-carbonlite1-300x163.jpg 300w, https:\/\/packaging-journal.de\/wp-content\/uploads\/2025\/08\/suedpack-carbonlite1-1024x555.jpg 1024w, https:\/\/packaging-journal.de\/wp-content\/uploads\/2025\/08\/suedpack-carbonlite1-768x416.jpg 768w, https:\/\/packaging-journal.de\/wp-content\/uploads\/2025\/08\/suedpack-carbonlite1-18x10.jpg 18w, https:\/\/packaging-journal.de\/wp-content\/uploads\/2025\/08\/suedpack-carbonlite1.jpg 1200w\" sizes=\"(max-width: 300px) 100vw, 300px\" \/><\/div><\/a>\n\t\t\t\t<div class=\"elementor-post__text\">\n\t\t\t\t<h3 class=\"elementor-post__title\">\n\t\t\t<a href=\"https:\/\/packaging-journal.de\/en\/neue-suedpack-produktfamilie-carbonlite\/\">\n\t\t\t\tS\u00fcdpack bundles mono-material films in new product family\t\t\t<\/a>\n\t\t<\/h3>\n\t\t\t\t<div class=\"elementor-post__excerpt\">\n\t\t\tS\u00fcdpack has bundled its high-performance monomaterials for tubular bag packaging in the new CarbonLite product line.\t\t<\/div>\n\t\t\n\t\t<a class=\"elementor-post__read-more\" href=\"https:\/\/packaging-journal.de\/en\/neue-suedpack-produktfamilie-carbonlite\/\" aria-label=\"Read more about S\u00fcdpack bundles mono-material films in new product family\" tabindex=\"-1\">\n\t\t\tRead more \"\t\t<\/a>\n\n\t\t\t\t<\/div>\n\t\t\t\t\t<\/div>\n\t\t<\/article>\n\t\t\t\t<article class=\"elementor-post elementor-grid-item post-105104 post type-post status-publish format-standard has-post-thumbnail category-packmittel-und-packstoffe tag-fachpack tag-lebensmittel tag-nachhaltigkeit-und-green-packaging tag-packmittel-und-packstoffe tag-suedpack cs-entry cs-video-wrap\" role=\"listitem\">\n\t\t\t<div class=\"elementor-post__card\">\n\t\t\t\t<a class=\"elementor-post__thumbnail__link\" href=\"https:\/\/packaging-journal.de\/en\/suedpack-nachhaltige-folienloesungen-und-neue-monomaterialfamilie\/\" tabindex=\"-1\"><div class=\"elementor-post__thumbnail\"><img loading=\"lazy\" decoding=\"async\" width=\"300\" height=\"163\" src=\"https:\/\/packaging-journal.de\/wp-content\/uploads\/2025\/07\/Suedpack-Fachpack-300x163.jpg\" class=\"attachment-medium size-medium wp-image-105105\" alt=\"\" srcset=\"https:\/\/packaging-journal.de\/wp-content\/uploads\/2025\/07\/Suedpack-Fachpack-300x163.jpg 300w, https:\/\/packaging-journal.de\/wp-content\/uploads\/2025\/07\/Suedpack-Fachpack-1024x555.jpg 1024w, https:\/\/packaging-journal.de\/wp-content\/uploads\/2025\/07\/Suedpack-Fachpack-768x416.jpg 768w, https:\/\/packaging-journal.de\/wp-content\/uploads\/2025\/07\/Suedpack-Fachpack-18x10.jpg 18w, https:\/\/packaging-journal.de\/wp-content\/uploads\/2025\/07\/Suedpack-Fachpack.jpg 1200w\" sizes=\"(max-width: 300px) 100vw, 300px\" \/><\/div><\/a>\n\t\t\t\t<div class=\"elementor-post__text\">\n\t\t\t\t<h3 class=\"elementor-post__title\">\n\t\t\t<a href=\"https:\/\/packaging-journal.de\/en\/suedpack-nachhaltige-folienloesungen-und-neue-monomaterialfamilie\/\">\n\t\t\t\tS\u00fcdpack: sustainable film solutions and new monomaterial family\t\t\t<\/a>\n\t\t<\/h3>\n\t\t\t\t<div class=\"elementor-post__excerpt\">\n\t\t\tFrom recyclable monomaterials to resource-saving skin films: at Fachpack 2025, S\u00dcDPACK will be showcasing packaging concepts that reduce CO\u2082 emissions, enable a circular economy and fulfil the requirements of the EU packaging regulation PPWR.\t\t<\/div>\n\t\t\n\t\t<a class=\"elementor-post__read-more\" href=\"https:\/\/packaging-journal.de\/en\/suedpack-nachhaltige-folienloesungen-und-neue-monomaterialfamilie\/\" aria-label=\"Read more about S\u00fcdpack: sustainable film solutions and new monomaterial family\" tabindex=\"-1\">\n\t\t\tRead more \"\t\t<\/a>\n\n\t\t\t\t<\/div>\n\t\t\t\t\t<\/div>\n\t\t<\/article>\n\t\t\t\t<\/div>\n\t\t\n\t\t\t\t\t\t<\/div>\n\t\t\t\t<\/div>\n\t\t\t\t\t<\/div>\n\t\t<\/div>\n\t\t\t\t\t<\/div>\n\t\t<\/section>\n\t\t\t\t<\/div>","protected":false},"excerpt":{"rendered":"At CompaMed, S\u00fcdpack Medica AG will be presenting sterile packaging solutions for the healthcare sector from its broad portfolio.","protected":false},"author":1,"featured_media":51412,"comment_status":"closed","ping_status":"closed","sticky":false,"template":"","format":"standard","meta":{"_acf_changed":false,"__cvm_playback_settings":[],"__cvm_video_id":"","rank_math_description":"Auf der CompaMed pr\u00e4sentiert die S\u00fcdpack Medica AG sterile Verpackungsl\u00f6sungen f\u00fcr die Gesundheitsbranche aus ihrem breiten Portfolio. ","rank_math_focus_keyword":"sterile Verpackungsl\u00f6sungen","rank_math_title":"Sterile Verpackungsl\u00f6sungen von S\u00fcdpack Medica AG","csco_display_header_overlay":false,"csco_singular_sidebar":"","csco_page_header_type":"","csco_page_load_nextpost":"","csco_post_video_location":[],"csco_post_video_location_hash":"","csco_post_video_url":"","csco_post_video_bg_start_time":0,"csco_post_video_bg_end_time":0,"footnotes":"","_links_to":"","_links_to_target":""},"categories":[7],"tags":[54,58770,57883],"class_list":{"0":"post-52129","1":"post","2":"type-post","3":"status-publish","4":"format-standard","5":"has-post-thumbnail","7":"category-messen-und-veranstaltungen","8":"tag-kunststoff-und-verbunde","9":"tag-messe-duesseldorf","10":"tag-suedpack","11":"cs-entry","12":"cs-video-wrap"},"acf":[],"vimeo_video":null,"_links":{"self":[{"href":"https:\/\/packaging-journal.de\/en\/wp-json\/wp\/v2\/posts\/52129","targetHints":{"allow":["GET"]}}],"collection":[{"href":"https:\/\/packaging-journal.de\/en\/wp-json\/wp\/v2\/posts"}],"about":[{"href":"https:\/\/packaging-journal.de\/en\/wp-json\/wp\/v2\/types\/post"}],"author":[{"embeddable":true,"href":"https:\/\/packaging-journal.de\/en\/wp-json\/wp\/v2\/users\/1"}],"replies":[{"embeddable":true,"href":"https:\/\/packaging-journal.de\/en\/wp-json\/wp\/v2\/comments?post=52129"}],"version-history":[{"count":0,"href":"https:\/\/packaging-journal.de\/en\/wp-json\/wp\/v2\/posts\/52129\/revisions"}],"wp:featuredmedia":[{"embeddable":true,"href":"https:\/\/packaging-journal.de\/en\/wp-json\/wp\/v2\/media\/51412"}],"wp:attachment":[{"href":"https:\/\/packaging-journal.de\/en\/wp-json\/wp\/v2\/media?parent=52129"}],"wp:term":[{"taxonomy":"category","embeddable":true,"href":"https:\/\/packaging-journal.de\/en\/wp-json\/wp\/v2\/categories?post=52129"},{"taxonomy":"post_tag","embeddable":true,"href":"https:\/\/packaging-journal.de\/en\/wp-json\/wp\/v2\/tags?post=52129"}],"curies":[{"name":"wp","href":"https:\/\/api.w.org\/{rel}","templated":true}]}}