{"id":52581,"date":"2021-11-23T12:46:03","date_gmt":"2021-11-23T11:46:03","guid":{"rendered":"https:\/\/packaging-journal.de\/?p=52581"},"modified":"2021-11-23T12:46:03","modified_gmt":"2021-11-23T11:46:03","slug":"ichoc-billie-eilish-chocolate-bochum","status":"publish","type":"post","link":"https:\/\/packaging-journal.de\/en\/ichoc-billie-eilish-schokolade-bochum\/","title":{"rendered":"iChoc: vegan Billie Eilish chocolate from Bochum"},"content":{"rendered":"<p><b>Eine aufregende Geschichte ereignet sich derzeit im Bochumer B\u00fcro der EcoFinia GmbH, die hinter der veganen Bioschokoladenmarke iChoc steckt. Dank einer aufmerksamen Teenagerin und gleich mehrerer Zuf\u00e4lle produziert der Bio-Hersteller nun die erste eigene Vegan-Schokolade des amerikanischen Megastars Billie Eilish.<\/b><\/p>\n<p>Alles begann im M\u00e4rz 2019 mit einer Story <a title=\"Instagram-Auftritt von Billie Eilish\" href=\"https:\/\/www.instagram.com\/p\/CUZeitItEF9\/\" target=\"_blank\" rel=\"noopener\">auf Instagram<\/a>, in der Billie Eilish das Innere ihres damaligen Tourbusses zeigt. Neben einigen anderen Lieblingsprodukten mit an Bord: Die iChoc Sorten &#8222;Classic&#8220; und &#8222;Almond Orange&#8220;. Als die US-S\u00e4ngerin die Schokolade in die Kamera h\u00e4lt, gibt die 14-j\u00e4hrige Karla aus Hamburg &#8211; als gro\u00dfer iChoc- und Billie-Fan &#8211; ihrer Lieblingsschokolade direkt Bescheid. <strong>Zwei Jahre sp\u00e4ter l\u00e4uft eine limitierte Charge Billie Eilish-Schokoladen \u00fcber&#8217;s Band<\/strong>. Nat\u00fcrlich in Billies Lieblingsgeschmacksrichtung &#8222;Classic&#8220;. Pure pflanzliche Schokolade auf Reisdrink-Basis.<\/p>\n<p><i>&#8222;Billie ist wie wir \u00dcberzeugungst\u00e4terin. Sie lebt seit Jahren vegan, hat <strong>ein gro\u00dfes Bewusstsein f\u00fcr den Klimaschutz und vertritt eine starke Meinung in der \u00d6ffentlichkeit<\/strong>. Dadurch ist sie Vorbild f\u00fcr viele junge Menschen und sensibilisiert sie f\u00fcr diese wichtigen Themen&#8220;<\/i>, erkl\u00e4rt EcoFinia-Gesch\u00e4ftsf\u00fchrer Andreas Meyer den gro\u00dfen gemeinsamen Nenner.<\/p><div class=\"packa-in-post-alle\" style=\"text-align: center;\" id=\"packa-677272438\"><div id=\"packa-2610967068\"><a data-no-instant=\"1\" href=\"https:\/\/packaging-journal.de\/en\/newsletter\/\" rel=\"noopener\" class=\"a2t-link\" target=\"_blank\" aria-label=\"PJ Eigenwerbung English 03\"><!--noptimize--><img src=\"https:\/\/packaging-journal.de\/wp-content\/uploads\/2026\/01\/PJ-Eigenwerbung-English-03.png\" alt=\"\"  srcset=\"https:\/\/packaging-journal.de\/wp-content\/uploads\/2026\/01\/PJ-Eigenwerbung-English-03.png 840w, https:\/\/packaging-journal.de\/wp-content\/uploads\/2026\/01\/PJ-Eigenwerbung-English-03-300x75.png 300w, https:\/\/packaging-journal.de\/wp-content\/uploads\/2026\/01\/PJ-Eigenwerbung-English-03-768x192.png 768w, https:\/\/packaging-journal.de\/wp-content\/uploads\/2026\/01\/PJ-Eigenwerbung-English-03-18x5.png 18w, https:\/\/packaging-journal.de\/wp-content\/uploads\/2026\/01\/PJ-Eigenwerbung-English-03-332x83.png 332w, https:\/\/packaging-journal.de\/wp-content\/uploads\/2026\/01\/PJ-Eigenwerbung-English-03-664x166.png 664w, https:\/\/packaging-journal.de\/wp-content\/uploads\/2026\/01\/PJ-Eigenwerbung-English-03-688x172.png 688w\" sizes=\"(max-width: 840px) 100vw, 840px\" width=\"840\" height=\"210\"  style=\" max-width: 100%; height: auto;\" \/><!--\/noptimize--><\/a><\/div><\/div>\n<p>In einer Instagram-Story erkl\u00e4rt Billie Eilish, dass sie iChoc in einem Berliner Biomarkt f\u00fcr sich entdeckt und lieben gelernt habe. Seitdem ist iChoc ein st\u00e4ndiger Begleiter, zumindest auf ihren Europatourneen &#8211; denn in den USA bekommt man die deutsche Schokolade bislang nicht. So entstand die Idee einer eigenen veganen Billie Eilish-Schokolade, die <strong>zun\u00e4chst als Limited Edition zum aktuellen Album &#8222;Happier Than Ever&#8220; erh\u00e4ltlich<\/strong> war. In Billies Onlineshop war sie bereits nach kurzer Zeit ausverkauft. Wie sehr Billie die Kooperation mit iChoc Spa\u00df macht, erkl\u00e4rt sie auf Instagram: <i>&#8222;I [&#8230;] want people to know how good vegan goods can be! I love them for doing this with me, what a dream.&#8220;<\/i><\/p>\n","protected":false},"excerpt":{"rendered":"Thanks to an attentive teenager and several coincidences, organic manufacturer EcoFinia is now producing the first vegan chocolate made by American megastar Billie Eilish.","protected":false},"author":1,"featured_media":52582,"comment_status":"closed","ping_status":"closed","sticky":false,"template":"","format":"standard","meta":{"_acf_changed":false,"__cvm_playback_settings":[],"__cvm_video_id":"","rank_math_description":"Dank gleich mehrerer Zuf\u00e4lle produziert der Bio-Hersteller EcoFinia die erste eigene Vegan-Schokolade des Megastars Billie Eilish.","rank_math_focus_keyword":"Billie Eilish","rank_math_title":"","csco_display_header_overlay":false,"csco_singular_sidebar":"","csco_page_header_type":"","csco_page_load_nextpost":"","csco_post_video_location":[],"csco_post_video_location_hash":"","csco_post_video_url":"","csco_post_video_bg_start_time":0,"csco_post_video_bg_end_time":0,"footnotes":"","_links_to":"","_links_to_target":""},"categories":[113],"tags":[46,59142,71],"class_list":{"0":"post-52581","1":"post","2":"type-post","3":"status-publish","4":"format-standard","5":"has-post-thumbnail","7":"category-produkte","8":"tag-marketing-und-design","9":"tag-news-express","10":"tag-suesswaren","11":"post_format-post-format-standard","12":"cs-entry","13":"cs-video-wrap"},"acf":[],"vimeo_video":null,"_links":{"self":[{"href":"https:\/\/packaging-journal.de\/en\/wp-json\/wp\/v2\/posts\/52581","targetHints":{"allow":["GET"]}}],"collection":[{"href":"https:\/\/packaging-journal.de\/en\/wp-json\/wp\/v2\/posts"}],"about":[{"href":"https:\/\/packaging-journal.de\/en\/wp-json\/wp\/v2\/types\/post"}],"author":[{"embeddable":true,"href":"https:\/\/packaging-journal.de\/en\/wp-json\/wp\/v2\/users\/1"}],"replies":[{"embeddable":true,"href":"https:\/\/packaging-journal.de\/en\/wp-json\/wp\/v2\/comments?post=52581"}],"version-history":[{"count":0,"href":"https:\/\/packaging-journal.de\/en\/wp-json\/wp\/v2\/posts\/52581\/revisions"}],"wp:featuredmedia":[{"embeddable":true,"href":"https:\/\/packaging-journal.de\/en\/wp-json\/wp\/v2\/media\/52582"}],"wp:attachment":[{"href":"https:\/\/packaging-journal.de\/en\/wp-json\/wp\/v2\/media?parent=52581"}],"wp:term":[{"taxonomy":"category","embeddable":true,"href":"https:\/\/packaging-journal.de\/en\/wp-json\/wp\/v2\/categories?post=52581"},{"taxonomy":"post_tag","embeddable":true,"href":"https:\/\/packaging-journal.de\/en\/wp-json\/wp\/v2\/tags?post=52581"}],"curies":[{"name":"wp","href":"https:\/\/api.w.org\/{rel}","templated":true}]}}