{"id":52847,"date":"2021-11-30T10:21:59","date_gmt":"2021-11-30T09:21:59","guid":{"rendered":"https:\/\/packaging-journal.de\/?p=52847"},"modified":"2021-11-30T10:21:59","modified_gmt":"2021-11-30T09:21:59","slug":"stora-enso-bio-based-foam","status":"publish","type":"post","link":"https:\/\/packaging-journal.de\/en\/stora-enso-biobasierter-schaumstoff\/","title":{"rendered":"Stora Enso introduces bio-based packaging plastic"},"content":{"rendered":"<div data-elementor-type=\"wp-post\" data-elementor-id=\"52847\" class=\"elementor elementor-52847\" data-elementor-post-type=\"post\">\n\t\t\t\t\t\t<section data-exad-particle-enable=\"false\" class=\"elementor-section elementor-top-section elementor-element elementor-element-4e98c17 elementor-section-boxed elementor-section-height-default elementor-section-height-default exad-parallax-effect-no exad-background-color-change-no exad-glass-effect-no exad-sticky-section-no\" data-id=\"4e98c17\" data-element_type=\"section\" data-e-type=\"section\">\n\t\t\t\t\t\t<div class=\"elementor-container elementor-column-gap-default\">\n\t\t\t\t\t<div class=\"elementor-column elementor-col-100 elementor-top-column elementor-element elementor-element-d27933c exad-glass-effect-no exad-sticky-section-no\" data-id=\"d27933c\" data-element_type=\"column\" data-e-type=\"column\">\n\t\t\t<div class=\"elementor-widget-wrap elementor-element-populated\">\n\t\t\t\t\t\t<div class=\"elementor-element elementor-element-e3675d6 exad-sticky-section-no exad-glass-effect-no elementor-widget elementor-widget-text-editor\" data-id=\"e3675d6\" data-element_type=\"widget\" data-e-type=\"widget\" data-widget_type=\"text-editor.default\">\n\t\t\t\t<div class=\"elementor-widget-container\">\n\t\t\t\t\t\t\t\t\t<p><strong>Stora Enso is expanding its packaging range with a new product portfolio for bio-based foams made of wood. The products are fully recyclable and can be used for protective and thermal packaging. Lightweight wood foams are the answer to the demand for climate-friendly, renewable and recyclable cushioning materials in inner packaging - especially for the boom in e-commerce and cold chain logistics.<\/strong><\/p>\t\t\t\t\t\t\t\t<\/div>\n\t\t\t\t<\/div>\n\t\t\t\t<div class=\"elementor-element elementor-element-dbd5534 exad-sticky-section-no exad-glass-effect-no elementor-widget elementor-widget-text-editor\" data-id=\"dbd5534\" data-element_type=\"widget\" data-e-type=\"widget\" data-widget_type=\"text-editor.default\">\n\t\t\t\t<div class=\"elementor-widget-container\">\n\t\t\t\t\t\t\t\t\t<p>Stora Enso's range consists of Fibrease\u2122 by Stora Enso and Papira<sup>\u00ae <\/sup>by Stora Enso. Both <strong>Foams have versatile technical and ecological properties<\/strong>, and customers can select a suitable foam based on their specific packaging requirements. The foams can be used for <strong>Protection of sensitive goods<\/strong> and are <strong>Ideal for thermal packaging of temperature-sensitive products<\/strong>. Fibrease is now commercially available, while the <strong>Pilot plant for the production of Papira<\/strong> commenced operations at the Fors site in Sweden after the investment was announced in August 2020.<\/p>\t\t\t\t\t\t\t\t<\/div>\n\t\t\t\t<\/div>\n\t\t\t\t<div class=\"elementor-element elementor-element-ac903a7 exad-sticky-section-no exad-glass-effect-no elementor-widget elementor-widget-image\" data-id=\"ac903a7\" data-element_type=\"widget\" data-e-type=\"widget\" data-widget_type=\"image.default\">\n\t\t\t\t<div class=\"elementor-widget-container\">\n\t\t\t\t\t\t\t\t\t\t\t\t<figure class=\"wp-caption\">\n\t\t\t\t\t\t\t\t\t\t<img fetchpriority=\"high\" decoding=\"async\" width=\"1024\" height=\"683\" src=\"https:\/\/packaging-journal.de\/wp-content\/uploads\/2021\/11\/ae21d8e466358dff_\u00a9Stora-Enso_org-1024x683.jpeg\" class=\"attachment-large size-large wp-image-52850\" alt=\"A woman in a smart jumper takes the packaging from Stora Enso to the rubbish bins for disposal.\" srcset=\"\" sizes=\"(max-width: 1024px) 100vw, 1024px\" data-srcset=\"\" \/>\t\t\t\t\t\t\t\t\t\t\t<figcaption class=\"widget-image-caption wp-caption-text\">Papira recycled: With Papira, Stora Enso is introducing a renewable and climate-friendly packaging solution. (Image: Stora Enso)<\/figcaption>\n\t\t\t\t\t\t\t\t\t\t<\/figure>\n\t\t\t\t\t\t\t\t\t<\/div>\n\t\t\t\t<\/div>\n\t\t\t\t<div class=\"elementor-element elementor-element-a9cd3f1 exad-sticky-section-no exad-glass-effect-no elementor-widget elementor-widget-heading\" data-id=\"a9cd3f1\" data-element_type=\"widget\" data-e-type=\"widget\" data-widget_type=\"heading.default\">\n\t\t\t\t<div class=\"elementor-widget-container\">\n\t\t\t\t\t<h2 class=\"elementor-heading-title elementor-size-default\">Stora Enso with an alternative to packaging of fossil origin<\/h2>\t\t\t\t<\/div>\n\t\t\t\t<\/div>\n\t\t\t\t<div class=\"elementor-element elementor-element-7e40ce1 exad-sticky-section-no exad-glass-effect-no elementor-widget elementor-widget-text-editor\" data-id=\"7e40ce1\" data-element_type=\"widget\" data-e-type=\"widget\" data-widget_type=\"text-editor.default\">\n\t\t\t\t<div class=\"elementor-widget-container\">\n\t\t\t\t\t\t\t\t\t<p><strong>Fossil-based packaging contributes significantly to environmental pollution<\/strong>, as they account for 40 % of global plastic use. Materials of fossil origin such as plastic wrapping or polystyrene foams are widely used today as padding and insulating materials in packaging. With Fibrease and Papira <a href=\"https:\/\/packaging-journal.de\/?s=stora+enso\" target=\"_blank\" rel=\"noopener\">Stora Enso<\/a> now <strong>Renewable and climate-friendly alternatives to fossil-based packaging protection<\/strong> in. The <strong>bio-based foams are made from certified wood<\/strong> and can be recycled in paper recycling streams.<\/p><div class=\"packa-in-post-alle\" style=\"text-align: center;\" id=\"packa-2826202522\"><div id=\"packa-3795026545\"><a data-no-instant=\"1\" href=\"https:\/\/packaging-journal.de\/en\/newsletter\/\" rel=\"noopener\" class=\"a2t-link\" target=\"_blank\" aria-label=\"PJ Self-promotion English 03\"><!--noptimize--><img src=\"https:\/\/packaging-journal.de\/wp-content\/uploads\/2026\/01\/PJ-Eigenwerbung-English-03.png\" alt=\"\"  srcset=\"https:\/\/packaging-journal.de\/wp-content\/uploads\/2026\/01\/PJ-Eigenwerbung-English-03.png 840w, https:\/\/packaging-journal.de\/wp-content\/uploads\/2026\/01\/PJ-Eigenwerbung-English-03-300x75.png 300w, https:\/\/packaging-journal.de\/wp-content\/uploads\/2026\/01\/PJ-Eigenwerbung-English-03-768x192.png 768w, https:\/\/packaging-journal.de\/wp-content\/uploads\/2026\/01\/PJ-Eigenwerbung-English-03-18x5.png 18w, https:\/\/packaging-journal.de\/wp-content\/uploads\/2026\/01\/PJ-Eigenwerbung-English-03-332x83.png 332w, https:\/\/packaging-journal.de\/wp-content\/uploads\/2026\/01\/PJ-Eigenwerbung-English-03-664x166.png 664w, https:\/\/packaging-journal.de\/wp-content\/uploads\/2026\/01\/PJ-Eigenwerbung-English-03-688x172.png 688w\" sizes=\"(max-width: 840px) 100vw, 840px\" width=\"840\" height=\"210\"  style=\" max-width: 100%; height: auto;\" \/><!--\/noptimize--><\/a><\/div><\/div>\t\t\t\t\t\t\t\t<\/div>\n\t\t\t\t<\/div>\n\t\t\t\t<div class=\"elementor-element elementor-element-5fc2233 exad-sticky-section-no exad-glass-effect-no elementor-widget elementor-widget-text-editor\" data-id=\"5fc2233\" data-element_type=\"widget\" data-e-type=\"widget\" data-widget_type=\"text-editor.default\">\n\t\t\t\t<div class=\"elementor-widget-container\">\n\t\t\t\t\t\t\t\t\t<blockquote><p>\u201eToday's consumers are pushing to minimise plastic use and maximise recyclability. At the same time <strong>the need for packaging protection is increasing due to growing requirements in e-commerce and cold chain logistics<\/strong>. We help customers with our bio-based foams, <strong>Environmentally friendly and recyclable packaging solutions<\/strong> that also fulfil the performance requirements of the material in order to ultimately protect and insulate the goods.\u201c<\/p><p><strong>Markus Mannstr\u00f6m<\/strong>, EVP Biomaterials at Stora Enso<\/p><\/blockquote><p>Stora Enso's new pilot plant is intended to make Papira <strong>Evaluate and validate packaging foam in customer test runs<\/strong>. <a href=\"https:\/\/www.storaenso.com\/en\" target=\"_blank\" rel=\"noopener\">Stora Ensos<\/a> The Fors site in Sweden, where the pilot plant for Papira is located, produces lightweight cardboard grades for consumer packaging.<\/p><p><em>Source:\u00a0<\/em>Stora Enso<\/p><div id=\"packa-1738531243\" class=\"packa-inhalt\"><!--noptimize--><script async src=\"https:\/\/pagead2.googlesyndication.com\/pagead\/js\/adsbygoogle.js?client=ca-pub-2686439340972671\" crossorigin=\"anonymous\"><\/script>\r\n<ins class=\"adsbygoogle\" style=\"display:block;text-align:center\" data-ad-layout=\"in-article\" data-ad-format=\"fluid\" data-ad-client=\"ca-pub-2686439340972671\" data-ad-slot=\"6171251825\"><\/ins>\r\n<script>\r\n     (adsbygoogle = window.adsbygoogle || []).push({});\r\n<\/script><!--\/noptimize--><\/div>\t\t\t\t\t\t\t\t<\/div>\n\t\t\t\t<\/div>\n\t\t\t\t<div class=\"elementor-element elementor-element-9f17241 elementor-widget-divider--view-line exad-sticky-section-no exad-glass-effect-no elementor-widget elementor-widget-divider\" data-id=\"9f17241\" data-element_type=\"widget\" data-e-type=\"widget\" data-widget_type=\"divider.default\">\n\t\t\t\t<div class=\"elementor-widget-container\">\n\t\t\t\t\t\t\t<div class=\"elementor-divider\">\n\t\t\t<span class=\"elementor-divider-separator\">\n\t\t\t\t\t\t<\/span>\n\t\t<\/div>\n\t\t\t\t\t\t<\/div>\n\t\t\t\t<\/div>\n\t\t\t\t\t<\/div>\n\t\t<\/div>\n\t\t\t\t\t<\/div>\n\t\t<\/section>\n\t\t\t\t<section data-exad-particle-enable=\"false\" class=\"elementor-section elementor-top-section elementor-element elementor-element-1064b0ca elementor-section-boxed elementor-section-height-default elementor-section-height-default exad-parallax-effect-no exad-background-color-change-no exad-glass-effect-no exad-sticky-section-no\" data-id=\"1064b0ca\" data-element_type=\"section\" data-e-type=\"section\" data-settings=\"{&quot;background_background&quot;:&quot;classic&quot;}\">\n\t\t\t\t\t\t<div class=\"elementor-container elementor-column-gap-default\">\n\t\t\t\t\t<div class=\"elementor-column elementor-col-100 elementor-top-column elementor-element elementor-element-7df11d4a exad-glass-effect-no exad-sticky-section-no\" data-id=\"7df11d4a\" data-element_type=\"column\" data-e-type=\"column\">\n\t\t\t<div class=\"elementor-widget-wrap elementor-element-populated\">\n\t\t\t\t\t\t<div class=\"elementor-element elementor-element-4227aade exad-sticky-section-no exad-glass-effect-no elementor-widget elementor-widget-heading\" data-id=\"4227aade\" data-element_type=\"widget\" data-e-type=\"widget\" data-widget_type=\"heading.default\">\n\t\t\t\t<div class=\"elementor-widget-container\">\n\t\t\t\t\t<h2 class=\"elementor-heading-title elementor-size-default\">Stora Enso - More news<\/h2>\t\t\t\t<\/div>\n\t\t\t\t<\/div>\n\t\t\t\t<div class=\"elementor-element elementor-element-552634e2 elementor-grid-3 elementor-grid-tablet-2 elementor-grid-mobile-1 elementor-posts--thumbnail-top elementor-posts__hover-gradient exad-sticky-section-no exad-glass-effect-no elementor-widget elementor-widget-posts\" data-id=\"552634e2\" data-element_type=\"widget\" data-e-type=\"widget\" data-settings=\"{&quot;cards_row_gap&quot;:{&quot;unit&quot;:&quot;px&quot;,&quot;size&quot;:38,&quot;sizes&quot;:[]},&quot;cards_columns&quot;:&quot;3&quot;,&quot;cards_columns_tablet&quot;:&quot;2&quot;,&quot;cards_columns_mobile&quot;:&quot;1&quot;,&quot;cards_row_gap_tablet&quot;:{&quot;unit&quot;:&quot;px&quot;,&quot;size&quot;:&quot;&quot;,&quot;sizes&quot;:[]},&quot;cards_row_gap_mobile&quot;:{&quot;unit&quot;:&quot;px&quot;,&quot;size&quot;:&quot;&quot;,&quot;sizes&quot;:[]}}\" data-widget_type=\"posts.cards\">\n\t\t\t\t<div class=\"elementor-widget-container\">\n\t\t\t\t\t\t\t<div class=\"elementor-posts-container elementor-posts elementor-posts--skin-cards elementor-grid\" role=\"list\">\n\t\t\t\t<article class=\"elementor-post elementor-grid-item post-108454 post type-post status-publish format-standard has-post-thumbnail category-aus-den-unternehmen-news tag-aus-den-unternehmen tag-finnland tag-packmittel-und-packstoffe tag-papier-pappe-karton tag-stora-enso cs-entry cs-video-wrap\" role=\"listitem\">\n\t\t\t<div class=\"elementor-post__card\">\n\t\t\t\t<a class=\"elementor-post__thumbnail__link\" href=\"https:\/\/packaging-journal.de\/en\/stora-enso-steigert-umsatz-leicht\/\" tabindex=\"-1\"><div class=\"elementor-post__thumbnail\"><img decoding=\"async\" width=\"300\" height=\"163\" src=\"https:\/\/packaging-journal.de\/wp-content\/uploads\/2025\/10\/Werk-Oulu-300x163.jpg\" class=\"attachment-medium size-medium wp-image-108457\" alt=\"\" srcset=\"https:\/\/packaging-journal.de\/wp-content\/uploads\/2025\/10\/Werk-Oulu-300x163.jpg 300w, https:\/\/packaging-journal.de\/wp-content\/uploads\/2025\/10\/Werk-Oulu-1024x555.jpg 1024w, https:\/\/packaging-journal.de\/wp-content\/uploads\/2025\/10\/Werk-Oulu-768x416.jpg 768w, https:\/\/packaging-journal.de\/wp-content\/uploads\/2025\/10\/Werk-Oulu-18x10.jpg 18w, https:\/\/packaging-journal.de\/wp-content\/uploads\/2025\/10\/Werk-Oulu.jpg 1200w\" sizes=\"(max-width: 300px) 100vw, 300px\" \/><\/div><\/a>\n\t\t\t\t<div class=\"elementor-post__text\">\n\t\t\t\t<h3 class=\"elementor-post__title\">\n\t\t\t<a href=\"https:\/\/packaging-journal.de\/en\/stora-enso-steigert-umsatz-leicht\/\">\n\t\t\t\tStora Enso increases sales slightly\t\t\t<\/a>\n\t\t<\/h3>\n\t\t\t\t<div class=\"elementor-post__excerpt\">\n\t\t\tSales in the Packaging Materials segment declined.\t\t<\/div>\n\t\t\n\t\t<a class=\"elementor-post__read-more\" href=\"https:\/\/packaging-journal.de\/en\/stora-enso-steigert-umsatz-leicht\/\" aria-label=\"Read more about Stora Enso steigert Umsatz leicht\" tabindex=\"-1\">\n\t\t\tRead more \"\t\t<\/a>\n\n\t\t\t\t<\/div>\n\t\t\t\t\t<\/div>\n\t\t<\/article>\n\t\t\t\t<article class=\"elementor-post elementor-grid-item post-105941 post type-post status-publish format-standard has-post-thumbnail category-aus-den-unternehmen-news tag-finnland tag-getraenke tag-lebensmittel tag-packmittel-und-packstoffe tag-papier-pappe-karton tag-stora-enso cs-entry cs-video-wrap\" role=\"listitem\">\n\t\t\t<div class=\"elementor-post__card\">\n\t\t\t\t<a class=\"elementor-post__thumbnail__link\" href=\"https:\/\/packaging-journal.de\/en\/stora-enso-eroeffnet-neue-linie-in-oulu\/\" tabindex=\"-1\"><div class=\"elementor-post__thumbnail\"><img decoding=\"async\" width=\"300\" height=\"163\" src=\"https:\/\/packaging-journal.de\/wp-content\/uploads\/2025\/08\/Stora-Enso-300x163.jpg\" class=\"attachment-medium size-medium wp-image-105942\" alt=\"\" srcset=\"https:\/\/packaging-journal.de\/wp-content\/uploads\/2025\/08\/Stora-Enso-300x163.jpg 300w, https:\/\/packaging-journal.de\/wp-content\/uploads\/2025\/08\/Stora-Enso-1024x555.jpg 1024w, https:\/\/packaging-journal.de\/wp-content\/uploads\/2025\/08\/Stora-Enso-768x416.jpg 768w, https:\/\/packaging-journal.de\/wp-content\/uploads\/2025\/08\/Stora-Enso-18x10.jpg 18w, https:\/\/packaging-journal.de\/wp-content\/uploads\/2025\/08\/Stora-Enso.jpg 1200w\" sizes=\"(max-width: 300px) 100vw, 300px\" \/><\/div><\/a>\n\t\t\t\t<div class=\"elementor-post__text\">\n\t\t\t\t<h3 class=\"elementor-post__title\">\n\t\t\t<a href=\"https:\/\/packaging-journal.de\/en\/stora-enso-eroeffnet-neue-linie-in-oulu\/\">\n\t\t\t\tStora Enso opens new line in Oulu\t\t\t<\/a>\n\t\t<\/h3>\n\t\t\t\t<div class=\"elementor-post__excerpt\">\n\t\t\tThe new production line is expected to reach its full capacity of 750,000 tonnes of cardboard by 2027. Annual turnover is then estimated at around 800 million euros.\t\t<\/div>\n\t\t\n\t\t<a class=\"elementor-post__read-more\" href=\"https:\/\/packaging-journal.de\/en\/stora-enso-eroeffnet-neue-linie-in-oulu\/\" aria-label=\"Read more about Stora Enso opens new line in Oulu\" tabindex=\"-1\">\n\t\t\tRead more \"\t\t<\/a>\n\n\t\t\t\t<\/div>\n\t\t\t\t\t<\/div>\n\t\t<\/article>\n\t\t\t\t<article class=\"elementor-post elementor-grid-item post-87818 post type-post status-publish format-standard has-post-thumbnail category-messen-und-veranstaltungen tag-abfalltechnik-und-recycling tag-biokunststoffe tag-coveris tag-koelnmesse tag-monta tag-nachhaltigkeit-und-green-packaging tag-packmittel-und-packstoffe tag-papier-pappe-karton tag-sappi-europe tag-sti-group tag-stora-enso tag-the-greener-manufacturing-show cs-entry cs-video-wrap\" role=\"listitem\">\n\t\t\t<div class=\"elementor-post__card\">\n\t\t\t\t<a class=\"elementor-post__thumbnail__link\" href=\"https:\/\/packaging-journal.de\/en\/gruene-loesungen-fuer-die-verpackungsbranche\/\" tabindex=\"-1\"><div class=\"elementor-post__thumbnail\"><img loading=\"lazy\" decoding=\"async\" width=\"300\" height=\"163\" src=\"https:\/\/packaging-journal.de\/wp-content\/uploads\/2023\/11\/messe-koeln-300x163.jpg\" class=\"attachment-medium size-medium wp-image-87823\" alt=\"Exhibitors and visitors came together in Cologne for The Greener Manufacturing Show and the Plastic Waste Free World Conference &amp; Expo.\" srcset=\"https:\/\/packaging-journal.de\/wp-content\/uploads\/2023\/11\/messe-koeln-300x163.jpg 300w, https:\/\/packaging-journal.de\/wp-content\/uploads\/2023\/11\/messe-koeln-1024x555.jpg 1024w, https:\/\/packaging-journal.de\/wp-content\/uploads\/2023\/11\/messe-koeln-768x416.jpg 768w, https:\/\/packaging-journal.de\/wp-content\/uploads\/2023\/11\/messe-koeln.jpg 1200w\" sizes=\"(max-width: 300px) 100vw, 300px\" \/><\/div><\/a>\n\t\t\t\t<div class=\"elementor-post__text\">\n\t\t\t\t<h3 class=\"elementor-post__title\">\n\t\t\t<a href=\"https:\/\/packaging-journal.de\/en\/gruene-loesungen-fuer-die-verpackungsbranche\/\">\n\t\t\t\tGreen solutions for the packaging industry\t\t\t<\/a>\n\t\t<\/h3>\n\t\t\t\t<div class=\"elementor-post__excerpt\">\n\t\t\tIn November, exhibitors presented their solutions and ideas for bioplastics and fibre-based packaging at the trade fair duo in Cologne.\t\t<\/div>\n\t\t\n\t\t<a class=\"elementor-post__read-more\" href=\"https:\/\/packaging-journal.de\/en\/gruene-loesungen-fuer-die-verpackungsbranche\/\" aria-label=\"Read more about Green solutions for the packaging industry\" tabindex=\"-1\">\n\t\t\tRead more \"\t\t<\/a>\n\n\t\t\t\t<\/div>\n\t\t\t\t\t<\/div>\n\t\t<\/article>\n\t\t\t\t<article class=\"elementor-post elementor-grid-item post-85763 post type-post status-publish format-standard has-post-thumbnail category-personen tag-aus-den-unternehmen tag-papier-pappe-karton tag-personen tag-persoenlich tag-stora-enso cs-entry cs-video-wrap\" role=\"listitem\">\n\t\t\t<div class=\"elementor-post__card\">\n\t\t\t\t<a class=\"elementor-post__thumbnail__link\" href=\"https:\/\/packaging-journal.de\/en\/neuer-ceo-bei-stora-enso\/\" tabindex=\"-1\"><div class=\"elementor-post__thumbnail\"><img loading=\"lazy\" decoding=\"async\" width=\"300\" height=\"163\" src=\"https:\/\/packaging-journal.de\/wp-content\/uploads\/2023\/09\/Hans-sohlstroem-stora-enso-300x163.jpg\" class=\"attachment-medium size-medium wp-image-85767\" alt=\"Hans Solhstr\u00f6m is the new CEO of Stora Enso\" srcset=\"https:\/\/packaging-journal.de\/wp-content\/uploads\/2023\/09\/Hans-sohlstroem-stora-enso-300x163.jpg 300w, https:\/\/packaging-journal.de\/wp-content\/uploads\/2023\/09\/Hans-sohlstroem-stora-enso-1024x555.jpg 1024w, https:\/\/packaging-journal.de\/wp-content\/uploads\/2023\/09\/Hans-sohlstroem-stora-enso-768x416.jpg 768w, https:\/\/packaging-journal.de\/wp-content\/uploads\/2023\/09\/Hans-sohlstroem-stora-enso.jpg 1200w\" sizes=\"(max-width: 300px) 100vw, 300px\" \/><\/div><\/a>\n\t\t\t\t<div class=\"elementor-post__text\">\n\t\t\t\t<h3 class=\"elementor-post__title\">\n\t\t\t<a href=\"https:\/\/packaging-journal.de\/en\/neuer-ceo-bei-stora-enso\/\">\n\t\t\t\tNew CEO at Stora Enso\t\t\t<\/a>\n\t\t<\/h3>\n\t\t\t\t<div class=\"elementor-post__excerpt\">\n\t\t\tThere has been a change at the top of Stora Enso. Hans Sohlstr\u00f6m is the new CEO and President and is leaving the Board of Directors.\t\t<\/div>\n\t\t\n\t\t<a class=\"elementor-post__read-more\" href=\"https:\/\/packaging-journal.de\/en\/neuer-ceo-bei-stora-enso\/\" aria-label=\"Read more about New CEO at Stora Enso\" tabindex=\"-1\">\n\t\t\tRead more \"\t\t<\/a>\n\n\t\t\t\t<\/div>\n\t\t\t\t\t<\/div>\n\t\t<\/article>\n\t\t\t\t<article class=\"elementor-post elementor-grid-item post-82022 post type-post status-publish format-standard has-post-thumbnail category-aus-den-unternehmen-news tag-abfalltechnik-und-recycling tag-getraenke tag-nachhaltigkeit-und-green-packaging tag-packmittel-und-packstoffe tag-papier-pappe-karton tag-stora-enso tag-tetra-pak cs-entry cs-video-wrap\" role=\"listitem\">\n\t\t\t<div class=\"elementor-post__card\">\n\t\t\t\t<a class=\"elementor-post__thumbnail__link\" href=\"https:\/\/packaging-journal.de\/en\/recyclingkapazitaeten-getraenkekartons-polen\/\" tabindex=\"-1\"><div class=\"elementor-post__thumbnail\"><img loading=\"lazy\" decoding=\"async\" width=\"300\" height=\"163\" src=\"https:\/\/packaging-journal.de\/wp-content\/uploads\/2023\/06\/stora-enso-tetra-pak-recycling-kartons-300x163.jpg\" class=\"attachment-medium size-medium wp-image-82026\" alt=\"Stora Enso and Tetra Pak invest in a recycling plant for beverage cartons in Poland\" srcset=\"https:\/\/packaging-journal.de\/wp-content\/uploads\/2023\/06\/stora-enso-tetra-pak-recycling-kartons-300x163.jpg 300w, https:\/\/packaging-journal.de\/wp-content\/uploads\/2023\/06\/stora-enso-tetra-pak-recycling-kartons-1024x555.jpg 1024w, https:\/\/packaging-journal.de\/wp-content\/uploads\/2023\/06\/stora-enso-tetra-pak-recycling-kartons-768x416.jpg 768w, https:\/\/packaging-journal.de\/wp-content\/uploads\/2023\/06\/stora-enso-tetra-pak-recycling-kartons.jpg 1200w\" sizes=\"(max-width: 300px) 100vw, 300px\" \/><\/div><\/a>\n\t\t\t\t<div class=\"elementor-post__text\">\n\t\t\t\t<h3 class=\"elementor-post__title\">\n\t\t\t<a href=\"https:\/\/packaging-journal.de\/en\/recyclingkapazitaeten-getraenkekartons-polen\/\">\n\t\t\t\tMore recycling capacity for beverage cartons\t\t\t<\/a>\n\t\t<\/h3>\n\t\t\t\t<div class=\"elementor-post__excerpt\">\n\t\t\tStora Enso and Tetra Pak have invested in a recycling plant in Poland with the aim of increasing recycling capacity for beverage cartons.\t\t<\/div>\n\t\t\n\t\t<a class=\"elementor-post__read-more\" href=\"https:\/\/packaging-journal.de\/en\/recyclingkapazitaeten-getraenkekartons-polen\/\" aria-label=\"Read more about More recycling capacity for beverage cartons\" tabindex=\"-1\">\n\t\t\tRead more \"\t\t<\/a>\n\n\t\t\t\t<\/div>\n\t\t\t\t\t<\/div>\n\t\t<\/article>\n\t\t\t\t<article class=\"elementor-post elementor-grid-item post-79047 post type-post status-publish format-standard has-post-thumbnail category-allgemein tag-english tag-stora-enso cs-entry cs-video-wrap\" role=\"listitem\">\n\t\t\t<div class=\"elementor-post__card\">\n\t\t\t\t<a class=\"elementor-post__thumbnail__link\" href=\"https:\/\/packaging-journal.de\/en\/fresh-food-packaging-with-low-plastic-content\/\" tabindex=\"-1\"><div class=\"elementor-post__thumbnail\"><img loading=\"lazy\" decoding=\"async\" width=\"300\" height=\"163\" src=\"https:\/\/packaging-journal.de\/wp-content\/uploads\/2023\/04\/stora-enso-trayform-barrpeel-1-300x163.jpg\" class=\"attachment-medium size-medium wp-image-79051\" alt=\"The plastic film of Trayforma BarrPeel from Stora Enso is easy to peel off from the cardboard packaging.\" srcset=\"https:\/\/packaging-journal.de\/wp-content\/uploads\/2023\/04\/stora-enso-trayform-barrpeel-1-300x163.jpg 300w, https:\/\/packaging-journal.de\/wp-content\/uploads\/2023\/04\/stora-enso-trayform-barrpeel-1-1024x555.jpg 1024w, https:\/\/packaging-journal.de\/wp-content\/uploads\/2023\/04\/stora-enso-trayform-barrpeel-1-768x416.jpg 768w, https:\/\/packaging-journal.de\/wp-content\/uploads\/2023\/04\/stora-enso-trayform-barrpeel-1.jpg 1200w\" sizes=\"(max-width: 300px) 100vw, 300px\" \/><\/div><\/a>\n\t\t\t\t<div class=\"elementor-post__text\">\n\t\t\t\t<h3 class=\"elementor-post__title\">\n\t\t\t<a href=\"https:\/\/packaging-journal.de\/en\/fresh-food-packaging-with-low-plastic-content\/\">\n\t\t\t\tFresh food packaging with low plastic content\t\t\t<\/a>\n\t\t<\/h3>\n\t\t\t\t<div class=\"elementor-post__excerpt\">\n\t\t\tStora Enso launches Trayforma BarrPeel, an easy-peel board material for vacuum skin packaging for fresh food with minimum plastic content.\t\t<\/div>\n\t\t\n\t\t<a class=\"elementor-post__read-more\" href=\"https:\/\/packaging-journal.de\/en\/fresh-food-packaging-with-low-plastic-content\/\" aria-label=\"Read more about Fresh food packaging with low plastic content\" tabindex=\"-1\">\n\t\t\tRead more \"\t\t<\/a>\n\n\t\t\t\t<\/div>\n\t\t\t\t\t<\/div>\n\t\t<\/article>\n\t\t\t\t<\/div>\n\t\t\n\t\t\t\t\t\t<\/div>\n\t\t\t\t<\/div>\n\t\t\t\t\t<\/div>\n\t\t<\/div>\n\t\t\t\t\t<\/div>\n\t\t<\/section>\n\t\t\t\t<\/div>","protected":false},"excerpt":{"rendered":"Stora Enso is introducing a new bio-based packaging foam to avoid the use of fossil packaging materials. The renewable and climate-friendly packaging solution is particularly suitable for thermal packaging of temperature-sensitive products.","protected":false},"author":1,"featured_media":52849,"comment_status":"closed","ping_status":"closed","sticky":false,"template":"","format":"standard","meta":{"_acf_changed":false,"__cvm_playback_settings":[],"__cvm_video_id":"","rank_math_description":"Stora Enso f\u00fchrt eine erneuerbare und klimafreundliche L\u00f6sung f\u00fcr Thermoverpackungen ein: biobasierten Verpackungsschaumstoff.","rank_math_focus_keyword":"Stora Enso","rank_math_title":"Stora Enso setzt biobasierten Verpackungsschaumstoff ein","csco_display_header_overlay":false,"csco_singular_sidebar":"","csco_page_header_type":"","csco_page_load_nextpost":"","csco_post_video_location":[],"csco_post_video_location_hash":"","csco_post_video_url":"","csco_post_video_bg_start_time":0,"csco_post_video_bg_end_time":0,"footnotes":"","_links_to":"","_links_to_target":""},"categories":[114],"tags":[21745,38,31,58747,58907],"class_list":{"0":"post-52847","1":"post","2":"type-post","3":"status-publish","4":"format-standard","5":"has-post-thumbnail","7":"category-aus-den-unternehmen-news","8":"tag-e-commerce","9":"tag-lebensmittel","10":"tag-nachhaltigkeit-und-green-packaging","11":"tag-stora-enso","12":"tag-versandverpackung","13":"cs-entry","14":"cs-video-wrap"},"acf":[],"vimeo_video":null,"_links":{"self":[{"href":"https:\/\/packaging-journal.de\/en\/wp-json\/wp\/v2\/posts\/52847","targetHints":{"allow":["GET"]}}],"collection":[{"href":"https:\/\/packaging-journal.de\/en\/wp-json\/wp\/v2\/posts"}],"about":[{"href":"https:\/\/packaging-journal.de\/en\/wp-json\/wp\/v2\/types\/post"}],"author":[{"embeddable":true,"href":"https:\/\/packaging-journal.de\/en\/wp-json\/wp\/v2\/users\/1"}],"replies":[{"embeddable":true,"href":"https:\/\/packaging-journal.de\/en\/wp-json\/wp\/v2\/comments?post=52847"}],"version-history":[{"count":0,"href":"https:\/\/packaging-journal.de\/en\/wp-json\/wp\/v2\/posts\/52847\/revisions"}],"wp:featuredmedia":[{"embeddable":true,"href":"https:\/\/packaging-journal.de\/en\/wp-json\/wp\/v2\/media\/52849"}],"wp:attachment":[{"href":"https:\/\/packaging-journal.de\/en\/wp-json\/wp\/v2\/media?parent=52847"}],"wp:term":[{"taxonomy":"category","embeddable":true,"href":"https:\/\/packaging-journal.de\/en\/wp-json\/wp\/v2\/categories?post=52847"},{"taxonomy":"post_tag","embeddable":true,"href":"https:\/\/packaging-journal.de\/en\/wp-json\/wp\/v2\/tags?post=52847"}],"curies":[{"name":"wp","href":"https:\/\/api.w.org\/{rel}","templated":true}]}}