{"id":52858,"date":"2021-11-30T11:20:32","date_gmt":"2021-11-30T10:20:32","guid":{"rendered":"https:\/\/packaging-journal.de\/?p=52858"},"modified":"2021-11-30T10:55:29","modified_gmt":"2021-11-30T09:55:29","slug":"shell-sealing-with-solution-from-ishida","status":"publish","type":"post","link":"https:\/\/packaging-journal.de\/en\/schalenversieglung-mit-loesung-von-ishida\/","title":{"rendered":"New tray sealing solution from Ishida"},"content":{"rendered":"<div data-elementor-type=\"wp-post\" data-elementor-id=\"52858\" class=\"elementor elementor-52858\" data-elementor-post-type=\"post\">\n\t\t\t\t\t\t<section data-exad-particle-enable=\"false\" class=\"elementor-section elementor-top-section elementor-element elementor-element-111eddc elementor-section-boxed elementor-section-height-default elementor-section-height-default exad-parallax-effect-no exad-background-color-change-no exad-glass-effect-no exad-sticky-section-no\" data-id=\"111eddc\" data-element_type=\"section\" data-e-type=\"section\">\n\t\t\t\t\t\t<div class=\"elementor-container elementor-column-gap-default\">\n\t\t\t\t\t<div class=\"elementor-column elementor-col-100 elementor-top-column elementor-element elementor-element-90f1978 exad-glass-effect-no exad-sticky-section-no\" data-id=\"90f1978\" data-element_type=\"column\" data-e-type=\"column\">\n\t\t\t<div class=\"elementor-widget-wrap elementor-element-populated\">\n\t\t\t\t\t\t<div class=\"elementor-element elementor-element-da7e72c exad-sticky-section-no exad-glass-effect-no elementor-widget elementor-widget-text-editor\" data-id=\"da7e72c\" data-element_type=\"widget\" data-e-type=\"widget\" data-widget_type=\"text-editor.default\">\n\t\t\t\t<div class=\"elementor-widget-container\">\n\t\t\t\t\t\t\t\t\t<p><strong>Ishida presents a new development. The QX-900-Flex traysealer fulfils the market demand for a compact, high-performance solution for tray sealing. It maximises output, capacity and flexibility in medium to high volume production lines.<\/strong><\/p>\t\t\t\t\t\t\t\t<\/div>\n\t\t\t\t<\/div>\n\t\t\t\t<div class=\"elementor-element elementor-element-3d07ea1 exad-sticky-section-no exad-glass-effect-no elementor-widget elementor-widget-text-editor\" data-id=\"3d07ea1\" data-element_type=\"widget\" data-e-type=\"widget\" data-widget_type=\"text-editor.default\">\n\t\t\t\t<div class=\"elementor-widget-container\">\n\t\t\t\t\t\t\t\t\t<p>The Ishida QX-900-Flex traysealer achieves a <strong>Speed of up to 15 cycles per minute<\/strong>, what a <strong>Output of up to 105 trays<\/strong> is made possible. During tray sealing, packaging in a wide range of formats with and without inert gas as well as a variety of materials such as recycled or recyclable cardboard, mono plastic and the latest variants of Skinpack and Skin on Board are processed.<\/p>\t\t\t\t\t\t\t\t<\/div>\n\t\t\t\t<\/div>\n\t\t\t\t<div class=\"elementor-element elementor-element-d5bfe5b exad-sticky-section-no exad-glass-effect-no elementor-widget elementor-widget-image\" data-id=\"d5bfe5b\" data-element_type=\"widget\" data-e-type=\"widget\" data-widget_type=\"image.default\">\n\t\t\t\t<div class=\"elementor-widget-container\">\n\t\t\t\t\t\t\t\t\t\t\t\t<figure class=\"wp-caption\">\n\t\t\t\t\t\t\t\t\t\t<img fetchpriority=\"high\" decoding=\"async\" width=\"1024\" height=\"563\" src=\"https:\/\/packaging-journal.de\/wp-content\/uploads\/2021\/11\/QX-900-angle-PR-shot_\u00a9Ishida-1024x563.jpg\" class=\"attachment-large size-large wp-image-52873\" alt=\"The new QX-99-Fle from Ishida simplifies tray sealing.\" srcset=\"https:\/\/packaging-journal.de\/wp-content\/uploads\/2021\/11\/QX-900-angle-PR-shot_\u00a9Ishida-1024x563.jpg 1024w, https:\/\/packaging-journal.de\/wp-content\/uploads\/2021\/11\/QX-900-angle-PR-shot_\u00a9Ishida-300x165.jpg 300w, https:\/\/packaging-journal.de\/wp-content\/uploads\/2021\/11\/QX-900-angle-PR-shot_\u00a9Ishida-768x422.jpg 768w, https:\/\/packaging-journal.de\/wp-content\/uploads\/2021\/11\/QX-900-angle-PR-shot_\u00a9Ishida-1536x845.jpg 1536w, https:\/\/packaging-journal.de\/wp-content\/uploads\/2021\/11\/QX-900-angle-PR-shot_\u00a9Ishida-120x67.jpg 120w, https:\/\/packaging-journal.de\/wp-content\/uploads\/2021\/11\/QX-900-angle-PR-shot_\u00a9Ishida-1320x726.jpg 1320w, https:\/\/packaging-journal.de\/wp-content\/uploads\/2021\/11\/QX-900-angle-PR-shot_\u00a9Ishida-600x330.jpg 600w, https:\/\/packaging-journal.de\/wp-content\/uploads\/2021\/11\/QX-900-angle-PR-shot_\u00a9Ishida.jpg 2000w\" sizes=\"(max-width: 1024px) 100vw, 1024px\" \/>\t\t\t\t\t\t\t\t\t\t\t<figcaption class=\"widget-image-caption wp-caption-text\">The new QX-900-Flex traysealer offers high performance in a small space. (Image: Ishida)<\/figcaption>\n\t\t\t\t\t\t\t\t\t\t<\/figure>\n\t\t\t\t\t\t\t\t\t<\/div>\n\t\t\t\t<\/div>\n\t\t\t\t<div class=\"elementor-element elementor-element-1dcf955 exad-sticky-section-no exad-glass-effect-no elementor-widget elementor-widget-heading\" data-id=\"1dcf955\" data-element_type=\"widget\" data-e-type=\"widget\" data-widget_type=\"heading.default\">\n\t\t\t\t<div class=\"elementor-widget-container\">\n\t\t\t\t\t<h2 class=\"elementor-heading-title elementor-size-default\">Space-saving extension for tray sealing<\/h2>\t\t\t\t<\/div>\n\t\t\t\t<\/div>\n\t\t\t\t<div class=\"elementor-element elementor-element-ba6cd18 exad-sticky-section-no exad-glass-effect-no elementor-widget elementor-widget-text-editor\" data-id=\"ba6cd18\" data-element_type=\"widget\" data-e-type=\"widget\" data-widget_type=\"text-editor.default\">\n\t\t\t\t<div class=\"elementor-widget-container\">\n\t\t\t\t\t\t\t\t\t<p>Users can use the QX-900-Flex thanks to its <strong>space-saving dimensions<\/strong> as a stand-alone machine or as a component of a fully integrated packaging line. Up to four filling systems and a tray denester can be linked to the machine's control system. The very <strong>Controlled outlet simplifies the interface to downstream systems<\/strong>. A printer for batch and barcodes, production and expiry dates and price information can also be integrated.<\/p><div class=\"packa-in-post-alle\" style=\"text-align: center;\" id=\"packa-4158463390\"><div id=\"packa-4104816313\"><a data-no-instant=\"1\" href=\"https:\/\/packaging-journal.de\/en\/newsletter\/\" rel=\"noopener\" class=\"a2t-link\" target=\"_blank\" aria-label=\"PJ Self-promotion English 03\"><!--noptimize--><img src=\"https:\/\/packaging-journal.de\/wp-content\/uploads\/2026\/01\/PJ-Eigenwerbung-English-03.png\" alt=\"\"  srcset=\"https:\/\/packaging-journal.de\/wp-content\/uploads\/2026\/01\/PJ-Eigenwerbung-English-03.png 840w, https:\/\/packaging-journal.de\/wp-content\/uploads\/2026\/01\/PJ-Eigenwerbung-English-03-300x75.png 300w, https:\/\/packaging-journal.de\/wp-content\/uploads\/2026\/01\/PJ-Eigenwerbung-English-03-768x192.png 768w, https:\/\/packaging-journal.de\/wp-content\/uploads\/2026\/01\/PJ-Eigenwerbung-English-03-18x5.png 18w, https:\/\/packaging-journal.de\/wp-content\/uploads\/2026\/01\/PJ-Eigenwerbung-English-03-332x83.png 332w, https:\/\/packaging-journal.de\/wp-content\/uploads\/2026\/01\/PJ-Eigenwerbung-English-03-664x166.png 664w, https:\/\/packaging-journal.de\/wp-content\/uploads\/2026\/01\/PJ-Eigenwerbung-English-03-688x172.png 688w\" sizes=\"(max-width: 840px) 100vw, 840px\" width=\"840\" height=\"210\"  style=\" max-width: 100%; height: auto;\" \/><!--\/noptimize--><\/a><\/div><\/div>\t\t\t\t\t\t\t\t<\/div>\n\t\t\t\t<\/div>\n\t\t\t\t<div class=\"elementor-element elementor-element-cc21a4b exad-sticky-section-no exad-glass-effect-no elementor-widget elementor-widget-heading\" data-id=\"cc21a4b\" data-element_type=\"widget\" data-e-type=\"widget\" data-widget_type=\"heading.default\">\n\t\t\t\t<div class=\"elementor-widget-container\">\n\t\t\t\t\t<h2 class=\"elementor-heading-title elementor-size-default\">Simple tool change, quick product change<\/h2>\t\t\t\t<\/div>\n\t\t\t\t<\/div>\n\t\t\t\t<div class=\"elementor-element elementor-element-92b095f exad-sticky-section-no exad-glass-effect-no elementor-widget elementor-widget-text-editor\" data-id=\"92b095f\" data-element_type=\"widget\" data-e-type=\"widget\" data-widget_type=\"text-editor.default\">\n\t\t\t\t<div class=\"elementor-widget-container\">\n\t\t\t\t\t\t\t\t\t<p>Intelligent servo drives ensure controlled movements of the sealing mould in the QX-900-Flex traysealer. The exchange can be carried out by one operator using a mould trolley within 10 minutes. <strong>Product changes are lightning fast<\/strong> by calling up 99 presets. The robust and hygienic design of the machine enables complete cleaning, whereby the conveyor belts are simply removed. <a href=\"https:\/\/packaging-journal.de\/?s=ishida\" target=\"_blank\" rel=\"noopener\">Ishida<\/a> <strong>specifies the tools to meet individual customer requirements<\/strong> including external and internal foil cutting and the integration of peel-off tabs.<\/p>\n<p>Optionally available for the QX-900-Flex is an inert gas atmosphere analysis function with automatic switch-off in the event of incorrect mixing ratios. In addition, a mould head redundancy system enables defective sealing heads to be switched off during ongoing production. The traysealer then continues to work at reduced output and maintenance is carried out at the end of the shift.<\/p><div id=\"packa-2824931264\" class=\"packa-inhalt\"><!--noptimize--><script async src=\"https:\/\/pagead2.googlesyndication.com\/pagead\/js\/adsbygoogle.js?client=ca-pub-2686439340972671\" crossorigin=\"anonymous\"><\/script>\r\n<ins class=\"adsbygoogle\" style=\"display:block;text-align:center\" data-ad-layout=\"in-article\" data-ad-format=\"fluid\" data-ad-client=\"ca-pub-2686439340972671\" data-ad-slot=\"6171251825\"><\/ins>\r\n<script>\r\n     (adsbygoogle = window.adsbygoogle || []).push({});\r\n<\/script><!--\/noptimize--><\/div>\n<p><em>Source:&nbsp;<\/em><a href=\"https:\/\/www.ishidaeurope.com\/de\" target=\"_blank\" rel=\"noopener\">Ishida<\/a><\/p>\t\t\t\t\t\t\t\t<\/div>\n\t\t\t\t<\/div>\n\t\t\t\t<div class=\"elementor-element elementor-element-206ac1c elementor-widget-divider--view-line exad-sticky-section-no exad-glass-effect-no elementor-widget elementor-widget-divider\" data-id=\"206ac1c\" data-element_type=\"widget\" data-e-type=\"widget\" data-widget_type=\"divider.default\">\n\t\t\t\t<div class=\"elementor-widget-container\">\n\t\t\t\t\t\t\t<div class=\"elementor-divider\">\n\t\t\t<span class=\"elementor-divider-separator\">\n\t\t\t\t\t\t<\/span>\n\t\t<\/div>\n\t\t\t\t\t\t<\/div>\n\t\t\t\t<\/div>\n\t\t\t\t\t<\/div>\n\t\t<\/div>\n\t\t\t\t\t<\/div>\n\t\t<\/section>\n\t\t\t\t<section data-exad-particle-enable=\"false\" class=\"elementor-section elementor-top-section elementor-element elementor-element-7b19bef9 elementor-section-boxed elementor-section-height-default elementor-section-height-default exad-parallax-effect-no exad-background-color-change-no exad-glass-effect-no exad-sticky-section-no\" data-id=\"7b19bef9\" data-element_type=\"section\" data-e-type=\"section\" data-settings=\"{&quot;background_background&quot;:&quot;classic&quot;}\">\n\t\t\t\t\t\t<div class=\"elementor-container elementor-column-gap-default\">\n\t\t\t\t\t<div class=\"elementor-column elementor-col-100 elementor-top-column elementor-element elementor-element-145ceaaf exad-glass-effect-no exad-sticky-section-no\" data-id=\"145ceaaf\" data-element_type=\"column\" data-e-type=\"column\">\n\t\t\t<div class=\"elementor-widget-wrap elementor-element-populated\">\n\t\t\t\t\t\t<div class=\"elementor-element elementor-element-74737824 exad-sticky-section-no exad-glass-effect-no elementor-widget elementor-widget-heading\" data-id=\"74737824\" data-element_type=\"widget\" data-e-type=\"widget\" data-widget_type=\"heading.default\">\n\t\t\t\t<div class=\"elementor-widget-container\">\n\t\t\t\t\t<h2 class=\"elementor-heading-title elementor-size-default\">Ishida - More news<\/h2>\t\t\t\t<\/div>\n\t\t\t\t<\/div>\n\t\t\t\t<div class=\"elementor-element elementor-element-3bc644e8 elementor-grid-3 elementor-grid-tablet-2 elementor-grid-mobile-1 elementor-posts--thumbnail-top elementor-posts__hover-gradient exad-sticky-section-no exad-glass-effect-no elementor-widget elementor-widget-posts\" data-id=\"3bc644e8\" data-element_type=\"widget\" data-e-type=\"widget\" data-settings=\"{&quot;cards_row_gap&quot;:{&quot;unit&quot;:&quot;px&quot;,&quot;size&quot;:38,&quot;sizes&quot;:[]},&quot;cards_columns&quot;:&quot;3&quot;,&quot;cards_columns_tablet&quot;:&quot;2&quot;,&quot;cards_columns_mobile&quot;:&quot;1&quot;,&quot;cards_row_gap_tablet&quot;:{&quot;unit&quot;:&quot;px&quot;,&quot;size&quot;:&quot;&quot;,&quot;sizes&quot;:[]},&quot;cards_row_gap_mobile&quot;:{&quot;unit&quot;:&quot;px&quot;,&quot;size&quot;:&quot;&quot;,&quot;sizes&quot;:[]}}\" data-widget_type=\"posts.cards\">\n\t\t\t\t<div class=\"elementor-widget-container\">\n\t\t\t\t\t\t\t<div class=\"elementor-posts-container elementor-posts elementor-posts--skin-cards elementor-grid\" role=\"list\">\n\t\t\t\t<article class=\"elementor-post elementor-grid-item post-104480 post type-post status-publish format-standard has-post-thumbnail category-messen-und-veranstaltungen tag-fachpack tag-ishida tag-lebensmittel tag-qualitaetssicherung tag-veranstaltungen tag-verpackungstechnik tag-waegen-dosieren cs-entry cs-video-wrap\" role=\"listitem\">\n\t\t\t<div class=\"elementor-post__card\">\n\t\t\t\t<a class=\"elementor-post__thumbnail__link\" href=\"https:\/\/packaging-journal.de\/en\/neueste-anlagentechnik-fuer-die-letzten-prozessschritte-der-produktion\/\" tabindex=\"-1\"><div class=\"elementor-post__thumbnail\"><img decoding=\"async\" width=\"300\" height=\"163\" src=\"https:\/\/packaging-journal.de\/wp-content\/uploads\/2025\/07\/Ishida-Fachpack-300x163.jpg\" class=\"attachment-medium size-medium wp-image-104483\" alt=\"\" srcset=\"https:\/\/packaging-journal.de\/wp-content\/uploads\/2025\/07\/Ishida-Fachpack-300x163.jpg 300w, https:\/\/packaging-journal.de\/wp-content\/uploads\/2025\/07\/Ishida-Fachpack-1024x555.jpg 1024w, https:\/\/packaging-journal.de\/wp-content\/uploads\/2025\/07\/Ishida-Fachpack-768x416.jpg 768w, https:\/\/packaging-journal.de\/wp-content\/uploads\/2025\/07\/Ishida-Fachpack-18x10.jpg 18w, https:\/\/packaging-journal.de\/wp-content\/uploads\/2025\/07\/Ishida-Fachpack.jpg 1200w\" sizes=\"(max-width: 300px) 100vw, 300px\" \/><\/div><\/a>\n\t\t\t\t<div class=\"elementor-post__text\">\n\t\t\t\t<h3 class=\"elementor-post__title\">\n\t\t\t<a href=\"https:\/\/packaging-journal.de\/en\/neueste-anlagentechnik-fuer-die-letzten-prozessschritte-der-produktion\/\">\n\t\t\t\tThe latest system technology for the final process steps in production\t\t\t<\/a>\n\t\t<\/h3>\n\t\t\t\t<div class=\"elementor-post__excerpt\">\n\t\t\tEfficient and sustainable packaging, precise and fast weighing, reliable and production-integrated testing: These are Ishida's topics at Fachpack 2025.\t\t<\/div>\n\t\t\n\t\t<a class=\"elementor-post__read-more\" href=\"https:\/\/packaging-journal.de\/en\/neueste-anlagentechnik-fuer-die-letzten-prozessschritte-der-produktion\/\" aria-label=\"Read more about The latest system technology for the final process steps in production\" tabindex=\"-1\">\n\t\t\tRead more \"\t\t<\/a>\n\n\t\t\t\t<\/div>\n\t\t\t\t\t<\/div>\n\t\t<\/article>\n\t\t\t\t<article class=\"elementor-post elementor-grid-item post-102716 post type-post status-publish format-standard has-post-thumbnail category-verpackungstechnik tag-ishida tag-lebensmittel tag-verpackungstechnik cs-entry cs-video-wrap\" role=\"listitem\">\n\t\t\t<div class=\"elementor-post__card\">\n\t\t\t\t<a class=\"elementor-post__thumbnail__link\" href=\"https:\/\/packaging-journal.de\/en\/neuer-traysealer-von-ishida\/\" tabindex=\"-1\"><div class=\"elementor-post__thumbnail\"><img decoding=\"async\" width=\"300\" height=\"200\" src=\"https:\/\/packaging-journal.de\/wp-content\/uploads\/2025\/05\/QX-800-close-up-shot-with-pots-of-fruit-on-infeed-300x200.jpg\" class=\"attachment-medium size-medium wp-image-102720\" alt=\"\" srcset=\"https:\/\/packaging-journal.de\/wp-content\/uploads\/2025\/05\/QX-800-close-up-shot-with-pots-of-fruit-on-infeed-300x200.jpg 300w, https:\/\/packaging-journal.de\/wp-content\/uploads\/2025\/05\/QX-800-close-up-shot-with-pots-of-fruit-on-infeed-1024x683.jpg 1024w, https:\/\/packaging-journal.de\/wp-content\/uploads\/2025\/05\/QX-800-close-up-shot-with-pots-of-fruit-on-infeed-768x512.jpg 768w, https:\/\/packaging-journal.de\/wp-content\/uploads\/2025\/05\/QX-800-close-up-shot-with-pots-of-fruit-on-infeed.jpg 1200w\" sizes=\"(max-width: 300px) 100vw, 300px\" \/><\/div><\/a>\n\t\t\t\t<div class=\"elementor-post__text\">\n\t\t\t\t<h3 class=\"elementor-post__title\">\n\t\t\t<a href=\"https:\/\/packaging-journal.de\/en\/neuer-traysealer-von-ishida\/\">\n\t\t\t\tNew traysealer from Ishida\t\t\t<\/a>\n\t\t<\/h3>\n\t\t\t\t<div class=\"elementor-post__excerpt\">\n\t\t\tIshida is launching a new generation of traysealers onto the market with the QX-800. The machine combines high performance with a compact design, energy efficiency and versatility in terms of formats and materials.\t\t<\/div>\n\t\t\n\t\t<a class=\"elementor-post__read-more\" href=\"https:\/\/packaging-journal.de\/en\/neuer-traysealer-von-ishida\/\" aria-label=\"Read more about New traysealer from Ishida\" tabindex=\"-1\">\n\t\t\tRead more \"\t\t<\/a>\n\n\t\t\t\t<\/div>\n\t\t\t\t\t<\/div>\n\t\t<\/article>\n\t\t\t\t<article class=\"elementor-post elementor-grid-item post-101107 post type-post status-publish format-standard has-post-thumbnail category-verpackungstechnik tag-iffa tag-ishida tag-lebensmittel tag-news-express tag-qualitaetssicherung tag-waegen-dosieren cs-entry cs-video-wrap\" role=\"listitem\">\n\t\t\t<div class=\"elementor-post__card\">\n\t\t\t\t<a class=\"elementor-post__thumbnail__link\" href=\"https:\/\/packaging-journal.de\/en\/ishida-zeigt-lasertechnologie-gegen-leckagen\/\" tabindex=\"-1\"><div class=\"elementor-post__thumbnail\"><img loading=\"lazy\" decoding=\"async\" width=\"300\" height=\"163\" src=\"https:\/\/packaging-journal.de\/wp-content\/uploads\/2025\/04\/IFFA-Ishida-300x163.jpg\" class=\"attachment-medium size-medium wp-image-101108\" alt=\"\" srcset=\"https:\/\/packaging-journal.de\/wp-content\/uploads\/2025\/04\/IFFA-Ishida-300x163.jpg 300w, https:\/\/packaging-journal.de\/wp-content\/uploads\/2025\/04\/IFFA-Ishida-1024x555.jpg 1024w, https:\/\/packaging-journal.de\/wp-content\/uploads\/2025\/04\/IFFA-Ishida-768x416.jpg 768w, https:\/\/packaging-journal.de\/wp-content\/uploads\/2025\/04\/IFFA-Ishida.jpg 1200w\" sizes=\"(max-width: 300px) 100vw, 300px\" \/><\/div><\/a>\n\t\t\t\t<div class=\"elementor-post__text\">\n\t\t\t\t<h3 class=\"elementor-post__title\">\n\t\t\t<a href=\"https:\/\/packaging-journal.de\/en\/ishida-zeigt-lasertechnologie-gegen-leckagen\/\">\n\t\t\t\tIshida shows laser technology against leaks\t\t\t<\/a>\n\t\t<\/h3>\n\t\t\t\t<div class=\"elementor-post__excerpt\">\n\t\t\tLeaks in tray packs with protective gas are a huge problem for the food industry and retailers. Ishida Europe Limited offers a ground-breaking system for detecting leaks.\t\t<\/div>\n\t\t\n\t\t<a class=\"elementor-post__read-more\" href=\"https:\/\/packaging-journal.de\/en\/ishida-zeigt-lasertechnologie-gegen-leckagen\/\" aria-label=\"Read more about Ishida shows laser technology against leaks\" tabindex=\"-1\">\n\t\t\tRead more \"\t\t<\/a>\n\n\t\t\t\t<\/div>\n\t\t\t\t\t<\/div>\n\t\t<\/article>\n\t\t\t\t<article class=\"elementor-post elementor-grid-item post-97918 post type-post status-publish format-standard has-post-thumbnail category-allgemein tag-abfuelltechnik tag-ishida tag-lebensmittel tag-magazin-06-2024 tag-verpackungsmaschinen cs-entry cs-video-wrap\" role=\"listitem\">\n\t\t\t<div class=\"elementor-post__card\">\n\t\t\t\t<a class=\"elementor-post__thumbnail__link\" href=\"https:\/\/packaging-journal.de\/en\/highspeed-bei-der-abfuellung\/\" tabindex=\"-1\"><div class=\"elementor-post__thumbnail\"><img loading=\"lazy\" decoding=\"async\" width=\"300\" height=\"163\" src=\"https:\/\/packaging-journal.de\/wp-content\/uploads\/2024\/12\/ishida-mehrkopfwaage-pammes-300x163.jpg\" class=\"attachment-medium size-medium wp-image-97920\" alt=\"The frozen fries fall from the vibrating chutes into the trays of a multihead weigher. (Image: Ishida)\" srcset=\"https:\/\/packaging-journal.de\/wp-content\/uploads\/2024\/12\/ishida-mehrkopfwaage-pammes-300x163.jpg 300w, https:\/\/packaging-journal.de\/wp-content\/uploads\/2024\/12\/ishida-mehrkopfwaage-pammes-1024x555.jpg 1024w, https:\/\/packaging-journal.de\/wp-content\/uploads\/2024\/12\/ishida-mehrkopfwaage-pammes-768x416.jpg 768w, https:\/\/packaging-journal.de\/wp-content\/uploads\/2024\/12\/ishida-mehrkopfwaage-pammes.jpg 1200w\" sizes=\"(max-width: 300px) 100vw, 300px\" \/><\/div><\/a>\n\t\t\t\t<div class=\"elementor-post__text\">\n\t\t\t\t<h3 class=\"elementor-post__title\">\n\t\t\t<a href=\"https:\/\/packaging-journal.de\/en\/highspeed-bei-der-abfuellung\/\">\n\t\t\t\tHigh-speed filling\t\t\t<\/a>\n\t\t<\/h3>\n\t\t\t\t<div class=\"elementor-post__excerpt\">\n\t\t\tThe replacement of the filling systems with more powerful Ishida machines at Aviko Germany is an important step towards growth.\t\t<\/div>\n\t\t\n\t\t<a class=\"elementor-post__read-more\" href=\"https:\/\/packaging-journal.de\/en\/highspeed-bei-der-abfuellung\/\" aria-label=\"Read more about High-speed filling\" tabindex=\"-1\">\n\t\t\tRead more \"\t\t<\/a>\n\n\t\t\t\t<\/div>\n\t\t\t\t\t<\/div>\n\t\t<\/article>\n\t\t\t\t<article class=\"elementor-post elementor-grid-item post-94214 post type-post status-publish format-standard has-post-thumbnail category-verpackungstechnik tag-bucher-automation tag-euchner tag-fachpack tag-harro-hoefliger tag-heitec tag-herma tag-ishida tag-lenord-bauer tag-lenze tag-leuze tag-omron tag-optima tag-packaging-valley tag-pilz tag-rockwell-automation tag-sew-eurodrive tag-smc tag-wipotec cs-entry cs-video-wrap\" role=\"listitem\">\n\t\t\t<div class=\"elementor-post__card\">\n\t\t\t\t<a class=\"elementor-post__thumbnail__link\" href=\"https:\/\/packaging-journal.de\/en\/packaging-valley-praesentiert-fachpack-auftritt\/\" tabindex=\"-1\"><div class=\"elementor-post__thumbnail\"><img loading=\"lazy\" decoding=\"async\" width=\"300\" height=\"163\" src=\"https:\/\/packaging-journal.de\/wp-content\/uploads\/2024\/07\/packaging-valley-fachpack-300x163.jpg\" class=\"attachment-medium size-medium wp-image-94215\" alt=\"\" srcset=\"https:\/\/packaging-journal.de\/wp-content\/uploads\/2024\/07\/packaging-valley-fachpack-300x163.jpg 300w, https:\/\/packaging-journal.de\/wp-content\/uploads\/2024\/07\/packaging-valley-fachpack-1024x555.jpg 1024w, https:\/\/packaging-journal.de\/wp-content\/uploads\/2024\/07\/packaging-valley-fachpack-768x416.jpg 768w, https:\/\/packaging-journal.de\/wp-content\/uploads\/2024\/07\/packaging-valley-fachpack.jpg 1200w\" sizes=\"(max-width: 300px) 100vw, 300px\" \/><\/div><\/a>\n\t\t\t\t<div class=\"elementor-post__text\">\n\t\t\t\t<h3 class=\"elementor-post__title\">\n\t\t\t<a href=\"https:\/\/packaging-journal.de\/en\/packaging-valley-praesentiert-fachpack-auftritt\/\">\n\t\t\t\tPackaging Valley presents Fachpack appearance\t\t\t<\/a>\n\t\t<\/h3>\n\t\t\t\t<div class=\"elementor-post__excerpt\">\n\t\t\tWith an impressive joint stand and a wide range of innovative technologies and solutions, Packaging Valley Germany e.V. is offering a comprehensive insight into the future of the packaging industry at FACHPACK 2024.\t\t<\/div>\n\t\t\n\t\t<a class=\"elementor-post__read-more\" href=\"https:\/\/packaging-journal.de\/en\/packaging-valley-praesentiert-fachpack-auftritt\/\" aria-label=\"Read more about Packaging Valley presents Fachpack appearance\" tabindex=\"-1\">\n\t\t\tRead more \"\t\t<\/a>\n\n\t\t\t\t<\/div>\n\t\t\t\t\t<\/div>\n\t\t<\/article>\n\t\t\t\t<article class=\"elementor-post elementor-grid-item post-90602 post type-post status-publish format-standard has-post-thumbnail category-verpackungstechnik tag-etikettieren-kennzeichnen-codieren tag-ishida tag-lebensmittel tag-qualitaetssicherung tag-verpackungstechnik tag-video tag-webinar tag-webinar_replay cs-entry cs-video-wrap\" role=\"listitem\">\n\t\t\t<div class=\"elementor-post__card\">\n\t\t\t\t<a class=\"elementor-post__thumbnail__link\" href=\"https:\/\/packaging-journal.de\/en\/webinar-lebensmittelsicherheit-replay\/\" tabindex=\"-1\"><div class=\"elementor-post__thumbnail\"><img loading=\"lazy\" decoding=\"async\" width=\"300\" height=\"169\" src=\"https:\/\/packaging-journal.de\/wp-content\/uploads\/2024\/02\/Webinar-Vorschaubild-300x169.jpg\" class=\"attachment-medium size-medium wp-image-90612\" alt=\"\" srcset=\"https:\/\/packaging-journal.de\/wp-content\/uploads\/2024\/02\/Webinar-Vorschaubild-300x169.jpg 300w, https:\/\/packaging-journal.de\/wp-content\/uploads\/2024\/02\/Webinar-Vorschaubild-1024x576.jpg 1024w, https:\/\/packaging-journal.de\/wp-content\/uploads\/2024\/02\/Webinar-Vorschaubild-768x432.jpg 768w, https:\/\/packaging-journal.de\/wp-content\/uploads\/2024\/02\/Webinar-Vorschaubild-813x457.jpg 813w, https:\/\/packaging-journal.de\/wp-content\/uploads\/2024\/02\/Webinar-Vorschaubild-180x101.jpg 180w, https:\/\/packaging-journal.de\/wp-content\/uploads\/2024\/02\/Webinar-Vorschaubild-260x146.jpg 260w, https:\/\/packaging-journal.de\/wp-content\/uploads\/2024\/02\/Webinar-Vorschaubild-373x210.jpg 373w, https:\/\/packaging-journal.de\/wp-content\/uploads\/2024\/02\/Webinar-Vorschaubild-120x67.jpg 120w, https:\/\/packaging-journal.de\/wp-content\/uploads\/2024\/02\/Webinar-Vorschaubild.jpg 1280w\" sizes=\"(max-width: 300px) 100vw, 300px\" \/><\/div><\/a>\n\t\t\t\t<div class=\"elementor-post__text\">\n\t\t\t\t<h3 class=\"elementor-post__title\">\n\t\t\t<a href=\"https:\/\/packaging-journal.de\/en\/webinar-lebensmittelsicherheit-replay\/\">\n\t\t\t\tIncrease food safety webinar - watch it again here\t\t\t<\/a>\n\t\t<\/h3>\n\t\t\t\t<div class=\"elementor-post__excerpt\">\n\t\t\tIn this webinar, you will learn how fully automated quality controls in modern production lines can help to increase food safety. Watch it again in full length here.\t\t<\/div>\n\t\t\n\t\t<a class=\"elementor-post__read-more\" href=\"https:\/\/packaging-journal.de\/en\/webinar-lebensmittelsicherheit-replay\/\" aria-label=\"Read more about Increase food safety webinar - watch it again here\" tabindex=\"-1\">\n\t\t\tRead more \"\t\t<\/a>\n\n\t\t\t\t<\/div>\n\t\t\t\t\t<\/div>\n\t\t<\/article>\n\t\t\t\t<\/div>\n\t\t\n\t\t\t\t\t\t<\/div>\n\t\t\t\t<\/div>\n\t\t\t\t\t<\/div>\n\t\t<\/div>\n\t\t\t\t\t<\/div>\n\t\t<\/section>\n\t\t\t\t<\/div>","protected":false},"excerpt":{"rendered":"With the new QX-900-Flex traysealer, Ishida is meeting the demand for high-performance tray sealing solutions. This increases output, capacity and flexibility.","protected":false},"author":1,"featured_media":52874,"comment_status":"closed","ping_status":"closed","sticky":false,"template":"","format":"standard","meta":{"_acf_changed":false,"__cvm_playback_settings":[],"__cvm_video_id":"","rank_math_description":"Ishida erf\u00fcllt die Nachfrage nach Hochleistungsl\u00f6sungen f\u00fcr die Schalenversieglung. Das erh\u00f6ht Aussto\u00df, Kapazit\u00e4t und Flexibilit\u00e4t.","rank_math_focus_keyword":"Schalenversieglung","rank_math_title":"Neue L\u00f6sung zur Schalenversieglung von Ishida","csco_display_header_overlay":false,"csco_singular_sidebar":"","csco_page_header_type":"","csco_page_load_nextpost":"","csco_post_video_location":[],"csco_post_video_location_hash":"","csco_post_video_url":"","csco_post_video_bg_start_time":0,"csco_post_video_bg_end_time":0,"footnotes":"","_links_to":"","_links_to_target":""},"categories":[21],"tags":[57580,39],"class_list":{"0":"post-52858","1":"post","2":"type-post","3":"status-publish","4":"format-standard","5":"has-post-thumbnail","7":"category-verpackungstechnik","8":"tag-ishida","9":"tag-verpackungstechnik","10":"cs-entry","11":"cs-video-wrap"},"acf":[],"vimeo_video":null,"_links":{"self":[{"href":"https:\/\/packaging-journal.de\/en\/wp-json\/wp\/v2\/posts\/52858","targetHints":{"allow":["GET"]}}],"collection":[{"href":"https:\/\/packaging-journal.de\/en\/wp-json\/wp\/v2\/posts"}],"about":[{"href":"https:\/\/packaging-journal.de\/en\/wp-json\/wp\/v2\/types\/post"}],"author":[{"embeddable":true,"href":"https:\/\/packaging-journal.de\/en\/wp-json\/wp\/v2\/users\/1"}],"replies":[{"embeddable":true,"href":"https:\/\/packaging-journal.de\/en\/wp-json\/wp\/v2\/comments?post=52858"}],"version-history":[{"count":0,"href":"https:\/\/packaging-journal.de\/en\/wp-json\/wp\/v2\/posts\/52858\/revisions"}],"wp:featuredmedia":[{"embeddable":true,"href":"https:\/\/packaging-journal.de\/en\/wp-json\/wp\/v2\/media\/52874"}],"wp:attachment":[{"href":"https:\/\/packaging-journal.de\/en\/wp-json\/wp\/v2\/media?parent=52858"}],"wp:term":[{"taxonomy":"category","embeddable":true,"href":"https:\/\/packaging-journal.de\/en\/wp-json\/wp\/v2\/categories?post=52858"},{"taxonomy":"post_tag","embeddable":true,"href":"https:\/\/packaging-journal.de\/en\/wp-json\/wp\/v2\/tags?post=52858"}],"curies":[{"name":"wp","href":"https:\/\/api.w.org\/{rel}","templated":true}]}}