{"id":53062,"date":"2021-12-10T09:23:44","date_gmt":"2021-12-10T08:23:44","guid":{"rendered":"https:\/\/packaging-journal.de\/?p=53062"},"modified":"2021-12-13T13:49:26","modified_gmt":"2021-12-13T12:49:26","slug":"sew-eurodrive-90-years","status":"publish","type":"post","link":"https:\/\/packaging-journal.de\/en\/sew-eurodrive-90-jahre\/","title":{"rendered":"SEW-Eurodrive: Tradition in motion"},"content":{"rendered":"<div data-elementor-type=\"wp-post\" data-elementor-id=\"53062\" class=\"elementor elementor-53062\" data-elementor-post-type=\"post\">\n\t\t\t\t\t\t<section data-exad-particle-enable=\"false\" class=\"elementor-section elementor-top-section elementor-element elementor-element-bf6f34f elementor-section-boxed elementor-section-height-default elementor-section-height-default exad-parallax-effect-no exad-background-color-change-no exad-glass-effect-no exad-sticky-section-no\" data-id=\"bf6f34f\" data-element_type=\"section\" data-e-type=\"section\">\n\t\t\t\t\t\t<div class=\"elementor-container elementor-column-gap-default\">\n\t\t\t\t\t<div class=\"elementor-column elementor-col-100 elementor-top-column elementor-element elementor-element-57e70f8 exad-glass-effect-no exad-sticky-section-no\" data-id=\"57e70f8\" data-element_type=\"column\" data-e-type=\"column\">\n\t\t\t<div class=\"elementor-widget-wrap elementor-element-populated\">\n\t\t\t\t\t\t<div class=\"elementor-element elementor-element-3c0959d exad-sticky-section-no exad-glass-effect-no elementor-widget elementor-widget-text-editor\" data-id=\"3c0959d\" data-element_type=\"widget\" data-e-type=\"widget\" data-widget_type=\"text-editor.default\">\n\t\t\t\t<div class=\"elementor-widget-container\">\n\t\t\t\t\t\t\t\t\t<p><strong>What does a banker have to do with drives? And what does packaging technology have to do with it today? How do they fit together? Quite simply. A man of numbers is the midwife of a company that today, as SEW-Eurodrive, is one of the international technology leaders in machine and factory automation and is celebrating a milestone birthday this year.<\/strong><\/p><p>What a start and what material for a historical economic thriller. The year is 1931, we are <strong>In the midst of the global economic crisis<\/strong>. Two more years will pass in Germany before the Weimar Republic is history. And during this time, a nucleus for drive technology and automation is created in North Baden. <strong>On 13 June 1931, the banker Christian P\u00e4hr founds today's SEW-Eurodrive GmbH &amp; Co. KG under the name S\u00fcddeutsche Elektromotorenwerke (SEW).<\/strong><\/p><p><strong>Before that, there was a bankruptcy<\/strong>, The company was Albert Obermoser AG. In 1927, the banker received the order from his employer, Rheinische Creditbank, <strong>to audit the accounts of the engine manufacturer in Bruchsal, which had run into difficulties<\/strong>. The engagement ultimately led to the position of interim manager, specifically in the role of commercial director.<\/p><div class=\"packa-in-post-alle\" style=\"text-align: center;\" id=\"packa-2208795442\"><div id=\"packa-347873485\"><a data-no-instant=\"1\" href=\"https:\/\/packaging-journal.de\/en\/newsletter\/\" rel=\"noopener\" class=\"a2t-link\" target=\"_blank\" aria-label=\"PJ Self-promotion English 03\"><!--noptimize--><img src=\"https:\/\/packaging-journal.de\/wp-content\/uploads\/2026\/01\/PJ-Eigenwerbung-English-03.png\" alt=\"\"  srcset=\"https:\/\/packaging-journal.de\/wp-content\/uploads\/2026\/01\/PJ-Eigenwerbung-English-03.png 840w, https:\/\/packaging-journal.de\/wp-content\/uploads\/2026\/01\/PJ-Eigenwerbung-English-03-300x75.png 300w, https:\/\/packaging-journal.de\/wp-content\/uploads\/2026\/01\/PJ-Eigenwerbung-English-03-768x192.png 768w, https:\/\/packaging-journal.de\/wp-content\/uploads\/2026\/01\/PJ-Eigenwerbung-English-03-18x5.png 18w, https:\/\/packaging-journal.de\/wp-content\/uploads\/2026\/01\/PJ-Eigenwerbung-English-03-332x83.png 332w, https:\/\/packaging-journal.de\/wp-content\/uploads\/2026\/01\/PJ-Eigenwerbung-English-03-664x166.png 664w, https:\/\/packaging-journal.de\/wp-content\/uploads\/2026\/01\/PJ-Eigenwerbung-English-03-688x172.png 688w\" sizes=\"(max-width: 840px) 100vw, 840px\" width=\"840\" height=\"210\"  style=\" max-width: 100%; height: auto;\" \/><!--\/noptimize--><\/a><\/div><\/div>\t\t\t\t\t\t\t\t<\/div>\n\t\t\t\t<\/div>\n\t\t\t\t<div class=\"elementor-element elementor-element-f9133b3 exad-sticky-section-no exad-glass-effect-no elementor-widget elementor-widget-image\" data-id=\"f9133b3\" data-element_type=\"widget\" data-e-type=\"widget\" data-widget_type=\"image.default\">\n\t\t\t\t<div class=\"elementor-widget-container\">\n\t\t\t\t\t\t\t\t\t\t\t\t<figure class=\"wp-caption\">\n\t\t\t\t\t\t\t\t\t\t<img fetchpriority=\"high\" decoding=\"async\" width=\"1024\" height=\"767\" src=\"https:\/\/packaging-journal.de\/wp-content\/uploads\/2021\/12\/UP-SEW-Wiege-des-Unternehmens-1930er-1024x767.jpg\" class=\"attachment-large size-large wp-image-53065\" alt=\"\" srcset=\"https:\/\/packaging-journal.de\/wp-content\/uploads\/2021\/12\/UP-SEW-Wiege-des-Unternehmens-1930er-1024x767.jpg 1024w, https:\/\/packaging-journal.de\/wp-content\/uploads\/2021\/12\/UP-SEW-Wiege-des-Unternehmens-1930er-300x225.jpg 300w, https:\/\/packaging-journal.de\/wp-content\/uploads\/2021\/12\/UP-SEW-Wiege-des-Unternehmens-1930er-768x575.jpg 768w, https:\/\/packaging-journal.de\/wp-content\/uploads\/2021\/12\/UP-SEW-Wiege-des-Unternehmens-1930er-600x450.jpg 600w, https:\/\/packaging-journal.de\/wp-content\/uploads\/2021\/12\/UP-SEW-Wiege-des-Unternehmens-1930er.jpg 1292w\" sizes=\"(max-width: 1024px) 100vw, 1024px\" \/>\t\t\t\t\t\t\t\t\t\t\t<figcaption class=\"widget-image-caption wp-caption-text\">The nucleus of SEW-Eurodrive in Durlacher Stra\u00dfe in Bruchsal in the 1930s. (Image: SEW-Eurodrive)<\/figcaption>\n\t\t\t\t\t\t\t\t\t\t<\/figure>\n\t\t\t\t\t\t\t\t\t<\/div>\n\t\t\t\t<\/div>\n\t\t\t\t<div class=\"elementor-element elementor-element-c27b6ce exad-sticky-section-no exad-glass-effect-no elementor-widget elementor-widget-text-editor\" data-id=\"c27b6ce\" data-element_type=\"widget\" data-e-type=\"widget\" data-widget_type=\"text-editor.default\">\n\t\t\t\t<div class=\"elementor-widget-container\">\n\t\t\t\t\t\t\t\t\t<p>The following four years remained exciting and finally ended well with a new beginning. <strong>Christian P\u00e4hr founded a new company out of the bankruptcy assets of Obermoser AG.<\/strong> The banker had the manufacturing rights in his luggage as an asset for further development.<\/p><p>Christian P\u00e4hr did not live to see how well his company would ultimately develop. He died at the age of 70, just four years after founding the company. <strong>The women in the family took over.<\/strong> From then on, his widow Kunigunde and their daughter Edeltraut managed the young company.<\/p><div id=\"packa-2470226687\" class=\"packa-inhalt\"><!--noptimize--><script async src=\"https:\/\/pagead2.googlesyndication.com\/pagead\/js\/adsbygoogle.js?client=ca-pub-2686439340972671\" crossorigin=\"anonymous\"><\/script>\r\n<ins class=\"adsbygoogle\" style=\"display:block;text-align:center\" data-ad-layout=\"in-article\" data-ad-format=\"fluid\" data-ad-client=\"ca-pub-2686439340972671\" data-ad-slot=\"6171251825\"><\/ins>\r\n<script>\r\n     (adsbygoogle = window.adsbygoogle || []).push({});\r\n<\/script><!--\/noptimize--><\/div>\t\t\t\t\t\t\t\t<\/div>\n\t\t\t\t<\/div>\n\t\t\t\t<div class=\"elementor-element elementor-element-7003838 exad-sticky-section-no exad-glass-effect-no elementor-widget elementor-widget-heading\" data-id=\"7003838\" data-element_type=\"widget\" data-e-type=\"widget\" data-widget_type=\"heading.default\">\n\t\t\t\t<div class=\"elementor-widget-container\">\n\t\t\t\t\t<h2 class=\"elementor-heading-title elementor-size-default\">Strong family cohesion<\/h2>\t\t\t\t<\/div>\n\t\t\t\t<\/div>\n\t\t\t\t<div class=\"elementor-element elementor-element-d4ff323 exad-sticky-section-no exad-glass-effect-no elementor-widget elementor-widget-text-editor\" data-id=\"d4ff323\" data-element_type=\"widget\" data-e-type=\"widget\" data-widget_type=\"text-editor.default\">\n\t\t\t\t<div class=\"elementor-widget-container\">\n\t\t\t\t\t\t\t\t\t<p>What followed is very often the case in family-run companies: <strong>The generation change was made possible thanks to a close partnership and a wedding.<\/strong> Ernst Blickle, who was born in the Swabian Alb, took over the management of the company from his mother-in-law in 1945. Since then, the company has been inextricably linked with his family name.<\/p><p>The former officer had previously had little contact with his wife Edeltraud's family business. <strong>Visionary entrepreneurial spirit<\/strong> and also <strong>SEW was fortunate to be largely spared from a devastating air raid on Bruchsal<\/strong>, However, they were to lay the foundations for the flourishing company in the following years. And Ernst Blickle learnt: he acquired engineering expertise at lightning speed. <strong>What followed were the years of the economic miracle. SEW grew rapidly.<\/strong> While a black-and-white photograph of the workforce from the founding years shows 35 people, by 1960 there were already 600.<\/p>\t\t\t\t\t\t\t\t<\/div>\n\t\t\t\t<\/div>\n\t\t\t\t<div class=\"elementor-element elementor-element-c69b044 exad-sticky-section-no exad-glass-effect-no elementor-widget elementor-widget-image\" data-id=\"c69b044\" data-element_type=\"widget\" data-e-type=\"widget\" data-widget_type=\"image.default\">\n\t\t\t\t<div class=\"elementor-widget-container\">\n\t\t\t\t\t\t\t\t\t\t\t\t<figure class=\"wp-caption\">\n\t\t\t\t\t\t\t\t\t\t<img decoding=\"async\" width=\"1024\" height=\"506\" src=\"https:\/\/packaging-journal.de\/wp-content\/uploads\/2021\/12\/UP-SEW-Vorgelegemotor-1940er-1024x506.jpg\" class=\"attachment-large size-large wp-image-53066\" alt=\"\" srcset=\"https:\/\/packaging-journal.de\/wp-content\/uploads\/2021\/12\/UP-SEW-Vorgelegemotor-1940er-1024x506.jpg 1024w, https:\/\/packaging-journal.de\/wp-content\/uploads\/2021\/12\/UP-SEW-Vorgelegemotor-1940er-300x148.jpg 300w, https:\/\/packaging-journal.de\/wp-content\/uploads\/2021\/12\/UP-SEW-Vorgelegemotor-1940er-768x379.jpg 768w, https:\/\/packaging-journal.de\/wp-content\/uploads\/2021\/12\/UP-SEW-Vorgelegemotor-1940er-1536x759.jpg 1536w, https:\/\/packaging-journal.de\/wp-content\/uploads\/2021\/12\/UP-SEW-Vorgelegemotor-1940er-1320x652.jpg 1320w, https:\/\/packaging-journal.de\/wp-content\/uploads\/2021\/12\/UP-SEW-Vorgelegemotor-1940er-600x296.jpg 600w, https:\/\/packaging-journal.de\/wp-content\/uploads\/2021\/12\/UP-SEW-Vorgelegemotor-1940er.jpg 1980w\" sizes=\"(max-width: 1024px) 100vw, 1024px\" \/>\t\t\t\t\t\t\t\t\t\t\t<figcaption class=\"widget-image-caption wp-caption-text\">A countershaft motor, the predecessor of today's geared motor (the patent for this dates back to 1928 and goes back to Obermoser AG). (Image: SEW-Eurodrive)<\/figcaption>\n\t\t\t\t\t\t\t\t\t\t<\/figure>\n\t\t\t\t\t\t\t\t\t<\/div>\n\t\t\t\t<\/div>\n\t\t\t\t<div class=\"elementor-element elementor-element-a546bb5 exad-sticky-section-no exad-glass-effect-no elementor-widget elementor-widget-text-editor\" data-id=\"a546bb5\" data-element_type=\"widget\" data-e-type=\"widget\" data-widget_type=\"text-editor.default\">\n\t\t\t\t<div class=\"elementor-widget-container\">\n\t\t\t\t\t\t\t\t\t<p>Within just ten years, the drive manufacturer increased its turnover from 1.4 million marks in 1950 to 20 million in 1960. <strong>Even then, it was the close geographical proximity to customers with sales territories initially in Germany that enabled the meteoric rise.<\/strong> The establishment of the first foreign branches gave the whole thing further momentum. SEW-Usocome in Haguenau, Alsace, marked the beginning of internationalisation in 1960.<\/p>\t\t\t\t\t\t\t\t<\/div>\n\t\t\t\t<\/div>\n\t\t\t\t<div class=\"elementor-element elementor-element-73d1960 exad-sticky-section-no exad-glass-effect-no elementor-widget elementor-widget-heading\" data-id=\"73d1960\" data-element_type=\"widget\" data-e-type=\"widget\" data-widget_type=\"heading.default\">\n\t\t\t\t<div class=\"elementor-widget-container\">\n\t\t\t\t\t<h2 class=\"elementor-heading-title elementor-size-default\">And the technology?<\/h2>\t\t\t\t<\/div>\n\t\t\t\t<\/div>\n\t\t\t\t<div class=\"elementor-element elementor-element-9377865 exad-sticky-section-no exad-glass-effect-no elementor-widget elementor-widget-text-editor\" data-id=\"9377865\" data-element_type=\"widget\" data-e-type=\"widget\" data-widget_type=\"text-editor.default\">\n\t\t\t\t<div class=\"elementor-widget-container\">\n\t\t\t\t\t\t\t\t\t<p>The early years of S\u00fcddeutsche Elektromotorenwerke can only be compared to today's drive and automation portfolio to a limited extent. Yes, the first electric and geared motors already existed. <strong>In its early days, the company was primarily known for its electric band saws<\/strong> \u201eMilicut\u201c, the \u201eSimplitt\u201c planer, the \u201eCircut\u201c electric circular saw and the \u201ePoliglitt\u201c sanding motors. A production programme that initially reflected Obermoser AG's expertise in woodworking in the pre-war period. <strong>However, Ernst Blickle was soon to change this in the direction of an independent modular drive system.<\/strong><\/p>\t\t\t\t\t\t\t\t<\/div>\n\t\t\t\t<\/div>\n\t\t\t\t<div class=\"elementor-element elementor-element-7352f46 exad-sticky-section-no exad-glass-effect-no elementor-widget elementor-widget-image\" data-id=\"7352f46\" data-element_type=\"widget\" data-e-type=\"widget\" data-widget_type=\"image.default\">\n\t\t\t\t<div class=\"elementor-widget-container\">\n\t\t\t\t\t\t\t\t\t\t\t\t<figure class=\"wp-caption\">\n\t\t\t\t\t\t\t\t\t\t<img decoding=\"async\" width=\"1024\" height=\"576\" src=\"https:\/\/packaging-journal.de\/wp-content\/uploads\/2021\/12\/UP-SEW-Movi-C-2021-1024x576.jpg\" class=\"attachment-large size-large wp-image-53068\" alt=\"\" srcset=\"https:\/\/packaging-journal.de\/wp-content\/uploads\/2021\/12\/UP-SEW-Movi-C-2021-1024x576.jpg 1024w, https:\/\/packaging-journal.de\/wp-content\/uploads\/2021\/12\/UP-SEW-Movi-C-2021-300x169.jpg 300w, https:\/\/packaging-journal.de\/wp-content\/uploads\/2021\/12\/UP-SEW-Movi-C-2021-768x432.jpg 768w, https:\/\/packaging-journal.de\/wp-content\/uploads\/2021\/12\/UP-SEW-Movi-C-2021-1536x864.jpg 1536w, https:\/\/packaging-journal.de\/wp-content\/uploads\/2021\/12\/UP-SEW-Movi-C-2021-813x457.jpg 813w, https:\/\/packaging-journal.de\/wp-content\/uploads\/2021\/12\/UP-SEW-Movi-C-2021-180x101.jpg 180w, https:\/\/packaging-journal.de\/wp-content\/uploads\/2021\/12\/UP-SEW-Movi-C-2021-260x146.jpg 260w, https:\/\/packaging-journal.de\/wp-content\/uploads\/2021\/12\/UP-SEW-Movi-C-2021-373x210.jpg 373w, https:\/\/packaging-journal.de\/wp-content\/uploads\/2021\/12\/UP-SEW-Movi-C-2021-120x67.jpg 120w, https:\/\/packaging-journal.de\/wp-content\/uploads\/2021\/12\/UP-SEW-Movi-C-2021-1320x743.jpg 1320w, https:\/\/packaging-journal.de\/wp-content\/uploads\/2021\/12\/UP-SEW-Movi-C-2021-600x338.jpg 600w, https:\/\/packaging-journal.de\/wp-content\/uploads\/2021\/12\/UP-SEW-Movi-C-2021.jpg 2000w\" sizes=\"(max-width: 1024px) 100vw, 1024px\" \/>\t\t\t\t\t\t\t\t\t\t\t<figcaption class=\"widget-image-caption wp-caption-text\">The Movi-C modular automation system offers all options for digitalised, automated and modular production, from the drive to the controller. (Image: SEW-Eurodrive)<\/figcaption>\n\t\t\t\t\t\t\t\t\t\t<\/figure>\n\t\t\t\t\t\t\t\t\t<\/div>\n\t\t\t\t<\/div>\n\t\t\t\t<div class=\"elementor-element elementor-element-487667c exad-sticky-section-no exad-glass-effect-no elementor-widget elementor-widget-text-editor\" data-id=\"487667c\" data-element_type=\"widget\" data-e-type=\"widget\" data-widget_type=\"text-editor.default\">\n\t\t\t\t<div class=\"elementor-widget-container\">\n\t\t\t\t\t\t\t\t\t<p>Construction kit in the middle of the 20th century? Yes, that's exactly right. Today's construction kit already existed yesterday, and it was given further impetus in the 1960s with the advent of marketing as a new entrepreneurial mindset. <strong>The needs of the market are at the centre of this business management discipline, followed by the consistent orientation of companies towards their customers.<\/strong> But how can the differentiated demands on drive technology be managed economically? How can requirements from different industries and production processes be sensibly fulfilled? At S\u00fcddeutsche Elektromotorenwerke during the flower power era, both answers resulted in <strong>modular motor-gearbox combinations<\/strong>. An easily and flexibly configurable modular system replaced expensive customised solutions.<\/p>\t\t\t\t\t\t\t\t<\/div>\n\t\t\t\t<\/div>\n\t\t\t\t<div class=\"elementor-element elementor-element-891f811 exad-sticky-section-no exad-glass-effect-no elementor-widget elementor-widget-heading\" data-id=\"891f811\" data-element_type=\"widget\" data-e-type=\"widget\" data-widget_type=\"heading.default\">\n\t\t\t\t<div class=\"elementor-widget-container\">\n\t\t\t\t\t<h2 class=\"elementor-heading-title elementor-size-default\">Drive as core business<\/h2>\t\t\t\t<\/div>\n\t\t\t\t<\/div>\n\t\t\t\t<div class=\"elementor-element elementor-element-e1b44b3 exad-sticky-section-no exad-glass-effect-no elementor-widget elementor-widget-text-editor\" data-id=\"e1b44b3\" data-element_type=\"widget\" data-e-type=\"widget\" data-widget_type=\"text-editor.default\">\n\t\t\t\t<div class=\"elementor-widget-container\">\n\t\t\t\t\t\t\t\t\t<p>In 1971 it was time to say goodbye to the old name. <strong>S\u00fcddeutsche Elektromotorenwerke\u201e became SEW-Eurodrive.<\/strong> Despite all the pride in the company's roots and the loyalty to Bruchsal that still prevails today, the increasing importance of the global market made it essential to operate under a name that also works internationally. SEW-Eurodrive was born; and with two clear messages: \u201e<strong>Europe and Drive<\/strong>\u201c - and \u201e<strong>the drive as the core business<\/strong>\u201c.<\/p>\t\t\t\t\t\t\t\t<\/div>\n\t\t\t\t<\/div>\n\t\t\t\t<div class=\"elementor-element elementor-element-b412c88 exad-sticky-section-no exad-glass-effect-no elementor-widget elementor-widget-image\" data-id=\"b412c88\" data-element_type=\"widget\" data-e-type=\"widget\" data-widget_type=\"image.default\">\n\t\t\t\t<div class=\"elementor-widget-container\">\n\t\t\t\t\t\t\t\t\t\t\t\t<figure class=\"wp-caption\">\n\t\t\t\t\t\t\t\t\t\t<img loading=\"lazy\" decoding=\"async\" width=\"1024\" height=\"576\" src=\"https:\/\/packaging-journal.de\/wp-content\/uploads\/2021\/12\/UP-SEW-Beispiel-Kartonaufrichter-1024x576.jpg\" class=\"attachment-large size-large wp-image-53069\" alt=\"\" srcset=\"https:\/\/packaging-journal.de\/wp-content\/uploads\/2021\/12\/UP-SEW-Beispiel-Kartonaufrichter-1024x576.jpg 1024w, https:\/\/packaging-journal.de\/wp-content\/uploads\/2021\/12\/UP-SEW-Beispiel-Kartonaufrichter-300x169.jpg 300w, https:\/\/packaging-journal.de\/wp-content\/uploads\/2021\/12\/UP-SEW-Beispiel-Kartonaufrichter-768x432.jpg 768w, https:\/\/packaging-journal.de\/wp-content\/uploads\/2021\/12\/UP-SEW-Beispiel-Kartonaufrichter-1536x864.jpg 1536w, https:\/\/packaging-journal.de\/wp-content\/uploads\/2021\/12\/UP-SEW-Beispiel-Kartonaufrichter-813x457.jpg 813w, https:\/\/packaging-journal.de\/wp-content\/uploads\/2021\/12\/UP-SEW-Beispiel-Kartonaufrichter-180x101.jpg 180w, https:\/\/packaging-journal.de\/wp-content\/uploads\/2021\/12\/UP-SEW-Beispiel-Kartonaufrichter-260x146.jpg 260w, https:\/\/packaging-journal.de\/wp-content\/uploads\/2021\/12\/UP-SEW-Beispiel-Kartonaufrichter-373x210.jpg 373w, https:\/\/packaging-journal.de\/wp-content\/uploads\/2021\/12\/UP-SEW-Beispiel-Kartonaufrichter-120x67.jpg 120w, https:\/\/packaging-journal.de\/wp-content\/uploads\/2021\/12\/UP-SEW-Beispiel-Kartonaufrichter-1320x743.jpg 1320w, https:\/\/packaging-journal.de\/wp-content\/uploads\/2021\/12\/UP-SEW-Beispiel-Kartonaufrichter-600x338.jpg 600w, https:\/\/packaging-journal.de\/wp-content\/uploads\/2021\/12\/UP-SEW-Beispiel-Kartonaufrichter.jpg 2000w\" sizes=\"(max-width: 1024px) 100vw, 1024px\" \/>\t\t\t\t\t\t\t\t\t\t\t<figcaption class=\"widget-image-caption wp-caption-text\">An important element in the automated packaging industry: a carton erector automated with Movi-C. (Image: SEW-Eurodrive)<\/figcaption>\n\t\t\t\t\t\t\t\t\t\t<\/figure>\n\t\t\t\t\t\t\t\t\t<\/div>\n\t\t\t\t<\/div>\n\t\t\t\t<div class=\"elementor-element elementor-element-69592b5 exad-sticky-section-no exad-glass-effect-no elementor-widget elementor-widget-text-editor\" data-id=\"69592b5\" data-element_type=\"widget\" data-e-type=\"widget\" data-widget_type=\"text-editor.default\">\n\t\t\t\t<div class=\"elementor-widget-container\">\n\t\t\t\t\t\t\t\t\t<p>How did the story continue? For example, with new companies in South and North America and other locations on other continents. <strong>Over more than four decades, Ernst Blickle has built his SEW from a small, medium-sized family business into a strong global player<\/strong>. The two sons Rainer (\u2020 2021) and J\u00fcrgen consistently supported and continued the internationalisation. In 1987, they took over the management after the death of the visionary company patriarch the year before. <strong>The success story of the family-run company thus continued.<\/strong><\/p>\t\t\t\t\t\t\t\t<\/div>\n\t\t\t\t<\/div>\n\t\t\t\t<div class=\"elementor-element elementor-element-c640b87 exad-sticky-section-no exad-glass-effect-no elementor-widget elementor-widget-heading\" data-id=\"c640b87\" data-element_type=\"widget\" data-e-type=\"widget\" data-widget_type=\"heading.default\">\n\t\t\t\t<div class=\"elementor-widget-container\">\n\t\t\t\t\t<h2 class=\"elementor-heading-title elementor-size-default\">Paving the way for industrial series production<\/h2>\t\t\t\t<\/div>\n\t\t\t\t<\/div>\n\t\t\t\t<div class=\"elementor-element elementor-element-0d35594 exad-sticky-section-no exad-glass-effect-no elementor-widget elementor-widget-text-editor\" data-id=\"0d35594\" data-element_type=\"widget\" data-e-type=\"widget\" data-widget_type=\"text-editor.default\">\n\t\t\t\t<div class=\"elementor-widget-container\">\n\t\t\t\t\t\t\t\t\t<p>The strategy practised by Ernst Blickle is currently experiencing less of a renaissance with the Maxolution Machine Automation and Maxolution System Solutions business units than the logical further development of the modular system in the direction of modular and optimally prepared solutions for machines, systems or entire factories. <strong>It offers enormous advantages for packaging machines, for example<\/strong>, as certain types of machine are particularly prevalent here, which can be operated very well with prepared hardware and software solutions. What exactly is behind this?<\/p>\t\t\t\t\t\t\t\t<\/div>\n\t\t\t\t<\/div>\n\t\t\t\t<div class=\"elementor-element elementor-element-e5ae8fd exad-sticky-section-no exad-glass-effect-no elementor-widget elementor-widget-heading\" data-id=\"e5ae8fd\" data-element_type=\"widget\" data-e-type=\"widget\" data-widget_type=\"heading.default\">\n\t\t\t\t<div class=\"elementor-widget-container\">\n\t\t\t\t\t<h2 class=\"elementor-heading-title elementor-size-default\">Prepared solutions for recurring tasks<\/h2>\t\t\t\t<\/div>\n\t\t\t\t<\/div>\n\t\t\t\t<div class=\"elementor-element elementor-element-484cc52 exad-sticky-section-no exad-glass-effect-no elementor-widget elementor-widget-text-editor\" data-id=\"484cc52\" data-element_type=\"widget\" data-e-type=\"widget\" data-widget_type=\"text-editor.default\">\n\t\t\t\t<div class=\"elementor-widget-container\">\n\t\t\t\t\t\t\t\t\t<p>In the company's anniversary year, the current situation is once again <strong>the question of why packaging technology has important advantages from Maxolution solutions.<\/strong> In this industry in particular, there are processing tasks that are basically the same. The basic features of a flow-wrapping machine remain the same, even if the machines from different manufacturers undoubtedly differ in detail. <strong>The vertical or horizontal packaging process itself remains more or less unaffected.<\/strong><\/p>\t\t\t\t\t\t\t\t<\/div>\n\t\t\t\t<\/div>\n\t\t\t\t<div class=\"elementor-element elementor-element-6870384 exad-sticky-section-no exad-glass-effect-no elementor-widget elementor-widget-image\" data-id=\"6870384\" data-element_type=\"widget\" data-e-type=\"widget\" data-widget_type=\"image.default\">\n\t\t\t\t<div class=\"elementor-widget-container\">\n\t\t\t\t\t\t\t\t\t\t\t\t<figure class=\"wp-caption\">\n\t\t\t\t\t\t\t\t\t\t<img loading=\"lazy\" decoding=\"async\" width=\"1024\" height=\"682\" src=\"https:\/\/packaging-journal.de\/wp-content\/uploads\/2021\/12\/UP-SEW-Portal-Roboter-1024x682.jpg\" class=\"attachment-large size-large wp-image-53067\" alt=\"\" srcset=\"https:\/\/packaging-journal.de\/wp-content\/uploads\/2021\/12\/UP-SEW-Portal-Roboter-1024x682.jpg 1024w, https:\/\/packaging-journal.de\/wp-content\/uploads\/2021\/12\/UP-SEW-Portal-Roboter-300x200.jpg 300w, https:\/\/packaging-journal.de\/wp-content\/uploads\/2021\/12\/UP-SEW-Portal-Roboter-768x512.jpg 768w, https:\/\/packaging-journal.de\/wp-content\/uploads\/2021\/12\/UP-SEW-Portal-Roboter-1536x1024.jpg 1536w, https:\/\/packaging-journal.de\/wp-content\/uploads\/2021\/12\/UP-SEW-Portal-Roboter-1320x880.jpg 1320w, https:\/\/packaging-journal.de\/wp-content\/uploads\/2021\/12\/UP-SEW-Portal-Roboter-600x400.jpg 600w, https:\/\/packaging-journal.de\/wp-content\/uploads\/2021\/12\/UP-SEW-Portal-Roboter.jpg 2000w\" sizes=\"(max-width: 1024px) 100vw, 1024px\" \/>\t\t\t\t\t\t\t\t\t\t\t<figcaption class=\"widget-image-caption wp-caption-text\">Highly dynamic gantry robots connect process steps and automate the manufacturing process in the packaging industry. (Image: SEW-Eurodrive)<\/figcaption>\n\t\t\t\t\t\t\t\t\t\t<\/figure>\n\t\t\t\t\t\t\t\t\t<\/div>\n\t\t\t\t<\/div>\n\t\t\t\t<div class=\"elementor-element elementor-element-96b4497 exad-sticky-section-no exad-glass-effect-no elementor-widget elementor-widget-text-editor\" data-id=\"96b4497\" data-element_type=\"widget\" data-e-type=\"widget\" data-widget_type=\"text-editor.default\">\n\t\t\t\t<div class=\"elementor-widget-container\">\n\t\t\t\t\t\t\t\t\t<p>Accordingly, the resulting motion tasks for drive technology also only differ in detail. <strong>And this is precisely where SEW comes in, bundling customised and intelligent complete solutions including services in the Maxolution Machine Automation division.<\/strong> The whole thing can be compared to a construction kit from which machines can be designed and built efficiently and quickly. Ultimately, packaging technology in particular is characterised by ever shorter product life cycles and completely new requirements in the direction of batch size 1. <strong>short time-to-market<\/strong> determined.<\/p><p>The solutions based on the Movi-C modular automation and drive system are therefore designed with this in mind, <strong>Modular machine design<\/strong>. This in turn forms the basis for the \u201esmart factory\u201c, in which machines and systems can be adapted to new challenges comparatively easily by adding or removing process modules. <strong>This approach goes so far that the material flow between machines is no longer realised stationary, but with the help of mobile assistance systems.<\/strong> Here, too, the course is set towards flexibilisation. With this approach, SEW is moving away from the classic automation pyramid in favour of a clearly defined solution approach. In addition, Maxolution is representative of the company's claim to be a drive and automation partner for customers with real flexibility.<strong> \u201eOne-stop shopping\u201c qualities<\/strong> to be.<\/p>\t\t\t\t\t\t\t\t<\/div>\n\t\t\t\t<\/div>\n\t\t\t\t<div class=\"elementor-element elementor-element-0c2299d exad-sticky-section-no exad-glass-effect-no elementor-widget elementor-widget-heading\" data-id=\"0c2299d\" data-element_type=\"widget\" data-e-type=\"widget\" data-widget_type=\"heading.default\">\n\t\t\t\t<div class=\"elementor-widget-container\">\n\t\t\t\t\t<h2 class=\"elementor-heading-title elementor-size-default\">And what happens next?<\/h2>\t\t\t\t<\/div>\n\t\t\t\t<\/div>\n\t\t\t\t<div class=\"elementor-element elementor-element-813f6bc exad-sticky-section-no exad-glass-effect-no elementor-widget elementor-widget-text-editor\" data-id=\"813f6bc\" data-element_type=\"widget\" data-e-type=\"widget\" data-widget_type=\"text-editor.default\">\n\t\t\t\t<div class=\"elementor-widget-container\">\n\t\t\t\t\t\t\t\t\t<p>90 years of SEW-Eurodrive this year: Today, more than 19,000 dedicated employees in 52 countries around the world stand behind it. Their motto: \u201eDriving the World\u201c. In view of the challenges posed by climate change in particular, the company believes it is ideally positioned. <strong>Storage technology from Bruchsal can already save a lot of energy in production and packaging technology, for example.<\/strong> In view of the increasing digitalisation of industry, the networking of systems will become more important in the future. Urban infrastructure will also take centre stage with, among other things, a dedicated research campus that SEW-Eurodrive has set up together with Karlsruhe University of Applied Sciences.<\/p><p><a title=\"Website of SEW -Eurodrive\" href=\"http:\/\/www.sew-eurodrive.de\" target=\"_blank\" rel=\"noopener\">http:\/\/www.sew-eurodrive.de<\/a><\/p>\t\t\t\t\t\t\t\t<\/div>\n\t\t\t\t<\/div>\n\t\t\t\t\t<\/div>\n\t\t<\/div>\n\t\t\t\t\t<\/div>\n\t\t<\/section>\n\t\t\t\t<section data-exad-particle-enable=\"false\" class=\"elementor-section elementor-top-section elementor-element elementor-element-3656d7ed elementor-section-boxed elementor-section-height-default elementor-section-height-default exad-parallax-effect-no exad-background-color-change-no exad-glass-effect-no exad-sticky-section-no\" data-id=\"3656d7ed\" data-element_type=\"section\" data-e-type=\"section\" data-settings=\"{&quot;background_background&quot;:&quot;classic&quot;}\">\n\t\t\t\t\t\t<div class=\"elementor-container elementor-column-gap-default\">\n\t\t\t\t\t<div class=\"elementor-column elementor-col-100 elementor-top-column elementor-element elementor-element-2cee169d exad-glass-effect-no exad-sticky-section-no\" data-id=\"2cee169d\" data-element_type=\"column\" data-e-type=\"column\">\n\t\t\t<div class=\"elementor-widget-wrap elementor-element-populated\">\n\t\t\t\t\t\t<div class=\"elementor-element elementor-element-18c68c3f exad-sticky-section-no exad-glass-effect-no elementor-widget elementor-widget-heading\" data-id=\"18c68c3f\" data-element_type=\"widget\" data-e-type=\"widget\" data-widget_type=\"heading.default\">\n\t\t\t\t<div class=\"elementor-widget-container\">\n\t\t\t\t\t<h2 class=\"elementor-heading-title elementor-size-default\">Further news from the companies<\/h2>\t\t\t\t<\/div>\n\t\t\t\t<\/div>\n\t\t\t\t<div class=\"elementor-element elementor-element-228d7c1f elementor-grid-3 elementor-grid-tablet-2 elementor-grid-mobile-1 elementor-posts--thumbnail-top elementor-posts__hover-gradient exad-sticky-section-no exad-glass-effect-no elementor-widget elementor-widget-posts\" data-id=\"228d7c1f\" data-element_type=\"widget\" data-e-type=\"widget\" data-settings=\"{&quot;cards_row_gap&quot;:{&quot;unit&quot;:&quot;px&quot;,&quot;size&quot;:38,&quot;sizes&quot;:[]},&quot;cards_columns&quot;:&quot;3&quot;,&quot;cards_columns_tablet&quot;:&quot;2&quot;,&quot;cards_columns_mobile&quot;:&quot;1&quot;,&quot;cards_row_gap_tablet&quot;:{&quot;unit&quot;:&quot;px&quot;,&quot;size&quot;:&quot;&quot;,&quot;sizes&quot;:[]},&quot;cards_row_gap_mobile&quot;:{&quot;unit&quot;:&quot;px&quot;,&quot;size&quot;:&quot;&quot;,&quot;sizes&quot;:[]}}\" data-widget_type=\"posts.cards\">\n\t\t\t\t<div class=\"elementor-widget-container\">\n\t\t\t\t\t\t\t<div class=\"elementor-posts-container elementor-posts elementor-posts--skin-cards elementor-grid\" role=\"list\">\n\t\t\t\t<article class=\"elementor-post elementor-grid-item post-115286 post type-post status-publish format-standard has-post-thumbnail category-aus-den-unternehmen-news tag-aus-den-unternehmen tag-mondi tag-packmittel-und-packstoffe tag-papier-pappe-karton cs-entry cs-video-wrap\" role=\"listitem\">\n\t\t\t<div class=\"elementor-post__card\">\n\t\t\t\t<a class=\"elementor-post__thumbnail__link\" href=\"https:\/\/packaging-journal.de\/en\/mondi-kuendigt-weitere-werksschliessungen-an\/\" tabindex=\"-1\"><div class=\"elementor-post__thumbnail\"><img loading=\"lazy\" decoding=\"async\" width=\"300\" height=\"163\" src=\"https:\/\/packaging-journal.de\/wp-content\/uploads\/2026\/04\/Mondi-Werksschliessungen-300x163.jpg\" class=\"attachment-medium size-medium wp-image-115287\" alt=\"\" srcset=\"https:\/\/packaging-journal.de\/wp-content\/uploads\/2026\/04\/Mondi-Werksschliessungen-300x163.jpg 300w, https:\/\/packaging-journal.de\/wp-content\/uploads\/2026\/04\/Mondi-Werksschliessungen-1024x555.jpg 1024w, https:\/\/packaging-journal.de\/wp-content\/uploads\/2026\/04\/Mondi-Werksschliessungen-768x416.jpg 768w, https:\/\/packaging-journal.de\/wp-content\/uploads\/2026\/04\/Mondi-Werksschliessungen-18x10.jpg 18w, https:\/\/packaging-journal.de\/wp-content\/uploads\/2026\/04\/Mondi-Werksschliessungen-332x180.jpg 332w, https:\/\/packaging-journal.de\/wp-content\/uploads\/2026\/04\/Mondi-Werksschliessungen-664x360.jpg 664w, https:\/\/packaging-journal.de\/wp-content\/uploads\/2026\/04\/Mondi-Werksschliessungen-688x373.jpg 688w, https:\/\/packaging-journal.de\/wp-content\/uploads\/2026\/04\/Mondi-Werksschliessungen-1044x566.jpg 1044w, https:\/\/packaging-journal.de\/wp-content\/uploads\/2026\/04\/Mondi-Werksschliessungen.jpg 1200w\" sizes=\"(max-width: 300px) 100vw, 300px\" \/><\/div><\/a>\n\t\t\t\t<div class=\"elementor-post__text\">\n\t\t\t\t<h3 class=\"elementor-post__title\">\n\t\t\t<a href=\"https:\/\/packaging-journal.de\/en\/mondi-kuendigt-weitere-werksschliessungen-an\/\">\n\t\t\t\tMondi announces further plant closures\t\t\t<\/a>\n\t\t<\/h3>\n\t\t\t\t<div class=\"elementor-post__excerpt\">\n\t\t\tRising costs and margin pressure are forcing the packaging group to make further adjustments.\t\t<\/div>\n\t\t\n\t\t<a class=\"elementor-post__read-more\" href=\"https:\/\/packaging-journal.de\/en\/mondi-kuendigt-weitere-werksschliessungen-an\/\" aria-label=\"Mondi announces further plant closures\" tabindex=\"-1\">\n\t\t\tRead more \"\t\t<\/a>\n\n\t\t\t\t<\/div>\n\t\t\t\t\t<\/div>\n\t\t<\/article>\n\t\t\t\t<article class=\"elementor-post elementor-grid-item post-114851 post type-post status-publish format-standard has-post-thumbnail category-aus-den-unternehmen-news tag-aus-den-unternehmen tag-dunapack tag-packmittel-und-packstoffe tag-papier-pappe-karton tag-stora-enso tag-wellpappe cs-entry cs-video-wrap\" role=\"listitem\">\n\t\t\t<div class=\"elementor-post__card\">\n\t\t\t\t<a class=\"elementor-post__thumbnail__link\" href=\"https:\/\/packaging-journal.de\/en\/dunapack-plant-zukauf-von-stora-enso\/\" tabindex=\"-1\"><div class=\"elementor-post__thumbnail\"><img loading=\"lazy\" decoding=\"async\" width=\"300\" height=\"163\" src=\"https:\/\/packaging-journal.de\/wp-content\/uploads\/2026\/04\/Dunapack-300x163.jpg\" class=\"attachment-medium size-medium wp-image-114853\" alt=\"\" srcset=\"https:\/\/packaging-journal.de\/wp-content\/uploads\/2026\/04\/Dunapack-300x163.jpg 300w, https:\/\/packaging-journal.de\/wp-content\/uploads\/2026\/04\/Dunapack-1024x555.jpg 1024w, https:\/\/packaging-journal.de\/wp-content\/uploads\/2026\/04\/Dunapack-768x416.jpg 768w, https:\/\/packaging-journal.de\/wp-content\/uploads\/2026\/04\/Dunapack-18x10.jpg 18w, https:\/\/packaging-journal.de\/wp-content\/uploads\/2026\/04\/Dunapack-332x180.jpg 332w, https:\/\/packaging-journal.de\/wp-content\/uploads\/2026\/04\/Dunapack-664x360.jpg 664w, https:\/\/packaging-journal.de\/wp-content\/uploads\/2026\/04\/Dunapack-688x373.jpg 688w, https:\/\/packaging-journal.de\/wp-content\/uploads\/2026\/04\/Dunapack-1044x566.jpg 1044w, https:\/\/packaging-journal.de\/wp-content\/uploads\/2026\/04\/Dunapack.jpg 1200w\" sizes=\"(max-width: 300px) 100vw, 300px\" \/><\/div><\/a>\n\t\t\t\t<div class=\"elementor-post__text\">\n\t\t\t\t<h3 class=\"elementor-post__title\">\n\t\t\t<a href=\"https:\/\/packaging-journal.de\/en\/dunapack-plant-zukauf-von-stora-enso\/\">\n\t\t\t\tDunapack purchase from Stora Enso\t\t\t<\/a>\n\t\t<\/h3>\n\t\t\t\t<div class=\"elementor-post__excerpt\">\n\t\t\tDunapack is significantly expanding its activities in the German corrugated board packaging market with the planned takeover.\t\t<\/div>\n\t\t\n\t\t<a class=\"elementor-post__read-more\" href=\"https:\/\/packaging-journal.de\/en\/dunapack-plant-zukauf-von-stora-enso\/\" aria-label=\"Read more about the Dunapack plant regarding the purchase from Stora Enso\" tabindex=\"-1\">\n\t\t\tRead more \"\t\t<\/a>\n\n\t\t\t\t<\/div>\n\t\t\t\t\t<\/div>\n\t\t<\/article>\n\t\t\t\t<article class=\"elementor-post elementor-grid-item post-114721 post type-post status-publish format-standard has-post-thumbnail category-aus-den-unternehmen-news tag-aus-den-unternehmen tag-industrieverpackungen tag-ringmetall tag-usa cs-entry cs-video-wrap\" role=\"listitem\">\n\t\t\t<div class=\"elementor-post__card\">\n\t\t\t\t<a class=\"elementor-post__thumbnail__link\" href=\"https:\/\/packaging-journal.de\/en\/ringmetall-baut-us-liner-geschaeft-aus\/\" tabindex=\"-1\"><div class=\"elementor-post__thumbnail\"><img loading=\"lazy\" decoding=\"async\" width=\"300\" height=\"163\" src=\"https:\/\/packaging-journal.de\/wp-content\/uploads\/2026\/04\/New-England-Plastics-300x163.jpg\" class=\"attachment-medium size-medium wp-image-114724\" alt=\"\" srcset=\"https:\/\/packaging-journal.de\/wp-content\/uploads\/2026\/04\/New-England-Plastics-300x163.jpg 300w, https:\/\/packaging-journal.de\/wp-content\/uploads\/2026\/04\/New-England-Plastics-1024x555.jpg 1024w, https:\/\/packaging-journal.de\/wp-content\/uploads\/2026\/04\/New-England-Plastics-768x416.jpg 768w, https:\/\/packaging-journal.de\/wp-content\/uploads\/2026\/04\/New-England-Plastics-18x10.jpg 18w, https:\/\/packaging-journal.de\/wp-content\/uploads\/2026\/04\/New-England-Plastics-332x180.jpg 332w, https:\/\/packaging-journal.de\/wp-content\/uploads\/2026\/04\/New-England-Plastics-664x360.jpg 664w, https:\/\/packaging-journal.de\/wp-content\/uploads\/2026\/04\/New-England-Plastics-688x373.jpg 688w, https:\/\/packaging-journal.de\/wp-content\/uploads\/2026\/04\/New-England-Plastics-1044x566.jpg 1044w, https:\/\/packaging-journal.de\/wp-content\/uploads\/2026\/04\/New-England-Plastics.jpg 1200w\" sizes=\"(max-width: 300px) 100vw, 300px\" \/><\/div><\/a>\n\t\t\t\t<div class=\"elementor-post__text\">\n\t\t\t\t<h3 class=\"elementor-post__title\">\n\t\t\t<a href=\"https:\/\/packaging-journal.de\/en\/ringmetall-baut-us-liner-geschaeft-aus\/\">\n\t\t\t\tRingmetall expands US liner business\t\t\t<\/a>\n\t\t<\/h3>\n\t\t\t\t<div class=\"elementor-post__excerpt\">\n\t\t\tThe company is acquiring the thermoforming division from New England Plastics.\t\t<\/div>\n\t\t\n\t\t<a class=\"elementor-post__read-more\" href=\"https:\/\/packaging-journal.de\/en\/ringmetall-baut-us-liner-geschaeft-aus\/\" aria-label=\"Ringmetall expands US liner business\" tabindex=\"-1\">\n\t\t\tRead more \"\t\t<\/a>\n\n\t\t\t\t<\/div>\n\t\t\t\t\t<\/div>\n\t\t<\/article>\n\t\t\t\t<article class=\"elementor-post elementor-grid-item post-114658 post type-post status-publish format-standard has-post-thumbnail category-personen tag-aus-den-unternehmen tag-heidelberger-druckmaschinen tag-personen tag-verpackungsdruck-und-veredelung cs-entry cs-video-wrap\" role=\"listitem\">\n\t\t\t<div class=\"elementor-post__card\">\n\t\t\t\t<a class=\"elementor-post__thumbnail__link\" href=\"https:\/\/packaging-journal.de\/en\/heidelberg-verlaengert-vertraege-von-ceo-und-cso\/\" tabindex=\"-1\"><div class=\"elementor-post__thumbnail\"><img loading=\"lazy\" decoding=\"async\" width=\"300\" height=\"163\" src=\"https:\/\/packaging-journal.de\/wp-content\/uploads\/2026\/04\/Heidelberg-CEO-300x163.jpg\" class=\"attachment-medium size-medium wp-image-114661\" alt=\"\" srcset=\"https:\/\/packaging-journal.de\/wp-content\/uploads\/2026\/04\/Heidelberg-CEO-300x163.jpg 300w, https:\/\/packaging-journal.de\/wp-content\/uploads\/2026\/04\/Heidelberg-CEO-1024x555.jpg 1024w, https:\/\/packaging-journal.de\/wp-content\/uploads\/2026\/04\/Heidelberg-CEO-768x416.jpg 768w, https:\/\/packaging-journal.de\/wp-content\/uploads\/2026\/04\/Heidelberg-CEO-18x10.jpg 18w, https:\/\/packaging-journal.de\/wp-content\/uploads\/2026\/04\/Heidelberg-CEO-332x180.jpg 332w, https:\/\/packaging-journal.de\/wp-content\/uploads\/2026\/04\/Heidelberg-CEO-664x360.jpg 664w, https:\/\/packaging-journal.de\/wp-content\/uploads\/2026\/04\/Heidelberg-CEO-688x373.jpg 688w, https:\/\/packaging-journal.de\/wp-content\/uploads\/2026\/04\/Heidelberg-CEO-1044x566.jpg 1044w, https:\/\/packaging-journal.de\/wp-content\/uploads\/2026\/04\/Heidelberg-CEO.jpg 1200w\" sizes=\"(max-width: 300px) 100vw, 300px\" \/><\/div><\/a>\n\t\t\t\t<div class=\"elementor-post__text\">\n\t\t\t\t<h3 class=\"elementor-post__title\">\n\t\t\t<a href=\"https:\/\/packaging-journal.de\/en\/heidelberg-verlaengert-vertraege-von-ceo-und-cso\/\">\n\t\t\t\tHeidelberg extends contracts of CEO and CSO\t\t\t<\/a>\n\t\t<\/h3>\n\t\t\t\t<div class=\"elementor-post__excerpt\">\n\t\t\tHeidelberger Druckmaschinen AG is relying on continuity.\t\t<\/div>\n\t\t\n\t\t<a class=\"elementor-post__read-more\" href=\"https:\/\/packaging-journal.de\/en\/heidelberg-verlaengert-vertraege-von-ceo-und-cso\/\" aria-label=\"Read more about Heidelberg extending contracts of CEO and CSO\" tabindex=\"-1\">\n\t\t\tRead more \"\t\t<\/a>\n\n\t\t\t\t<\/div>\n\t\t\t\t\t<\/div>\n\t\t<\/article>\n\t\t\t\t<article class=\"elementor-post elementor-grid-item post-114634 post type-post status-publish format-standard has-post-thumbnail category-aus-den-unternehmen-news tag-aus-den-unternehmen tag-glas tag-packmittel-und-packstoffe tag-pharma-kosmetik-chemie cs-entry cs-video-wrap\" role=\"listitem\">\n\t\t\t<div class=\"elementor-post__card\">\n\t\t\t\t<a class=\"elementor-post__thumbnail__link\" href=\"https:\/\/packaging-journal.de\/en\/heinz-glas-investiert-in-neue-schmelzwanne\/\" tabindex=\"-1\"><div class=\"elementor-post__thumbnail\"><img loading=\"lazy\" decoding=\"async\" width=\"300\" height=\"163\" src=\"https:\/\/packaging-journal.de\/wp-content\/uploads\/2026\/04\/Heinz-Einweihung-Wanne-300x163.jpg\" class=\"attachment-medium size-medium wp-image-114637\" alt=\"\" srcset=\"https:\/\/packaging-journal.de\/wp-content\/uploads\/2026\/04\/Heinz-Einweihung-Wanne-300x163.jpg 300w, https:\/\/packaging-journal.de\/wp-content\/uploads\/2026\/04\/Heinz-Einweihung-Wanne-1024x555.jpg 1024w, https:\/\/packaging-journal.de\/wp-content\/uploads\/2026\/04\/Heinz-Einweihung-Wanne-768x416.jpg 768w, https:\/\/packaging-journal.de\/wp-content\/uploads\/2026\/04\/Heinz-Einweihung-Wanne-18x10.jpg 18w, https:\/\/packaging-journal.de\/wp-content\/uploads\/2026\/04\/Heinz-Einweihung-Wanne-332x180.jpg 332w, https:\/\/packaging-journal.de\/wp-content\/uploads\/2026\/04\/Heinz-Einweihung-Wanne-664x360.jpg 664w, https:\/\/packaging-journal.de\/wp-content\/uploads\/2026\/04\/Heinz-Einweihung-Wanne-688x373.jpg 688w, https:\/\/packaging-journal.de\/wp-content\/uploads\/2026\/04\/Heinz-Einweihung-Wanne-1044x566.jpg 1044w, https:\/\/packaging-journal.de\/wp-content\/uploads\/2026\/04\/Heinz-Einweihung-Wanne.jpg 1200w\" sizes=\"(max-width: 300px) 100vw, 300px\" \/><\/div><\/a>\n\t\t\t\t<div class=\"elementor-post__text\">\n\t\t\t\t<h3 class=\"elementor-post__title\">\n\t\t\t<a href=\"https:\/\/packaging-journal.de\/en\/heinz-glas-investiert-in-neue-schmelzwanne\/\">\n\t\t\t\tHeinz-Glas invests in new melting furnace\t\t\t<\/a>\n\t\t<\/h3>\n\t\t\t\t<div class=\"elementor-post__excerpt\">\n\t\t\tWith an investment amounting to around 13 million euros, the company is further expanding its German production site.\t\t<\/div>\n\t\t\n\t\t<a class=\"elementor-post__read-more\" href=\"https:\/\/packaging-journal.de\/en\/heinz-glas-investiert-in-neue-schmelzwanne\/\" aria-label=\"Read more about Heinz-Glas invests in a new melting furnace\" tabindex=\"-1\">\n\t\t\tRead more \"\t\t<\/a>\n\n\t\t\t\t<\/div>\n\t\t\t\t\t<\/div>\n\t\t<\/article>\n\t\t\t\t<article class=\"elementor-post elementor-grid-item post-114598 post type-post status-publish format-standard has-post-thumbnail category-aus-den-unternehmen-news tag-aus-den-unternehmen tag-etikettieren-kennzeichnen-codieren tag-grossbritannien tag-saica cs-entry cs-video-wrap\" role=\"listitem\">\n\t\t\t<div class=\"elementor-post__card\">\n\t\t\t\t<a class=\"elementor-post__thumbnail__link\" href=\"https:\/\/packaging-journal.de\/en\/saica-flex-deeside-investiert-in-beschichtungstechnologie\/\" tabindex=\"-1\"><div class=\"elementor-post__thumbnail\"><img loading=\"lazy\" decoding=\"async\" width=\"300\" height=\"163\" src=\"https:\/\/packaging-journal.de\/wp-content\/uploads\/2026\/04\/Saica-Coating-300x163.jpg\" class=\"attachment-medium size-medium wp-image-114601\" alt=\"\" srcset=\"https:\/\/packaging-journal.de\/wp-content\/uploads\/2026\/04\/Saica-Coating-300x163.jpg 300w, https:\/\/packaging-journal.de\/wp-content\/uploads\/2026\/04\/Saica-Coating-1024x555.jpg 1024w, https:\/\/packaging-journal.de\/wp-content\/uploads\/2026\/04\/Saica-Coating-768x416.jpg 768w, https:\/\/packaging-journal.de\/wp-content\/uploads\/2026\/04\/Saica-Coating-18x10.jpg 18w, https:\/\/packaging-journal.de\/wp-content\/uploads\/2026\/04\/Saica-Coating-332x180.jpg 332w, https:\/\/packaging-journal.de\/wp-content\/uploads\/2026\/04\/Saica-Coating-664x360.jpg 664w, https:\/\/packaging-journal.de\/wp-content\/uploads\/2026\/04\/Saica-Coating-688x373.jpg 688w, https:\/\/packaging-journal.de\/wp-content\/uploads\/2026\/04\/Saica-Coating-1044x566.jpg 1044w, https:\/\/packaging-journal.de\/wp-content\/uploads\/2026\/04\/Saica-Coating.jpg 1200w\" sizes=\"(max-width: 300px) 100vw, 300px\" \/><\/div><\/a>\n\t\t\t\t<div class=\"elementor-post__text\">\n\t\t\t\t<h3 class=\"elementor-post__title\">\n\t\t\t<a href=\"https:\/\/packaging-journal.de\/en\/saica-flex-deeside-investiert-in-beschichtungstechnologie\/\">\n\t\t\t\tSaica Flex Deeside invests in coating technology\t\t\t<\/a>\n\t\t<\/h3>\n\t\t\t\t<div class=\"elementor-post__excerpt\">\n\t\t\tThe company is strengthening its position in the UK label market.\t\t<\/div>\n\t\t\n\t\t<a class=\"elementor-post__read-more\" href=\"https:\/\/packaging-journal.de\/en\/saica-flex-deeside-investiert-in-beschichtungstechnologie\/\" aria-label=\"Read more about Saica Flex Deeside invests in coating technology\" tabindex=\"-1\">\n\t\t\tRead more \"\t\t<\/a>\n\n\t\t\t\t<\/div>\n\t\t\t\t\t<\/div>\n\t\t<\/article>\n\t\t\t\t<\/div>\n\t\t\n\t\t\t\t\t\t<\/div>\n\t\t\t\t<\/div>\n\t\t\t\t\t<\/div>\n\t\t<\/div>\n\t\t\t\t\t<\/div>\n\t\t<\/section>\n\t\t\t\t<\/div>","protected":false},"excerpt":{"rendered":"What does a banker have to do with drives? And what does packaging technology have to do with it today? How do they fit together? Quite simply. A man of numbers is the midwife of a company that today, as SEW-Eurodrive, is one of the international technology leaders in machine and factory automation and is celebrating a milestone birthday this year.","protected":false},"author":1,"featured_media":53063,"comment_status":"closed","ping_status":"closed","sticky":false,"template":"","format":"standard","meta":{"_acf_changed":false,"__cvm_playback_settings":[],"__cvm_video_id":"","rank_math_description":"Die SEW-Eurodrive feiert dieser Tage 90. Jubil\u00e4um. Wie sahen die Anf\u00e4nge des s\u00fcddeutschen Traditionsunternehmens aus?","rank_math_focus_keyword":"SEW-Eurodrive","rank_math_title":"","csco_display_header_overlay":false,"csco_singular_sidebar":"","csco_page_header_type":"","csco_page_load_nextpost":"","csco_post_video_location":[],"csco_post_video_location_hash":"","csco_post_video_url":"","csco_post_video_bg_start_time":0,"csco_post_video_bg_end_time":0,"footnotes":"","_links_to":"","_links_to_target":""},"categories":[28,20],"tags":[43,55,59416,58782,39],"class_list":{"0":"post-53062","1":"post","2":"type-post","3":"status-publish","4":"format-standard","5":"has-post-thumbnail","7":"category-aus-dem-magazin","8":"category-unternehmen-themen","9":"tag-aus-den-unternehmen","10":"tag-automatisieren-und-robotik","11":"tag-magazin-09-2021","12":"tag-sew-eurodrive","13":"tag-verpackungstechnik","14":"cs-entry","15":"cs-video-wrap"},"acf":[],"vimeo_video":null,"_links":{"self":[{"href":"https:\/\/packaging-journal.de\/en\/wp-json\/wp\/v2\/posts\/53062","targetHints":{"allow":["GET"]}}],"collection":[{"href":"https:\/\/packaging-journal.de\/en\/wp-json\/wp\/v2\/posts"}],"about":[{"href":"https:\/\/packaging-journal.de\/en\/wp-json\/wp\/v2\/types\/post"}],"author":[{"embeddable":true,"href":"https:\/\/packaging-journal.de\/en\/wp-json\/wp\/v2\/users\/1"}],"replies":[{"embeddable":true,"href":"https:\/\/packaging-journal.de\/en\/wp-json\/wp\/v2\/comments?post=53062"}],"version-history":[{"count":0,"href":"https:\/\/packaging-journal.de\/en\/wp-json\/wp\/v2\/posts\/53062\/revisions"}],"wp:featuredmedia":[{"embeddable":true,"href":"https:\/\/packaging-journal.de\/en\/wp-json\/wp\/v2\/media\/53063"}],"wp:attachment":[{"href":"https:\/\/packaging-journal.de\/en\/wp-json\/wp\/v2\/media?parent=53062"}],"wp:term":[{"taxonomy":"category","embeddable":true,"href":"https:\/\/packaging-journal.de\/en\/wp-json\/wp\/v2\/categories?post=53062"},{"taxonomy":"post_tag","embeddable":true,"href":"https:\/\/packaging-journal.de\/en\/wp-json\/wp\/v2\/tags?post=53062"}],"curies":[{"name":"wp","href":"https:\/\/api.w.org\/{rel}","templated":true}]}}