{"id":53408,"date":"2021-12-29T09:15:06","date_gmt":"2021-12-29T08:15:06","guid":{"rendered":"https:\/\/packaging-journal.de\/?p=53408"},"modified":"2021-12-13T13:48:44","modified_gmt":"2021-12-13T12:48:44","slug":"gerhard-schubert-sustainability-packaging","status":"publish","type":"post","link":"https:\/\/packaging-journal.de\/en\/gerhard-schubert-nachhaltigkeit-verpackung\/","title":{"rendered":"Schubert: Sustainability with a sense of proportion"},"content":{"rendered":"<div data-elementor-type=\"wp-post\" data-elementor-id=\"53408\" class=\"elementor elementor-53408\" data-elementor-post-type=\"post\">\n\t\t\t\t\t\t<section data-exad-particle-enable=\"false\" class=\"elementor-section elementor-top-section elementor-element elementor-element-0e27db4 elementor-section-boxed elementor-section-height-default elementor-section-height-default exad-parallax-effect-no exad-background-color-change-no exad-glass-effect-no exad-sticky-section-no\" data-id=\"0e27db4\" data-element_type=\"section\" data-e-type=\"section\">\n\t\t\t\t\t\t<div class=\"elementor-container elementor-column-gap-default\">\n\t\t\t\t\t<div class=\"elementor-column elementor-col-100 elementor-top-column elementor-element elementor-element-f0ea1bb exad-glass-effect-no exad-sticky-section-no\" data-id=\"f0ea1bb\" data-element_type=\"column\" data-e-type=\"column\">\n\t\t\t<div class=\"elementor-widget-wrap elementor-element-populated\">\n\t\t\t\t\t\t<div class=\"elementor-element elementor-element-6fbba9b exad-sticky-section-no exad-glass-effect-no elementor-widget elementor-widget-text-editor\" data-id=\"6fbba9b\" data-element_type=\"widget\" data-e-type=\"widget\" data-widget_type=\"text-editor.default\">\n\t\t\t\t<div class=\"elementor-widget-container\">\n\t\t\t\t\t\t\t\t\t<p><strong>Paper-based, made of glass or biodegradable plastic? Opinions often differ widely on what constitutes sustainable packaging. One thing is certain: the pressure on manufacturers and users is growing. So how can the demands of consumers and the wishes of recyclers be met?<\/strong><\/p><p>Many consumers are unsure which product choice will keep their ecological footprint lean when shopping. They are not alone in this - some manufacturers or users of packaging feel the same way. Packaging that is well-intentioned but does more harm than good to the environment still finds its way onto the market. <strong>Ultimately, it is the waste disposal companies that suffer<\/strong>What cannot be easily separated or only makes up a small proportion of the recyclable material collection cannot be recycled.<\/p><p class=\"Formatvorlage1\">For economic reasons, but also because the industry expects politicians to impose even stricter recycling quotas in the foreseeable future, several recyclers and dual systems have now developed their own certifications to assess the recyclability of packaging. Points are deducted, for example, for material composites that are difficult or impossible to separate, such as PE bottles with PVC sleeves. <strong>Monomaterial, on the other hand, is rewarded<\/strong>. Consultancy firms and technical testing organisations also offer corresponding services. However, those who produce or use packaging sometimes have to dig deep into their pockets for these services. <strong>Changing the material or replacing the systems can be even more expensive<\/strong>.<\/p><div class=\"packa-in-post-alle\" style=\"text-align: center;\" id=\"packa-2401239943\"><div id=\"packa-512323971\"><a data-no-instant=\"1\" href=\"https:\/\/packaging-journal.de\/en\/newsletter\/\" rel=\"noopener\" class=\"a2t-link\" target=\"_blank\" aria-label=\"PJ Self-promotion English 03\"><!--noptimize--><img src=\"https:\/\/packaging-journal.de\/wp-content\/uploads\/2026\/01\/PJ-Eigenwerbung-English-03.png\" alt=\"\"  srcset=\"https:\/\/packaging-journal.de\/wp-content\/uploads\/2026\/01\/PJ-Eigenwerbung-English-03.png 840w, https:\/\/packaging-journal.de\/wp-content\/uploads\/2026\/01\/PJ-Eigenwerbung-English-03-300x75.png 300w, https:\/\/packaging-journal.de\/wp-content\/uploads\/2026\/01\/PJ-Eigenwerbung-English-03-768x192.png 768w, https:\/\/packaging-journal.de\/wp-content\/uploads\/2026\/01\/PJ-Eigenwerbung-English-03-18x5.png 18w, https:\/\/packaging-journal.de\/wp-content\/uploads\/2026\/01\/PJ-Eigenwerbung-English-03-332x83.png 332w, https:\/\/packaging-journal.de\/wp-content\/uploads\/2026\/01\/PJ-Eigenwerbung-English-03-664x166.png 664w, https:\/\/packaging-journal.de\/wp-content\/uploads\/2026\/01\/PJ-Eigenwerbung-English-03-688x172.png 688w\" sizes=\"(max-width: 840px) 100vw, 840px\" width=\"840\" height=\"210\"  style=\" max-width: 100%; height: auto;\" \/><!--\/noptimize--><\/a><\/div><\/div>\t\t\t\t\t\t\t\t<\/div>\n\t\t\t\t<\/div>\n\t\t\t\t<div class=\"elementor-element elementor-element-f8076f9 exad-sticky-section-no exad-glass-effect-no elementor-widget elementor-widget-heading\" data-id=\"f8076f9\" data-element_type=\"widget\" data-e-type=\"widget\" data-widget_type=\"heading.default\">\n\t\t\t\t<div class=\"elementor-widget-container\">\n\t\t\t\t\t<h2 class=\"elementor-heading-title elementor-size-default\">Consider recyclability from the outset<\/h2>\t\t\t\t<\/div>\n\t\t\t\t<\/div>\n\t\t\t\t<div class=\"elementor-element elementor-element-07bcf6a exad-sticky-section-no exad-glass-effect-no elementor-widget elementor-widget-text-editor\" data-id=\"07bcf6a\" data-element_type=\"widget\" data-e-type=\"widget\" data-widget_type=\"text-editor.default\">\n\t\t\t\t<div class=\"elementor-widget-container\">\n\t\t\t\t\t\t\t\t\t<p class=\"Formatvorlage1\">It is easier to get a player on board for packaging development who is at the very beginning of the chain and has a decisive influence on the quality of the packaging: <strong>Manufacturers of high-quality packaging systems have this valuable expertise in materials, design and recyclability.<\/strong> They know every detail of the packaging that is processed on their machines and know exactly which factors have an impact on sustainability. In addition to maximising material and energy efficiency during production and processing, recyclability at the end of the life cycle is now also a driver.<\/p><p>A machine manufacturer from Crailsheim also offers packaging design as a service. Sustainability is taken into account just as much as product safety and efficient handling. \u201e<strong>We do not see design for recycling as an obstacle, but as an integral part of the development process<\/strong>. After all, thinner wall thicknesses or cartons with smaller dimensions not only have a positive impact ecologically, but also economically,\u201c says Valentin K\u00f6hler, who has been a packaging developer at <a title=\"Our articles on the subject of Schubert\" href=\"https:\/\/packaging-journal.de\/tag\/gerhard-schubert\/\">Schubert<\/a>. With an intelligent solution, the packaging system manufacturer from Crailsheim recently helped a confectionery manufacturer from Turkey to achieve material savings of up to 25 per cent, for example.<\/p><div id=\"packa-1479433793\" class=\"packa-inhalt\"><!--noptimize--><script async src=\"https:\/\/pagead2.googlesyndication.com\/pagead\/js\/adsbygoogle.js?client=ca-pub-2686439340972671\" crossorigin=\"anonymous\"><\/script>\r\n<ins class=\"adsbygoogle\" style=\"display:block;text-align:center\" data-ad-layout=\"in-article\" data-ad-format=\"fluid\" data-ad-client=\"ca-pub-2686439340972671\" data-ad-slot=\"6171251825\"><\/ins>\r\n<script>\r\n     (adsbygoogle = window.adsbygoogle || []).push({});\r\n<\/script><!--\/noptimize--><\/div>\t\t\t\t\t\t\t\t<\/div>\n\t\t\t\t<\/div>\n\t\t\t\t<div class=\"elementor-element elementor-element-a08547d exad-sticky-section-no exad-glass-effect-no elementor-widget elementor-widget-image\" data-id=\"a08547d\" data-element_type=\"widget\" data-e-type=\"widget\" data-widget_type=\"image.default\">\n\t\t\t\t<div class=\"elementor-widget-container\">\n\t\t\t\t\t\t\t\t\t\t\t\t<figure class=\"wp-caption\">\n\t\t\t\t\t\t\t\t\t\t<img fetchpriority=\"high\" decoding=\"async\" width=\"1024\" height=\"683\" src=\"https:\/\/packaging-journal.de\/wp-content\/uploads\/2021\/12\/LM-Schubert-Mio-1-1024x683.jpg\" class=\"attachment-large size-large wp-image-53420\" alt=\"\" srcset=\"https:\/\/packaging-journal.de\/wp-content\/uploads\/2021\/12\/LM-Schubert-Mio-1-1024x683.jpg 1024w, https:\/\/packaging-journal.de\/wp-content\/uploads\/2021\/12\/LM-Schubert-Mio-1-300x200.jpg 300w, https:\/\/packaging-journal.de\/wp-content\/uploads\/2021\/12\/LM-Schubert-Mio-1-768x512.jpg 768w, https:\/\/packaging-journal.de\/wp-content\/uploads\/2021\/12\/LM-Schubert-Mio-1-1536x1024.jpg 1536w, https:\/\/packaging-journal.de\/wp-content\/uploads\/2021\/12\/LM-Schubert-Mio-1-2048x1365.jpg 2048w, https:\/\/packaging-journal.de\/wp-content\/uploads\/2021\/12\/LM-Schubert-Mio-1-1320x880.jpg 1320w, https:\/\/packaging-journal.de\/wp-content\/uploads\/2021\/12\/LM-Schubert-Mio-1-600x400.jpg 600w, https:\/\/packaging-journal.de\/wp-content\/uploads\/2021\/12\/LM-Schubert-Mio-1.jpg 2250w\" sizes=\"(max-width: 1024px) 100vw, 1024px\" \/>\t\t\t\t\t\t\t\t\t\t\t<figcaption class=\"widget-image-caption wp-caption-text\">Clever cuts: they led to significant material savings in the boxes of the Turkish confectionery manufacturer T\u00f6ren. (Image: Gerhard Schubert GmbH)<\/figcaption>\n\t\t\t\t\t\t\t\t\t\t<\/figure>\n\t\t\t\t\t\t\t\t\t<\/div>\n\t\t\t\t<\/div>\n\t\t\t\t<div class=\"elementor-element elementor-element-f11fea9 exad-sticky-section-no exad-glass-effect-no elementor-widget elementor-widget-text-editor\" data-id=\"f11fea9\" data-element_type=\"widget\" data-e-type=\"widget\" data-widget_type=\"text-editor.default\">\n\t\t\t\t<div class=\"elementor-widget-container\">\n\t\t\t\t\t\t\t\t\t<p>\u201eThis pays off quickly and in the long term - especially in times of rising raw material costs,\u201c he emphasises. The savings were made by completely redesigning the boxes: The previous solution with pre-glued boxes was replaced by a new box concept as part of the packaging automation. As the case packer works very precisely and only requires low tolerances for the packaging, <strong>This made it possible to cut the blanks to a smaller size and reduce the amount of packaging material.<\/strong><\/p><p class=\"Formatvorlage1\"><span style=\"color: black;\">At herbal liqueur manufacturer J\u00e4germeister, for example, the bottles were inserted into cardboard trays by hand outside of production and then wrapped in shrink film. In close collaboration with Schubert, Mast-J\u00e4germeister SE designed new outer packaging that does not require plastic. <strong>It was important to remain true to the appearance of the traditional J\u00e4germeister brand<\/strong> and not only with state-of-the-art robot technology, but also with material and format a safe step <strong>into the future of packaging design<\/strong>. To this end, both the sales and shipping packaging were completely redeveloped for machine processing and optimised for automated packaging processes.<\/span><\/p>\t\t\t\t\t\t\t\t<\/div>\n\t\t\t\t<\/div>\n\t\t\t\t<div class=\"elementor-element elementor-element-1351539 exad-sticky-section-no exad-glass-effect-no elementor-widget elementor-widget-heading\" data-id=\"1351539\" data-element_type=\"widget\" data-e-type=\"widget\" data-widget_type=\"heading.default\">\n\t\t\t\t<div class=\"elementor-widget-container\">\n\t\t\t\t\t<h2 class=\"elementor-heading-title elementor-size-default\">Harmonising sustainability with other requirements<\/h2>\t\t\t\t<\/div>\n\t\t\t\t<\/div>\n\t\t\t\t<div class=\"elementor-element elementor-element-495dc7e exad-sticky-section-no exad-glass-effect-no elementor-widget elementor-widget-text-editor\" data-id=\"495dc7e\" data-element_type=\"widget\" data-e-type=\"widget\" data-widget_type=\"text-editor.default\">\n\t\t\t\t<div class=\"elementor-widget-container\">\n\t\t\t\t\t\t\t\t\t<p class=\"Formatvorlage1\">Standardised material, and as little of it as possible - is that the whole secret to developing sustainable packaging? \u201eOf course, you always have to be realistic: <strong>For food producers, sustainability is one aspect among many<\/strong>\u201e, K\u00f6hler points out. \u201eCompetition is extremely fierce in the food industry in particular. Issues such as visibility at the PoS, reliable procurement and compatibility with common transport systems also play a comparable role there.\u201c The trick is therefore to consider all requirements equally in order to ultimately find the optimum solution that requires as few compromises as possible.<\/p>\t\t\t\t\t\t\t\t<\/div>\n\t\t\t\t<\/div>\n\t\t\t\t<div class=\"elementor-element elementor-element-4703d4e exad-sticky-section-no exad-glass-effect-no elementor-widget elementor-widget-image\" data-id=\"4703d4e\" data-element_type=\"widget\" data-e-type=\"widget\" data-widget_type=\"image.default\">\n\t\t\t\t<div class=\"elementor-widget-container\">\n\t\t\t\t\t\t\t\t\t\t\t\t<figure class=\"wp-caption\">\n\t\t\t\t\t\t\t\t\t\t<img decoding=\"async\" width=\"1024\" height=\"683\" src=\"https:\/\/packaging-journal.de\/wp-content\/uploads\/2021\/12\/LM-Schubert-2-Folie-Nippon-1024x683.jpg\" class=\"attachment-large size-large wp-image-53415\" alt=\"\" srcset=\"https:\/\/packaging-journal.de\/wp-content\/uploads\/2021\/12\/LM-Schubert-2-Folie-Nippon-1024x683.jpg 1024w, https:\/\/packaging-journal.de\/wp-content\/uploads\/2021\/12\/LM-Schubert-2-Folie-Nippon-300x200.jpg 300w, https:\/\/packaging-journal.de\/wp-content\/uploads\/2021\/12\/LM-Schubert-2-Folie-Nippon-768x512.jpg 768w, https:\/\/packaging-journal.de\/wp-content\/uploads\/2021\/12\/LM-Schubert-2-Folie-Nippon-1536x1024.jpg 1536w, https:\/\/packaging-journal.de\/wp-content\/uploads\/2021\/12\/LM-Schubert-2-Folie-Nippon-2048x1365.jpg 2048w, https:\/\/packaging-journal.de\/wp-content\/uploads\/2021\/12\/LM-Schubert-2-Folie-Nippon-1320x880.jpg 1320w, https:\/\/packaging-journal.de\/wp-content\/uploads\/2021\/12\/LM-Schubert-2-Folie-Nippon-600x400.jpg 600w, https:\/\/packaging-journal.de\/wp-content\/uploads\/2021\/12\/LM-Schubert-2-Folie-Nippon.jpg 2250w\" sizes=\"(max-width: 1024px) 100vw, 1024px\" \/>\t\t\t\t\t\t\t\t\t\t\t<figcaption class=\"widget-image-caption wp-caption-text\">Small savings, big effect: shortened plastic trays require less film for the tubular bags. (Pictures: Gerhard Schubert GmbH)<\/figcaption>\n\t\t\t\t\t\t\t\t\t\t<\/figure>\n\t\t\t\t\t\t\t\t\t<\/div>\n\t\t\t\t<\/div>\n\t\t\t\t<div class=\"elementor-element elementor-element-9c6f729 exad-sticky-section-no exad-glass-effect-no elementor-widget elementor-widget-text-editor\" data-id=\"9c6f729\" data-element_type=\"widget\" data-e-type=\"widget\" data-widget_type=\"text-editor.default\">\n\t\t\t\t<div class=\"elementor-widget-container\">\n\t\t\t\t\t\t\t\t\t<p>The development for Hosta is an impressive example of how sustainability and profitability can be combined. The long-established Franconian company is best known for its Nippon puffed rice product. Schubert was brought in as a partner at a very early stage of the project to design a new packaging approach. The aim was to optimise the packaging design with regard to <strong>Sustainability<\/strong> and <strong>Economic efficiency<\/strong> to optimise.<\/p>\t\t\t\t\t\t\t\t<\/div>\n\t\t\t\t<\/div>\n\t\t\t\t<div class=\"elementor-element elementor-element-f6e90f3 exad-sticky-section-no exad-glass-effect-no elementor-widget elementor-widget-image\" data-id=\"f6e90f3\" data-element_type=\"widget\" data-e-type=\"widget\" data-widget_type=\"image.default\">\n\t\t\t\t<div class=\"elementor-widget-container\">\n\t\t\t\t\t\t\t\t\t\t\t\t<figure class=\"wp-caption\">\n\t\t\t\t\t\t\t\t\t\t<img decoding=\"async\" width=\"1024\" height=\"710\" src=\"https:\/\/packaging-journal.de\/wp-content\/uploads\/2021\/12\/LM-Schubert-Reserve-Pick-and-Place-Hosta-1024x710.jpg\" class=\"attachment-large size-large wp-image-53422\" alt=\"\" srcset=\"https:\/\/packaging-journal.de\/wp-content\/uploads\/2021\/12\/LM-Schubert-Reserve-Pick-and-Place-Hosta-1024x710.jpg 1024w, https:\/\/packaging-journal.de\/wp-content\/uploads\/2021\/12\/LM-Schubert-Reserve-Pick-and-Place-Hosta-300x208.jpg 300w, https:\/\/packaging-journal.de\/wp-content\/uploads\/2021\/12\/LM-Schubert-Reserve-Pick-and-Place-Hosta-768x533.jpg 768w, https:\/\/packaging-journal.de\/wp-content\/uploads\/2021\/12\/LM-Schubert-Reserve-Pick-and-Place-Hosta-1536x1066.jpg 1536w, https:\/\/packaging-journal.de\/wp-content\/uploads\/2021\/12\/LM-Schubert-Reserve-Pick-and-Place-Hosta-2048x1421.jpg 2048w, https:\/\/packaging-journal.de\/wp-content\/uploads\/2021\/12\/LM-Schubert-Reserve-Pick-and-Place-Hosta-1320x916.jpg 1320w, https:\/\/packaging-journal.de\/wp-content\/uploads\/2021\/12\/LM-Schubert-Reserve-Pick-and-Place-Hosta-600x416.jpg 600w, https:\/\/packaging-journal.de\/wp-content\/uploads\/2021\/12\/LM-Schubert-Reserve-Pick-and-Place-Hosta.jpg 2162w\" sizes=\"(max-width: 1024px) 100vw, 1024px\" \/>\t\t\t\t\t\t\t\t\t\t\t<figcaption class=\"widget-image-caption wp-caption-text\">Precision work: Thanks to precise pick-and-place robots, the plastic trays at Hosta could be shortened by ten millimetres. (Image: Gerhard Schubert GmbH)<\/figcaption>\n\t\t\t\t\t\t\t\t\t\t<\/figure>\n\t\t\t\t\t\t\t\t\t<\/div>\n\t\t\t\t<\/div>\n\t\t\t\t<div class=\"elementor-element elementor-element-036cffc exad-sticky-section-no exad-glass-effect-no elementor-widget elementor-widget-text-editor\" data-id=\"036cffc\" data-element_type=\"widget\" data-e-type=\"widget\" data-widget_type=\"text-editor.default\">\n\t\t\t\t<div class=\"elementor-widget-container\">\n\t\t\t\t\t\t\t\t\t<p>Thanks to precise pick-and-place robots, the developers were able to shorten the plastic trays by ten millimetres. Thanks to this optimisation, the film repeat of the tubular bags could also be shortened once again. <strong>by six millimetres<\/strong> reduce packaging material. This saves packaging material and therefore costs in the long term.<\/p><p>The packaging professionals have even redesigned the box: It now consists of a single flat blank with a lid, rather than three different parts. <strong>Taken together, the improved packaging offers so much savings potential that the footprint of the outer packaging could be significantly reduced<\/strong>: There is now space for nine boxes per layer on a shipping pallet instead of the previous eight.<\/p>\t\t\t\t\t\t\t\t<\/div>\n\t\t\t\t<\/div>\n\t\t\t\t<div class=\"elementor-element elementor-element-3561804 exad-sticky-section-no exad-glass-effect-no elementor-widget elementor-widget-heading\" data-id=\"3561804\" data-element_type=\"widget\" data-e-type=\"widget\" data-widget_type=\"heading.default\">\n\t\t\t\t<div class=\"elementor-widget-container\">\n\t\t\t\t\t<h2 class=\"elementor-heading-title elementor-size-default\">Utilising many years of expertise for today's challenges<\/h2>\t\t\t\t<\/div>\n\t\t\t\t<\/div>\n\t\t\t\t<div class=\"elementor-element elementor-element-16cc350 exad-sticky-section-no exad-glass-effect-no elementor-widget elementor-widget-text-editor\" data-id=\"16cc350\" data-element_type=\"widget\" data-e-type=\"widget\" data-widget_type=\"text-editor.default\">\n\t\t\t\t<div class=\"elementor-widget-container\">\n\t\t\t\t\t\t\t\t\t<p class=\"Formatvorlage1\">As a packaging machine manufacturer that already worked mainly with cardboard 50 years ago, Schubert has a high level of expertise in this material. This is paying off again today, <strong>In Europe in particular, the trend towards paper, cardboard and paperboard has increased due to stricter legal requirements<\/strong>. \u201eCardboard is now in even greater demand from manufacturers,\u201c confirms packaging developer K\u00f6hler.<\/p><p>However, the compatibility of sustainability and cost-effectiveness also takes centre stage for all other materials. \u201eWith a view to sustainability, there is an increasing demand for technological openness in many areas of industry,\u201c explains K\u00f6hler. \u201eWe have been offering this with our flexible systems since the mid-1980s: <strong>Today, for example, most of them can be used to process both plastic and cardboard packaging<\/strong>.\u201c The handling of composite materials is also possible without any problems.<\/p>\t\t\t\t\t\t\t\t<\/div>\n\t\t\t\t<\/div>\n\t\t\t\t<div class=\"elementor-element elementor-element-6997853 exad-sticky-section-no exad-glass-effect-no elementor-widget elementor-widget-image\" data-id=\"6997853\" data-element_type=\"widget\" data-e-type=\"widget\" data-widget_type=\"image.default\">\n\t\t\t\t<div class=\"elementor-widget-container\">\n\t\t\t\t\t\t\t\t\t\t\t\t<figure class=\"wp-caption\">\n\t\t\t\t\t\t\t\t\t\t<img loading=\"lazy\" decoding=\"async\" width=\"1024\" height=\"683\" src=\"https:\/\/packaging-journal.de\/wp-content\/uploads\/2021\/12\/LM-Schubert-Elsass-1024x683.jpg\" class=\"attachment-large size-large wp-image-53421\" alt=\"\" srcset=\"https:\/\/packaging-journal.de\/wp-content\/uploads\/2021\/12\/LM-Schubert-Elsass-1024x683.jpg 1024w, https:\/\/packaging-journal.de\/wp-content\/uploads\/2021\/12\/LM-Schubert-Elsass-300x200.jpg 300w, https:\/\/packaging-journal.de\/wp-content\/uploads\/2021\/12\/LM-Schubert-Elsass-768x512.jpg 768w, https:\/\/packaging-journal.de\/wp-content\/uploads\/2021\/12\/LM-Schubert-Elsass-1536x1024.jpg 1536w, https:\/\/packaging-journal.de\/wp-content\/uploads\/2021\/12\/LM-Schubert-Elsass-2048x1365.jpg 2048w, https:\/\/packaging-journal.de\/wp-content\/uploads\/2021\/12\/LM-Schubert-Elsass-1320x880.jpg 1320w, https:\/\/packaging-journal.de\/wp-content\/uploads\/2021\/12\/LM-Schubert-Elsass-600x400.jpg 600w, https:\/\/packaging-journal.de\/wp-content\/uploads\/2021\/12\/LM-Schubert-Elsass.jpg 2250w\" sizes=\"(max-width: 1024px) 100vw, 1024px\" \/>\t\t\t\t\t\t\t\t\t\t\t<figcaption class=\"widget-image-caption wp-caption-text\">(Image: Gerhard Schubert GmbH)<\/figcaption>\n\t\t\t\t\t\t\t\t\t\t<\/figure>\n\t\t\t\t\t\t\t\t\t<\/div>\n\t\t\t\t<\/div>\n\t\t\t\t<div class=\"elementor-element elementor-element-437acd9 exad-sticky-section-no exad-glass-effect-no elementor-widget elementor-widget-text-editor\" data-id=\"437acd9\" data-element_type=\"widget\" data-e-type=\"widget\" data-widget_type=\"text-editor.default\">\n\t\t\t\t<div class=\"elementor-widget-container\">\n\t\t\t\t\t\t\t\t\t<p>A baked goods manufacturer from Alsace, for example, has recently been benefiting from this flexibility: a modern flow-wrapping machine packs biscuits and wafers in flow-wraps, a cardboard tray or a cardboard U-tray, each of which is then wrapped in a flow-wrap. The machine can process composite and mono films and is also suitable for paper-based materials.<\/p><p class=\"Formatvorlage1\">\u201eConsumers are <strong>Packaging with fibre content very popular<\/strong>, because paper is more environmentally friendly and feels better than plastic,\u201c says K\u00f6hler. However, because sorting and material recycling have so far been <strong>Still some challenges<\/strong> however, recyclers remain sceptical for the time being.<\/p>\t\t\t\t\t\t\t\t<\/div>\n\t\t\t\t<\/div>\n\t\t\t\t<div class=\"elementor-element elementor-element-b006bd3 exad-sticky-section-no exad-glass-effect-no elementor-widget elementor-widget-heading\" data-id=\"b006bd3\" data-element_type=\"widget\" data-e-type=\"widget\" data-widget_type=\"heading.default\">\n\t\t\t\t<div class=\"elementor-widget-container\">\n\t\t\t\t\t<h2 class=\"elementor-heading-title elementor-size-default\">Do not disregard the quality and safety of the product<\/h2>\t\t\t\t<\/div>\n\t\t\t\t<\/div>\n\t\t\t\t<div class=\"elementor-element elementor-element-1797627 exad-sticky-section-no exad-glass-effect-no elementor-widget elementor-widget-text-editor\" data-id=\"1797627\" data-element_type=\"widget\" data-e-type=\"widget\" data-widget_type=\"text-editor.default\">\n\t\t\t\t<div class=\"elementor-widget-container\">\n\t\t\t\t\t\t\t\t\t<p class=\"Formatvorlage1\">However, as great as the desire for sustainability may be, the most important task of packaging, especially in the food industry, remains <strong>Barrier function between product and environment<\/strong>. \u201eThe most ecological packaging is useless if it can no longer guarantee its protective function - even during transport and storage,\u201c confirms Valentin K\u00f6hler. All aspects must therefore always be carefully weighed up when developing packaging. \u201eIf the barrier function cannot be guaranteed in any other way, <strong>If in doubt, we recommend a pure plastic film<\/strong>\u201e, he explains. After all, this can also be recycled in many cases if disposed of properly.<\/p><p class=\"Formatvorlage1\">In Schubert flow-wrapping machines, a variable sealing system ensures future-proof processing. For product protection, the technology combines the ultrasonic process or optionally a sealing technology with ceramic heating elements for longitudinal sealing with a transverse sealing process whose sealing time can be precisely set to a constant value thanks to the flying transverse sealing unit. The advantage: Both methods for longitudinal sealing work very gently and are not only suitable for heat-sensitive products, but also for sustainable films.<\/p><p class=\"Formatvorlage1\">\u201eOur aim is always to fulfil ecological and economic requirements in equal measure,\u201c says Valentin K\u00f6hler. \u201eBecause <strong>If both are in harmony, this is the most sustainable solution.<\/strong>\"<\/p><p class=\"Formatvorlage1\"><a title=\"Website of Gerhard Schubert\" href=\"http:\/\/www.schubert.group\/de\" target=\"_blank\" rel=\"noopener\">http:\/\/www.schubert.group\/de<\/a><\/p>\t\t\t\t\t\t\t\t<\/div>\n\t\t\t\t<\/div>\n\t\t\t\t\t<\/div>\n\t\t<\/div>\n\t\t\t\t\t<\/div>\n\t\t<\/section>\n\t\t\t\t<section data-exad-particle-enable=\"false\" class=\"elementor-section elementor-top-section elementor-element elementor-element-67783bca elementor-section-boxed elementor-section-height-default elementor-section-height-default exad-parallax-effect-no exad-background-color-change-no exad-glass-effect-no exad-sticky-section-no\" data-id=\"67783bca\" data-element_type=\"section\" data-e-type=\"section\" data-settings=\"{&quot;background_background&quot;:&quot;classic&quot;}\">\n\t\t\t\t\t\t<div class=\"elementor-container elementor-column-gap-default\">\n\t\t\t\t\t<div class=\"elementor-column elementor-col-100 elementor-top-column elementor-element elementor-element-553e7ddf exad-glass-effect-no exad-sticky-section-no\" data-id=\"553e7ddf\" data-element_type=\"column\" data-e-type=\"column\">\n\t\t\t<div class=\"elementor-widget-wrap elementor-element-populated\">\n\t\t\t\t\t\t<div class=\"elementor-element elementor-element-6d8acf6c exad-sticky-section-no exad-glass-effect-no elementor-widget elementor-widget-heading\" data-id=\"6d8acf6c\" data-element_type=\"widget\" data-e-type=\"widget\" data-widget_type=\"heading.default\">\n\t\t\t\t<div class=\"elementor-widget-container\">\n\t\t\t\t\t<h2 class=\"elementor-heading-title elementor-size-default\">More news from the cardboard and cartonboard sector<\/h2>\t\t\t\t<\/div>\n\t\t\t\t<\/div>\n\t\t\t\t<div class=\"elementor-element elementor-element-75a9851c elementor-grid-3 elementor-grid-tablet-2 elementor-grid-mobile-1 elementor-posts--thumbnail-top elementor-posts__hover-gradient exad-sticky-section-no exad-glass-effect-no elementor-widget elementor-widget-posts\" data-id=\"75a9851c\" data-element_type=\"widget\" data-e-type=\"widget\" data-settings=\"{&quot;cards_row_gap&quot;:{&quot;unit&quot;:&quot;px&quot;,&quot;size&quot;:38,&quot;sizes&quot;:[]},&quot;cards_columns&quot;:&quot;3&quot;,&quot;cards_columns_tablet&quot;:&quot;2&quot;,&quot;cards_columns_mobile&quot;:&quot;1&quot;,&quot;cards_row_gap_tablet&quot;:{&quot;unit&quot;:&quot;px&quot;,&quot;size&quot;:&quot;&quot;,&quot;sizes&quot;:[]},&quot;cards_row_gap_mobile&quot;:{&quot;unit&quot;:&quot;px&quot;,&quot;size&quot;:&quot;&quot;,&quot;sizes&quot;:[]}}\" data-widget_type=\"posts.cards\">\n\t\t\t\t<div class=\"elementor-widget-container\">\n\t\t\t\t\t\t\t<div class=\"elementor-posts-container elementor-posts elementor-posts--skin-cards elementor-grid\" role=\"list\">\n\t\t\t\t<article class=\"elementor-post elementor-grid-item post-115434 post type-post status-publish format-standard has-post-thumbnail category-green-packaging tag-future-materials-sweden tag-nachhaltigkeit-und-green-packaging tag-packmittel-und-packstoffe tag-papier-pappe-karton tag-pulpac cs-entry cs-video-wrap\" role=\"listitem\">\n\t\t\t<div class=\"elementor-post__card\">\n\t\t\t\t<a class=\"elementor-post__thumbnail__link\" href=\"https:\/\/packaging-journal.de\/en\/future-materials-sweden-dry-molded-fiber\/\" tabindex=\"-1\"><div class=\"elementor-post__thumbnail\"><img loading=\"lazy\" decoding=\"async\" width=\"300\" height=\"163\" src=\"https:\/\/packaging-journal.de\/wp-content\/uploads\/2026\/04\/pulpac-machinery2-future-materials-300x163.jpg\" class=\"attachment-medium size-medium wp-image-115435\" alt=\"\" srcset=\"https:\/\/packaging-journal.de\/wp-content\/uploads\/2026\/04\/pulpac-machinery2-future-materials-300x163.jpg 300w, https:\/\/packaging-journal.de\/wp-content\/uploads\/2026\/04\/pulpac-machinery2-future-materials-1024x555.jpg 1024w, https:\/\/packaging-journal.de\/wp-content\/uploads\/2026\/04\/pulpac-machinery2-future-materials-768x416.jpg 768w, https:\/\/packaging-journal.de\/wp-content\/uploads\/2026\/04\/pulpac-machinery2-future-materials-18x10.jpg 18w, https:\/\/packaging-journal.de\/wp-content\/uploads\/2026\/04\/pulpac-machinery2-future-materials-332x180.jpg 332w, https:\/\/packaging-journal.de\/wp-content\/uploads\/2026\/04\/pulpac-machinery2-future-materials-664x360.jpg 664w, https:\/\/packaging-journal.de\/wp-content\/uploads\/2026\/04\/pulpac-machinery2-future-materials-688x373.jpg 688w, https:\/\/packaging-journal.de\/wp-content\/uploads\/2026\/04\/pulpac-machinery2-future-materials-1044x566.jpg 1044w, https:\/\/packaging-journal.de\/wp-content\/uploads\/2026\/04\/pulpac-machinery2-future-materials.jpg 1200w\" sizes=\"(max-width: 300px) 100vw, 300px\" \/><\/div><\/a>\n\t\t\t\t<div class=\"elementor-post__text\">\n\t\t\t\t<h3 class=\"elementor-post__title\">\n\t\t\t<a href=\"https:\/\/packaging-journal.de\/en\/future-materials-sweden-dry-molded-fiber\/\">\n\t\t\t\tFuture Materials Sweden invests in Dry Moulded Fibre production\t\t\t<\/a>\n\t\t<\/h3>\n\t\t\t\t<div class=\"elementor-post__excerpt\">\n\t\t\tThe packaging manufacturer has ordered two Scala machines to start the production of Dry Moulded Fibre snus cans in Sweden. This marks a significant step in reducing plastic packaging.\t\t<\/div>\n\t\t\n\t\t<a class=\"elementor-post__read-more\" href=\"https:\/\/packaging-journal.de\/en\/future-materials-sweden-dry-molded-fiber\/\" aria-label=\"Read more about Future Materials Sweden invests in Dry Moulded Fibre production\" tabindex=\"-1\">\n\t\t\tRead more \"\t\t<\/a>\n\n\t\t\t\t<\/div>\n\t\t\t\t\t<\/div>\n\t\t<\/article>\n\t\t\t\t<article class=\"elementor-post elementor-grid-item post-115380 post type-post status-publish format-standard has-post-thumbnail category-packmittel-und-packstoffe tag-interpack tag-koehler-paper tag-lebensmittel tag-packmittel-und-packstoffe tag-papier-pappe-karton cs-entry cs-video-wrap\" role=\"listitem\">\n\t\t\t<div class=\"elementor-post__card\">\n\t\t\t\t<a class=\"elementor-post__thumbnail__link\" href=\"https:\/\/packaging-journal.de\/en\/kreislauffaehige-verpackungen-aus-papier-im-fokus\/\" tabindex=\"-1\"><div class=\"elementor-post__thumbnail\"><img loading=\"lazy\" decoding=\"async\" width=\"300\" height=\"163\" src=\"https:\/\/packaging-journal.de\/wp-content\/uploads\/2026\/04\/Koehler-interpack-300x163.jpg\" class=\"attachment-medium size-medium wp-image-115382\" alt=\"\" srcset=\"https:\/\/packaging-journal.de\/wp-content\/uploads\/2026\/04\/Koehler-interpack-300x163.jpg 300w, https:\/\/packaging-journal.de\/wp-content\/uploads\/2026\/04\/Koehler-interpack-1024x555.jpg 1024w, https:\/\/packaging-journal.de\/wp-content\/uploads\/2026\/04\/Koehler-interpack-768x416.jpg 768w, https:\/\/packaging-journal.de\/wp-content\/uploads\/2026\/04\/Koehler-interpack-18x10.jpg 18w, https:\/\/packaging-journal.de\/wp-content\/uploads\/2026\/04\/Koehler-interpack-332x180.jpg 332w, https:\/\/packaging-journal.de\/wp-content\/uploads\/2026\/04\/Koehler-interpack-664x360.jpg 664w, https:\/\/packaging-journal.de\/wp-content\/uploads\/2026\/04\/Koehler-interpack-688x373.jpg 688w, https:\/\/packaging-journal.de\/wp-content\/uploads\/2026\/04\/Koehler-interpack-1044x566.jpg 1044w, https:\/\/packaging-journal.de\/wp-content\/uploads\/2026\/04\/Koehler-interpack.jpg 1200w\" sizes=\"(max-width: 300px) 100vw, 300px\" \/><\/div><\/a>\n\t\t\t\t<div class=\"elementor-post__text\">\n\t\t\t\t<h3 class=\"elementor-post__title\">\n\t\t\t<a href=\"https:\/\/packaging-journal.de\/en\/kreislauffaehige-verpackungen-aus-papier-im-fokus\/\">\n\t\t\t\tCircular paper packaging in focus\t\t\t<\/a>\n\t\t<\/h3>\n\t\t\t\t<div class=\"elementor-post__excerpt\">\n\t\t\tKoehler Paper is showcasing innovative, paper-based packaging solutions at interpack 2026 in D\u00fcsseldorf.\t\t<\/div>\n\t\t\n\t\t<a class=\"elementor-post__read-more\" href=\"https:\/\/packaging-journal.de\/en\/kreislauffaehige-verpackungen-aus-papier-im-fokus\/\" aria-label=\"Read more about circular paper packaging in focus\" tabindex=\"-1\">\n\t\t\tRead more \"\t\t<\/a>\n\n\t\t\t\t<\/div>\n\t\t\t\t\t<\/div>\n\t\t<\/article>\n\t\t\t\t<article class=\"elementor-post elementor-grid-item post-115300 post type-post status-publish format-standard has-post-thumbnail category-verpackungstechnik tag-hugo-beck tag-interpack tag-nachhaltigkeit-und-green-packaging tag-papier-pappe-karton tag-transportverpackung tag-verpackungsmaschinen cs-entry cs-video-wrap\" role=\"listitem\">\n\t\t\t<div class=\"elementor-post__card\">\n\t\t\t\t<a class=\"elementor-post__thumbnail__link\" href=\"https:\/\/packaging-journal.de\/en\/hugo-beck-zeigt-neuen-buendelpacker\/\" tabindex=\"-1\"><div class=\"elementor-post__thumbnail\"><img loading=\"lazy\" decoding=\"async\" width=\"300\" height=\"163\" src=\"https:\/\/packaging-journal.de\/wp-content\/uploads\/2026\/04\/hugo-beck-ip-300x163.jpg\" class=\"attachment-medium size-medium wp-image-115303\" alt=\"\" srcset=\"https:\/\/packaging-journal.de\/wp-content\/uploads\/2026\/04\/hugo-beck-ip-300x163.jpg 300w, https:\/\/packaging-journal.de\/wp-content\/uploads\/2026\/04\/hugo-beck-ip-1024x555.jpg 1024w, https:\/\/packaging-journal.de\/wp-content\/uploads\/2026\/04\/hugo-beck-ip-768x416.jpg 768w, https:\/\/packaging-journal.de\/wp-content\/uploads\/2026\/04\/hugo-beck-ip-18x10.jpg 18w, https:\/\/packaging-journal.de\/wp-content\/uploads\/2026\/04\/hugo-beck-ip-332x180.jpg 332w, https:\/\/packaging-journal.de\/wp-content\/uploads\/2026\/04\/hugo-beck-ip-664x360.jpg 664w, https:\/\/packaging-journal.de\/wp-content\/uploads\/2026\/04\/hugo-beck-ip-688x373.jpg 688w, https:\/\/packaging-journal.de\/wp-content\/uploads\/2026\/04\/hugo-beck-ip-1044x566.jpg 1044w, https:\/\/packaging-journal.de\/wp-content\/uploads\/2026\/04\/hugo-beck-ip.jpg 1200w\" sizes=\"(max-width: 300px) 100vw, 300px\" \/><\/div><\/a>\n\t\t\t\t<div class=\"elementor-post__text\">\n\t\t\t\t<h3 class=\"elementor-post__title\">\n\t\t\t<a href=\"https:\/\/packaging-journal.de\/en\/hugo-beck-zeigt-neuen-buendelpacker\/\">\n\t\t\t\tSustainable Solution: Hugo Beck's New Bundle Packer\t\t\t<\/a>\n\t\t<\/h3>\n\t\t\t\t<div class=\"elementor-post__excerpt\">\n\t\t\tHugo Beck is presenting the Paper S bundling machine at Interpack, which enables packaging with kraft paper and thereby reduces material and energy costs.\t\t<\/div>\n\t\t\n\t\t<a class=\"elementor-post__read-more\" href=\"https:\/\/packaging-journal.de\/en\/hugo-beck-zeigt-neuen-buendelpacker\/\" aria-label=\"Read more about Sustainable Solution: The new bundle packer from Hugo Beck\" tabindex=\"-1\">\n\t\t\tRead more \"\t\t<\/a>\n\n\t\t\t\t<\/div>\n\t\t\t\t\t<\/div>\n\t\t<\/article>\n\t\t\t\t<article class=\"elementor-post elementor-grid-item post-115286 post type-post status-publish format-standard has-post-thumbnail category-aus-den-unternehmen-news tag-aus-den-unternehmen tag-mondi tag-packmittel-und-packstoffe tag-papier-pappe-karton cs-entry cs-video-wrap\" role=\"listitem\">\n\t\t\t<div class=\"elementor-post__card\">\n\t\t\t\t<a class=\"elementor-post__thumbnail__link\" href=\"https:\/\/packaging-journal.de\/en\/mondi-kuendigt-weitere-werksschliessungen-an\/\" tabindex=\"-1\"><div class=\"elementor-post__thumbnail\"><img loading=\"lazy\" decoding=\"async\" width=\"300\" height=\"163\" src=\"https:\/\/packaging-journal.de\/wp-content\/uploads\/2026\/04\/Mondi-Werksschliessungen-300x163.jpg\" class=\"attachment-medium size-medium wp-image-115287\" alt=\"\" srcset=\"https:\/\/packaging-journal.de\/wp-content\/uploads\/2026\/04\/Mondi-Werksschliessungen-300x163.jpg 300w, https:\/\/packaging-journal.de\/wp-content\/uploads\/2026\/04\/Mondi-Werksschliessungen-1024x555.jpg 1024w, https:\/\/packaging-journal.de\/wp-content\/uploads\/2026\/04\/Mondi-Werksschliessungen-768x416.jpg 768w, https:\/\/packaging-journal.de\/wp-content\/uploads\/2026\/04\/Mondi-Werksschliessungen-18x10.jpg 18w, https:\/\/packaging-journal.de\/wp-content\/uploads\/2026\/04\/Mondi-Werksschliessungen-332x180.jpg 332w, https:\/\/packaging-journal.de\/wp-content\/uploads\/2026\/04\/Mondi-Werksschliessungen-664x360.jpg 664w, https:\/\/packaging-journal.de\/wp-content\/uploads\/2026\/04\/Mondi-Werksschliessungen-688x373.jpg 688w, https:\/\/packaging-journal.de\/wp-content\/uploads\/2026\/04\/Mondi-Werksschliessungen-1044x566.jpg 1044w, https:\/\/packaging-journal.de\/wp-content\/uploads\/2026\/04\/Mondi-Werksschliessungen.jpg 1200w\" sizes=\"(max-width: 300px) 100vw, 300px\" \/><\/div><\/a>\n\t\t\t\t<div class=\"elementor-post__text\">\n\t\t\t\t<h3 class=\"elementor-post__title\">\n\t\t\t<a href=\"https:\/\/packaging-journal.de\/en\/mondi-kuendigt-weitere-werksschliessungen-an\/\">\n\t\t\t\tMondi announces further plant closures\t\t\t<\/a>\n\t\t<\/h3>\n\t\t\t\t<div class=\"elementor-post__excerpt\">\n\t\t\tRising costs and margin pressure are forcing the packaging group to make further adjustments.\t\t<\/div>\n\t\t\n\t\t<a class=\"elementor-post__read-more\" href=\"https:\/\/packaging-journal.de\/en\/mondi-kuendigt-weitere-werksschliessungen-an\/\" aria-label=\"Mondi announces further plant closures\" tabindex=\"-1\">\n\t\t\tRead more \"\t\t<\/a>\n\n\t\t\t\t<\/div>\n\t\t\t\t\t<\/div>\n\t\t<\/article>\n\t\t\t\t<article class=\"elementor-post elementor-grid-item post-115063 post type-post status-publish format-standard has-post-thumbnail category-verpackungstechnik tag-interpack tag-loeschpack tag-papier-pappe-karton tag-suesswaren tag-verpackungsmaschinen cs-entry cs-video-wrap\" role=\"listitem\">\n\t\t\t<div class=\"elementor-post__card\">\n\t\t\t\t<a class=\"elementor-post__thumbnail__link\" href=\"https:\/\/packaging-journal.de\/en\/loeschpack-innovative-suesswarenverpackung\/\" tabindex=\"-1\"><div class=\"elementor-post__thumbnail\"><img loading=\"lazy\" decoding=\"async\" width=\"300\" height=\"163\" src=\"https:\/\/packaging-journal.de\/wp-content\/uploads\/2026\/04\/loeschpack-ip-300x163.jpg\" class=\"attachment-medium size-medium wp-image-115064\" alt=\"\" srcset=\"https:\/\/packaging-journal.de\/wp-content\/uploads\/2026\/04\/loeschpack-ip-300x163.jpg 300w, https:\/\/packaging-journal.de\/wp-content\/uploads\/2026\/04\/loeschpack-ip-1024x555.jpg 1024w, https:\/\/packaging-journal.de\/wp-content\/uploads\/2026\/04\/loeschpack-ip-768x416.jpg 768w, https:\/\/packaging-journal.de\/wp-content\/uploads\/2026\/04\/loeschpack-ip-18x10.jpg 18w, https:\/\/packaging-journal.de\/wp-content\/uploads\/2026\/04\/loeschpack-ip-332x180.jpg 332w, https:\/\/packaging-journal.de\/wp-content\/uploads\/2026\/04\/loeschpack-ip-664x360.jpg 664w, https:\/\/packaging-journal.de\/wp-content\/uploads\/2026\/04\/loeschpack-ip-688x373.jpg 688w, https:\/\/packaging-journal.de\/wp-content\/uploads\/2026\/04\/loeschpack-ip-1044x566.jpg 1044w, https:\/\/packaging-journal.de\/wp-content\/uploads\/2026\/04\/loeschpack-ip.jpg 1200w\" sizes=\"(max-width: 300px) 100vw, 300px\" \/><\/div><\/a>\n\t\t\t\t<div class=\"elementor-post__text\">\n\t\t\t\t<h3 class=\"elementor-post__title\">\n\t\t\t<a href=\"https:\/\/packaging-journal.de\/en\/loeschpack-innovative-suesswarenverpackung\/\">\n\t\t\t\tNew line seamlessly integrates paper-based packaging\t\t\t<\/a>\n\t\t<\/h3>\n\t\t\t\t<div class=\"elementor-post__excerpt\">\n\t\t\tLoeschPack is presenting new system solutions for confectionery packaging at Interpack. The focus is on integrated packaging lines and high-performance machines.\t\t<\/div>\n\t\t\n\t\t<a class=\"elementor-post__read-more\" href=\"https:\/\/packaging-journal.de\/en\/loeschpack-innovative-suesswarenverpackung\/\" aria-label=\"Read more about New line seamlessly integrates paper-based packaging\" tabindex=\"-1\">\n\t\t\tRead more \"\t\t<\/a>\n\n\t\t\t\t<\/div>\n\t\t\t\t\t<\/div>\n\t\t<\/article>\n\t\t\t\t<article class=\"elementor-post elementor-grid-item post-115156 post type-post status-publish format-standard has-post-thumbnail category-packmittel-und-packstoffe tag-interpack tag-lebensmittel tag-packmittel-und-packstoffe tag-papier-pappe-karton tag-sappi cs-entry cs-video-wrap\" role=\"listitem\">\n\t\t\t<div class=\"elementor-post__card\">\n\t\t\t\t<a class=\"elementor-post__thumbnail__link\" href=\"https:\/\/packaging-journal.de\/en\/innovative-barrierepapiere\/\" tabindex=\"-1\"><div class=\"elementor-post__thumbnail\"><img loading=\"lazy\" decoding=\"async\" width=\"300\" height=\"163\" src=\"https:\/\/packaging-journal.de\/wp-content\/uploads\/2026\/04\/Sappi-interpack-300x163.jpg\" class=\"attachment-medium size-medium wp-image-115159\" alt=\"\" srcset=\"https:\/\/packaging-journal.de\/wp-content\/uploads\/2026\/04\/Sappi-interpack-300x163.jpg 300w, https:\/\/packaging-journal.de\/wp-content\/uploads\/2026\/04\/Sappi-interpack-1024x555.jpg 1024w, https:\/\/packaging-journal.de\/wp-content\/uploads\/2026\/04\/Sappi-interpack-768x416.jpg 768w, https:\/\/packaging-journal.de\/wp-content\/uploads\/2026\/04\/Sappi-interpack-18x10.jpg 18w, https:\/\/packaging-journal.de\/wp-content\/uploads\/2026\/04\/Sappi-interpack-332x180.jpg 332w, https:\/\/packaging-journal.de\/wp-content\/uploads\/2026\/04\/Sappi-interpack-664x360.jpg 664w, https:\/\/packaging-journal.de\/wp-content\/uploads\/2026\/04\/Sappi-interpack-688x373.jpg 688w, https:\/\/packaging-journal.de\/wp-content\/uploads\/2026\/04\/Sappi-interpack-1044x566.jpg 1044w, https:\/\/packaging-journal.de\/wp-content\/uploads\/2026\/04\/Sappi-interpack.jpg 1200w\" sizes=\"(max-width: 300px) 100vw, 300px\" \/><\/div><\/a>\n\t\t\t\t<div class=\"elementor-post__text\">\n\t\t\t\t<h3 class=\"elementor-post__title\">\n\t\t\t<a href=\"https:\/\/packaging-journal.de\/en\/innovative-barrierepapiere\/\">\n\t\t\t\tInnovative barrier papers\t\t\t<\/a>\n\t\t<\/h3>\n\t\t\t\t<div class=\"elementor-post__excerpt\">\n\t\t\tSappi showcases innovative, recyclable packaging papers at interpack 2026.\t\t<\/div>\n\t\t\n\t\t<a class=\"elementor-post__read-more\" href=\"https:\/\/packaging-journal.de\/en\/innovative-barrierepapiere\/\" aria-label=\"Read more about Innovative Barrier Papers\" tabindex=\"-1\">\n\t\t\tRead more \"\t\t<\/a>\n\n\t\t\t\t<\/div>\n\t\t\t\t\t<\/div>\n\t\t<\/article>\n\t\t\t\t<\/div>\n\t\t\n\t\t\t\t\t\t<\/div>\n\t\t\t\t<\/div>\n\t\t\t\t\t<\/div>\n\t\t<\/div>\n\t\t\t\t\t<\/div>\n\t\t<\/section>\n\t\t\t\t<\/div>","protected":false},"excerpt":{"rendered":"Paper-based, made of glass or biodegradable plastic? Opinions often differ widely on what constitutes sustainable packaging. One thing is certain: the pressure on manufacturers and users is growing. Gerhard Schubert GmbH knows how to fulfil the wishes of both consumers and recyclers.","protected":false},"author":1,"featured_media":53412,"comment_status":"closed","ping_status":"closed","sticky":false,"template":"","format":"standard","meta":{"_acf_changed":false,"__cvm_playback_settings":[],"__cvm_video_id":"","rank_math_description":"Verbraucher- und Recyclinganspr\u00fcche unter einen Hut bringen, ob mit Kunststoff oder Karton: Dar\u00fcber wei\u00df man bei Schubert Bescheid.","rank_math_focus_keyword":"Schubert","rank_math_title":"","csco_display_header_overlay":false,"csco_singular_sidebar":"","csco_page_header_type":"","csco_page_load_nextpost":"","csco_post_video_location":[],"csco_post_video_location_hash":"","csco_post_video_url":"","csco_post_video_bg_start_time":0,"csco_post_video_bg_end_time":0,"footnotes":"","_links_to":"","_links_to_target":""},"categories":[28,21],"tags":[58679,59416,32,70],"class_list":{"0":"post-53408","1":"post","2":"type-post","3":"status-publish","4":"format-standard","5":"has-post-thumbnail","7":"category-aus-dem-magazin","8":"category-verpackungstechnik","9":"tag-gerhard-schubert","10":"tag-magazin-09-2021","11":"tag-packmittel-und-packstoffe","12":"tag-verpackungsmaschinen","13":"cs-entry","14":"cs-video-wrap"},"acf":[],"vimeo_video":null,"_links":{"self":[{"href":"https:\/\/packaging-journal.de\/en\/wp-json\/wp\/v2\/posts\/53408","targetHints":{"allow":["GET"]}}],"collection":[{"href":"https:\/\/packaging-journal.de\/en\/wp-json\/wp\/v2\/posts"}],"about":[{"href":"https:\/\/packaging-journal.de\/en\/wp-json\/wp\/v2\/types\/post"}],"author":[{"embeddable":true,"href":"https:\/\/packaging-journal.de\/en\/wp-json\/wp\/v2\/users\/1"}],"replies":[{"embeddable":true,"href":"https:\/\/packaging-journal.de\/en\/wp-json\/wp\/v2\/comments?post=53408"}],"version-history":[{"count":0,"href":"https:\/\/packaging-journal.de\/en\/wp-json\/wp\/v2\/posts\/53408\/revisions"}],"wp:featuredmedia":[{"embeddable":true,"href":"https:\/\/packaging-journal.de\/en\/wp-json\/wp\/v2\/media\/53412"}],"wp:attachment":[{"href":"https:\/\/packaging-journal.de\/en\/wp-json\/wp\/v2\/media?parent=53408"}],"wp:term":[{"taxonomy":"category","embeddable":true,"href":"https:\/\/packaging-journal.de\/en\/wp-json\/wp\/v2\/categories?post=53408"},{"taxonomy":"post_tag","embeddable":true,"href":"https:\/\/packaging-journal.de\/en\/wp-json\/wp\/v2\/tags?post=53408"}],"curies":[{"name":"wp","href":"https:\/\/api.w.org\/{rel}","templated":true}]}}