{"id":54635,"date":"2022-01-10T10:32:51","date_gmt":"2022-01-10T09:32:51","guid":{"rendered":"https:\/\/packaging-journal.de\/?p=54635"},"modified":"2022-01-10T13:30:40","modified_gmt":"2022-01-10T12:30:40","slug":"lidl-switzerland-eco-coat-fruit-vegetables","status":"publish","type":"post","link":"https:\/\/packaging-journal.de\/en\/lidl-schweiz-oeko-mantel-obst-gemuese\/","title":{"rendered":"Lidl Switzerland packs fruit and vegetables in organic packaging"},"content":{"rendered":"<div data-elementor-type=\"wp-post\" data-elementor-id=\"54635\" class=\"elementor elementor-54635\" data-elementor-post-type=\"post\">\n\t\t\t\t\t\t<section data-exad-particle-enable=\"false\" class=\"elementor-section elementor-top-section elementor-element elementor-element-2c3ddb2 elementor-section-boxed elementor-section-height-default elementor-section-height-default exad-parallax-effect-no exad-background-color-change-no exad-glass-effect-no exad-sticky-section-no\" data-id=\"2c3ddb2\" data-element_type=\"section\" data-e-type=\"section\">\n\t\t\t\t\t\t<div class=\"elementor-container elementor-column-gap-default\">\n\t\t\t\t\t<div class=\"elementor-column elementor-col-100 elementor-top-column elementor-element elementor-element-57aafb9 exad-glass-effect-no exad-sticky-section-no\" data-id=\"57aafb9\" data-element_type=\"column\" data-e-type=\"column\">\n\t\t\t<div class=\"elementor-widget-wrap elementor-element-populated\">\n\t\t\t\t\t\t<div class=\"elementor-element elementor-element-4877aff exad-sticky-section-no exad-glass-effect-no elementor-widget elementor-widget-text-editor\" data-id=\"4877aff\" data-element_type=\"widget\" data-e-type=\"widget\" data-widget_type=\"text-editor.default\">\n\t\t\t\t<div class=\"elementor-widget-container\">\n\t\t\t\t\t\t\t\t\t<p><strong>Researchers at Empa have developed a protective cellulose coating for fruit and vegetables in collaboration with Lidl Switzerland. The innovative coating is made from pomace - pressed fruit and vegetable peelings. This innovative project can reduce packaging and avoid food waste.<\/strong><\/p>\t\t\t\t\t\t\t\t<\/div>\n\t\t\t\t<\/div>\n\t\t\t\t<div class=\"elementor-element elementor-element-c26a96a exad-sticky-section-no exad-glass-effect-no elementor-widget elementor-widget-text-editor\" data-id=\"c26a96a\" data-element_type=\"widget\" data-e-type=\"widget\" data-widget_type=\"text-editor.default\">\n\t\t\t\t<div class=\"elementor-widget-container\">\n\t\t\t\t\t\t\t\t\t<p>Plastic packaging in grocery stores protects fruit and vegetables from spoiling, but also generates considerable amounts of waste. Together with Empa, Lidl Switzerland has now developed a <strong>Protective cover developed for fruit and vegetables based on renewable raw materials<\/strong>. For its latest project, Lidl Switzerland chose Empa as a partner because it offers a <strong>Decades of research experience with cellulose products<\/strong> was available.\u00a0\u00a0<\/p>\t\t\t\t\t\t\t\t<\/div>\n\t\t\t\t<\/div>\n\t\t\t\t<div class=\"elementor-element elementor-element-78b54c7 exad-sticky-section-no exad-glass-effect-no elementor-widget elementor-widget-heading\" data-id=\"78b54c7\" data-element_type=\"widget\" data-e-type=\"widget\" data-widget_type=\"heading.default\">\n\t\t\t\t<div class=\"elementor-widget-container\">\n\t\t\t\t\t<h2 class=\"elementor-heading-title elementor-size-default\">Keeps longer at home<\/h2>\t\t\t\t<\/div>\n\t\t\t\t<\/div>\n\t\t\t\t<div class=\"elementor-element elementor-element-04dd843 exad-sticky-section-no exad-glass-effect-no elementor-widget elementor-widget-text-editor\" data-id=\"04dd843\" data-element_type=\"widget\" data-e-type=\"widget\" data-widget_type=\"text-editor.default\">\n\t\t\t\t<div class=\"elementor-widget-container\">\n\t\t\t\t\t\t\t\t\t<p>In Empa's Cellulose &amp; Wood Materials laboratory, the researchers have developed a new material on behalf of <a href=\"https:\/\/packaging-journal.de\/?s=lidl+\" target=\"_blank\" rel=\"noopener\">Lidl<\/a> Switzerland then worked for more than a year to create a special protective cellulose layer that can be applied to fruit and vegetables. The result: the <strong>coated fruit and vegetables stay fresh significantly longer<\/strong>. In tests, the shelf life of bananas has been extended by over a week. This <strong>Food waste significantly reduced<\/strong>.<\/p><div class=\"packa-in-post-alle\" style=\"text-align: center;\" id=\"packa-3063747150\"><div id=\"packa-497303203\"><a data-no-instant=\"1\" href=\"https:\/\/packaging-journal.de\/en\/newsletter\/\" rel=\"noopener\" class=\"a2t-link\" target=\"_blank\" aria-label=\"PJ Self-promotion English 03\"><!--noptimize--><img src=\"https:\/\/packaging-journal.de\/wp-content\/uploads\/2026\/01\/PJ-Eigenwerbung-English-03.png\" alt=\"\"  srcset=\"https:\/\/packaging-journal.de\/wp-content\/uploads\/2026\/01\/PJ-Eigenwerbung-English-03.png 840w, https:\/\/packaging-journal.de\/wp-content\/uploads\/2026\/01\/PJ-Eigenwerbung-English-03-300x75.png 300w, https:\/\/packaging-journal.de\/wp-content\/uploads\/2026\/01\/PJ-Eigenwerbung-English-03-768x192.png 768w, https:\/\/packaging-journal.de\/wp-content\/uploads\/2026\/01\/PJ-Eigenwerbung-English-03-18x5.png 18w, https:\/\/packaging-journal.de\/wp-content\/uploads\/2026\/01\/PJ-Eigenwerbung-English-03-332x83.png 332w, https:\/\/packaging-journal.de\/wp-content\/uploads\/2026\/01\/PJ-Eigenwerbung-English-03-664x166.png 664w, https:\/\/packaging-journal.de\/wp-content\/uploads\/2026\/01\/PJ-Eigenwerbung-English-03-688x172.png 688w\" sizes=\"(max-width: 840px) 100vw, 840px\" width=\"840\" height=\"210\"  style=\" max-width: 100%; height: auto;\" \/><!--\/noptimize--><\/a><\/div><\/div><blockquote><p>\u201eThe big goal is that such <strong>natural coatings will replace many petroleum-based packaging in the future<\/strong> can.\u201c<\/p><p><strong>Gustav Nystr\u00f6m<\/strong>, Head of the Research Department<\/p><\/blockquote>\t\t\t\t\t\t\t\t<\/div>\n\t\t\t\t<\/div>\n\t\t\t\t<div class=\"elementor-element elementor-element-8521813 exad-sticky-section-no exad-glass-effect-no elementor-widget elementor-widget-image\" data-id=\"8521813\" data-element_type=\"widget\" data-e-type=\"widget\" data-widget_type=\"image.default\">\n\t\t\t\t<div class=\"elementor-widget-container\">\n\t\t\t\t\t\t\t\t\t\t\t\t<figure class=\"wp-caption\">\n\t\t\t\t\t\t\t\t\t\t<img fetchpriority=\"high\" decoding=\"async\" width=\"1024\" height=\"576\" src=\"https:\/\/packaging-journal.de\/wp-content\/uploads\/2022\/01\/EQ74-Banane-870-1024x576.jpg\" class=\"attachment-large size-large wp-image-54639\" alt=\"Empa researcher Kevin DeFrance is working on ecological packaging for fresh fruit and vegetables.\" srcset=\"https:\/\/packaging-journal.de\/wp-content\/uploads\/2022\/01\/EQ74-Banane-870-1024x576.jpg 1024w, https:\/\/packaging-journal.de\/wp-content\/uploads\/2022\/01\/EQ74-Banane-870-300x169.jpg 300w, https:\/\/packaging-journal.de\/wp-content\/uploads\/2022\/01\/EQ74-Banane-870-768x432.jpg 768w, https:\/\/packaging-journal.de\/wp-content\/uploads\/2022\/01\/EQ74-Banane-870-1536x864.jpg 1536w, https:\/\/packaging-journal.de\/wp-content\/uploads\/2022\/01\/EQ74-Banane-870-813x457.jpg 813w, https:\/\/packaging-journal.de\/wp-content\/uploads\/2022\/01\/EQ74-Banane-870-180x101.jpg 180w, https:\/\/packaging-journal.de\/wp-content\/uploads\/2022\/01\/EQ74-Banane-870-260x146.jpg 260w, https:\/\/packaging-journal.de\/wp-content\/uploads\/2022\/01\/EQ74-Banane-870-373x210.jpg 373w, https:\/\/packaging-journal.de\/wp-content\/uploads\/2022\/01\/EQ74-Banane-870-120x67.jpg 120w, https:\/\/packaging-journal.de\/wp-content\/uploads\/2022\/01\/EQ74-Banane-870-1320x742.jpg 1320w, https:\/\/packaging-journal.de\/wp-content\/uploads\/2022\/01\/EQ74-Banane-870.jpg 1750w\" sizes=\"(max-width: 1024px) 100vw, 1024px\" \/>\t\t\t\t\t\t\t\t\t\t\t<figcaption class=\"widget-image-caption wp-caption-text\">mpa researcher Kevin DeFrance is working on ecological packaging for fresh fruit and vegetables. (Image: Manifesto Films, Lidl Switzerland)<\/figcaption>\n\t\t\t\t\t\t\t\t\t\t<\/figure>\n\t\t\t\t\t\t\t\t\t<\/div>\n\t\t\t\t<\/div>\n\t\t\t\t<div class=\"elementor-element elementor-element-558c96b exad-sticky-section-no exad-glass-effect-no elementor-widget elementor-widget-heading\" data-id=\"558c96b\" data-element_type=\"widget\" data-e-type=\"widget\" data-widget_type=\"heading.default\">\n\t\t\t\t<div class=\"elementor-widget-container\">\n\t\t\t\t\t<h2 class=\"elementor-heading-title elementor-size-default\">Production from press residues and residual materials<\/h2>\t\t\t\t<\/div>\n\t\t\t\t<\/div>\n\t\t\t\t<div class=\"elementor-element elementor-element-20a0900 exad-sticky-section-no exad-glass-effect-no elementor-widget elementor-widget-text-editor\" data-id=\"20a0900\" data-element_type=\"widget\" data-e-type=\"widget\" data-widget_type=\"text-editor.default\">\n\t\t\t\t<div class=\"elementor-widget-container\">\n\t\t\t\t\t\t\t\t\t<p>In future, the main focus will be on processing pomace into fibrillated cellulose. <strong>Pomace - this is the solid residue that remains after squeezing the juice from fruit, vegetables or plants<\/strong>. Until now, these plant residues have been disposed of in biogas plants or directly on the field. <strong>Protective coating for fresh fruit<\/strong>.<\/p><p>Depending on the results of the study, the coating is either <strong>sprayed onto the fruit or applied to the products as an immersion bath and is easy to wash off<\/strong>. As it is safe for the consumer, it can also be consumed without any problems. The <strong>The potential of cellulose coating is far from exhausted<\/strong>There is the option of adding additives such as vitamins or antioxidants, etc.<\/p><div id=\"packa-2238488779\" class=\"packa-inhalt\"><!--noptimize--><script async src=\"https:\/\/pagead2.googlesyndication.com\/pagead\/js\/adsbygoogle.js?client=ca-pub-2686439340972671\" crossorigin=\"anonymous\"><\/script>\r\n<ins class=\"adsbygoogle\" style=\"display:block;text-align:center\" data-ad-layout=\"in-article\" data-ad-format=\"fluid\" data-ad-client=\"ca-pub-2686439340972671\" data-ad-slot=\"6171251825\"><\/ins>\r\n<script>\r\n     (adsbygoogle = window.adsbygoogle || []).push({});\r\n<\/script><!--\/noptimize--><\/div>\t\t\t\t\t\t\t\t<\/div>\n\t\t\t\t<\/div>\n\t\t\t\t<div class=\"elementor-element elementor-element-a036088 exad-sticky-section-no exad-glass-effect-no elementor-widget elementor-widget-video\" data-id=\"a036088\" data-element_type=\"widget\" data-e-type=\"widget\" data-settings=\"{&quot;youtube_url&quot;:&quot;https:\\\/\\\/www.youtube.com\\\/watch?time_continue=2&amp;v=n46ASrhgThQ&amp;feature=emb_logo&quot;,&quot;video_type&quot;:&quot;youtube&quot;,&quot;controls&quot;:&quot;yes&quot;}\" data-widget_type=\"video.default\">\n\t\t\t\t<div class=\"elementor-widget-container\">\n\t\t\t\t\t\t\t<div class=\"elementor-wrapper elementor-open-inline\">\n\t\t\t<div class=\"elementor-video\"><\/div>\t\t<\/div>\n\t\t\t\t\t\t<\/div>\n\t\t\t\t<\/div>\n\t\t\t\t<div class=\"elementor-element elementor-element-c88172d exad-sticky-section-no exad-glass-effect-no elementor-widget elementor-widget-heading\" data-id=\"c88172d\" data-element_type=\"widget\" data-e-type=\"widget\" data-widget_type=\"heading.default\">\n\t\t\t\t<div class=\"elementor-widget-container\">\n\t\t\t\t\t<h2 class=\"elementor-heading-title elementor-size-default\">Deployment planned throughout Switzerland<\/h2>\t\t\t\t<\/div>\n\t\t\t\t<\/div>\n\t\t\t\t<div class=\"elementor-element elementor-element-8d34e06 exad-sticky-section-no exad-glass-effect-no elementor-widget elementor-widget-text-editor\" data-id=\"8d34e06\" data-element_type=\"widget\" data-e-type=\"widget\" data-widget_type=\"text-editor.default\">\n\t\t\t\t<div class=\"elementor-widget-container\">\n\t\t\t\t\t\t\t\t\t<p>This summer, the promising preliminary study, which has been running since 2019, was successfully completed and the main study started. The cellulose layer developed at Empa is being<strong>n the next two years together with <a href=\"https:\/\/www.lidl.ch\/de\/\" target=\"_blank\" rel=\"noopener\">Lidl Switzerland<\/a> and a fruit and vegetable supplier and further improved<\/strong>. The project is financially supported by the Swiss Innovation Agency (Innosuisse). The aim is for the new technology to be rolled out after the successful main study. <strong>will be used in all over 150 Lidl shops in Switzerland<\/strong> can.<\/p><p><em>Source:\u00a0<\/em><a href=\"https:\/\/www.empa.ch\/web\/empa\/\" target=\"_blank\" rel=\"noopener\">Empa<\/a><\/p>\t\t\t\t\t\t\t\t<\/div>\n\t\t\t\t<\/div>\n\t\t\t\t<div class=\"elementor-element elementor-element-1cff323 elementor-widget-divider--view-line exad-sticky-section-no exad-glass-effect-no elementor-widget elementor-widget-divider\" data-id=\"1cff323\" data-element_type=\"widget\" data-e-type=\"widget\" data-widget_type=\"divider.default\">\n\t\t\t\t<div class=\"elementor-widget-container\">\n\t\t\t\t\t\t\t<div class=\"elementor-divider\">\n\t\t\t<span class=\"elementor-divider-separator\">\n\t\t\t\t\t\t<\/span>\n\t\t<\/div>\n\t\t\t\t\t\t<\/div>\n\t\t\t\t<\/div>\n\t\t\t\t\t<\/div>\n\t\t<\/div>\n\t\t\t\t\t<\/div>\n\t\t<\/section>\n\t\t\t\t<section data-exad-particle-enable=\"false\" class=\"elementor-section elementor-top-section elementor-element elementor-element-691b5784 elementor-section-boxed elementor-section-height-default elementor-section-height-default exad-parallax-effect-no exad-background-color-change-no exad-glass-effect-no exad-sticky-section-no\" data-id=\"691b5784\" data-element_type=\"section\" data-e-type=\"section\" data-settings=\"{&quot;background_background&quot;:&quot;classic&quot;}\">\n\t\t\t\t\t\t<div class=\"elementor-container elementor-column-gap-default\">\n\t\t\t\t\t<div class=\"elementor-column elementor-col-100 elementor-top-column elementor-element elementor-element-2ae86ad5 exad-glass-effect-no exad-sticky-section-no\" data-id=\"2ae86ad5\" data-element_type=\"column\" data-e-type=\"column\">\n\t\t\t<div class=\"elementor-widget-wrap elementor-element-populated\">\n\t\t\t\t\t\t<div class=\"elementor-element elementor-element-4019c2ff exad-sticky-section-no exad-glass-effect-no elementor-widget elementor-widget-heading\" data-id=\"4019c2ff\" data-element_type=\"widget\" data-e-type=\"widget\" data-widget_type=\"heading.default\">\n\t\t\t\t<div class=\"elementor-widget-container\">\n\t\t\t\t\t<h2 class=\"elementor-heading-title elementor-size-default\">\n More news<\/h2>\t\t\t\t<\/div>\n\t\t\t\t<\/div>\n\t\t\t\t<div class=\"elementor-element elementor-element-4b16a4f3 elementor-grid-3 elementor-grid-tablet-2 elementor-grid-mobile-1 elementor-posts--thumbnail-top elementor-posts__hover-gradient exad-sticky-section-no exad-glass-effect-no elementor-widget elementor-widget-posts\" data-id=\"4b16a4f3\" data-element_type=\"widget\" data-e-type=\"widget\" data-settings=\"{&quot;cards_row_gap&quot;:{&quot;unit&quot;:&quot;px&quot;,&quot;size&quot;:38,&quot;sizes&quot;:[]},&quot;cards_columns&quot;:&quot;3&quot;,&quot;cards_columns_tablet&quot;:&quot;2&quot;,&quot;cards_columns_mobile&quot;:&quot;1&quot;,&quot;cards_row_gap_tablet&quot;:{&quot;unit&quot;:&quot;px&quot;,&quot;size&quot;:&quot;&quot;,&quot;sizes&quot;:[]},&quot;cards_row_gap_mobile&quot;:{&quot;unit&quot;:&quot;px&quot;,&quot;size&quot;:&quot;&quot;,&quot;sizes&quot;:[]}}\" data-widget_type=\"posts.cards\">\n\t\t\t\t<div class=\"elementor-widget-container\">\n\t\t\t\t\t\t\t<div class=\"elementor-posts-container elementor-posts elementor-posts--skin-cards elementor-grid\" role=\"list\">\n\t\t\t\t<article class=\"elementor-post elementor-grid-item post-115537 post type-post status-publish format-standard has-post-thumbnail category-packmittel-und-packstoffe tag-metall tag-metpack tag-nachhaltigkeit-und-green-packaging tag-packmittel-und-packstoffe tag-thyssenkrupp-rasselstein cs-entry cs-video-wrap\" role=\"listitem\">\n\t\t\t<div class=\"elementor-post__card\">\n\t\t\t\t<a class=\"elementor-post__thumbnail__link\" href=\"https:\/\/packaging-journal.de\/en\/innovative-weissblechverpackungen-auf-der-metpack\/\" tabindex=\"-1\"><div class=\"elementor-post__thumbnail\"><img decoding=\"async\" width=\"300\" height=\"163\" src=\"https:\/\/packaging-journal.de\/wp-content\/uploads\/2026\/04\/thyssenkrupp-rasselstein-metpack-300x163.jpg\" class=\"attachment-medium size-medium wp-image-115549\" alt=\"\" srcset=\"https:\/\/packaging-journal.de\/wp-content\/uploads\/2026\/04\/thyssenkrupp-rasselstein-metpack-300x163.jpg 300w, https:\/\/packaging-journal.de\/wp-content\/uploads\/2026\/04\/thyssenkrupp-rasselstein-metpack-1024x555.jpg 1024w, https:\/\/packaging-journal.de\/wp-content\/uploads\/2026\/04\/thyssenkrupp-rasselstein-metpack-768x416.jpg 768w, https:\/\/packaging-journal.de\/wp-content\/uploads\/2026\/04\/thyssenkrupp-rasselstein-metpack-18x10.jpg 18w, https:\/\/packaging-journal.de\/wp-content\/uploads\/2026\/04\/thyssenkrupp-rasselstein-metpack-332x180.jpg 332w, https:\/\/packaging-journal.de\/wp-content\/uploads\/2026\/04\/thyssenkrupp-rasselstein-metpack-664x360.jpg 664w, https:\/\/packaging-journal.de\/wp-content\/uploads\/2026\/04\/thyssenkrupp-rasselstein-metpack-688x373.jpg 688w, https:\/\/packaging-journal.de\/wp-content\/uploads\/2026\/04\/thyssenkrupp-rasselstein-metpack-1044x566.jpg 1044w, https:\/\/packaging-journal.de\/wp-content\/uploads\/2026\/04\/thyssenkrupp-rasselstein-metpack.jpg 1200w\" sizes=\"(max-width: 300px) 100vw, 300px\" \/><\/div><\/a>\n\t\t\t\t<div class=\"elementor-post__text\">\n\t\t\t\t<h3 class=\"elementor-post__title\">\n\t\t\t<a href=\"https:\/\/packaging-journal.de\/en\/innovative-weissblechverpackungen-auf-der-metpack\/\">\n\t\t\t\tInnovative tinplate packaging at the Metpack\t\t\t<\/a>\n\t\t<\/h3>\n\t\t\t\t<div class=\"elementor-post__excerpt\">\n\t\t\tAt the Metpack in Essen, Thyssenkrupp Rasselstein is presenting new packaging steels and digital tools to increase efficiency. The solutions aim at material savings and sustainability.\t\t<\/div>\n\t\t\n\t\t<a class=\"elementor-post__read-more\" href=\"https:\/\/packaging-journal.de\/en\/innovative-weissblechverpackungen-auf-der-metpack\/\" aria-label=\"Read more about innovative tinplate packaging at Metpack\" tabindex=\"-1\">\n\t\t\tRead more \"\t\t<\/a>\n\n\t\t\t\t<\/div>\n\t\t\t\t\t<\/div>\n\t\t<\/article>\n\t\t\t\t<article class=\"elementor-post elementor-grid-item post-115521 post type-post status-publish format-standard has-post-thumbnail category-green-packaging tag-basf tag-interpack tag-kunststoff-und-verbunde tag-nachhaltigkeit-und-green-packaging tag-packmittel-und-packstoffe cs-entry cs-video-wrap\" role=\"listitem\">\n\t\t\t<div class=\"elementor-post__card\">\n\t\t\t\t<a class=\"elementor-post__thumbnail__link\" href=\"https:\/\/packaging-journal.de\/en\/basf-erweitert-ecovio-portfolio\/\" tabindex=\"-1\"><div class=\"elementor-post__thumbnail\"><img decoding=\"async\" width=\"300\" height=\"163\" src=\"https:\/\/packaging-journal.de\/wp-content\/uploads\/2026\/04\/basf-ecovio-barriere-300x163.jpg\" class=\"attachment-medium size-medium wp-image-115522\" alt=\"\" srcset=\"https:\/\/packaging-journal.de\/wp-content\/uploads\/2026\/04\/basf-ecovio-barriere-300x163.jpg 300w, https:\/\/packaging-journal.de\/wp-content\/uploads\/2026\/04\/basf-ecovio-barriere-1024x555.jpg 1024w, https:\/\/packaging-journal.de\/wp-content\/uploads\/2026\/04\/basf-ecovio-barriere-768x416.jpg 768w, https:\/\/packaging-journal.de\/wp-content\/uploads\/2026\/04\/basf-ecovio-barriere-18x10.jpg 18w, https:\/\/packaging-journal.de\/wp-content\/uploads\/2026\/04\/basf-ecovio-barriere-332x180.jpg 332w, https:\/\/packaging-journal.de\/wp-content\/uploads\/2026\/04\/basf-ecovio-barriere-664x360.jpg 664w, https:\/\/packaging-journal.de\/wp-content\/uploads\/2026\/04\/basf-ecovio-barriere-688x373.jpg 688w, https:\/\/packaging-journal.de\/wp-content\/uploads\/2026\/04\/basf-ecovio-barriere-1044x566.jpg 1044w, https:\/\/packaging-journal.de\/wp-content\/uploads\/2026\/04\/basf-ecovio-barriere.jpg 1200w\" sizes=\"(max-width: 300px) 100vw, 300px\" \/><\/div><\/a>\n\t\t\t\t<div class=\"elementor-post__text\">\n\t\t\t\t<h3 class=\"elementor-post__title\">\n\t\t\t<a href=\"https:\/\/packaging-journal.de\/en\/basf-erweitert-ecovio-portfolio\/\">\n\t\t\t\tBASF expands Ecovio portfolio for flexible packaging\t\t\t<\/a>\n\t\t<\/h3>\n\t\t\t\t<div class=\"elementor-post__excerpt\">\n\t\t\tBASF has expanded its Ecovio portfolio with new compostable grades that meet recycling and barrier requirements for flexible packaging.\t\t<\/div>\n\t\t\n\t\t<a class=\"elementor-post__read-more\" href=\"https:\/\/packaging-journal.de\/en\/basf-erweitert-ecovio-portfolio\/\" aria-label=\"Read more about BASF expands Ecovio portfolio for flexible packaging\" tabindex=\"-1\">\n\t\t\tRead more \"\t\t<\/a>\n\n\t\t\t\t<\/div>\n\t\t\t\t\t<\/div>\n\t\t<\/article>\n\t\t\t\t<article class=\"elementor-post elementor-grid-item post-115547 post type-post status-publish format-standard has-post-thumbnail category-maerkte tag-ifo-institut tag-kunststoff-und-verbunde tag-markt tag-packmittel-und-packstoffe cs-entry cs-video-wrap\" role=\"listitem\">\n\t\t\t<div class=\"elementor-post__card\">\n\t\t\t\t<a class=\"elementor-post__thumbnail__link\" href=\"https:\/\/packaging-journal.de\/en\/ifo-institut-materialknappheit-steigt-an\/\" tabindex=\"-1\"><div class=\"elementor-post__thumbnail\"><img loading=\"lazy\" decoding=\"async\" width=\"300\" height=\"163\" src=\"https:\/\/packaging-journal.de\/wp-content\/uploads\/2026\/01\/industrieverpackungen-300x163.jpg\" class=\"attachment-medium size-medium wp-image-110671\" alt=\"\" srcset=\"https:\/\/packaging-journal.de\/wp-content\/uploads\/2026\/01\/industrieverpackungen-300x163.jpg 300w, https:\/\/packaging-journal.de\/wp-content\/uploads\/2026\/01\/industrieverpackungen-1024x555.jpg 1024w, https:\/\/packaging-journal.de\/wp-content\/uploads\/2026\/01\/industrieverpackungen-768x416.jpg 768w, https:\/\/packaging-journal.de\/wp-content\/uploads\/2026\/01\/industrieverpackungen-18x10.jpg 18w, https:\/\/packaging-journal.de\/wp-content\/uploads\/2026\/01\/industrieverpackungen.jpg 1200w\" sizes=\"(max-width: 300px) 100vw, 300px\" \/><\/div><\/a>\n\t\t\t\t<div class=\"elementor-post__text\">\n\t\t\t\t<h3 class=\"elementor-post__title\">\n\t\t\t<a href=\"https:\/\/packaging-journal.de\/en\/ifo-institut-materialknappheit-steigt-an\/\">\n\t\t\t\tIfo Institute: Shortages of materials in industry are rising sharply\t\t\t<\/a>\n\t\t<\/h3>\n\t\t\t\t<div class=\"elementor-post__excerpt\">\n\t\t\tAccording to the Ifo business climate survey, the supply of intermediate goods in industry has recently deteriorated significantly. Companies are reporting bottlenecks in the procurement of materials.\t\t<\/div>\n\t\t\n\t\t<a class=\"elementor-post__read-more\" href=\"https:\/\/packaging-journal.de\/en\/ifo-institut-materialknappheit-steigt-an\/\" aria-label=\"Read more about Ifo Institute: Shortages of materials in industry are skyrocketing\" tabindex=\"-1\">\n\t\t\tRead more \"\t\t<\/a>\n\n\t\t\t\t<\/div>\n\t\t\t\t\t<\/div>\n\t\t<\/article>\n\t\t\t\t<article class=\"elementor-post elementor-grid-item post-115516 post type-post status-publish format-standard has-post-thumbnail category-verpackungstechnik tag-automatisieren-und-robotik tag-interpack tag-lenze tag-verpackungstechnik cs-entry cs-video-wrap\" role=\"listitem\">\n\t\t\t<div class=\"elementor-post__card\">\n\t\t\t\t<a class=\"elementor-post__thumbnail__link\" href=\"https:\/\/packaging-journal.de\/en\/innovative-antriebskonzepte-fuer-die-verpackungsindustrie\/\" tabindex=\"-1\"><div class=\"elementor-post__thumbnail\"><img loading=\"lazy\" decoding=\"async\" width=\"300\" height=\"163\" src=\"https:\/\/packaging-journal.de\/wp-content\/uploads\/2026\/04\/Lenze-interpack-300x163.jpg\" class=\"attachment-medium size-medium wp-image-115519\" alt=\"\" srcset=\"https:\/\/packaging-journal.de\/wp-content\/uploads\/2026\/04\/Lenze-interpack-300x163.jpg 300w, https:\/\/packaging-journal.de\/wp-content\/uploads\/2026\/04\/Lenze-interpack-1024x555.jpg 1024w, https:\/\/packaging-journal.de\/wp-content\/uploads\/2026\/04\/Lenze-interpack-768x416.jpg 768w, https:\/\/packaging-journal.de\/wp-content\/uploads\/2026\/04\/Lenze-interpack-18x10.jpg 18w, https:\/\/packaging-journal.de\/wp-content\/uploads\/2026\/04\/Lenze-interpack-332x180.jpg 332w, https:\/\/packaging-journal.de\/wp-content\/uploads\/2026\/04\/Lenze-interpack-664x360.jpg 664w, https:\/\/packaging-journal.de\/wp-content\/uploads\/2026\/04\/Lenze-interpack-688x373.jpg 688w, https:\/\/packaging-journal.de\/wp-content\/uploads\/2026\/04\/Lenze-interpack-1044x566.jpg 1044w, https:\/\/packaging-journal.de\/wp-content\/uploads\/2026\/04\/Lenze-interpack.jpg 1200w\" sizes=\"(max-width: 300px) 100vw, 300px\" \/><\/div><\/a>\n\t\t\t\t<div class=\"elementor-post__text\">\n\t\t\t\t<h3 class=\"elementor-post__title\">\n\t\t\t<a href=\"https:\/\/packaging-journal.de\/en\/innovative-antriebskonzepte-fuer-die-verpackungsindustrie\/\">\n\t\t\t\tInnovative drive concepts for the packaging industry\t\t\t<\/a>\n\t\t<\/h3>\n\t\t\t\t<div class=\"elementor-post__excerpt\">\n\t\t\tAt interpack 2026, Lenze will showcase solutions that reduce complexity and increase flexibility.\t\t<\/div>\n\t\t\n\t\t<a class=\"elementor-post__read-more\" href=\"https:\/\/packaging-journal.de\/en\/innovative-antriebskonzepte-fuer-die-verpackungsindustrie\/\" aria-label=\"Read more about Innovative drive concepts for the packaging industry\" tabindex=\"-1\">\n\t\t\tRead more \"\t\t<\/a>\n\n\t\t\t\t<\/div>\n\t\t\t\t\t<\/div>\n\t\t<\/article>\n\t\t\t\t<article class=\"elementor-post elementor-grid-item post-115391 post type-post status-publish format-standard has-post-thumbnail category-aus-dem-magazin tag-digitalisierung tag-etikettieren-kennzeichnen-codieren tag-interpack tag-magazin-02-2026 tag-securikett cs-entry cs-video-wrap\" role=\"listitem\">\n\t\t\t<div class=\"elementor-post__card\">\n\t\t\t\t<a class=\"elementor-post__thumbnail__link\" href=\"https:\/\/packaging-journal.de\/en\/securikett-regulatorische-pflichten\/\" tabindex=\"-1\"><div class=\"elementor-post__thumbnail\"><img loading=\"lazy\" decoding=\"async\" width=\"300\" height=\"163\" src=\"https:\/\/packaging-journal.de\/wp-content\/uploads\/2026\/04\/securikett-dpp-300x163.jpg\" class=\"attachment-medium size-medium wp-image-115392\" alt=\"\" srcset=\"https:\/\/packaging-journal.de\/wp-content\/uploads\/2026\/04\/securikett-dpp-300x163.jpg 300w, https:\/\/packaging-journal.de\/wp-content\/uploads\/2026\/04\/securikett-dpp-1024x555.jpg 1024w, https:\/\/packaging-journal.de\/wp-content\/uploads\/2026\/04\/securikett-dpp-768x416.jpg 768w, https:\/\/packaging-journal.de\/wp-content\/uploads\/2026\/04\/securikett-dpp-18x10.jpg 18w, https:\/\/packaging-journal.de\/wp-content\/uploads\/2026\/04\/securikett-dpp-332x180.jpg 332w, https:\/\/packaging-journal.de\/wp-content\/uploads\/2026\/04\/securikett-dpp-664x360.jpg 664w, https:\/\/packaging-journal.de\/wp-content\/uploads\/2026\/04\/securikett-dpp-688x373.jpg 688w, https:\/\/packaging-journal.de\/wp-content\/uploads\/2026\/04\/securikett-dpp-1044x566.jpg 1044w, https:\/\/packaging-journal.de\/wp-content\/uploads\/2026\/04\/securikett-dpp.jpg 1200w\" sizes=\"(max-width: 300px) 100vw, 300px\" \/><\/div><\/a>\n\t\t\t\t<div class=\"elementor-post__text\">\n\t\t\t\t<h3 class=\"elementor-post__title\">\n\t\t\t<a href=\"https:\/\/packaging-journal.de\/en\/securikett-regulatorische-pflichten\/\">\n\t\t\t\tHow regulatory obligations become a competitive advantage\t\t\t<\/a>\n\t\t<\/h3>\n\t\t\t\t<div class=\"elementor-post__excerpt\">\n\t\t\tSecurikett demonstrates how regulatory obligations can be transformed into real competitive advantages: through the intelligent combination of product safety, sustainability, and digital transparency.\t\t<\/div>\n\t\t\n\t\t<a class=\"elementor-post__read-more\" href=\"https:\/\/packaging-journal.de\/en\/securikett-regulatorische-pflichten\/\" aria-label=\"Read more about how regulatory obligations can become a competitive advantage\" tabindex=\"-1\">\n\t\t\tRead more \"\t\t<\/a>\n\n\t\t\t\t<\/div>\n\t\t\t\t\t<\/div>\n\t\t<\/article>\n\t\t\t\t<article class=\"elementor-post elementor-grid-item post-115511 post type-post status-publish format-standard has-post-thumbnail category-verpackungstechnik tag-abfuelltechnik tag-interpack tag-pharma-kosmetik-chemie tag-rationator cs-entry cs-video-wrap\" role=\"listitem\">\n\t\t\t<div class=\"elementor-post__card\">\n\t\t\t\t<a class=\"elementor-post__thumbnail__link\" href=\"https:\/\/packaging-journal.de\/en\/modulare-abfuelltechnik\/\" tabindex=\"-1\"><div class=\"elementor-post__thumbnail\"><img loading=\"lazy\" decoding=\"async\" width=\"300\" height=\"163\" src=\"https:\/\/packaging-journal.de\/wp-content\/uploads\/2026\/04\/Rationator-interpack-300x163.jpg\" class=\"attachment-medium size-medium wp-image-115514\" alt=\"\" srcset=\"https:\/\/packaging-journal.de\/wp-content\/uploads\/2026\/04\/Rationator-interpack-300x163.jpg 300w, https:\/\/packaging-journal.de\/wp-content\/uploads\/2026\/04\/Rationator-interpack-1024x555.jpg 1024w, https:\/\/packaging-journal.de\/wp-content\/uploads\/2026\/04\/Rationator-interpack-768x416.jpg 768w, https:\/\/packaging-journal.de\/wp-content\/uploads\/2026\/04\/Rationator-interpack-18x10.jpg 18w, https:\/\/packaging-journal.de\/wp-content\/uploads\/2026\/04\/Rationator-interpack-332x180.jpg 332w, https:\/\/packaging-journal.de\/wp-content\/uploads\/2026\/04\/Rationator-interpack-664x360.jpg 664w, https:\/\/packaging-journal.de\/wp-content\/uploads\/2026\/04\/Rationator-interpack-688x373.jpg 688w, https:\/\/packaging-journal.de\/wp-content\/uploads\/2026\/04\/Rationator-interpack-1044x566.jpg 1044w, https:\/\/packaging-journal.de\/wp-content\/uploads\/2026\/04\/Rationator-interpack.jpg 1200w\" sizes=\"(max-width: 300px) 100vw, 300px\" \/><\/div><\/a>\n\t\t\t\t<div class=\"elementor-post__text\">\n\t\t\t\t<h3 class=\"elementor-post__title\">\n\t\t\t<a href=\"https:\/\/packaging-journal.de\/en\/modulare-abfuelltechnik\/\">\n\t\t\t\tModular filling technology\t\t\t<\/a>\n\t\t<\/h3>\n\t\t\t\t<div class=\"elementor-post__excerpt\">\n\t\t\tRationator presents the new generation of Robomat filling machines at interpack 2026.\t\t<\/div>\n\t\t\n\t\t<a class=\"elementor-post__read-more\" href=\"https:\/\/packaging-journal.de\/en\/modulare-abfuelltechnik\/\" aria-label=\"Read more about modular filling technology\" tabindex=\"-1\">\n\t\t\tRead more \"\t\t<\/a>\n\n\t\t\t\t<\/div>\n\t\t\t\t\t<\/div>\n\t\t<\/article>\n\t\t\t\t<\/div>\n\t\t\n\t\t\t\t\t\t<\/div>\n\t\t\t\t<\/div>\n\t\t\t\t\t<\/div>\n\t\t<\/div>\n\t\t\t\t\t<\/div>\n\t\t<\/section>\n\t\t\t\t<\/div>","protected":false},"excerpt":{"rendered":"Researchers at Empa have developed a protective cellulose coating for fruit and vegetables in collaboration with Lidl Switzerland. The innovative coating is made from pomace - pressed fruit and vegetable peelings.","protected":false},"author":1,"featured_media":54638,"comment_status":"closed","ping_status":"closed","sticky":false,"template":"","format":"standard","meta":{"_acf_changed":false,"__cvm_playback_settings":[],"__cvm_video_id":"","rank_math_description":"Forschende der Empa haben gemeinsam mit Lidl Schweiz eine Cellulose-Schutzschicht f\u00fcr Fr\u00fcchte und Gem\u00fcse entwickelt. ","rank_math_focus_keyword":"Lidl Schweiz","rank_math_title":"Lidl Schweiz verpackt Obst und Gem\u00fcse im \u00d6ko-Mantel","csco_display_header_overlay":false,"csco_singular_sidebar":"","csco_page_header_type":"","csco_page_load_nextpost":"","csco_post_video_location":[],"csco_post_video_location_hash":"","csco_post_video_url":"","csco_post_video_bg_start_time":0,"csco_post_video_bg_end_time":0,"footnotes":"","_links_to":"","_links_to_target":""},"categories":[58781],"tags":[38,59048,31,58821,39],"class_list":{"0":"post-54635","1":"post","2":"type-post","3":"status-publish","4":"format-standard","5":"has-post-thumbnail","7":"category-green-packaging","8":"tag-lebensmittel","9":"tag-lidl","10":"tag-nachhaltigkeit-und-green-packaging","11":"tag-obst-und-gemuese","12":"tag-verpackungstechnik","13":"cs-entry","14":"cs-video-wrap"},"acf":[],"vimeo_video":null,"_links":{"self":[{"href":"https:\/\/packaging-journal.de\/en\/wp-json\/wp\/v2\/posts\/54635","targetHints":{"allow":["GET"]}}],"collection":[{"href":"https:\/\/packaging-journal.de\/en\/wp-json\/wp\/v2\/posts"}],"about":[{"href":"https:\/\/packaging-journal.de\/en\/wp-json\/wp\/v2\/types\/post"}],"author":[{"embeddable":true,"href":"https:\/\/packaging-journal.de\/en\/wp-json\/wp\/v2\/users\/1"}],"replies":[{"embeddable":true,"href":"https:\/\/packaging-journal.de\/en\/wp-json\/wp\/v2\/comments?post=54635"}],"version-history":[{"count":0,"href":"https:\/\/packaging-journal.de\/en\/wp-json\/wp\/v2\/posts\/54635\/revisions"}],"wp:featuredmedia":[{"embeddable":true,"href":"https:\/\/packaging-journal.de\/en\/wp-json\/wp\/v2\/media\/54638"}],"wp:attachment":[{"href":"https:\/\/packaging-journal.de\/en\/wp-json\/wp\/v2\/media?parent=54635"}],"wp:term":[{"taxonomy":"category","embeddable":true,"href":"https:\/\/packaging-journal.de\/en\/wp-json\/wp\/v2\/categories?post=54635"},{"taxonomy":"post_tag","embeddable":true,"href":"https:\/\/packaging-journal.de\/en\/wp-json\/wp\/v2\/tags?post=54635"}],"curies":[{"name":"wp","href":"https:\/\/api.w.org\/{rel}","templated":true}]}}