{"id":55202,"date":"2022-01-18T16:00:44","date_gmt":"2022-01-18T15:00:44","guid":{"rendered":"https:\/\/packaging-journal.de\/?p=55202"},"modified":"2022-01-19T09:51:10","modified_gmt":"2022-01-19T08:51:10","slug":"liquid-soap-for-self-mixing-paper","status":"publish","type":"post","link":"https:\/\/packaging-journal.de\/en\/fluessigseife-zum-selbermischen-papier\/","title":{"rendered":"Liquid soap to mix yourself, packaged in paper"},"content":{"rendered":"<div data-elementor-type=\"wp-post\" data-elementor-id=\"55202\" class=\"elementor elementor-55202\" data-elementor-post-type=\"post\">\n\t\t\t\t\t\t<section data-exad-particle-enable=\"false\" class=\"elementor-section elementor-top-section elementor-element elementor-element-1dd92e7 elementor-section-boxed elementor-section-height-default elementor-section-height-default exad-parallax-effect-no exad-background-color-change-no exad-glass-effect-no exad-sticky-section-no\" data-id=\"1dd92e7\" data-element_type=\"section\" data-e-type=\"section\">\n\t\t\t\t\t\t<div class=\"elementor-container elementor-column-gap-default\">\n\t\t\t\t\t<div class=\"elementor-column elementor-col-100 elementor-top-column elementor-element elementor-element-bd2a44b exad-glass-effect-no exad-sticky-section-no\" data-id=\"bd2a44b\" data-element_type=\"column\" data-e-type=\"column\">\n\t\t\t<div class=\"elementor-widget-wrap elementor-element-populated\">\n\t\t\t\t\t\t<div class=\"elementor-element elementor-element-8d36c69 exad-sticky-section-no exad-glass-effect-no elementor-widget elementor-widget-text-editor\" data-id=\"8d36c69\" data-element_type=\"widget\" data-e-type=\"widget\" data-widget_type=\"text-editor.default\">\n\t\t\t\t<div class=\"elementor-widget-container\">\n\t\t\t\t\t\t\t\t\t<p><strong>The start-up Sause from Munich has big plans: They want to create a sustainable alternative to liquid soap that dispenses with plastic in both the product and the packaging. The sachets for the liquid soap in powder form are supplied by paper manufacturer Sappi.<\/strong><\/p>\t\t\t\t\t\t\t\t<\/div>\n\t\t\t\t<\/div>\n\t\t\t\t<div class=\"elementor-element elementor-element-39c609c exad-sticky-section-no exad-glass-effect-no elementor-widget elementor-widget-text-editor\" data-id=\"39c609c\" data-element_type=\"widget\" data-e-type=\"widget\" data-widget_type=\"text-editor.default\">\n\t\t\t\t<div class=\"elementor-widget-container\">\n\t\t\t\t\t\t\t\t\t<p>In the start-up show \"H\u00f6hle der L\u00f6wen\", three investors were interested in the Munich start-up's liquid soap for self-mixing. Managing Directors Moritz Simsch and Sebastian Jung designed the<strong> Handling the environmentally friendly <a href=\"https:\/\/www.seifenbrause.de\" target=\"_blank\" rel=\"noopener\">\"Soap shower\" from Sause<\/a> is very simple<\/strong>Water, powder, shake - done. Compared to existing drugstore soap in plastic dispensers, 96 per cent of the weight and CO<sub>2<\/sub>-emissions during transport. The company controls this primarily through the <strong>Production in our own factory<\/strong>. From development to final production, the entire production process takes place in the Palatinate Forest in Germany.<\/p>\t\t\t\t\t\t\t\t<\/div>\n\t\t\t\t<\/div>\n\t\t\t\t<div class=\"elementor-element elementor-element-5eb390a exad-sticky-section-no exad-glass-effect-no elementor-widget elementor-widget-heading\" data-id=\"5eb390a\" data-element_type=\"widget\" data-e-type=\"widget\" data-widget_type=\"heading.default\">\n\t\t\t\t<div class=\"elementor-widget-container\">\n\t\t\t\t\t<h2 class=\"elementor-heading-title elementor-size-default\">Resource-saving packaging<\/h2>\t\t\t\t<\/div>\n\t\t\t\t<\/div>\n\t\t\t\t<div class=\"elementor-element elementor-element-8967929 exad-sticky-section-no exad-glass-effect-no elementor-widget elementor-widget-text-editor\" data-id=\"8967929\" data-element_type=\"widget\" data-e-type=\"widget\" data-widget_type=\"text-editor.default\">\n\t\t\t\t<div class=\"elementor-widget-container\">\n\t\t\t\t\t\t\t\t\t<p>Sause products also score highly when it comes to packaging. In order to <strong>Resource-saving alternative to conventional disposable packaging<\/strong> the start-up turned to the <a href=\"https:\/\/packaging-journal.de\/?s=Arwed+L%C3%B6seke\" target=\"_blank\" rel=\"noopener\">Arwed L\u00f6seke<\/a>.<\/p><div class=\"packa-in-post-alle\" style=\"text-align: center;\" id=\"packa-4153232705\"><div id=\"packa-1116623853\"><a data-no-instant=\"1\" href=\"https:\/\/packaging-journal.de\/en\/newsletter\/\" rel=\"noopener\" class=\"a2t-link\" target=\"_blank\" aria-label=\"PJ Self-promotion English 03\"><!--noptimize--><img src=\"https:\/\/packaging-journal.de\/wp-content\/uploads\/2026\/01\/PJ-Eigenwerbung-English-03.png\" alt=\"\"  srcset=\"https:\/\/packaging-journal.de\/wp-content\/uploads\/2026\/01\/PJ-Eigenwerbung-English-03.png 840w, https:\/\/packaging-journal.de\/wp-content\/uploads\/2026\/01\/PJ-Eigenwerbung-English-03-300x75.png 300w, https:\/\/packaging-journal.de\/wp-content\/uploads\/2026\/01\/PJ-Eigenwerbung-English-03-768x192.png 768w, https:\/\/packaging-journal.de\/wp-content\/uploads\/2026\/01\/PJ-Eigenwerbung-English-03-18x5.png 18w, https:\/\/packaging-journal.de\/wp-content\/uploads\/2026\/01\/PJ-Eigenwerbung-English-03-332x83.png 332w, https:\/\/packaging-journal.de\/wp-content\/uploads\/2026\/01\/PJ-Eigenwerbung-English-03-664x166.png 664w, https:\/\/packaging-journal.de\/wp-content\/uploads\/2026\/01\/PJ-Eigenwerbung-English-03-688x172.png 688w\" sizes=\"(max-width: 840px) 100vw, 840px\" width=\"840\" height=\"210\"  style=\" max-width: 100%; height: auto;\" \/><!--\/noptimize--><\/a><\/div><\/div><blockquote><p>\"The many years of <strong>The company's expertise in paper processing and printing<\/strong> and its broad expertise in sustainable packaging solutions has helped us make decisive progress. Consumers can be sure of the product quality and sustainability of the packaging.\"<\/p><p><strong>Moritz Simsch<\/strong>, Sause Co-Founder and CEO<\/p><\/blockquote>\t\t\t\t\t\t\t\t<\/div>\n\t\t\t\t<\/div>\n\t\t\t\t<div class=\"elementor-element elementor-element-8674a0d exad-sticky-section-no exad-glass-effect-no elementor-widget elementor-widget-image\" data-id=\"8674a0d\" data-element_type=\"widget\" data-e-type=\"widget\" data-widget_type=\"image.default\">\n\t\t\t\t<div class=\"elementor-widget-container\">\n\t\t\t\t\t\t\t\t\t\t\t\t<figure class=\"wp-caption\">\n\t\t\t\t\t\t\t\t\t\t<img fetchpriority=\"high\" decoding=\"async\" width=\"1024\" height=\"684\" src=\"https:\/\/packaging-journal.de\/wp-content\/uploads\/2022\/01\/sause-gruender-moritz-simsch-sebastian-jung-1024x684.jpg\" class=\"attachment-large size-large wp-image-55207\" alt=\"Moritz Simsch (left) and Sebastian Jung are the founders of the Munich start-up Sause. They are developing a sustainable alternative with their self-mixing liquid soap.\" srcset=\"https:\/\/packaging-journal.de\/wp-content\/uploads\/2022\/01\/sause-gruender-moritz-simsch-sebastian-jung-1024x684.jpg 1024w, https:\/\/packaging-journal.de\/wp-content\/uploads\/2022\/01\/sause-gruender-moritz-simsch-sebastian-jung-300x200.jpg 300w, https:\/\/packaging-journal.de\/wp-content\/uploads\/2022\/01\/sause-gruender-moritz-simsch-sebastian-jung-768x513.jpg 768w, https:\/\/packaging-journal.de\/wp-content\/uploads\/2022\/01\/sause-gruender-moritz-simsch-sebastian-jung-1536x1026.jpg 1536w, https:\/\/packaging-journal.de\/wp-content\/uploads\/2022\/01\/sause-gruender-moritz-simsch-sebastian-jung-1320x882.jpg 1320w, https:\/\/packaging-journal.de\/wp-content\/uploads\/2022\/01\/sause-gruender-moritz-simsch-sebastian-jung.jpg 1750w\" sizes=\"(max-width: 1024px) 100vw, 1024px\" \/>\t\t\t\t\t\t\t\t\t\t\t<figcaption class=\"widget-image-caption wp-caption-text\">Moritz Simsch (left) and Sebastian Jung are the founders of the Munich start-up Sause.\n(Image: Sappi)<\/figcaption>\n\t\t\t\t\t\t\t\t\t\t<\/figure>\n\t\t\t\t\t\t\t\t\t<\/div>\n\t\t\t\t<\/div>\n\t\t\t\t<div class=\"elementor-element elementor-element-f223dd6 exad-sticky-section-no exad-glass-effect-no elementor-widget elementor-widget-text-editor\" data-id=\"f223dd6\" data-element_type=\"widget\" data-e-type=\"widget\" data-widget_type=\"text-editor.default\">\n\t\t\t\t<div class=\"elementor-widget-container\">\n\t\t\t\t\t\t\t\t\t<p>After discussing the customer's specific requirements and carrying out a series of test runs with different paper qualities and basis weights, Arwed L\u00f6seke was able to recommend the most suitable material for packaging soap powder. The <strong>paper-based packaging solution should offer a high-performance moisture, grease and flavour barrier function as well as<\/strong> have optimum heat-sealing properties.<\/p>\t\t\t\t\t\t\t\t<\/div>\n\t\t\t\t<\/div>\n\t\t\t\t<div class=\"elementor-element elementor-element-437d707 exad-sticky-section-no exad-glass-effect-no elementor-widget elementor-widget-heading\" data-id=\"437d707\" data-element_type=\"widget\" data-e-type=\"widget\" data-widget_type=\"heading.default\">\n\t\t\t\t<div class=\"elementor-widget-container\">\n\t\t\t\t\t<h2 class=\"elementor-heading-title elementor-size-default\">Functional papers fulfil requirements<\/h2>\t\t\t\t<\/div>\n\t\t\t\t<\/div>\n\t\t\t\t<div class=\"elementor-element elementor-element-9234ed5 exad-sticky-section-no exad-glass-effect-no elementor-widget elementor-widget-text-editor\" data-id=\"9234ed5\" data-element_type=\"widget\" data-e-type=\"widget\" data-widget_type=\"text-editor.default\">\n\t\t\t\t<div class=\"elementor-widget-container\">\n\t\t\t\t\t\t\t\t\t<p>The choice fell on the functional papers of the <a href=\"https:\/\/packaging-journal.de\/?s=sappi+\" target=\"_blank\" rel=\"noopener\">Sappi<\/a> Guard product family, which were specially developed for the flexible packaging market. Sappi AvantGuard Nature S in a grammage of 75 g\/m\u00b2 was characterised not only by its <strong>Mixture of stability and mouldability<\/strong> but also has a high sealability.<\/p><div id=\"packa-3084855250\" class=\"packa-inhalt\"><!--noptimize--><script async src=\"https:\/\/pagead2.googlesyndication.com\/pagead\/js\/adsbygoogle.js?client=ca-pub-2686439340972671\" crossorigin=\"anonymous\"><\/script>\r\n<ins class=\"adsbygoogle\" style=\"display:block;text-align:center\" data-ad-layout=\"in-article\" data-ad-format=\"fluid\" data-ad-client=\"ca-pub-2686439340972671\" data-ad-slot=\"6171251825\"><\/ins>\r\n<script>\r\n     (adsbygoogle = window.adsbygoogle || []).push({});\r\n<\/script><!--\/noptimize--><\/div><blockquote><p>\"About <strong>80 per cent of the materials used in the high-barrier paper come from renewable sources<\/strong>. The paper-based packaging solution eliminates the need for additional special coatings or laminations and the materials can simply be recycled in the waste paper stream.\"<\/p><p><strong>Sibylle Hajostek<\/strong>Market Manager Packaging Solutions at Sappi<\/p><\/blockquote><p>The approx. 6.5 x 10 centimetre sachets from Sappi <strong>protect the soap powder safely from moisture, loss of flavour and other environmental influences<\/strong>. They are easy to handle and can be torn open in a controlled manner.\u00a0<\/p>\t\t\t\t\t\t\t\t<\/div>\n\t\t\t\t<\/div>\n\t\t\t\t<div class=\"elementor-element elementor-element-27caebc exad-sticky-section-no exad-glass-effect-no elementor-widget elementor-widget-image\" data-id=\"27caebc\" data-element_type=\"widget\" data-e-type=\"widget\" data-widget_type=\"image.default\">\n\t\t\t\t<div class=\"elementor-widget-container\">\n\t\t\t\t\t\t\t\t\t\t\t\t<figure class=\"wp-caption\">\n\t\t\t\t\t\t\t\t\t\t<img decoding=\"async\" width=\"502\" height=\"468\" src=\"https:\/\/packaging-journal.de\/wp-content\/uploads\/2022\/01\/sause-seife-sappi.png\" class=\"attachment-large size-large wp-image-55205\" alt=\"Soap start-up Sause impressed viewers at &quot;Die H\u00f6hle der L\u00f6wen&quot; with its sustainable alternatives to conventional liquid soap.\" srcset=\"https:\/\/packaging-journal.de\/wp-content\/uploads\/2022\/01\/sause-seife-sappi.png 502w, https:\/\/packaging-journal.de\/wp-content\/uploads\/2022\/01\/sause-seife-sappi-300x280.png 300w\" sizes=\"(max-width: 502px) 100vw, 502px\" \/>\t\t\t\t\t\t\t\t\t\t\t<figcaption class=\"widget-image-caption wp-caption-text\">Soap start-up Sause impressed viewers on \"Die H\u00f6hle der L\u00f6wen\" with its sustainable alternatives to conventional liquid soap. The soap is packaged in powder form in sachets from Sappi.\n(Image: Sappi)<\/figcaption>\n\t\t\t\t\t\t\t\t\t\t<\/figure>\n\t\t\t\t\t\t\t\t\t<\/div>\n\t\t\t\t<\/div>\n\t\t\t\t<div class=\"elementor-element elementor-element-a56077b exad-sticky-section-no exad-glass-effect-no elementor-widget elementor-widget-text-editor\" data-id=\"a56077b\" data-element_type=\"widget\" data-e-type=\"widget\" data-widget_type=\"text-editor.default\">\n\t\t\t\t<div class=\"elementor-widget-container\">\n\t\t\t\t\t\t\t\t\t<p>Four different designs have been developed to reflect the different scents of the soap shower.<\/p><blockquote><p>\"Initially, we had doubts as to whether the flexo print images could be realised on the Sappi AvantGuard paper. But the <strong>Results demonstrate the very good printability of the paper<\/strong> - and of course always with the idea of sustainability in mind.\"<\/p><p><strong>Thomas Fernkorn<\/strong>Authorised signatory and sales manager for flexible packaging at Arwed L\u00f6seke<\/p><\/blockquote><p>Also in terms of machine settings, tests, etc. <a href=\"https:\/\/www.loeseke.de\/\" target=\"_blank\" rel=\"noopener\">Arwed L\u00f6seke<\/a> The start-up company was supported in an advisory capacity. With the <strong>Sales launch October 2021<\/strong> the soap shower is available in the Sause webshop and online at Douglas, Rossmann, HSE, Flink and Amazon.<\/p><p><em>Source:\u00a0<\/em><a href=\"https:\/\/www.sappi.com\/de\" target=\"_blank\" rel=\"noopener\">Sappi<\/a><\/p>\t\t\t\t\t\t\t\t<\/div>\n\t\t\t\t<\/div>\n\t\t\t\t<div class=\"elementor-element elementor-element-9e9f3ef elementor-widget-divider--view-line exad-sticky-section-no exad-glass-effect-no elementor-widget elementor-widget-divider\" data-id=\"9e9f3ef\" data-element_type=\"widget\" data-e-type=\"widget\" data-widget_type=\"divider.default\">\n\t\t\t\t<div class=\"elementor-widget-container\">\n\t\t\t\t\t\t\t<div class=\"elementor-divider\">\n\t\t\t<span class=\"elementor-divider-separator\">\n\t\t\t\t\t\t<\/span>\n\t\t<\/div>\n\t\t\t\t\t\t<\/div>\n\t\t\t\t<\/div>\n\t\t\t\t\t<\/div>\n\t\t<\/div>\n\t\t\t\t\t<\/div>\n\t\t<\/section>\n\t\t\t\t<section data-exad-particle-enable=\"false\" class=\"elementor-section elementor-top-section elementor-element elementor-element-5cddea46 elementor-section-boxed elementor-section-height-default elementor-section-height-default exad-parallax-effect-no exad-background-color-change-no exad-glass-effect-no exad-sticky-section-no\" data-id=\"5cddea46\" data-element_type=\"section\" data-e-type=\"section\" data-settings=\"{&quot;background_background&quot;:&quot;classic&quot;}\">\n\t\t\t\t\t\t<div class=\"elementor-container elementor-column-gap-default\">\n\t\t\t\t\t<div class=\"elementor-column elementor-col-100 elementor-top-column elementor-element elementor-element-16f65e2 exad-glass-effect-no exad-sticky-section-no\" data-id=\"16f65e2\" data-element_type=\"column\" data-e-type=\"column\">\n\t\t\t<div class=\"elementor-widget-wrap elementor-element-populated\">\n\t\t\t\t\t\t<div class=\"elementor-element elementor-element-251e426e exad-sticky-section-no exad-glass-effect-no elementor-widget elementor-widget-heading\" data-id=\"251e426e\" data-element_type=\"widget\" data-e-type=\"widget\" data-widget_type=\"heading.default\">\n\t\t\t\t<div class=\"elementor-widget-container\">\n\t\t\t\t\t<h2 class=\"elementor-heading-title elementor-size-default\">Sappi - More news<\/h2>\t\t\t\t<\/div>\n\t\t\t\t<\/div>\n\t\t\t\t<div class=\"elementor-element elementor-element-40c0a1b0 elementor-grid-3 elementor-grid-tablet-2 elementor-grid-mobile-1 elementor-posts--thumbnail-top elementor-posts__hover-gradient exad-sticky-section-no exad-glass-effect-no elementor-widget elementor-widget-posts\" data-id=\"40c0a1b0\" data-element_type=\"widget\" data-e-type=\"widget\" data-settings=\"{&quot;cards_row_gap&quot;:{&quot;unit&quot;:&quot;px&quot;,&quot;size&quot;:38,&quot;sizes&quot;:[]},&quot;cards_columns&quot;:&quot;3&quot;,&quot;cards_columns_tablet&quot;:&quot;2&quot;,&quot;cards_columns_mobile&quot;:&quot;1&quot;,&quot;cards_row_gap_tablet&quot;:{&quot;unit&quot;:&quot;px&quot;,&quot;size&quot;:&quot;&quot;,&quot;sizes&quot;:[]},&quot;cards_row_gap_mobile&quot;:{&quot;unit&quot;:&quot;px&quot;,&quot;size&quot;:&quot;&quot;,&quot;sizes&quot;:[]}}\" data-widget_type=\"posts.cards\">\n\t\t\t\t<div class=\"elementor-widget-container\">\n\t\t\t\t\t\t\t<div class=\"elementor-posts-container elementor-posts elementor-posts--skin-cards elementor-grid\" role=\"list\">\n\t\t\t\t<article class=\"elementor-post elementor-grid-item post-108521 post type-post status-publish format-standard has-post-thumbnail category-aus-den-unternehmen-news tag-aus-den-unternehmen tag-packmittel-und-packstoffe tag-papier-pappe-karton tag-pj_home tag-sappi-europe cs-entry cs-video-wrap\" role=\"listitem\">\n\t\t\t<div class=\"elementor-post__card\">\n\t\t\t\t<a class=\"elementor-post__thumbnail__link\" href=\"https:\/\/packaging-journal.de\/en\/sappi-schliesst-anlagen-im-werk-alfeld\/\" tabindex=\"-1\"><div class=\"elementor-post__thumbnail\"><img decoding=\"async\" width=\"300\" height=\"163\" src=\"https:\/\/packaging-journal.de\/wp-content\/uploads\/2025\/10\/Alfeld-300x163.jpg\" class=\"attachment-medium size-medium wp-image-108524\" alt=\"\" srcset=\"https:\/\/packaging-journal.de\/wp-content\/uploads\/2025\/10\/Alfeld-300x163.jpg 300w, https:\/\/packaging-journal.de\/wp-content\/uploads\/2025\/10\/Alfeld-1024x555.jpg 1024w, https:\/\/packaging-journal.de\/wp-content\/uploads\/2025\/10\/Alfeld-768x416.jpg 768w, https:\/\/packaging-journal.de\/wp-content\/uploads\/2025\/10\/Alfeld-18x10.jpg 18w, https:\/\/packaging-journal.de\/wp-content\/uploads\/2025\/10\/Alfeld.jpg 1200w\" sizes=\"(max-width: 300px) 100vw, 300px\" \/><\/div><\/a>\n\t\t\t\t<div class=\"elementor-post__text\">\n\t\t\t\t<h3 class=\"elementor-post__title\">\n\t\t\t<a href=\"https:\/\/packaging-journal.de\/en\/sappi-schliesst-anlagen-im-werk-alfeld\/\">\n\t\t\t\tSappi closes facilities at Alfeld plant\t\t\t<\/a>\n\t\t<\/h3>\n\t\t\t\t<div class=\"elementor-post__excerpt\">\n\t\t\tThe closures will lead to the loss of around 180 jobs.\t\t<\/div>\n\t\t\n\t\t<a class=\"elementor-post__read-more\" href=\"https:\/\/packaging-journal.de\/en\/sappi-schliesst-anlagen-im-werk-alfeld\/\" aria-label=\"Read more about Sappi closes facilities at Alfeld plant\" tabindex=\"-1\">\n\t\t\tRead more \"\t\t<\/a>\n\n\t\t\t\t<\/div>\n\t\t\t\t\t<\/div>\n\t\t<\/article>\n\t\t\t\t<article class=\"elementor-post elementor-grid-item post-104087 post type-post status-publish format-standard has-post-thumbnail category-aus-den-unternehmen-news tag-aus-den-unternehmen tag-markt tag-papier-pappe-karton tag-pj_home tag-sappi-europe cs-entry cs-video-wrap\" role=\"listitem\">\n\t\t\t<div class=\"elementor-post__card\">\n\t\t\t\t<a class=\"elementor-post__thumbnail__link\" href=\"https:\/\/packaging-journal.de\/en\/sappi-plant-die-umstrukturierung-des-werks-alfeld\/\" tabindex=\"-1\"><div class=\"elementor-post__thumbnail\"><img loading=\"lazy\" decoding=\"async\" width=\"300\" height=\"169\" src=\"https:\/\/packaging-journal.de\/wp-content\/uploads\/2024\/06\/Sappi_Alfeld-Mill_2024-300x169.jpg\" class=\"attachment-medium size-medium wp-image-93625\" alt=\"The Sappi plant in Alfeld, Lower Saxony, produces coated and uncoated speciality papers as well as bleached solid board.\" srcset=\"https:\/\/packaging-journal.de\/wp-content\/uploads\/2024\/06\/Sappi_Alfeld-Mill_2024-300x169.jpg 300w, https:\/\/packaging-journal.de\/wp-content\/uploads\/2024\/06\/Sappi_Alfeld-Mill_2024-1024x576.jpg 1024w, https:\/\/packaging-journal.de\/wp-content\/uploads\/2024\/06\/Sappi_Alfeld-Mill_2024-768x432.jpg 768w, https:\/\/packaging-journal.de\/wp-content\/uploads\/2024\/06\/Sappi_Alfeld-Mill_2024-1536x864.jpg 1536w, https:\/\/packaging-journal.de\/wp-content\/uploads\/2024\/06\/Sappi_Alfeld-Mill_2024-2048x1152.jpg 2048w, https:\/\/packaging-journal.de\/wp-content\/uploads\/2024\/06\/Sappi_Alfeld-Mill_2024-813x457.jpg 813w, https:\/\/packaging-journal.de\/wp-content\/uploads\/2024\/06\/Sappi_Alfeld-Mill_2024-180x101.jpg 180w, https:\/\/packaging-journal.de\/wp-content\/uploads\/2024\/06\/Sappi_Alfeld-Mill_2024-260x146.jpg 260w, https:\/\/packaging-journal.de\/wp-content\/uploads\/2024\/06\/Sappi_Alfeld-Mill_2024-373x210.jpg 373w, https:\/\/packaging-journal.de\/wp-content\/uploads\/2024\/06\/Sappi_Alfeld-Mill_2024-120x67.jpg 120w, https:\/\/packaging-journal.de\/wp-content\/uploads\/2024\/06\/Sappi_Alfeld-Mill_2024-1320x742.jpg 1320w, https:\/\/packaging-journal.de\/wp-content\/uploads\/2024\/06\/Sappi_Alfeld-Mill_2024.jpg 2500w\" sizes=\"(max-width: 300px) 100vw, 300px\" \/><\/div><\/a>\n\t\t\t\t<div class=\"elementor-post__text\">\n\t\t\t\t<h3 class=\"elementor-post__title\">\n\t\t\t<a href=\"https:\/\/packaging-journal.de\/en\/sappi-plant-die-umstrukturierung-des-werks-alfeld\/\">\n\t\t\t\tSappi plans to restructure the Alfeld plant\t\t\t<\/a>\n\t\t<\/h3>\n\t\t\t\t<div class=\"elementor-post__excerpt\">\n\t\t\tSappi Europe is planning to partially restructure its plant in Alfeld, Lower Saxony, in response to the ongoing financial challenges and the structural decline in demand throughout Europe.\t\t<\/div>\n\t\t\n\t\t<a class=\"elementor-post__read-more\" href=\"https:\/\/packaging-journal.de\/en\/sappi-plant-die-umstrukturierung-des-werks-alfeld\/\" aria-label=\"Read more about Sappi plans to restructure the Alfeld plant\" tabindex=\"-1\">\n\t\t\tRead more \"\t\t<\/a>\n\n\t\t\t\t<\/div>\n\t\t\t\t\t<\/div>\n\t\t<\/article>\n\t\t\t\t<article class=\"elementor-post elementor-grid-item post-97715 post type-post status-publish format-standard has-post-thumbnail category-produkte tag-etikettieren-kennzeichnen-codieren tag-getraenke tag-sappi-europe cs-entry cs-video-wrap\" role=\"listitem\">\n\t\t\t<div class=\"elementor-post__card\">\n\t\t\t\t<a class=\"elementor-post__thumbnail__link\" href=\"https:\/\/packaging-journal.de\/en\/mehrlagenetikett-fuer-getraenke\/\" tabindex=\"-1\"><div class=\"elementor-post__thumbnail\"><img loading=\"lazy\" decoding=\"async\" width=\"300\" height=\"163\" src=\"https:\/\/packaging-journal.de\/wp-content\/uploads\/2024\/12\/sappi-jungdruck-mehrlagige-etiketten-300x163.jpg\" class=\"attachment-medium size-medium wp-image-97716\" alt=\"\" srcset=\"https:\/\/packaging-journal.de\/wp-content\/uploads\/2024\/12\/sappi-jungdruck-mehrlagige-etiketten-300x163.jpg 300w, https:\/\/packaging-journal.de\/wp-content\/uploads\/2024\/12\/sappi-jungdruck-mehrlagige-etiketten-1024x555.jpg 1024w, https:\/\/packaging-journal.de\/wp-content\/uploads\/2024\/12\/sappi-jungdruck-mehrlagige-etiketten-768x416.jpg 768w, https:\/\/packaging-journal.de\/wp-content\/uploads\/2024\/12\/sappi-jungdruck-mehrlagige-etiketten.jpg 1200w\" sizes=\"(max-width: 300px) 100vw, 300px\" \/><\/div><\/a>\n\t\t\t\t<div class=\"elementor-post__text\">\n\t\t\t\t<h3 class=\"elementor-post__title\">\n\t\t\t<a href=\"https:\/\/packaging-journal.de\/en\/mehrlagenetikett-fuer-getraenke\/\">\n\t\t\t\tMultilayer label for beverages\t\t\t<\/a>\n\t\t<\/h3>\n\t\t\t\t<div class=\"elementor-post__excerpt\">\n\t\t\tSappi and Jungdruck have developed a multi-layer label for drinks bottles. The solution offers beverage manufacturers an extended marketing area.\t\t<\/div>\n\t\t\n\t\t<a class=\"elementor-post__read-more\" href=\"https:\/\/packaging-journal.de\/en\/mehrlagenetikett-fuer-getraenke\/\" aria-label=\"Read more about Multi-layer labelling for beverages\" tabindex=\"-1\">\n\t\t\tRead more \"\t\t<\/a>\n\n\t\t\t\t<\/div>\n\t\t\t\t\t<\/div>\n\t\t<\/article>\n\t\t\t\t<article class=\"elementor-post elementor-grid-item post-96765 post type-post status-publish format-standard has-post-thumbnail category-packmittel-und-packstoffe tag-braubeviale tag-etikettieren-kennzeichnen-codieren tag-getraenke tag-packmittel-und-packstoffe tag-papier-pappe-karton tag-sappi-europe cs-entry cs-video-wrap\" role=\"listitem\">\n\t\t\t<div class=\"elementor-post__card\">\n\t\t\t\t<a class=\"elementor-post__thumbnail__link\" href=\"https:\/\/packaging-journal.de\/en\/papiere-speziell-fuer-getraenkeverpackungen\/\" tabindex=\"-1\"><div class=\"elementor-post__thumbnail\"><img loading=\"lazy\" decoding=\"async\" width=\"300\" height=\"150\" src=\"https:\/\/packaging-journal.de\/wp-content\/uploads\/2024\/10\/sappi-braubeviale-2024-300x150.jpg\" class=\"attachment-medium size-medium wp-image-96766\" alt=\"\" srcset=\"https:\/\/packaging-journal.de\/wp-content\/uploads\/2024\/10\/sappi-braubeviale-2024-300x150.jpg 300w, https:\/\/packaging-journal.de\/wp-content\/uploads\/2024\/10\/sappi-braubeviale-2024-1024x512.jpg 1024w, https:\/\/packaging-journal.de\/wp-content\/uploads\/2024\/10\/sappi-braubeviale-2024-768x384.jpg 768w, https:\/\/packaging-journal.de\/wp-content\/uploads\/2024\/10\/sappi-braubeviale-2024.jpg 1200w\" sizes=\"(max-width: 300px) 100vw, 300px\" \/><\/div><\/a>\n\t\t\t\t<div class=\"elementor-post__text\">\n\t\t\t\t<h3 class=\"elementor-post__title\">\n\t\t\t<a href=\"https:\/\/packaging-journal.de\/en\/papiere-speziell-fuer-getraenkeverpackungen\/\">\n\t\t\t\tPapers especially for beverage packaging\t\t\t<\/a>\n\t\t<\/h3>\n\t\t\t\t<div class=\"elementor-post__excerpt\">\n\t\t\tSappi will be exhibiting its portfolio of specialised papers for beverage packaging and labelling for the first time at BrauBeviale.\t\t<\/div>\n\t\t\n\t\t<a class=\"elementor-post__read-more\" href=\"https:\/\/packaging-journal.de\/en\/papiere-speziell-fuer-getraenkeverpackungen\/\" aria-label=\"Read more about Papers especially for beverage packaging\" tabindex=\"-1\">\n\t\t\tRead more \"\t\t<\/a>\n\n\t\t\t\t<\/div>\n\t\t\t\t\t<\/div>\n\t\t<\/article>\n\t\t\t\t<article class=\"elementor-post elementor-grid-item post-94775 post type-post status-publish format-standard has-post-thumbnail category-packmittel-und-packstoffe tag-fachpack tag-kunststoff-und-verbunde tag-lebensmittel tag-packmittel-und-packstoffe tag-sappi-europe tag-suesswaren cs-entry cs-video-wrap\" role=\"listitem\">\n\t\t\t<div class=\"elementor-post__card\">\n\t\t\t\t<a class=\"elementor-post__thumbnail__link\" href=\"https:\/\/packaging-journal.de\/en\/sappi-stellt-neue-barrierepapiere-vor\/\" tabindex=\"-1\"><div class=\"elementor-post__thumbnail\"><img loading=\"lazy\" decoding=\"async\" width=\"300\" height=\"169\" src=\"https:\/\/packaging-journal.de\/wp-content\/uploads\/2024\/08\/sappi-guard-300x169.jpg\" class=\"attachment-medium size-medium wp-image-94778\" alt=\"Sappi Guard\" srcset=\"https:\/\/packaging-journal.de\/wp-content\/uploads\/2024\/08\/sappi-guard-300x169.jpg 300w, https:\/\/packaging-journal.de\/wp-content\/uploads\/2024\/08\/sappi-guard-1024x577.jpg 1024w, https:\/\/packaging-journal.de\/wp-content\/uploads\/2024\/08\/sappi-guard-768x433.jpg 768w, https:\/\/packaging-journal.de\/wp-content\/uploads\/2024\/08\/sappi-guard-1536x865.jpg 1536w, https:\/\/packaging-journal.de\/wp-content\/uploads\/2024\/08\/sappi-guard-813x457.jpg 813w, https:\/\/packaging-journal.de\/wp-content\/uploads\/2024\/08\/sappi-guard-180x101.jpg 180w, https:\/\/packaging-journal.de\/wp-content\/uploads\/2024\/08\/sappi-guard-260x146.jpg 260w, https:\/\/packaging-journal.de\/wp-content\/uploads\/2024\/08\/sappi-guard-373x210.jpg 373w, https:\/\/packaging-journal.de\/wp-content\/uploads\/2024\/08\/sappi-guard-120x67.jpg 120w, https:\/\/packaging-journal.de\/wp-content\/uploads\/2024\/08\/sappi-guard-1320x744.jpg 1320w, https:\/\/packaging-journal.de\/wp-content\/uploads\/2024\/08\/sappi-guard.jpg 1640w\" sizes=\"(max-width: 300px) 100vw, 300px\" \/><\/div><\/a>\n\t\t\t\t<div class=\"elementor-post__text\">\n\t\t\t\t<h3 class=\"elementor-post__title\">\n\t\t\t<a href=\"https:\/\/packaging-journal.de\/en\/sappi-stellt-neue-barrierepapiere-vor\/\">\n\t\t\t\tSappi presents new barrier papers\t\t\t<\/a>\n\t\t<\/h3>\n\t\t\t\t<div class=\"elementor-post__excerpt\">\n\t\t\tPackaging paper manufacturer Sappi Europe has expanded its portfolio and is presenting new barrier papers from the Guard family at Fachpack, including a flexible packaging paper for ice cream in wafers.\t\t<\/div>\n\t\t\n\t\t<a class=\"elementor-post__read-more\" href=\"https:\/\/packaging-journal.de\/en\/sappi-stellt-neue-barrierepapiere-vor\/\" aria-label=\"Read more about Sappi introduces new barrier papers\" tabindex=\"-1\">\n\t\t\tRead more \"\t\t<\/a>\n\n\t\t\t\t<\/div>\n\t\t\t\t\t<\/div>\n\t\t<\/article>\n\t\t\t\t<article class=\"elementor-post elementor-grid-item post-93994 post type-post status-publish format-standard has-post-thumbnail category-packmittel-und-packstoffe tag-etikettieren-kennzeichnen-codieren tag-fachpack tag-packmittel-und-packstoffe tag-papier-pappe-karton tag-sappi-europe cs-entry cs-video-wrap\" role=\"listitem\">\n\t\t\t<div class=\"elementor-post__card\">\n\t\t\t\t<a class=\"elementor-post__thumbnail__link\" href=\"https:\/\/packaging-journal.de\/en\/verpackungsherausforderungen-meistern\/\" tabindex=\"-1\"><div class=\"elementor-post__thumbnail\"><img loading=\"lazy\" decoding=\"async\" width=\"300\" height=\"163\" src=\"https:\/\/packaging-journal.de\/wp-content\/uploads\/2024\/07\/sappi-fachpack-algro-300x163.jpg\" class=\"attachment-medium size-medium wp-image-93995\" alt=\"\" srcset=\"https:\/\/packaging-journal.de\/wp-content\/uploads\/2024\/07\/sappi-fachpack-algro-300x163.jpg 300w, https:\/\/packaging-journal.de\/wp-content\/uploads\/2024\/07\/sappi-fachpack-algro-1024x555.jpg 1024w, https:\/\/packaging-journal.de\/wp-content\/uploads\/2024\/07\/sappi-fachpack-algro-768x416.jpg 768w, https:\/\/packaging-journal.de\/wp-content\/uploads\/2024\/07\/sappi-fachpack-algro.jpg 1200w\" sizes=\"(max-width: 300px) 100vw, 300px\" \/><\/div><\/a>\n\t\t\t\t<div class=\"elementor-post__text\">\n\t\t\t\t<h3 class=\"elementor-post__title\">\n\t\t\t<a href=\"https:\/\/packaging-journal.de\/en\/verpackungsherausforderungen-meistern\/\">\n\t\t\t\tMastering packaging challenges\t\t\t<\/a>\n\t\t<\/h3>\n\t\t\t\t<div class=\"elementor-post__excerpt\">\n\t\t\tAt Fachpack, Sappi will be showcasing its product portfolio for flexible packaging, wet glue labels, corrugated board and virgin fibre board.\t\t<\/div>\n\t\t\n\t\t<a class=\"elementor-post__read-more\" href=\"https:\/\/packaging-journal.de\/en\/verpackungsherausforderungen-meistern\/\" aria-label=\"Read more about Mastering packaging challenges\" tabindex=\"-1\">\n\t\t\tRead more \"\t\t<\/a>\n\n\t\t\t\t<\/div>\n\t\t\t\t\t<\/div>\n\t\t<\/article>\n\t\t\t\t<\/div>\n\t\t\n\t\t\t\t\t\t<\/div>\n\t\t\t\t<\/div>\n\t\t\t\t\t<\/div>\n\t\t<\/div>\n\t\t\t\t\t<\/div>\n\t\t<\/section>\n\t\t\t\t<\/div>","protected":false},"excerpt":{"rendered":"The start-up Sause makes liquid soap for self-mixing as a sustainable alternative. No plastic is used for the packaging or the product, as Sappi supplies the paper sachets for the soap.","protected":false},"author":1,"featured_media":55206,"comment_status":"closed","ping_status":"closed","sticky":false,"template":"","format":"standard","meta":{"_acf_changed":false,"__cvm_playback_settings":[],"__cvm_video_id":"","rank_math_description":"Das Start-up Sause verzichtet bei seiner Fl\u00fcssigseife zum Selbermischen bei der Verpackung und beim Produkt auf Kunststoff. ","rank_math_focus_keyword":"Fl\u00fcssigseife zum Selbermischen","rank_math_title":"Fl\u00fcssigseife zum Selbermischen in Papier verpackt ","csco_display_header_overlay":false,"csco_singular_sidebar":"","csco_page_header_type":"","csco_page_load_nextpost":"","csco_post_video_location":[],"csco_post_video_location_hash":"","csco_post_video_url":"","csco_post_video_bg_start_time":0,"csco_post_video_bg_end_time":0,"footnotes":"","_links_to":"","_links_to_target":""},"categories":[22],"tags":[31,1487,56467,58790,59448],"class_list":{"0":"post-55202","1":"post","2":"type-post","3":"status-publish","4":"format-standard","5":"has-post-thumbnail","7":"category-packmittel-und-packstoffe","8":"tag-nachhaltigkeit-und-green-packaging","9":"tag-papier-pappe-karton","10":"tag-sappi-europe","11":"tag-startup","12":"tag-verpackung","13":"cs-entry","14":"cs-video-wrap"},"acf":[],"vimeo_video":null,"_links":{"self":[{"href":"https:\/\/packaging-journal.de\/en\/wp-json\/wp\/v2\/posts\/55202","targetHints":{"allow":["GET"]}}],"collection":[{"href":"https:\/\/packaging-journal.de\/en\/wp-json\/wp\/v2\/posts"}],"about":[{"href":"https:\/\/packaging-journal.de\/en\/wp-json\/wp\/v2\/types\/post"}],"author":[{"embeddable":true,"href":"https:\/\/packaging-journal.de\/en\/wp-json\/wp\/v2\/users\/1"}],"replies":[{"embeddable":true,"href":"https:\/\/packaging-journal.de\/en\/wp-json\/wp\/v2\/comments?post=55202"}],"version-history":[{"count":0,"href":"https:\/\/packaging-journal.de\/en\/wp-json\/wp\/v2\/posts\/55202\/revisions"}],"wp:featuredmedia":[{"embeddable":true,"href":"https:\/\/packaging-journal.de\/en\/wp-json\/wp\/v2\/media\/55206"}],"wp:attachment":[{"href":"https:\/\/packaging-journal.de\/en\/wp-json\/wp\/v2\/media?parent=55202"}],"wp:term":[{"taxonomy":"category","embeddable":true,"href":"https:\/\/packaging-journal.de\/en\/wp-json\/wp\/v2\/categories?post=55202"},{"taxonomy":"post_tag","embeddable":true,"href":"https:\/\/packaging-journal.de\/en\/wp-json\/wp\/v2\/tags?post=55202"}],"curies":[{"name":"wp","href":"https:\/\/api.w.org\/{rel}","templated":true}]}}