{"id":58543,"date":"2022-03-09T11:47:44","date_gmt":"2022-03-09T10:47:44","guid":{"rendered":"https:\/\/packaging-journal.de\/?p=58543"},"modified":"2022-03-09T11:47:44","modified_gmt":"2022-03-09T10:47:44","slug":"faller-announces-successful-financial-year-2021","status":"publish","type":"post","link":"https:\/\/packaging-journal.de\/en\/faller-vermeldet-erfolgreiches-geschaeftsjahr-2021\/","title":{"rendered":"Faller reports successful 2021 financial year"},"content":{"rendered":"<div data-elementor-type=\"wp-post\" data-elementor-id=\"58543\" class=\"elementor elementor-58543\" data-elementor-post-type=\"post\">\n\t\t\t\t\t\t<section data-exad-particle-enable=\"false\" class=\"elementor-section elementor-top-section elementor-element elementor-element-c20cb82 elementor-section-boxed elementor-section-height-default elementor-section-height-default exad-parallax-effect-no exad-background-color-change-no exad-glass-effect-no exad-sticky-section-no\" data-id=\"c20cb82\" data-element_type=\"section\" data-e-type=\"section\">\n\t\t\t\t\t\t<div class=\"elementor-container elementor-column-gap-default\">\n\t\t\t\t\t<div class=\"elementor-column elementor-col-100 elementor-top-column elementor-element elementor-element-cdfb8d9 exad-glass-effect-no exad-sticky-section-no\" data-id=\"cdfb8d9\" data-element_type=\"column\" data-e-type=\"column\">\n\t\t\t<div class=\"elementor-widget-wrap elementor-element-populated\">\n\t\t\t\t\t\t<div class=\"elementor-element elementor-element-5e3d006 exad-sticky-section-no exad-glass-effect-no elementor-widget elementor-widget-text-editor\" data-id=\"5e3d006\" data-element_type=\"widget\" data-e-type=\"widget\" data-widget_type=\"text-editor.default\">\n\t\t\t\t<div class=\"elementor-widget-container\">\n\t\t\t\t\t\t\t\t\t<p><strong>Faller Packaging can look back on a successful 2021 financial year despite coronavirus and the difficult situation on the raw materials market.<\/strong><\/p>\t\t\t\t\t\t\t\t<\/div>\n\t\t\t\t<\/div>\n\t\t\t\t\t<\/div>\n\t\t<\/div>\n\t\t\t\t\t<\/div>\n\t\t<\/section>\n\t\t\t\t<section data-exad-particle-enable=\"false\" class=\"elementor-section elementor-top-section elementor-element elementor-element-7813b6d elementor-section-boxed elementor-section-height-default elementor-section-height-default exad-parallax-effect-no exad-background-color-change-no exad-glass-effect-no exad-sticky-section-no\" data-id=\"7813b6d\" data-element_type=\"section\" data-e-type=\"section\">\n\t\t\t\t\t\t<div class=\"elementor-container elementor-column-gap-default\">\n\t\t\t\t\t<div class=\"elementor-column elementor-col-100 elementor-top-column elementor-element elementor-element-340085b exad-glass-effect-no exad-sticky-section-no\" data-id=\"340085b\" data-element_type=\"column\" data-e-type=\"column\">\n\t\t\t<div class=\"elementor-widget-wrap elementor-element-populated\">\n\t\t\t\t\t\t<div class=\"elementor-element elementor-element-1f190af exad-sticky-section-no exad-glass-effect-no elementor-widget elementor-widget-text-editor\" data-id=\"1f190af\" data-element_type=\"widget\" data-e-type=\"widget\" data-widget_type=\"text-editor.default\">\n\t\t\t\t<div class=\"elementor-widget-container\">\n\t\t\t\t\t\t\t\t\t<p>In addition to the coronavirus pandemic, the challenges in the economic environment were the dominant topic at Faller Packaging last year. A sharp rise in demand worldwide led to<strong> supply bottlenecks and major price increases for raw materials<\/strong>. Nevertheless, the specialist for pharmaceutical packaging was able to further increase its turnover in the 2021 financial year.<\/p><blockquote><p>\u201eDespite all the adversities, the pharmaceutical and healthcare market continues to develop with good growth rates. As in previous years, 2021 saw a continuation of the <strong>Rising global demand for biopharmaceuticals<\/strong> - whether as originator products or biosimilars. The trend towards sustainable packaging solutions also intensified.\u201c<\/p><p><strong>Dr Daniel Keesman<\/strong>, Chief Executive Officer of Faller Packaging<\/p><\/blockquote><p>The manufacturer of secondary packaging for the pharmaceutical and healthcare industry responded to this <strong>with flexible and sustainable packaging concepts made of paper and cardboard<\/strong> from responsibly managed forestry, the development of simpler <strong>Packaging solutions made from monomaterials<\/strong> and the consistent recyclability of folding cartons, labels and leaflets. Faller Packaging is also planning to become climate-neutral by 2030 and has joined the \u201e<a href=\"https:\/\/zielgerade2030.de\/\" target=\"_blank\" rel=\"noopener\">Home stretch 2030<\/a>\u201c connected.<\/p><div class=\"packa-in-post-alle\" style=\"text-align: center;\" id=\"packa-3840137483\"><div id=\"packa-4009013077\"><a data-no-instant=\"1\" href=\"https:\/\/packaging-journal.de\/en\/newsletter\/\" rel=\"noopener\" class=\"a2t-link\" target=\"_blank\" aria-label=\"PJ Self-promotion English 03\"><!--noptimize--><img src=\"https:\/\/packaging-journal.de\/wp-content\/uploads\/2026\/01\/PJ-Eigenwerbung-English-03.png\" alt=\"\"  srcset=\"https:\/\/packaging-journal.de\/wp-content\/uploads\/2026\/01\/PJ-Eigenwerbung-English-03.png 840w, https:\/\/packaging-journal.de\/wp-content\/uploads\/2026\/01\/PJ-Eigenwerbung-English-03-300x75.png 300w, https:\/\/packaging-journal.de\/wp-content\/uploads\/2026\/01\/PJ-Eigenwerbung-English-03-768x192.png 768w, https:\/\/packaging-journal.de\/wp-content\/uploads\/2026\/01\/PJ-Eigenwerbung-English-03-18x5.png 18w, https:\/\/packaging-journal.de\/wp-content\/uploads\/2026\/01\/PJ-Eigenwerbung-English-03-332x83.png 332w, https:\/\/packaging-journal.de\/wp-content\/uploads\/2026\/01\/PJ-Eigenwerbung-English-03-664x166.png 664w, https:\/\/packaging-journal.de\/wp-content\/uploads\/2026\/01\/PJ-Eigenwerbung-English-03-688x172.png 688w\" sizes=\"(max-width: 840px) 100vw, 840px\" width=\"840\" height=\"210\"  style=\" max-width: 100%; height: auto;\" \/><!--\/noptimize--><\/a><\/div><\/div><p><em>Source<\/em>: Faller Packaging<\/p>\t\t\t\t\t\t\t\t<\/div>\n\t\t\t\t<\/div>\n\t\t\t\t\t<\/div>\n\t\t<\/div>\n\t\t\t\t\t<\/div>\n\t\t<\/section>\n\t\t\t\t<section data-exad-particle-enable=\"false\" class=\"elementor-section elementor-top-section elementor-element elementor-element-41b1f0fe elementor-section-boxed elementor-section-height-default elementor-section-height-default exad-parallax-effect-no exad-background-color-change-no exad-glass-effect-no exad-sticky-section-no\" data-id=\"41b1f0fe\" data-element_type=\"section\" data-e-type=\"section\" data-settings=\"{&quot;background_background&quot;:&quot;classic&quot;}\">\n\t\t\t\t\t\t<div class=\"elementor-container elementor-column-gap-default\">\n\t\t\t\t\t<div class=\"elementor-column elementor-col-100 elementor-top-column elementor-element elementor-element-5e436483 exad-glass-effect-no exad-sticky-section-no\" data-id=\"5e436483\" data-element_type=\"column\" data-e-type=\"column\">\n\t\t\t<div class=\"elementor-widget-wrap elementor-element-populated\">\n\t\t\t\t\t\t<div class=\"elementor-element elementor-element-6d504621 exad-sticky-section-no exad-glass-effect-no elementor-widget elementor-widget-heading\" data-id=\"6d504621\" data-element_type=\"widget\" data-e-type=\"widget\" data-widget_type=\"heading.default\">\n\t\t\t\t<div class=\"elementor-widget-container\">\n\t\t\t\t\t<h2 class=\"elementor-heading-title elementor-size-default\">Faller - More news<\/h2>\t\t\t\t<\/div>\n\t\t\t\t<\/div>\n\t\t\t\t<div class=\"elementor-element elementor-element-107da0b9 elementor-grid-3 elementor-grid-tablet-2 elementor-grid-mobile-1 elementor-posts--thumbnail-top elementor-posts__hover-gradient exad-sticky-section-no exad-glass-effect-no elementor-widget elementor-widget-posts\" data-id=\"107da0b9\" data-element_type=\"widget\" data-e-type=\"widget\" data-settings=\"{&quot;cards_row_gap&quot;:{&quot;unit&quot;:&quot;px&quot;,&quot;size&quot;:38,&quot;sizes&quot;:[]},&quot;cards_columns&quot;:&quot;3&quot;,&quot;cards_columns_tablet&quot;:&quot;2&quot;,&quot;cards_columns_mobile&quot;:&quot;1&quot;,&quot;cards_row_gap_tablet&quot;:{&quot;unit&quot;:&quot;px&quot;,&quot;size&quot;:&quot;&quot;,&quot;sizes&quot;:[]},&quot;cards_row_gap_mobile&quot;:{&quot;unit&quot;:&quot;px&quot;,&quot;size&quot;:&quot;&quot;,&quot;sizes&quot;:[]}}\" data-widget_type=\"posts.cards\">\n\t\t\t\t<div class=\"elementor-widget-container\">\n\t\t\t\t\t\t\t<div class=\"elementor-posts-container elementor-posts elementor-posts--skin-cards elementor-grid\" role=\"list\">\n\t\t\t\t<article class=\"elementor-post elementor-grid-item post-113163 post type-post status-publish format-standard has-post-thumbnail category-packmittel-und-packstoffe tag-faller-packaging tag-packmittel-und-packstoffe tag-papier-pappe-karton tag-pharma-kosmetik-chemie cs-entry cs-video-wrap\" role=\"listitem\">\n\t\t\t<div class=\"elementor-post__card\">\n\t\t\t\t<a class=\"elementor-post__thumbnail__link\" href=\"https:\/\/packaging-journal.de\/en\/faller-erweitert-prepackaging-service\/\" tabindex=\"-1\"><div class=\"elementor-post__thumbnail\"><img decoding=\"async\" width=\"300\" height=\"163\" src=\"https:\/\/packaging-journal.de\/wp-content\/uploads\/2026\/02\/faller-prepackaging-300x163.jpg\" class=\"attachment-medium size-medium wp-image-113164\" alt=\"\" srcset=\"https:\/\/packaging-journal.de\/wp-content\/uploads\/2026\/02\/faller-prepackaging-300x163.jpg 300w, https:\/\/packaging-journal.de\/wp-content\/uploads\/2026\/02\/faller-prepackaging-1024x555.jpg 1024w, https:\/\/packaging-journal.de\/wp-content\/uploads\/2026\/02\/faller-prepackaging-768x416.jpg 768w, https:\/\/packaging-journal.de\/wp-content\/uploads\/2026\/02\/faller-prepackaging-18x10.jpg 18w, https:\/\/packaging-journal.de\/wp-content\/uploads\/2026\/02\/faller-prepackaging-332x180.jpg 332w, https:\/\/packaging-journal.de\/wp-content\/uploads\/2026\/02\/faller-prepackaging-664x360.jpg 664w, https:\/\/packaging-journal.de\/wp-content\/uploads\/2026\/02\/faller-prepackaging-688x373.jpg 688w, https:\/\/packaging-journal.de\/wp-content\/uploads\/2026\/02\/faller-prepackaging-1044x566.jpg 1044w, https:\/\/packaging-journal.de\/wp-content\/uploads\/2026\/02\/faller-prepackaging.jpg 1200w\" sizes=\"(max-width: 300px) 100vw, 300px\" \/><\/div><\/a>\n\t\t\t\t<div class=\"elementor-post__text\">\n\t\t\t\t<h3 class=\"elementor-post__title\">\n\t\t\t<a href=\"https:\/\/packaging-journal.de\/en\/faller-erweitert-prepackaging-service\/\">\n\t\t\t\tFaller expands its PrePackaging Service\t\t\t<\/a>\n\t\t<\/h3>\n\t\t\t\t<div class=\"elementor-post__excerpt\">\n\t\t\tFaller Packaging's extended PrePackaging Service offers pre-packaged solutions and services for all aspects of secondary packaging.\t\t<\/div>\n\t\t\n\t\t<a class=\"elementor-post__read-more\" href=\"https:\/\/packaging-journal.de\/en\/faller-erweitert-prepackaging-service\/\" aria-label=\"Read more about Faller expands its PrePackaging Service\" tabindex=\"-1\">\n\t\t\tRead more \"\t\t<\/a>\n\n\t\t\t\t<\/div>\n\t\t\t\t\t<\/div>\n\t\t<\/article>\n\t\t\t\t<article class=\"elementor-post elementor-grid-item post-111297 post type-post status-publish format-standard has-post-thumbnail category-aus-den-unternehmen-news tag-aus-den-unternehmen tag-faller-packaging tag-news-express tag-packmittel-und-packstoffe tag-papier-pappe-karton cs-entry cs-video-wrap\" role=\"listitem\">\n\t\t\t<div class=\"elementor-post__card\">\n\t\t\t\t<a class=\"elementor-post__thumbnail__link\" href=\"https:\/\/packaging-journal.de\/en\/imker-group-wird-gesellschafter-von-faller\/\" tabindex=\"-1\"><div class=\"elementor-post__thumbnail\"><img decoding=\"async\" width=\"300\" height=\"163\" src=\"https:\/\/packaging-journal.de\/wp-content\/uploads\/2023\/09\/faller-cphi-300x163.jpg\" class=\"attachment-medium size-medium wp-image-85855\" alt=\"Faller Sustainable Packaging Service\" srcset=\"https:\/\/packaging-journal.de\/wp-content\/uploads\/2023\/09\/faller-cphi-300x163.jpg 300w, https:\/\/packaging-journal.de\/wp-content\/uploads\/2023\/09\/faller-cphi-1024x555.jpg 1024w, https:\/\/packaging-journal.de\/wp-content\/uploads\/2023\/09\/faller-cphi-768x416.jpg 768w, https:\/\/packaging-journal.de\/wp-content\/uploads\/2023\/09\/faller-cphi.jpg 1200w\" sizes=\"(max-width: 300px) 100vw, 300px\" \/><\/div><\/a>\n\t\t\t\t<div class=\"elementor-post__text\">\n\t\t\t\t<h3 class=\"elementor-post__title\">\n\t\t\t<a href=\"https:\/\/packaging-journal.de\/en\/imker-group-wird-gesellschafter-von-faller\/\">\n\t\t\t\tThe Imker Group becomes a shareholder of Faller Packaging\t\t\t<\/a>\n\t\t<\/h3>\n\t\t\t\t<div class=\"elementor-post__excerpt\">\n\t\t\tThe entry of the Imker Group as a further shareholder in Faller Packaging is intended to strengthen the sustainable further development of the group of companies.\t\t<\/div>\n\t\t\n\t\t<a class=\"elementor-post__read-more\" href=\"https:\/\/packaging-journal.de\/en\/imker-group-wird-gesellschafter-von-faller\/\" aria-label=\"Read more about The Imker Group becomes a shareholder of Faller Packaging\" tabindex=\"-1\">\n\t\t\tRead more \"\t\t<\/a>\n\n\t\t\t\t<\/div>\n\t\t\t\t\t<\/div>\n\t\t<\/article>\n\t\t\t\t<article class=\"elementor-post elementor-grid-item post-110248 post type-post status-publish format-standard has-post-thumbnail category-packmittel-und-packstoffe tag-etikettieren-kennzeichnen-codieren tag-faller-packaging tag-faltschachtel tag-papier-pappe-karton tag-pharma-kosmetik-chemie cs-entry cs-video-wrap\" role=\"listitem\">\n\t\t\t<div class=\"elementor-post__card\">\n\t\t\t\t<a class=\"elementor-post__thumbnail__link\" href=\"https:\/\/packaging-journal.de\/en\/faller-packaging-zeigt-effiziente-verpackungskonzepte-fuer-die-pharmaindustrie\/\" tabindex=\"-1\"><div class=\"elementor-post__thumbnail\"><img decoding=\"async\" width=\"300\" height=\"163\" src=\"https:\/\/packaging-journal.de\/wp-content\/uploads\/2026\/01\/Faller-Pharmapack-300x163.jpg\" class=\"attachment-medium size-medium wp-image-110258\" alt=\"\" srcset=\"https:\/\/packaging-journal.de\/wp-content\/uploads\/2026\/01\/Faller-Pharmapack-300x163.jpg 300w, https:\/\/packaging-journal.de\/wp-content\/uploads\/2026\/01\/Faller-Pharmapack-1024x555.jpg 1024w, https:\/\/packaging-journal.de\/wp-content\/uploads\/2026\/01\/Faller-Pharmapack-768x416.jpg 768w, https:\/\/packaging-journal.de\/wp-content\/uploads\/2026\/01\/Faller-Pharmapack-18x10.jpg 18w, https:\/\/packaging-journal.de\/wp-content\/uploads\/2026\/01\/Faller-Pharmapack.jpg 1200w\" sizes=\"(max-width: 300px) 100vw, 300px\" \/><\/div><\/a>\n\t\t\t\t<div class=\"elementor-post__text\">\n\t\t\t\t<h3 class=\"elementor-post__title\">\n\t\t\t<a href=\"https:\/\/packaging-journal.de\/en\/faller-packaging-zeigt-effiziente-verpackungskonzepte-fuer-die-pharmaindustrie\/\">\n\t\t\t\tFaller Packaging presents efficient packaging concepts for the pharmaceutical industry\t\t\t<\/a>\n\t\t<\/h3>\n\t\t\t\t<div class=\"elementor-post__excerpt\">\n\t\t\tAt Pharmapack Europe 2026 in Paris, Faller Packaging will be presenting sustainable and functional packaging solutions for the pharmaceutical industry.\t\t<\/div>\n\t\t\n\t\t<a class=\"elementor-post__read-more\" href=\"https:\/\/packaging-journal.de\/en\/faller-packaging-zeigt-effiziente-verpackungskonzepte-fuer-die-pharmaindustrie\/\" aria-label=\"Read more about Faller Packaging presents efficient packaging concepts for the pharmaceutical industry\" tabindex=\"-1\">\n\t\t\tRead more \"\t\t<\/a>\n\n\t\t\t\t<\/div>\n\t\t\t\t\t<\/div>\n\t\t<\/article>\n\t\t\t\t<article class=\"elementor-post elementor-grid-item post-106807 post type-post status-publish format-standard has-post-thumbnail category-green-packaging tag-fachpack tag-faller-packaging tag-nachhaltigkeit-und-green-packaging tag-packmittel-und-packstoffe tag-papier-pappe-karton cs-entry cs-video-wrap\" role=\"listitem\">\n\t\t\t<div class=\"elementor-post__card\">\n\t\t\t\t<a class=\"elementor-post__thumbnail__link\" href=\"https:\/\/packaging-journal.de\/en\/faserform-trays-fuer-die-pharmaindustrie\/\" tabindex=\"-1\"><div class=\"elementor-post__thumbnail\"><img loading=\"lazy\" decoding=\"async\" width=\"300\" height=\"163\" src=\"https:\/\/packaging-journal.de\/wp-content\/uploads\/2025\/09\/faller-cphi-300x163.jpg\" class=\"attachment-medium size-medium wp-image-106808\" alt=\"\" srcset=\"https:\/\/packaging-journal.de\/wp-content\/uploads\/2025\/09\/faller-cphi-300x163.jpg 300w, https:\/\/packaging-journal.de\/wp-content\/uploads\/2025\/09\/faller-cphi-1024x555.jpg 1024w, https:\/\/packaging-journal.de\/wp-content\/uploads\/2025\/09\/faller-cphi-768x416.jpg 768w, https:\/\/packaging-journal.de\/wp-content\/uploads\/2025\/09\/faller-cphi-18x10.jpg 18w, https:\/\/packaging-journal.de\/wp-content\/uploads\/2025\/09\/faller-cphi.jpg 1200w\" sizes=\"(max-width: 300px) 100vw, 300px\" \/><\/div><\/a>\n\t\t\t\t<div class=\"elementor-post__text\">\n\t\t\t\t<h3 class=\"elementor-post__title\">\n\t\t\t<a href=\"https:\/\/packaging-journal.de\/en\/faserform-trays-fuer-die-pharmaindustrie\/\">\n\t\t\t\tMoulded fibre trays for the pharmaceutical industry\t\t\t<\/a>\n\t\t<\/h3>\n\t\t\t\t<div class=\"elementor-post__excerpt\">\n\t\t\tTogether with Harvest Packaging, Faller Packaging will be presenting a new moulded fibre tray for pharmaceutical packaging for the first time at CPhI in Frankfurt.\t\t<\/div>\n\t\t\n\t\t<a class=\"elementor-post__read-more\" href=\"https:\/\/packaging-journal.de\/en\/faserform-trays-fuer-die-pharmaindustrie\/\" aria-label=\"Read more about Moulded fibre trays for the pharmaceutical industry\" tabindex=\"-1\">\n\t\t\tRead more \"\t\t<\/a>\n\n\t\t\t\t<\/div>\n\t\t\t\t\t<\/div>\n\t\t<\/article>\n\t\t\t\t<article class=\"elementor-post elementor-grid-item post-105376 post type-post status-publish format-standard has-post-thumbnail category-packmittel-und-packstoffe tag-faller-packaging tag-nachhaltigkeit-und-green-packaging tag-packmittel-und-packstoffe tag-papier-pappe-karton tag-pharma-kosmetik-chemie cs-entry cs-video-wrap\" role=\"listitem\">\n\t\t\t<div class=\"elementor-post__card\">\n\t\t\t\t<a class=\"elementor-post__thumbnail__link\" href=\"https:\/\/packaging-journal.de\/en\/massgeschneiderte-pharmaverpackungen-faller\/\" tabindex=\"-1\"><div class=\"elementor-post__thumbnail\"><img loading=\"lazy\" decoding=\"async\" width=\"300\" height=\"163\" src=\"https:\/\/packaging-journal.de\/wp-content\/uploads\/2025\/08\/faller-uhlmann-300x163.jpg\" class=\"attachment-medium size-medium wp-image-105377\" alt=\"\" srcset=\"https:\/\/packaging-journal.de\/wp-content\/uploads\/2025\/08\/faller-uhlmann-300x163.jpg 300w, https:\/\/packaging-journal.de\/wp-content\/uploads\/2025\/08\/faller-uhlmann-1024x555.jpg 1024w, https:\/\/packaging-journal.de\/wp-content\/uploads\/2025\/08\/faller-uhlmann-768x416.jpg 768w, https:\/\/packaging-journal.de\/wp-content\/uploads\/2025\/08\/faller-uhlmann-18x10.jpg 18w, https:\/\/packaging-journal.de\/wp-content\/uploads\/2025\/08\/faller-uhlmann.jpg 1200w\" sizes=\"(max-width: 300px) 100vw, 300px\" \/><\/div><\/a>\n\t\t\t\t<div class=\"elementor-post__text\">\n\t\t\t\t<h3 class=\"elementor-post__title\">\n\t\t\t<a href=\"https:\/\/packaging-journal.de\/en\/massgeschneiderte-pharmaverpackungen-faller\/\">\n\t\t\t\tCustomised secondary packaging for autoinjectors and pens\t\t\t<\/a>\n\t\t<\/h3>\n\t\t\t\t<div class=\"elementor-post__excerpt\">\n\t\t\tFaller Packaging develops pharmaceutical secondary packaging for autoinjectors and pens that combine protection, functionality and user-friendliness.\t\t<\/div>\n\t\t\n\t\t<a class=\"elementor-post__read-more\" href=\"https:\/\/packaging-journal.de\/en\/massgeschneiderte-pharmaverpackungen-faller\/\" aria-label=\"Read more about Customised secondary packaging for autoinjectors and pens\" tabindex=\"-1\">\n\t\t\tRead more \"\t\t<\/a>\n\n\t\t\t\t<\/div>\n\t\t\t\t\t<\/div>\n\t\t<\/article>\n\t\t\t\t<article class=\"elementor-post elementor-grid-item post-104635 post type-post status-publish format-standard has-post-thumbnail category-verpackungstechnik tag-eyec tag-faller-packaging tag-packmittel-und-packstoffe tag-pharma-kosmetik-chemie tag-qualitaetssicherung cs-entry cs-video-wrap\" role=\"listitem\">\n\t\t\t<div class=\"elementor-post__card\">\n\t\t\t\t<a class=\"elementor-post__thumbnail__link\" href=\"https:\/\/packaging-journal.de\/en\/faller-installiert-inspektionssystem-von-eyec\/\" tabindex=\"-1\"><div class=\"elementor-post__thumbnail\"><img loading=\"lazy\" decoding=\"async\" width=\"300\" height=\"163\" src=\"https:\/\/packaging-journal.de\/wp-content\/uploads\/2025\/07\/Faller-eyec-proofiler-300x163.jpg\" class=\"attachment-medium size-medium wp-image-104636\" alt=\"\" srcset=\"https:\/\/packaging-journal.de\/wp-content\/uploads\/2025\/07\/Faller-eyec-proofiler-300x163.jpg 300w, https:\/\/packaging-journal.de\/wp-content\/uploads\/2025\/07\/Faller-eyec-proofiler-1024x555.jpg 1024w, https:\/\/packaging-journal.de\/wp-content\/uploads\/2025\/07\/Faller-eyec-proofiler-768x416.jpg 768w, https:\/\/packaging-journal.de\/wp-content\/uploads\/2025\/07\/Faller-eyec-proofiler-18x10.jpg 18w, https:\/\/packaging-journal.de\/wp-content\/uploads\/2025\/07\/Faller-eyec-proofiler.jpg 1200w\" sizes=\"(max-width: 300px) 100vw, 300px\" \/><\/div><\/a>\n\t\t\t\t<div class=\"elementor-post__text\">\n\t\t\t\t<h3 class=\"elementor-post__title\">\n\t\t\t<a href=\"https:\/\/packaging-journal.de\/en\/faller-installiert-inspektionssystem-von-eyec\/\">\n\t\t\t\tFaller optimises processes with inspection system from EyeC\t\t\t<\/a>\n\t\t<\/h3>\n\t\t\t\t<div class=\"elementor-post__excerpt\">\n\t\t\tFaller Packaging optimises its production processes with the EyeC Proofiler 1200 DT inspection system, which reliably detects the smallest deviations.\u00a0\t\t<\/div>\n\t\t\n\t\t<a class=\"elementor-post__read-more\" href=\"https:\/\/packaging-journal.de\/en\/faller-installiert-inspektionssystem-von-eyec\/\" aria-label=\"Read more about Faller optimises processes with inspection system from EyeC\" tabindex=\"-1\">\n\t\t\tRead more \"\t\t<\/a>\n\n\t\t\t\t<\/div>\n\t\t\t\t\t<\/div>\n\t\t<\/article>\n\t\t\t\t<\/div>\n\t\t\n\t\t\t\t\t\t<\/div>\n\t\t\t\t<\/div>\n\t\t\t\t\t<\/div>\n\t\t<\/div>\n\t\t\t\t\t<\/div>\n\t\t<\/section>\n\t\t\t\t<\/div>","protected":false},"excerpt":{"rendered":"Faller Packaging can look back on a successful 2021 financial year despite coronavirus and the difficult situation on the raw materials market.","protected":false},"author":20,"featured_media":56916,"comment_status":"closed","ping_status":"closed","sticky":false,"template":"","format":"standard","meta":{"_acf_changed":false,"__cvm_playback_settings":[],"__cvm_video_id":"","rank_math_description":"Faller Packaging blickt trotz Corona und schwieriger Situation auf dem Rohstoffmarkt auf ein erfolgreiches Gesch\u00e4ftsjahr 2021 zur\u00fcck.","rank_math_focus_keyword":"Gesch\u00e4ftsjahr 2021","rank_math_title":"","csco_display_header_overlay":false,"csco_singular_sidebar":"","csco_page_header_type":"","csco_page_load_nextpost":"","csco_post_video_location":[],"csco_post_video_location_hash":"","csco_post_video_url":"","csco_post_video_bg_start_time":0,"csco_post_video_bg_end_time":0,"footnotes":"","_links_to":"","_links_to_target":""},"categories":[114],"tags":[57595,36,32,1487,40],"class_list":{"0":"post-58543","1":"post","2":"type-post","3":"status-publish","4":"format-standard","5":"has-post-thumbnail","7":"category-aus-den-unternehmen-news","8":"tag-faller-packaging","9":"tag-markt","10":"tag-packmittel-und-packstoffe","11":"tag-papier-pappe-karton","12":"tag-pharma-kosmetik-chemie","13":"cs-entry","14":"cs-video-wrap"},"acf":[],"vimeo_video":null,"_links":{"self":[{"href":"https:\/\/packaging-journal.de\/en\/wp-json\/wp\/v2\/posts\/58543","targetHints":{"allow":["GET"]}}],"collection":[{"href":"https:\/\/packaging-journal.de\/en\/wp-json\/wp\/v2\/posts"}],"about":[{"href":"https:\/\/packaging-journal.de\/en\/wp-json\/wp\/v2\/types\/post"}],"author":[{"embeddable":true,"href":"https:\/\/packaging-journal.de\/en\/wp-json\/wp\/v2\/users\/20"}],"replies":[{"embeddable":true,"href":"https:\/\/packaging-journal.de\/en\/wp-json\/wp\/v2\/comments?post=58543"}],"version-history":[{"count":0,"href":"https:\/\/packaging-journal.de\/en\/wp-json\/wp\/v2\/posts\/58543\/revisions"}],"wp:featuredmedia":[{"embeddable":true,"href":"https:\/\/packaging-journal.de\/en\/wp-json\/wp\/v2\/media\/56916"}],"wp:attachment":[{"href":"https:\/\/packaging-journal.de\/en\/wp-json\/wp\/v2\/media?parent=58543"}],"wp:term":[{"taxonomy":"category","embeddable":true,"href":"https:\/\/packaging-journal.de\/en\/wp-json\/wp\/v2\/categories?post=58543"},{"taxonomy":"post_tag","embeddable":true,"href":"https:\/\/packaging-journal.de\/en\/wp-json\/wp\/v2\/tags?post=58543"}],"curies":[{"name":"wp","href":"https:\/\/api.w.org\/{rel}","templated":true}]}}