{"id":60509,"date":"2022-04-13T15:50:45","date_gmt":"2022-04-13T13:50:45","guid":{"rendered":"https:\/\/packaging-journal.de\/?p=60509"},"modified":"2022-04-16T12:16:27","modified_gmt":"2022-04-16T10:16:27","slug":"packaging-fund-henkel-beiersdorf","status":"publish","type":"post","link":"https:\/\/packaging-journal.de\/en\/verpackungsfonds-henkel-beiersdorf\/","title":{"rendered":"Industry giants establish packaging fund"},"content":{"rendered":"<div data-elementor-type=\"wp-post\" data-elementor-id=\"60509\" class=\"elementor elementor-60509\" data-elementor-post-type=\"post\">\n\t\t\t\t\t\t<section data-exad-particle-enable=\"false\" class=\"elementor-section elementor-top-section elementor-element elementor-element-64d19b6 elementor-section-boxed elementor-section-height-default elementor-section-height-default exad-parallax-effect-no exad-background-color-change-no exad-glass-effect-no exad-sticky-section-no\" data-id=\"64d19b6\" data-element_type=\"section\" data-e-type=\"section\">\n\t\t\t\t\t\t<div class=\"elementor-container elementor-column-gap-default\">\n\t\t\t\t\t<div class=\"elementor-column elementor-col-100 elementor-top-column elementor-element elementor-element-2952bdf exad-glass-effect-no exad-sticky-section-no\" data-id=\"2952bdf\" data-element_type=\"column\" data-e-type=\"column\">\n\t\t\t<div class=\"elementor-widget-wrap elementor-element-populated\">\n\t\t\t\t\t\t<div class=\"elementor-element elementor-element-47232bc exad-sticky-section-no exad-glass-effect-no elementor-widget elementor-widget-text-editor\" data-id=\"47232bc\" data-element_type=\"widget\" data-e-type=\"widget\" data-widget_type=\"text-editor.default\">\n\t\t\t\t<div class=\"elementor-widget-container\">\n\t\t\t\t\t\t\t\t\t<p><strong>Some of the biggest players in the global packaging industry announced on Wednesday the establishment of a fund focussing on sustainable packaging. Founding investors in the fund, which is managed by the Swiss capital company Emerald Technology Ventures, include Beiersdorf and Henkel.<\/strong><\/p><p>In view of the fact that rapid growth is expected in the global packaging sector and the focus is on reducing waste and greenhouse gas emissions, the fund aims to achieve this, according to the capital company, <strong>to drive forward the development of advanced materials and industrial technologies that both benefit the environment and generate attractive returns.<\/strong><\/p>\t\t\t\t\t\t\t\t<\/div>\n\t\t\t\t<\/div>\n\t\t\t\t<div class=\"elementor-element elementor-element-58308e5 exad-sticky-section-no exad-glass-effect-no elementor-widget elementor-widget-heading\" data-id=\"58308e5\" data-element_type=\"widget\" data-e-type=\"widget\" data-widget_type=\"heading.default\">\n\t\t\t\t<div class=\"elementor-widget-container\">\n\t\t\t\t\t<h2 class=\"elementor-heading-title elementor-size-default\">Investments in more than 50 companies<\/h2>\t\t\t\t<\/div>\n\t\t\t\t<\/div>\n\t\t\t\t<div class=\"elementor-element elementor-element-47a3a75 exad-sticky-section-no exad-glass-effect-no elementor-widget elementor-widget-text-editor\" data-id=\"47a3a75\" data-element_type=\"widget\" data-e-type=\"widget\" data-widget_type=\"text-editor.default\">\n\t\t\t\t<div class=\"elementor-widget-container\">\n\t\t\t\t\t\t\t\t\t<p>The industrial and consumer goods groups <a href=\"https:\/\/packaging-journal.de\/tag\/beiersdorf\/\">Beiersdorf<\/a>, Chevron, <a href=\"https:\/\/packaging-journal.de\/tag\/henkel\/\">Handle<\/a> and Waste Management will join the fund as founding investors, which emphasises the fund's broad reach in the packaging sector. <strong>More than 50 global companies are planning to invest in the packaging sector,<\/strong> ranging from raw materials to end-of-life and plastics recycling.<\/p><div class=\"packa-in-post-alle\" style=\"text-align: center;\" id=\"packa-4188818500\"><div id=\"packa-485649476\"><a data-no-instant=\"1\" href=\"https:\/\/packaging-journal.de\/en\/newsletter\/\" rel=\"noopener\" class=\"a2t-link\" target=\"_blank\" aria-label=\"PJ Self-promotion English 03\"><!--noptimize--><img src=\"https:\/\/packaging-journal.de\/wp-content\/uploads\/2026\/01\/PJ-Eigenwerbung-English-03.png\" alt=\"\"  srcset=\"https:\/\/packaging-journal.de\/wp-content\/uploads\/2026\/01\/PJ-Eigenwerbung-English-03.png 840w, https:\/\/packaging-journal.de\/wp-content\/uploads\/2026\/01\/PJ-Eigenwerbung-English-03-300x75.png 300w, https:\/\/packaging-journal.de\/wp-content\/uploads\/2026\/01\/PJ-Eigenwerbung-English-03-768x192.png 768w, https:\/\/packaging-journal.de\/wp-content\/uploads\/2026\/01\/PJ-Eigenwerbung-English-03-18x5.png 18w, https:\/\/packaging-journal.de\/wp-content\/uploads\/2026\/01\/PJ-Eigenwerbung-English-03-332x83.png 332w, https:\/\/packaging-journal.de\/wp-content\/uploads\/2026\/01\/PJ-Eigenwerbung-English-03-664x166.png 664w, https:\/\/packaging-journal.de\/wp-content\/uploads\/2026\/01\/PJ-Eigenwerbung-English-03-688x172.png 688w\" sizes=\"(max-width: 840px) 100vw, 840px\" width=\"840\" height=\"210\"  style=\" max-width: 100%; height: auto;\" \/><!--\/noptimize--><\/a><\/div><\/div><p>The new fund aims to invest in young and fast-growing start-ups around the world, with a certain number of seed investments. <strong>Investors can join the fund at any time.<\/strong> The interdisciplinary team behind the fund will report regularly on the progress made by the companies in the portfolio in terms of reducing greenhouse gas emissions and waste.<\/p><p><em>Source<\/em>: <a href=\"https:\/\/emerald-ventures.com\/\" target=\"_blank\" rel=\"noopener\">Emerald Technology Ventures<\/a><\/p><div id=\"packa-857406166\" class=\"packa-inhalt\"><!--noptimize--><script async src=\"https:\/\/pagead2.googlesyndication.com\/pagead\/js\/adsbygoogle.js?client=ca-pub-2686439340972671\" crossorigin=\"anonymous\"><\/script>\r\n<ins class=\"adsbygoogle\" style=\"display:block;text-align:center\" data-ad-layout=\"in-article\" data-ad-format=\"fluid\" data-ad-client=\"ca-pub-2686439340972671\" data-ad-slot=\"6171251825\"><\/ins>\r\n<script>\r\n     (adsbygoogle = window.adsbygoogle || []).push({});\r\n<\/script><!--\/noptimize--><\/div>\t\t\t\t\t\t\t\t<\/div>\n\t\t\t\t<\/div>\n\t\t\t\t\t<\/div>\n\t\t<\/div>\n\t\t\t\t\t<\/div>\n\t\t<\/section>\n\t\t\t\t<section data-exad-particle-enable=\"false\" class=\"elementor-section elementor-top-section elementor-element elementor-element-4533b583 elementor-section-boxed elementor-section-height-default elementor-section-height-default exad-parallax-effect-no exad-background-color-change-no exad-glass-effect-no exad-sticky-section-no\" data-id=\"4533b583\" data-element_type=\"section\" data-e-type=\"section\" data-settings=\"{&quot;background_background&quot;:&quot;classic&quot;}\">\n\t\t\t\t\t\t<div class=\"elementor-container elementor-column-gap-default\">\n\t\t\t\t\t<div class=\"elementor-column elementor-col-100 elementor-top-column elementor-element elementor-element-642e1004 exad-glass-effect-no exad-sticky-section-no\" data-id=\"642e1004\" data-element_type=\"column\" data-e-type=\"column\">\n\t\t\t<div class=\"elementor-widget-wrap elementor-element-populated\">\n\t\t\t\t\t\t<div class=\"elementor-element elementor-element-1a7f3193 exad-sticky-section-no exad-glass-effect-no elementor-widget elementor-widget-heading\" data-id=\"1a7f3193\" data-element_type=\"widget\" data-e-type=\"widget\" data-widget_type=\"heading.default\">\n\t\t\t\t<div class=\"elementor-widget-container\">\n\t\t\t\t\t<h2 class=\"elementor-heading-title elementor-size-default\">Further news from the market<\/h2>\t\t\t\t<\/div>\n\t\t\t\t<\/div>\n\t\t\t\t<div class=\"elementor-element elementor-element-69e7d9bd elementor-grid-3 elementor-grid-tablet-2 elementor-grid-mobile-1 elementor-posts--thumbnail-top elementor-posts__hover-gradient exad-sticky-section-no exad-glass-effect-no elementor-widget elementor-widget-posts\" data-id=\"69e7d9bd\" data-element_type=\"widget\" data-e-type=\"widget\" data-settings=\"{&quot;cards_row_gap&quot;:{&quot;unit&quot;:&quot;px&quot;,&quot;size&quot;:38,&quot;sizes&quot;:[]},&quot;cards_columns&quot;:&quot;3&quot;,&quot;cards_columns_tablet&quot;:&quot;2&quot;,&quot;cards_columns_mobile&quot;:&quot;1&quot;,&quot;cards_row_gap_tablet&quot;:{&quot;unit&quot;:&quot;px&quot;,&quot;size&quot;:&quot;&quot;,&quot;sizes&quot;:[]},&quot;cards_row_gap_mobile&quot;:{&quot;unit&quot;:&quot;px&quot;,&quot;size&quot;:&quot;&quot;,&quot;sizes&quot;:[]}}\" data-widget_type=\"posts.cards\">\n\t\t\t\t<div class=\"elementor-widget-container\">\n\t\t\t\t\t\t\t<div class=\"elementor-posts-container elementor-posts elementor-posts--skin-cards elementor-grid\" role=\"list\">\n\t\t\t\t<article class=\"elementor-post elementor-grid-item post-115371 post type-post status-publish format-standard has-post-thumbnail category-maerkte tag-gesetze-und-verordnungen tag-markt tag-mehrweg tag-verpackungssteuer cs-entry cs-video-wrap\" role=\"listitem\">\n\t\t\t<div class=\"elementor-post__card\">\n\t\t\t\t<a class=\"elementor-post__thumbnail__link\" href=\"https:\/\/packaging-journal.de\/en\/verpackungssteuer-in-freiburg-belastet-betriebe-spuerbar\/\" tabindex=\"-1\"><div class=\"elementor-post__thumbnail\"><img decoding=\"async\" width=\"300\" height=\"163\" src=\"https:\/\/packaging-journal.de\/wp-content\/uploads\/2026\/04\/Freiburg-Breisgau-300x163.jpg\" class=\"attachment-medium size-medium wp-image-115374\" alt=\"\" srcset=\"https:\/\/packaging-journal.de\/wp-content\/uploads\/2026\/04\/Freiburg-Breisgau-300x163.jpg 300w, https:\/\/packaging-journal.de\/wp-content\/uploads\/2026\/04\/Freiburg-Breisgau-1024x555.jpg 1024w, https:\/\/packaging-journal.de\/wp-content\/uploads\/2026\/04\/Freiburg-Breisgau-768x416.jpg 768w, https:\/\/packaging-journal.de\/wp-content\/uploads\/2026\/04\/Freiburg-Breisgau-18x10.jpg 18w, https:\/\/packaging-journal.de\/wp-content\/uploads\/2026\/04\/Freiburg-Breisgau-332x180.jpg 332w, https:\/\/packaging-journal.de\/wp-content\/uploads\/2026\/04\/Freiburg-Breisgau-664x360.jpg 664w, https:\/\/packaging-journal.de\/wp-content\/uploads\/2026\/04\/Freiburg-Breisgau-688x373.jpg 688w, https:\/\/packaging-journal.de\/wp-content\/uploads\/2026\/04\/Freiburg-Breisgau-1044x566.jpg 1044w, https:\/\/packaging-journal.de\/wp-content\/uploads\/2026\/04\/Freiburg-Breisgau.jpg 1200w\" sizes=\"(max-width: 300px) 100vw, 300px\" \/><\/div><\/a>\n\t\t\t\t<div class=\"elementor-post__text\">\n\t\t\t\t<h3 class=\"elementor-post__title\">\n\t\t\t<a href=\"https:\/\/packaging-journal.de\/en\/verpackungssteuer-in-freiburg-belastet-betriebe-spuerbar\/\">\n\t\t\t\tPackaging tax in Freiburg noticeably burdens businesses\t\t\t<\/a>\n\t\t<\/h3>\n\t\t\t\t<div class=\"elementor-post__excerpt\">\n\t\t\tBesides a decline in revenue, the increased organisational effort plays a central role.\t\t<\/div>\n\t\t\n\t\t<a class=\"elementor-post__read-more\" href=\"https:\/\/packaging-journal.de\/en\/verpackungssteuer-in-freiburg-belastet-betriebe-spuerbar\/\" aria-label=\"Read more about packaging tax in Freiburg noticeably burdens businesses\" tabindex=\"-1\">\n\t\t\tRead more \"\t\t<\/a>\n\n\t\t\t\t<\/div>\n\t\t\t\t\t<\/div>\n\t\t<\/article>\n\t\t\t\t<article class=\"elementor-post elementor-grid-item post-115117 post type-post status-publish format-video has-post-thumbnail category-maerkte category-messen-und-veranstaltungen tag-eu-verpackungsverordnung tag-interpack tag-markt tag-packmittel-und-packstoffe tag-veranstaltungen tag-verpackungstechnik post_format-post-format-video cs-entry cs-video-wrap\" role=\"listitem\">\n\t\t\t<div class=\"elementor-post__card\">\n\t\t\t\t<a class=\"elementor-post__thumbnail__link\" href=\"https:\/\/packaging-journal.de\/en\/heimspiel-unter-druck-was-die-verpackungsbranche-vor-der-interpack-wirklich-bewegt\/\" tabindex=\"-1\"><div class=\"elementor-post__thumbnail\"><img fetchpriority=\"high\" decoding=\"async\" width=\"300\" height=\"167\" src=\"https:\/\/packaging-journal.de\/wp-content\/uploads\/2026\/04\/Gemini_Generated_Image_h80kp0h80kp0h80k-bearbeitet-300x167.jpg\" class=\"attachment-medium size-medium wp-image-115121\" alt=\"\" srcset=\"https:\/\/packaging-journal.de\/wp-content\/uploads\/2026\/04\/Gemini_Generated_Image_h80kp0h80kp0h80k-bearbeitet-300x167.jpg 300w, https:\/\/packaging-journal.de\/wp-content\/uploads\/2026\/04\/Gemini_Generated_Image_h80kp0h80kp0h80k-bearbeitet-1024x571.jpg 1024w, https:\/\/packaging-journal.de\/wp-content\/uploads\/2026\/04\/Gemini_Generated_Image_h80kp0h80kp0h80k-bearbeitet-768x429.jpg 768w, https:\/\/packaging-journal.de\/wp-content\/uploads\/2026\/04\/Gemini_Generated_Image_h80kp0h80kp0h80k-bearbeitet-1536x857.jpg 1536w, https:\/\/packaging-journal.de\/wp-content\/uploads\/2026\/04\/Gemini_Generated_Image_h80kp0h80kp0h80k-bearbeitet-2048x1143.jpg 2048w, https:\/\/packaging-journal.de\/wp-content\/uploads\/2026\/04\/Gemini_Generated_Image_h80kp0h80kp0h80k-bearbeitet-18x10.jpg 18w, https:\/\/packaging-journal.de\/wp-content\/uploads\/2026\/04\/Gemini_Generated_Image_h80kp0h80kp0h80k-bearbeitet-332x185.jpg 332w, https:\/\/packaging-journal.de\/wp-content\/uploads\/2026\/04\/Gemini_Generated_Image_h80kp0h80kp0h80k-bearbeitet-664x371.jpg 664w, https:\/\/packaging-journal.de\/wp-content\/uploads\/2026\/04\/Gemini_Generated_Image_h80kp0h80kp0h80k-bearbeitet-688x384.jpg 688w, https:\/\/packaging-journal.de\/wp-content\/uploads\/2026\/04\/Gemini_Generated_Image_h80kp0h80kp0h80k-bearbeitet-1044x583.jpg 1044w, https:\/\/packaging-journal.de\/wp-content\/uploads\/2026\/04\/Gemini_Generated_Image_h80kp0h80kp0h80k-bearbeitet-1400x781.jpg 1400w, https:\/\/packaging-journal.de\/wp-content\/uploads\/2026\/04\/Gemini_Generated_Image_h80kp0h80kp0h80k-bearbeitet-1920x1071.jpg 1920w, https:\/\/packaging-journal.de\/wp-content\/uploads\/2026\/04\/Gemini_Generated_Image_h80kp0h80kp0h80k-bearbeitet-1320x737.jpg 1320w, https:\/\/packaging-journal.de\/wp-content\/uploads\/2026\/04\/Gemini_Generated_Image_h80kp0h80kp0h80k-bearbeitet.jpg 2500w\" sizes=\"(max-width: 300px) 100vw, 300px\" \/><\/div><\/a>\n\t\t\t\t<div class=\"elementor-post__text\">\n\t\t\t\t<h3 class=\"elementor-post__title\">\n\t\t\t<a href=\"https:\/\/packaging-journal.de\/en\/heimspiel-unter-druck-was-die-verpackungsbranche-vor-der-interpack-wirklich-bewegt\/\">\n\t\t\t\tHome game under pressure: What's really moving the packaging industry ahead of interpack\t\t\t<\/a>\n\t\t<\/h3>\n\t\t\t\t<div class=\"elementor-post__excerpt\">\n\t\t\tShortly before the start of interpack 2026, packaging journal, VDMA Managing Director Richard Clemens, interpack President Markus Rustler and trade fair head Thomas Dose met for a countdown talk in D\u00fcsseldorf. The mood is good \u2013 the situation is serious.\t\t<\/div>\n\t\t\n\t\t<a class=\"elementor-post__read-more\" href=\"https:\/\/packaging-journal.de\/en\/heimspiel-unter-druck-was-die-verpackungsbranche-vor-der-interpack-wirklich-bewegt\/\" aria-label=\"Read more about home game under pressure: What&#039;s really moving the packaging industry before interpack\" tabindex=\"-1\">\n\t\t\tRead more \"\t\t<\/a>\n\n\t\t\t\t<\/div>\n\t\t\t\t\t<\/div>\n\t\t<\/article>\n\t\t\t\t<article class=\"elementor-post elementor-grid-item post-114920 post type-post status-publish format-standard has-post-thumbnail category-maerkte tag-eu-verpackungsverordnung tag-flexible-packaging-europe tag-gesetze-und-verordnungen tag-markt cs-entry cs-video-wrap\" role=\"listitem\">\n\t\t\t<div class=\"elementor-post__card\">\n\t\t\t\t<a class=\"elementor-post__thumbnail__link\" href=\"https:\/\/packaging-journal.de\/en\/fpe-fordert-klare-umsetzung-statt-ppwr-neuauflage\/\" tabindex=\"-1\"><div class=\"elementor-post__thumbnail\"><img decoding=\"async\" width=\"300\" height=\"163\" src=\"https:\/\/packaging-journal.de\/wp-content\/uploads\/2026\/04\/FPE-PPWR-300x163.jpg\" class=\"attachment-medium size-medium wp-image-114923\" alt=\"\" srcset=\"https:\/\/packaging-journal.de\/wp-content\/uploads\/2026\/04\/FPE-PPWR-300x163.jpg 300w, https:\/\/packaging-journal.de\/wp-content\/uploads\/2026\/04\/FPE-PPWR-1024x555.jpg 1024w, https:\/\/packaging-journal.de\/wp-content\/uploads\/2026\/04\/FPE-PPWR-768x416.jpg 768w, https:\/\/packaging-journal.de\/wp-content\/uploads\/2026\/04\/FPE-PPWR-18x10.jpg 18w, https:\/\/packaging-journal.de\/wp-content\/uploads\/2026\/04\/FPE-PPWR-332x180.jpg 332w, https:\/\/packaging-journal.de\/wp-content\/uploads\/2026\/04\/FPE-PPWR-664x360.jpg 664w, https:\/\/packaging-journal.de\/wp-content\/uploads\/2026\/04\/FPE-PPWR-688x373.jpg 688w, https:\/\/packaging-journal.de\/wp-content\/uploads\/2026\/04\/FPE-PPWR-1044x566.jpg 1044w, https:\/\/packaging-journal.de\/wp-content\/uploads\/2026\/04\/FPE-PPWR.jpg 1200w\" sizes=\"(max-width: 300px) 100vw, 300px\" \/><\/div><\/a>\n\t\t\t\t<div class=\"elementor-post__text\">\n\t\t\t\t<h3 class=\"elementor-post__title\">\n\t\t\t<a href=\"https:\/\/packaging-journal.de\/en\/fpe-fordert-klare-umsetzung-statt-ppwr-neuauflage\/\">\n\t\t\t\tFPE calls for clear implementation instead of a PPWR relaunch\t\t\t<\/a>\n\t\t<\/h3>\n\t\t\t\t<div class=\"elementor-post__excerpt\">\n\t\t\tThe association is speaking out against a delay or renegotiation of the EU Packaging Regulation.\t\t<\/div>\n\t\t\n\t\t<a class=\"elementor-post__read-more\" href=\"https:\/\/packaging-journal.de\/en\/fpe-fordert-klare-umsetzung-statt-ppwr-neuauflage\/\" aria-label=\"Read more about FPE calls for clear implementation instead of a PPWR relaunch\" tabindex=\"-1\">\n\t\t\tRead more \"\t\t<\/a>\n\n\t\t\t\t<\/div>\n\t\t\t\t\t<\/div>\n\t\t<\/article>\n\t\t\t\t<article class=\"elementor-post elementor-grid-item post-114839 post type-post status-publish format-standard has-post-thumbnail category-maerkte tag-gesetze-und-verordnungen tag-lebensmittel tag-markt tag-mehrweg tag-verpackungssteuer cs-entry cs-video-wrap\" role=\"listitem\">\n\t\t\t<div class=\"elementor-post__card\">\n\t\t\t\t<a class=\"elementor-post__thumbnail__link\" href=\"https:\/\/packaging-journal.de\/en\/potsdam-fuehrt-verpackungssteuer-ein\/\" tabindex=\"-1\"><div class=\"elementor-post__thumbnail\"><img loading=\"lazy\" decoding=\"async\" width=\"300\" height=\"163\" src=\"https:\/\/packaging-journal.de\/wp-content\/uploads\/2026\/04\/Potsdam-300x163.jpg\" class=\"attachment-medium size-medium wp-image-114845\" alt=\"\" srcset=\"https:\/\/packaging-journal.de\/wp-content\/uploads\/2026\/04\/Potsdam-300x163.jpg 300w, https:\/\/packaging-journal.de\/wp-content\/uploads\/2026\/04\/Potsdam-1024x555.jpg 1024w, https:\/\/packaging-journal.de\/wp-content\/uploads\/2026\/04\/Potsdam-768x416.jpg 768w, https:\/\/packaging-journal.de\/wp-content\/uploads\/2026\/04\/Potsdam-18x10.jpg 18w, https:\/\/packaging-journal.de\/wp-content\/uploads\/2026\/04\/Potsdam-332x180.jpg 332w, https:\/\/packaging-journal.de\/wp-content\/uploads\/2026\/04\/Potsdam-664x360.jpg 664w, https:\/\/packaging-journal.de\/wp-content\/uploads\/2026\/04\/Potsdam-688x373.jpg 688w, https:\/\/packaging-journal.de\/wp-content\/uploads\/2026\/04\/Potsdam-1044x566.jpg 1044w, https:\/\/packaging-journal.de\/wp-content\/uploads\/2026\/04\/Potsdam.jpg 1200w\" sizes=\"(max-width: 300px) 100vw, 300px\" \/><\/div><\/a>\n\t\t\t\t<div class=\"elementor-post__text\">\n\t\t\t\t<h3 class=\"elementor-post__title\">\n\t\t\t<a href=\"https:\/\/packaging-journal.de\/en\/potsdam-fuehrt-verpackungssteuer-ein\/\">\n\t\t\t\tPotsdam introduces packaging tax\t\t\t<\/a>\n\t\t<\/h3>\n\t\t\t\t<div class=\"elementor-post__excerpt\">\n\t\t\tThe tax is primarily aimed at end sellers and provides for differentiated tax rates.\t\t<\/div>\n\t\t\n\t\t<a class=\"elementor-post__read-more\" href=\"https:\/\/packaging-journal.de\/en\/potsdam-fuehrt-verpackungssteuer-ein\/\" aria-label=\"Read more about Potsdam introduces packaging tax\" tabindex=\"-1\">\n\t\t\tRead more \"\t\t<\/a>\n\n\t\t\t\t<\/div>\n\t\t\t\t\t<\/div>\n\t\t<\/article>\n\t\t\t\t<article class=\"elementor-post elementor-grid-item post-114759 post type-post status-publish format-standard has-post-thumbnail category-maerkte tag-eu-verpackungsverordnung tag-gesetze-und-verordnungen tag-markt tag-pj_home cs-entry cs-video-wrap\" role=\"listitem\">\n\t\t\t<div class=\"elementor-post__card\">\n\t\t\t\t<a class=\"elementor-post__thumbnail__link\" href=\"https:\/\/packaging-journal.de\/en\/bundesregierung-lehnt-zentrale-bundesratsvorschlaege-ab\/\" tabindex=\"-1\"><div class=\"elementor-post__thumbnail\"><img loading=\"lazy\" decoding=\"async\" width=\"300\" height=\"163\" src=\"https:\/\/packaging-journal.de\/wp-content\/uploads\/2026\/04\/Bundeskanzleramt-300x163.jpg\" class=\"attachment-medium size-medium wp-image-114762\" alt=\"\" srcset=\"https:\/\/packaging-journal.de\/wp-content\/uploads\/2026\/04\/Bundeskanzleramt-300x163.jpg 300w, https:\/\/packaging-journal.de\/wp-content\/uploads\/2026\/04\/Bundeskanzleramt-1024x555.jpg 1024w, https:\/\/packaging-journal.de\/wp-content\/uploads\/2026\/04\/Bundeskanzleramt-768x416.jpg 768w, https:\/\/packaging-journal.de\/wp-content\/uploads\/2026\/04\/Bundeskanzleramt-18x10.jpg 18w, https:\/\/packaging-journal.de\/wp-content\/uploads\/2026\/04\/Bundeskanzleramt-332x180.jpg 332w, https:\/\/packaging-journal.de\/wp-content\/uploads\/2026\/04\/Bundeskanzleramt-664x360.jpg 664w, https:\/\/packaging-journal.de\/wp-content\/uploads\/2026\/04\/Bundeskanzleramt-688x373.jpg 688w, https:\/\/packaging-journal.de\/wp-content\/uploads\/2026\/04\/Bundeskanzleramt-1044x566.jpg 1044w, https:\/\/packaging-journal.de\/wp-content\/uploads\/2026\/04\/Bundeskanzleramt.jpg 1200w\" sizes=\"(max-width: 300px) 100vw, 300px\" \/><\/div><\/a>\n\t\t\t\t<div class=\"elementor-post__text\">\n\t\t\t\t<h3 class=\"elementor-post__title\">\n\t\t\t<a href=\"https:\/\/packaging-journal.de\/en\/bundesregierung-lehnt-zentrale-bundesratsvorschlaege-ab\/\">\n\t\t\t\tFederal government rejects key Bundesrat proposals\t\t\t<\/a>\n\t\t<\/h3>\n\t\t\t\t<div class=\"elementor-post__excerpt\">\n\t\t\tThe federal government makes it clear on several points that it largely intends to stick to the draft of the Packaging Act.\t\t<\/div>\n\t\t\n\t\t<a class=\"elementor-post__read-more\" href=\"https:\/\/packaging-journal.de\/en\/bundesregierung-lehnt-zentrale-bundesratsvorschlaege-ab\/\" aria-label=\"Read more about the Federal Government rejects key Bundesrat proposals\" tabindex=\"-1\">\n\t\t\tRead more \"\t\t<\/a>\n\n\t\t\t\t<\/div>\n\t\t\t\t\t<\/div>\n\t\t<\/article>\n\t\t\t\t<article class=\"elementor-post elementor-grid-item post-114694 post type-post status-publish format-standard has-post-thumbnail category-maerkte tag-abfalltechnik-und-recycling tag-getraenke tag-markt tag-mehrweg tag-portugal cs-entry cs-video-wrap\" role=\"listitem\">\n\t\t\t<div class=\"elementor-post__card\">\n\t\t\t\t<a class=\"elementor-post__thumbnail__link\" href=\"https:\/\/packaging-journal.de\/en\/volta-startet-pfandsystem-in-portugal\/\" tabindex=\"-1\"><div class=\"elementor-post__thumbnail\"><img loading=\"lazy\" decoding=\"async\" width=\"300\" height=\"163\" src=\"https:\/\/packaging-journal.de\/wp-content\/uploads\/2026\/04\/Portugal-Flag-300x163.jpg\" class=\"attachment-medium size-medium wp-image-114696\" alt=\"\" srcset=\"https:\/\/packaging-journal.de\/wp-content\/uploads\/2026\/04\/Portugal-Flag-300x163.jpg 300w, https:\/\/packaging-journal.de\/wp-content\/uploads\/2026\/04\/Portugal-Flag-1024x555.jpg 1024w, https:\/\/packaging-journal.de\/wp-content\/uploads\/2026\/04\/Portugal-Flag-768x416.jpg 768w, https:\/\/packaging-journal.de\/wp-content\/uploads\/2026\/04\/Portugal-Flag-18x10.jpg 18w, https:\/\/packaging-journal.de\/wp-content\/uploads\/2026\/04\/Portugal-Flag-332x180.jpg 332w, https:\/\/packaging-journal.de\/wp-content\/uploads\/2026\/04\/Portugal-Flag-664x360.jpg 664w, https:\/\/packaging-journal.de\/wp-content\/uploads\/2026\/04\/Portugal-Flag-688x373.jpg 688w, https:\/\/packaging-journal.de\/wp-content\/uploads\/2026\/04\/Portugal-Flag-1044x566.jpg 1044w, https:\/\/packaging-journal.de\/wp-content\/uploads\/2026\/04\/Portugal-Flag.jpg 1200w\" sizes=\"(max-width: 300px) 100vw, 300px\" \/><\/div><\/a>\n\t\t\t\t<div class=\"elementor-post__text\">\n\t\t\t\t<h3 class=\"elementor-post__title\">\n\t\t\t<a href=\"https:\/\/packaging-journal.de\/en\/volta-startet-pfandsystem-in-portugal\/\">\n\t\t\t\tVolta Launches Deposit System in Portugal\t\t\t<\/a>\n\t\t<\/h3>\n\t\t\t\t<div class=\"elementor-post__excerpt\">\n\t\t\tThe national system captures single-use drink packaging.\t\t<\/div>\n\t\t\n\t\t<a class=\"elementor-post__read-more\" href=\"https:\/\/packaging-journal.de\/en\/volta-startet-pfandsystem-in-portugal\/\" aria-label=\"Read more about Volta starts deposit system in Portugal\" tabindex=\"-1\">\n\t\t\tRead more \"\t\t<\/a>\n\n\t\t\t\t<\/div>\n\t\t\t\t\t<\/div>\n\t\t<\/article>\n\t\t\t\t<\/div>\n\t\t\n\t\t\t\t\t\t<\/div>\n\t\t\t\t<\/div>\n\t\t\t\t\t<\/div>\n\t\t<\/div>\n\t\t\t\t\t<\/div>\n\t\t<\/section>\n\t\t\t\t<\/div>","protected":false},"excerpt":{"rendered":"Some of the biggest players in the global packaging industry announced on Wednesday the establishment of a fund focussing on sustainable packaging. Founding investors in the fund, which is managed by the Swiss capital company Emerald Technology Ventures, include Beiersdorf and Henkel.","protected":false},"author":1,"featured_media":60510,"comment_status":"closed","ping_status":"closed","sticky":false,"template":"","format":"standard","meta":{"_acf_changed":false,"__cvm_playback_settings":[],"__cvm_video_id":"","rank_math_description":"Einige der gr\u00f6\u00dften Akteure in der globalen Verpackungsindustrie haben am 13. April die Gr\u00fcndung eines Verpackungsfonds bekanntgegeben.","rank_math_focus_keyword":"Verpackungsfonds","rank_math_title":"","csco_display_header_overlay":false,"csco_singular_sidebar":"","csco_page_header_type":"","csco_page_load_nextpost":"","csco_post_video_location":[],"csco_post_video_location_hash":"","csco_post_video_url":"","csco_post_video_bg_start_time":0,"csco_post_video_bg_end_time":0,"footnotes":"","_links_to":"","_links_to_target":""},"categories":[111],"tags":[57568,57565,36,31],"class_list":{"0":"post-60509","1":"post","2":"type-post","3":"status-publish","4":"format-standard","5":"has-post-thumbnail","7":"category-maerkte","8":"tag-beiersdorf","9":"tag-henkel","10":"tag-markt","11":"tag-nachhaltigkeit-und-green-packaging","12":"cs-entry","13":"cs-video-wrap"},"acf":[],"vimeo_video":null,"_links":{"self":[{"href":"https:\/\/packaging-journal.de\/en\/wp-json\/wp\/v2\/posts\/60509","targetHints":{"allow":["GET"]}}],"collection":[{"href":"https:\/\/packaging-journal.de\/en\/wp-json\/wp\/v2\/posts"}],"about":[{"href":"https:\/\/packaging-journal.de\/en\/wp-json\/wp\/v2\/types\/post"}],"author":[{"embeddable":true,"href":"https:\/\/packaging-journal.de\/en\/wp-json\/wp\/v2\/users\/1"}],"replies":[{"embeddable":true,"href":"https:\/\/packaging-journal.de\/en\/wp-json\/wp\/v2\/comments?post=60509"}],"version-history":[{"count":0,"href":"https:\/\/packaging-journal.de\/en\/wp-json\/wp\/v2\/posts\/60509\/revisions"}],"wp:featuredmedia":[{"embeddable":true,"href":"https:\/\/packaging-journal.de\/en\/wp-json\/wp\/v2\/media\/60510"}],"wp:attachment":[{"href":"https:\/\/packaging-journal.de\/en\/wp-json\/wp\/v2\/media?parent=60509"}],"wp:term":[{"taxonomy":"category","embeddable":true,"href":"https:\/\/packaging-journal.de\/en\/wp-json\/wp\/v2\/categories?post=60509"},{"taxonomy":"post_tag","embeddable":true,"href":"https:\/\/packaging-journal.de\/en\/wp-json\/wp\/v2\/tags?post=60509"}],"curies":[{"name":"wp","href":"https:\/\/api.w.org\/{rel}","templated":true}]}}