{"id":62708,"date":"2022-05-24T11:55:21","date_gmt":"2022-05-24T09:55:21","guid":{"rendered":"https:\/\/packaging-journal.de\/?p=62708"},"modified":"2022-05-24T11:41:07","modified_gmt":"2022-05-24T09:41:07","slug":"first-tequila-in-a-paper-bottle","status":"publish","type":"post","link":"https:\/\/packaging-journal.de\/en\/erster-tequila-in-papierflasche\/","title":{"rendered":"First tequila in a paper bottle"},"content":{"rendered":"<div data-elementor-type=\"wp-post\" data-elementor-id=\"62708\" class=\"elementor elementor-62708\" data-elementor-post-type=\"post\">\n\t\t\t\t\t\t<section data-exad-particle-enable=\"false\" class=\"elementor-section elementor-top-section elementor-element elementor-element-9101954 elementor-section-boxed elementor-section-height-default elementor-section-height-default exad-parallax-effect-no exad-background-color-change-no exad-glass-effect-no exad-sticky-section-no\" data-id=\"9101954\" data-element_type=\"section\" data-e-type=\"section\">\n\t\t\t\t\t\t<div class=\"elementor-container elementor-column-gap-default\">\n\t\t\t\t\t<div class=\"elementor-column elementor-col-100 elementor-top-column elementor-element elementor-element-7020407 exad-glass-effect-no exad-sticky-section-no\" data-id=\"7020407\" data-element_type=\"column\" data-e-type=\"column\">\n\t\t\t<div class=\"elementor-widget-wrap elementor-element-populated\">\n\t\t\t\t\t\t<div class=\"elementor-element elementor-element-4b77ecd exad-sticky-section-no exad-glass-effect-no elementor-widget elementor-widget-text-editor\" data-id=\"4b77ecd\" data-element_type=\"widget\" data-e-type=\"widget\" data-widget_type=\"text-editor.default\">\n\t\t\t\t<div class=\"elementor-widget-container\">\n\t\t\t\t\t\t\t\t\t<p><strong>The world's first tequila in a paper bottle will be launched in Sweden in July this year. The bottle is made from 94 per cent recycled material and produces less CO<sub>2<\/sub> emissions, as the material is lighter than conventional bottles.<\/strong><\/p>\t\t\t\t\t\t\t\t<\/div>\n\t\t\t\t<\/div>\n\t\t\t\t<div class=\"elementor-element elementor-element-7282148 exad-sticky-section-no exad-glass-effect-no elementor-widget elementor-widget-text-editor\" data-id=\"7282148\" data-element_type=\"widget\" data-e-type=\"widget\" data-widget_type=\"text-editor.default\">\n\t\t\t\t<div class=\"elementor-widget-container\">\n\t\t\t\t\t\t\t\t\t<p>Buen Vato will be officially presented at the ProWein trade fair in Germany. This bottle is <strong>easier to transport and offers a CO<sub>2<\/sub>-reduction compared to conventional industrial methods<\/strong>. The tequila is a product of AliasSmith AB, a company that has invested in and developed Mexican brands in Europe over the last 18 years.<\/p>\t\t\t\t\t\t\t\t<\/div>\n\t\t\t\t<\/div>\n\t\t\t\t<div class=\"elementor-element elementor-element-61619ab exad-sticky-section-no exad-glass-effect-no elementor-widget elementor-widget-text-editor\" data-id=\"61619ab\" data-element_type=\"widget\" data-e-type=\"widget\" data-widget_type=\"text-editor.default\">\n\t\t\t\t<div class=\"elementor-widget-container\">\n\t\t\t\t\t\t\t\t\t<p>In 2019, the company spent almost 1,500 hours redesigning the processes and physical structure of one of its providers and participated in the <strong>climate initiative of the Swedish beverage industry (DKI) to reduce CO<sub>2<\/sub>-footprint of the industry<\/strong>. The company then decided to invest in projects with as little negative impact as possible and to inspire the industry to make changes too.<\/p><div class=\"packa-in-post-alle\" style=\"text-align: center;\" id=\"packa-2738467083\"><div id=\"packa-782212797\"><a data-no-instant=\"1\" href=\"https:\/\/packaging-journal.de\/en\/newsletter\/\" rel=\"noopener\" class=\"a2t-link\" target=\"_blank\" aria-label=\"PJ Self-promotion English 03\"><!--noptimize--><img src=\"https:\/\/packaging-journal.de\/wp-content\/uploads\/2026\/01\/PJ-Eigenwerbung-English-03.png\" alt=\"\"  srcset=\"https:\/\/packaging-journal.de\/wp-content\/uploads\/2026\/01\/PJ-Eigenwerbung-English-03.png 840w, https:\/\/packaging-journal.de\/wp-content\/uploads\/2026\/01\/PJ-Eigenwerbung-English-03-300x75.png 300w, https:\/\/packaging-journal.de\/wp-content\/uploads\/2026\/01\/PJ-Eigenwerbung-English-03-768x192.png 768w, https:\/\/packaging-journal.de\/wp-content\/uploads\/2026\/01\/PJ-Eigenwerbung-English-03-18x5.png 18w, https:\/\/packaging-journal.de\/wp-content\/uploads\/2026\/01\/PJ-Eigenwerbung-English-03-332x83.png 332w, https:\/\/packaging-journal.de\/wp-content\/uploads\/2026\/01\/PJ-Eigenwerbung-English-03-664x166.png 664w, https:\/\/packaging-journal.de\/wp-content\/uploads\/2026\/01\/PJ-Eigenwerbung-English-03-688x172.png 688w\" sizes=\"(max-width: 840px) 100vw, 840px\" width=\"840\" height=\"210\"  style=\" max-width: 100%; height: auto;\" \/><!--\/noptimize--><\/a><\/div><\/div><blockquote><p>\u201eThe beverage industry needs to be transformed and sustainability must be at the centre of this change. That's why we launched Buen Vato. The cardboard bottle is just the beginning, Buen Vato will constantly redesign production, packaging and the business model to achieve perfect sustainability.\u201c<\/p><p><strong>Claes Puebla Smith<\/strong>, CEO of AliasSmith\u00a0<\/p><\/blockquote>\t\t\t\t\t\t\t\t<\/div>\n\t\t\t\t<\/div>\n\t\t\t\t<div class=\"elementor-element elementor-element-6710430 exad-sticky-section-no exad-glass-effect-no elementor-widget elementor-widget-image\" data-id=\"6710430\" data-element_type=\"widget\" data-e-type=\"widget\" data-widget_type=\"image.default\">\n\t\t\t\t<div class=\"elementor-widget-container\">\n\t\t\t\t\t\t\t\t\t\t\t\t<figure class=\"wp-caption\">\n\t\t\t\t\t\t\t\t\t\t<img fetchpriority=\"high\" decoding=\"async\" width=\"1024\" height=\"555\" src=\"https:\/\/packaging-journal.de\/wp-content\/uploads\/2022\/05\/1-4-1024x555.png\" class=\"attachment-large size-large wp-image-62710\" alt=\"Picture of a tequila in a paper bottle\" srcset=\"https:\/\/packaging-journal.de\/wp-content\/uploads\/2022\/05\/1-4-1024x555.png 1024w, https:\/\/packaging-journal.de\/wp-content\/uploads\/2022\/05\/1-4-300x163.png 300w, https:\/\/packaging-journal.de\/wp-content\/uploads\/2022\/05\/1-4-768x416.png 768w, https:\/\/packaging-journal.de\/wp-content\/uploads\/2022\/05\/1-4.png 1200w\" sizes=\"(max-width: 1024px) 100vw, 1024px\" \/>\t\t\t\t\t\t\t\t\t\t\t<figcaption class=\"widget-image-caption wp-caption-text\">(Image: Buen Vato)<\/figcaption>\n\t\t\t\t\t\t\t\t\t\t<\/figure>\n\t\t\t\t\t\t\t\t\t<\/div>\n\t\t\t\t<\/div>\n\t\t\t\t<div class=\"elementor-element elementor-element-42eb3b7 exad-sticky-section-no exad-glass-effect-no elementor-widget elementor-widget-text-editor\" data-id=\"42eb3b7\" data-element_type=\"widget\" data-e-type=\"widget\" data-widget_type=\"text-editor.default\">\n\t\t\t\t<div class=\"elementor-widget-container\">\n\t\t\t\t\t\t\t\t\t<blockquote><p>\u201eIt's time for a change, because environmentally conscious consumers can buy the beautiful cardboard bottles and then decant the tequila into crystal bottles themselves at home if necessary. After all, why should we continue to pollute the environment just to enjoy a tequila?\u201c<\/p><p><strong> Omar Corona<\/strong>, Mexican environmental engineer and head of the pollution reduction programme at AliasSmith<\/p><\/blockquote><p>The spirit is produced in small batches in Amatit\u00e1n, Jalisco, Mexico. AliasSmith AB endeavours to work together with its producers to <strong>achieve higher standards for sustainability and CSR<\/strong>.<\/p>\t\t\t\t\t\t\t\t<\/div>\n\t\t\t\t<\/div>\n\t\t\t\t<div class=\"elementor-element elementor-element-097975a exad-sticky-section-no exad-glass-effect-no elementor-widget elementor-widget-text-editor\" data-id=\"097975a\" data-element_type=\"widget\" data-e-type=\"widget\" data-widget_type=\"text-editor.default\">\n\t\t\t\t<div class=\"elementor-widget-container\">\n\t\t\t\t\t\t\t\t\t<blockquote><p>\u201eWe are very proud of the CSR projects we are involved in in Mexico that improve the lives of employees and their families. We want the world to join us by raising a glass and toasting \u201aTo Change\u2018 with us.\u201c<\/p><p><strong>Mayra Zapata<\/strong>, Head of CSR and Communications at AliasSmith AB<\/p><\/blockquote><p>Buen Vato is in negotiations with distributors in the UK, Italy, France and Spain and will be available for tasting at ProWein in D\u00fcsseldorf, Germany, Hall 7, C15, from 15 to 17 May 2022.<\/p><div id=\"packa-2693933256\" class=\"packa-inhalt\"><!--noptimize--><script async src=\"https:\/\/pagead2.googlesyndication.com\/pagead\/js\/adsbygoogle.js?client=ca-pub-2686439340972671\" crossorigin=\"anonymous\"><\/script>\r\n<ins class=\"adsbygoogle\" style=\"display:block;text-align:center\" data-ad-layout=\"in-article\" data-ad-format=\"fluid\" data-ad-client=\"ca-pub-2686439340972671\" data-ad-slot=\"6171251825\"><\/ins>\r\n<script>\r\n     (adsbygoogle = window.adsbygoogle || []).push({});\r\n<\/script><!--\/noptimize--><\/div><p><em>Source:\u00a0<\/em><a href=\"https:\/\/buenvatospirits.com\/\" target=\"_blank\" rel=\"noopener\">Buen Vato<\/a><\/p>\t\t\t\t\t\t\t\t<\/div>\n\t\t\t\t<\/div>\n\t\t\t\t\t<\/div>\n\t\t<\/div>\n\t\t\t\t\t<\/div>\n\t\t<\/section>\n\t\t\t\t<section data-exad-particle-enable=\"false\" class=\"elementor-section elementor-top-section elementor-element elementor-element-4f6222df elementor-section-boxed elementor-section-height-default elementor-section-height-default exad-parallax-effect-no exad-background-color-change-no exad-glass-effect-no exad-sticky-section-no\" data-id=\"4f6222df\" data-element_type=\"section\" data-e-type=\"section\" data-settings=\"{&quot;background_background&quot;:&quot;classic&quot;}\">\n\t\t\t\t\t\t<div class=\"elementor-container elementor-column-gap-default\">\n\t\t\t\t\t<div class=\"elementor-column elementor-col-100 elementor-top-column elementor-element elementor-element-1ec2e76e exad-glass-effect-no exad-sticky-section-no\" data-id=\"1ec2e76e\" data-element_type=\"column\" data-e-type=\"column\">\n\t\t\t<div class=\"elementor-widget-wrap elementor-element-populated\">\n\t\t\t\t\t\t<div class=\"elementor-element elementor-element-24038ada exad-sticky-section-no exad-glass-effect-no elementor-widget elementor-widget-heading\" data-id=\"24038ada\" data-element_type=\"widget\" data-e-type=\"widget\" data-widget_type=\"heading.default\">\n\t\t\t\t<div class=\"elementor-widget-container\">\n\t\t\t\t\t<h2 class=\"elementor-heading-title elementor-size-default\">Mondi - More news<\/h2>\t\t\t\t<\/div>\n\t\t\t\t<\/div>\n\t\t\t\t<div class=\"elementor-element elementor-element-39c25137 elementor-grid-3 elementor-grid-tablet-2 elementor-grid-mobile-1 elementor-posts--thumbnail-top elementor-posts__hover-gradient exad-sticky-section-no exad-glass-effect-no elementor-widget elementor-widget-posts\" data-id=\"39c25137\" data-element_type=\"widget\" data-e-type=\"widget\" data-settings=\"{&quot;cards_row_gap&quot;:{&quot;unit&quot;:&quot;px&quot;,&quot;size&quot;:38,&quot;sizes&quot;:[]},&quot;cards_columns&quot;:&quot;3&quot;,&quot;cards_columns_tablet&quot;:&quot;2&quot;,&quot;cards_columns_mobile&quot;:&quot;1&quot;,&quot;cards_row_gap_tablet&quot;:{&quot;unit&quot;:&quot;px&quot;,&quot;size&quot;:&quot;&quot;,&quot;sizes&quot;:[]},&quot;cards_row_gap_mobile&quot;:{&quot;unit&quot;:&quot;px&quot;,&quot;size&quot;:&quot;&quot;,&quot;sizes&quot;:[]}}\" data-widget_type=\"posts.cards\">\n\t\t\t\t<div class=\"elementor-widget-container\">\n\t\t\t\t\t\t\t<div class=\"elementor-posts-container elementor-posts elementor-posts--skin-cards elementor-grid\" role=\"list\">\n\t\t\t\t<article class=\"elementor-post elementor-grid-item post-114234 post type-post status-publish format-standard has-post-thumbnail category-allgemein category-packmittel-und-packstoffe tag-lebensmittel tag-mondi tag-packmittel-und-packstoffe tag-papier-pappe-karton tag-verpackung cs-entry cs-video-wrap\" role=\"listitem\">\n\t\t\t<div class=\"elementor-post__card\">\n\t\t\t\t<a class=\"elementor-post__thumbnail__link\" href=\"https:\/\/packaging-journal.de\/en\/mondi-whitepaper-wellpappenverpackungen\/\" tabindex=\"-1\"><div class=\"elementor-post__thumbnail\"><img decoding=\"async\" width=\"300\" height=\"163\" src=\"https:\/\/packaging-journal.de\/wp-content\/uploads\/2026\/03\/mondi-wellpappe-300x163.jpg\" class=\"attachment-medium size-medium wp-image-114235\" alt=\"\" srcset=\"https:\/\/packaging-journal.de\/wp-content\/uploads\/2026\/03\/mondi-wellpappe-300x163.jpg 300w, https:\/\/packaging-journal.de\/wp-content\/uploads\/2026\/03\/mondi-wellpappe-1024x555.jpg 1024w, https:\/\/packaging-journal.de\/wp-content\/uploads\/2026\/03\/mondi-wellpappe-768x416.jpg 768w, https:\/\/packaging-journal.de\/wp-content\/uploads\/2026\/03\/mondi-wellpappe-18x10.jpg 18w, https:\/\/packaging-journal.de\/wp-content\/uploads\/2026\/03\/mondi-wellpappe-332x180.jpg 332w, https:\/\/packaging-journal.de\/wp-content\/uploads\/2026\/03\/mondi-wellpappe-664x360.jpg 664w, https:\/\/packaging-journal.de\/wp-content\/uploads\/2026\/03\/mondi-wellpappe-688x373.jpg 688w, https:\/\/packaging-journal.de\/wp-content\/uploads\/2026\/03\/mondi-wellpappe-1044x566.jpg 1044w, https:\/\/packaging-journal.de\/wp-content\/uploads\/2026\/03\/mondi-wellpappe.jpg 1200w\" sizes=\"(max-width: 300px) 100vw, 300px\" \/><\/div><\/a>\n\t\t\t\t<div class=\"elementor-post__text\">\n\t\t\t\t<h3 class=\"elementor-post__title\">\n\t\t\t<a href=\"https:\/\/packaging-journal.de\/en\/mondi-whitepaper-wellpappenverpackungen\/\">\n\t\t\t\tMondi: Corrugated cardboard packaging reduces food waste\t\t\t<\/a>\n\t\t<\/h3>\n\t\t\t\t<div class=\"elementor-post__excerpt\">\n\t\t\tMondi publishes the white paper \u201ePackaging as a competitive advantage in the food supply chain\u201c, providing food manufacturers, retailers and logistics partners with practical recommendations for action.\t\t<\/div>\n\t\t\n\t\t<a class=\"elementor-post__read-more\" href=\"https:\/\/packaging-journal.de\/en\/mondi-whitepaper-wellpappenverpackungen\/\" aria-label=\"Read more about Mondi: Corrugated board packaging reduces food waste\" tabindex=\"-1\">\n\t\t\tRead more \"\t\t<\/a>\n\n\t\t\t\t<\/div>\n\t\t\t\t\t<\/div>\n\t\t<\/article>\n\t\t\t\t<article class=\"elementor-post elementor-grid-item post-113190 post type-post status-publish format-standard has-post-thumbnail category-aus-den-unternehmen-news tag-aus-den-unternehmen tag-flexible-verpackungen tag-mondi tag-packmittel-und-packstoffe tag-papier-pappe-karton cs-entry cs-video-wrap\" role=\"listitem\">\n\t\t\t<div class=\"elementor-post__card\">\n\t\t\t\t<a class=\"elementor-post__thumbnail__link\" href=\"https:\/\/packaging-journal.de\/en\/mondi-schliesst-werke-in-europa\/\" tabindex=\"-1\"><div class=\"elementor-post__thumbnail\"><img decoding=\"async\" width=\"300\" height=\"163\" src=\"https:\/\/packaging-journal.de\/wp-content\/uploads\/2026\/02\/Mondi-2025-300x163.jpg\" class=\"attachment-medium size-medium wp-image-113193\" alt=\"\" srcset=\"https:\/\/packaging-journal.de\/wp-content\/uploads\/2026\/02\/Mondi-2025-300x163.jpg 300w, https:\/\/packaging-journal.de\/wp-content\/uploads\/2026\/02\/Mondi-2025-1024x555.jpg 1024w, https:\/\/packaging-journal.de\/wp-content\/uploads\/2026\/02\/Mondi-2025-768x416.jpg 768w, https:\/\/packaging-journal.de\/wp-content\/uploads\/2026\/02\/Mondi-2025-18x10.jpg 18w, https:\/\/packaging-journal.de\/wp-content\/uploads\/2026\/02\/Mondi-2025-332x180.jpg 332w, https:\/\/packaging-journal.de\/wp-content\/uploads\/2026\/02\/Mondi-2025-664x360.jpg 664w, https:\/\/packaging-journal.de\/wp-content\/uploads\/2026\/02\/Mondi-2025-688x373.jpg 688w, https:\/\/packaging-journal.de\/wp-content\/uploads\/2026\/02\/Mondi-2025-1044x566.jpg 1044w, https:\/\/packaging-journal.de\/wp-content\/uploads\/2026\/02\/Mondi-2025.jpg 1200w\" sizes=\"(max-width: 300px) 100vw, 300px\" \/><\/div><\/a>\n\t\t\t\t<div class=\"elementor-post__text\">\n\t\t\t\t<h3 class=\"elementor-post__title\">\n\t\t\t<a href=\"https:\/\/packaging-journal.de\/en\/mondi-schliesst-werke-in-europa\/\">\n\t\t\t\tMondi closes plants in Europe\t\t\t<\/a>\n\t\t<\/h3>\n\t\t\t\t<div class=\"elementor-post__excerpt\">\n\t\t\tThe company is responding to the persistently weak market situation with site closures.\t\t<\/div>\n\t\t\n\t\t<a class=\"elementor-post__read-more\" href=\"https:\/\/packaging-journal.de\/en\/mondi-schliesst-werke-in-europa\/\" aria-label=\"Read more about Mondi closes plants in Europe\" tabindex=\"-1\">\n\t\t\tRead more \"\t\t<\/a>\n\n\t\t\t\t<\/div>\n\t\t\t\t\t<\/div>\n\t\t<\/article>\n\t\t\t\t<article class=\"elementor-post elementor-grid-item post-113134 post type-post status-publish format-standard has-post-thumbnail category-green-packaging tag-lebensmittel tag-mondi tag-packmittel-und-packstoffe tag-papier-pappe-karton cs-entry cs-video-wrap\" role=\"listitem\">\n\t\t\t<div class=\"elementor-post__card\">\n\t\t\t\t<a class=\"elementor-post__thumbnail__link\" href=\"https:\/\/packaging-journal.de\/en\/mondi-papierbasierte-gewuerzverpackung\/\" tabindex=\"-1\"><div class=\"elementor-post__thumbnail\"><img loading=\"lazy\" decoding=\"async\" width=\"300\" height=\"163\" src=\"https:\/\/packaging-journal.de\/wp-content\/uploads\/2026\/02\/mondi-gewuerze-300x163.jpg\" class=\"attachment-medium size-medium wp-image-113135\" alt=\"\" srcset=\"https:\/\/packaging-journal.de\/wp-content\/uploads\/2026\/02\/mondi-gewuerze-300x163.jpg 300w, https:\/\/packaging-journal.de\/wp-content\/uploads\/2026\/02\/mondi-gewuerze-1024x555.jpg 1024w, https:\/\/packaging-journal.de\/wp-content\/uploads\/2026\/02\/mondi-gewuerze-768x416.jpg 768w, https:\/\/packaging-journal.de\/wp-content\/uploads\/2026\/02\/mondi-gewuerze-18x10.jpg 18w, https:\/\/packaging-journal.de\/wp-content\/uploads\/2026\/02\/mondi-gewuerze-332x180.jpg 332w, https:\/\/packaging-journal.de\/wp-content\/uploads\/2026\/02\/mondi-gewuerze-664x360.jpg 664w, https:\/\/packaging-journal.de\/wp-content\/uploads\/2026\/02\/mondi-gewuerze-688x373.jpg 688w, https:\/\/packaging-journal.de\/wp-content\/uploads\/2026\/02\/mondi-gewuerze-1044x566.jpg 1044w, https:\/\/packaging-journal.de\/wp-content\/uploads\/2026\/02\/mondi-gewuerze.jpg 1200w\" sizes=\"(max-width: 300px) 100vw, 300px\" \/><\/div><\/a>\n\t\t\t\t<div class=\"elementor-post__text\">\n\t\t\t\t<h3 class=\"elementor-post__title\">\n\t\t\t<a href=\"https:\/\/packaging-journal.de\/en\/mondi-papierbasierte-gewuerzverpackung\/\">\n\t\t\t\tMondi develops paper-based spice packaging\t\t\t<\/a>\n\t\t<\/h3>\n\t\t\t\t<div class=\"elementor-post__excerpt\">\n\t\t\tMondi and Prymat have jointly developed a recyclable, paper-based spice packaging with high barrier performance and reduced CO\u2082 emissions.\t\t<\/div>\n\t\t\n\t\t<a class=\"elementor-post__read-more\" href=\"https:\/\/packaging-journal.de\/en\/mondi-papierbasierte-gewuerzverpackung\/\" aria-label=\"Read more about Mondi develops paper-based spice packaging\" tabindex=\"-1\">\n\t\t\tRead more \"\t\t<\/a>\n\n\t\t\t\t<\/div>\n\t\t\t\t\t<\/div>\n\t\t<\/article>\n\t\t\t\t<article class=\"elementor-post elementor-grid-item post-110649 post type-post status-publish format-standard has-post-thumbnail category-packmittel-und-packstoffe tag-e-commerce tag-mondi tag-packmittel-und-packstoffe tag-papier-pappe-karton tag-transportverpackung cs-entry cs-video-wrap\" role=\"listitem\">\n\t\t\t<div class=\"elementor-post__card\">\n\t\t\t\t<a class=\"elementor-post__thumbnail__link\" href=\"https:\/\/packaging-journal.de\/en\/mondi-entwickelt-recyclingfaehige-papierverpackung-fuer-fahrraeder\/\" tabindex=\"-1\"><div class=\"elementor-post__thumbnail\"><img loading=\"lazy\" decoding=\"async\" width=\"300\" height=\"163\" src=\"https:\/\/packaging-journal.de\/wp-content\/uploads\/2026\/01\/Polana-Bikes-300x163.jpg\" class=\"attachment-medium size-medium wp-image-110651\" alt=\"\" srcset=\"https:\/\/packaging-journal.de\/wp-content\/uploads\/2026\/01\/Polana-Bikes-300x163.jpg 300w, https:\/\/packaging-journal.de\/wp-content\/uploads\/2026\/01\/Polana-Bikes-1024x555.jpg 1024w, https:\/\/packaging-journal.de\/wp-content\/uploads\/2026\/01\/Polana-Bikes-768x416.jpg 768w, https:\/\/packaging-journal.de\/wp-content\/uploads\/2026\/01\/Polana-Bikes-18x10.jpg 18w, https:\/\/packaging-journal.de\/wp-content\/uploads\/2026\/01\/Polana-Bikes.jpg 1200w\" sizes=\"(max-width: 300px) 100vw, 300px\" \/><\/div><\/a>\n\t\t\t\t<div class=\"elementor-post__text\">\n\t\t\t\t<h3 class=\"elementor-post__title\">\n\t\t\t<a href=\"https:\/\/packaging-journal.de\/en\/mondi-entwickelt-recyclingfaehige-papierverpackung-fuer-fahrraeder\/\">\n\t\t\t\tMondi develops recyclable paper packaging for bicycles\t\t\t<\/a>\n\t\t<\/h3>\n\t\t\t\t<div class=\"elementor-post__excerpt\">\n\t\t\tMondi has developed a new paper-based packaging solution together with bicycle manufacturer Polana Bikes.\t\t<\/div>\n\t\t\n\t\t<a class=\"elementor-post__read-more\" href=\"https:\/\/packaging-journal.de\/en\/mondi-entwickelt-recyclingfaehige-papierverpackung-fuer-fahrraeder\/\" aria-label=\"Read more about Mondi develops recyclable paper packaging for bicycles\" tabindex=\"-1\">\n\t\t\tRead more \"\t\t<\/a>\n\n\t\t\t\t<\/div>\n\t\t\t\t\t<\/div>\n\t\t<\/article>\n\t\t\t\t<article class=\"elementor-post elementor-grid-item post-110049 post type-post status-publish format-standard has-post-thumbnail category-packmittel-und-packstoffe category-stars-der-verpackung tag-delkeskamp tag-design-for-human-nature tag-deutscher-verpackungspreis tag-dvi tag-floeter tag-illig tag-kallfass tag-kao tag-kloeckner-pentaplast tag-kolb tag-mondi tag-papacks tag-preisverleihung tag-smurfit-westrock tag-sti-group tag-werner-und-mertz tag-wipf cs-entry cs-video-wrap\" role=\"listitem\">\n\t\t\t<div class=\"elementor-post__card\">\n\t\t\t\t<a class=\"elementor-post__thumbnail__link\" href=\"https:\/\/packaging-journal.de\/en\/top-ten-2025-deutscher-verpackungspreis-2025-das-sind-die-gewinner\/\" tabindex=\"-1\"><div class=\"elementor-post__thumbnail\"><img loading=\"lazy\" decoding=\"async\" width=\"300\" height=\"163\" src=\"https:\/\/packaging-journal.de\/wp-content\/uploads\/2025\/12\/pj-top-ten-2025-6-300x163.jpg\" class=\"attachment-medium size-medium wp-image-110051\" alt=\"\" srcset=\"https:\/\/packaging-journal.de\/wp-content\/uploads\/2025\/12\/pj-top-ten-2025-6-300x163.jpg 300w, https:\/\/packaging-journal.de\/wp-content\/uploads\/2025\/12\/pj-top-ten-2025-6-1024x555.jpg 1024w, https:\/\/packaging-journal.de\/wp-content\/uploads\/2025\/12\/pj-top-ten-2025-6-768x416.jpg 768w, https:\/\/packaging-journal.de\/wp-content\/uploads\/2025\/12\/pj-top-ten-2025-6-18x10.jpg 18w, https:\/\/packaging-journal.de\/wp-content\/uploads\/2025\/12\/pj-top-ten-2025-6.jpg 1200w\" sizes=\"(max-width: 300px) 100vw, 300px\" \/><\/div><\/a>\n\t\t\t\t<div class=\"elementor-post__text\">\n\t\t\t\t<h3 class=\"elementor-post__title\">\n\t\t\t<a href=\"https:\/\/packaging-journal.de\/en\/top-ten-2025-deutscher-verpackungspreis-2025-das-sind-die-gewinner\/\">\n\t\t\t\tTop Ten 2025: German Packaging Award 2025 - These are the winners\t\t\t<\/a>\n\t\t<\/h3>\n\t\t\t\t<div class=\"elementor-post__excerpt\">\n\t\t\tAs 2025 draws to a close, we take a look back at the topics that have particularly moved the packaging industry. From innovative packaging solutions to trends in sustainability, we take a look at the top ten contributions from 2025 - today with number 6.\t\t<\/div>\n\t\t\n\t\t<a class=\"elementor-post__read-more\" href=\"https:\/\/packaging-journal.de\/en\/top-ten-2025-deutscher-verpackungspreis-2025-das-sind-die-gewinner\/\" aria-label=\"Read more about Top Ten 2025: German Packaging Award 2025 - These are the winners\" tabindex=\"-1\">\n\t\t\tRead more \"\t\t<\/a>\n\n\t\t\t\t<\/div>\n\t\t\t\t\t<\/div>\n\t\t<\/article>\n\t\t\t\t<article class=\"elementor-post elementor-grid-item post-109580 post type-post status-publish format-standard has-post-thumbnail category-aus-den-unternehmen-news tag-aus-den-unternehmen tag-e-commerce tag-mondi tag-packmittel-und-packstoffe tag-papier-pappe-karton cs-entry cs-video-wrap\" role=\"listitem\">\n\t\t\t<div class=\"elementor-post__card\">\n\t\t\t\t<a class=\"elementor-post__thumbnail__link\" href=\"https:\/\/packaging-journal.de\/en\/mondi-weiht-neue-papiermaschine-im-werk-steti-offiziell-ein\/\" tabindex=\"-1\"><div class=\"elementor-post__thumbnail\"><img loading=\"lazy\" decoding=\"async\" width=\"300\" height=\"163\" src=\"https:\/\/packaging-journal.de\/wp-content\/uploads\/2025\/12\/Mondi-Einweihung-300x163.jpg\" class=\"attachment-medium size-medium wp-image-109584\" alt=\"\" srcset=\"https:\/\/packaging-journal.de\/wp-content\/uploads\/2025\/12\/Mondi-Einweihung-300x163.jpg 300w, https:\/\/packaging-journal.de\/wp-content\/uploads\/2025\/12\/Mondi-Einweihung-1024x555.jpg 1024w, https:\/\/packaging-journal.de\/wp-content\/uploads\/2025\/12\/Mondi-Einweihung-768x416.jpg 768w, https:\/\/packaging-journal.de\/wp-content\/uploads\/2025\/12\/Mondi-Einweihung-18x10.jpg 18w, https:\/\/packaging-journal.de\/wp-content\/uploads\/2025\/12\/Mondi-Einweihung.jpg 1200w\" sizes=\"(max-width: 300px) 100vw, 300px\" \/><\/div><\/a>\n\t\t\t\t<div class=\"elementor-post__text\">\n\t\t\t\t<h3 class=\"elementor-post__title\">\n\t\t\t<a href=\"https:\/\/packaging-journal.de\/en\/mondi-weiht-neue-papiermaschine-im-werk-steti-offiziell-ein\/\">\n\t\t\t\tMondi officially inaugurates new paper machine at \u0160t\u011bt\u00ed mill\t\t\t<\/a>\n\t\t<\/h3>\n\t\t\t\t<div class=\"elementor-post__excerpt\">\n\t\t\tAccording to the company, the machine produces around 210,000 tonnes of kraft paper in various grammages every year.\t\t<\/div>\n\t\t\n\t\t<a class=\"elementor-post__read-more\" href=\"https:\/\/packaging-journal.de\/en\/mondi-weiht-neue-papiermaschine-im-werk-steti-offiziell-ein\/\" aria-label=\"Read more about Mondi officially inaugurates new paper machine at \u0160t\u011bt\u00ed mill\" tabindex=\"-1\">\n\t\t\tRead more \"\t\t<\/a>\n\n\t\t\t\t<\/div>\n\t\t\t\t\t<\/div>\n\t\t<\/article>\n\t\t\t\t<\/div>\n\t\t\n\t\t\t\t\t\t<\/div>\n\t\t\t\t<\/div>\n\t\t\t\t\t<\/div>\n\t\t<\/div>\n\t\t\t\t\t<\/div>\n\t\t<\/section>\n\t\t\t\t<\/div>","protected":false},"excerpt":{"rendered":"The world's first tequila in a paper bottle is launched on the market in Sweden. The bottle is made from 94 per cent recycled material.","protected":false},"author":1,"featured_media":62709,"comment_status":"closed","ping_status":"closed","sticky":false,"template":"","format":"standard","meta":{"_acf_changed":false,"__cvm_playback_settings":[],"__cvm_video_id":"","rank_math_description":"In Schweden kommt der weltweit erste Tequila in einer Papierflasche auf den Markt. Die Flasche besteht zu 94 Prozent aus recyceltem Material.","rank_math_focus_keyword":"Tequila in Papierflasche,Buen Vato","rank_math_title":"","csco_display_header_overlay":false,"csco_singular_sidebar":"","csco_page_header_type":"","csco_page_load_nextpost":"","csco_post_video_location":[],"csco_post_video_location_hash":"","csco_post_video_url":"","csco_post_video_bg_start_time":0,"csco_post_video_bg_end_time":0,"footnotes":"","_links_to":"","_links_to_target":""},"categories":[22],"tags":[65,59690,48,38,31,1487],"class_list":{"0":"post-62708","1":"post","2":"type-post","3":"status-publish","4":"format-standard","5":"has-post-thumbnail","7":"category-packmittel-und-packstoffe","8":"tag-abfalltechnik-und-recycling","9":"tag-buen-vato","10":"tag-getraenke","11":"tag-lebensmittel","12":"tag-nachhaltigkeit-und-green-packaging","13":"tag-papier-pappe-karton","14":"cs-entry","15":"cs-video-wrap"},"acf":[],"vimeo_video":null,"_links":{"self":[{"href":"https:\/\/packaging-journal.de\/en\/wp-json\/wp\/v2\/posts\/62708","targetHints":{"allow":["GET"]}}],"collection":[{"href":"https:\/\/packaging-journal.de\/en\/wp-json\/wp\/v2\/posts"}],"about":[{"href":"https:\/\/packaging-journal.de\/en\/wp-json\/wp\/v2\/types\/post"}],"author":[{"embeddable":true,"href":"https:\/\/packaging-journal.de\/en\/wp-json\/wp\/v2\/users\/1"}],"replies":[{"embeddable":true,"href":"https:\/\/packaging-journal.de\/en\/wp-json\/wp\/v2\/comments?post=62708"}],"version-history":[{"count":0,"href":"https:\/\/packaging-journal.de\/en\/wp-json\/wp\/v2\/posts\/62708\/revisions"}],"wp:featuredmedia":[{"embeddable":true,"href":"https:\/\/packaging-journal.de\/en\/wp-json\/wp\/v2\/media\/62709"}],"wp:attachment":[{"href":"https:\/\/packaging-journal.de\/en\/wp-json\/wp\/v2\/media?parent=62708"}],"wp:term":[{"taxonomy":"category","embeddable":true,"href":"https:\/\/packaging-journal.de\/en\/wp-json\/wp\/v2\/categories?post=62708"},{"taxonomy":"post_tag","embeddable":true,"href":"https:\/\/packaging-journal.de\/en\/wp-json\/wp\/v2\/tags?post=62708"}],"curies":[{"name":"wp","href":"https:\/\/api.w.org\/{rel}","templated":true}]}}