{"id":63001,"date":"2022-06-03T09:48:19","date_gmt":"2022-06-03T07:48:19","guid":{"rendered":"https:\/\/packaging-journal.de\/?p=63001"},"modified":"2022-05-30T15:50:11","modified_gmt":"2022-05-30T13:50:11","slug":"sustainability-packaging-silence","status":"publish","type":"post","link":"https:\/\/packaging-journal.de\/en\/nachhaltigkeit-verpackung-schweig\/","title":{"rendered":"How can real sustainability be achieved in packaging?"},"content":{"rendered":"\t\t<div data-elementor-type=\"wp-post\" data-elementor-id=\"63001\" class=\"elementor elementor-63001\" data-elementor-post-type=\"post\">\n\t\t\t\t\t\t<section data-exad-particle-enable=\"false\" class=\"elementor-section elementor-top-section elementor-element elementor-element-52a2253 elementor-section-boxed elementor-section-height-default elementor-section-height-default exad-parallax-effect-no exad-background-color-change-no exad-glass-effect-no exad-sticky-section-no\" data-id=\"52a2253\" data-element_type=\"section\" data-e-type=\"section\">\n\t\t\t\t\t\t<div class=\"elementor-container elementor-column-gap-default\">\n\t\t\t\t\t<div class=\"elementor-column elementor-col-100 elementor-top-column elementor-element elementor-element-a8f20e3 exad-glass-effect-no exad-sticky-section-no\" data-id=\"a8f20e3\" data-element_type=\"column\" data-e-type=\"column\">\n\t\t\t<div class=\"elementor-widget-wrap elementor-element-populated\">\n\t\t\t\t\t\t<div class=\"elementor-element elementor-element-1872328 exad-sticky-section-no exad-glass-effect-no elementor-widget elementor-widget-text-editor\" data-id=\"1872328\" data-element_type=\"widget\" data-e-type=\"widget\" data-widget_type=\"text-editor.default\">\n\t\t\t\t<div class=\"elementor-widget-container\">\n\t\t\t\t\t\t\t\t\t<p><strong>Am Thema Nachhaltigkeit kommt man nicht mehr vorbei, ob als Verbraucher oder als Produzent. Auch in der Verpackungsbranche macht man sich Gedanken um den sinnvollen Einsatz von Rohstoffen. Doch wo f\u00e4ngt man da an? Das wei\u00df die Diplom-Ingenieurin und Verpackungsberaterin Carolina E. Schweig. F\u00fcr unseren Schwerpunkt hat sie sich mit den Themen Nachhaltigkeit und Green Packaging auseinandergesetzt.<\/strong><\/p><p>Durchforstet man das Internet mit dem Keyword &#8222;Green Packaging&#8220;, bieten sich listenweise Ergebnisse an. Beim Gro\u00dfteil der Erw\u00e4hnungen entpuppt sich nach genauerer Sichtung deren \u00f6kologischer Vorteil als zweifelhaft. Mit Begriffen wie &#8222;kompostierbar&#8220; oder &#8222;plastikfrei&#8220; wollen Unternehmen und Marken den Eindruck vermitteln, dass sie sich aktiv mit den Umweltauswirkungen ihrer Verpackung auseinandersetzen. Ungeachtet der Frage, ob die Produkte tats\u00e4chlich &#8222;plastikfrei&#8220; oder kompostierbar sind und ob diese Aussagen in irgendeiner Weise zielf\u00fchrend sind. <strong>Diese Herangehensweise entspringt einem tiefen Unverst\u00e4ndnis von Nachhaltigkeit, n\u00e4mlich dem eines nach au\u00dfen getragenen &#8222;gr\u00fcnen Anstrichs&#8220;.<\/strong> Nachhaltigkeit bietet jedoch, wenn sie in ihrem urspr\u00fcnglichen Sinn verstanden wird, Zukunftsf\u00e4higkeit durch Wirtschaftlichkeit!<\/p><p>Angesichts der aktuell sp\u00fcrbaren Anspannung auf den Rohstoff- und Energiem\u00e4rkten sowie den damit verbundenen Engp\u00e4ssen und Teuerungen ist es Zeit, <strong>Nachhaltigkeit in ihrer eigentlichen Form zu entdecken und f\u00fcr das eigene Unternehmen anzuwenden<\/strong>.<\/p><div class=\"packa-in-post-alle\" style=\"text-align: center;\" id=\"packa-3978508097\"><div id=\"packa-74250418\"><a data-no-instant=\"1\" href=\"https:\/\/packaging-journal.de\/en\/newsletter\/\" rel=\"noopener\" class=\"a2t-link\" target=\"_blank\" aria-label=\"PJ Eigenwerbung English 03\"><!--noptimize--><img src=\"https:\/\/packaging-journal.de\/wp-content\/uploads\/2026\/01\/PJ-Eigenwerbung-English-03.png\" alt=\"\"  srcset=\"https:\/\/packaging-journal.de\/wp-content\/uploads\/2026\/01\/PJ-Eigenwerbung-English-03.png 840w, https:\/\/packaging-journal.de\/wp-content\/uploads\/2026\/01\/PJ-Eigenwerbung-English-03-300x75.png 300w, https:\/\/packaging-journal.de\/wp-content\/uploads\/2026\/01\/PJ-Eigenwerbung-English-03-768x192.png 768w, https:\/\/packaging-journal.de\/wp-content\/uploads\/2026\/01\/PJ-Eigenwerbung-English-03-18x5.png 18w, https:\/\/packaging-journal.de\/wp-content\/uploads\/2026\/01\/PJ-Eigenwerbung-English-03-332x83.png 332w, https:\/\/packaging-journal.de\/wp-content\/uploads\/2026\/01\/PJ-Eigenwerbung-English-03-664x166.png 664w, https:\/\/packaging-journal.de\/wp-content\/uploads\/2026\/01\/PJ-Eigenwerbung-English-03-688x172.png 688w\" sizes=\"(max-width: 840px) 100vw, 840px\" width=\"840\" height=\"210\"  style=\" max-width: 100%; height: auto;\" \/><!--\/noptimize--><\/a><\/div><\/div>\t\t\t\t\t\t\t\t<\/div>\n\t\t\t\t<\/div>\n\t\t\t\t<div class=\"elementor-element elementor-element-118f054 exad-sticky-section-no exad-glass-effect-no elementor-widget elementor-widget-image\" data-id=\"118f054\" data-element_type=\"widget\" data-e-type=\"widget\" data-widget_type=\"image.default\">\n\t\t\t\t<div class=\"elementor-widget-container\">\n\t\t\t\t\t\t\t\t\t\t\t\t<figure class=\"wp-caption\">\n\t\t\t\t\t\t\t\t\t\t<img fetchpriority=\"high\" decoding=\"async\" width=\"1024\" height=\"555\" src=\"https:\/\/packaging-journal.de\/wp-content\/uploads\/2022\/05\/nachhaltigkeit_shutterstock_2-1024x555.jpg\" class=\"attachment-large size-large wp-image-63004\" alt=\"\" srcset=\"https:\/\/packaging-journal.de\/wp-content\/uploads\/2022\/05\/nachhaltigkeit_shutterstock_2-1024x555.jpg 1024w, https:\/\/packaging-journal.de\/wp-content\/uploads\/2022\/05\/nachhaltigkeit_shutterstock_2-300x163.jpg 300w, https:\/\/packaging-journal.de\/wp-content\/uploads\/2022\/05\/nachhaltigkeit_shutterstock_2-768x416.jpg 768w, https:\/\/packaging-journal.de\/wp-content\/uploads\/2022\/05\/nachhaltigkeit_shutterstock_2.jpg 1200w\" sizes=\"(max-width: 1024px) 100vw, 1024px\" \/>\t\t\t\t\t\t\t\t\t\t\t<figcaption class=\"widget-image-caption wp-caption-text\">Der Begriff \"Nachhaltigkeit\" stammt urspr\u00fcnglich aus der Forstwirtschaft. (Bild: adamikarl\/shutterstock)<\/figcaption>\n\t\t\t\t\t\t\t\t\t\t<\/figure>\n\t\t\t\t\t\t\t\t\t<\/div>\n\t\t\t\t<\/div>\n\t\t\t\t<div class=\"elementor-element elementor-element-7c42fd8 exad-sticky-section-no exad-glass-effect-no elementor-widget elementor-widget-text-editor\" data-id=\"7c42fd8\" data-element_type=\"widget\" data-e-type=\"widget\" data-widget_type=\"text-editor.default\">\n\t\t\t\t<div class=\"elementor-widget-container\">\n\t\t\t\t\t\t\t\t\t<p>Nachhaltigkeit ist der Ansatz, unsere Rohstoff- und Energieversorgung in den n\u00e4chsten Jahren noch aufrechtzuerhalten. Erinnern wir uns kurz: <strong>Der aus der Forstwirtschaft stammende Begriff der Nachhaltigkeit zielte darauf ab, nur so viele B\u00e4ume zu verwerten, dass der Forst an sich nicht in seiner Funktion und in seiner Existenz gef\u00e4hrdet wird.<\/strong> \u00dcbertragen auf unsere heutige Zeit geht es also um den verantwortungsbewussten Umgang mit Rohstoffen und somit auch Packmitteln sowie deren Mehrfachverwendung. Das beinhaltet eine Sortier- und Aufbereitungstechnologie, die auf den hochwertigen Wiedereinsatz der gewonnenen Rohstoffe ausgerichtet ist. <strong>Dazu geh\u00f6rt jedoch auch der Blick auf die Rohstoffgewinnung und die Ausbeute bzw. den Verlust an Rohstoff und Energie \u00fcber die gesamte Wertsch\u00f6pfungskette hinweg.<\/strong><\/p><p>Ja, der Begriff &#8222;Nachhaltigkeit&#8220; ist in der Gesellschaftsmitte angekommen. &#8222;Der Konsument&#8220; erwartet ganz generell von Produkten und Unternehmen eine gewisse &#8222;Nachhaltigkeit&#8220;: Laut aktuellen Zahlen der GfK (<a href=\"https:\/\/www.gfk.com\/de\/home\" target=\"_blank\" rel=\"noopener\">Growth from Knowledge<\/a>) fordern \u00fcber zwei Drittel (68 Prozent) der Deutschen von Unternehmen, sich m\u00f6glichst umweltbewusst zu verhalten, zum Beispiel durch den Einsatz umweltfreundlicher Materialien. <strong>H\u00e4ufig wird diesem vermeintlich klaren Marktdruck unreflektiert und ohne grundlegende Strategie nachgekommen<\/strong>: Gut recycelbare Kunststoffverpackungen werden durch frischfaserbasierte &#8222;Papier&#8220;-Verpackungen ersetzt oder Werbeaussagen der Marktbegleiter von &#8222;100 % Rezyklat&#8220; oder zu &#8222;100 % recycelbar&#8220; kopiert. Aber:<\/p><div id=\"packa-2031652196\" class=\"packa-inhalt\"><!--noptimize--><script async src=\"https:\/\/pagead2.googlesyndication.com\/pagead\/js\/adsbygoogle.js?client=ca-pub-2686439340972671\" crossorigin=\"anonymous\"><\/script>\r\n<ins class=\"adsbygoogle\" style=\"display:block;text-align:center\" data-ad-layout=\"in-article\" data-ad-format=\"fluid\" data-ad-client=\"ca-pub-2686439340972671\" data-ad-slot=\"6171251825\"><\/ins>\r\n<script>\r\n     (adsbygoogle = window.adsbygoogle || []).push({});\r\n<\/script><!--\/noptimize--><\/div>\t\t\t\t\t\t\t\t<\/div>\n\t\t\t\t<\/div>\n\t\t\t\t<div class=\"elementor-element elementor-element-c589275 exad-sticky-section-no exad-glass-effect-no elementor-widget elementor-widget-heading\" data-id=\"c589275\" data-element_type=\"widget\" data-e-type=\"widget\" data-widget_type=\"heading.default\">\n\t\t\t\t<div class=\"elementor-widget-container\">\n\t\t\t\t\t<h2 class=\"elementor-heading-title elementor-size-default\">Wirtschaftliche Nachhaltigkeit funktioniert anders<\/h2>\t\t\t\t<\/div>\n\t\t\t\t<\/div>\n\t\t\t\t<div class=\"elementor-element elementor-element-790f128 exad-sticky-section-no exad-glass-effect-no elementor-widget elementor-widget-text-editor\" data-id=\"790f128\" data-element_type=\"widget\" data-e-type=\"widget\" data-widget_type=\"text-editor.default\">\n\t\t\t\t<div class=\"elementor-widget-container\">\n\t\t\t\t\t\t\t\t\t<p>Die Basis ist eine individuelle Nachhaltigkeitsstrategie, die sich an der eigenen Marke, den Erwartungen der eigenen Kunden bzw. der eigenen Zielgruppe, den Stakeholdern orientiert. <strong>Mit isolierten, vermeintlichen Nachhaltigkeitsaktionen haben sich auch schon gro\u00dfe internationale Unternehmen einen Shitstorm eingehandelt, obwohl sie daf\u00fcr viel Geld und Enthusiasmus investiert hatten.<\/strong> Erst kommt die Strategie, aus dieser leiten sich am Ende auch Aktionen und Packmittel und Packstoffe ab.<\/p>\t\t\t\t\t\t\t\t<\/div>\n\t\t\t\t<\/div>\n\t\t\t\t<div class=\"elementor-element elementor-element-438dd93 exad-sticky-section-no exad-glass-effect-no elementor-widget elementor-widget-testimonial\" data-id=\"438dd93\" data-element_type=\"widget\" data-e-type=\"widget\" data-widget_type=\"testimonial.default\">\n\t\t\t\t<div class=\"elementor-widget-container\">\n\t\t\t\t\t\t\t<div class=\"elementor-testimonial-wrapper\">\n\t\t\t\t\t\t\t<div class=\"elementor-testimonial-content\">\"Unternehmen, die bisher durch ihre Produkte als eher \u201eproblematisch\u201c wahrgenommen werden, sollten tunlichst vermeiden, als Weltretter aufzutreten.\"<\/div>\n\t\t\t\n\t\t\t\t\t\t<div class=\"elementor-testimonial-meta elementor-has-image elementor-testimonial-image-position-top\">\n\t\t\t\t<div class=\"elementor-testimonial-meta-inner\">\n\t\t\t\t\t\t\t\t\t\t\t<div class=\"elementor-testimonial-image\">\n\t\t\t\t\t\t\t<img decoding=\"async\" width=\"1024\" height=\"683\" src=\"https:\/\/packaging-journal.de\/wp-content\/uploads\/2020\/07\/Carolina-Schweig-1024x683.jpg\" class=\"attachment-large size-large wp-image-35843\" alt=\"\" srcset=\"https:\/\/packaging-journal.de\/wp-content\/uploads\/2020\/07\/Carolina-Schweig-1024x683.jpg 1024w, https:\/\/packaging-journal.de\/wp-content\/uploads\/2020\/07\/Carolina-Schweig-600x400.jpg 600w, https:\/\/packaging-journal.de\/wp-content\/uploads\/2020\/07\/Carolina-Schweig-300x200.jpg 300w, https:\/\/packaging-journal.de\/wp-content\/uploads\/2020\/07\/Carolina-Schweig-768x512.jpg 768w, https:\/\/packaging-journal.de\/wp-content\/uploads\/2020\/07\/Carolina-Schweig-1536x1024.jpg 1536w, https:\/\/packaging-journal.de\/wp-content\/uploads\/2020\/07\/Carolina-Schweig-2048x1365.jpg 2048w, https:\/\/packaging-journal.de\/wp-content\/uploads\/2020\/07\/Carolina-Schweig-1320x880.jpg 1320w, https:\/\/packaging-journal.de\/wp-content\/uploads\/2020\/07\/Carolina-Schweig.jpg 2126w\" sizes=\"(max-width: 1024px) 100vw, 1024px\" \/>\t\t\t\t\t\t<\/div>\n\t\t\t\t\t\n\t\t\t\t\t\t\t\t\t\t<div class=\"elementor-testimonial-details\">\n\t\t\t\t\t\t\t\t\t\t\t\t\t\t<div class=\"elementor-testimonial-name\">Carolina E. Schweig<\/div>\n\t\t\t\t\t\t\t\t\t\t\t\t\t\t\t\t\t\t\t\t\t\t<div class=\"elementor-testimonial-job\">Diplom-Ingenieurin und Verpackungsberaterin<\/div>\n\t\t\t\t\t\t\t\t\t\t\t\t\t<\/div>\n\t\t\t\t\t\t\t\t\t<\/div>\n\t\t\t<\/div>\n\t\t\t\t\t<\/div>\n\t\t\t\t\t\t<\/div>\n\t\t\t\t<\/div>\n\t\t\t\t<div class=\"elementor-element elementor-element-2d7c3f3 exad-sticky-section-no exad-glass-effect-no elementor-widget elementor-widget-text-editor\" data-id=\"2d7c3f3\" data-element_type=\"widget\" data-e-type=\"widget\" data-widget_type=\"text-editor.default\">\n\t\t\t\t<div class=\"elementor-widget-container\">\n\t\t\t\t\t\t\t\t\t<p>Die Arbeit an der Strategie beginnt mit der sogenannten Wesentlichkeitsmatrix. Hier steht zum einen die spezielle Unternehmenssituation (lokal, bundesweit, Arbeitssicherheit, Gender-Themen\u2026) im Zentrum, zum anderen die Erwartung der Stakeholder hinsichtlich Nachhaltigkeit. Bitte keine Allgemeinpl\u00e4tze! <strong>Gut gemeinte, jedoch vollkommen \u00fcberzogene Nachhaltigkeitsvorstellungen sch\u00fcren Misstrauen, eine schlechte W\u00e4hrung im Bereich Nachhaltigkeit.<\/strong> Unternehmen, die bisher durch ihre Produkte als eher &#8222;problematisch&#8220; wahrgenommen werden, sollten tunlichst vermeiden, als Weltretter aufzutreten. Das ist wenig glaubhaft f\u00fcr Kunden, Marktbegleiter und NGOs und f\u00fchrt eher zu Ablehnung.<\/p>\t\t\t\t\t\t\t\t<\/div>\n\t\t\t\t<\/div>\n\t\t\t\t<div class=\"elementor-element elementor-element-457c692 exad-sticky-section-no exad-glass-effect-no elementor-widget elementor-widget-heading\" data-id=\"457c692\" data-element_type=\"widget\" data-e-type=\"widget\" data-widget_type=\"heading.default\">\n\t\t\t\t<div class=\"elementor-widget-container\">\n\t\t\t\t\t<h2 class=\"elementor-heading-title elementor-size-default\">Wirtschaftliche Nachhaltigkeit basiert auf mess- und bewertbaren Daten<\/h2>\t\t\t\t<\/div>\n\t\t\t\t<\/div>\n\t\t\t\t<div class=\"elementor-element elementor-element-4c5c2b5 exad-sticky-section-no exad-glass-effect-no elementor-widget elementor-widget-text-editor\" data-id=\"4c5c2b5\" data-element_type=\"widget\" data-e-type=\"widget\" data-widget_type=\"text-editor.default\">\n\t\t\t\t<div class=\"elementor-widget-container\">\n\t\t\t\t\t\t\t\t\t<p>Aus der Wesentlichkeitsmatrix werden die Nachhaltigkeitsziele f\u00fcr Unternehmen heruntergebrochen dann f\u00fcr die Marken festgelegt. Bei unterschiedlichen Marken, Vertriebsstrukturen und Zielgruppen k\u00f6nnen dabei bestimmte Ziele unterschiedlich gewichtet sein.<\/p><p><strong>Ziele, das kennen wir alle aus den pers\u00f6nlichen Jahresgespr\u00e4chen, m\u00fcssen in einem definierten Zeitraum erreichbar und messbar sein.<\/strong> Das gilt bei Nachhaltigkeitszielen auch. Um die gesetzten Ziele zu erreichen, definiert man &#8222;Ma\u00dfnahmen&#8220;, teils als Kriterien oder auch als Nachhaltigkeits-KPIs bezeichnet. Um diese messbar zu machen, brauchen sie eine Einheit. Klimaziele kann man mit den eingesparten CO<sub>2<\/sub>-\u00c4quivalenzen z.\u00a0B. in der Einheit [g CO<sub>2<\/sub>\/Unit] messen. Ressourceneinsatz oder Einsparung wird gerne in [g\/Unit] oder \u00fcber ein Jahr in [Tonnen] gemessen. Ideen zu passenden Messungen und Einheiten geben GRI (<a href=\"https:\/\/www.globalreporting.org\/\" target=\"_blank\" rel=\"noopener\">Global Reporting Initiative<\/a>) oder die SDGs (<a href=\"https:\/\/www.bundesregierung.de\/breg-de\/themen\/nachhaltigkeitspolitik\/nachhaltigkeitsziele-verstaendlich-erklaert-232174\" target=\"_blank\" rel=\"noopener\">Sustainable Development Goals<\/a>). <strong>Da jedoch schon allein die \u00f6kologischen Kriterien sehr gegenl\u00e4ufig sind<\/strong> \u2013 Papier bedingt einen hohen Wassereinsatz, punktet aber mit geringeren Klimagasen, w\u00e4hrend Kunststoffe genau andersherum zu Buche schlagen \u2013 <strong>m\u00fcssen Gewichtungen festgelegt werden.<\/strong><\/p><p><strong>Wichtig bei der Umsetzung der definierten Nachhaltigkeitsziele in konkrete Bewertungsmatrices ist die Koh\u00e4renz.<\/strong> Es gibt immer eine Vorstufe, die mitber\u00fccksichtigt werden muss. Woher kommt ein Rohstoff, wie hoch ist beispielsweise das Risiko, dass der eingesetzte Zellstoff mit Kinderarbeit oder durch &#8222;Schwarzrodung&#8220; produziert wurde?<\/p>\t\t\t\t\t\t\t\t<\/div>\n\t\t\t\t<\/div>\n\t\t\t\t<div class=\"elementor-element elementor-element-764516b exad-sticky-section-no exad-glass-effect-no elementor-widget elementor-widget-heading\" data-id=\"764516b\" data-element_type=\"widget\" data-e-type=\"widget\" data-widget_type=\"heading.default\">\n\t\t\t\t<div class=\"elementor-widget-container\">\n\t\t\t\t\t<h2 class=\"elementor-heading-title elementor-size-default\">Wirtschaftliche Nachhaltigkeit \u00fcberpr\u00fcft regelm\u00e4\u00dfig die Kompatibilit\u00e4t zu den definierten Zielen<\/h2>\t\t\t\t<\/div>\n\t\t\t\t<\/div>\n\t\t\t\t<div class=\"elementor-element elementor-element-087411f exad-sticky-section-no exad-glass-effect-no elementor-widget elementor-widget-text-editor\" data-id=\"087411f\" data-element_type=\"widget\" data-e-type=\"widget\" data-widget_type=\"text-editor.default\">\n\t\t\t\t<div class=\"elementor-widget-container\">\n\t\t\t\t\t\t\t\t\t<p>Bei etlichen Unternehmen werden die Nachhaltigkeitskriterien in den Gates bei den IT-gest\u00fctzten Ideations-Innovations-Funnels abgefragt und damit in die systematisierte Bewertung einbezogen. Denn auch hier gilt wie bei anderen Produktattributen: <strong>Entspricht die gebotene Nachhaltigkeit nicht den vorgegebenen Anforderungen und zahlen sie daher nicht auf die Nachhaltigkeitsstrategie ein, muss dies m\u00f6glichst fr\u00fch erkannt werden, um nachzusteuern.<\/strong> Oder der Ansatz muss verworfen werden. \u00dcbrigens gilt die \u00dcberpr\u00fcfung der Nachhaltigkeitskriterien auch hinsichtlich der Zielerreichung. Soll beispielsweise die Kunststoffverm\u00fcllung von Meeren und Fl\u00e4chen verhindert werden, so muss gepr\u00fcft werden, ob der vorgesehene &#8222;Bio-Kunststoff&#8220; diese Ziele tats\u00e4chlich erf\u00fcllt und nicht ggf. das Problem verst\u00e4rkt.<\/p><p><strong>Wichtig ist dabei, sich realistisch mit den entsprechenden Zertifikaten, Normen und Realit\u00e4ten zu besch\u00e4ftigen.<\/strong> So f\u00fchrt z. B. der wohlgemeinte Einsatz von rPET bei Tiefziehtrays und Schalen zu einer \u00dcberf\u00fchrung eines Rohstoffs von einem geschlossenen (Einweg-PET-Flaschen) in einen &#8222;offenen&#8220; Stoffstrom (Obst-, Gem\u00fcse-, Fleischtrays aus PET\/ rPET).<\/p>\t\t\t\t\t\t\t\t<\/div>\n\t\t\t\t<\/div>\n\t\t\t\t<div class=\"elementor-element elementor-element-f955b7b exad-sticky-section-no exad-glass-effect-no elementor-widget elementor-widget-image\" data-id=\"f955b7b\" data-element_type=\"widget\" data-e-type=\"widget\" data-widget_type=\"image.default\">\n\t\t\t\t<div class=\"elementor-widget-container\">\n\t\t\t\t\t\t\t\t\t\t\t\t<figure class=\"wp-caption\">\n\t\t\t\t\t\t\t\t\t\t<img decoding=\"async\" width=\"683\" height=\"1024\" src=\"https:\/\/packaging-journal.de\/wp-content\/uploads\/2022\/05\/shutterstock_2021216927_2-683x1024.jpg\" class=\"attachment-large size-large wp-image-63005\" alt=\"\" srcset=\"https:\/\/packaging-journal.de\/wp-content\/uploads\/2022\/05\/shutterstock_2021216927_2-683x1024.jpg 683w, https:\/\/packaging-journal.de\/wp-content\/uploads\/2022\/05\/shutterstock_2021216927_2-200x300.jpg 200w, https:\/\/packaging-journal.de\/wp-content\/uploads\/2022\/05\/shutterstock_2021216927_2-768x1152.jpg 768w, https:\/\/packaging-journal.de\/wp-content\/uploads\/2022\/05\/shutterstock_2021216927_2.jpg 1000w\" sizes=\"(max-width: 683px) 100vw, 683px\" \/>\t\t\t\t\t\t\t\t\t\t\t<figcaption class=\"widget-image-caption wp-caption-text\">Gut gemeinte Ma\u00dfnahmen k\u00f6nnen nach au\u00dfen schnell als Greenwashing erscheinen. (Bild: Katya Rekina\/shutterstock)<\/figcaption>\n\t\t\t\t\t\t\t\t\t\t<\/figure>\n\t\t\t\t\t\t\t\t\t<\/div>\n\t\t\t\t<\/div>\n\t\t\t\t<div class=\"elementor-element elementor-element-b31cc05 exad-sticky-section-no exad-glass-effect-no elementor-widget elementor-widget-text-editor\" data-id=\"b31cc05\" data-element_type=\"widget\" data-e-type=\"widget\" data-widget_type=\"text-editor.default\">\n\t\t\t\t<div class=\"elementor-widget-container\">\n\t\t\t\t\t\t\t\t\t<p><strong>Geschlossene Stoffstr\u00f6me sind das Gebot der Stunde!<\/strong> Solche &#8222;Abzweigungen&#8220; von Rohstoffen sind f\u00fcr die erheblichen Preissteigerungen im sekund\u00e4ren Rohstoffmarkt mitverantwortlich und schaden somit langfristig auch der Wirtschaftlichkeit. <strong>Nicht nur finanziell sind diese gut gemeinten Ideen ohne systematische \u00dcberpr\u00fcfung und Messung zunehmend ein Problem.<\/strong> Denn es gibt bereits in der Europ\u00e4ischen Union Vorstellungen, was rechtlich als Greenwashing abgemahnt werden kann: alles, was nicht belegt werden kann! Bedeutet: <strong>Auch im Sinne des Markenwerts ist es wichtig, die gemachten werblichen Nachhaltigkeitsaussagen mit Zahlen und Fakten belegen zu k\u00f6nnen.<\/strong><\/p><p>Zur\u00fcck zum Anfang: Wirtschaftliche Nachhaltigkeit hilft, Ziele zu erreichen, die das Unternehmen, die Marke st\u00fctzen. Sie hilft exakt, die Kundenbed\u00fcrfnisse zu erf\u00fcllen und daf\u00fcr dann auch die entsprechende Entlohnung zu erhalten, und sie sch\u00fctzt vor irref\u00fchrenden Aussagen und der Gefahr, als Greenwasher aufzutreten. <strong>Wirtschaftliche Nachhaltigkeit stellt die Weichen f\u00fcr die Zukunftsf\u00e4higkeit eines Unternehmens!<\/strong><\/p><p><a href=\"http:\/\/www.ceschweig.com\" target=\"_blank\" rel=\"noopener\">http:\/\/www.ceschweig.com<\/a><\/p>\t\t\t\t\t\t\t\t<\/div>\n\t\t\t\t<\/div>\n\t\t\t\t\t<\/div>\n\t\t<\/div>\n\t\t\t\t\t<\/div>\n\t\t<\/section>\n\t\t\t\t<section data-exad-particle-enable=\"false\" class=\"elementor-section elementor-top-section elementor-element elementor-element-173f11ea elementor-section-boxed elementor-section-height-default elementor-section-height-default exad-parallax-effect-no exad-background-color-change-no exad-glass-effect-no exad-sticky-section-no\" data-id=\"173f11ea\" data-element_type=\"section\" data-e-type=\"section\" data-settings=\"{&quot;background_background&quot;:&quot;classic&quot;}\">\n\t\t\t\t\t\t<div class=\"elementor-container elementor-column-gap-default\">\n\t\t\t\t\t<div class=\"elementor-column elementor-col-100 elementor-top-column elementor-element elementor-element-56d9719c exad-glass-effect-no exad-sticky-section-no\" data-id=\"56d9719c\" data-element_type=\"column\" data-e-type=\"column\">\n\t\t\t<div class=\"elementor-widget-wrap elementor-element-populated\">\n\t\t\t\t\t\t<div class=\"elementor-element elementor-element-73c63974 exad-sticky-section-no exad-glass-effect-no elementor-widget elementor-widget-heading\" data-id=\"73c63974\" data-element_type=\"widget\" data-e-type=\"widget\" data-widget_type=\"heading.default\">\n\t\t\t\t<div class=\"elementor-widget-container\">\n\t\t\t\t\t<h2 class=\"elementor-heading-title elementor-size-default\">Weitere Meldungen zum Thema Green Packaging und Nachhaltigkeit<\/h2>\t\t\t\t<\/div>\n\t\t\t\t<\/div>\n\t\t\t\t<div class=\"elementor-element elementor-element-57f1572b elementor-grid-3 elementor-grid-tablet-2 elementor-grid-mobile-1 elementor-posts--thumbnail-top elementor-posts__hover-gradient exad-sticky-section-no exad-glass-effect-no elementor-widget elementor-widget-posts\" data-id=\"57f1572b\" data-element_type=\"widget\" data-e-type=\"widget\" data-settings=\"{&quot;cards_row_gap&quot;:{&quot;unit&quot;:&quot;px&quot;,&quot;size&quot;:38,&quot;sizes&quot;:[]},&quot;cards_columns&quot;:&quot;3&quot;,&quot;cards_columns_tablet&quot;:&quot;2&quot;,&quot;cards_columns_mobile&quot;:&quot;1&quot;,&quot;cards_row_gap_tablet&quot;:{&quot;unit&quot;:&quot;px&quot;,&quot;size&quot;:&quot;&quot;,&quot;sizes&quot;:[]},&quot;cards_row_gap_mobile&quot;:{&quot;unit&quot;:&quot;px&quot;,&quot;size&quot;:&quot;&quot;,&quot;sizes&quot;:[]}}\" data-widget_type=\"posts.cards\">\n\t\t\t\t<div class=\"elementor-widget-container\">\n\t\t\t\t\t\t\t<div class=\"elementor-posts-container elementor-posts elementor-posts--skin-cards elementor-grid\" role=\"list\">\n\t\t\t\t<article class=\"elementor-post elementor-grid-item post-115521 post type-post status-publish format-standard has-post-thumbnail category-green-packaging tag-basf tag-interpack tag-kunststoff-und-verbunde tag-nachhaltigkeit-und-green-packaging tag-packmittel-und-packstoffe cs-entry cs-video-wrap\" role=\"listitem\">\n\t\t\t<div class=\"elementor-post__card\">\n\t\t\t\t<a class=\"elementor-post__thumbnail__link\" href=\"https:\/\/packaging-journal.de\/en\/basf-erweitert-ecovio-portfolio\/\" tabindex=\"-1\"><div class=\"elementor-post__thumbnail\"><img loading=\"lazy\" decoding=\"async\" width=\"300\" height=\"163\" src=\"https:\/\/packaging-journal.de\/wp-content\/uploads\/2026\/04\/basf-ecovio-barriere-300x163.jpg\" class=\"attachment-medium size-medium wp-image-115522\" alt=\"\" srcset=\"https:\/\/packaging-journal.de\/wp-content\/uploads\/2026\/04\/basf-ecovio-barriere-300x163.jpg 300w, https:\/\/packaging-journal.de\/wp-content\/uploads\/2026\/04\/basf-ecovio-barriere-1024x555.jpg 1024w, https:\/\/packaging-journal.de\/wp-content\/uploads\/2026\/04\/basf-ecovio-barriere-768x416.jpg 768w, https:\/\/packaging-journal.de\/wp-content\/uploads\/2026\/04\/basf-ecovio-barriere-18x10.jpg 18w, https:\/\/packaging-journal.de\/wp-content\/uploads\/2026\/04\/basf-ecovio-barriere-332x180.jpg 332w, https:\/\/packaging-journal.de\/wp-content\/uploads\/2026\/04\/basf-ecovio-barriere-664x360.jpg 664w, https:\/\/packaging-journal.de\/wp-content\/uploads\/2026\/04\/basf-ecovio-barriere-688x373.jpg 688w, https:\/\/packaging-journal.de\/wp-content\/uploads\/2026\/04\/basf-ecovio-barriere-1044x566.jpg 1044w, https:\/\/packaging-journal.de\/wp-content\/uploads\/2026\/04\/basf-ecovio-barriere.jpg 1200w\" sizes=\"(max-width: 300px) 100vw, 300px\" \/><\/div><\/a>\n\t\t\t\t<div class=\"elementor-post__text\">\n\t\t\t\t<h3 class=\"elementor-post__title\">\n\t\t\t<a href=\"https:\/\/packaging-journal.de\/en\/basf-erweitert-ecovio-portfolio\/\">\n\t\t\t\tBASF erweitert Ecovio-Portfolio f\u00fcr flexible Verpackungen\t\t\t<\/a>\n\t\t<\/h3>\n\t\t\t\t<div class=\"elementor-post__excerpt\">\n\t\t\tBASF hat sein Ecovio-Portfolio um neue kompostierbare Typen erweitert, die Recycling- und Barriereanforderungen f\u00fcr flexible Verpackungen erf\u00fcllen.\t\t<\/div>\n\t\t\n\t\t<a class=\"elementor-post__read-more\" href=\"https:\/\/packaging-journal.de\/en\/basf-erweitert-ecovio-portfolio\/\" aria-label=\"Read more about BASF erweitert Ecovio-Portfolio f\u00fcr flexible Verpackungen\" tabindex=\"-1\">\n\t\t\tWeiterlesen \u00bb\t\t<\/a>\n\n\t\t\t\t<\/div>\n\t\t\t\t\t<\/div>\n\t\t<\/article>\n\t\t\t\t<article class=\"elementor-post elementor-grid-item post-115489 post type-post status-publish format-standard has-post-thumbnail category-green-packaging tag-faller-packaging tag-nachhaltigkeit-und-green-packaging tag-packmittel-und-packstoffe tag-papier-pappe-karton tag-pharma-kosmetik-chemie cs-entry cs-video-wrap\" role=\"listitem\">\n\t\t\t<div class=\"elementor-post__card\">\n\t\t\t\t<a class=\"elementor-post__thumbnail__link\" href=\"https:\/\/packaging-journal.de\/en\/nachhaltige-faserform-trays-als-verpackungsalternative\/\" tabindex=\"-1\"><div class=\"elementor-post__thumbnail\"><img loading=\"lazy\" decoding=\"async\" width=\"300\" height=\"163\" src=\"https:\/\/packaging-journal.de\/wp-content\/uploads\/2026\/04\/faller-harvest-300x163.jpg\" class=\"attachment-medium size-medium wp-image-115492\" alt=\"\" srcset=\"https:\/\/packaging-journal.de\/wp-content\/uploads\/2026\/04\/faller-harvest-300x163.jpg 300w, https:\/\/packaging-journal.de\/wp-content\/uploads\/2026\/04\/faller-harvest-1024x555.jpg 1024w, https:\/\/packaging-journal.de\/wp-content\/uploads\/2026\/04\/faller-harvest-768x416.jpg 768w, https:\/\/packaging-journal.de\/wp-content\/uploads\/2026\/04\/faller-harvest-18x10.jpg 18w, https:\/\/packaging-journal.de\/wp-content\/uploads\/2026\/04\/faller-harvest-332x180.jpg 332w, https:\/\/packaging-journal.de\/wp-content\/uploads\/2026\/04\/faller-harvest-664x360.jpg 664w, https:\/\/packaging-journal.de\/wp-content\/uploads\/2026\/04\/faller-harvest-688x373.jpg 688w, https:\/\/packaging-journal.de\/wp-content\/uploads\/2026\/04\/faller-harvest-1044x566.jpg 1044w, https:\/\/packaging-journal.de\/wp-content\/uploads\/2026\/04\/faller-harvest.jpg 1200w\" sizes=\"(max-width: 300px) 100vw, 300px\" \/><\/div><\/a>\n\t\t\t\t<div class=\"elementor-post__text\">\n\t\t\t\t<h3 class=\"elementor-post__title\">\n\t\t\t<a href=\"https:\/\/packaging-journal.de\/en\/nachhaltige-faserform-trays-als-verpackungsalternative\/\">\n\t\t\t\tNachhaltige Faserform-Trays als Verpackungsalternative\t\t\t<\/a>\n\t\t<\/h3>\n\t\t\t\t<div class=\"elementor-post__excerpt\">\n\t\t\tFaller Packaging und Harvest Packaging bieten mit Faserform-Trays eine umweltfreundliche Verpackungsl\u00f6sung f\u00fcr Pharmaprodukte. Die Alternative zu Kunststoffverpackungen soll den \u00f6kologischen Fu\u00dfabdruck verringern.\t\t<\/div>\n\t\t\n\t\t<a class=\"elementor-post__read-more\" href=\"https:\/\/packaging-journal.de\/en\/nachhaltige-faserform-trays-als-verpackungsalternative\/\" aria-label=\"Read more about Nachhaltige Faserform-Trays als Verpackungsalternative\" tabindex=\"-1\">\n\t\t\tWeiterlesen \u00bb\t\t<\/a>\n\n\t\t\t\t<\/div>\n\t\t\t\t\t<\/div>\n\t\t<\/article>\n\t\t\t\t<article class=\"elementor-post elementor-grid-item post-115468 post type-post status-publish format-standard has-post-thumbnail category-green-packaging tag-abfalltechnik-und-recycling tag-automatisieren-und-robotik tag-digitalisierung tag-interpack tag-itq tag-nachhaltigkeit-und-green-packaging cs-entry cs-video-wrap\" role=\"listitem\">\n\t\t\t<div class=\"elementor-post__card\">\n\t\t\t\t<a class=\"elementor-post__thumbnail__link\" href=\"https:\/\/packaging-journal.de\/en\/itq-setzt-auf-ki-und-nachwuchs\/\" tabindex=\"-1\"><div class=\"elementor-post__thumbnail\"><img loading=\"lazy\" decoding=\"async\" width=\"300\" height=\"163\" src=\"https:\/\/packaging-journal.de\/wp-content\/uploads\/2026\/04\/itq-nachwuchs-300x163.jpg\" class=\"attachment-medium size-medium wp-image-115471\" alt=\"\" srcset=\"https:\/\/packaging-journal.de\/wp-content\/uploads\/2026\/04\/itq-nachwuchs-300x163.jpg 300w, https:\/\/packaging-journal.de\/wp-content\/uploads\/2026\/04\/itq-nachwuchs-1024x555.jpg 1024w, https:\/\/packaging-journal.de\/wp-content\/uploads\/2026\/04\/itq-nachwuchs-768x416.jpg 768w, https:\/\/packaging-journal.de\/wp-content\/uploads\/2026\/04\/itq-nachwuchs-18x10.jpg 18w, https:\/\/packaging-journal.de\/wp-content\/uploads\/2026\/04\/itq-nachwuchs-332x180.jpg 332w, https:\/\/packaging-journal.de\/wp-content\/uploads\/2026\/04\/itq-nachwuchs-664x360.jpg 664w, https:\/\/packaging-journal.de\/wp-content\/uploads\/2026\/04\/itq-nachwuchs-688x373.jpg 688w, https:\/\/packaging-journal.de\/wp-content\/uploads\/2026\/04\/itq-nachwuchs-1044x566.jpg 1044w, https:\/\/packaging-journal.de\/wp-content\/uploads\/2026\/04\/itq-nachwuchs.jpg 1200w\" sizes=\"(max-width: 300px) 100vw, 300px\" \/><\/div><\/a>\n\t\t\t\t<div class=\"elementor-post__text\">\n\t\t\t\t<h3 class=\"elementor-post__title\">\n\t\t\t<a href=\"https:\/\/packaging-journal.de\/en\/itq-setzt-auf-ki-und-nachwuchs\/\">\n\t\t\t\tKreislaufwirtschaft: ITQ setzt auf KI und Nachwuchs\t\t\t<\/a>\n\t\t<\/h3>\n\t\t\t\t<div class=\"elementor-post__excerpt\">\n\t\t\tAuf der Interpack 2026 pr\u00e4sentiert ITQ, wie Kreislaufwirtschaft durch KI und Nachwuchsf\u00f6rderung umgesetzt werden kann. Das Projekt CirQmind steht im Fokus und zeigt praktische Anwendungen.\t\t<\/div>\n\t\t\n\t\t<a class=\"elementor-post__read-more\" href=\"https:\/\/packaging-journal.de\/en\/itq-setzt-auf-ki-und-nachwuchs\/\" aria-label=\"Read more about Kreislaufwirtschaft: ITQ setzt auf KI und Nachwuchs\" tabindex=\"-1\">\n\t\t\tWeiterlesen \u00bb\t\t<\/a>\n\n\t\t\t\t<\/div>\n\t\t\t\t\t<\/div>\n\t\t<\/article>\n\t\t\t\t<article class=\"elementor-post elementor-grid-item post-115442 post type-post status-publish format-standard has-post-thumbnail category-green-packaging tag-interpack tag-kunststoff-und-verbunde tag-lebensmittel tag-nachhaltigkeit-und-green-packaging tag-packmittel-und-packstoffe tag-sn-maschinenbau tag-suedpack cs-entry cs-video-wrap\" role=\"listitem\">\n\t\t\t<div class=\"elementor-post__card\">\n\t\t\t\t<a class=\"elementor-post__thumbnail__link\" href=\"https:\/\/packaging-journal.de\/en\/recyclingfaehige-beutelkonzepte-von-suedpack\/\" tabindex=\"-1\"><div class=\"elementor-post__thumbnail\"><img loading=\"lazy\" decoding=\"async\" width=\"300\" height=\"163\" src=\"https:\/\/packaging-journal.de\/wp-content\/uploads\/2026\/04\/suedpack-porridge-300x163.jpg\" class=\"attachment-medium size-medium wp-image-115445\" alt=\"\" srcset=\"https:\/\/packaging-journal.de\/wp-content\/uploads\/2026\/04\/suedpack-porridge-300x163.jpg 300w, https:\/\/packaging-journal.de\/wp-content\/uploads\/2026\/04\/suedpack-porridge-1024x555.jpg 1024w, https:\/\/packaging-journal.de\/wp-content\/uploads\/2026\/04\/suedpack-porridge-768x416.jpg 768w, https:\/\/packaging-journal.de\/wp-content\/uploads\/2026\/04\/suedpack-porridge-18x10.jpg 18w, https:\/\/packaging-journal.de\/wp-content\/uploads\/2026\/04\/suedpack-porridge-332x180.jpg 332w, https:\/\/packaging-journal.de\/wp-content\/uploads\/2026\/04\/suedpack-porridge-664x360.jpg 664w, https:\/\/packaging-journal.de\/wp-content\/uploads\/2026\/04\/suedpack-porridge-688x373.jpg 688w, https:\/\/packaging-journal.de\/wp-content\/uploads\/2026\/04\/suedpack-porridge-1044x566.jpg 1044w, https:\/\/packaging-journal.de\/wp-content\/uploads\/2026\/04\/suedpack-porridge.jpg 1200w\" sizes=\"(max-width: 300px) 100vw, 300px\" \/><\/div><\/a>\n\t\t\t\t<div class=\"elementor-post__text\">\n\t\t\t\t<h3 class=\"elementor-post__title\">\n\t\t\t<a href=\"https:\/\/packaging-journal.de\/en\/recyclingfaehige-beutelkonzepte-von-suedpack\/\">\n\t\t\t\tRecyclingf\u00e4hige Beutel erf\u00fcllen bereits PPWR-Anforderungen\t\t\t<\/a>\n\t\t<\/h3>\n\t\t\t\t<div class=\"elementor-post__excerpt\">\n\t\t\tS\u00fcdpack stellt zwei innovative Beutelkonzepte aus der CarbonLite-Folienfamilie vor, die bereits auf die Recyclinganforderungen von 2030 vorbereitet sind.\t\t<\/div>\n\t\t\n\t\t<a class=\"elementor-post__read-more\" href=\"https:\/\/packaging-journal.de\/en\/recyclingfaehige-beutelkonzepte-von-suedpack\/\" aria-label=\"Read more about Recyclingf\u00e4hige Beutel erf\u00fcllen bereits PPWR-Anforderungen\" tabindex=\"-1\">\n\t\t\tWeiterlesen \u00bb\t\t<\/a>\n\n\t\t\t\t<\/div>\n\t\t\t\t\t<\/div>\n\t\t<\/article>\n\t\t\t\t<article class=\"elementor-post elementor-grid-item post-115434 post type-post status-publish format-standard has-post-thumbnail category-green-packaging tag-future-materials-sweden tag-nachhaltigkeit-und-green-packaging tag-packmittel-und-packstoffe tag-papier-pappe-karton tag-pulpac cs-entry cs-video-wrap\" role=\"listitem\">\n\t\t\t<div class=\"elementor-post__card\">\n\t\t\t\t<a class=\"elementor-post__thumbnail__link\" href=\"https:\/\/packaging-journal.de\/en\/future-materials-sweden-dry-molded-fiber\/\" tabindex=\"-1\"><div class=\"elementor-post__thumbnail\"><img loading=\"lazy\" decoding=\"async\" width=\"300\" height=\"163\" src=\"https:\/\/packaging-journal.de\/wp-content\/uploads\/2026\/04\/pulpac-machinery2-future-materials-300x163.jpg\" class=\"attachment-medium size-medium wp-image-115435\" alt=\"\" srcset=\"https:\/\/packaging-journal.de\/wp-content\/uploads\/2026\/04\/pulpac-machinery2-future-materials-300x163.jpg 300w, https:\/\/packaging-journal.de\/wp-content\/uploads\/2026\/04\/pulpac-machinery2-future-materials-1024x555.jpg 1024w, https:\/\/packaging-journal.de\/wp-content\/uploads\/2026\/04\/pulpac-machinery2-future-materials-768x416.jpg 768w, https:\/\/packaging-journal.de\/wp-content\/uploads\/2026\/04\/pulpac-machinery2-future-materials-18x10.jpg 18w, https:\/\/packaging-journal.de\/wp-content\/uploads\/2026\/04\/pulpac-machinery2-future-materials-332x180.jpg 332w, https:\/\/packaging-journal.de\/wp-content\/uploads\/2026\/04\/pulpac-machinery2-future-materials-664x360.jpg 664w, https:\/\/packaging-journal.de\/wp-content\/uploads\/2026\/04\/pulpac-machinery2-future-materials-688x373.jpg 688w, https:\/\/packaging-journal.de\/wp-content\/uploads\/2026\/04\/pulpac-machinery2-future-materials-1044x566.jpg 1044w, https:\/\/packaging-journal.de\/wp-content\/uploads\/2026\/04\/pulpac-machinery2-future-materials.jpg 1200w\" sizes=\"(max-width: 300px) 100vw, 300px\" \/><\/div><\/a>\n\t\t\t\t<div class=\"elementor-post__text\">\n\t\t\t\t<h3 class=\"elementor-post__title\">\n\t\t\t<a href=\"https:\/\/packaging-journal.de\/en\/future-materials-sweden-dry-molded-fiber\/\">\n\t\t\t\tFuture Materials Sweden investiert in Dry Molded Fiber Produktion\t\t\t<\/a>\n\t\t<\/h3>\n\t\t\t\t<div class=\"elementor-post__excerpt\">\n\t\t\tDer Verpackungshersteller hat zwei Scala-Maschinen bestellt, um in Schweden die Produktion von Dry Molded Fiber Snus-Dosen zu starten. Dies markiert einen wichtigen Schritt in der Reduzierung von Plastikverpackungen.\t\t<\/div>\n\t\t\n\t\t<a class=\"elementor-post__read-more\" href=\"https:\/\/packaging-journal.de\/en\/future-materials-sweden-dry-molded-fiber\/\" aria-label=\"Read more about Future Materials Sweden investiert in Dry Molded Fiber Produktion\" tabindex=\"-1\">\n\t\t\tWeiterlesen \u00bb\t\t<\/a>\n\n\t\t\t\t<\/div>\n\t\t\t\t\t<\/div>\n\t\t<\/article>\n\t\t\t\t<article class=\"elementor-post elementor-grid-item post-115384 post type-post status-publish format-standard has-post-thumbnail category-aus-dem-magazin tag-getraenke tag-khs tag-magazin-02-2026 tag-nachhaltigkeit-und-green-packaging tag-verpackungsmaschinen cs-entry cs-video-wrap\" role=\"listitem\">\n\t\t\t<div class=\"elementor-post__card\">\n\t\t\t\t<a class=\"elementor-post__thumbnail__link\" href=\"https:\/\/packaging-journal.de\/en\/khs-denkt-linienstrategie-ganzheitlich\/\" tabindex=\"-1\"><div class=\"elementor-post__thumbnail\"><img loading=\"lazy\" decoding=\"async\" width=\"300\" height=\"163\" src=\"https:\/\/packaging-journal.de\/wp-content\/uploads\/2026\/04\/khs-vielfalt-300x163.jpg\" class=\"attachment-medium size-medium wp-image-115385\" alt=\"\" srcset=\"https:\/\/packaging-journal.de\/wp-content\/uploads\/2026\/04\/khs-vielfalt-300x163.jpg 300w, https:\/\/packaging-journal.de\/wp-content\/uploads\/2026\/04\/khs-vielfalt-1024x555.jpg 1024w, https:\/\/packaging-journal.de\/wp-content\/uploads\/2026\/04\/khs-vielfalt-768x416.jpg 768w, https:\/\/packaging-journal.de\/wp-content\/uploads\/2026\/04\/khs-vielfalt-18x10.jpg 18w, https:\/\/packaging-journal.de\/wp-content\/uploads\/2026\/04\/khs-vielfalt-332x180.jpg 332w, https:\/\/packaging-journal.de\/wp-content\/uploads\/2026\/04\/khs-vielfalt-664x360.jpg 664w, https:\/\/packaging-journal.de\/wp-content\/uploads\/2026\/04\/khs-vielfalt-688x373.jpg 688w, https:\/\/packaging-journal.de\/wp-content\/uploads\/2026\/04\/khs-vielfalt-1044x566.jpg 1044w, https:\/\/packaging-journal.de\/wp-content\/uploads\/2026\/04\/khs-vielfalt.jpg 1200w\" sizes=\"(max-width: 300px) 100vw, 300px\" \/><\/div><\/a>\n\t\t\t\t<div class=\"elementor-post__text\">\n\t\t\t\t<h3 class=\"elementor-post__title\">\n\t\t\t<a href=\"https:\/\/packaging-journal.de\/en\/khs-denkt-linienstrategie-ganzheitlich\/\">\n\t\t\t\tKHS: Die Macht der Verpackung\t\t\t<\/a>\n\t\t<\/h3>\n\t\t\t\t<div class=\"elementor-post__excerpt\">\n\t\t\tIn der Getr\u00e4nke- und Verpackungsindustrie sind Flexibilit\u00e4t, Nachhaltigkeit und Automatisierung f\u00fcr die Zukunft von herausragender Bedeutung \u2013 beispielsweise mittels ganzheitlich gedachter Linienl\u00f6sungen von KHS.\t\t<\/div>\n\t\t\n\t\t<a class=\"elementor-post__read-more\" href=\"https:\/\/packaging-journal.de\/en\/khs-denkt-linienstrategie-ganzheitlich\/\" aria-label=\"Read more about KHS: Die Macht der Verpackung\" tabindex=\"-1\">\n\t\t\tWeiterlesen \u00bb\t\t<\/a>\n\n\t\t\t\t<\/div>\n\t\t\t\t\t<\/div>\n\t\t<\/article>\n\t\t\t\t<\/div>\n\t\t\n\t\t\t\t\t\t<\/div>\n\t\t\t\t<\/div>\n\t\t\t\t\t<\/div>\n\t\t<\/div>\n\t\t\t\t\t<\/div>\n\t\t<\/section>\n\t\t\t\t<\/div>\n\t\t","protected":false},"excerpt":{"rendered":"There is no getting around the issue of sustainability, whether as a consumer or a producer. The packaging industry is also concerned about the sensible use of raw materials. But where do you start? Carolina E. Schweig, a graduate engineer and packaging consultant, knows. For our focus section, she has analysed the topics of sustainability and green packaging.","protected":false},"author":1,"featured_media":63002,"comment_status":"closed","ping_status":"closed","sticky":false,"template":"","format":"standard","meta":{"_acf_changed":false,"__cvm_playback_settings":[],"__cvm_video_id":"","rank_math_description":"Nachhaltigkeit ist l\u00e4ngst in aller Munde, auch in der Verpackungsbranche. Diplom-Ingenieurin Carolina E. Schweig wei\u00df, wie das gelingen kann.","rank_math_focus_keyword":"Nachhaltigkeit","rank_math_title":"","csco_display_header_overlay":false,"csco_singular_sidebar":"","csco_page_header_type":"","csco_page_load_nextpost":"","csco_post_video_location":[],"csco_post_video_location_hash":"","csco_post_video_url":"","csco_post_video_bg_start_time":0,"csco_post_video_bg_end_time":0,"footnotes":"","_links_to":"","_links_to_target":""},"categories":[28,58781],"tags":[65,59683,31,32],"class_list":{"0":"post-63001","1":"post","2":"type-post","3":"status-publish","4":"format-standard","5":"has-post-thumbnail","7":"category-aus-dem-magazin","8":"category-green-packaging","9":"tag-abfalltechnik-und-recycling","10":"tag-magazin-04-05-2022","11":"tag-nachhaltigkeit-und-green-packaging","12":"tag-packmittel-und-packstoffe","13":"cs-entry","14":"cs-video-wrap"},"acf":[],"vimeo_video":null,"_links":{"self":[{"href":"https:\/\/packaging-journal.de\/en\/wp-json\/wp\/v2\/posts\/63001","targetHints":{"allow":["GET"]}}],"collection":[{"href":"https:\/\/packaging-journal.de\/en\/wp-json\/wp\/v2\/posts"}],"about":[{"href":"https:\/\/packaging-journal.de\/en\/wp-json\/wp\/v2\/types\/post"}],"author":[{"embeddable":true,"href":"https:\/\/packaging-journal.de\/en\/wp-json\/wp\/v2\/users\/1"}],"replies":[{"embeddable":true,"href":"https:\/\/packaging-journal.de\/en\/wp-json\/wp\/v2\/comments?post=63001"}],"version-history":[{"count":0,"href":"https:\/\/packaging-journal.de\/en\/wp-json\/wp\/v2\/posts\/63001\/revisions"}],"wp:featuredmedia":[{"embeddable":true,"href":"https:\/\/packaging-journal.de\/en\/wp-json\/wp\/v2\/media\/63002"}],"wp:attachment":[{"href":"https:\/\/packaging-journal.de\/en\/wp-json\/wp\/v2\/media?parent=63001"}],"wp:term":[{"taxonomy":"category","embeddable":true,"href":"https:\/\/packaging-journal.de\/en\/wp-json\/wp\/v2\/categories?post=63001"},{"taxonomy":"post_tag","embeddable":true,"href":"https:\/\/packaging-journal.de\/en\/wp-json\/wp\/v2\/tags?post=63001"}],"curies":[{"name":"wp","href":"https:\/\/api.w.org\/{rel}","templated":true}]}}