{"id":64061,"date":"2022-06-14T14:25:24","date_gmt":"2022-06-14T12:25:24","guid":{"rendered":"https:\/\/packaging-journal.de\/?p=64061"},"modified":"2022-06-14T14:07:38","modified_gmt":"2022-06-14T12:07:38","slug":"lantech-celebrates-its-50th-anniversary","status":"publish","type":"post","link":"https:\/\/packaging-journal.de\/en\/lantech-feiert-50-jaehriges-jubilaeum\/","title":{"rendered":"Lantech celebrates its 50th anniversary"},"content":{"rendered":"<div data-elementor-type=\"wp-post\" data-elementor-id=\"64061\" class=\"elementor elementor-64061\" data-elementor-post-type=\"post\">\n\t\t\t\t\t\t<section data-exad-particle-enable=\"false\" class=\"elementor-section elementor-top-section elementor-element elementor-element-da83da5 elementor-section-boxed elementor-section-height-default elementor-section-height-default exad-parallax-effect-no exad-background-color-change-no exad-glass-effect-no exad-sticky-section-no\" data-id=\"da83da5\" data-element_type=\"section\" data-e-type=\"section\">\n\t\t\t\t\t\t<div class=\"elementor-container elementor-column-gap-default\">\n\t\t\t\t\t<div class=\"elementor-column elementor-col-100 elementor-top-column elementor-element elementor-element-6c5d0d7 exad-glass-effect-no exad-sticky-section-no\" data-id=\"6c5d0d7\" data-element_type=\"column\" data-e-type=\"column\">\n\t\t\t<div class=\"elementor-widget-wrap elementor-element-populated\">\n\t\t\t\t\t\t<div class=\"elementor-element elementor-element-6e9f887 exad-sticky-section-no exad-glass-effect-no elementor-widget elementor-widget-text-editor\" data-id=\"6e9f887\" data-element_type=\"widget\" data-e-type=\"widget\" data-widget_type=\"text-editor.default\">\n\t\t\t\t<div class=\"elementor-widget-container\">\n\t\t\t\t\t\t\t\t\t<p><strong>How can heavy goods be secured for transport on pallets? Two brothers asked themselves this question in the 1970s and developed a solution. Since then, Lantech stretch wrappers have been used worldwide for pallet wrapping. This year, the company is celebrating its 50th anniversary.<\/strong><\/p>\t\t\t\t\t\t\t\t<\/div>\n\t\t\t\t<\/div>\n\t\t\t\t<div class=\"elementor-element elementor-element-a8fc3a7 exad-sticky-section-no exad-glass-effect-no elementor-widget elementor-widget-text-editor\" data-id=\"a8fc3a7\" data-element_type=\"widget\" data-e-type=\"widget\" data-widget_type=\"text-editor.default\">\n\t\t\t\t<div class=\"elementor-widget-container\">\n\t\t\t\t\t\t\t\t\t<p>Founded in 1972, the US company <a href=\"https:\/\/packaging-journal.de\/?s=lantech\">Lantech<\/a> has written a success story. With the invention of the stretch wrapper, brothers Pat and Bill Lancaster achieved the feat of creating a <strong>plastic film just a few micrometres thick to reliably secure heavy goods on pallets<\/strong>. The faster, cheaper and safer method of packaging became the standard and the company subsequently perfected stretch wrapping technology with ever new functions and performance-enhancing features.<\/p><blockquote><p>\u201eNobody knows more about pallet shipping than we do. Nobody knows more about how to keep a load together.\u201c<\/p><p><strong>Jim Lancaster<\/strong>, CEO of Lantech<\/p><\/blockquote>\t\t\t\t\t\t\t\t<\/div>\n\t\t\t\t<\/div>\n\t\t\t\t<div class=\"elementor-element elementor-element-3059dff exad-sticky-section-no exad-glass-effect-no elementor-widget elementor-widget-image\" data-id=\"3059dff\" data-element_type=\"widget\" data-e-type=\"widget\" data-widget_type=\"image.default\">\n\t\t\t\t<div class=\"elementor-widget-container\">\n\t\t\t\t\t\t\t\t\t\t\t\t<figure class=\"wp-caption\">\n\t\t\t\t\t\t\t\t\t\t<img fetchpriority=\"high\" decoding=\"async\" width=\"1024\" height=\"555\" src=\"https:\/\/packaging-journal.de\/wp-content\/uploads\/2022\/06\/1-1-4-1024x555.jpg\" class=\"attachment-large size-large wp-image-64064\" alt=\"Picture of a stretch wrapper\" srcset=\"https:\/\/packaging-journal.de\/wp-content\/uploads\/2022\/06\/1-1-4-1024x555.jpg 1024w, https:\/\/packaging-journal.de\/wp-content\/uploads\/2022\/06\/1-1-4-300x163.jpg 300w, https:\/\/packaging-journal.de\/wp-content\/uploads\/2022\/06\/1-1-4-768x416.jpg 768w, https:\/\/packaging-journal.de\/wp-content\/uploads\/2022\/06\/1-1-4.jpg 1200w\" sizes=\"(max-width: 1024px) 100vw, 1024px\" \/>\t\t\t\t\t\t\t\t\t\t\t<figcaption class=\"widget-image-caption wp-caption-text\">The QL-400 stretch wrapper\n(Image: Bluhm Systeme) <\/figcaption>\n\t\t\t\t\t\t\t\t\t\t<\/figure>\n\t\t\t\t\t\t\t\t\t<\/div>\n\t\t\t\t<\/div>\n\t\t\t\t<div class=\"elementor-element elementor-element-43d76d3 exad-sticky-section-no exad-glass-effect-no elementor-widget elementor-widget-text-editor\" data-id=\"43d76d3\" data-element_type=\"widget\" data-e-type=\"widget\" data-widget_type=\"text-editor.default\">\n\t\t\t\t<div class=\"elementor-widget-container\">\n\t\t\t\t\t\t\t\t\t<p>The company opened a European site with the acquisition of the Dutch company Rembrandt in 2001 and <strong>added carton and tray handling machines to its product portfolio<\/strong>, which stand for robustness and efficiency. Today, the packaging solutions are used all over the world and the company also has sites in China and Australia.<\/p><div class=\"packa-in-post-alle\" style=\"text-align: center;\" id=\"packa-1948110481\"><div id=\"packa-770625741\"><a data-no-instant=\"1\" href=\"https:\/\/packaging-journal.de\/en\/newsletter\/\" rel=\"noopener\" class=\"a2t-link\" target=\"_blank\" aria-label=\"PJ Self-promotion English 03\"><!--noptimize--><img src=\"https:\/\/packaging-journal.de\/wp-content\/uploads\/2026\/01\/PJ-Eigenwerbung-English-03.png\" alt=\"\"  srcset=\"https:\/\/packaging-journal.de\/wp-content\/uploads\/2026\/01\/PJ-Eigenwerbung-English-03.png 840w, https:\/\/packaging-journal.de\/wp-content\/uploads\/2026\/01\/PJ-Eigenwerbung-English-03-300x75.png 300w, https:\/\/packaging-journal.de\/wp-content\/uploads\/2026\/01\/PJ-Eigenwerbung-English-03-768x192.png 768w, https:\/\/packaging-journal.de\/wp-content\/uploads\/2026\/01\/PJ-Eigenwerbung-English-03-18x5.png 18w, https:\/\/packaging-journal.de\/wp-content\/uploads\/2026\/01\/PJ-Eigenwerbung-English-03-332x83.png 332w, https:\/\/packaging-journal.de\/wp-content\/uploads\/2026\/01\/PJ-Eigenwerbung-English-03-664x166.png 664w, https:\/\/packaging-journal.de\/wp-content\/uploads\/2026\/01\/PJ-Eigenwerbung-English-03-688x172.png 688w\" sizes=\"(max-width: 840px) 100vw, 840px\" width=\"840\" height=\"210\"  style=\" max-width: 100%; height: auto;\" \/><!--\/noptimize--><\/a><\/div><\/div><p>Despite the growth, we have succeeded in <strong>Preserving the character of a family business<\/strong>. Characteristics include long-term planning, rapid implementation of decisions, a respectful working atmosphere and great innovative strength, as evidenced by more than a hundred patents. Company founder Pat Lancaster has long since handed over the reins to his son Jim and the third generation of the family is already in the starting blocks.<\/p><p><em>Source:\u00a0<\/em><a href=\"https:\/\/www.lantech.com\/r2\/\" target=\"_blank\" rel=\"noopener\">Lantech<\/a><\/p><div id=\"packa-590367550\" class=\"packa-inhalt\"><!--noptimize--><script async src=\"https:\/\/pagead2.googlesyndication.com\/pagead\/js\/adsbygoogle.js?client=ca-pub-2686439340972671\" crossorigin=\"anonymous\"><\/script>\r\n<ins class=\"adsbygoogle\" style=\"display:block;text-align:center\" data-ad-layout=\"in-article\" data-ad-format=\"fluid\" data-ad-client=\"ca-pub-2686439340972671\" data-ad-slot=\"6171251825\"><\/ins>\r\n<script>\r\n     (adsbygoogle = window.adsbygoogle || []).push({});\r\n<\/script><!--\/noptimize--><\/div>\t\t\t\t\t\t\t\t<\/div>\n\t\t\t\t<\/div>\n\t\t\t\t\t<\/div>\n\t\t<\/div>\n\t\t\t\t\t<\/div>\n\t\t<\/section>\n\t\t\t\t<section data-exad-particle-enable=\"false\" class=\"elementor-section elementor-top-section elementor-element elementor-element-1de97fe6 elementor-section-boxed elementor-section-height-default elementor-section-height-default exad-parallax-effect-no exad-background-color-change-no exad-glass-effect-no exad-sticky-section-no\" data-id=\"1de97fe6\" data-element_type=\"section\" data-e-type=\"section\" data-settings=\"{&quot;background_background&quot;:&quot;classic&quot;}\">\n\t\t\t\t\t\t<div class=\"elementor-container elementor-column-gap-default\">\n\t\t\t\t\t<div class=\"elementor-column elementor-col-100 elementor-top-column elementor-element elementor-element-5e17f39f exad-glass-effect-no exad-sticky-section-no\" data-id=\"5e17f39f\" data-element_type=\"column\" data-e-type=\"column\">\n\t\t\t<div class=\"elementor-widget-wrap elementor-element-populated\">\n\t\t\t\t\t\t<div class=\"elementor-element elementor-element-50d0aeb1 exad-sticky-section-no exad-glass-effect-no elementor-widget elementor-widget-heading\" data-id=\"50d0aeb1\" data-element_type=\"widget\" data-e-type=\"widget\" data-widget_type=\"heading.default\">\n\t\t\t\t<div class=\"elementor-widget-container\">\n\t\t\t\t\t<h2 class=\"elementor-heading-title elementor-size-default\">More messages about palletising <\/h2>\t\t\t\t<\/div>\n\t\t\t\t<\/div>\n\t\t\t\t<div class=\"elementor-element elementor-element-346fc8ac elementor-grid-3 elementor-grid-tablet-2 elementor-grid-mobile-1 elementor-posts--thumbnail-top elementor-posts__hover-gradient exad-sticky-section-no exad-glass-effect-no elementor-widget elementor-widget-posts\" data-id=\"346fc8ac\" data-element_type=\"widget\" data-e-type=\"widget\" data-settings=\"{&quot;cards_row_gap&quot;:{&quot;unit&quot;:&quot;px&quot;,&quot;size&quot;:38,&quot;sizes&quot;:[]},&quot;cards_columns&quot;:&quot;3&quot;,&quot;cards_columns_tablet&quot;:&quot;2&quot;,&quot;cards_columns_mobile&quot;:&quot;1&quot;,&quot;cards_row_gap_tablet&quot;:{&quot;unit&quot;:&quot;px&quot;,&quot;size&quot;:&quot;&quot;,&quot;sizes&quot;:[]},&quot;cards_row_gap_mobile&quot;:{&quot;unit&quot;:&quot;px&quot;,&quot;size&quot;:&quot;&quot;,&quot;sizes&quot;:[]}}\" data-widget_type=\"posts.cards\">\n\t\t\t\t<div class=\"elementor-widget-container\">\n\t\t\t\t\t\t\t<div class=\"elementor-posts-container elementor-posts elementor-posts--skin-cards elementor-grid\" role=\"list\">\n\t\t\t\t<article class=\"elementor-post elementor-grid-item post-114156 post type-post status-publish format-standard has-post-thumbnail category-messen-und-veranstaltungen tag-intralogistik tag-logimat-messenews tag-logistik tag-schrumpfen-stretchen-palettieren tag-veranstaltungen cs-entry cs-video-wrap\" role=\"listitem\">\n\t\t\t<div class=\"elementor-post__card\">\n\t\t\t\t<a class=\"elementor-post__thumbnail__link\" href=\"https:\/\/packaging-journal.de\/en\/logimat-2026-oeffnet-ihre-tore\/\" tabindex=\"-1\"><div class=\"elementor-post__thumbnail\"><img decoding=\"async\" width=\"300\" height=\"163\" src=\"https:\/\/packaging-journal.de\/wp-content\/uploads\/2026\/03\/Logimat-Opening-300x163.jpg\" class=\"attachment-medium size-medium wp-image-114159\" alt=\"\" srcset=\"https:\/\/packaging-journal.de\/wp-content\/uploads\/2026\/03\/Logimat-Opening-300x163.jpg 300w, https:\/\/packaging-journal.de\/wp-content\/uploads\/2026\/03\/Logimat-Opening-1024x555.jpg 1024w, https:\/\/packaging-journal.de\/wp-content\/uploads\/2026\/03\/Logimat-Opening-768x416.jpg 768w, https:\/\/packaging-journal.de\/wp-content\/uploads\/2026\/03\/Logimat-Opening-18x10.jpg 18w, https:\/\/packaging-journal.de\/wp-content\/uploads\/2026\/03\/Logimat-Opening-332x180.jpg 332w, https:\/\/packaging-journal.de\/wp-content\/uploads\/2026\/03\/Logimat-Opening-664x360.jpg 664w, https:\/\/packaging-journal.de\/wp-content\/uploads\/2026\/03\/Logimat-Opening-688x373.jpg 688w, https:\/\/packaging-journal.de\/wp-content\/uploads\/2026\/03\/Logimat-Opening-1044x566.jpg 1044w, https:\/\/packaging-journal.de\/wp-content\/uploads\/2026\/03\/Logimat-Opening.jpg 1200w\" sizes=\"(max-width: 300px) 100vw, 300px\" \/><\/div><\/a>\n\t\t\t\t<div class=\"elementor-post__text\">\n\t\t\t\t<h3 class=\"elementor-post__title\">\n\t\t\t<a href=\"https:\/\/packaging-journal.de\/en\/logimat-2026-oeffnet-ihre-tore\/\">\n\t\t\t\tLogiMAT 2026 opens its doors\t\t\t<\/a>\n\t\t<\/h3>\n\t\t\t\t<div class=\"elementor-post__excerpt\">\n\t\t\tLogiMAT is the world's largest trade fair for intralogistics solutions and process management.\t\t<\/div>\n\t\t\n\t\t<a class=\"elementor-post__read-more\" href=\"https:\/\/packaging-journal.de\/en\/logimat-2026-oeffnet-ihre-tore\/\" aria-label=\"Read more about LogiMAT 2026 opens its doors\" tabindex=\"-1\">\n\t\t\tRead more \"\t\t<\/a>\n\n\t\t\t\t<\/div>\n\t\t\t\t\t<\/div>\n\t\t<\/article>\n\t\t\t\t<article class=\"elementor-post elementor-grid-item post-106957 post type-post status-publish format-standard has-post-thumbnail category-packmittel-und-packstoffe tag-antalis tag-kunststoff-und-verbunde tag-nachhaltigkeit-und-green-packaging tag-packmittel-und-packstoffe tag-schrumpfen-stretchen-palettieren cs-entry cs-video-wrap\" role=\"listitem\">\n\t\t\t<div class=\"elementor-post__card\">\n\t\t\t\t<a class=\"elementor-post__thumbnail__link\" href=\"https:\/\/packaging-journal.de\/en\/antalis-mit-neuer-stretchfolien-generation\/\" tabindex=\"-1\"><div class=\"elementor-post__thumbnail\"><img decoding=\"async\" width=\"300\" height=\"163\" src=\"https:\/\/packaging-journal.de\/wp-content\/uploads\/2025\/09\/antalis-axio-300x163.jpg\" class=\"attachment-medium size-medium wp-image-106958\" alt=\"\" srcset=\"https:\/\/packaging-journal.de\/wp-content\/uploads\/2025\/09\/antalis-axio-300x163.jpg 300w, https:\/\/packaging-journal.de\/wp-content\/uploads\/2025\/09\/antalis-axio-1024x555.jpg 1024w, https:\/\/packaging-journal.de\/wp-content\/uploads\/2025\/09\/antalis-axio-768x416.jpg 768w, https:\/\/packaging-journal.de\/wp-content\/uploads\/2025\/09\/antalis-axio-18x10.jpg 18w, https:\/\/packaging-journal.de\/wp-content\/uploads\/2025\/09\/antalis-axio.jpg 1200w\" sizes=\"(max-width: 300px) 100vw, 300px\" \/><\/div><\/a>\n\t\t\t\t<div class=\"elementor-post__text\">\n\t\t\t\t<h3 class=\"elementor-post__title\">\n\t\t\t<a href=\"https:\/\/packaging-journal.de\/en\/antalis-mit-neuer-stretchfolien-generation\/\">\n\t\t\t\tAntalis introduces new generation of stretch films\t\t\t<\/a>\n\t\t<\/h3>\n\t\t\t\t<div class=\"elementor-post__excerpt\">\n\t\t\tAntalis is expanding its portfolio of in-house solutions and is launching an innovative stretch film product line on the market with its new own brand Axio.\t\t<\/div>\n\t\t\n\t\t<a class=\"elementor-post__read-more\" href=\"https:\/\/packaging-journal.de\/en\/antalis-mit-neuer-stretchfolien-generation\/\" aria-label=\"Read more about Antalis introduces new generation of stretch films\" tabindex=\"-1\">\n\t\t\tRead more \"\t\t<\/a>\n\n\t\t\t\t<\/div>\n\t\t\t\t\t<\/div>\n\t\t<\/article>\n\t\t\t\t<article class=\"elementor-post elementor-grid-item post-106731 post type-post status-publish format-standard has-post-thumbnail category-maerkte tag-eudr tag-holz tag-hpe tag-logistik tag-paletten tag-pj_home tag-schrumpfen-stretchen-palettieren tag-transportverpackung cs-entry cs-video-wrap\" role=\"listitem\">\n\t\t\t<div class=\"elementor-post__card\">\n\t\t\t\t<a class=\"elementor-post__thumbnail__link\" href=\"https:\/\/packaging-journal.de\/en\/hpe-warnt-vor-folgen-der-eu-entwaldungsverordnung\/\" tabindex=\"-1\"><div class=\"elementor-post__thumbnail\"><img loading=\"lazy\" decoding=\"async\" width=\"300\" height=\"163\" src=\"https:\/\/packaging-journal.de\/wp-content\/uploads\/2025\/09\/HPE-300x163.jpg\" class=\"attachment-medium size-medium wp-image-106734\" alt=\"\" srcset=\"https:\/\/packaging-journal.de\/wp-content\/uploads\/2025\/09\/HPE-300x163.jpg 300w, https:\/\/packaging-journal.de\/wp-content\/uploads\/2025\/09\/HPE-1024x555.jpg 1024w, https:\/\/packaging-journal.de\/wp-content\/uploads\/2025\/09\/HPE-768x416.jpg 768w, https:\/\/packaging-journal.de\/wp-content\/uploads\/2025\/09\/HPE-18x10.jpg 18w, https:\/\/packaging-journal.de\/wp-content\/uploads\/2025\/09\/HPE.jpg 1200w\" sizes=\"(max-width: 300px) 100vw, 300px\" \/><\/div><\/a>\n\t\t\t\t<div class=\"elementor-post__text\">\n\t\t\t\t<h3 class=\"elementor-post__title\">\n\t\t\t<a href=\"https:\/\/packaging-journal.de\/en\/hpe-warnt-vor-folgen-der-eu-entwaldungsverordnung\/\">\n\t\t\t\tHPE warns of the consequences of the EU deforestation regulation\t\t\t<\/a>\n\t\t<\/h3>\n\t\t\t\t<div class=\"elementor-post__excerpt\">\n\t\t\tA key point of criticism is the planned obligation to collect and pass on reference numbers.\t\t<\/div>\n\t\t\n\t\t<a class=\"elementor-post__read-more\" href=\"https:\/\/packaging-journal.de\/en\/hpe-warnt-vor-folgen-der-eu-entwaldungsverordnung\/\" aria-label=\"Read more about HPE warns of consequences of EU deforestation regulation\" tabindex=\"-1\">\n\t\t\tRead more \"\t\t<\/a>\n\n\t\t\t\t<\/div>\n\t\t\t\t\t<\/div>\n\t\t<\/article>\n\t\t\t\t<article class=\"elementor-post elementor-grid-item post-105990 post type-post status-publish format-standard has-post-thumbnail category-verpackungstechnik tag-automatisieren-und-robotik tag-fachpack tag-koch-robotersysteme tag-schrumpfen-stretchen-palettieren cs-entry cs-video-wrap\" role=\"listitem\">\n\t\t\t<div class=\"elementor-post__card\">\n\t\t\t\t<a class=\"elementor-post__thumbnail__link\" href=\"https:\/\/packaging-journal.de\/en\/koch-robotersysteme-auf-der-fachpack\/\" tabindex=\"-1\"><div class=\"elementor-post__thumbnail\"><img loading=\"lazy\" decoding=\"async\" width=\"300\" height=\"163\" src=\"https:\/\/packaging-journal.de\/wp-content\/uploads\/2025\/08\/koch-robotersysteme-fachpack-300x163.jpg\" class=\"attachment-medium size-medium wp-image-105991\" alt=\"\" srcset=\"https:\/\/packaging-journal.de\/wp-content\/uploads\/2025\/08\/koch-robotersysteme-fachpack-300x163.jpg 300w, https:\/\/packaging-journal.de\/wp-content\/uploads\/2025\/08\/koch-robotersysteme-fachpack-1024x555.jpg 1024w, https:\/\/packaging-journal.de\/wp-content\/uploads\/2025\/08\/koch-robotersysteme-fachpack-768x416.jpg 768w, https:\/\/packaging-journal.de\/wp-content\/uploads\/2025\/08\/koch-robotersysteme-fachpack-18x10.jpg 18w, https:\/\/packaging-journal.de\/wp-content\/uploads\/2025\/08\/koch-robotersysteme-fachpack.jpg 1200w\" sizes=\"(max-width: 300px) 100vw, 300px\" \/><\/div><\/a>\n\t\t\t\t<div class=\"elementor-post__text\">\n\t\t\t\t<h3 class=\"elementor-post__title\">\n\t\t\t<a href=\"https:\/\/packaging-journal.de\/en\/koch-robotersysteme-auf-der-fachpack\/\">\n\t\t\t\tKoch robotic systems: palletising solutions with digital intelligence\t\t\t<\/a>\n\t\t<\/h3>\n\t\t\t\t<div class=\"elementor-post__excerpt\">\n\t\t\tKoch Robotersysteme will be showcasing its latest solutions in the field of end-of-line automation at Fachpack. The focus will be on the revised Koch PalletSystemMove palletising solution.\t\t<\/div>\n\t\t\n\t\t<a class=\"elementor-post__read-more\" href=\"https:\/\/packaging-journal.de\/en\/koch-robotersysteme-auf-der-fachpack\/\" aria-label=\"Read more about Koch robotic systems: palletising solutions with digital intelligence\" tabindex=\"-1\">\n\t\t\tRead more \"\t\t<\/a>\n\n\t\t\t\t<\/div>\n\t\t\t\t\t<\/div>\n\t\t<\/article>\n\t\t\t\t<article class=\"elementor-post elementor-grid-item post-105728 post type-post status-publish format-standard has-post-thumbnail category-verpackungstechnik tag-automatisieren-und-robotik tag-fachpack tag-schrumpfen-stretchen-palettieren tag-sidel cs-entry cs-video-wrap\" role=\"listitem\">\n\t\t\t<div class=\"elementor-post__card\">\n\t\t\t\t<a class=\"elementor-post__thumbnail__link\" href=\"https:\/\/packaging-journal.de\/en\/sidel-zeigt-smarte-end-of-line-loesungen\/\" tabindex=\"-1\"><div class=\"elementor-post__thumbnail\"><img loading=\"lazy\" decoding=\"async\" width=\"300\" height=\"163\" src=\"https:\/\/packaging-journal.de\/wp-content\/uploads\/2025\/08\/sidel-robo-access-fachpack-300x163.jpg\" class=\"attachment-medium size-medium wp-image-105730\" alt=\"\" srcset=\"https:\/\/packaging-journal.de\/wp-content\/uploads\/2025\/08\/sidel-robo-access-fachpack-300x163.jpg 300w, https:\/\/packaging-journal.de\/wp-content\/uploads\/2025\/08\/sidel-robo-access-fachpack-1024x555.jpg 1024w, https:\/\/packaging-journal.de\/wp-content\/uploads\/2025\/08\/sidel-robo-access-fachpack-768x416.jpg 768w, https:\/\/packaging-journal.de\/wp-content\/uploads\/2025\/08\/sidel-robo-access-fachpack-18x10.jpg 18w, https:\/\/packaging-journal.de\/wp-content\/uploads\/2025\/08\/sidel-robo-access-fachpack.jpg 1200w\" sizes=\"(max-width: 300px) 100vw, 300px\" \/><\/div><\/a>\n\t\t\t\t<div class=\"elementor-post__text\">\n\t\t\t\t<h3 class=\"elementor-post__title\">\n\t\t\t<a href=\"https:\/\/packaging-journal.de\/en\/sidel-zeigt-smarte-end-of-line-loesungen\/\">\n\t\t\t\tSidel: Smart end-of-line solutions for more productivity\t\t\t<\/a>\n\t\t<\/h3>\n\t\t\t\t<div class=\"elementor-post__excerpt\">\n\t\t\tAt Fachpack 2025, Sidel will showcase end-of-line systems focussing on flexibility, automation and maximum production output.\t\t<\/div>\n\t\t\n\t\t<a class=\"elementor-post__read-more\" href=\"https:\/\/packaging-journal.de\/en\/sidel-zeigt-smarte-end-of-line-loesungen\/\" aria-label=\"Read more about Sidel: Smart end-of-line solutions for more productivity\" tabindex=\"-1\">\n\t\t\tRead more \"\t\t<\/a>\n\n\t\t\t\t<\/div>\n\t\t\t\t\t<\/div>\n\t\t<\/article>\n\t\t\t\t<article class=\"elementor-post elementor-grid-item post-105694 post type-post status-publish format-standard has-post-thumbnail category-verpackungstechnik tag-aetna-goup tag-drinktec tag-endverpacken tag-schrumpfen-stretchen-palettieren cs-entry cs-video-wrap\" role=\"listitem\">\n\t\t\t<div class=\"elementor-post__card\">\n\t\t\t\t<a class=\"elementor-post__thumbnail__link\" href=\"https:\/\/packaging-journal.de\/en\/aetna-zeigt-end-of-line-loesungen\/\" tabindex=\"-1\"><div class=\"elementor-post__thumbnail\"><img loading=\"lazy\" decoding=\"async\" width=\"300\" height=\"163\" src=\"https:\/\/packaging-journal.de\/wp-content\/uploads\/2025\/08\/aetna-drinktec-300x163.jpg\" class=\"attachment-medium size-medium wp-image-105700\" alt=\"\" srcset=\"https:\/\/packaging-journal.de\/wp-content\/uploads\/2025\/08\/aetna-drinktec-300x163.jpg 300w, https:\/\/packaging-journal.de\/wp-content\/uploads\/2025\/08\/aetna-drinktec-1024x555.jpg 1024w, https:\/\/packaging-journal.de\/wp-content\/uploads\/2025\/08\/aetna-drinktec-768x416.jpg 768w, https:\/\/packaging-journal.de\/wp-content\/uploads\/2025\/08\/aetna-drinktec-18x10.jpg 18w, https:\/\/packaging-journal.de\/wp-content\/uploads\/2025\/08\/aetna-drinktec.jpg 1200w\" sizes=\"(max-width: 300px) 100vw, 300px\" \/><\/div><\/a>\n\t\t\t\t<div class=\"elementor-post__text\">\n\t\t\t\t<h3 class=\"elementor-post__title\">\n\t\t\t<a href=\"https:\/\/packaging-journal.de\/en\/aetna-zeigt-end-of-line-loesungen\/\">\n\t\t\t\tAetna presents end-of-line solutions for the beverage industry\t\t\t<\/a>\n\t\t<\/h3>\n\t\t\t\t<div class=\"elementor-post__excerpt\">\n\t\t\tAt drinktec 2025, the Aetna Group will be focussing on modern end-of-line technologies for the beverage sector.\t\t<\/div>\n\t\t\n\t\t<a class=\"elementor-post__read-more\" href=\"https:\/\/packaging-journal.de\/en\/aetna-zeigt-end-of-line-loesungen\/\" aria-label=\"Read more about Aetna showcases end-of-line solutions for the beverage industry\" tabindex=\"-1\">\n\t\t\tRead more \"\t\t<\/a>\n\n\t\t\t\t<\/div>\n\t\t\t\t\t<\/div>\n\t\t<\/article>\n\t\t\t\t<\/div>\n\t\t\n\t\t\t\t\t\t<\/div>\n\t\t\t\t<\/div>\n\t\t\t\t\t<\/div>\n\t\t<\/div>\n\t\t\t\t\t<\/div>\n\t\t<\/section>\n\t\t\t\t<\/div>","protected":false},"excerpt":{"rendered":"50 years ago, two brothers developed stretch wrappers that have been securing goods on pallets ever since. Now Lantech is celebrating this 50-year success story.","protected":false},"author":1,"featured_media":64063,"comment_status":"closed","ping_status":"closed","sticky":false,"template":"","format":"standard","meta":{"_acf_changed":false,"__cvm_playback_settings":[],"__cvm_video_id":"","rank_math_description":"Vor 50 Jahren entwickelten zwei Br\u00fcder Stretchwickler, die seither G\u00fcter auf Paletten fixieren. Jetzt feiert Lantech diese 50-j\u00e4hrige Erfolgsgeschichte. ","rank_math_focus_keyword":"jubil\u00e4um,lantech","rank_math_title":"","csco_display_header_overlay":false,"csco_singular_sidebar":"","csco_page_header_type":"","csco_page_load_nextpost":"","csco_post_video_location":[],"csco_post_video_location_hash":"","csco_post_video_url":"","csco_post_video_bg_start_time":0,"csco_post_video_bg_end_time":0,"footnotes":"","_links_to":"","_links_to_target":""},"categories":[114],"tags":[54,59100,59142,32,60,44,59448,70],"class_list":{"0":"post-64061","1":"post","2":"type-post","3":"status-publish","4":"format-standard","5":"has-post-thumbnail","7":"category-aus-den-unternehmen-news","8":"tag-kunststoff-und-verbunde","9":"tag-lantech","10":"tag-news-express","11":"tag-packmittel-und-packstoffe","12":"tag-schrumpfen-stretchen-palettieren","13":"tag-transportverpackung","14":"tag-verpackung","15":"tag-verpackungsmaschinen","16":"cs-entry","17":"cs-video-wrap"},"acf":[],"vimeo_video":null,"_links":{"self":[{"href":"https:\/\/packaging-journal.de\/en\/wp-json\/wp\/v2\/posts\/64061","targetHints":{"allow":["GET"]}}],"collection":[{"href":"https:\/\/packaging-journal.de\/en\/wp-json\/wp\/v2\/posts"}],"about":[{"href":"https:\/\/packaging-journal.de\/en\/wp-json\/wp\/v2\/types\/post"}],"author":[{"embeddable":true,"href":"https:\/\/packaging-journal.de\/en\/wp-json\/wp\/v2\/users\/1"}],"replies":[{"embeddable":true,"href":"https:\/\/packaging-journal.de\/en\/wp-json\/wp\/v2\/comments?post=64061"}],"version-history":[{"count":0,"href":"https:\/\/packaging-journal.de\/en\/wp-json\/wp\/v2\/posts\/64061\/revisions"}],"wp:featuredmedia":[{"embeddable":true,"href":"https:\/\/packaging-journal.de\/en\/wp-json\/wp\/v2\/media\/64063"}],"wp:attachment":[{"href":"https:\/\/packaging-journal.de\/en\/wp-json\/wp\/v2\/media?parent=64061"}],"wp:term":[{"taxonomy":"category","embeddable":true,"href":"https:\/\/packaging-journal.de\/en\/wp-json\/wp\/v2\/categories?post=64061"},{"taxonomy":"post_tag","embeddable":true,"href":"https:\/\/packaging-journal.de\/en\/wp-json\/wp\/v2\/tags?post=64061"}],"curies":[{"name":"wp","href":"https:\/\/api.w.org\/{rel}","templated":true}]}}