{"id":66598,"date":"2022-08-18T14:02:47","date_gmt":"2022-08-18T12:02:47","guid":{"rendered":"https:\/\/packaging-journal.de\/?p=66598"},"modified":"2022-08-18T12:06:35","modified_gmt":"2022-08-18T10:06:35","slug":"finally-achema-again","status":"publish","type":"post","link":"https:\/\/packaging-journal.de\/en\/endlich-wieder-achema\/","title":{"rendered":"Achema again at last"},"content":{"rendered":"<div data-elementor-type=\"wp-post\" data-elementor-id=\"66598\" class=\"elementor elementor-66598\" data-elementor-post-type=\"post\">\n\t\t\t\t\t\t<section data-exad-particle-enable=\"false\" class=\"elementor-section elementor-top-section elementor-element elementor-element-9e4d7fb elementor-section-boxed elementor-section-height-default elementor-section-height-default exad-parallax-effect-no exad-background-color-change-no exad-glass-effect-no exad-sticky-section-no\" data-id=\"9e4d7fb\" data-element_type=\"section\" data-e-type=\"section\">\n\t\t\t\t\t\t<div class=\"elementor-container elementor-column-gap-default\">\n\t\t\t\t\t<div class=\"elementor-column elementor-col-100 elementor-top-column elementor-element elementor-element-a424e92 exad-glass-effect-no exad-sticky-section-no\" data-id=\"a424e92\" data-element_type=\"column\" data-e-type=\"column\">\n\t\t\t<div class=\"elementor-widget-wrap elementor-element-populated\">\n\t\t\t\t\t\t<div class=\"elementor-element elementor-element-6fdb71e exad-sticky-section-no exad-glass-effect-no elementor-widget elementor-widget-text-editor\" data-id=\"6fdb71e\" data-element_type=\"widget\" data-e-type=\"widget\" data-widget_type=\"text-editor.default\">\n\t\t\t\t<div class=\"elementor-widget-container\">\n\t\t\t\t\t\t\t\t\t<p style=\"font-weight: 400;\"><strong>After being postponed last year due to the pandemic, Achema will take place again this August. The leading international trade fair for the process industry brings together more than 2,000 exhibitors from the fields of chemical engineering, process engineering and biotechnology in Frankfurt. In this interview, Bj\u00f6rn Mathes, Deputy Managing Director of event organiser Dechema, provides insights into trade fair planning in extraordinary times.<\/strong><\/p>\t\t\t\t\t\t\t\t<\/div>\n\t\t\t\t<\/div>\n\t\t\t\t<section data-exad-particle-enable=\"false\" class=\"elementor-section elementor-inner-section elementor-element elementor-element-5c05be2 elementor-section-boxed elementor-section-height-default elementor-section-height-default exad-parallax-effect-no exad-background-color-change-no exad-glass-effect-no exad-sticky-section-no\" data-id=\"5c05be2\" data-element_type=\"section\" data-e-type=\"section\">\n\t\t\t\t\t\t<div class=\"elementor-container elementor-column-gap-default\">\n\t\t\t\t\t<div class=\"elementor-column elementor-col-50 elementor-inner-column elementor-element elementor-element-88567e5 exad-glass-effect-no exad-sticky-section-no\" data-id=\"88567e5\" data-element_type=\"column\" data-e-type=\"column\">\n\t\t\t<div class=\"elementor-widget-wrap elementor-element-populated\">\n\t\t\t\t\t\t<div class=\"elementor-element elementor-element-3200e2f exad-sticky-section-no exad-glass-effect-no elementor-widget elementor-widget-image\" data-id=\"3200e2f\" data-element_type=\"widget\" data-e-type=\"widget\" data-widget_type=\"image.default\">\n\t\t\t\t<div class=\"elementor-widget-container\">\n\t\t\t\t\t\t\t\t\t\t\t\t<figure class=\"wp-caption\">\n\t\t\t\t\t\t\t\t\t\t<img fetchpriority=\"high\" decoding=\"async\" width=\"768\" height=\"1024\" src=\"https:\/\/packaging-journal.de\/wp-content\/uploads\/2022\/08\/03-Druck-DEAG-176-Bearbeitet_-768x1024.jpg\" class=\"attachment-large size-large wp-image-66599\" alt=\"Picture of a man laughing into the camera.\" srcset=\"https:\/\/packaging-journal.de\/wp-content\/uploads\/2022\/08\/03-Druck-DEAG-176-Bearbeitet_-768x1024.jpg 768w, https:\/\/packaging-journal.de\/wp-content\/uploads\/2022\/08\/03-Druck-DEAG-176-Bearbeitet_-225x300.jpg 225w, https:\/\/packaging-journal.de\/wp-content\/uploads\/2022\/08\/03-Druck-DEAG-176-Bearbeitet_.jpg 1125w\" sizes=\"(max-width: 768px) 100vw, 768px\" \/>\t\t\t\t\t\t\t\t\t\t\t<figcaption class=\"widget-image-caption wp-caption-text\">Bj\u00f6rn Mathes, Deputy Managing Director of Dechema e. V. (Image: Markus P\u00fcttmann)<\/figcaption>\n\t\t\t\t\t\t\t\t\t\t<\/figure>\n\t\t\t\t\t\t\t\t\t<\/div>\n\t\t\t\t<\/div>\n\t\t\t\t\t<\/div>\n\t\t<\/div>\n\t\t\t\t<div class=\"elementor-column elementor-col-50 elementor-inner-column elementor-element elementor-element-2fe4d35 exad-glass-effect-no exad-sticky-section-no\" data-id=\"2fe4d35\" data-element_type=\"column\" data-e-type=\"column\">\n\t\t\t<div class=\"elementor-widget-wrap\">\n\t\t\t\t\t\t\t<\/div>\n\t\t<\/div>\n\t\t\t\t\t<\/div>\n\t\t<\/section>\n\t\t\t\t<div class=\"elementor-element elementor-element-182c9d8 exad-sticky-section-no exad-glass-effect-no elementor-widget elementor-widget-text-editor\" data-id=\"182c9d8\" data-element_type=\"widget\" data-e-type=\"widget\" data-widget_type=\"text-editor.default\">\n\t\t\t\t<div class=\"elementor-widget-container\">\n\t\t\t\t\t\t\t\t\t<p><a href=\"https:\/\/www.achema.de\/de\/\" target=\"_blank\" rel=\"noopener\">http:\/\/www.achema.de<\/a><\/p>\t\t\t\t\t\t\t\t<\/div>\n\t\t\t\t<\/div>\n\t\t\t\t\t<\/div>\n\t\t<\/div>\n\t\t\t\t\t<\/div>\n\t\t<\/section>\n\t\t\t\t<section data-exad-particle-enable=\"false\" class=\"elementor-section elementor-top-section elementor-element elementor-element-400ce955 elementor-section-boxed elementor-section-height-default elementor-section-height-default exad-parallax-effect-no exad-background-color-change-no exad-glass-effect-no exad-sticky-section-no\" data-id=\"400ce955\" data-element_type=\"section\" data-e-type=\"section\" data-settings=\"{&quot;background_background&quot;:&quot;classic&quot;}\">\n\t\t\t\t\t\t<div class=\"elementor-container elementor-column-gap-default\">\n\t\t\t\t\t<div class=\"elementor-column elementor-col-100 elementor-top-column elementor-element elementor-element-1b38b132 exad-glass-effect-no exad-sticky-section-no\" data-id=\"1b38b132\" data-element_type=\"column\" data-e-type=\"column\">\n\t\t\t<div class=\"elementor-widget-wrap elementor-element-populated\">\n\t\t\t\t\t\t<div class=\"elementor-element elementor-element-26c9e87b exad-sticky-section-no exad-glass-effect-no elementor-widget elementor-widget-heading\" data-id=\"26c9e87b\" data-element_type=\"widget\" data-e-type=\"widget\" data-widget_type=\"heading.default\">\n\t\t\t\t<div class=\"elementor-widget-container\">\n\t\t\t\t\t<h2 class=\"elementor-heading-title elementor-size-default\">More news from the magazine<\/h2>\t\t\t\t<\/div>\n\t\t\t\t<\/div>\n\t\t\t\t<div class=\"elementor-element elementor-element-5c847196 elementor-grid-3 elementor-grid-tablet-2 elementor-grid-mobile-1 elementor-posts--thumbnail-top elementor-posts__hover-gradient exad-sticky-section-no exad-glass-effect-no elementor-widget elementor-widget-posts\" data-id=\"5c847196\" data-element_type=\"widget\" data-e-type=\"widget\" data-settings=\"{&quot;cards_row_gap&quot;:{&quot;unit&quot;:&quot;px&quot;,&quot;size&quot;:38,&quot;sizes&quot;:[]},&quot;cards_columns&quot;:&quot;3&quot;,&quot;cards_columns_tablet&quot;:&quot;2&quot;,&quot;cards_columns_mobile&quot;:&quot;1&quot;,&quot;cards_row_gap_tablet&quot;:{&quot;unit&quot;:&quot;px&quot;,&quot;size&quot;:&quot;&quot;,&quot;sizes&quot;:[]},&quot;cards_row_gap_mobile&quot;:{&quot;unit&quot;:&quot;px&quot;,&quot;size&quot;:&quot;&quot;,&quot;sizes&quot;:[]}}\" data-widget_type=\"posts.cards\">\n\t\t\t\t<div class=\"elementor-widget-container\">\n\t\t\t\t\t\t\t<div class=\"elementor-posts-container elementor-posts elementor-posts--skin-cards elementor-grid\" role=\"list\">\n\t\t\t\t<article class=\"elementor-post elementor-grid-item post-115246 post type-post status-publish format-standard has-post-thumbnail category-aus-dem-magazin category-green-packaging tag-abfalltechnik-und-recycling tag-kunststoff-und-verbunde tag-magazin-02-2026 tag-nachhaltigkeit-und-green-packaging tag-packmittel-und-packstoffe tag-pharma-kosmetik-chemie tag-werner-mertz cs-entry cs-video-wrap\" role=\"listitem\">\n\t\t\t<div class=\"elementor-post__card\">\n\t\t\t\t<a class=\"elementor-post__thumbnail__link\" href=\"https:\/\/packaging-journal.de\/en\/women-in-packaging-nachhaltige-verpackungen\/\" tabindex=\"-1\"><div class=\"elementor-post__thumbnail\"><img decoding=\"async\" width=\"300\" height=\"163\" src=\"https:\/\/packaging-journal.de\/wp-content\/uploads\/2026\/04\/wernermertz-julia-knobloch-300x163.jpg\" class=\"attachment-medium size-medium wp-image-115247\" alt=\"\" srcset=\"https:\/\/packaging-journal.de\/wp-content\/uploads\/2026\/04\/wernermertz-julia-knobloch-300x163.jpg 300w, https:\/\/packaging-journal.de\/wp-content\/uploads\/2026\/04\/wernermertz-julia-knobloch-1024x555.jpg 1024w, https:\/\/packaging-journal.de\/wp-content\/uploads\/2026\/04\/wernermertz-julia-knobloch-768x416.jpg 768w, https:\/\/packaging-journal.de\/wp-content\/uploads\/2026\/04\/wernermertz-julia-knobloch-18x10.jpg 18w, https:\/\/packaging-journal.de\/wp-content\/uploads\/2026\/04\/wernermertz-julia-knobloch-332x180.jpg 332w, https:\/\/packaging-journal.de\/wp-content\/uploads\/2026\/04\/wernermertz-julia-knobloch-664x360.jpg 664w, https:\/\/packaging-journal.de\/wp-content\/uploads\/2026\/04\/wernermertz-julia-knobloch-688x373.jpg 688w, https:\/\/packaging-journal.de\/wp-content\/uploads\/2026\/04\/wernermertz-julia-knobloch-1044x566.jpg 1044w, https:\/\/packaging-journal.de\/wp-content\/uploads\/2026\/04\/wernermertz-julia-knobloch.jpg 1200w\" sizes=\"(max-width: 300px) 100vw, 300px\" \/><\/div><\/a>\n\t\t\t\t<div class=\"elementor-post__text\">\n\t\t\t\t<h3 class=\"elementor-post__title\">\n\t\t\t<a href=\"https:\/\/packaging-journal.de\/en\/women-in-packaging-nachhaltige-verpackungen\/\">\n\t\t\t\tWomen in Packaging: Shaping Sustainable Packaging\t\t\t<\/a>\n\t\t<\/h3>\n\t\t\t\t<div class=\"elementor-post__excerpt\">\n\t\t\tAs a packaging developer, Julia Knobloch has been instrumental in the development of sustainable packaging solutions at Werner &amp; Mertz for two years.\t\t<\/div>\n\t\t\n\t\t<a class=\"elementor-post__read-more\" href=\"https:\/\/packaging-journal.de\/en\/women-in-packaging-nachhaltige-verpackungen\/\" aria-label=\"Read more about Women in Packaging: Shaping sustainable packaging\" tabindex=\"-1\">\n\t\t\tRead more \"\t\t<\/a>\n\n\t\t\t\t<\/div>\n\t\t\t\t\t<\/div>\n\t\t<\/article>\n\t\t\t\t<article class=\"elementor-post elementor-grid-item post-114812 post type-post status-publish format-standard has-post-thumbnail category-aus-dem-magazin tag-etikettieren-kennzeichnen-codieren tag-eu-verpackungsverordnung tag-magazin-02-2026 tag-packmittel-und-packstoffe tag-rea-elektronik tag-software-und-steuern cs-entry cs-video-wrap\" role=\"listitem\">\n\t\t\t<div class=\"elementor-post__card\">\n\t\t\t\t<a class=\"elementor-post__thumbnail__link\" href=\"https:\/\/packaging-journal.de\/en\/rea-loesungen-zur-umsetzung-von-ppwr-und-dpp\/\" tabindex=\"-1\"><div class=\"elementor-post__thumbnail\"><img decoding=\"async\" width=\"300\" height=\"163\" src=\"https:\/\/packaging-journal.de\/wp-content\/uploads\/2026\/04\/rea-titel-2_26-300x163.jpg\" class=\"attachment-medium size-medium wp-image-114813\" alt=\"\" srcset=\"https:\/\/packaging-journal.de\/wp-content\/uploads\/2026\/04\/rea-titel-2_26-300x163.jpg 300w, https:\/\/packaging-journal.de\/wp-content\/uploads\/2026\/04\/rea-titel-2_26-1024x555.jpg 1024w, https:\/\/packaging-journal.de\/wp-content\/uploads\/2026\/04\/rea-titel-2_26-768x416.jpg 768w, https:\/\/packaging-journal.de\/wp-content\/uploads\/2026\/04\/rea-titel-2_26-18x10.jpg 18w, https:\/\/packaging-journal.de\/wp-content\/uploads\/2026\/04\/rea-titel-2_26-332x180.jpg 332w, https:\/\/packaging-journal.de\/wp-content\/uploads\/2026\/04\/rea-titel-2_26-664x360.jpg 664w, https:\/\/packaging-journal.de\/wp-content\/uploads\/2026\/04\/rea-titel-2_26-688x373.jpg 688w, https:\/\/packaging-journal.de\/wp-content\/uploads\/2026\/04\/rea-titel-2_26-1044x566.jpg 1044w, https:\/\/packaging-journal.de\/wp-content\/uploads\/2026\/04\/rea-titel-2_26.jpg 1200w\" sizes=\"(max-width: 300px) 100vw, 300px\" \/><\/div><\/a>\n\t\t\t\t<div class=\"elementor-post__text\">\n\t\t\t\t<h3 class=\"elementor-post__title\">\n\t\t\t<a href=\"https:\/\/packaging-journal.de\/en\/rea-loesungen-zur-umsetzung-von-ppwr-und-dpp\/\">\n\t\t\t\tPPWR and DPP: \u201eMore Opportunities Than Risks\u201c\t\t\t<\/a>\n\t\t<\/h3>\n\t\t\t\t<div class=\"elementor-post__excerpt\">\n\t\t\tThe implementation of PPWR and DPP puts labelling technologies to the test, as manufacturers must ensure that the new codes are compliant, high-quality, and permanently readable on the product or packaging. REA Elektronik offers the appropriate solutions.\t\t<\/div>\n\t\t\n\t\t<a class=\"elementor-post__read-more\" href=\"https:\/\/packaging-journal.de\/en\/rea-loesungen-zur-umsetzung-von-ppwr-und-dpp\/\" aria-label=\"Read more about PPWR and DPP: \u201eMore opportunities than risks\u201c\" tabindex=\"-1\">\n\t\t\tRead more \"\t\t<\/a>\n\n\t\t\t\t<\/div>\n\t\t\t\t\t<\/div>\n\t\t<\/article>\n\t\t\t\t<article class=\"elementor-post elementor-grid-item post-114110 post type-post status-publish format-standard has-post-thumbnail category-aus-dem-magazin tag-magazin-01-2026 tag-papier-pappe-karton tag-verpackungsdruck-und-veredelung tag-verpackungsmaschinen tag-verpackungstechnik cs-entry cs-video-wrap\" role=\"listitem\">\n\t\t\t<div class=\"elementor-post__card\">\n\t\t\t\t<a class=\"elementor-post__thumbnail__link\" href=\"https:\/\/packaging-journal.de\/en\/vom-nischenansatz-zur-industriellen-realitaet\/\" tabindex=\"-1\"><div class=\"elementor-post__thumbnail\"><img loading=\"lazy\" decoding=\"async\" width=\"300\" height=\"163\" src=\"https:\/\/packaging-journal.de\/wp-content\/uploads\/2026\/03\/Barsch-Formatsatz-300x163.jpg\" class=\"attachment-medium size-medium wp-image-114114\" alt=\"\" srcset=\"https:\/\/packaging-journal.de\/wp-content\/uploads\/2026\/03\/Barsch-Formatsatz-300x163.jpg 300w, https:\/\/packaging-journal.de\/wp-content\/uploads\/2026\/03\/Barsch-Formatsatz-1024x555.jpg 1024w, https:\/\/packaging-journal.de\/wp-content\/uploads\/2026\/03\/Barsch-Formatsatz-768x416.jpg 768w, https:\/\/packaging-journal.de\/wp-content\/uploads\/2026\/03\/Barsch-Formatsatz-18x10.jpg 18w, https:\/\/packaging-journal.de\/wp-content\/uploads\/2026\/03\/Barsch-Formatsatz-332x180.jpg 332w, https:\/\/packaging-journal.de\/wp-content\/uploads\/2026\/03\/Barsch-Formatsatz-664x360.jpg 664w, https:\/\/packaging-journal.de\/wp-content\/uploads\/2026\/03\/Barsch-Formatsatz-688x373.jpg 688w, https:\/\/packaging-journal.de\/wp-content\/uploads\/2026\/03\/Barsch-Formatsatz-1044x566.jpg 1044w, https:\/\/packaging-journal.de\/wp-content\/uploads\/2026\/03\/Barsch-Formatsatz.jpg 1200w\" sizes=\"(max-width: 300px) 100vw, 300px\" \/><\/div><\/a>\n\t\t\t\t<div class=\"elementor-post__text\">\n\t\t\t\t<h3 class=\"elementor-post__title\">\n\t\t\t<a href=\"https:\/\/packaging-journal.de\/en\/vom-nischenansatz-zur-industriellen-realitaet\/\">\n\t\t\t\tFrom Niche Approach to Industrial Reality\t\t\t<\/a>\n\t\t<\/h3>\n\t\t\t\t<div class=\"elementor-post__excerpt\">\n\t\t\tSince 1986, Barsch GmbH &amp; Co. KG from Reiskirchen has been developing modular horizontal flow pack machines.\t\t<\/div>\n\t\t\n\t\t<a class=\"elementor-post__read-more\" href=\"https:\/\/packaging-journal.de\/en\/vom-nischenansatz-zur-industriellen-realitaet\/\" aria-label=\"Read more about from niche approach to industrial reality\" tabindex=\"-1\">\n\t\t\tRead more \"\t\t<\/a>\n\n\t\t\t\t<\/div>\n\t\t\t\t\t<\/div>\n\t\t<\/article>\n\t\t\t\t<article class=\"elementor-post elementor-grid-item post-113499 post type-post status-publish format-standard has-post-thumbnail category-aus-dem-magazin category-verpackungstechnik tag-audio tag-digitalisierung tag-lebensmittel tag-magazin-01-2026 tag-mettler-toldedo tag-verpackungstechnik cs-entry cs-video-wrap\" role=\"listitem\">\n\t\t\t<div class=\"elementor-post__card\">\n\t\t\t\t<a class=\"elementor-post__thumbnail__link\" href=\"https:\/\/packaging-journal.de\/en\/mettler-toledo-waagen-sparen-ressourcen\/\" tabindex=\"-1\"><div class=\"elementor-post__thumbnail\"><img loading=\"lazy\" decoding=\"async\" width=\"300\" height=\"163\" src=\"https:\/\/packaging-journal.de\/wp-content\/uploads\/2026\/02\/mettler-toledo-300x163.jpg\" class=\"attachment-medium size-medium wp-image-113500\" alt=\"\" srcset=\"https:\/\/packaging-journal.de\/wp-content\/uploads\/2026\/02\/mettler-toledo-300x163.jpg 300w, https:\/\/packaging-journal.de\/wp-content\/uploads\/2026\/02\/mettler-toledo-1024x555.jpg 1024w, https:\/\/packaging-journal.de\/wp-content\/uploads\/2026\/02\/mettler-toledo-768x416.jpg 768w, https:\/\/packaging-journal.de\/wp-content\/uploads\/2026\/02\/mettler-toledo-18x10.jpg 18w, https:\/\/packaging-journal.de\/wp-content\/uploads\/2026\/02\/mettler-toledo-332x180.jpg 332w, https:\/\/packaging-journal.de\/wp-content\/uploads\/2026\/02\/mettler-toledo-664x360.jpg 664w, https:\/\/packaging-journal.de\/wp-content\/uploads\/2026\/02\/mettler-toledo-688x373.jpg 688w, https:\/\/packaging-journal.de\/wp-content\/uploads\/2026\/02\/mettler-toledo-1044x566.jpg 1044w, https:\/\/packaging-journal.de\/wp-content\/uploads\/2026\/02\/mettler-toledo.jpg 1200w\" sizes=\"(max-width: 300px) 100vw, 300px\" \/><\/div><\/a>\n\t\t\t\t<div class=\"elementor-post__text\">\n\t\t\t\t<h3 class=\"elementor-post__title\">\n\t\t\t<a href=\"https:\/\/packaging-journal.de\/en\/mettler-toledo-waagen-sparen-ressourcen\/\">\n\t\t\t\tIntelligent weighing technology saves resources\t\t\t<\/a>\n\t\t<\/h3>\n\t\t\t\t<div class=\"elementor-post__excerpt\">\n\t\t\tGreenyard is equipping its high-speed lines with intelligent weighing technology from Mettler-Toledo, thereby significantly reducing the safety margin during product filling.\t\t<\/div>\n\t\t\n\t\t<a class=\"elementor-post__read-more\" href=\"https:\/\/packaging-journal.de\/en\/mettler-toledo-waagen-sparen-ressourcen\/\" aria-label=\"Read more about Intelligent weighing technology saves resources\" tabindex=\"-1\">\n\t\t\tRead more \"\t\t<\/a>\n\n\t\t\t\t<\/div>\n\t\t\t\t\t<\/div>\n\t\t<\/article>\n\t\t\t\t<article class=\"elementor-post elementor-grid-item post-113494 post type-post status-publish format-standard has-post-thumbnail category-aus-dem-magazin category-green-packaging tag-kuenstliche-intelligenz tag-magazin-01-2026 tag-nachhaltigkeit-und-green-packaging tag-one-five tag-packmittel-und-packstoffe tag-papier-pappe-karton cs-entry cs-video-wrap\" role=\"listitem\">\n\t\t\t<div class=\"elementor-post__card\">\n\t\t\t\t<a class=\"elementor-post__thumbnail__link\" href=\"https:\/\/packaging-journal.de\/en\/mit-ki-schneller-zur-nachhaltigen-verpackung\/\" tabindex=\"-1\"><div class=\"elementor-post__thumbnail\"><img loading=\"lazy\" decoding=\"async\" width=\"300\" height=\"163\" src=\"https:\/\/packaging-journal.de\/wp-content\/uploads\/2026\/02\/one.five_-300x163.jpg\" class=\"attachment-medium size-medium wp-image-113495\" alt=\"\" srcset=\"https:\/\/packaging-journal.de\/wp-content\/uploads\/2026\/02\/one.five_-300x163.jpg 300w, https:\/\/packaging-journal.de\/wp-content\/uploads\/2026\/02\/one.five_-1024x555.jpg 1024w, https:\/\/packaging-journal.de\/wp-content\/uploads\/2026\/02\/one.five_-768x416.jpg 768w, https:\/\/packaging-journal.de\/wp-content\/uploads\/2026\/02\/one.five_-18x10.jpg 18w, https:\/\/packaging-journal.de\/wp-content\/uploads\/2026\/02\/one.five_-332x180.jpg 332w, https:\/\/packaging-journal.de\/wp-content\/uploads\/2026\/02\/one.five_-664x360.jpg 664w, https:\/\/packaging-journal.de\/wp-content\/uploads\/2026\/02\/one.five_-688x373.jpg 688w, https:\/\/packaging-journal.de\/wp-content\/uploads\/2026\/02\/one.five_-1044x566.jpg 1044w, https:\/\/packaging-journal.de\/wp-content\/uploads\/2026\/02\/one.five_.jpg 1200w\" sizes=\"(max-width: 300px) 100vw, 300px\" \/><\/div><\/a>\n\t\t\t\t<div class=\"elementor-post__text\">\n\t\t\t\t<h3 class=\"elementor-post__title\">\n\t\t\t<a href=\"https:\/\/packaging-journal.de\/en\/mit-ki-schneller-zur-nachhaltigen-verpackung\/\">\n\t\t\t\tFaster to sustainable packaging with AI\t\t\t<\/a>\n\t\t<\/h3>\n\t\t\t\t<div class=\"elementor-post__excerpt\">\n\t\t\tThe Hamburg-based start-up One.Five uses artificial intelligence to find the optimum packaging faster from the wide range of paper types and coating options.\t\t<\/div>\n\t\t\n\t\t<a class=\"elementor-post__read-more\" href=\"https:\/\/packaging-journal.de\/en\/mit-ki-schneller-zur-nachhaltigen-verpackung\/\" aria-label=\"Read more about Faster to sustainable packaging with AI\" tabindex=\"-1\">\n\t\t\tRead more \"\t\t<\/a>\n\n\t\t\t\t<\/div>\n\t\t\t\t\t<\/div>\n\t\t<\/article>\n\t\t\t\t<article class=\"elementor-post elementor-grid-item post-113491 post type-post status-publish format-standard has-post-thumbnail category-aus-dem-magazin category-green-packaging tag-kapag tag-magazin-01-2026 tag-nachhaltigkeit-und-green-packaging tag-packmittel-und-packstoffe tag-papier-pappe-karton cs-entry cs-video-wrap\" role=\"listitem\">\n\t\t\t<div class=\"elementor-post__card\">\n\t\t\t\t<a class=\"elementor-post__thumbnail__link\" href=\"https:\/\/packaging-journal.de\/en\/kapag-changemaker-papierverpackungen\/\" tabindex=\"-1\"><div class=\"elementor-post__thumbnail\"><img loading=\"lazy\" decoding=\"async\" width=\"300\" height=\"163\" src=\"https:\/\/packaging-journal.de\/wp-content\/uploads\/2026\/02\/kapag-etiketten-300x163.jpg\" class=\"attachment-medium size-medium wp-image-113492\" alt=\"\" srcset=\"https:\/\/packaging-journal.de\/wp-content\/uploads\/2026\/02\/kapag-etiketten-300x163.jpg 300w, https:\/\/packaging-journal.de\/wp-content\/uploads\/2026\/02\/kapag-etiketten-1024x555.jpg 1024w, https:\/\/packaging-journal.de\/wp-content\/uploads\/2026\/02\/kapag-etiketten-768x416.jpg 768w, https:\/\/packaging-journal.de\/wp-content\/uploads\/2026\/02\/kapag-etiketten-18x10.jpg 18w, https:\/\/packaging-journal.de\/wp-content\/uploads\/2026\/02\/kapag-etiketten-332x180.jpg 332w, https:\/\/packaging-journal.de\/wp-content\/uploads\/2026\/02\/kapag-etiketten-664x360.jpg 664w, https:\/\/packaging-journal.de\/wp-content\/uploads\/2026\/02\/kapag-etiketten-688x373.jpg 688w, https:\/\/packaging-journal.de\/wp-content\/uploads\/2026\/02\/kapag-etiketten-1044x566.jpg 1044w, https:\/\/packaging-journal.de\/wp-content\/uploads\/2026\/02\/kapag-etiketten.jpg 1200w\" sizes=\"(max-width: 300px) 100vw, 300px\" \/><\/div><\/a>\n\t\t\t\t<div class=\"elementor-post__text\">\n\t\t\t\t<h3 class=\"elementor-post__title\">\n\t\t\t<a href=\"https:\/\/packaging-journal.de\/en\/kapag-changemaker-papierverpackungen\/\">\n\t\t\t\tPaper packaging for special requirements\t\t\t<\/a>\n\t\t<\/h3>\n\t\t\t\t<div class=\"elementor-post__excerpt\">\n\t\t\tThe sister companies Kapag (Switzerland) and Oppboga (Sweden) support customers in switching from plastic to renewable raw materials with the renewable Changemaker paper and cardboard grades.\t\t<\/div>\n\t\t\n\t\t<a class=\"elementor-post__read-more\" href=\"https:\/\/packaging-journal.de\/en\/kapag-changemaker-papierverpackungen\/\" aria-label=\"Read more about Paper packaging for special requirements\" tabindex=\"-1\">\n\t\t\tRead more \"\t\t<\/a>\n\n\t\t\t\t<\/div>\n\t\t\t\t\t<\/div>\n\t\t<\/article>\n\t\t\t\t<\/div>\n\t\t\n\t\t\t\t\t\t<\/div>\n\t\t\t\t<\/div>\n\t\t\t\t\t<\/div>\n\t\t<\/div>\n\t\t\t\t\t<\/div>\n\t\t<\/section>\n\t\t\t\t<\/div>","protected":false},"excerpt":{"rendered":"Achema takes place again in August. In this interview, Bj\u00f6rn Mathes provides insights into trade fair planning in extraordinary times.","protected":false},"author":1,"featured_media":66600,"comment_status":"closed","ping_status":"closed","sticky":false,"template":"","format":"standard","meta":{"_acf_changed":false,"__cvm_playback_settings":[],"__cvm_video_id":"","rank_math_description":"Im August findet die Achema wieder statt. Im Gespr\u00e4ch gibt Bj\u00f6rn Mathes Einblicke in die Messeplanung in au\u00dfergew\u00f6hnlichen Zeiten.","rank_math_focus_keyword":"achema,interview","rank_math_title":"","csco_display_header_overlay":false,"csco_singular_sidebar":"","csco_page_header_type":"","csco_page_load_nextpost":"","csco_post_video_location":[],"csco_post_video_location_hash":"","csco_post_video_url":"","csco_post_video_bg_start_time":0,"csco_post_video_bg_end_time":0,"footnotes":"","_links_to":"","_links_to_target":""},"categories":[28],"tags":[5839,89,59753,70,39],"class_list":{"0":"post-66598","1":"post","2":"type-post","3":"status-publish","4":"format-standard","5":"has-post-thumbnail","7":"category-aus-dem-magazin","8":"tag-achema","9":"tag-interview","10":"tag-magazin-06-2022","11":"tag-verpackungsmaschinen","12":"tag-verpackungstechnik","13":"cs-entry","14":"cs-video-wrap"},"acf":[],"vimeo_video":null,"_links":{"self":[{"href":"https:\/\/packaging-journal.de\/en\/wp-json\/wp\/v2\/posts\/66598","targetHints":{"allow":["GET"]}}],"collection":[{"href":"https:\/\/packaging-journal.de\/en\/wp-json\/wp\/v2\/posts"}],"about":[{"href":"https:\/\/packaging-journal.de\/en\/wp-json\/wp\/v2\/types\/post"}],"author":[{"embeddable":true,"href":"https:\/\/packaging-journal.de\/en\/wp-json\/wp\/v2\/users\/1"}],"replies":[{"embeddable":true,"href":"https:\/\/packaging-journal.de\/en\/wp-json\/wp\/v2\/comments?post=66598"}],"version-history":[{"count":0,"href":"https:\/\/packaging-journal.de\/en\/wp-json\/wp\/v2\/posts\/66598\/revisions"}],"wp:featuredmedia":[{"embeddable":true,"href":"https:\/\/packaging-journal.de\/en\/wp-json\/wp\/v2\/media\/66600"}],"wp:attachment":[{"href":"https:\/\/packaging-journal.de\/en\/wp-json\/wp\/v2\/media?parent=66598"}],"wp:term":[{"taxonomy":"category","embeddable":true,"href":"https:\/\/packaging-journal.de\/en\/wp-json\/wp\/v2\/categories?post=66598"},{"taxonomy":"post_tag","embeddable":true,"href":"https:\/\/packaging-journal.de\/en\/wp-json\/wp\/v2\/tags?post=66598"}],"curies":[{"name":"wp","href":"https:\/\/api.w.org\/{rel}","templated":true}]}}