{"id":68216,"date":"2022-09-05T12:35:11","date_gmt":"2022-09-05T10:35:11","guid":{"rendered":"https:\/\/packaging-journal.de\/?p=68216"},"modified":"2022-10-12T15:56:46","modified_gmt":"2022-10-12T13:56:46","slug":"material-cycle-for-multilayer-films","status":"publish","type":"post","link":"https:\/\/packaging-journal.de\/en\/stoffkreislauf-fuer-mehrschichtfolien\/","title":{"rendered":"Material cycle for multilayer films"},"content":{"rendered":"<div data-elementor-type=\"wp-post\" data-elementor-id=\"68216\" class=\"elementor elementor-68216\" data-elementor-post-type=\"post\">\n\t\t\t\t\t\t<section data-exad-particle-enable=\"false\" class=\"elementor-section elementor-top-section elementor-element elementor-element-3343bc4 elementor-section-boxed elementor-section-height-default elementor-section-height-default exad-parallax-effect-no exad-background-color-change-no exad-glass-effect-no exad-sticky-section-no\" data-id=\"3343bc4\" data-element_type=\"section\" data-e-type=\"section\">\n\t\t\t\t\t\t<div class=\"elementor-container elementor-column-gap-default\">\n\t\t\t\t\t<div class=\"elementor-column elementor-col-100 elementor-top-column elementor-element elementor-element-8bee7f5 exad-glass-effect-no exad-sticky-section-no\" data-id=\"8bee7f5\" data-element_type=\"column\" data-e-type=\"column\">\n\t\t\t<div class=\"elementor-widget-wrap elementor-element-populated\">\n\t\t\t\t\t\t<div class=\"elementor-element elementor-element-52d3bde exad-sticky-section-no exad-glass-effect-no elementor-widget elementor-widget-text-editor\" data-id=\"52d3bde\" data-element_type=\"widget\" data-e-type=\"widget\" data-widget_type=\"text-editor.default\">\n\t\t\t\t<div class=\"elementor-widget-container\">\n\t\t\t\t\t\t\t\t\t<p><strong>With a new separation process, Pla.to enables a material cycle for multi-layer food films. Based on a simple and resource-saving technology, the system also enables the economical recycling of films with a low unit weight.<\/strong><\/p>\t\t\t\t\t\t\t\t<\/div>\n\t\t\t\t<\/div>\n\t\t\t\t<div class=\"elementor-element elementor-element-c31ab22 exad-sticky-section-no exad-glass-effect-no elementor-widget elementor-widget-text-editor\" data-id=\"c31ab22\" data-element_type=\"widget\" data-e-type=\"widget\" data-widget_type=\"text-editor.default\">\n\t\t\t\t<div class=\"elementor-widget-container\">\n\t\t\t\t\t\t\t\t\t<p>Developed by <a href=\"https:\/\/packaging-journal.de\/?s=pla.to\">Pla.to<\/a> the separation process as part of a joint research project with the Zittau Institute for Process Development, Circular Economy, Surface Technology and Natural Materials Research (<a href=\"https:\/\/zirkon.hszg.de\/\" target=\"_blank\" rel=\"noopener\">ZIRCON<\/a>) of the Zittau-G\u00f6rlitz University of Applied Sciences. It makes a contribution to this, <strong>to recover polyolefins for sustainable recycling and to close the material cycles of the corresponding polymers<\/strong>.<\/p>\t\t\t\t\t\t\t\t<\/div>\n\t\t\t\t<\/div>\n\t\t\t\t<div class=\"elementor-element elementor-element-5e246ac exad-sticky-section-no exad-glass-effect-no elementor-widget elementor-widget-image\" data-id=\"5e246ac\" data-element_type=\"widget\" data-e-type=\"widget\" data-widget_type=\"image.default\">\n\t\t\t\t<div class=\"elementor-widget-container\">\n\t\t\t\t\t\t\t\t\t\t\t\t<figure class=\"wp-caption\">\n\t\t\t\t\t\t\t\t\t\t<img fetchpriority=\"high\" decoding=\"async\" width=\"1024\" height=\"555\" src=\"https:\/\/packaging-journal.de\/wp-content\/uploads\/2022\/09\/3-1-1024x555.jpg\" class=\"attachment-large size-large wp-image-68220\" alt=\"Picture of plastic film waste\" srcset=\"https:\/\/packaging-journal.de\/wp-content\/uploads\/2022\/09\/3-1-1024x555.jpg 1024w, https:\/\/packaging-journal.de\/wp-content\/uploads\/2022\/09\/3-1-300x163.jpg 300w, https:\/\/packaging-journal.de\/wp-content\/uploads\/2022\/09\/3-1-768x416.jpg 768w, https:\/\/packaging-journal.de\/wp-content\/uploads\/2022\/09\/3-1.jpg 1200w\" sizes=\"(max-width: 1024px) 100vw, 1024px\" \/>\t\t\t\t\t\t\t\t\t\t\t<figcaption class=\"widget-image-caption wp-caption-text\">(Image: Pla.to Technology) <\/figcaption>\n\t\t\t\t\t\t\t\t\t\t<\/figure>\n\t\t\t\t\t\t\t\t\t<\/div>\n\t\t\t\t<\/div>\n\t\t\t\t<div class=\"elementor-element elementor-element-06524a5 exad-sticky-section-no exad-glass-effect-no elementor-widget elementor-widget-text-editor\" data-id=\"06524a5\" data-element_type=\"widget\" data-e-type=\"widget\" data-widget_type=\"text-editor.default\">\n\t\t\t\t<div class=\"elementor-widget-container\">\n\t\t\t\t\t\t\t\t\t<p>The process is based on two stages: In the first step, a <strong>new conditioning process changed the aerodynamic properties of the single and multi-layer films to varying degrees<\/strong>. This allows the materials to be classified in the air classifier in the second step. To enable this separation, the company has adapted the separator to the materials to be processed and optimised it for low bulk densities.<\/p><div class=\"packa-in-post-alle\" style=\"text-align: center;\" id=\"packa-3726056334\"><div id=\"packa-2782039806\"><a data-no-instant=\"1\" href=\"https:\/\/packaging-journal.de\/en\/newsletter\/\" rel=\"noopener\" class=\"a2t-link\" target=\"_blank\" aria-label=\"PJ Self-promotion English 03\"><!--noptimize--><img src=\"https:\/\/packaging-journal.de\/wp-content\/uploads\/2026\/01\/PJ-Eigenwerbung-English-03.png\" alt=\"\"  srcset=\"https:\/\/packaging-journal.de\/wp-content\/uploads\/2026\/01\/PJ-Eigenwerbung-English-03.png 840w, https:\/\/packaging-journal.de\/wp-content\/uploads\/2026\/01\/PJ-Eigenwerbung-English-03-300x75.png 300w, https:\/\/packaging-journal.de\/wp-content\/uploads\/2026\/01\/PJ-Eigenwerbung-English-03-768x192.png 768w, https:\/\/packaging-journal.de\/wp-content\/uploads\/2026\/01\/PJ-Eigenwerbung-English-03-18x5.png 18w, https:\/\/packaging-journal.de\/wp-content\/uploads\/2026\/01\/PJ-Eigenwerbung-English-03-332x83.png 332w, https:\/\/packaging-journal.de\/wp-content\/uploads\/2026\/01\/PJ-Eigenwerbung-English-03-664x166.png 664w, https:\/\/packaging-journal.de\/wp-content\/uploads\/2026\/01\/PJ-Eigenwerbung-English-03-688x172.png 688w\" sizes=\"(max-width: 840px) 100vw, 840px\" width=\"840\" height=\"210\"  style=\" max-width: 100%; height: auto;\" \/><!--\/noptimize--><\/a><\/div><\/div>\t\t\t\t\t\t\t\t<\/div>\n\t\t\t\t<\/div>\n\t\t\t\t<div class=\"elementor-element elementor-element-316b8c1 exad-sticky-section-no exad-glass-effect-no elementor-widget elementor-widget-text-editor\" data-id=\"316b8c1\" data-element_type=\"widget\" data-e-type=\"widget\" data-widget_type=\"text-editor.default\">\n\t\t\t\t<div class=\"elementor-widget-container\">\n\t\t\t\t\t\t\t\t\t<p>The process was tested on real material mixtures such as the film fraction 310 of the <a href=\"https:\/\/packaging-journal.de\/?s=gr%C3%BCner+punkt\">Green Dot<\/a> from the post-consumer sector. The polyethylene (PE) recovered in this way could not only be turned into a <strong>reusable granulate, but also successfully used for blowing new films.<\/strong> be recycled. This closes the cycle from film to film.<\/p>\t\t\t\t\t\t\t\t<\/div>\n\t\t\t\t<\/div>\n\t\t\t\t<section data-exad-particle-enable=\"false\" class=\"elementor-section elementor-inner-section elementor-element elementor-element-5fe519c elementor-section-boxed elementor-section-height-default elementor-section-height-default exad-parallax-effect-no exad-background-color-change-no exad-glass-effect-no exad-sticky-section-no\" data-id=\"5fe519c\" data-element_type=\"section\" data-e-type=\"section\">\n\t\t\t\t\t\t<div class=\"elementor-container elementor-column-gap-default\">\n\t\t\t\t\t<div class=\"elementor-column elementor-col-50 elementor-inner-column elementor-element elementor-element-80711da exad-glass-effect-no exad-sticky-section-no\" data-id=\"80711da\" data-element_type=\"column\" data-e-type=\"column\">\n\t\t\t<div class=\"elementor-widget-wrap elementor-element-populated\">\n\t\t\t\t\t\t<div class=\"elementor-element elementor-element-ecef02f exad-sticky-section-no exad-glass-effect-no elementor-widget elementor-widget-image\" data-id=\"ecef02f\" data-element_type=\"widget\" data-e-type=\"widget\" data-widget_type=\"image.default\">\n\t\t\t\t<div class=\"elementor-widget-container\">\n\t\t\t\t\t\t\t\t\t\t\t\t<figure class=\"wp-caption\">\n\t\t\t\t\t\t\t\t\t\t<img decoding=\"async\" width=\"768\" height=\"1024\" src=\"https:\/\/packaging-journal.de\/wp-content\/uploads\/2022\/09\/Pla.to-PI-K-Messe-Mehrschichtfolien-Recycl-Foto-4-768x1024.jpeg\" class=\"attachment-large size-large wp-image-68222\" alt=\"Picture of an extrusion film\" srcset=\"https:\/\/packaging-journal.de\/wp-content\/uploads\/2022\/09\/Pla.to-PI-K-Messe-Mehrschichtfolien-Recycl-Foto-4-768x1024.jpeg 768w, https:\/\/packaging-journal.de\/wp-content\/uploads\/2022\/09\/Pla.to-PI-K-Messe-Mehrschichtfolien-Recycl-Foto-4-225x300.jpeg 225w, https:\/\/packaging-journal.de\/wp-content\/uploads\/2022\/09\/Pla.to-PI-K-Messe-Mehrschichtfolien-Recycl-Foto-4.jpeg 1125w\" sizes=\"(max-width: 768px) 100vw, 768px\" \/>\t\t\t\t\t\t\t\t\t\t\t<figcaption class=\"widget-image-caption wp-caption-text\">(Image: Pla.to Technology) <\/figcaption>\n\t\t\t\t\t\t\t\t\t\t<\/figure>\n\t\t\t\t\t\t\t\t\t<\/div>\n\t\t\t\t<\/div>\n\t\t\t\t\t<\/div>\n\t\t<\/div>\n\t\t\t\t<div class=\"elementor-column elementor-col-50 elementor-inner-column elementor-element elementor-element-c14abc8 exad-glass-effect-no exad-sticky-section-no\" data-id=\"c14abc8\" data-element_type=\"column\" data-e-type=\"column\">\n\t\t\t<div class=\"elementor-widget-wrap elementor-element-populated\">\n\t\t\t\t\t\t<div class=\"elementor-element elementor-element-69b5f04 exad-sticky-section-no exad-glass-effect-no elementor-widget elementor-widget-text-editor\" data-id=\"69b5f04\" data-element_type=\"widget\" data-e-type=\"widget\" data-widget_type=\"text-editor.default\">\n\t\t\t\t<div class=\"elementor-widget-container\">\n\t\t\t\t\t\t\t\t\t<p>Plastic films still dominate food packaging. They keep the contents fresh and protect the flavour and appearance from environmental influences. High-performance laminates consisting of several layers of film that are bonded together are used for this purpose. As a result, they combine different protective properties with minimal use of material. These <strong>However, multilayer films are problematic in terms of recyclability<\/strong>Nevertheless, their market share has increased in the past.<\/p><div id=\"packa-3863371583\" class=\"packa-inhalt\"><!--noptimize--><script async src=\"https:\/\/pagead2.googlesyndication.com\/pagead\/js\/adsbygoogle.js?client=ca-pub-2686439340972671\" crossorigin=\"anonymous\"><\/script>\r\n<ins class=\"adsbygoogle\" style=\"display:block;text-align:center\" data-ad-layout=\"in-article\" data-ad-format=\"fluid\" data-ad-client=\"ca-pub-2686439340972671\" data-ad-slot=\"6171251825\"><\/ins>\r\n<script>\r\n     (adsbygoogle = window.adsbygoogle || []).push({});\r\n<\/script><!--\/noptimize--><\/div>\t\t\t\t\t\t\t\t<\/div>\n\t\t\t\t<\/div>\n\t\t\t\t\t<\/div>\n\t\t<\/div>\n\t\t\t\t\t<\/div>\n\t\t<\/section>\n\t\t\t\t<div class=\"elementor-element elementor-element-d752079 exad-sticky-section-no exad-glass-effect-no elementor-widget elementor-widget-text-editor\" data-id=\"d752079\" data-element_type=\"widget\" data-e-type=\"widget\" data-widget_type=\"text-editor.default\">\n\t\t\t\t<div class=\"elementor-widget-container\">\n\t\t\t\t\t\t\t\t\t<p>In contrast to single-layer materials such as films made from polyolefins, for example polyethylene (PE) or polypropylene (PP), they cannot simply be melted down and recycled, as the different polymers are generally immiscible. This is why downcycling usually takes place, which only allows recycling companies to achieve a low added value.<\/p><p><em>Source:\u00a0<\/em><a href=\"https:\/\/www.plato-technology.de\/\" target=\"_blank\" rel=\"noopener\">Pla.to<\/a><\/p><p><strong>Pla.to at the K trade fair: Hall 9, Stand D17<\/strong><\/p>\t\t\t\t\t\t\t\t<\/div>\n\t\t\t\t<\/div>\n\t\t\t\t\t<\/div>\n\t\t<\/div>\n\t\t\t\t\t<\/div>\n\t\t<\/section>\n\t\t\t\t<section data-exad-particle-enable=\"false\" class=\"elementor-section elementor-top-section elementor-element elementor-element-564974b2 elementor-section-boxed elementor-section-height-default elementor-section-height-default exad-parallax-effect-no exad-background-color-change-no exad-glass-effect-no exad-sticky-section-no\" data-id=\"564974b2\" data-element_type=\"section\" data-e-type=\"section\" data-settings=\"{&quot;background_background&quot;:&quot;classic&quot;}\">\n\t\t\t\t\t\t<div class=\"elementor-container elementor-column-gap-default\">\n\t\t\t\t\t<div class=\"elementor-column elementor-col-100 elementor-top-column elementor-element elementor-element-3b8eed14 exad-glass-effect-no exad-sticky-section-no\" data-id=\"3b8eed14\" data-element_type=\"column\" data-e-type=\"column\">\n\t\t\t<div class=\"elementor-widget-wrap elementor-element-populated\">\n\t\t\t\t\t\t<div class=\"elementor-element elementor-element-2ff72e93 exad-sticky-section-no exad-glass-effect-no elementor-widget elementor-widget-heading\" data-id=\"2ff72e93\" data-element_type=\"widget\" data-e-type=\"widget\" data-widget_type=\"heading.default\">\n\t\t\t\t<div class=\"elementor-widget-container\">\n\t\t\t\t\t<h2 class=\"elementor-heading-title elementor-size-default\">More news from the recycling sector <\/h2>\t\t\t\t<\/div>\n\t\t\t\t<\/div>\n\t\t\t\t<div class=\"elementor-element elementor-element-7d521e5a elementor-grid-3 elementor-grid-tablet-2 elementor-grid-mobile-1 elementor-posts--thumbnail-top elementor-posts__hover-gradient exad-sticky-section-no exad-glass-effect-no elementor-widget elementor-widget-posts\" data-id=\"7d521e5a\" data-element_type=\"widget\" data-e-type=\"widget\" data-settings=\"{&quot;cards_row_gap&quot;:{&quot;unit&quot;:&quot;px&quot;,&quot;size&quot;:38,&quot;sizes&quot;:[]},&quot;cards_columns&quot;:&quot;3&quot;,&quot;cards_columns_tablet&quot;:&quot;2&quot;,&quot;cards_columns_mobile&quot;:&quot;1&quot;,&quot;cards_row_gap_tablet&quot;:{&quot;unit&quot;:&quot;px&quot;,&quot;size&quot;:&quot;&quot;,&quot;sizes&quot;:[]},&quot;cards_row_gap_mobile&quot;:{&quot;unit&quot;:&quot;px&quot;,&quot;size&quot;:&quot;&quot;,&quot;sizes&quot;:[]}}\" data-widget_type=\"posts.cards\">\n\t\t\t\t<div class=\"elementor-widget-container\">\n\t\t\t\t\t\t\t<div class=\"elementor-posts-container elementor-posts elementor-posts--skin-cards elementor-grid\" role=\"list\">\n\t\t\t\t<article class=\"elementor-post elementor-grid-item post-115246 post type-post status-publish format-standard has-post-thumbnail category-aus-dem-magazin category-green-packaging tag-abfalltechnik-und-recycling tag-kunststoff-und-verbunde tag-magazin-02-2026 tag-nachhaltigkeit-und-green-packaging tag-packmittel-und-packstoffe tag-pharma-kosmetik-chemie tag-werner-mertz cs-entry cs-video-wrap\" role=\"listitem\">\n\t\t\t<div class=\"elementor-post__card\">\n\t\t\t\t<a class=\"elementor-post__thumbnail__link\" href=\"https:\/\/packaging-journal.de\/en\/women-in-packaging-nachhaltige-verpackungen\/\" tabindex=\"-1\"><div class=\"elementor-post__thumbnail\"><img decoding=\"async\" width=\"300\" height=\"163\" src=\"https:\/\/packaging-journal.de\/wp-content\/uploads\/2026\/04\/wernermertz-julia-knobloch-300x163.jpg\" class=\"attachment-medium size-medium wp-image-115247\" alt=\"\" srcset=\"https:\/\/packaging-journal.de\/wp-content\/uploads\/2026\/04\/wernermertz-julia-knobloch-300x163.jpg 300w, https:\/\/packaging-journal.de\/wp-content\/uploads\/2026\/04\/wernermertz-julia-knobloch-1024x555.jpg 1024w, https:\/\/packaging-journal.de\/wp-content\/uploads\/2026\/04\/wernermertz-julia-knobloch-768x416.jpg 768w, https:\/\/packaging-journal.de\/wp-content\/uploads\/2026\/04\/wernermertz-julia-knobloch-18x10.jpg 18w, https:\/\/packaging-journal.de\/wp-content\/uploads\/2026\/04\/wernermertz-julia-knobloch-332x180.jpg 332w, https:\/\/packaging-journal.de\/wp-content\/uploads\/2026\/04\/wernermertz-julia-knobloch-664x360.jpg 664w, https:\/\/packaging-journal.de\/wp-content\/uploads\/2026\/04\/wernermertz-julia-knobloch-688x373.jpg 688w, https:\/\/packaging-journal.de\/wp-content\/uploads\/2026\/04\/wernermertz-julia-knobloch-1044x566.jpg 1044w, https:\/\/packaging-journal.de\/wp-content\/uploads\/2026\/04\/wernermertz-julia-knobloch.jpg 1200w\" sizes=\"(max-width: 300px) 100vw, 300px\" \/><\/div><\/a>\n\t\t\t\t<div class=\"elementor-post__text\">\n\t\t\t\t<h3 class=\"elementor-post__title\">\n\t\t\t<a href=\"https:\/\/packaging-journal.de\/en\/women-in-packaging-nachhaltige-verpackungen\/\">\n\t\t\t\tWomen in Packaging: Shaping Sustainable Packaging\t\t\t<\/a>\n\t\t<\/h3>\n\t\t\t\t<div class=\"elementor-post__excerpt\">\n\t\t\tAs a packaging developer, Julia Knobloch has been instrumental in the development of sustainable packaging solutions at Werner &amp; Mertz for two years.\t\t<\/div>\n\t\t\n\t\t<a class=\"elementor-post__read-more\" href=\"https:\/\/packaging-journal.de\/en\/women-in-packaging-nachhaltige-verpackungen\/\" aria-label=\"Read more about Women in Packaging: Shaping sustainable packaging\" tabindex=\"-1\">\n\t\t\tRead more \"\t\t<\/a>\n\n\t\t\t\t<\/div>\n\t\t\t\t\t<\/div>\n\t\t<\/article>\n\t\t\t\t<article class=\"elementor-post elementor-grid-item post-115234 post type-post status-publish format-standard has-post-thumbnail category-green-packaging tag-abfalltechnik-und-recycling tag-bde tag-nachhaltigkeit-und-green-packaging tag-packmittel-und-packstoffe cs-entry cs-video-wrap\" role=\"listitem\">\n\t\t\t<div class=\"elementor-post__card\">\n\t\t\t\t<a class=\"elementor-post__thumbnail__link\" href=\"https:\/\/packaging-journal.de\/en\/transformationsbooster-fuer-kreislaufwirtschaft\/\" tabindex=\"-1\"><div class=\"elementor-post__thumbnail\"><img loading=\"lazy\" decoding=\"async\" width=\"300\" height=\"200\" src=\"https:\/\/packaging-journal.de\/wp-content\/uploads\/2024\/12\/kreislaufwirtschaft-300x200.jpg\" class=\"attachment-medium size-medium wp-image-97648\" alt=\"\" srcset=\"https:\/\/packaging-journal.de\/wp-content\/uploads\/2024\/12\/kreislaufwirtschaft-300x200.jpg 300w, https:\/\/packaging-journal.de\/wp-content\/uploads\/2024\/12\/kreislaufwirtschaft-1024x683.jpg 1024w, https:\/\/packaging-journal.de\/wp-content\/uploads\/2024\/12\/kreislaufwirtschaft-768x512.jpg 768w, https:\/\/packaging-journal.de\/wp-content\/uploads\/2024\/12\/kreislaufwirtschaft.jpg 1200w\" sizes=\"(max-width: 300px) 100vw, 300px\" \/><\/div><\/a>\n\t\t\t\t<div class=\"elementor-post__text\">\n\t\t\t\t<h3 class=\"elementor-post__title\">\n\t\t\t<a href=\"https:\/\/packaging-journal.de\/en\/transformationsbooster-fuer-kreislaufwirtschaft\/\">\n\t\t\t\tAlliance calls for transformation booster for the circular economy\t\t\t<\/a>\n\t\t<\/h3>\n\t\t\t\t<div class=\"elementor-post__excerpt\">\n\t\t\tAn industry alliance is urging for political measures to strengthen the circular economy. This is intended to secure jobs and make the industry fit for the future.\t\t<\/div>\n\t\t\n\t\t<a class=\"elementor-post__read-more\" href=\"https:\/\/packaging-journal.de\/en\/transformationsbooster-fuer-kreislaufwirtschaft\/\" aria-label=\"Read more about Alliance calls for transformation booster for the circular economy\" tabindex=\"-1\">\n\t\t\tRead more \"\t\t<\/a>\n\n\t\t\t\t<\/div>\n\t\t\t\t\t<\/div>\n\t\t<\/article>\n\t\t\t\t<article class=\"elementor-post elementor-grid-item post-115228 post type-post status-publish format-standard has-post-thumbnail category-green-packaging tag-abfalltechnik-und-recycling tag-kunststoff-und-verbunde tag-nachhaltigkeit-und-green-packaging tag-packmittel-und-packstoffe tag-werner-mertz cs-entry cs-video-wrap\" role=\"listitem\">\n\t\t\t<div class=\"elementor-post__card\">\n\t\t\t\t<a class=\"elementor-post__thumbnail__link\" href=\"https:\/\/packaging-journal.de\/en\/kreislaufwirtschaft-fuer-energiesouveraenitaet\/\" tabindex=\"-1\"><div class=\"elementor-post__thumbnail\"><img loading=\"lazy\" decoding=\"async\" width=\"300\" height=\"163\" src=\"https:\/\/packaging-journal.de\/wp-content\/uploads\/2026\/04\/wernermertz-flaschen-300x163.jpg\" class=\"attachment-medium size-medium wp-image-115230\" alt=\"\" srcset=\"https:\/\/packaging-journal.de\/wp-content\/uploads\/2026\/04\/wernermertz-flaschen-300x163.jpg 300w, https:\/\/packaging-journal.de\/wp-content\/uploads\/2026\/04\/wernermertz-flaschen-1024x555.jpg 1024w, https:\/\/packaging-journal.de\/wp-content\/uploads\/2026\/04\/wernermertz-flaschen-768x416.jpg 768w, https:\/\/packaging-journal.de\/wp-content\/uploads\/2026\/04\/wernermertz-flaschen-18x10.jpg 18w, https:\/\/packaging-journal.de\/wp-content\/uploads\/2026\/04\/wernermertz-flaschen-332x180.jpg 332w, https:\/\/packaging-journal.de\/wp-content\/uploads\/2026\/04\/wernermertz-flaschen-664x360.jpg 664w, https:\/\/packaging-journal.de\/wp-content\/uploads\/2026\/04\/wernermertz-flaschen-688x373.jpg 688w, https:\/\/packaging-journal.de\/wp-content\/uploads\/2026\/04\/wernermertz-flaschen-1044x566.jpg 1044w, https:\/\/packaging-journal.de\/wp-content\/uploads\/2026\/04\/wernermertz-flaschen.jpg 1200w\" sizes=\"(max-width: 300px) 100vw, 300px\" \/><\/div><\/a>\n\t\t\t\t<div class=\"elementor-post__text\">\n\t\t\t\t<h3 class=\"elementor-post__title\">\n\t\t\t<a href=\"https:\/\/packaging-journal.de\/en\/kreislaufwirtschaft-fuer-energiesouveraenitaet\/\">\n\t\t\t\tWerner &amp; Mertz: A Circular Economy Brings Independence and Security\t\t\t<\/a>\n\t\t<\/h3>\n\t\t\t\t<div class=\"elementor-post__excerpt\">\n\t\t\tThe circular economy is gaining importance as a strategy for energy sovereignty and security. Werner &amp; Mertz demonstrates how companies can achieve economic stability through sustainable practices.\t\t<\/div>\n\t\t\n\t\t<a class=\"elementor-post__read-more\" href=\"https:\/\/packaging-journal.de\/en\/kreislaufwirtschaft-fuer-energiesouveraenitaet\/\" aria-label=\"Read more about Werner &amp; Mertz: Circular economy brings independence and security\" tabindex=\"-1\">\n\t\t\tRead more \"\t\t<\/a>\n\n\t\t\t\t<\/div>\n\t\t\t\t\t<\/div>\n\t\t<\/article>\n\t\t\t\t<article class=\"elementor-post elementor-grid-item post-115032 post type-post status-publish format-standard has-post-thumbnail category-green-packaging tag-abfalltechnik-und-recycling tag-initiative-natuerliche-kreislaufwirtschaft tag-kunststoff-und-verbunde tag-nachhaltigkeit-und-green-packaging cs-entry cs-video-wrap\" role=\"listitem\">\n\t\t\t<div class=\"elementor-post__card\">\n\t\t\t\t<a class=\"elementor-post__thumbnail__link\" href=\"https:\/\/packaging-journal.de\/en\/forschungsprojekt-kompostierbare-kunststoffe\/\" tabindex=\"-1\"><div class=\"elementor-post__thumbnail\"><img loading=\"lazy\" decoding=\"async\" width=\"300\" height=\"163\" src=\"https:\/\/packaging-journal.de\/wp-content\/uploads\/2026\/04\/forschungsprojekt-kunststoffkompostierung-300x163.jpg\" class=\"attachment-medium size-medium wp-image-115034\" alt=\"\" srcset=\"https:\/\/packaging-journal.de\/wp-content\/uploads\/2026\/04\/forschungsprojekt-kunststoffkompostierung-300x163.jpg 300w, https:\/\/packaging-journal.de\/wp-content\/uploads\/2026\/04\/forschungsprojekt-kunststoffkompostierung-1024x555.jpg 1024w, https:\/\/packaging-journal.de\/wp-content\/uploads\/2026\/04\/forschungsprojekt-kunststoffkompostierung-768x416.jpg 768w, https:\/\/packaging-journal.de\/wp-content\/uploads\/2026\/04\/forschungsprojekt-kunststoffkompostierung-18x10.jpg 18w, https:\/\/packaging-journal.de\/wp-content\/uploads\/2026\/04\/forschungsprojekt-kunststoffkompostierung-332x180.jpg 332w, https:\/\/packaging-journal.de\/wp-content\/uploads\/2026\/04\/forschungsprojekt-kunststoffkompostierung-664x360.jpg 664w, https:\/\/packaging-journal.de\/wp-content\/uploads\/2026\/04\/forschungsprojekt-kunststoffkompostierung-688x373.jpg 688w, https:\/\/packaging-journal.de\/wp-content\/uploads\/2026\/04\/forschungsprojekt-kunststoffkompostierung-1044x566.jpg 1044w, https:\/\/packaging-journal.de\/wp-content\/uploads\/2026\/04\/forschungsprojekt-kunststoffkompostierung.jpg 1200w\" sizes=\"(max-width: 300px) 100vw, 300px\" \/><\/div><\/a>\n\t\t\t\t<div class=\"elementor-post__text\">\n\t\t\t\t<h3 class=\"elementor-post__title\">\n\t\t\t<a href=\"https:\/\/packaging-journal.de\/en\/forschungsprojekt-kompostierbare-kunststoffe\/\">\n\t\t\t\tHow well do compostable films really break down in soil?\t\t\t<\/a>\n\t\t<\/h3>\n\t\t\t\t<div class=\"elementor-post__excerpt\">\n\t\t\tA German-Austrian project is investigating how compostable plastic films decompose in soil. The aim is to better understand the environmental compatibility of these materials.\t\t<\/div>\n\t\t\n\t\t<a class=\"elementor-post__read-more\" href=\"https:\/\/packaging-journal.de\/en\/forschungsprojekt-kompostierbare-kunststoffe\/\" aria-label=\"Read more about How well do compostable films really break down in soil?\" tabindex=\"-1\">\n\t\t\tRead more \"\t\t<\/a>\n\n\t\t\t\t<\/div>\n\t\t\t\t\t<\/div>\n\t\t<\/article>\n\t\t\t\t<article class=\"elementor-post elementor-grid-item post-114895 post type-post status-publish format-standard has-post-thumbnail category-sponsored-post tag-abfalltechnik-und-recycling tag-ballenpressen tag-hsm tag-papier-pappe-karton cs-entry cs-video-wrap\" role=\"listitem\">\n\t\t\t<div class=\"elementor-post__card\">\n\t\t\t\t<a class=\"elementor-post__thumbnail__link\" href=\"https:\/\/packaging-journal.de\/en\/ballenpressen-effiziente-entsorgungs-und-recyclingloesungen-fuer-die-verpackungsindustrie\/\" tabindex=\"-1\"><div class=\"elementor-post__thumbnail\"><img loading=\"lazy\" decoding=\"async\" width=\"300\" height=\"169\" src=\"https:\/\/packaging-journal.de\/wp-content\/uploads\/2026\/04\/1776412522671_Truck_loading-300x169.jpg\" class=\"attachment-medium size-medium wp-image-114897\" alt=\"\" srcset=\"https:\/\/packaging-journal.de\/wp-content\/uploads\/2026\/04\/1776412522671_Truck_loading-300x169.jpg 300w, https:\/\/packaging-journal.de\/wp-content\/uploads\/2026\/04\/1776412522671_Truck_loading-1024x576.jpg 1024w, https:\/\/packaging-journal.de\/wp-content\/uploads\/2026\/04\/1776412522671_Truck_loading-768x432.jpg 768w, https:\/\/packaging-journal.de\/wp-content\/uploads\/2026\/04\/1776412522671_Truck_loading-18x10.jpg 18w, https:\/\/packaging-journal.de\/wp-content\/uploads\/2026\/04\/1776412522671_Truck_loading-332x187.jpg 332w, https:\/\/packaging-journal.de\/wp-content\/uploads\/2026\/04\/1776412522671_Truck_loading-664x374.jpg 664w, https:\/\/packaging-journal.de\/wp-content\/uploads\/2026\/04\/1776412522671_Truck_loading-688x387.jpg 688w, https:\/\/packaging-journal.de\/wp-content\/uploads\/2026\/04\/1776412522671_Truck_loading-1044x587.jpg 1044w, https:\/\/packaging-journal.de\/wp-content\/uploads\/2026\/04\/1776412522671_Truck_loading.jpg 1200w\" sizes=\"(max-width: 300px) 100vw, 300px\" \/><\/div><\/a>\n\t\t\t\t<div class=\"elementor-post__text\">\n\t\t\t\t<h3 class=\"elementor-post__title\">\n\t\t\t<a href=\"https:\/\/packaging-journal.de\/en\/ballenpressen-effiziente-entsorgungs-und-recyclingloesungen-fuer-die-verpackungsindustrie\/\">\n\t\t\t\tBale presses: efficient disposal and recycling solutions for the packaging industry\t\t\t<\/a>\n\t\t<\/h3>\n\t\t\t\t<div class=\"elementor-post__excerpt\">\n\t\t\tPaper, cardboard, film: Packaging companies generate large quantities of cutting and production waste every day. How balers compact valuable materials directly at the point of origin, reduce transport costs, and increase recycling rates.\t\t<\/div>\n\t\t\n\t\t<a class=\"elementor-post__read-more\" href=\"https:\/\/packaging-journal.de\/en\/ballenpressen-effiziente-entsorgungs-und-recyclingloesungen-fuer-die-verpackungsindustrie\/\" aria-label=\"Read more about balers: efficient disposal and recycling solutions for the packaging industry\" tabindex=\"-1\">\n\t\t\tRead more \"\t\t<\/a>\n\n\t\t\t\t<\/div>\n\t\t\t\t\t<\/div>\n\t\t<\/article>\n\t\t\t\t<article class=\"elementor-post elementor-grid-item post-114798 post type-post status-publish format-standard has-post-thumbnail category-packmittel-und-packstoffe tag-abfalltechnik-und-recycling tag-eu-verpackungsverordnung tag-verpackung tag-zsvr cs-entry cs-video-wrap\" role=\"listitem\">\n\t\t\t<div class=\"elementor-post__card\">\n\t\t\t\t<a class=\"elementor-post__thumbnail__link\" href=\"https:\/\/packaging-journal.de\/en\/europaeische-verpackungsverordnung-handel\/\" tabindex=\"-1\"><div class=\"elementor-post__thumbnail\"><img loading=\"lazy\" decoding=\"async\" width=\"300\" height=\"188\" src=\"https:\/\/packaging-journal.de\/wp-content\/uploads\/2024\/05\/EU_PPWR-1280x800-1-300x188.jpg\" class=\"attachment-medium size-medium wp-image-92844\" alt=\"\" srcset=\"https:\/\/packaging-journal.de\/wp-content\/uploads\/2024\/05\/EU_PPWR-1280x800-1-300x188.jpg 300w, https:\/\/packaging-journal.de\/wp-content\/uploads\/2024\/05\/EU_PPWR-1280x800-1-1024x640.jpg 1024w, https:\/\/packaging-journal.de\/wp-content\/uploads\/2024\/05\/EU_PPWR-1280x800-1-768x480.jpg 768w, https:\/\/packaging-journal.de\/wp-content\/uploads\/2024\/05\/EU_PPWR-1280x800-1.jpg 1280w\" sizes=\"(max-width: 300px) 100vw, 300px\" \/><\/div><\/a>\n\t\t\t\t<div class=\"elementor-post__text\">\n\t\t\t\t<h3 class=\"elementor-post__title\">\n\t\t\t<a href=\"https:\/\/packaging-journal.de\/en\/europaeische-verpackungsverordnung-handel\/\">\n\t\t\t\tZSVR: European Packaging Regulation shifts responsibility to retailers\t\t\t<\/a>\n\t\t<\/h3>\n\t\t\t\t<div class=\"elementor-post__excerpt\">\n\t\t\tFrom August 2026, trading companies will have to take responsibility for the recycling of own-brand and imported packaging. The European Packaging Regulation necessitates swift action.\t\t<\/div>\n\t\t\n\t\t<a class=\"elementor-post__read-more\" href=\"https:\/\/packaging-journal.de\/en\/europaeische-verpackungsverordnung-handel\/\" aria-label=\"Read more about ZSVR: European Packaging Ordinance shifts responsibility to retailers\" tabindex=\"-1\">\n\t\t\tRead more \"\t\t<\/a>\n\n\t\t\t\t<\/div>\n\t\t\t\t\t<\/div>\n\t\t<\/article>\n\t\t\t\t<\/div>\n\t\t\n\t\t\t\t\t\t<\/div>\n\t\t\t\t<\/div>\n\t\t\t\t\t<\/div>\n\t\t<\/div>\n\t\t\t\t\t<\/div>\n\t\t<\/section>\n\t\t\t\t<\/div>","protected":false},"excerpt":{"rendered":"With a new separation process, Pla.to enables a material cycle for multilayer food films - even with low unit weights.","protected":false},"author":1,"featured_media":68219,"comment_status":"closed","ping_status":"closed","sticky":false,"template":"","format":"standard","meta":{"_acf_changed":false,"__cvm_playback_settings":[],"__cvm_video_id":"","rank_math_description":"Mit einem neuen Trennverfahren erm\u00f6glicht Pla.to einen Stoffkreislauf f\u00fcr Mehrschichtfolien von Lebensmitteln - auch bei niedrigem St\u00fcckgewicht.","rank_math_focus_keyword":"Mehrschichtfolien,Stoffkreislauf","rank_math_title":"","csco_display_header_overlay":false,"csco_singular_sidebar":"","csco_page_header_type":"","csco_page_load_nextpost":"","csco_post_video_location":[],"csco_post_video_location_hash":"","csco_post_video_url":"","csco_post_video_bg_start_time":0,"csco_post_video_bg_end_time":0,"footnotes":"","_links_to":"","_links_to_target":""},"categories":[58781],"tags":[65,58720,59861,907,54,59681,70,39],"class_list":{"0":"post-68216","1":"post","2":"type-post","3":"status-publish","4":"format-standard","5":"has-post-thumbnail","7":"category-green-packaging","8":"tag-abfalltechnik-und-recycling","9":"tag-gruene-punkt","10":"tag-k-2022","11":"tag-k-messe","12":"tag-kunststoff-und-verbunde","13":"tag-pla-to","14":"tag-verpackungsmaschinen","15":"tag-verpackungstechnik","16":"cs-entry","17":"cs-video-wrap"},"acf":[],"vimeo_video":null,"_links":{"self":[{"href":"https:\/\/packaging-journal.de\/en\/wp-json\/wp\/v2\/posts\/68216","targetHints":{"allow":["GET"]}}],"collection":[{"href":"https:\/\/packaging-journal.de\/en\/wp-json\/wp\/v2\/posts"}],"about":[{"href":"https:\/\/packaging-journal.de\/en\/wp-json\/wp\/v2\/types\/post"}],"author":[{"embeddable":true,"href":"https:\/\/packaging-journal.de\/en\/wp-json\/wp\/v2\/users\/1"}],"replies":[{"embeddable":true,"href":"https:\/\/packaging-journal.de\/en\/wp-json\/wp\/v2\/comments?post=68216"}],"version-history":[{"count":0,"href":"https:\/\/packaging-journal.de\/en\/wp-json\/wp\/v2\/posts\/68216\/revisions"}],"wp:featuredmedia":[{"embeddable":true,"href":"https:\/\/packaging-journal.de\/en\/wp-json\/wp\/v2\/media\/68219"}],"wp:attachment":[{"href":"https:\/\/packaging-journal.de\/en\/wp-json\/wp\/v2\/media?parent=68216"}],"wp:term":[{"taxonomy":"category","embeddable":true,"href":"https:\/\/packaging-journal.de\/en\/wp-json\/wp\/v2\/categories?post=68216"},{"taxonomy":"post_tag","embeddable":true,"href":"https:\/\/packaging-journal.de\/en\/wp-json\/wp\/v2\/tags?post=68216"}],"curies":[{"name":"wp","href":"https:\/\/api.w.org\/{rel}","templated":true}]}}