{"id":69758,"date":"2022-10-05T11:34:15","date_gmt":"2022-10-05T09:34:15","guid":{"rendered":"https:\/\/packaging-journal.de\/?p=69758"},"modified":"2022-10-05T11:34:15","modified_gmt":"2022-10-05T09:34:15","slug":"apeel-edeka-fraunhofer-study","status":"publish","type":"post","link":"https:\/\/packaging-journal.de\/en\/apeel-edeka-fraunhofer-studie\/","title":{"rendered":"Fraunhofer confirms shelf life extension with Apeel"},"content":{"rendered":"<div data-elementor-type=\"wp-post\" data-elementor-id=\"69758\" class=\"elementor elementor-69758\" data-elementor-post-type=\"post\">\n\t\t\t\t\t\t<section data-exad-particle-enable=\"false\" class=\"elementor-section elementor-top-section elementor-element elementor-element-9fbdf78 elementor-section-boxed elementor-section-height-default elementor-section-height-default exad-parallax-effect-no exad-background-color-change-no exad-glass-effect-no exad-sticky-section-no\" data-id=\"9fbdf78\" data-element_type=\"section\" data-e-type=\"section\">\n\t\t\t\t\t\t<div class=\"elementor-container elementor-column-gap-default\">\n\t\t\t\t\t<div class=\"elementor-column elementor-col-100 elementor-top-column elementor-element elementor-element-cc7eec8 exad-glass-effect-no exad-sticky-section-no\" data-id=\"cc7eec8\" data-element_type=\"column\" data-e-type=\"column\">\n\t\t\t<div class=\"elementor-widget-wrap elementor-element-populated\">\n\t\t\t\t\t\t<div class=\"elementor-element elementor-element-3879eff exad-sticky-section-no exad-glass-effect-no elementor-widget elementor-widget-text-editor\" data-id=\"3879eff\" data-element_type=\"widget\" data-e-type=\"widget\" data-widget_type=\"text-editor.default\">\n\t\t\t\t<div class=\"elementor-widget-container\">\n\t\t\t\t\t\t\t\t\t<p><strong>Edeka has been offering fruit with an Apeel layer in selected stores since 2020. The packaging solution from the US company of the same name is intended to ensure a longer shelf life for the fruit. This has now been confirmed by the Fraunhofer Institute in a study.<\/strong><\/p><p>Scientists of the <a href=\"https:\/\/packaging-journal.de\/tag\/fraunhofer-ivv\/\">Fraunhofer Institute for Process Engineering and Packaging IVV<\/a>, Freising, have demonstrated the effectiveness of the plant-based <a href=\"https:\/\/packaging-journal.de\/tag\/apeel\/\">Apeel<\/a>-The shelf life of food is analysed and evaluated over a longer period of time. <strong>The results provide validated data on the ability of the Apeel process to maintain the external and internal quality characteristics of the products.<\/strong> Firmness and appearance are important purchase and consumption criteria for consumers. The study confirms this: Apeel has a positive effect on the shelf life of the products in the <a href=\"https:\/\/packaging-journal.de\/tag\/edeka\/\">Edeka<\/a>- and Netto stores, such as avocados, mandarins and oranges.<\/p>\t\t\t\t\t\t\t\t<\/div>\n\t\t\t\t<\/div>\n\t\t\t\t<div class=\"elementor-element elementor-element-3760ff8 exad-sticky-section-no exad-glass-effect-no elementor-widget elementor-widget-heading\" data-id=\"3760ff8\" data-element_type=\"widget\" data-e-type=\"widget\" data-widget_type=\"heading.default\">\n\t\t\t\t<div class=\"elementor-widget-container\">\n\t\t\t\t\t<h2 class=\"elementor-heading-title elementor-size-default\">Twice as long shelf life in some cases<\/h2>\t\t\t\t<\/div>\n\t\t\t\t<\/div>\n\t\t\t\t<div class=\"elementor-element elementor-element-351b742 exad-sticky-section-no exad-glass-effect-no elementor-widget elementor-widget-text-editor\" data-id=\"351b742\" data-element_type=\"widget\" data-e-type=\"widget\" data-widget_type=\"text-editor.default\">\n\t\t\t\t<div class=\"elementor-widget-container\">\n\t\t\t\t\t\t\t\t\t<p>Avocados, for example, reach the supermarket chain and thus the consumer at the stage of optimum ripeness. This optimum ripeness stage usually lasts around three to four days for avocados - after which they spoil more quickly. <strong>However, the pre-ripened avocados protected with Apeel remained in this stage for an average of almost three days longer than the uncoated fruit under the test conditions.<\/strong> Avocados with Apeel also showed less spoilage on the inside and outside of the fruit during storage compared to uncoated avocados under the same conditions.<\/p><div class=\"packa-in-post-alle\" style=\"text-align: center;\" id=\"packa-4183039358\"><div id=\"packa-2903813385\"><a data-no-instant=\"1\" href=\"https:\/\/packaging-journal.de\/en\/newsletter\/\" rel=\"noopener\" class=\"a2t-link\" target=\"_blank\" aria-label=\"PJ Self-promotion English 03\"><!--noptimize--><img src=\"https:\/\/packaging-journal.de\/wp-content\/uploads\/2026\/01\/PJ-Eigenwerbung-English-03.png\" alt=\"\"  srcset=\"https:\/\/packaging-journal.de\/wp-content\/uploads\/2026\/01\/PJ-Eigenwerbung-English-03.png 840w, https:\/\/packaging-journal.de\/wp-content\/uploads\/2026\/01\/PJ-Eigenwerbung-English-03-300x75.png 300w, https:\/\/packaging-journal.de\/wp-content\/uploads\/2026\/01\/PJ-Eigenwerbung-English-03-768x192.png 768w, https:\/\/packaging-journal.de\/wp-content\/uploads\/2026\/01\/PJ-Eigenwerbung-English-03-18x5.png 18w, https:\/\/packaging-journal.de\/wp-content\/uploads\/2026\/01\/PJ-Eigenwerbung-English-03-332x83.png 332w, https:\/\/packaging-journal.de\/wp-content\/uploads\/2026\/01\/PJ-Eigenwerbung-English-03-664x166.png 664w, https:\/\/packaging-journal.de\/wp-content\/uploads\/2026\/01\/PJ-Eigenwerbung-English-03-688x172.png 688w\" sizes=\"(max-width: 840px) 100vw, 840px\" width=\"840\" height=\"210\"  style=\" max-width: 100%; height: auto;\" \/><!--\/noptimize--><\/a><\/div><\/div>\t\t\t\t\t\t\t\t<\/div>\n\t\t\t\t<\/div>\n\t\t\t\t<div class=\"elementor-element elementor-element-67c2b41 exad-sticky-section-no exad-glass-effect-no elementor-widget elementor-widget-image\" data-id=\"67c2b41\" data-element_type=\"widget\" data-e-type=\"widget\" data-widget_type=\"image.default\">\n\t\t\t\t<div class=\"elementor-widget-container\">\n\t\t\t\t\t\t\t\t\t\t\t\t<figure class=\"wp-caption\">\n\t\t\t\t\t\t\t\t\t\t<img fetchpriority=\"high\" decoding=\"async\" width=\"1024\" height=\"683\" src=\"https:\/\/packaging-journal.de\/wp-content\/uploads\/2022\/10\/gil-ndjouwou-cueV_oTVsic-unsplash1-1024x683.jpg\" class=\"attachment-large size-large wp-image-69760\" alt=\"\" srcset=\"https:\/\/packaging-journal.de\/wp-content\/uploads\/2022\/10\/gil-ndjouwou-cueV_oTVsic-unsplash1-1024x683.jpg 1024w, https:\/\/packaging-journal.de\/wp-content\/uploads\/2022\/10\/gil-ndjouwou-cueV_oTVsic-unsplash1-300x200.jpg 300w, https:\/\/packaging-journal.de\/wp-content\/uploads\/2022\/10\/gil-ndjouwou-cueV_oTVsic-unsplash1-768x512.jpg 768w, https:\/\/packaging-journal.de\/wp-content\/uploads\/2022\/10\/gil-ndjouwou-cueV_oTVsic-unsplash1-1536x1024.jpg 1536w, https:\/\/packaging-journal.de\/wp-content\/uploads\/2022\/10\/gil-ndjouwou-cueV_oTVsic-unsplash1-2048x1365.jpg 2048w, https:\/\/packaging-journal.de\/wp-content\/uploads\/2022\/10\/gil-ndjouwou-cueV_oTVsic-unsplash1-1320x880.jpg 1320w, https:\/\/packaging-journal.de\/wp-content\/uploads\/2022\/10\/gil-ndjouwou-cueV_oTVsic-unsplash1.jpg 2250w\" sizes=\"(max-width: 1024px) 100vw, 1024px\" \/>\t\t\t\t\t\t\t\t\t\t\t<figcaption class=\"widget-image-caption wp-caption-text\">It has a reputation for spoiling when you're not looking: the avocado. (Image: Gil Ndjouwou\/unsplash)<\/figcaption>\n\t\t\t\t\t\t\t\t\t\t<\/figure>\n\t\t\t\t\t\t\t\t\t<\/div>\n\t\t\t\t<\/div>\n\t\t\t\t<div class=\"elementor-element elementor-element-b216ced exad-sticky-section-no exad-glass-effect-no elementor-widget elementor-widget-text-editor\" data-id=\"b216ced\" data-element_type=\"widget\" data-e-type=\"widget\" data-widget_type=\"text-editor.default\">\n\t\t\t\t<div class=\"elementor-widget-container\">\n\t\t\t\t\t\t\t\t\t<p>In comparison with conventionally waxed fruit and when measured in relation to the defined quality characteristics, mandarins with Apeel protection again showed an increase in shelf life of <strong>seven days<\/strong>, Oranges with the protection held up well under the test conditions used <strong>four days<\/strong> longer (firm and without spoilage) than conventionally waxed oranges.<\/p><p>\u201eBy using solutions created by nature for nature, and through our collaboration with food supply chain partners around the world, we can ensure, <strong>that people everywhere have excellent experiences with their fresh produce, while increasing the sustainability of the global food system<\/strong>\u201e, says James Rogers, CEO and co-founder of Apeel.<\/p><div id=\"packa-1378140304\" class=\"packa-inhalt\"><!--noptimize--><script async src=\"https:\/\/pagead2.googlesyndication.com\/pagead\/js\/adsbygoogle.js?client=ca-pub-2686439340972671\" crossorigin=\"anonymous\"><\/script>\r\n<ins class=\"adsbygoogle\" style=\"display:block;text-align:center\" data-ad-layout=\"in-article\" data-ad-format=\"fluid\" data-ad-client=\"ca-pub-2686439340972671\" data-ad-slot=\"6171251825\"><\/ins>\r\n<script>\r\n     (adsbygoogle = window.adsbygoogle || []).push({});\r\n<\/script><!--\/noptimize--><\/div><p>\u201eWe in the Edeka Group stand for the appreciation of food. Our partner Apeel has developed a unique plant-based protection that extends the freshness and shelf life of products. <strong>This enables our customers to enjoy food for longer and save money at the same time<\/strong>\u201e, says Markus Mosa, Chairman of the Management Board of Edeka Zentrale Stiftung &amp; Co. KG, Hamburg.<\/p><p><em>Source<\/em>: <a href=\"https:\/\/verbund.edeka\/\" target=\"_blank\" rel=\"noopener\">Edeka Head Office Foundation &amp; Co. KG<\/a><\/p>\t\t\t\t\t\t\t\t<\/div>\n\t\t\t\t<\/div>\n\t\t\t\t\t<\/div>\n\t\t<\/div>\n\t\t\t\t\t<\/div>\n\t\t<\/section>\n\t\t\t\t<section data-exad-particle-enable=\"false\" class=\"elementor-section elementor-top-section elementor-element elementor-element-2fb8175e elementor-section-boxed elementor-section-height-default elementor-section-height-default exad-parallax-effect-no exad-background-color-change-no exad-glass-effect-no exad-sticky-section-no\" data-id=\"2fb8175e\" data-element_type=\"section\" data-e-type=\"section\" data-settings=\"{&quot;background_background&quot;:&quot;classic&quot;}\">\n\t\t\t\t\t\t<div class=\"elementor-container elementor-column-gap-default\">\n\t\t\t\t\t<div class=\"elementor-column elementor-col-100 elementor-top-column elementor-element elementor-element-ee7eb92 exad-glass-effect-no exad-sticky-section-no\" data-id=\"ee7eb92\" data-element_type=\"column\" data-e-type=\"column\">\n\t\t\t<div class=\"elementor-widget-wrap elementor-element-populated\">\n\t\t\t\t\t\t<div class=\"elementor-element elementor-element-66e8f54f exad-sticky-section-no exad-glass-effect-no elementor-widget elementor-widget-heading\" data-id=\"66e8f54f\" data-element_type=\"widget\" data-e-type=\"widget\" data-widget_type=\"heading.default\">\n\t\t\t\t<div class=\"elementor-widget-container\">\n\t\t\t\t\t<h2 class=\"elementor-heading-title elementor-size-default\">More news on food packaging<\/h2>\t\t\t\t<\/div>\n\t\t\t\t<\/div>\n\t\t\t\t<div class=\"elementor-element elementor-element-31e64db9 elementor-grid-3 elementor-grid-tablet-2 elementor-grid-mobile-1 elementor-posts--thumbnail-top elementor-posts__hover-gradient exad-sticky-section-no exad-glass-effect-no elementor-widget elementor-widget-posts\" data-id=\"31e64db9\" data-element_type=\"widget\" data-e-type=\"widget\" data-settings=\"{&quot;cards_row_gap&quot;:{&quot;unit&quot;:&quot;px&quot;,&quot;size&quot;:38,&quot;sizes&quot;:[]},&quot;cards_columns&quot;:&quot;3&quot;,&quot;cards_columns_tablet&quot;:&quot;2&quot;,&quot;cards_columns_mobile&quot;:&quot;1&quot;,&quot;cards_row_gap_tablet&quot;:{&quot;unit&quot;:&quot;px&quot;,&quot;size&quot;:&quot;&quot;,&quot;sizes&quot;:[]},&quot;cards_row_gap_mobile&quot;:{&quot;unit&quot;:&quot;px&quot;,&quot;size&quot;:&quot;&quot;,&quot;sizes&quot;:[]}}\" data-widget_type=\"posts.cards\">\n\t\t\t\t<div class=\"elementor-widget-container\">\n\t\t\t\t\t\t\t<div class=\"elementor-posts-container elementor-posts elementor-posts--skin-cards elementor-grid\" role=\"list\">\n\t\t\t\t<article class=\"elementor-post elementor-grid-item post-115380 post type-post status-publish format-standard has-post-thumbnail category-packmittel-und-packstoffe tag-interpack tag-koehler-paper tag-lebensmittel tag-packmittel-und-packstoffe tag-papier-pappe-karton cs-entry cs-video-wrap\" role=\"listitem\">\n\t\t\t<div class=\"elementor-post__card\">\n\t\t\t\t<a class=\"elementor-post__thumbnail__link\" href=\"https:\/\/packaging-journal.de\/en\/kreislauffaehige-verpackungen-aus-papier-im-fokus\/\" tabindex=\"-1\"><div class=\"elementor-post__thumbnail\"><img decoding=\"async\" width=\"300\" height=\"163\" src=\"https:\/\/packaging-journal.de\/wp-content\/uploads\/2026\/04\/Koehler-interpack-300x163.jpg\" class=\"attachment-medium size-medium wp-image-115382\" alt=\"\" srcset=\"https:\/\/packaging-journal.de\/wp-content\/uploads\/2026\/04\/Koehler-interpack-300x163.jpg 300w, https:\/\/packaging-journal.de\/wp-content\/uploads\/2026\/04\/Koehler-interpack-1024x555.jpg 1024w, https:\/\/packaging-journal.de\/wp-content\/uploads\/2026\/04\/Koehler-interpack-768x416.jpg 768w, https:\/\/packaging-journal.de\/wp-content\/uploads\/2026\/04\/Koehler-interpack-18x10.jpg 18w, https:\/\/packaging-journal.de\/wp-content\/uploads\/2026\/04\/Koehler-interpack-332x180.jpg 332w, https:\/\/packaging-journal.de\/wp-content\/uploads\/2026\/04\/Koehler-interpack-664x360.jpg 664w, https:\/\/packaging-journal.de\/wp-content\/uploads\/2026\/04\/Koehler-interpack-688x373.jpg 688w, https:\/\/packaging-journal.de\/wp-content\/uploads\/2026\/04\/Koehler-interpack-1044x566.jpg 1044w, https:\/\/packaging-journal.de\/wp-content\/uploads\/2026\/04\/Koehler-interpack.jpg 1200w\" sizes=\"(max-width: 300px) 100vw, 300px\" \/><\/div><\/a>\n\t\t\t\t<div class=\"elementor-post__text\">\n\t\t\t\t<h3 class=\"elementor-post__title\">\n\t\t\t<a href=\"https:\/\/packaging-journal.de\/en\/kreislauffaehige-verpackungen-aus-papier-im-fokus\/\">\n\t\t\t\tCircular paper packaging in focus\t\t\t<\/a>\n\t\t<\/h3>\n\t\t\t\t<div class=\"elementor-post__excerpt\">\n\t\t\tKoehler Paper is showcasing innovative, paper-based packaging solutions at interpack 2026 in D\u00fcsseldorf.\t\t<\/div>\n\t\t\n\t\t<a class=\"elementor-post__read-more\" href=\"https:\/\/packaging-journal.de\/en\/kreislauffaehige-verpackungen-aus-papier-im-fokus\/\" aria-label=\"Read more about circular paper packaging in focus\" tabindex=\"-1\">\n\t\t\tRead more \"\t\t<\/a>\n\n\t\t\t\t<\/div>\n\t\t\t\t\t<\/div>\n\t\t<\/article>\n\t\t\t\t<article class=\"elementor-post elementor-grid-item post-115335 post type-post status-publish format-standard has-post-thumbnail category-verpackungstechnik tag-interpack tag-lebensmittel tag-mettler-toledo tag-qualitaetssicherung tag-verpackungstechnik cs-entry cs-video-wrap\" role=\"listitem\">\n\t\t\t<div class=\"elementor-post__card\">\n\t\t\t\t<a class=\"elementor-post__thumbnail__link\" href=\"https:\/\/packaging-journal.de\/en\/mettler-toledo-bringt-eagle-roentgeninspektion-nach-europa\/\" tabindex=\"-1\"><div class=\"elementor-post__thumbnail\"><img decoding=\"async\" width=\"300\" height=\"163\" src=\"https:\/\/packaging-journal.de\/wp-content\/uploads\/2026\/04\/mettler-toledo-ip-300x163.jpg\" class=\"attachment-medium size-medium wp-image-115336\" alt=\"\" srcset=\"https:\/\/packaging-journal.de\/wp-content\/uploads\/2026\/04\/mettler-toledo-ip-300x163.jpg 300w, https:\/\/packaging-journal.de\/wp-content\/uploads\/2026\/04\/mettler-toledo-ip-1024x555.jpg 1024w, https:\/\/packaging-journal.de\/wp-content\/uploads\/2026\/04\/mettler-toledo-ip-768x416.jpg 768w, https:\/\/packaging-journal.de\/wp-content\/uploads\/2026\/04\/mettler-toledo-ip-18x10.jpg 18w, https:\/\/packaging-journal.de\/wp-content\/uploads\/2026\/04\/mettler-toledo-ip-332x180.jpg 332w, https:\/\/packaging-journal.de\/wp-content\/uploads\/2026\/04\/mettler-toledo-ip-664x360.jpg 664w, https:\/\/packaging-journal.de\/wp-content\/uploads\/2026\/04\/mettler-toledo-ip-688x373.jpg 688w, https:\/\/packaging-journal.de\/wp-content\/uploads\/2026\/04\/mettler-toledo-ip-1044x566.jpg 1044w, https:\/\/packaging-journal.de\/wp-content\/uploads\/2026\/04\/mettler-toledo-ip.jpg 1200w\" sizes=\"(max-width: 300px) 100vw, 300px\" \/><\/div><\/a>\n\t\t\t\t<div class=\"elementor-post__text\">\n\t\t\t\t<h3 class=\"elementor-post__title\">\n\t\t\t<a href=\"https:\/\/packaging-journal.de\/en\/mettler-toledo-bringt-eagle-roentgeninspektion-nach-europa\/\">\n\t\t\t\tMettler-Toledo brings Eagle X-ray inspection to Europe\t\t\t<\/a>\n\t\t<\/h3>\n\t\t\t\t<div class=\"elementor-post__excerpt\">\n\t\t\tMettler-Toledo is expanding its portfolio with Eagle X-ray inspection systems in Europe. These systems offer advanced technologies for food inspection, including fat analysis for meat and poultry products.\t\t<\/div>\n\t\t\n\t\t<a class=\"elementor-post__read-more\" href=\"https:\/\/packaging-journal.de\/en\/mettler-toledo-bringt-eagle-roentgeninspektion-nach-europa\/\" aria-label=\"Read more about Mettler-Toledo brings Eagle X-ray inspection to Europe\" tabindex=\"-1\">\n\t\t\tRead more \"\t\t<\/a>\n\n\t\t\t\t<\/div>\n\t\t\t\t\t<\/div>\n\t\t<\/article>\n\t\t\t\t<article class=\"elementor-post elementor-grid-item post-115295 post type-post status-publish format-standard has-post-thumbnail category-aus-den-unternehmen-news tag-aus-den-unternehmen tag-getraenke tag-glas tag-lebensmittel tag-verallia cs-entry cs-video-wrap\" role=\"listitem\">\n\t\t\t<div class=\"elementor-post__card\">\n\t\t\t\t<a class=\"elementor-post__thumbnail__link\" href=\"https:\/\/packaging-journal.de\/en\/verallia-steigert-profitabilitaet\/\" tabindex=\"-1\"><div class=\"elementor-post__thumbnail\"><img loading=\"lazy\" decoding=\"async\" width=\"300\" height=\"163\" src=\"https:\/\/packaging-journal.de\/wp-content\/uploads\/2026\/04\/Verallia-Q1-300x163.jpg\" class=\"attachment-medium size-medium wp-image-115298\" alt=\"\" srcset=\"https:\/\/packaging-journal.de\/wp-content\/uploads\/2026\/04\/Verallia-Q1-300x163.jpg 300w, https:\/\/packaging-journal.de\/wp-content\/uploads\/2026\/04\/Verallia-Q1-1024x555.jpg 1024w, https:\/\/packaging-journal.de\/wp-content\/uploads\/2026\/04\/Verallia-Q1-768x416.jpg 768w, https:\/\/packaging-journal.de\/wp-content\/uploads\/2026\/04\/Verallia-Q1-18x10.jpg 18w, https:\/\/packaging-journal.de\/wp-content\/uploads\/2026\/04\/Verallia-Q1-332x180.jpg 332w, https:\/\/packaging-journal.de\/wp-content\/uploads\/2026\/04\/Verallia-Q1-664x360.jpg 664w, https:\/\/packaging-journal.de\/wp-content\/uploads\/2026\/04\/Verallia-Q1-688x373.jpg 688w, https:\/\/packaging-journal.de\/wp-content\/uploads\/2026\/04\/Verallia-Q1-1044x566.jpg 1044w, https:\/\/packaging-journal.de\/wp-content\/uploads\/2026\/04\/Verallia-Q1.jpg 1200w\" sizes=\"(max-width: 300px) 100vw, 300px\" \/><\/div><\/a>\n\t\t\t\t<div class=\"elementor-post__text\">\n\t\t\t\t<h3 class=\"elementor-post__title\">\n\t\t\t<a href=\"https:\/\/packaging-journal.de\/en\/verallia-steigert-profitabilitaet\/\">\n\t\t\t\tVerallia increases profitability\t\t\t<\/a>\n\t\t<\/h3>\n\t\t\t\t<div class=\"elementor-post__excerpt\">\n\t\t\tThe glass packaging manufacturer has presented its results for the first quarter.\t\t<\/div>\n\t\t\n\t\t<a class=\"elementor-post__read-more\" href=\"https:\/\/packaging-journal.de\/en\/verallia-steigert-profitabilitaet\/\" aria-label=\"Read more about Verallia increases profitability\" tabindex=\"-1\">\n\t\t\tRead more \"\t\t<\/a>\n\n\t\t\t\t<\/div>\n\t\t\t\t\t<\/div>\n\t\t<\/article>\n\t\t\t\t<article class=\"elementor-post elementor-grid-item post-115251 post type-post status-publish format-standard has-post-thumbnail category-verpackungstechnik tag-elried tag-etikettieren-kennzeichnen-codieren tag-interpack tag-lebensmittel cs-entry cs-video-wrap\" role=\"listitem\">\n\t\t\t<div class=\"elementor-post__card\">\n\t\t\t\t<a class=\"elementor-post__thumbnail__link\" href=\"https:\/\/packaging-journal.de\/en\/robuste-kennzeichnung-fuer-die-lebensmittelindustrie\/\" tabindex=\"-1\"><div class=\"elementor-post__thumbnail\"><img loading=\"lazy\" decoding=\"async\" width=\"300\" height=\"163\" src=\"https:\/\/packaging-journal.de\/wp-content\/uploads\/2026\/04\/Elried-interpack-300x163.jpg\" class=\"attachment-medium size-medium wp-image-115254\" alt=\"\" srcset=\"https:\/\/packaging-journal.de\/wp-content\/uploads\/2026\/04\/Elried-interpack-300x163.jpg 300w, https:\/\/packaging-journal.de\/wp-content\/uploads\/2026\/04\/Elried-interpack-1024x555.jpg 1024w, https:\/\/packaging-journal.de\/wp-content\/uploads\/2026\/04\/Elried-interpack-768x416.jpg 768w, https:\/\/packaging-journal.de\/wp-content\/uploads\/2026\/04\/Elried-interpack-18x10.jpg 18w, https:\/\/packaging-journal.de\/wp-content\/uploads\/2026\/04\/Elried-interpack-332x180.jpg 332w, https:\/\/packaging-journal.de\/wp-content\/uploads\/2026\/04\/Elried-interpack-664x360.jpg 664w, https:\/\/packaging-journal.de\/wp-content\/uploads\/2026\/04\/Elried-interpack-688x373.jpg 688w, https:\/\/packaging-journal.de\/wp-content\/uploads\/2026\/04\/Elried-interpack-1044x566.jpg 1044w, https:\/\/packaging-journal.de\/wp-content\/uploads\/2026\/04\/Elried-interpack.jpg 1200w\" sizes=\"(max-width: 300px) 100vw, 300px\" \/><\/div><\/a>\n\t\t\t\t<div class=\"elementor-post__text\">\n\t\t\t\t<h3 class=\"elementor-post__title\">\n\t\t\t<a href=\"https:\/\/packaging-journal.de\/en\/robuste-kennzeichnung-fuer-die-lebensmittelindustrie\/\">\n\t\t\t\tRobust labelling for the food industry\t\t\t<\/a>\n\t\t<\/h3>\n\t\t\t\t<div class=\"elementor-post__excerpt\">\n\t\t\tElried will present labelling solutions for maximum system availability at interpack 2026.\t\t<\/div>\n\t\t\n\t\t<a class=\"elementor-post__read-more\" href=\"https:\/\/packaging-journal.de\/en\/robuste-kennzeichnung-fuer-die-lebensmittelindustrie\/\" aria-label=\"Read more about robust marking for the food industry\" tabindex=\"-1\">\n\t\t\tRead more \"\t\t<\/a>\n\n\t\t\t\t<\/div>\n\t\t\t\t\t<\/div>\n\t\t<\/article>\n\t\t\t\t<article class=\"elementor-post elementor-grid-item post-115200 post type-post status-publish format-standard has-post-thumbnail category-verpackungstechnik tag-interpack tag-lebensmittel tag-pharma-kosmetik-chemie tag-ulma-packaging tag-verpackungsmaschinen cs-entry cs-video-wrap\" role=\"listitem\">\n\t\t\t<div class=\"elementor-post__card\">\n\t\t\t\t<a class=\"elementor-post__thumbnail__link\" href=\"https:\/\/packaging-journal.de\/en\/ulma-verpackungsloesungen-fuer-food-und-pharma\/\" tabindex=\"-1\"><div class=\"elementor-post__thumbnail\"><img loading=\"lazy\" decoding=\"async\" width=\"300\" height=\"163\" src=\"https:\/\/packaging-journal.de\/wp-content\/uploads\/2026\/04\/ulma-ip-300x163.jpg\" class=\"attachment-medium size-medium wp-image-115201\" alt=\"\" srcset=\"https:\/\/packaging-journal.de\/wp-content\/uploads\/2026\/04\/ulma-ip-300x163.jpg 300w, https:\/\/packaging-journal.de\/wp-content\/uploads\/2026\/04\/ulma-ip-1024x555.jpg 1024w, https:\/\/packaging-journal.de\/wp-content\/uploads\/2026\/04\/ulma-ip-768x416.jpg 768w, https:\/\/packaging-journal.de\/wp-content\/uploads\/2026\/04\/ulma-ip-18x10.jpg 18w, https:\/\/packaging-journal.de\/wp-content\/uploads\/2026\/04\/ulma-ip-332x180.jpg 332w, https:\/\/packaging-journal.de\/wp-content\/uploads\/2026\/04\/ulma-ip-664x360.jpg 664w, https:\/\/packaging-journal.de\/wp-content\/uploads\/2026\/04\/ulma-ip-688x373.jpg 688w, https:\/\/packaging-journal.de\/wp-content\/uploads\/2026\/04\/ulma-ip-1044x566.jpg 1044w, https:\/\/packaging-journal.de\/wp-content\/uploads\/2026\/04\/ulma-ip.jpg 1200w\" sizes=\"(max-width: 300px) 100vw, 300px\" \/><\/div><\/a>\n\t\t\t\t<div class=\"elementor-post__text\">\n\t\t\t\t<h3 class=\"elementor-post__title\">\n\t\t\t<a href=\"https:\/\/packaging-journal.de\/en\/ulma-verpackungsloesungen-fuer-food-und-pharma\/\">\n\t\t\t\tUlma with two exhibition stands at Interpack\t\t\t<\/a>\n\t\t<\/h3>\n\t\t\t\t<div class=\"elementor-post__excerpt\">\n\t\t\tUlma Packaging will showcase its latest solutions for automation and sustainability in the food and medical\/pharmaceutical sectors at Interpack 2026.\t\t<\/div>\n\t\t\n\t\t<a class=\"elementor-post__read-more\" href=\"https:\/\/packaging-journal.de\/en\/ulma-verpackungsloesungen-fuer-food-und-pharma\/\" aria-label=\"Read more about Ulma with two exhibition stands at Interpack\" tabindex=\"-1\">\n\t\t\tRead more \"\t\t<\/a>\n\n\t\t\t\t<\/div>\n\t\t\t\t\t<\/div>\n\t\t<\/article>\n\t\t\t\t<article class=\"elementor-post elementor-grid-item post-115053 post type-post status-publish format-standard has-post-thumbnail category-verpackungstechnik tag-interpack tag-lebensmittel tag-verpackungsmaschinen tag-weber-food-technology cs-entry cs-video-wrap\" role=\"listitem\">\n\t\t\t<div class=\"elementor-post__card\">\n\t\t\t\t<a class=\"elementor-post__thumbnail__link\" href=\"https:\/\/packaging-journal.de\/en\/neue-loesungen-fuer-die-kaeseproduktion\/\" tabindex=\"-1\"><div class=\"elementor-post__thumbnail\"><img loading=\"lazy\" decoding=\"async\" width=\"300\" height=\"163\" src=\"https:\/\/packaging-journal.de\/wp-content\/uploads\/2026\/04\/weber-food-ip2-300x163.jpg\" class=\"attachment-medium size-medium wp-image-115057\" alt=\"\" srcset=\"https:\/\/packaging-journal.de\/wp-content\/uploads\/2026\/04\/weber-food-ip2-300x163.jpg 300w, https:\/\/packaging-journal.de\/wp-content\/uploads\/2026\/04\/weber-food-ip2-1024x555.jpg 1024w, https:\/\/packaging-journal.de\/wp-content\/uploads\/2026\/04\/weber-food-ip2-768x416.jpg 768w, https:\/\/packaging-journal.de\/wp-content\/uploads\/2026\/04\/weber-food-ip2-18x10.jpg 18w, https:\/\/packaging-journal.de\/wp-content\/uploads\/2026\/04\/weber-food-ip2-332x180.jpg 332w, https:\/\/packaging-journal.de\/wp-content\/uploads\/2026\/04\/weber-food-ip2-664x360.jpg 664w, https:\/\/packaging-journal.de\/wp-content\/uploads\/2026\/04\/weber-food-ip2-688x373.jpg 688w, https:\/\/packaging-journal.de\/wp-content\/uploads\/2026\/04\/weber-food-ip2-1044x566.jpg 1044w, https:\/\/packaging-journal.de\/wp-content\/uploads\/2026\/04\/weber-food-ip2.jpg 1200w\" sizes=\"(max-width: 300px) 100vw, 300px\" \/><\/div><\/a>\n\t\t\t\t<div class=\"elementor-post__text\">\n\t\t\t\t<h3 class=\"elementor-post__title\">\n\t\t\t<a href=\"https:\/\/packaging-journal.de\/en\/neue-loesungen-fuer-die-kaeseproduktion\/\">\n\t\t\t\tNew solutions for cheese production\t\t\t<\/a>\n\t\t<\/h3>\n\t\t\t\t<div class=\"elementor-post__excerpt\">\n\t\t\tCheese producers are benefiting from Weber's new high-performance line concept, which combines efficiency and flexibility. New technologies such as the weDefoil de-skinning unit and PowerCut are the focus.\t\t<\/div>\n\t\t\n\t\t<a class=\"elementor-post__read-more\" href=\"https:\/\/packaging-journal.de\/en\/neue-loesungen-fuer-die-kaeseproduktion\/\" aria-label=\"Read more about New Solutions for Cheese Production\" tabindex=\"-1\">\n\t\t\tRead more \"\t\t<\/a>\n\n\t\t\t\t<\/div>\n\t\t\t\t\t<\/div>\n\t\t<\/article>\n\t\t\t\t<\/div>\n\t\t\n\t\t\t\t\t\t<\/div>\n\t\t\t\t<\/div>\n\t\t\t\t\t<\/div>\n\t\t<\/div>\n\t\t\t\t\t<\/div>\n\t\t<\/section>\n\t\t\t\t<\/div>","protected":false},"excerpt":{"rendered":"Edeka has been offering fruit with an Apeel layer in selected stores since 2020. The packaging solution from the US company of the same name is intended to ensure a longer shelf life for the fruit. This has now been confirmed by the Fraunhofer Institute in a study.","protected":false},"author":1,"featured_media":41420,"comment_status":"closed","ping_status":"closed","sticky":false,"template":"","format":"standard","meta":{"_acf_changed":false,"__cvm_playback_settings":[],"__cvm_video_id":"","rank_math_description":"Das Apeel-Coating soll f\u00fcr eine l\u00e4ngere Haltbarkeit bei Obst sorgen. Diese wurde nun vom Fraunhofer-Institut in einer Studie best\u00e4tigt.","rank_math_focus_keyword":"Apeel","rank_math_title":"","csco_display_header_overlay":false,"csco_singular_sidebar":"","csco_page_header_type":"","csco_page_load_nextpost":"","csco_post_video_location":[],"csco_post_video_location_hash":"","csco_post_video_url":"","csco_post_video_bg_start_time":0,"csco_post_video_bg_end_time":0,"footnotes":"","_links_to":"","_links_to_target":""},"categories":[58781],"tags":[58944,58952,57569,38,31],"class_list":{"0":"post-69758","1":"post","2":"type-post","3":"status-publish","4":"format-standard","5":"has-post-thumbnail","7":"category-green-packaging","8":"tag-apeel","9":"tag-edeka","10":"tag-fraunhofer-ivv","11":"tag-lebensmittel","12":"tag-nachhaltigkeit-und-green-packaging","13":"cs-entry","14":"cs-video-wrap"},"acf":[],"vimeo_video":null,"_links":{"self":[{"href":"https:\/\/packaging-journal.de\/en\/wp-json\/wp\/v2\/posts\/69758","targetHints":{"allow":["GET"]}}],"collection":[{"href":"https:\/\/packaging-journal.de\/en\/wp-json\/wp\/v2\/posts"}],"about":[{"href":"https:\/\/packaging-journal.de\/en\/wp-json\/wp\/v2\/types\/post"}],"author":[{"embeddable":true,"href":"https:\/\/packaging-journal.de\/en\/wp-json\/wp\/v2\/users\/1"}],"replies":[{"embeddable":true,"href":"https:\/\/packaging-journal.de\/en\/wp-json\/wp\/v2\/comments?post=69758"}],"version-history":[{"count":0,"href":"https:\/\/packaging-journal.de\/en\/wp-json\/wp\/v2\/posts\/69758\/revisions"}],"wp:featuredmedia":[{"embeddable":true,"href":"https:\/\/packaging-journal.de\/en\/wp-json\/wp\/v2\/media\/41420"}],"wp:attachment":[{"href":"https:\/\/packaging-journal.de\/en\/wp-json\/wp\/v2\/media?parent=69758"}],"wp:term":[{"taxonomy":"category","embeddable":true,"href":"https:\/\/packaging-journal.de\/en\/wp-json\/wp\/v2\/categories?post=69758"},{"taxonomy":"post_tag","embeddable":true,"href":"https:\/\/packaging-journal.de\/en\/wp-json\/wp\/v2\/tags?post=69758"}],"curies":[{"name":"wp","href":"https:\/\/api.w.org\/{rel}","templated":true}]}}