{"id":69907,"date":"2022-10-01T12:47:40","date_gmt":"2022-10-01T10:47:40","guid":{"rendered":"https:\/\/packaging-journal.de\/?p=69907"},"modified":"2022-10-13T09:15:52","modified_gmt":"2022-10-13T07:15:52","slug":"kraussmaffei-with-new-injection-moulding-machines-at-k-2022","status":"publish","type":"post","link":"https:\/\/packaging-journal.de\/en\/kraussmaffei-mit-neuen-spritzgiessmaschinen-auf-k-2022\/","title":{"rendered":"KraussMaffei with new injection moulding machines at K 2022"},"content":{"rendered":"<div data-elementor-type=\"wp-post\" data-elementor-id=\"69907\" class=\"elementor elementor-69907\" data-elementor-post-type=\"post\">\n\t\t\t\t\t\t<section data-exad-particle-enable=\"false\" class=\"elementor-section elementor-top-section elementor-element elementor-element-9c6b78f elementor-section-boxed elementor-section-height-default elementor-section-height-default exad-parallax-effect-no exad-background-color-change-no exad-glass-effect-no exad-sticky-section-no\" data-id=\"9c6b78f\" data-element_type=\"section\" data-e-type=\"section\">\n\t\t\t\t\t\t<div class=\"elementor-container elementor-column-gap-default\">\n\t\t\t\t\t<div class=\"elementor-column elementor-col-100 elementor-top-column elementor-element elementor-element-b5d7e68 exad-glass-effect-no exad-sticky-section-no\" data-id=\"b5d7e68\" data-element_type=\"column\" data-e-type=\"column\">\n\t\t\t<div class=\"elementor-widget-wrap elementor-element-populated\">\n\t\t\t\t\t\t<div class=\"elementor-element elementor-element-23ef4d7 exad-sticky-section-no exad-glass-effect-no elementor-widget elementor-widget-text-editor\" data-id=\"23ef4d7\" data-element_type=\"widget\" data-e-type=\"widget\" data-widget_type=\"text-editor.default\">\n\t\t\t\t<div class=\"elementor-widget-container\">\n\t\t\t\t\t\t\t\t\t<p><strong>KraussMaffei will be presenting two new injection moulding machine series at K 2022: the precisionMoulding and powerMoulding machines ensure efficiency and cost-effectiveness. Standard applications for packaging and medical technology will also be on show.\u00a0<\/strong><\/p>\t\t\t\t\t\t\t\t<\/div>\n\t\t\t\t<\/div>\n\t\t\t\t<div class=\"elementor-element elementor-element-05f14b7 exad-sticky-section-no exad-glass-effect-no elementor-widget elementor-widget-text-editor\" data-id=\"05f14b7\" data-element_type=\"widget\" data-e-type=\"widget\" data-widget_type=\"text-editor.default\">\n\t\t\t\t<div class=\"elementor-widget-container\">\n\t\t\t\t\t\t\t\t\t<p>The precisionMoulding is the basic machine with a reduced range of options from the all-electric PX series, while the powerMoulding is the counterpart to the proven hydraulic GX series from <a href=\"https:\/\/packaging-journal.de\/?s=kraussmaffei\">KraussMaffei<\/a>.<\/p><blockquote><p>\u201eWith the basic machine concept, we offer our customers particularly fast response and therefore short delivery times, enabling them to operate even more efficiently and competitively. This opens up completely new market potential and applications for our customers. At the same time, of course, it also opens up completely new applications and customer groups for us that we were previously unable to serve.\u201c<\/p><p><strong>Xiaojun Cui<\/strong>, Executive Vice-President New Machines Business at KraussMaffei<\/p><\/blockquote>\t\t\t\t\t\t\t\t<\/div>\n\t\t\t\t<\/div>\n\t\t\t\t<div class=\"elementor-element elementor-element-48b58fa exad-sticky-section-no exad-glass-effect-no elementor-widget elementor-widget-text-editor\" data-id=\"48b58fa\" data-element_type=\"widget\" data-e-type=\"widget\" data-widget_type=\"text-editor.default\">\n\t\t\t\t<div class=\"elementor-widget-container\">\n\t\t\t\t\t\t\t\t\t<p>Depending on the application, powerMoulding allows up to <strong>15 per cent more throughput than comparable standard injection moulding machines<\/strong> on the market. This is ensured by the short dry cycle times, the high shot weight consistency and the associated low reject rates. In the wake of rising energy prices, energy-efficient production is becoming increasingly important. The precisionMoulding <strong>good energy efficiency thanks to the all-electric machine concept itself<\/strong>. The powerMoulding offers the proven BluePower servo drive as standard. This controls the pumps according to the optimum demand\/energy requirement. This means that <strong>only consumes as much energy as is currently needed<\/strong>. Overall, depending on the application, powerMoulding offers up to 40 per cent better energy efficiency than comparable standard injection moulding machines on the market.<\/p><div class=\"packa-in-post-alle\" style=\"text-align: center;\" id=\"packa-2704686191\"><div id=\"packa-932429369\"><a data-no-instant=\"1\" href=\"https:\/\/packaging-journal.de\/en\/newsletter\/\" rel=\"noopener\" class=\"a2t-link\" target=\"_blank\" aria-label=\"PJ Self-promotion English 03\"><!--noptimize--><img src=\"https:\/\/packaging-journal.de\/wp-content\/uploads\/2026\/01\/PJ-Eigenwerbung-English-03.png\" alt=\"\"  srcset=\"https:\/\/packaging-journal.de\/wp-content\/uploads\/2026\/01\/PJ-Eigenwerbung-English-03.png 840w, https:\/\/packaging-journal.de\/wp-content\/uploads\/2026\/01\/PJ-Eigenwerbung-English-03-300x75.png 300w, https:\/\/packaging-journal.de\/wp-content\/uploads\/2026\/01\/PJ-Eigenwerbung-English-03-768x192.png 768w, https:\/\/packaging-journal.de\/wp-content\/uploads\/2026\/01\/PJ-Eigenwerbung-English-03-18x5.png 18w, https:\/\/packaging-journal.de\/wp-content\/uploads\/2026\/01\/PJ-Eigenwerbung-English-03-332x83.png 332w, https:\/\/packaging-journal.de\/wp-content\/uploads\/2026\/01\/PJ-Eigenwerbung-English-03-664x166.png 664w, https:\/\/packaging-journal.de\/wp-content\/uploads\/2026\/01\/PJ-Eigenwerbung-English-03-688x172.png 688w\" sizes=\"(max-width: 840px) 100vw, 840px\" width=\"840\" height=\"210\"  style=\" max-width: 100%; height: auto;\" \/><!--\/noptimize--><\/a><\/div><\/div>\t\t\t\t\t\t\t\t<\/div>\n\t\t\t\t<\/div>\n\t\t\t\t<div class=\"elementor-element elementor-element-be17785 exad-sticky-section-no exad-glass-effect-no elementor-widget elementor-widget-text-editor\" data-id=\"be17785\" data-element_type=\"widget\" data-e-type=\"widget\" data-widget_type=\"text-editor.default\">\n\t\t\t\t<div class=\"elementor-widget-container\">\n\t\t\t\t\t\t\t\t\t<p>The powerMoulding 1300-11900 with a clamping force of 13,000 kN is part of the complete circular economy at the trade fair stand. It produces door modules for the automotive industry from 100 per cent recycled PP. The <strong>Recyclate in turn comes from caps for insulin pens produced on a PX 200-1400<\/strong>. The material is shredded and then processed with additives such as adhesion promoters and liquid colour in an upcycling process on a ZE 28 BluePower twin-screw extruder.<\/p><p>The APCplus machine function also plays an important role in this application on the powerMoulding. It reliably compensates for the usual batch fluctuations when processing recycled material and thus ensures consistently high component quality here too. An integrated linear robot from the LRX series handles the components safely.<\/p><div id=\"packa-1063706867\" class=\"packa-inhalt\"><!--noptimize--><script async src=\"https:\/\/pagead2.googlesyndication.com\/pagead\/js\/adsbygoogle.js?client=ca-pub-2686439340972671\" crossorigin=\"anonymous\"><\/script>\r\n<ins class=\"adsbygoogle\" style=\"display:block;text-align:center\" data-ad-layout=\"in-article\" data-ad-format=\"fluid\" data-ad-client=\"ca-pub-2686439340972671\" data-ad-slot=\"6171251825\"><\/ins>\r\n<script>\r\n     (adsbygoogle = window.adsbygoogle || []).push({});\r\n<\/script><!--\/noptimize--><\/div>\t\t\t\t\t\t\t\t<\/div>\n\t\t\t\t<\/div>\n\t\t\t\t<div class=\"elementor-element elementor-element-f0f2de6 exad-sticky-section-no exad-glass-effect-no elementor-widget elementor-widget-heading\" data-id=\"f0f2de6\" data-element_type=\"widget\" data-e-type=\"widget\" data-widget_type=\"heading.default\">\n\t\t\t\t<div class=\"elementor-widget-container\">\n\t\t\t\t\t<h2 class=\"elementor-heading-title elementor-size-default\">Premiere of user interface for extrusion systems <\/h2>\t\t\t\t<\/div>\n\t\t\t\t<\/div>\n\t\t\t\t<div class=\"elementor-element elementor-element-ba15344 exad-sticky-section-no exad-glass-effect-no elementor-widget elementor-widget-image\" data-id=\"ba15344\" data-element_type=\"widget\" data-e-type=\"widget\" data-widget_type=\"image.default\">\n\t\t\t\t<div class=\"elementor-widget-container\">\n\t\t\t\t\t\t\t\t\t\t\t\t<figure class=\"wp-caption\">\n\t\t\t\t\t\t\t\t\t\t<img fetchpriority=\"high\" decoding=\"async\" width=\"1024\" height=\"555\" src=\"https:\/\/packaging-journal.de\/wp-content\/uploads\/2022\/10\/KraussMaffei-1024x555.jpg\" class=\"attachment-large size-large wp-image-70211\" alt=\"Image of a screen with information on machine processes\" srcset=\"https:\/\/packaging-journal.de\/wp-content\/uploads\/2022\/10\/KraussMaffei-1024x555.jpg 1024w, https:\/\/packaging-journal.de\/wp-content\/uploads\/2022\/10\/KraussMaffei-300x163.jpg 300w, https:\/\/packaging-journal.de\/wp-content\/uploads\/2022\/10\/KraussMaffei-768x416.jpg 768w, https:\/\/packaging-journal.de\/wp-content\/uploads\/2022\/10\/KraussMaffei.jpg 1200w\" sizes=\"(max-width: 1024px) 100vw, 1024px\" \/>\t\t\t\t\t\t\t\t\t\t\t<figcaption class=\"widget-image-caption wp-caption-text\">(Image: KraussMaffei) <\/figcaption>\n\t\t\t\t\t\t\t\t\t\t<\/figure>\n\t\t\t\t\t\t\t\t\t<\/div>\n\t\t\t\t<\/div>\n\t\t\t\t<div class=\"elementor-element elementor-element-1545cca exad-sticky-section-no exad-glass-effect-no elementor-widget elementor-widget-text-editor\" data-id=\"1545cca\" data-element_type=\"widget\" data-e-type=\"widget\" data-widget_type=\"text-editor.default\">\n\t\t\t\t<div class=\"elementor-widget-container\">\n\t\t\t\t\t\t\t\t\t<p>KraussMaffei will also be presenting a premiere at the trade fair. The company is presenting processControll, a new user interface for its extrusion lines. The core features of the new interface are so-called <strong>Wizards that provide the operator with step-by-step instructions for specific work steps.<\/strong>, such as starting up or shutting down the entire system.<\/p><blockquote><p>\u201eWith the new user interface of our process control system, we have mastered the challenge of creating a clear, intuitive unit that ideally reflects the complexity of every plastics and rubber processing operation.  Now the operator receives the right information at exactly the right time and can also store their experience in the system so that other operators can also benefit from it.\u201c<\/p><p><strong>Ren\u00e9 Jordan<\/strong>, Teamlead Control Technology Automation Extrusion<\/p><\/blockquote><p>This means that even a <strong>less experienced employees the control over a complex extrusion process<\/strong>. Operating errors are reduced, resulting in less downtime and therefore greater production efficiency. Deviations from target values are indicated at an early stage by corresponding visual feedback, so that intervention is possible before it is necessary.\u00a0<\/p>\t\t\t\t\t\t\t\t<\/div>\n\t\t\t\t<\/div>\n\t\t\t\t<div class=\"elementor-element elementor-element-0071ba3 exad-sticky-section-no exad-glass-effect-no elementor-widget elementor-widget-text-editor\" data-id=\"0071ba3\" data-element_type=\"widget\" data-e-type=\"widget\" data-widget_type=\"text-editor.default\">\n\t\t\t\t<div class=\"elementor-widget-container\">\n\t\t\t\t\t\t\t\t\t<p><em>Source:\u00a0<\/em><a href=\"https:\/\/www.kraussmaffei.com\/en\/home\" target=\"_blank\" rel=\"noopener\">KraussMaffei<\/a><\/p><p><strong>KraussMaffei at the K 2022: Hall 15, Stand C15\/C24-D24<\/strong><\/p>\t\t\t\t\t\t\t\t<\/div>\n\t\t\t\t<\/div>\n\t\t\t\t\t<\/div>\n\t\t<\/div>\n\t\t\t\t\t<\/div>\n\t\t<\/section>\n\t\t\t\t<section data-exad-particle-enable=\"false\" class=\"elementor-section elementor-top-section elementor-element elementor-element-6b56f455 elementor-section-boxed elementor-section-height-default elementor-section-height-default exad-parallax-effect-no exad-background-color-change-no exad-glass-effect-no exad-sticky-section-no\" data-id=\"6b56f455\" data-element_type=\"section\" data-e-type=\"section\" data-settings=\"{&quot;background_background&quot;:&quot;classic&quot;}\">\n\t\t\t\t\t\t<div class=\"elementor-container elementor-column-gap-default\">\n\t\t\t\t\t<div class=\"elementor-column elementor-col-100 elementor-top-column elementor-element elementor-element-2c149b24 exad-glass-effect-no exad-sticky-section-no\" data-id=\"2c149b24\" data-element_type=\"column\" data-e-type=\"column\">\n\t\t\t<div class=\"elementor-widget-wrap elementor-element-populated\">\n\t\t\t\t\t\t<div class=\"elementor-element elementor-element-4b0d75c5 exad-sticky-section-no exad-glass-effect-no elementor-widget elementor-widget-heading\" data-id=\"4b0d75c5\" data-element_type=\"widget\" data-e-type=\"widget\" data-widget_type=\"heading.default\">\n\t\t\t\t<div class=\"elementor-widget-container\">\n\t\t\t\t\t<h2 class=\"elementor-heading-title elementor-size-default\">More news on plastics and composites <\/h2>\t\t\t\t<\/div>\n\t\t\t\t<\/div>\n\t\t\t\t<div class=\"elementor-element elementor-element-67cfa622 elementor-grid-3 elementor-grid-tablet-2 elementor-grid-mobile-1 elementor-posts--thumbnail-top elementor-posts__hover-gradient exad-sticky-section-no exad-glass-effect-no elementor-widget elementor-widget-posts\" data-id=\"67cfa622\" data-element_type=\"widget\" data-e-type=\"widget\" data-settings=\"{&quot;cards_row_gap&quot;:{&quot;unit&quot;:&quot;px&quot;,&quot;size&quot;:38,&quot;sizes&quot;:[]},&quot;cards_columns&quot;:&quot;3&quot;,&quot;cards_columns_tablet&quot;:&quot;2&quot;,&quot;cards_columns_mobile&quot;:&quot;1&quot;,&quot;cards_row_gap_tablet&quot;:{&quot;unit&quot;:&quot;px&quot;,&quot;size&quot;:&quot;&quot;,&quot;sizes&quot;:[]},&quot;cards_row_gap_mobile&quot;:{&quot;unit&quot;:&quot;px&quot;,&quot;size&quot;:&quot;&quot;,&quot;sizes&quot;:[]}}\" data-widget_type=\"posts.cards\">\n\t\t\t\t<div class=\"elementor-widget-container\">\n\t\t\t\t\t\t\t<div class=\"elementor-posts-container elementor-posts elementor-posts--skin-cards elementor-grid\" role=\"list\">\n\t\t\t\t<article class=\"elementor-post elementor-grid-item post-115442 post type-post status-publish format-standard has-post-thumbnail category-green-packaging tag-interpack tag-kunststoff-und-verbunde tag-lebensmittel tag-nachhaltigkeit-und-green-packaging tag-packmittel-und-packstoffe tag-sn-maschinenbau tag-suedpack cs-entry cs-video-wrap\" role=\"listitem\">\n\t\t\t<div class=\"elementor-post__card\">\n\t\t\t\t<a class=\"elementor-post__thumbnail__link\" href=\"https:\/\/packaging-journal.de\/en\/recyclingfaehige-beutelkonzepte-von-suedpack\/\" tabindex=\"-1\"><div class=\"elementor-post__thumbnail\"><img decoding=\"async\" width=\"300\" height=\"163\" src=\"https:\/\/packaging-journal.de\/wp-content\/uploads\/2026\/04\/suedpack-porridge-300x163.jpg\" class=\"attachment-medium size-medium wp-image-115445\" alt=\"\" srcset=\"https:\/\/packaging-journal.de\/wp-content\/uploads\/2026\/04\/suedpack-porridge-300x163.jpg 300w, https:\/\/packaging-journal.de\/wp-content\/uploads\/2026\/04\/suedpack-porridge-1024x555.jpg 1024w, https:\/\/packaging-journal.de\/wp-content\/uploads\/2026\/04\/suedpack-porridge-768x416.jpg 768w, https:\/\/packaging-journal.de\/wp-content\/uploads\/2026\/04\/suedpack-porridge-18x10.jpg 18w, https:\/\/packaging-journal.de\/wp-content\/uploads\/2026\/04\/suedpack-porridge-332x180.jpg 332w, https:\/\/packaging-journal.de\/wp-content\/uploads\/2026\/04\/suedpack-porridge-664x360.jpg 664w, https:\/\/packaging-journal.de\/wp-content\/uploads\/2026\/04\/suedpack-porridge-688x373.jpg 688w, https:\/\/packaging-journal.de\/wp-content\/uploads\/2026\/04\/suedpack-porridge-1044x566.jpg 1044w, https:\/\/packaging-journal.de\/wp-content\/uploads\/2026\/04\/suedpack-porridge.jpg 1200w\" sizes=\"(max-width: 300px) 100vw, 300px\" \/><\/div><\/a>\n\t\t\t\t<div class=\"elementor-post__text\">\n\t\t\t\t<h3 class=\"elementor-post__title\">\n\t\t\t<a href=\"https:\/\/packaging-journal.de\/en\/recyclingfaehige-beutelkonzepte-von-suedpack\/\">\n\t\t\t\tRecyclable bags already meet PPWR requirements\t\t\t<\/a>\n\t\t<\/h3>\n\t\t\t\t<div class=\"elementor-post__excerpt\">\n\t\t\tS\u00fcdpack is presenting two innovative bag concepts from the CarbonLite film family, which are already prepared for the recycling requirements of 2030.\t\t<\/div>\n\t\t\n\t\t<a class=\"elementor-post__read-more\" href=\"https:\/\/packaging-journal.de\/en\/recyclingfaehige-beutelkonzepte-von-suedpack\/\" aria-label=\"Recyclable bags already meet PPWR requirements\" tabindex=\"-1\">\n\t\t\tRead more \"\t\t<\/a>\n\n\t\t\t\t<\/div>\n\t\t\t\t\t<\/div>\n\t\t<\/article>\n\t\t\t\t<article class=\"elementor-post elementor-grid-item post-115329 post type-post status-publish format-standard has-post-thumbnail category-packmittel-und-packstoffe tag-interpack tag-jokey-group tag-kunststoff-und-verbunde tag-nachhaltigkeit-und-green-packaging tag-packmittel-und-packstoffe tag-verpackung cs-entry cs-video-wrap\" role=\"listitem\">\n\t\t\t<div class=\"elementor-post__card\">\n\t\t\t\t<a class=\"elementor-post__thumbnail__link\" href=\"https:\/\/packaging-journal.de\/en\/jokey-stellt-duennwandige-verpackung-vor\/\" tabindex=\"-1\"><div class=\"elementor-post__thumbnail\"><img decoding=\"async\" width=\"300\" height=\"163\" src=\"https:\/\/packaging-journal.de\/wp-content\/uploads\/2026\/04\/jokey-ip-300x163.jpg\" class=\"attachment-medium size-medium wp-image-115332\" alt=\"\" srcset=\"https:\/\/packaging-journal.de\/wp-content\/uploads\/2026\/04\/jokey-ip-300x163.jpg 300w, https:\/\/packaging-journal.de\/wp-content\/uploads\/2026\/04\/jokey-ip-1024x555.jpg 1024w, https:\/\/packaging-journal.de\/wp-content\/uploads\/2026\/04\/jokey-ip-768x416.jpg 768w, https:\/\/packaging-journal.de\/wp-content\/uploads\/2026\/04\/jokey-ip-18x10.jpg 18w, https:\/\/packaging-journal.de\/wp-content\/uploads\/2026\/04\/jokey-ip-332x180.jpg 332w, https:\/\/packaging-journal.de\/wp-content\/uploads\/2026\/04\/jokey-ip-664x360.jpg 664w, https:\/\/packaging-journal.de\/wp-content\/uploads\/2026\/04\/jokey-ip-688x373.jpg 688w, https:\/\/packaging-journal.de\/wp-content\/uploads\/2026\/04\/jokey-ip-1044x566.jpg 1044w, https:\/\/packaging-journal.de\/wp-content\/uploads\/2026\/04\/jokey-ip.jpg 1200w\" sizes=\"(max-width: 300px) 100vw, 300px\" \/><\/div><\/a>\n\t\t\t\t<div class=\"elementor-post__text\">\n\t\t\t\t<h3 class=\"elementor-post__title\">\n\t\t\t<a href=\"https:\/\/packaging-journal.de\/en\/jokey-stellt-duennwandige-verpackung-vor\/\">\n\t\t\t\tLightweight bucket thanks to Jokey's ThinWall technology\t\t\t<\/a>\n\t\t<\/h3>\n\t\t\t\t<div class=\"elementor-post__excerpt\">\n\t\t\tAt Interpack 2026, Jokey will be presenting a new packaging solution: the JSLB 1090 1-litre bucket weighs just 30 grams and is designed for high efficiency and recyclability.\t\t<\/div>\n\t\t\n\t\t<a class=\"elementor-post__read-more\" href=\"https:\/\/packaging-journal.de\/en\/jokey-stellt-duennwandige-verpackung-vor\/\" aria-label=\"Read more about weight-reduced bucket thanks to Jokey&#039;s ThinWall technology\" tabindex=\"-1\">\n\t\t\tRead more \"\t\t<\/a>\n\n\t\t\t\t<\/div>\n\t\t\t\t\t<\/div>\n\t\t<\/article>\n\t\t\t\t<article class=\"elementor-post elementor-grid-item post-115246 post type-post status-publish format-standard has-post-thumbnail category-aus-dem-magazin category-green-packaging tag-abfalltechnik-und-recycling tag-kunststoff-und-verbunde tag-magazin-02-2026 tag-nachhaltigkeit-und-green-packaging tag-packmittel-und-packstoffe tag-pharma-kosmetik-chemie tag-werner-mertz cs-entry cs-video-wrap\" role=\"listitem\">\n\t\t\t<div class=\"elementor-post__card\">\n\t\t\t\t<a class=\"elementor-post__thumbnail__link\" href=\"https:\/\/packaging-journal.de\/en\/women-in-packaging-nachhaltige-verpackungen\/\" tabindex=\"-1\"><div class=\"elementor-post__thumbnail\"><img loading=\"lazy\" decoding=\"async\" width=\"300\" height=\"163\" src=\"https:\/\/packaging-journal.de\/wp-content\/uploads\/2026\/04\/wernermertz-julia-knobloch-300x163.jpg\" class=\"attachment-medium size-medium wp-image-115247\" alt=\"\" srcset=\"https:\/\/packaging-journal.de\/wp-content\/uploads\/2026\/04\/wernermertz-julia-knobloch-300x163.jpg 300w, https:\/\/packaging-journal.de\/wp-content\/uploads\/2026\/04\/wernermertz-julia-knobloch-1024x555.jpg 1024w, https:\/\/packaging-journal.de\/wp-content\/uploads\/2026\/04\/wernermertz-julia-knobloch-768x416.jpg 768w, https:\/\/packaging-journal.de\/wp-content\/uploads\/2026\/04\/wernermertz-julia-knobloch-18x10.jpg 18w, https:\/\/packaging-journal.de\/wp-content\/uploads\/2026\/04\/wernermertz-julia-knobloch-332x180.jpg 332w, https:\/\/packaging-journal.de\/wp-content\/uploads\/2026\/04\/wernermertz-julia-knobloch-664x360.jpg 664w, https:\/\/packaging-journal.de\/wp-content\/uploads\/2026\/04\/wernermertz-julia-knobloch-688x373.jpg 688w, https:\/\/packaging-journal.de\/wp-content\/uploads\/2026\/04\/wernermertz-julia-knobloch-1044x566.jpg 1044w, https:\/\/packaging-journal.de\/wp-content\/uploads\/2026\/04\/wernermertz-julia-knobloch.jpg 1200w\" sizes=\"(max-width: 300px) 100vw, 300px\" \/><\/div><\/a>\n\t\t\t\t<div class=\"elementor-post__text\">\n\t\t\t\t<h3 class=\"elementor-post__title\">\n\t\t\t<a href=\"https:\/\/packaging-journal.de\/en\/women-in-packaging-nachhaltige-verpackungen\/\">\n\t\t\t\tWomen in Packaging: Shaping Sustainable Packaging\t\t\t<\/a>\n\t\t<\/h3>\n\t\t\t\t<div class=\"elementor-post__excerpt\">\n\t\t\tAs a packaging developer, Julia Knobloch has been instrumental in the development of sustainable packaging solutions at Werner &amp; Mertz for two years.\t\t<\/div>\n\t\t\n\t\t<a class=\"elementor-post__read-more\" href=\"https:\/\/packaging-journal.de\/en\/women-in-packaging-nachhaltige-verpackungen\/\" aria-label=\"Read more about Women in Packaging: Shaping sustainable packaging\" tabindex=\"-1\">\n\t\t\tRead more \"\t\t<\/a>\n\n\t\t\t\t<\/div>\n\t\t\t\t\t<\/div>\n\t\t<\/article>\n\t\t\t\t<article class=\"elementor-post elementor-grid-item post-115238 post type-post status-publish format-standard has-post-thumbnail category-maerkte tag-gesetze-und-verordnungen tag-kunststoff-und-verbunde tag-oesterreich tag-pj_home cs-entry cs-video-wrap\" role=\"listitem\">\n\t\t\t<div class=\"elementor-post__card\">\n\t\t\t\t<a class=\"elementor-post__thumbnail__link\" href=\"https:\/\/packaging-journal.de\/en\/steuer-auf-kunststoffverpackungen-gestoppt\/\" tabindex=\"-1\"><div class=\"elementor-post__thumbnail\"><img loading=\"lazy\" decoding=\"async\" width=\"300\" height=\"163\" src=\"https:\/\/packaging-journal.de\/wp-content\/uploads\/2026\/04\/Austria-Flag-300x163.jpg\" class=\"attachment-medium size-medium wp-image-115241\" alt=\"\" srcset=\"https:\/\/packaging-journal.de\/wp-content\/uploads\/2026\/04\/Austria-Flag-300x163.jpg 300w, https:\/\/packaging-journal.de\/wp-content\/uploads\/2026\/04\/Austria-Flag-1024x555.jpg 1024w, https:\/\/packaging-journal.de\/wp-content\/uploads\/2026\/04\/Austria-Flag-768x416.jpg 768w, https:\/\/packaging-journal.de\/wp-content\/uploads\/2026\/04\/Austria-Flag-18x10.jpg 18w, https:\/\/packaging-journal.de\/wp-content\/uploads\/2026\/04\/Austria-Flag-332x180.jpg 332w, https:\/\/packaging-journal.de\/wp-content\/uploads\/2026\/04\/Austria-Flag-664x360.jpg 664w, https:\/\/packaging-journal.de\/wp-content\/uploads\/2026\/04\/Austria-Flag-688x373.jpg 688w, https:\/\/packaging-journal.de\/wp-content\/uploads\/2026\/04\/Austria-Flag-1044x566.jpg 1044w, https:\/\/packaging-journal.de\/wp-content\/uploads\/2026\/04\/Austria-Flag.jpg 1200w\" sizes=\"(max-width: 300px) 100vw, 300px\" \/><\/div><\/a>\n\t\t\t\t<div class=\"elementor-post__text\">\n\t\t\t\t<h3 class=\"elementor-post__title\">\n\t\t\t<a href=\"https:\/\/packaging-journal.de\/en\/steuer-auf-kunststoffverpackungen-gestoppt\/\">\n\t\t\t\tPlastic packaging tax halted\t\t\t<\/a>\n\t\t<\/h3>\n\t\t\t\t<div class=\"elementor-post__excerpt\">\n\t\t\tThe national plastic tax, originally planned for 1 October 2026 in Austria, is off the table.\t\t<\/div>\n\t\t\n\t\t<a class=\"elementor-post__read-more\" href=\"https:\/\/packaging-journal.de\/en\/steuer-auf-kunststoffverpackungen-gestoppt\/\" aria-label=\"Read more about tax on plastic packaging stopped\" tabindex=\"-1\">\n\t\t\tRead more \"\t\t<\/a>\n\n\t\t\t\t<\/div>\n\t\t\t\t\t<\/div>\n\t\t<\/article>\n\t\t\t\t<article class=\"elementor-post elementor-grid-item post-115228 post type-post status-publish format-standard has-post-thumbnail category-green-packaging tag-abfalltechnik-und-recycling tag-kunststoff-und-verbunde tag-nachhaltigkeit-und-green-packaging tag-packmittel-und-packstoffe tag-werner-mertz cs-entry cs-video-wrap\" role=\"listitem\">\n\t\t\t<div class=\"elementor-post__card\">\n\t\t\t\t<a class=\"elementor-post__thumbnail__link\" href=\"https:\/\/packaging-journal.de\/en\/kreislaufwirtschaft-fuer-energiesouveraenitaet\/\" tabindex=\"-1\"><div class=\"elementor-post__thumbnail\"><img loading=\"lazy\" decoding=\"async\" width=\"300\" height=\"163\" src=\"https:\/\/packaging-journal.de\/wp-content\/uploads\/2026\/04\/wernermertz-flaschen-300x163.jpg\" class=\"attachment-medium size-medium wp-image-115230\" alt=\"\" srcset=\"https:\/\/packaging-journal.de\/wp-content\/uploads\/2026\/04\/wernermertz-flaschen-300x163.jpg 300w, https:\/\/packaging-journal.de\/wp-content\/uploads\/2026\/04\/wernermertz-flaschen-1024x555.jpg 1024w, https:\/\/packaging-journal.de\/wp-content\/uploads\/2026\/04\/wernermertz-flaschen-768x416.jpg 768w, https:\/\/packaging-journal.de\/wp-content\/uploads\/2026\/04\/wernermertz-flaschen-18x10.jpg 18w, https:\/\/packaging-journal.de\/wp-content\/uploads\/2026\/04\/wernermertz-flaschen-332x180.jpg 332w, https:\/\/packaging-journal.de\/wp-content\/uploads\/2026\/04\/wernermertz-flaschen-664x360.jpg 664w, https:\/\/packaging-journal.de\/wp-content\/uploads\/2026\/04\/wernermertz-flaschen-688x373.jpg 688w, https:\/\/packaging-journal.de\/wp-content\/uploads\/2026\/04\/wernermertz-flaschen-1044x566.jpg 1044w, https:\/\/packaging-journal.de\/wp-content\/uploads\/2026\/04\/wernermertz-flaschen.jpg 1200w\" sizes=\"(max-width: 300px) 100vw, 300px\" \/><\/div><\/a>\n\t\t\t\t<div class=\"elementor-post__text\">\n\t\t\t\t<h3 class=\"elementor-post__title\">\n\t\t\t<a href=\"https:\/\/packaging-journal.de\/en\/kreislaufwirtschaft-fuer-energiesouveraenitaet\/\">\n\t\t\t\tWerner &amp; Mertz: A Circular Economy Brings Independence and Security\t\t\t<\/a>\n\t\t<\/h3>\n\t\t\t\t<div class=\"elementor-post__excerpt\">\n\t\t\tThe circular economy is gaining importance as a strategy for energy sovereignty and security. Werner &amp; Mertz demonstrates how companies can achieve economic stability through sustainable practices.\t\t<\/div>\n\t\t\n\t\t<a class=\"elementor-post__read-more\" href=\"https:\/\/packaging-journal.de\/en\/kreislaufwirtschaft-fuer-energiesouveraenitaet\/\" aria-label=\"Read more about Werner &amp; Mertz: Circular economy brings independence and security\" tabindex=\"-1\">\n\t\t\tRead more \"\t\t<\/a>\n\n\t\t\t\t<\/div>\n\t\t\t\t\t<\/div>\n\t\t<\/article>\n\t\t\t\t<article class=\"elementor-post elementor-grid-item post-115215 post type-post status-publish format-standard has-post-thumbnail category-aus-den-unternehmen-news tag-junghans-kunststoffwaren-fabrik tag-kunststoff-und-verbunde tag-packmittel-und-packstoffe tag-verschluesse-und-verschliesssysteme cs-entry cs-video-wrap\" role=\"listitem\">\n\t\t\t<div class=\"elementor-post__card\">\n\t\t\t\t<a class=\"elementor-post__thumbnail__link\" href=\"https:\/\/packaging-journal.de\/en\/150-jahre-junghans-kunststoffwaren-fabrik\/\" tabindex=\"-1\"><div class=\"elementor-post__thumbnail\"><img loading=\"lazy\" decoding=\"async\" width=\"300\" height=\"163\" src=\"https:\/\/packaging-journal.de\/wp-content\/uploads\/2026\/04\/junghans-Jubilaeum-300x163.jpg\" class=\"attachment-medium size-medium wp-image-115216\" alt=\"\" srcset=\"https:\/\/packaging-journal.de\/wp-content\/uploads\/2026\/04\/junghans-Jubilaeum-300x163.jpg 300w, https:\/\/packaging-journal.de\/wp-content\/uploads\/2026\/04\/junghans-Jubilaeum-1024x555.jpg 1024w, https:\/\/packaging-journal.de\/wp-content\/uploads\/2026\/04\/junghans-Jubilaeum-768x416.jpg 768w, https:\/\/packaging-journal.de\/wp-content\/uploads\/2026\/04\/junghans-Jubilaeum-18x10.jpg 18w, https:\/\/packaging-journal.de\/wp-content\/uploads\/2026\/04\/junghans-Jubilaeum-332x180.jpg 332w, https:\/\/packaging-journal.de\/wp-content\/uploads\/2026\/04\/junghans-Jubilaeum-664x360.jpg 664w, https:\/\/packaging-journal.de\/wp-content\/uploads\/2026\/04\/junghans-Jubilaeum-688x373.jpg 688w, https:\/\/packaging-journal.de\/wp-content\/uploads\/2026\/04\/junghans-Jubilaeum-1044x566.jpg 1044w, https:\/\/packaging-journal.de\/wp-content\/uploads\/2026\/04\/junghans-Jubilaeum.jpg 1200w\" sizes=\"(max-width: 300px) 100vw, 300px\" \/><\/div><\/a>\n\t\t\t\t<div class=\"elementor-post__text\">\n\t\t\t\t<h3 class=\"elementor-post__title\">\n\t\t\t<a href=\"https:\/\/packaging-journal.de\/en\/150-jahre-junghans-kunststoffwaren-fabrik\/\">\n\t\t\t\t150 Years of Junghans: Tradition meets modern plastic packaging\t\t\t<\/a>\n\t\t<\/h3>\n\t\t\t\t<div class=\"elementor-post__excerpt\">\n\t\t\tJunghans Kunststoffwaren-Fabrik celebrates 150 years and invests in modern technologies. The company is focusing on sustainability and sees itself well-equipped for the requirements of the PPWR.\t\t<\/div>\n\t\t\n\t\t<a class=\"elementor-post__read-more\" href=\"https:\/\/packaging-journal.de\/en\/150-jahre-junghans-kunststoffwaren-fabrik\/\" aria-label=\"Read more about 150 Years of Junghans: Tradition Meets Modern Plastic Packaging\" tabindex=\"-1\">\n\t\t\tRead more \"\t\t<\/a>\n\n\t\t\t\t<\/div>\n\t\t\t\t\t<\/div>\n\t\t<\/article>\n\t\t\t\t<\/div>\n\t\t\n\t\t\t\t\t\t<\/div>\n\t\t\t\t<\/div>\n\t\t\t\t\t<\/div>\n\t\t<\/div>\n\t\t\t\t\t<\/div>\n\t\t<\/section>\n\t\t\t\t<\/div>","protected":false},"excerpt":{"rendered":"With precisionMolding and powerMolding, KraussMaffei is presenting two injection moulding machine series for greater efficiency at K 2022.","protected":false},"author":1,"featured_media":69911,"comment_status":"closed","ping_status":"closed","sticky":false,"template":"","format":"standard","meta":{"_acf_changed":false,"__cvm_playback_settings":[],"__cvm_video_id":"","rank_math_description":"Mit precisionMolding und powerMolding pr\u00e4sentiert KraussMaffei gleich Spritzgie\u00dfmaschinen-Baureihen f\u00fcr mehr Effizienz auf der K 2022.","rank_math_focus_keyword":"Spritzgie\u00dfmaschine,KraussMaffei,K 2022","rank_math_title":"","csco_display_header_overlay":false,"csco_singular_sidebar":"","csco_page_header_type":"","csco_page_load_nextpost":"","csco_post_video_location":[],"csco_post_video_location_hash":"","csco_post_video_url":"","csco_post_video_bg_start_time":0,"csco_post_video_bg_end_time":0,"footnotes":"","_links_to":"","_links_to_target":""},"categories":[21],"tags":[59861,58861,54,59142,70],"class_list":{"0":"post-69907","1":"post","2":"type-post","3":"status-publish","4":"format-standard","5":"has-post-thumbnail","7":"category-verpackungstechnik","8":"tag-k-2022","9":"tag-kraussmaffei","10":"tag-kunststoff-und-verbunde","11":"tag-news-express","12":"tag-verpackungsmaschinen","13":"cs-entry","14":"cs-video-wrap"},"acf":[],"vimeo_video":null,"_links":{"self":[{"href":"https:\/\/packaging-journal.de\/en\/wp-json\/wp\/v2\/posts\/69907","targetHints":{"allow":["GET"]}}],"collection":[{"href":"https:\/\/packaging-journal.de\/en\/wp-json\/wp\/v2\/posts"}],"about":[{"href":"https:\/\/packaging-journal.de\/en\/wp-json\/wp\/v2\/types\/post"}],"author":[{"embeddable":true,"href":"https:\/\/packaging-journal.de\/en\/wp-json\/wp\/v2\/users\/1"}],"replies":[{"embeddable":true,"href":"https:\/\/packaging-journal.de\/en\/wp-json\/wp\/v2\/comments?post=69907"}],"version-history":[{"count":0,"href":"https:\/\/packaging-journal.de\/en\/wp-json\/wp\/v2\/posts\/69907\/revisions"}],"wp:featuredmedia":[{"embeddable":true,"href":"https:\/\/packaging-journal.de\/en\/wp-json\/wp\/v2\/media\/69911"}],"wp:attachment":[{"href":"https:\/\/packaging-journal.de\/en\/wp-json\/wp\/v2\/media?parent=69907"}],"wp:term":[{"taxonomy":"category","embeddable":true,"href":"https:\/\/packaging-journal.de\/en\/wp-json\/wp\/v2\/categories?post=69907"},{"taxonomy":"post_tag","embeddable":true,"href":"https:\/\/packaging-journal.de\/en\/wp-json\/wp\/v2\/tags?post=69907"}],"curies":[{"name":"wp","href":"https:\/\/api.w.org\/{rel}","templated":true}]}}