{"id":70386,"date":"2022-10-14T10:03:24","date_gmt":"2022-10-14T08:03:24","guid":{"rendered":"https:\/\/packaging-journal.de\/?p=70386"},"modified":"2022-10-14T09:16:01","modified_gmt":"2022-10-14T07:16:01","slug":"trioworld-sustainable-bale-wrap-film","status":"publish","type":"post","link":"https:\/\/packaging-journal.de\/en\/trioworld-nachhaltige-ballenwickelfolie\/","title":{"rendered":"Trioworld switches bale wrap film to recyclate"},"content":{"rendered":"<div data-elementor-type=\"wp-post\" data-elementor-id=\"70386\" class=\"elementor elementor-70386\" data-elementor-post-type=\"post\">\n\t\t\t\t\t\t<section data-exad-particle-enable=\"false\" class=\"elementor-section elementor-top-section elementor-element elementor-element-18bd55a elementor-section-boxed elementor-section-height-default elementor-section-height-default exad-parallax-effect-no exad-background-color-change-no exad-glass-effect-no exad-sticky-section-no\" data-id=\"18bd55a\" data-element_type=\"section\" data-e-type=\"section\">\n\t\t\t\t\t\t<div class=\"elementor-container elementor-column-gap-default\">\n\t\t\t\t\t<div class=\"elementor-column elementor-col-100 elementor-top-column elementor-element elementor-element-a7905e0 exad-glass-effect-no exad-sticky-section-no\" data-id=\"a7905e0\" data-element_type=\"column\" data-e-type=\"column\">\n\t\t\t<div class=\"elementor-widget-wrap elementor-element-populated\">\n\t\t\t\t\t\t<div class=\"elementor-element elementor-element-9a78c38 exad-sticky-section-no exad-glass-effect-no elementor-widget elementor-widget-text-editor\" data-id=\"9a78c38\" data-element_type=\"widget\" data-e-type=\"widget\" data-widget_type=\"text-editor.default\">\n\t\t\t\t<div class=\"elementor-widget-container\">\n\t\t\t\t\t\t\t\t\t<p><strong>Together with three large Nordic agricultural cooperatives, film manufacturer Trioworld is converting the bale wrap film market in Sweden, Norway and Denmark to recyclate-based material in order to reduce the climate impact of agriculture.<\/strong><\/p>\t\t\t\t\t\t\t\t<\/div>\n\t\t\t\t<\/div>\n\t\t\t\t\t<\/div>\n\t\t<\/div>\n\t\t\t\t\t<\/div>\n\t\t<\/section>\n\t\t\t\t<section data-exad-particle-enable=\"false\" class=\"elementor-section elementor-top-section elementor-element elementor-element-8e29ad1 elementor-section-boxed elementor-section-height-default elementor-section-height-default exad-parallax-effect-no exad-background-color-change-no exad-glass-effect-no exad-sticky-section-no\" data-id=\"8e29ad1\" data-element_type=\"section\" data-e-type=\"section\">\n\t\t\t\t\t\t<div class=\"elementor-container elementor-column-gap-default\">\n\t\t\t\t\t<div class=\"elementor-column elementor-col-100 elementor-top-column elementor-element elementor-element-8e8db1c exad-glass-effect-no exad-sticky-section-no\" data-id=\"8e8db1c\" data-element_type=\"column\" data-e-type=\"column\">\n\t\t\t<div class=\"elementor-widget-wrap elementor-element-populated\">\n\t\t\t\t\t\t<div class=\"elementor-element elementor-element-58ef7ac exad-sticky-section-no exad-glass-effect-no elementor-widget elementor-widget-text-editor\" data-id=\"58ef7ac\" data-element_type=\"widget\" data-e-type=\"widget\" data-widget_type=\"text-editor.default\">\n\t\t\t\t<div class=\"elementor-widget-container\">\n\t\t\t\t\t\t\t\t\t<p>Trioworld, supplier of sustainable polythene film solutions for the agricultural sector, wants to switch the market to film solutions with recycled content as part of a partnership with the major Nordic agricultural co-operatives Lantm\u00e4nnen in Sweden, Felleskj\u00f6pet in Norway and Hornsyld K\u00f8bmandsgaard in Denmark. <strong>Trioworld calls these products based on PCR material \"loop products\"<\/strong> (PCR = Post-Consumer Recyclates, material that has already been used for its intended purpose).<\/p><p>The project will be implemented in a three-year plan by continuously replacing products made from fossil raw materials with PCR-based products<strong>The aim is to have a complete portfolio of bale packaging based on recycled material available by 2025.<\/strong> The first step will be to replace the standard film (25\u00b5, 1500m), which will be available exclusively with recycled content in the coming 2023 season.<\/p><div class=\"packa-in-post-alle\" style=\"text-align: center;\" id=\"packa-1207090904\"><div id=\"packa-220161220\"><a data-no-instant=\"1\" href=\"https:\/\/packaging-journal.de\/en\/newsletter\/\" rel=\"noopener\" class=\"a2t-link\" target=\"_blank\" aria-label=\"PJ Self-promotion English 03\"><!--noptimize--><img src=\"https:\/\/packaging-journal.de\/wp-content\/uploads\/2026\/01\/PJ-Eigenwerbung-English-03.png\" alt=\"\"  srcset=\"https:\/\/packaging-journal.de\/wp-content\/uploads\/2026\/01\/PJ-Eigenwerbung-English-03.png 840w, https:\/\/packaging-journal.de\/wp-content\/uploads\/2026\/01\/PJ-Eigenwerbung-English-03-300x75.png 300w, https:\/\/packaging-journal.de\/wp-content\/uploads\/2026\/01\/PJ-Eigenwerbung-English-03-768x192.png 768w, https:\/\/packaging-journal.de\/wp-content\/uploads\/2026\/01\/PJ-Eigenwerbung-English-03-18x5.png 18w, https:\/\/packaging-journal.de\/wp-content\/uploads\/2026\/01\/PJ-Eigenwerbung-English-03-332x83.png 332w, https:\/\/packaging-journal.de\/wp-content\/uploads\/2026\/01\/PJ-Eigenwerbung-English-03-664x166.png 664w, https:\/\/packaging-journal.de\/wp-content\/uploads\/2026\/01\/PJ-Eigenwerbung-English-03-688x172.png 688w\" sizes=\"(max-width: 840px) 100vw, 840px\" width=\"840\" height=\"210\"  style=\" max-width: 100%; height: auto;\" \/><!--\/noptimize--><\/a><\/div><\/div><blockquote><p>\"We have succeeded in developing products that not only have the same wrapping performance and mechanical properties as a regular film, but have also been certified by RecyClass and tested for silage quality by an independent research institute. The 25\u00b5 loop wrapping film has been on the market since 2019 and has proven itself worldwide with consistently positive feedback.\"<\/p><p><strong>G\u00f6ran Ericson,<\/strong> Business Director Agriculture at Trioworld<\/p><\/blockquote><p>All products in this Trioworld Loop range contain <strong>At least 30 per cent PCR material obtained from used agricultural film<\/strong>which not only promotes the circular economy in agriculture, but also reduces CO<sub>2<\/sub>-footprint has been significantly reduced. <strong>A life cycle assessment is available for all Loop products<\/strong>which are aimed at reducing CO<sub>2<\/sub>-footprint compared to the same bale wrap film made from fossil raw materials. By switching to a 25\u00b5 loop bale wrap film, a reduction of around 30 per cent is achieved. The positive feedback and rapid development have led to loop products also being available for 21\u00b5 film and wrapping film for the coming season.<\/p><p><em>Source:<\/em> Trioworld<em><br \/><\/em><\/p><div id=\"packa-494778782\" class=\"packa-inhalt\"><!--noptimize--><script async src=\"https:\/\/pagead2.googlesyndication.com\/pagead\/js\/adsbygoogle.js?client=ca-pub-2686439340972671\" crossorigin=\"anonymous\"><\/script>\r\n<ins class=\"adsbygoogle\" style=\"display:block;text-align:center\" data-ad-layout=\"in-article\" data-ad-format=\"fluid\" data-ad-client=\"ca-pub-2686439340972671\" data-ad-slot=\"6171251825\"><\/ins>\r\n<script>\r\n     (adsbygoogle = window.adsbygoogle || []).push({});\r\n<\/script><!--\/noptimize--><\/div>\t\t\t\t\t\t\t\t<\/div>\n\t\t\t\t<\/div>\n\t\t\t\t\t<\/div>\n\t\t<\/div>\n\t\t\t\t\t<\/div>\n\t\t<\/section>\n\t\t\t\t<section data-exad-particle-enable=\"false\" class=\"elementor-section elementor-top-section elementor-element elementor-element-4e1fc546 elementor-section-boxed elementor-section-height-default elementor-section-height-default exad-parallax-effect-no exad-background-color-change-no exad-glass-effect-no exad-sticky-section-no\" data-id=\"4e1fc546\" data-element_type=\"section\" data-e-type=\"section\" data-settings=\"{&quot;background_background&quot;:&quot;classic&quot;}\">\n\t\t\t\t\t\t<div class=\"elementor-container elementor-column-gap-default\">\n\t\t\t\t\t<div class=\"elementor-column elementor-col-100 elementor-top-column elementor-element elementor-element-30b26f40 exad-glass-effect-no exad-sticky-section-no\" data-id=\"30b26f40\" data-element_type=\"column\" data-e-type=\"column\">\n\t\t\t<div class=\"elementor-widget-wrap elementor-element-populated\">\n\t\t\t\t\t\t<div class=\"elementor-element elementor-element-2691071 exad-sticky-section-no exad-glass-effect-no elementor-widget elementor-widget-heading\" data-id=\"2691071\" data-element_type=\"widget\" data-e-type=\"widget\" data-widget_type=\"heading.default\">\n\t\t\t\t<div class=\"elementor-widget-container\">\n\t\t\t\t\t<h2 class=\"elementor-heading-title elementor-size-default\">Recyclate - More news<\/h2>\t\t\t\t<\/div>\n\t\t\t\t<\/div>\n\t\t\t\t<div class=\"elementor-element elementor-element-158cf7dd elementor-grid-3 elementor-grid-tablet-2 elementor-grid-mobile-1 elementor-posts--thumbnail-top elementor-posts__hover-gradient exad-sticky-section-no exad-glass-effect-no elementor-widget elementor-widget-posts\" data-id=\"158cf7dd\" data-element_type=\"widget\" data-e-type=\"widget\" data-settings=\"{&quot;cards_row_gap&quot;:{&quot;unit&quot;:&quot;px&quot;,&quot;size&quot;:38,&quot;sizes&quot;:[]},&quot;cards_columns&quot;:&quot;3&quot;,&quot;cards_columns_tablet&quot;:&quot;2&quot;,&quot;cards_columns_mobile&quot;:&quot;1&quot;,&quot;cards_row_gap_tablet&quot;:{&quot;unit&quot;:&quot;px&quot;,&quot;size&quot;:&quot;&quot;,&quot;sizes&quot;:[]},&quot;cards_row_gap_mobile&quot;:{&quot;unit&quot;:&quot;px&quot;,&quot;size&quot;:&quot;&quot;,&quot;sizes&quot;:[]}}\" data-widget_type=\"posts.cards\">\n\t\t\t\t<div class=\"elementor-widget-container\">\n\t\t\t\t\t\t\t<div class=\"elementor-posts-container elementor-posts elementor-posts--skin-cards elementor-grid\" role=\"list\">\n\t\t\t\t<article class=\"elementor-post elementor-grid-item post-108600 post type-post status-publish format-audio has-post-thumbnail category-packmittel-und-packstoffe tag-abfalltechnik-und-recycling tag-audio tag-eu-verpackungsverordnung tag-interzero tag-magazin-05-2025 tag-packaging-people tag-packmittel-und-packstoffe tag-pj_home tag-podcast tag-rezyklat post_format-post-format-audio cs-entry cs-video-wrap\" role=\"listitem\">\n\t\t\t<div class=\"elementor-post__card\">\n\t\t\t\t<a class=\"elementor-post__thumbnail__link\" href=\"https:\/\/packaging-journal.de\/en\/podcast-interzero-rezyklat-knappheit\/\" tabindex=\"-1\" ><div class=\"elementor-post__thumbnail\"><img decoding=\"async\" width=\"300\" height=\"150\" src=\"https:\/\/packaging-journal.de\/wp-content\/uploads\/2025\/10\/Header-Episode-31-300x150.jpg\" class=\"attachment-medium size-medium wp-image-108397\" alt=\"\" srcset=\"https:\/\/packaging-journal.de\/wp-content\/uploads\/2025\/10\/Header-Episode-31-300x150.jpg 300w, https:\/\/packaging-journal.de\/wp-content\/uploads\/2025\/10\/Header-Episode-31-1024x512.jpg 1024w, https:\/\/packaging-journal.de\/wp-content\/uploads\/2025\/10\/Header-Episode-31-768x384.jpg 768w, https:\/\/packaging-journal.de\/wp-content\/uploads\/2025\/10\/Header-Episode-31-18x9.jpg 18w, https:\/\/packaging-journal.de\/wp-content\/uploads\/2025\/10\/Header-Episode-31.jpg 1200w\" sizes=\"(max-width: 300px) 100vw, 300px\" \/><\/div><\/a>\n\t\t\t\t<div class=\"elementor-post__text\">\n\t\t\t\t<h3 class=\"elementor-post__title\">\n\t\t\t<a href=\"https:\/\/packaging-journal.de\/en\/podcast-interzero-rezyklat-knappheit\/\" >\n\t\t\t\t\ud83c\udfa7 Podcast: What to do about the recyclate shortage?\t\t\t<\/a>\n\t\t<\/h3>\n\t\t\t\t<div class=\"elementor-post__excerpt\">\n\t\t\tIn the new Packaging People podcast, Patrick Neumann and Jonathan Scheck from Interzero talk about the results of the latest Circular Packaging 2030 study. They show why the packaging industry is heading into a dangerous supply gap for post-consumer recyclates - and which strategies urgently need to take effect now.\t\t<\/div>\n\t\t\n\t\t<a class=\"elementor-post__read-more\" href=\"https:\/\/packaging-journal.de\/en\/podcast-interzero-rezyklat-knappheit\/\" aria-label=\"Read more about \ud83c\udfa7 Podcast: What to do about the recyclate shortage?\" tabindex=\"-1\" >\n\t\t\tRead more \"\t\t<\/a>\n\n\t\t\t\t<\/div>\n\t\t\t\t\t<\/div>\n\t\t<\/article>\n\t\t\t\t<article class=\"elementor-post elementor-grid-item post-107717 post type-post status-publish format-standard has-post-thumbnail category-packmittel-und-packstoffe tag-kunststoff-und-verbunde tag-lebensmittel tag-nachhaltigkeit-und-green-packaging tag-rezyklat tag-usa tag-walmart cs-entry cs-video-wrap\" role=\"listitem\">\n\t\t\t<div class=\"elementor-post__card\">\n\t\t\t\t<a class=\"elementor-post__thumbnail__link\" href=\"https:\/\/packaging-journal.de\/en\/emerald-packaging-und-walmart-kooperieren\/\" tabindex=\"-1\" ><div class=\"elementor-post__thumbnail\"><img decoding=\"async\" width=\"300\" height=\"163\" src=\"https:\/\/packaging-journal.de\/wp-content\/uploads\/2025\/10\/Emerald-Walmart-300x163.jpg\" class=\"attachment-medium size-medium wp-image-107720\" alt=\"\" srcset=\"https:\/\/packaging-journal.de\/wp-content\/uploads\/2025\/10\/Emerald-Walmart-300x163.jpg 300w, https:\/\/packaging-journal.de\/wp-content\/uploads\/2025\/10\/Emerald-Walmart-1024x555.jpg 1024w, https:\/\/packaging-journal.de\/wp-content\/uploads\/2025\/10\/Emerald-Walmart-768x416.jpg 768w, https:\/\/packaging-journal.de\/wp-content\/uploads\/2025\/10\/Emerald-Walmart-18x10.jpg 18w, https:\/\/packaging-journal.de\/wp-content\/uploads\/2025\/10\/Emerald-Walmart.jpg 1200w\" sizes=\"(max-width: 300px) 100vw, 300px\" \/><\/div><\/a>\n\t\t\t\t<div class=\"elementor-post__text\">\n\t\t\t\t<h3 class=\"elementor-post__title\">\n\t\t\t<a href=\"https:\/\/packaging-journal.de\/en\/emerald-packaging-und-walmart-kooperieren\/\" >\n\t\t\t\tEmerald Packaging and Walmart cooperate\t\t\t<\/a>\n\t\t<\/h3>\n\t\t\t\t<div class=\"elementor-post__excerpt\">\n\t\t\tEmerald Packaging and Walmart launch the first food-grade potato packaging with 30 % post-consumer recyclate in the US.\t\t<\/div>\n\t\t\n\t\t<a class=\"elementor-post__read-more\" href=\"https:\/\/packaging-journal.de\/en\/emerald-packaging-und-walmart-kooperieren\/\" aria-label=\"Read more about Emerald Packaging and Walmart cooperate\" tabindex=\"-1\" >\n\t\t\tRead more \"\t\t<\/a>\n\n\t\t\t\t<\/div>\n\t\t\t\t\t<\/div>\n\t\t<\/article>\n\t\t\t\t<article class=\"elementor-post elementor-grid-item post-107655 post type-post status-publish format-standard has-post-thumbnail category-maerkte tag-abfalltechnik-und-recycling tag-audio tag-bvse tag-markt tag-pj_home tag-rezyklat cs-entry cs-video-wrap\" role=\"listitem\">\n\t\t\t<div class=\"elementor-post__card\">\n\t\t\t\t<a class=\"elementor-post__thumbnail__link\" href=\"https:\/\/packaging-journal.de\/en\/recyclingwirtschaft-schlaegt-alarm-bvse-mahnt-reformen-an\/\" tabindex=\"-1\" ><div class=\"elementor-post__thumbnail\"><img fetchpriority=\"high\" decoding=\"async\" width=\"300\" height=\"170\" src=\"https:\/\/packaging-journal.de\/wp-content\/uploads\/2025\/06\/chemisches-recycling-themenbild-300x170.jpg\" class=\"attachment-medium size-medium wp-image-103446\" alt=\"\" srcset=\"https:\/\/packaging-journal.de\/wp-content\/uploads\/2025\/06\/chemisches-recycling-themenbild-300x170.jpg 300w, https:\/\/packaging-journal.de\/wp-content\/uploads\/2025\/06\/chemisches-recycling-themenbild-1024x579.jpg 1024w, https:\/\/packaging-journal.de\/wp-content\/uploads\/2025\/06\/chemisches-recycling-themenbild-768x434.jpg 768w, https:\/\/packaging-journal.de\/wp-content\/uploads\/2025\/06\/chemisches-recycling-themenbild-813x457.jpg 813w, https:\/\/packaging-journal.de\/wp-content\/uploads\/2025\/06\/chemisches-recycling-themenbild-180x101.jpg 180w, https:\/\/packaging-journal.de\/wp-content\/uploads\/2025\/06\/chemisches-recycling-themenbild-260x146.jpg 260w, https:\/\/packaging-journal.de\/wp-content\/uploads\/2025\/06\/chemisches-recycling-themenbild-373x210.jpg 373w, https:\/\/packaging-journal.de\/wp-content\/uploads\/2025\/06\/chemisches-recycling-themenbild-120x67.jpg 120w, https:\/\/packaging-journal.de\/wp-content\/uploads\/2025\/06\/chemisches-recycling-themenbild.jpg 1200w\" sizes=\"(max-width: 300px) 100vw, 300px\" \/><\/div><\/a>\n\t\t\t\t<div class=\"elementor-post__text\">\n\t\t\t\t<h3 class=\"elementor-post__title\">\n\t\t\t<a href=\"https:\/\/packaging-journal.de\/en\/recyclingwirtschaft-schlaegt-alarm-bvse-mahnt-reformen-an\/\" >\n\t\t\t\tRecycling industry sounds the alarm - bvse calls for reforms\t\t\t<\/a>\n\t\t<\/h3>\n\t\t\t\t<div class=\"elementor-post__excerpt\">\n\t\t\tRecession, plant shutdowns, price pressure: the recycling industry sounds the alarm at the bvse annual conference. President Forster calls for political backing - and warns of dangerous export restrictions on secondary raw materials. The association sees an acute need for action, particularly in plastics and textile recycling.\t\t<\/div>\n\t\t\n\t\t<a class=\"elementor-post__read-more\" href=\"https:\/\/packaging-journal.de\/en\/recyclingwirtschaft-schlaegt-alarm-bvse-mahnt-reformen-an\/\" aria-label=\"Read more about Recycling industry sounds the alarm - bvse calls for reforms\" tabindex=\"-1\" >\n\t\t\tRead more \"\t\t<\/a>\n\n\t\t\t\t<\/div>\n\t\t\t\t\t<\/div>\n\t\t<\/article>\n\t\t\t\t<article class=\"elementor-post elementor-grid-item post-106918 post type-post status-publish format-standard has-post-thumbnail category-maerkte tag-abfalltechnik-und-recycling tag-frankreich tag-kunststoff-und-verbunde tag-nachhaltigkeit-und-green-packaging tag-pet tag-rezyklat cs-entry cs-video-wrap\" role=\"listitem\">\n\t\t\t<div class=\"elementor-post__card\">\n\t\t\t\t<a class=\"elementor-post__thumbnail__link\" href=\"https:\/\/packaging-journal.de\/en\/frankreich-honoriert-rezyklateinsatz-in-verpackungen\/\" tabindex=\"-1\" ><div class=\"elementor-post__thumbnail\"><img loading=\"lazy\" decoding=\"async\" width=\"300\" height=\"163\" src=\"https:\/\/packaging-journal.de\/wp-content\/uploads\/2025\/09\/Frankreich-Rezyklate-300x163.jpg\" class=\"attachment-medium size-medium wp-image-106921\" alt=\"\" srcset=\"https:\/\/packaging-journal.de\/wp-content\/uploads\/2025\/09\/Frankreich-Rezyklate-300x163.jpg 300w, https:\/\/packaging-journal.de\/wp-content\/uploads\/2025\/09\/Frankreich-Rezyklate-1024x555.jpg 1024w, https:\/\/packaging-journal.de\/wp-content\/uploads\/2025\/09\/Frankreich-Rezyklate-768x416.jpg 768w, https:\/\/packaging-journal.de\/wp-content\/uploads\/2025\/09\/Frankreich-Rezyklate-18x10.jpg 18w, https:\/\/packaging-journal.de\/wp-content\/uploads\/2025\/09\/Frankreich-Rezyklate.jpg 1200w\" sizes=\"(max-width: 300px) 100vw, 300px\" \/><\/div><\/a>\n\t\t\t\t<div class=\"elementor-post__text\">\n\t\t\t\t<h3 class=\"elementor-post__title\">\n\t\t\t<a href=\"https:\/\/packaging-journal.de\/en\/frankreich-honoriert-rezyklateinsatz-in-verpackungen\/\" >\n\t\t\t\tFrance honours the use of recyclates in packaging\t\t\t<\/a>\n\t\t<\/h3>\n\t\t\t\t<div class=\"elementor-post__excerpt\">\n\t\t\tThe French government has issued a decree introducing new bonus regulations for manufacturers who use recycled plastics in products - explicitly including packaging.\t\t<\/div>\n\t\t\n\t\t<a class=\"elementor-post__read-more\" href=\"https:\/\/packaging-journal.de\/en\/frankreich-honoriert-rezyklateinsatz-in-verpackungen\/\" aria-label=\"Read more about France honours the use of recyclates in packaging\" tabindex=\"-1\" >\n\t\t\tRead more \"\t\t<\/a>\n\n\t\t\t\t<\/div>\n\t\t\t\t\t<\/div>\n\t\t<\/article>\n\t\t\t\t<article class=\"elementor-post elementor-grid-item post-105909 post type-post status-publish format-standard has-post-thumbnail category-aus-dem-magazin tag-abfalltechnik-und-recycling tag-audio tag-berndtpartner-creality tag-eu-verpackungsverordnung tag-interzero tag-magazin-04-2025 tag-markt tag-pj_home tag-rezyklat cs-entry cs-video-wrap\" role=\"listitem\">\n\t\t\t<div class=\"elementor-post__card\">\n\t\t\t\t<a class=\"elementor-post__thumbnail__link\" href=\"https:\/\/packaging-journal.de\/en\/circular-packaging-2030-strategien-gegen-die-pcr-knappheit\/\" tabindex=\"-1\" ><div class=\"elementor-post__thumbnail\"><img loading=\"lazy\" decoding=\"async\" width=\"300\" height=\"163\" src=\"https:\/\/packaging-journal.de\/wp-content\/uploads\/2025\/08\/circular-packaging-Interzero-2030-Sanduhr-300x163.jpg\" class=\"attachment-medium size-medium wp-image-105913\" alt=\"\" srcset=\"https:\/\/packaging-journal.de\/wp-content\/uploads\/2025\/08\/circular-packaging-Interzero-2030-Sanduhr-300x163.jpg 300w, https:\/\/packaging-journal.de\/wp-content\/uploads\/2025\/08\/circular-packaging-Interzero-2030-Sanduhr-1024x555.jpg 1024w, https:\/\/packaging-journal.de\/wp-content\/uploads\/2025\/08\/circular-packaging-Interzero-2030-Sanduhr-768x416.jpg 768w, https:\/\/packaging-journal.de\/wp-content\/uploads\/2025\/08\/circular-packaging-Interzero-2030-Sanduhr-18x10.jpg 18w, https:\/\/packaging-journal.de\/wp-content\/uploads\/2025\/08\/circular-packaging-Interzero-2030-Sanduhr.jpg 1200w\" sizes=\"(max-width: 300px) 100vw, 300px\" \/><\/div><\/a>\n\t\t\t\t<div class=\"elementor-post__text\">\n\t\t\t\t<h3 class=\"elementor-post__title\">\n\t\t\t<a href=\"https:\/\/packaging-journal.de\/en\/circular-packaging-2030-strategien-gegen-die-pcr-knappheit\/\" >\n\t\t\t\tCircular Packaging 2030 - Strategies against the PCR shortage\t\t\t<\/a>\n\t\t<\/h3>\n\t\t\t\t<div class=\"elementor-post__excerpt\">\n\t\t\tTime is of the essence: EU quotas for recyclates will apply from 2030 - but there is already a shortage of high-quality PCR. A new study commissioned by Interzero shows a looming gap of around 1 million tonnes. Those who do not act now risk high costs, bottlenecks and penalties. How companies can take countermeasures and secure competitive advantages.\t\t<\/div>\n\t\t\n\t\t<a class=\"elementor-post__read-more\" href=\"https:\/\/packaging-journal.de\/en\/circular-packaging-2030-strategien-gegen-die-pcr-knappheit\/\" aria-label=\"Read more about Circular Packaging 2030 - Strategies against the PCR shortage\" tabindex=\"-1\" >\n\t\t\tRead more \"\t\t<\/a>\n\n\t\t\t\t<\/div>\n\t\t\t\t\t<\/div>\n\t\t<\/article>\n\t\t\t\t<article class=\"elementor-post elementor-grid-item post-105908 post type-post status-publish format-standard has-post-thumbnail category-whitepaper tag-abfalltechnik-und-recycling tag-eu-verpackungsverordnung tag-interzero tag-packmittel-und-packstoffe tag-pj_home tag-pj_schweiz tag-rezyklat tag-verpackungstechnik cs-entry cs-video-wrap\" role=\"listitem\">\n\t\t\t<div class=\"elementor-post__card\">\n\t\t\t\t<a class=\"elementor-post__thumbnail__link\" href=\"https:\/\/packaging-journal.de\/en\/whitepaper-circular-packaging-2030\/\" tabindex=\"-1\" ><div class=\"elementor-post__thumbnail\"><img loading=\"lazy\" decoding=\"async\" width=\"300\" height=\"163\" src=\"https:\/\/packaging-journal.de\/wp-content\/uploads\/2025\/08\/Whitepaper-Header-Interzero-Studie-300x163.jpg\" class=\"attachment-medium size-medium wp-image-106343\" alt=\"\" srcset=\"https:\/\/packaging-journal.de\/wp-content\/uploads\/2025\/08\/Whitepaper-Header-Interzero-Studie-300x163.jpg 300w, https:\/\/packaging-journal.de\/wp-content\/uploads\/2025\/08\/Whitepaper-Header-Interzero-Studie-1024x555.jpg 1024w, https:\/\/packaging-journal.de\/wp-content\/uploads\/2025\/08\/Whitepaper-Header-Interzero-Studie-768x416.jpg 768w, https:\/\/packaging-journal.de\/wp-content\/uploads\/2025\/08\/Whitepaper-Header-Interzero-Studie-1536x832.jpg 1536w, https:\/\/packaging-journal.de\/wp-content\/uploads\/2025\/08\/Whitepaper-Header-Interzero-Studie-2048x1109.jpg 2048w, https:\/\/packaging-journal.de\/wp-content\/uploads\/2025\/08\/Whitepaper-Header-Interzero-Studie-18x10.jpg 18w, https:\/\/packaging-journal.de\/wp-content\/uploads\/2025\/08\/Whitepaper-Header-Interzero-Studie-1320x715.jpg 1320w, https:\/\/packaging-journal.de\/wp-content\/uploads\/2025\/08\/Whitepaper-Header-Interzero-Studie.jpg 2400w\" sizes=\"(max-width: 300px) 100vw, 300px\" \/><\/div><\/a>\n\t\t\t\t<div class=\"elementor-post__text\">\n\t\t\t\t<h3 class=\"elementor-post__title\">\n\t\t\t<a href=\"https:\/\/packaging-journal.de\/en\/whitepaper-circular-packaging-2030\/\" >\n\t\t\t\tWhitepaper | Circular Packaging 2030 - Strategies against the PCR shortage\t\t\t<\/a>\n\t\t<\/h3>\n\t\t\t\t<div class=\"elementor-post__excerpt\">\n\t\t\tHigh-quality recyclate is becoming scarce - and the EU is making its use mandatory from 2030. A study commissioned by Interzero shows where the problem lies - and how companies can take countermeasures now. You can download a current white paper free of charge.\t\t<\/div>\n\t\t\n\t\t<a class=\"elementor-post__read-more\" href=\"https:\/\/packaging-journal.de\/en\/whitepaper-circular-packaging-2030\/\" aria-label=\"Read more about Whitepaper | Circular Packaging 2030 - Strategies against the PCR shortage\" tabindex=\"-1\" >\n\t\t\tRead more \"\t\t<\/a>\n\n\t\t\t\t<\/div>\n\t\t\t\t\t<\/div>\n\t\t<\/article>\n\t\t\t\t<\/div>\n\t\t\n\t\t\t\t\t\t<\/div>\n\t\t\t\t<\/div>\n\t\t\t\t\t<\/div>\n\t\t<\/div>\n\t\t\t\t\t<\/div>\n\t\t<\/section>\n\t\t\t\t<\/div>","protected":false},"excerpt":{"rendered":"Together with three large Nordic agricultural cooperatives, film manufacturer Trioworld is converting the bale wrap film market in Sweden, Norway and Denmark to recyclate-based material in order to reduce the climate impact of agriculture.","protected":false},"author":20,"featured_media":70387,"comment_status":"closed","ping_status":"closed","sticky":false,"template":"","format":"standard","meta":{"_acf_changed":false,"__cvm_playback_settings":[],"__cvm_video_id":"","rank_math_description":"Folienhersteller Trioworld stellt den Ballenwickelfolienmarkt in Schweden, Norwegen und D\u00e4nemark auf rezyklatbasiertes Material um.","rank_math_focus_keyword":"Trioworld","rank_math_title":"","csco_display_header_overlay":false,"csco_singular_sidebar":"","csco_page_header_type":"","csco_page_load_nextpost":"","csco_post_video_location":[],"csco_post_video_location_hash":"","csco_post_video_url":"","csco_post_video_bg_start_time":0,"csco_post_video_bg_end_time":0,"footnotes":"","_links_to":"","_links_to_target":""},"categories":[58781],"tags":[54,31,32,59892],"class_list":{"0":"post-70386","1":"post","2":"type-post","3":"status-publish","4":"format-standard","5":"has-post-thumbnail","7":"category-green-packaging","8":"tag-kunststoff-und-verbunde","9":"tag-nachhaltigkeit-und-green-packaging","10":"tag-packmittel-und-packstoffe","11":"tag-triworld","12":"cs-entry","13":"cs-video-wrap"},"acf":[],"vimeo_video":null,"_links":{"self":[{"href":"https:\/\/packaging-journal.de\/en\/wp-json\/wp\/v2\/posts\/70386","targetHints":{"allow":["GET"]}}],"collection":[{"href":"https:\/\/packaging-journal.de\/en\/wp-json\/wp\/v2\/posts"}],"about":[{"href":"https:\/\/packaging-journal.de\/en\/wp-json\/wp\/v2\/types\/post"}],"author":[{"embeddable":true,"href":"https:\/\/packaging-journal.de\/en\/wp-json\/wp\/v2\/users\/20"}],"replies":[{"embeddable":true,"href":"https:\/\/packaging-journal.de\/en\/wp-json\/wp\/v2\/comments?post=70386"}],"version-history":[{"count":0,"href":"https:\/\/packaging-journal.de\/en\/wp-json\/wp\/v2\/posts\/70386\/revisions"}],"wp:featuredmedia":[{"embeddable":true,"href":"https:\/\/packaging-journal.de\/en\/wp-json\/wp\/v2\/media\/70387"}],"wp:attachment":[{"href":"https:\/\/packaging-journal.de\/en\/wp-json\/wp\/v2\/media?parent=70386"}],"wp:term":[{"taxonomy":"category","embeddable":true,"href":"https:\/\/packaging-journal.de\/en\/wp-json\/wp\/v2\/categories?post=70386"},{"taxonomy":"post_tag","embeddable":true,"href":"https:\/\/packaging-journal.de\/en\/wp-json\/wp\/v2\/tags?post=70386"}],"curies":[{"name":"wp","href":"https:\/\/api.w.org\/{rel}","templated":true}]}}