{"id":71086,"date":"2022-10-27T15:15:49","date_gmt":"2022-10-27T13:15:49","guid":{"rendered":"https:\/\/packaging-journal.de\/?p=71086"},"modified":"2022-10-27T11:54:52","modified_gmt":"2022-10-27T09:54:52","slug":"digital-twin-for-primary-packaging","status":"publish","type":"post","link":"https:\/\/packaging-journal.de\/en\/digitaler-zwilling-fuer-primaerverpackungen\/","title":{"rendered":"Digital twin for primary packaging"},"content":{"rendered":"<div data-elementor-type=\"wp-post\" data-elementor-id=\"71086\" class=\"elementor elementor-71086\" data-elementor-post-type=\"post\">\n\t\t\t\t\t\t<section data-exad-particle-enable=\"false\" class=\"elementor-section elementor-top-section elementor-element elementor-element-4f04a48 elementor-section-boxed elementor-section-height-default elementor-section-height-default exad-parallax-effect-no exad-background-color-change-no exad-glass-effect-no exad-sticky-section-no\" data-id=\"4f04a48\" data-element_type=\"section\" data-e-type=\"section\">\n\t\t\t\t\t\t<div class=\"elementor-container elementor-column-gap-default\">\n\t\t\t\t\t<div class=\"elementor-column elementor-col-100 elementor-top-column elementor-element elementor-element-4cdddbb exad-glass-effect-no exad-sticky-section-no\" data-id=\"4cdddbb\" data-element_type=\"column\" data-e-type=\"column\">\n\t\t\t<div class=\"elementor-widget-wrap elementor-element-populated\">\n\t\t\t\t\t\t<div class=\"elementor-element elementor-element-ddb0ef5 exad-sticky-section-no exad-glass-effect-no elementor-widget elementor-widget-text-editor\" data-id=\"ddb0ef5\" data-element_type=\"widget\" data-e-type=\"widget\" data-widget_type=\"text-editor.default\">\n\t\t\t\t<div class=\"elementor-widget-container\">\n\t\t\t\t\t\t\t\t\t<p><strong>In a joint project, Gerresheimer and Merck have developed a digital twin technology for primary packaging. The primary packaging is linked to the digital twin in the proof of concept (PoC) using a customised ID.<\/strong><\/p>\t\t\t\t\t\t\t\t<\/div>\n\t\t\t\t<\/div>\n\t\t\t\t<div class=\"elementor-element elementor-element-2048f77 exad-sticky-section-no exad-glass-effect-no elementor-widget elementor-widget-text-editor\" data-id=\"2048f77\" data-element_type=\"widget\" data-e-type=\"widget\" data-widget_type=\"text-editor.default\">\n\t\t\t\t<div class=\"elementor-widget-container\">\n\t\t\t\t\t\t\t\t\t<div class=\"page\" title=\"Page 1\"><div class=\"layoutArea\"><div class=\"column\"><p><a href=\"https:\/\/packaging-journal.de\/?s=gerresheimer&amp;cat=-1&amp;date-all=all&amp;begin=&amp;end=\">Gerresheimer AG<\/a> and Merck, Darmstadt, have jointly developed a solution for the use of so-called <strong>\u201edigital twin\u201c to ensure the traceability and reliability of data at critical points along the pharmaceutical supply chain.<\/strong> even further optimised. The aim of the PoC is to fundamentally change the pharmaceutical supply chain with the help of digital twins for primary packaging. Through a single network, those involved in the process benefit from full traceability and digital reliability, which can lead to cost savings, quality improvements and even new business models thanks to process automation.<\/p><\/div><\/div><\/div>\t\t\t\t\t\t\t\t<\/div>\n\t\t\t\t<\/div>\n\t\t\t\t<div class=\"elementor-element elementor-element-32e9b2c exad-sticky-section-no exad-glass-effect-no elementor-widget elementor-widget-text-editor\" data-id=\"32e9b2c\" data-element_type=\"widget\" data-e-type=\"widget\" data-widget_type=\"text-editor.default\">\n\t\t\t\t<div class=\"elementor-widget-container\">\n\t\t\t\t\t\t\t\t\t<div class=\"page\" title=\"Page 2\"><div class=\"layoutArea\"><div class=\"column\"><blockquote><p>\u201eAt Merck, we develop digital innovations that enable companies to capitalise on the compelling benefits of the Industrial Internet of Things (IIoT) and create reliable digital twins. We are proud to support the Gerresheimer team as a digital sparring partner with our patented digital technologies.\u201c<\/p><p><strong>Thomas Endress<\/strong>, Executive Director EMD Digital at Merck<\/p><\/blockquote><\/div><\/div><\/div>\t\t\t\t\t\t\t\t<\/div>\n\t\t\t\t<\/div>\n\t\t\t\t<div class=\"elementor-element elementor-element-7d0b6ea exad-sticky-section-no exad-glass-effect-no elementor-widget elementor-widget-text-editor\" data-id=\"7d0b6ea\" data-element_type=\"widget\" data-e-type=\"widget\" data-widget_type=\"text-editor.default\">\n\t\t\t\t<div class=\"elementor-widget-container\">\n\t\t\t\t\t\t\t\t\t<div class=\"page\" title=\"Page 2\"><div class=\"layoutArea\"><div class=\"column\"><p>With the jointly developed solution, Gerresheimer's physical primary packaging is provided with a secure \u201ekey\u201c that establishes the connection to the corresponding digital twin. During its \u201ejourney\u201c through the supply chain - from production through to the patient <strong>The primary packaging, such as syringes or ampoules, connect and collect important data that is linked to their unique identifier.<\/strong> become. They thus become a valuable source of information that contains data from different digital ecosystems and enables more efficient collaboration between different organisations within the supply network.<\/p><div class=\"packa-in-post-alle\" style=\"text-align: center;\" id=\"packa-2859392048\"><div id=\"packa-642545169\"><a data-no-instant=\"1\" href=\"https:\/\/packaging-journal.de\/en\/newsletter\/\" rel=\"noopener\" class=\"a2t-link\" target=\"_blank\" aria-label=\"PJ Self-promotion English 03\"><!--noptimize--><img src=\"https:\/\/packaging-journal.de\/wp-content\/uploads\/2026\/01\/PJ-Eigenwerbung-English-03.png\" alt=\"\"  srcset=\"https:\/\/packaging-journal.de\/wp-content\/uploads\/2026\/01\/PJ-Eigenwerbung-English-03.png 840w, https:\/\/packaging-journal.de\/wp-content\/uploads\/2026\/01\/PJ-Eigenwerbung-English-03-300x75.png 300w, https:\/\/packaging-journal.de\/wp-content\/uploads\/2026\/01\/PJ-Eigenwerbung-English-03-768x192.png 768w, https:\/\/packaging-journal.de\/wp-content\/uploads\/2026\/01\/PJ-Eigenwerbung-English-03-18x5.png 18w, https:\/\/packaging-journal.de\/wp-content\/uploads\/2026\/01\/PJ-Eigenwerbung-English-03-332x83.png 332w, https:\/\/packaging-journal.de\/wp-content\/uploads\/2026\/01\/PJ-Eigenwerbung-English-03-664x166.png 664w, https:\/\/packaging-journal.de\/wp-content\/uploads\/2026\/01\/PJ-Eigenwerbung-English-03-688x172.png 688w\" sizes=\"(max-width: 840px) 100vw, 840px\" width=\"840\" height=\"210\"  style=\" max-width: 100%; height: auto;\" \/><!--\/noptimize--><\/a><\/div><\/div><p>The new solution, which is used in Gerresheimer's products, utilises a <strong>Blockchain-based platform and multi-patented authentication technologies from Merck<\/strong>, to securely anchor physical objects in the digital world. In combination with the standards of Industry 4.0, this is a highly stable and reliable solution. As a science and technology company with various divisions, Merck also develops pioneering digital customer solutions that can be used in a wide range of industries.<\/p><\/div><\/div><\/div>\t\t\t\t\t\t\t\t<\/div>\n\t\t\t\t<\/div>\n\t\t\t\t<div class=\"elementor-element elementor-element-4e541f9 exad-sticky-section-no exad-glass-effect-no elementor-widget elementor-widget-heading\" data-id=\"4e541f9\" data-element_type=\"widget\" data-e-type=\"widget\" data-widget_type=\"heading.default\">\n\t\t\t\t<div class=\"elementor-widget-container\">\n\t\t\t\t\t<h2 class=\"elementor-heading-title elementor-size-default\">More data for quality analysis <\/h2>\t\t\t\t<\/div>\n\t\t\t\t<\/div>\n\t\t\t\t<div class=\"elementor-element elementor-element-c2238a6 exad-sticky-section-no exad-glass-effect-no elementor-widget elementor-widget-text-editor\" data-id=\"c2238a6\" data-element_type=\"widget\" data-e-type=\"widget\" data-widget_type=\"text-editor.default\">\n\t\t\t\t<div class=\"elementor-widget-container\">\n\t\t\t\t\t\t\t\t\t<div class=\"page\" title=\"Page 2\"><div class=\"layoutArea\"><div class=\"column\"><p>The joint PoC project between Gerresheimer and Merck comprises <strong>Syringes with a secure and unique identifier, a smartphone app and access to the functions of the digital twin via Merck's digital platform<\/strong>. The smartphone app is accessible to authorised stakeholders such as brand owners (marketing authorisation holders) and quality assurance officers at the manufacturer. After authenticating the syringe and scanning the unique identifier, authorised persons can access the stored quality and root cause analysis data as well as processing functions for customer complaints.<\/p><div id=\"packa-2516117043\" class=\"packa-inhalt\"><!--noptimize--><script async src=\"https:\/\/pagead2.googlesyndication.com\/pagead\/js\/adsbygoogle.js?client=ca-pub-2686439340972671\" crossorigin=\"anonymous\"><\/script>\r\n<ins class=\"adsbygoogle\" style=\"display:block;text-align:center\" data-ad-layout=\"in-article\" data-ad-format=\"fluid\" data-ad-client=\"ca-pub-2686439340972671\" data-ad-slot=\"6171251825\"><\/ins>\r\n<script>\r\n     (adsbygoogle = window.adsbygoogle || []).push({});\r\n<\/script><!--\/noptimize--><\/div><\/div><\/div><\/div>\t\t\t\t\t\t\t\t<\/div>\n\t\t\t\t<\/div>\n\t\t\t\t<div class=\"elementor-element elementor-element-f3883cd exad-sticky-section-no exad-glass-effect-no elementor-widget elementor-widget-text-editor\" data-id=\"f3883cd\" data-element_type=\"widget\" data-e-type=\"widget\" data-widget_type=\"text-editor.default\">\n\t\t\t\t<div class=\"elementor-widget-container\">\n\t\t\t\t\t\t\t\t\t<div class=\"page\" title=\"Page 3\"><div class=\"layoutArea\"><div class=\"column\"><p>As numerous experts contribute to the overall success of pharmaceutical supply chains, the two companies want to involve additional process participants in order to develop additional seamless multi-party solutions that realise the full potential and reduce the cost of the process. <strong>Traceability from production to the point of care can be completely covered<\/strong>. As soon as other parties such as contract manufacturers, logistics service providers and supervisory authorities also introduce this solution, the possible uses of the automated business logic can be extended, for example to M2M applications that enable the automated creation of certificates and their exchange between different organisations.<\/p><p><em>Source:\u00a0<\/em><a href=\"http:\/\/www.gerresheimer.com\" target=\"_blank\" rel=\"noopener\">Gerresheimer AG<\/a><\/p><\/div><\/div><\/div>\t\t\t\t\t\t\t\t<\/div>\n\t\t\t\t<\/div>\n\t\t\t\t\t<\/div>\n\t\t<\/div>\n\t\t\t\t\t<\/div>\n\t\t<\/section>\n\t\t\t\t<section data-exad-particle-enable=\"false\" class=\"elementor-section elementor-top-section elementor-element elementor-element-1f50c677 elementor-section-boxed elementor-section-height-default elementor-section-height-default exad-parallax-effect-no exad-background-color-change-no exad-glass-effect-no exad-sticky-section-no\" data-id=\"1f50c677\" data-element_type=\"section\" data-e-type=\"section\" data-settings=\"{&quot;background_background&quot;:&quot;classic&quot;}\">\n\t\t\t\t\t\t<div class=\"elementor-container elementor-column-gap-default\">\n\t\t\t\t\t<div class=\"elementor-column elementor-col-100 elementor-top-column elementor-element elementor-element-1369c58b exad-glass-effect-no exad-sticky-section-no\" data-id=\"1369c58b\" data-element_type=\"column\" data-e-type=\"column\">\n\t\t\t<div class=\"elementor-widget-wrap elementor-element-populated\">\n\t\t\t\t\t\t<div class=\"elementor-element elementor-element-7f893200 exad-sticky-section-no exad-glass-effect-no elementor-widget elementor-widget-heading\" data-id=\"7f893200\" data-element_type=\"widget\" data-e-type=\"widget\" data-widget_type=\"heading.default\">\n\t\t\t\t<div class=\"elementor-widget-container\">\n\t\t\t\t\t<h2 class=\"elementor-heading-title elementor-size-default\">Further news from the pharma sector<\/h2>\t\t\t\t<\/div>\n\t\t\t\t<\/div>\n\t\t\t\t<div class=\"elementor-element elementor-element-6a2c9142 elementor-grid-3 elementor-grid-tablet-2 elementor-grid-mobile-1 elementor-posts--thumbnail-top elementor-posts__hover-gradient exad-sticky-section-no exad-glass-effect-no elementor-widget elementor-widget-posts\" data-id=\"6a2c9142\" data-element_type=\"widget\" data-e-type=\"widget\" data-settings=\"{&quot;cards_row_gap&quot;:{&quot;unit&quot;:&quot;px&quot;,&quot;size&quot;:38,&quot;sizes&quot;:[]},&quot;cards_columns&quot;:&quot;3&quot;,&quot;cards_columns_tablet&quot;:&quot;2&quot;,&quot;cards_columns_mobile&quot;:&quot;1&quot;,&quot;cards_row_gap_tablet&quot;:{&quot;unit&quot;:&quot;px&quot;,&quot;size&quot;:&quot;&quot;,&quot;sizes&quot;:[]},&quot;cards_row_gap_mobile&quot;:{&quot;unit&quot;:&quot;px&quot;,&quot;size&quot;:&quot;&quot;,&quot;sizes&quot;:[]}}\" data-widget_type=\"posts.cards\">\n\t\t\t\t<div class=\"elementor-widget-container\">\n\t\t\t\t\t\t\t<div class=\"elementor-posts-container elementor-posts elementor-posts--skin-cards elementor-grid\" role=\"list\">\n\t\t\t\t<article class=\"elementor-post elementor-grid-item post-115246 post type-post status-publish format-standard has-post-thumbnail category-aus-dem-magazin category-green-packaging tag-abfalltechnik-und-recycling tag-kunststoff-und-verbunde tag-magazin-02-2026 tag-nachhaltigkeit-und-green-packaging tag-packmittel-und-packstoffe tag-pharma-kosmetik-chemie tag-werner-mertz cs-entry cs-video-wrap\" role=\"listitem\">\n\t\t\t<div class=\"elementor-post__card\">\n\t\t\t\t<a class=\"elementor-post__thumbnail__link\" href=\"https:\/\/packaging-journal.de\/en\/women-in-packaging-nachhaltige-verpackungen\/\" tabindex=\"-1\"><div class=\"elementor-post__thumbnail\"><img decoding=\"async\" width=\"300\" height=\"163\" src=\"https:\/\/packaging-journal.de\/wp-content\/uploads\/2026\/04\/wernermertz-julia-knobloch-300x163.jpg\" class=\"attachment-medium size-medium wp-image-115247\" alt=\"\" srcset=\"https:\/\/packaging-journal.de\/wp-content\/uploads\/2026\/04\/wernermertz-julia-knobloch-300x163.jpg 300w, https:\/\/packaging-journal.de\/wp-content\/uploads\/2026\/04\/wernermertz-julia-knobloch-1024x555.jpg 1024w, https:\/\/packaging-journal.de\/wp-content\/uploads\/2026\/04\/wernermertz-julia-knobloch-768x416.jpg 768w, https:\/\/packaging-journal.de\/wp-content\/uploads\/2026\/04\/wernermertz-julia-knobloch-18x10.jpg 18w, https:\/\/packaging-journal.de\/wp-content\/uploads\/2026\/04\/wernermertz-julia-knobloch-332x180.jpg 332w, https:\/\/packaging-journal.de\/wp-content\/uploads\/2026\/04\/wernermertz-julia-knobloch-664x360.jpg 664w, https:\/\/packaging-journal.de\/wp-content\/uploads\/2026\/04\/wernermertz-julia-knobloch-688x373.jpg 688w, https:\/\/packaging-journal.de\/wp-content\/uploads\/2026\/04\/wernermertz-julia-knobloch-1044x566.jpg 1044w, https:\/\/packaging-journal.de\/wp-content\/uploads\/2026\/04\/wernermertz-julia-knobloch.jpg 1200w\" sizes=\"(max-width: 300px) 100vw, 300px\" \/><\/div><\/a>\n\t\t\t\t<div class=\"elementor-post__text\">\n\t\t\t\t<h3 class=\"elementor-post__title\">\n\t\t\t<a href=\"https:\/\/packaging-journal.de\/en\/women-in-packaging-nachhaltige-verpackungen\/\">\n\t\t\t\tWomen in Packaging: Shaping Sustainable Packaging\t\t\t<\/a>\n\t\t<\/h3>\n\t\t\t\t<div class=\"elementor-post__excerpt\">\n\t\t\tAs a packaging developer, Julia Knobloch has been instrumental in the development of sustainable packaging solutions at Werner &amp; Mertz for two years.\t\t<\/div>\n\t\t\n\t\t<a class=\"elementor-post__read-more\" href=\"https:\/\/packaging-journal.de\/en\/women-in-packaging-nachhaltige-verpackungen\/\" aria-label=\"Read more about Women in Packaging: Shaping sustainable packaging\" tabindex=\"-1\">\n\t\t\tRead more \"\t\t<\/a>\n\n\t\t\t\t<\/div>\n\t\t\t\t\t<\/div>\n\t\t<\/article>\n\t\t\t\t<article class=\"elementor-post elementor-grid-item post-115200 post type-post status-publish format-standard has-post-thumbnail category-verpackungstechnik tag-interpack tag-lebensmittel tag-pharma-kosmetik-chemie tag-ulma-packaging tag-verpackungsmaschinen cs-entry cs-video-wrap\" role=\"listitem\">\n\t\t\t<div class=\"elementor-post__card\">\n\t\t\t\t<a class=\"elementor-post__thumbnail__link\" href=\"https:\/\/packaging-journal.de\/en\/ulma-verpackungsloesungen-fuer-food-und-pharma\/\" tabindex=\"-1\"><div class=\"elementor-post__thumbnail\"><img decoding=\"async\" width=\"300\" height=\"163\" src=\"https:\/\/packaging-journal.de\/wp-content\/uploads\/2026\/04\/ulma-ip-300x163.jpg\" class=\"attachment-medium size-medium wp-image-115201\" alt=\"\" srcset=\"https:\/\/packaging-journal.de\/wp-content\/uploads\/2026\/04\/ulma-ip-300x163.jpg 300w, https:\/\/packaging-journal.de\/wp-content\/uploads\/2026\/04\/ulma-ip-1024x555.jpg 1024w, https:\/\/packaging-journal.de\/wp-content\/uploads\/2026\/04\/ulma-ip-768x416.jpg 768w, https:\/\/packaging-journal.de\/wp-content\/uploads\/2026\/04\/ulma-ip-18x10.jpg 18w, https:\/\/packaging-journal.de\/wp-content\/uploads\/2026\/04\/ulma-ip-332x180.jpg 332w, https:\/\/packaging-journal.de\/wp-content\/uploads\/2026\/04\/ulma-ip-664x360.jpg 664w, https:\/\/packaging-journal.de\/wp-content\/uploads\/2026\/04\/ulma-ip-688x373.jpg 688w, https:\/\/packaging-journal.de\/wp-content\/uploads\/2026\/04\/ulma-ip-1044x566.jpg 1044w, https:\/\/packaging-journal.de\/wp-content\/uploads\/2026\/04\/ulma-ip.jpg 1200w\" sizes=\"(max-width: 300px) 100vw, 300px\" \/><\/div><\/a>\n\t\t\t\t<div class=\"elementor-post__text\">\n\t\t\t\t<h3 class=\"elementor-post__title\">\n\t\t\t<a href=\"https:\/\/packaging-journal.de\/en\/ulma-verpackungsloesungen-fuer-food-und-pharma\/\">\n\t\t\t\tUlma with two exhibition stands at Interpack\t\t\t<\/a>\n\t\t<\/h3>\n\t\t\t\t<div class=\"elementor-post__excerpt\">\n\t\t\tUlma Packaging will showcase its latest solutions for automation and sustainability in the food and medical\/pharmaceutical sectors at Interpack 2026.\t\t<\/div>\n\t\t\n\t\t<a class=\"elementor-post__read-more\" href=\"https:\/\/packaging-journal.de\/en\/ulma-verpackungsloesungen-fuer-food-und-pharma\/\" aria-label=\"Read more about Ulma with two exhibition stands at Interpack\" tabindex=\"-1\">\n\t\t\tRead more \"\t\t<\/a>\n\n\t\t\t\t<\/div>\n\t\t\t\t\t<\/div>\n\t\t<\/article>\n\t\t\t\t<article class=\"elementor-post elementor-grid-item post-115210 post type-post status-publish format-standard has-post-thumbnail category-personen tag-bischof-klein tag-kunststoff-und-verbunde tag-packmittel-und-packstoffe tag-personen tag-pharma-kosmetik-chemie cs-entry cs-video-wrap\" role=\"listitem\">\n\t\t\t<div class=\"elementor-post__card\">\n\t\t\t\t<a class=\"elementor-post__thumbnail__link\" href=\"https:\/\/packaging-journal.de\/en\/neuer-coo-bei-bischofklein\/\" tabindex=\"-1\"><div class=\"elementor-post__thumbnail\"><img decoding=\"async\" width=\"300\" height=\"163\" src=\"https:\/\/packaging-journal.de\/wp-content\/uploads\/2026\/04\/bischofklein-alexander-wansel-300x163.jpg\" class=\"attachment-medium size-medium wp-image-115211\" alt=\"\" srcset=\"https:\/\/packaging-journal.de\/wp-content\/uploads\/2026\/04\/bischofklein-alexander-wansel-300x163.jpg 300w, https:\/\/packaging-journal.de\/wp-content\/uploads\/2026\/04\/bischofklein-alexander-wansel-1024x555.jpg 1024w, https:\/\/packaging-journal.de\/wp-content\/uploads\/2026\/04\/bischofklein-alexander-wansel-768x416.jpg 768w, https:\/\/packaging-journal.de\/wp-content\/uploads\/2026\/04\/bischofklein-alexander-wansel-18x10.jpg 18w, https:\/\/packaging-journal.de\/wp-content\/uploads\/2026\/04\/bischofklein-alexander-wansel-332x180.jpg 332w, https:\/\/packaging-journal.de\/wp-content\/uploads\/2026\/04\/bischofklein-alexander-wansel-664x360.jpg 664w, https:\/\/packaging-journal.de\/wp-content\/uploads\/2026\/04\/bischofklein-alexander-wansel-688x373.jpg 688w, https:\/\/packaging-journal.de\/wp-content\/uploads\/2026\/04\/bischofklein-alexander-wansel-1044x566.jpg 1044w, https:\/\/packaging-journal.de\/wp-content\/uploads\/2026\/04\/bischofklein-alexander-wansel.jpg 1200w\" sizes=\"(max-width: 300px) 100vw, 300px\" \/><\/div><\/a>\n\t\t\t\t<div class=\"elementor-post__text\">\n\t\t\t\t<h3 class=\"elementor-post__title\">\n\t\t\t<a href=\"https:\/\/packaging-journal.de\/en\/neuer-coo-bei-bischofklein\/\">\n\t\t\t\tAlexander Wansel becomes new COO at Bischof+Klein\t\t\t<\/a>\n\t\t<\/h3>\n\t\t\t\t<div class=\"elementor-post__excerpt\">\n\t\t\tBischof+Klein is relying on Alexander Wansel as new COO to strengthen its global operations. Wansel brings over 25 years of experience in the packaging industry.\t\t<\/div>\n\t\t\n\t\t<a class=\"elementor-post__read-more\" href=\"https:\/\/packaging-journal.de\/en\/neuer-coo-bei-bischofklein\/\" aria-label=\"Read more about Alexander Wansel to become the new COO at Bischof+Klein\" tabindex=\"-1\">\n\t\t\tRead more \"\t\t<\/a>\n\n\t\t\t\t<\/div>\n\t\t\t\t\t<\/div>\n\t\t<\/article>\n\t\t\t\t<article class=\"elementor-post elementor-grid-item post-114930 post type-post status-publish format-standard has-post-thumbnail category-aus-den-unternehmen-news tag-abfuelltechnik tag-pharma-kosmetik-chemie tag-syntegon-technology tag-verpackungstechnik cs-entry cs-video-wrap\" role=\"listitem\">\n\t\t\t<div class=\"elementor-post__card\">\n\t\t\t\t<a class=\"elementor-post__thumbnail__link\" href=\"https:\/\/packaging-journal.de\/en\/syntegon-verzeichnet-rekordjahr-dank-pharmabereich\/\" tabindex=\"-1\"><div class=\"elementor-post__thumbnail\"><img loading=\"lazy\" decoding=\"async\" width=\"300\" height=\"163\" src=\"https:\/\/packaging-journal.de\/wp-content\/uploads\/2026\/04\/Syntegon-2025-300x163.jpg\" class=\"attachment-medium size-medium wp-image-114933\" alt=\"\" srcset=\"https:\/\/packaging-journal.de\/wp-content\/uploads\/2026\/04\/Syntegon-2025-300x163.jpg 300w, https:\/\/packaging-journal.de\/wp-content\/uploads\/2026\/04\/Syntegon-2025-1024x555.jpg 1024w, https:\/\/packaging-journal.de\/wp-content\/uploads\/2026\/04\/Syntegon-2025-768x416.jpg 768w, https:\/\/packaging-journal.de\/wp-content\/uploads\/2026\/04\/Syntegon-2025-18x10.jpg 18w, https:\/\/packaging-journal.de\/wp-content\/uploads\/2026\/04\/Syntegon-2025-332x180.jpg 332w, https:\/\/packaging-journal.de\/wp-content\/uploads\/2026\/04\/Syntegon-2025-664x360.jpg 664w, https:\/\/packaging-journal.de\/wp-content\/uploads\/2026\/04\/Syntegon-2025-688x373.jpg 688w, https:\/\/packaging-journal.de\/wp-content\/uploads\/2026\/04\/Syntegon-2025-1044x566.jpg 1044w, https:\/\/packaging-journal.de\/wp-content\/uploads\/2026\/04\/Syntegon-2025.jpg 1200w\" sizes=\"(max-width: 300px) 100vw, 300px\" \/><\/div><\/a>\n\t\t\t\t<div class=\"elementor-post__text\">\n\t\t\t\t<h3 class=\"elementor-post__title\">\n\t\t\t<a href=\"https:\/\/packaging-journal.de\/en\/syntegon-verzeichnet-rekordjahr-dank-pharmabereich\/\">\n\t\t\t\tSyntegon records a record year thanks to the pharmaceutical sector\t\t\t<\/a>\n\t\t<\/h3>\n\t\t\t\t<div class=\"elementor-post__excerpt\">\n\t\t\tThe company benefits from structurally growing markets.\t\t<\/div>\n\t\t\n\t\t<a class=\"elementor-post__read-more\" href=\"https:\/\/packaging-journal.de\/en\/syntegon-verzeichnet-rekordjahr-dank-pharmabereich\/\" aria-label=\"Syntegon records record year thanks to pharmaceutical sector\" tabindex=\"-1\">\n\t\t\tRead more \"\t\t<\/a>\n\n\t\t\t\t<\/div>\n\t\t\t\t\t<\/div>\n\t\t<\/article>\n\t\t\t\t<article class=\"elementor-post elementor-grid-item post-114689 post type-post status-publish format-standard has-post-thumbnail category-verpackungstechnik tag-abfuelltechnik tag-groninger tag-interpack tag-pharma-kosmetik-chemie cs-entry cs-video-wrap\" role=\"listitem\">\n\t\t\t<div class=\"elementor-post__card\">\n\t\t\t\t<a class=\"elementor-post__thumbnail__link\" href=\"https:\/\/packaging-journal.de\/en\/flexible-abfuellloesungen-fuer-dynamische-maerkte\/\" tabindex=\"-1\"><div class=\"elementor-post__thumbnail\"><img loading=\"lazy\" decoding=\"async\" width=\"300\" height=\"163\" src=\"https:\/\/packaging-journal.de\/wp-content\/uploads\/2026\/04\/Groninger-interpack-2026-300x163.jpg\" class=\"attachment-medium size-medium wp-image-114692\" alt=\"\" srcset=\"https:\/\/packaging-journal.de\/wp-content\/uploads\/2026\/04\/Groninger-interpack-2026-300x163.jpg 300w, https:\/\/packaging-journal.de\/wp-content\/uploads\/2026\/04\/Groninger-interpack-2026-1024x555.jpg 1024w, https:\/\/packaging-journal.de\/wp-content\/uploads\/2026\/04\/Groninger-interpack-2026-768x416.jpg 768w, https:\/\/packaging-journal.de\/wp-content\/uploads\/2026\/04\/Groninger-interpack-2026-18x10.jpg 18w, https:\/\/packaging-journal.de\/wp-content\/uploads\/2026\/04\/Groninger-interpack-2026-332x180.jpg 332w, https:\/\/packaging-journal.de\/wp-content\/uploads\/2026\/04\/Groninger-interpack-2026-664x360.jpg 664w, https:\/\/packaging-journal.de\/wp-content\/uploads\/2026\/04\/Groninger-interpack-2026-688x373.jpg 688w, https:\/\/packaging-journal.de\/wp-content\/uploads\/2026\/04\/Groninger-interpack-2026-1044x566.jpg 1044w, https:\/\/packaging-journal.de\/wp-content\/uploads\/2026\/04\/Groninger-interpack-2026.jpg 1200w\" sizes=\"(max-width: 300px) 100vw, 300px\" \/><\/div><\/a>\n\t\t\t\t<div class=\"elementor-post__text\">\n\t\t\t\t<h3 class=\"elementor-post__title\">\n\t\t\t<a href=\"https:\/\/packaging-journal.de\/en\/flexible-abfuellloesungen-fuer-dynamische-maerkte\/\">\n\t\t\t\tFlexible Filling Solutions for Dynamic Markets\t\t\t<\/a>\n\t\t<\/h3>\n\t\t\t\t<div class=\"elementor-post__excerpt\">\n\t\t\tGroninger will present modular systems at interpack 2026 that adapt to changing product requirements.\t\t<\/div>\n\t\t\n\t\t<a class=\"elementor-post__read-more\" href=\"https:\/\/packaging-journal.de\/en\/flexible-abfuellloesungen-fuer-dynamische-maerkte\/\" aria-label=\"Read more about flexible filling solutions for dynamic markets\" tabindex=\"-1\">\n\t\t\tRead more \"\t\t<\/a>\n\n\t\t\t\t<\/div>\n\t\t\t\t\t<\/div>\n\t\t<\/article>\n\t\t\t\t<article class=\"elementor-post elementor-grid-item post-114654 post type-post status-publish format-standard has-post-thumbnail category-aus-den-unternehmen-news tag-abfuelltechnik tag-automatisieren-und-robotik tag-pharma-kosmetik-chemie tag-rotzinger-pharmapack cs-entry cs-video-wrap\" role=\"listitem\">\n\t\t\t<div class=\"elementor-post__card\">\n\t\t\t\t<a class=\"elementor-post__thumbnail__link\" href=\"https:\/\/packaging-journal.de\/en\/mech-i-tronic-integriert-rotzinger-pharmapack\/\" tabindex=\"-1\"><div class=\"elementor-post__thumbnail\"><img loading=\"lazy\" decoding=\"async\" width=\"300\" height=\"163\" src=\"https:\/\/packaging-journal.de\/wp-content\/uploads\/2026\/04\/Rotzinger-Pharma-300x163.jpg\" class=\"attachment-medium size-medium wp-image-114656\" alt=\"\" srcset=\"https:\/\/packaging-journal.de\/wp-content\/uploads\/2026\/04\/Rotzinger-Pharma-300x163.jpg 300w, https:\/\/packaging-journal.de\/wp-content\/uploads\/2026\/04\/Rotzinger-Pharma-1024x555.jpg 1024w, https:\/\/packaging-journal.de\/wp-content\/uploads\/2026\/04\/Rotzinger-Pharma-768x416.jpg 768w, https:\/\/packaging-journal.de\/wp-content\/uploads\/2026\/04\/Rotzinger-Pharma-18x10.jpg 18w, https:\/\/packaging-journal.de\/wp-content\/uploads\/2026\/04\/Rotzinger-Pharma-332x180.jpg 332w, https:\/\/packaging-journal.de\/wp-content\/uploads\/2026\/04\/Rotzinger-Pharma-664x360.jpg 664w, https:\/\/packaging-journal.de\/wp-content\/uploads\/2026\/04\/Rotzinger-Pharma-688x373.jpg 688w, https:\/\/packaging-journal.de\/wp-content\/uploads\/2026\/04\/Rotzinger-Pharma-1044x566.jpg 1044w, https:\/\/packaging-journal.de\/wp-content\/uploads\/2026\/04\/Rotzinger-Pharma.jpg 1200w\" sizes=\"(max-width: 300px) 100vw, 300px\" \/><\/div><\/a>\n\t\t\t\t<div class=\"elementor-post__text\">\n\t\t\t\t<h3 class=\"elementor-post__title\">\n\t\t\t<a href=\"https:\/\/packaging-journal.de\/en\/mech-i-tronic-integriert-rotzinger-pharmapack\/\">\n\t\t\t\tMech-i-tronic integrates Rotzinger Pharmapack\t\t\t<\/a>\n\t\t<\/h3>\n\t\t\t\t<div class=\"elementor-post__excerpt\">\n\t\t\tThe aim of the transaction is to expand the market position within the pharmaceutical sector.\t\t<\/div>\n\t\t\n\t\t<a class=\"elementor-post__read-more\" href=\"https:\/\/packaging-journal.de\/en\/mech-i-tronic-integriert-rotzinger-pharmapack\/\" aria-label=\"Read more about Mech-i-tronic integrates Rotzinger Pharmapack\" tabindex=\"-1\">\n\t\t\tRead more \"\t\t<\/a>\n\n\t\t\t\t<\/div>\n\t\t\t\t\t<\/div>\n\t\t<\/article>\n\t\t\t\t<\/div>\n\t\t\n\t\t\t\t\t\t<\/div>\n\t\t\t\t<\/div>\n\t\t\t\t\t<\/div>\n\t\t<\/div>\n\t\t\t\t\t<\/div>\n\t\t<\/section>\n\t\t\t\t<\/div>","protected":false},"excerpt":{"rendered":"In a joint project, Gerresheimer and Merck have developed a digital twin technology for primary packaging.","protected":false},"author":1,"featured_media":71090,"comment_status":"closed","ping_status":"closed","sticky":false,"template":"","format":"standard","meta":{"_acf_changed":false,"__cvm_playback_settings":[],"__cvm_video_id":"","rank_math_description":"In einem gemeinsamen Projekt haben Gerresheimer und Merck eine Technologie zum digitalen Zwilling f\u00fcr Prim\u00e4rverpackungen entwickelt. ","rank_math_focus_keyword":"digitaler zwilling,Prim\u00e4rverpackung","rank_math_title":"","csco_display_header_overlay":false,"csco_singular_sidebar":"","csco_page_header_type":"","csco_page_load_nextpost":"","csco_post_video_location":[],"csco_post_video_location_hash":"","csco_post_video_url":"","csco_post_video_bg_start_time":0,"csco_post_video_bg_end_time":0,"footnotes":"","_links_to":"","_links_to_target":""},"categories":[21],"tags":[45188,58829,1022,59914,40,56,59369],"class_list":{"0":"post-71086","1":"post","2":"type-post","3":"status-publish","4":"format-standard","5":"has-post-thumbnail","7":"category-verpackungstechnik","8":"tag-digitalisierung","9":"tag-gerresheimer","10":"tag-industrie-4-0","11":"tag-merck","12":"tag-pharma-kosmetik-chemie","13":"tag-qualitaetssicherung","14":"tag-sicherheit","15":"cs-entry","16":"cs-video-wrap"},"acf":[],"vimeo_video":null,"_links":{"self":[{"href":"https:\/\/packaging-journal.de\/en\/wp-json\/wp\/v2\/posts\/71086","targetHints":{"allow":["GET"]}}],"collection":[{"href":"https:\/\/packaging-journal.de\/en\/wp-json\/wp\/v2\/posts"}],"about":[{"href":"https:\/\/packaging-journal.de\/en\/wp-json\/wp\/v2\/types\/post"}],"author":[{"embeddable":true,"href":"https:\/\/packaging-journal.de\/en\/wp-json\/wp\/v2\/users\/1"}],"replies":[{"embeddable":true,"href":"https:\/\/packaging-journal.de\/en\/wp-json\/wp\/v2\/comments?post=71086"}],"version-history":[{"count":0,"href":"https:\/\/packaging-journal.de\/en\/wp-json\/wp\/v2\/posts\/71086\/revisions"}],"wp:featuredmedia":[{"embeddable":true,"href":"https:\/\/packaging-journal.de\/en\/wp-json\/wp\/v2\/media\/71090"}],"wp:attachment":[{"href":"https:\/\/packaging-journal.de\/en\/wp-json\/wp\/v2\/media?parent=71086"}],"wp:term":[{"taxonomy":"category","embeddable":true,"href":"https:\/\/packaging-journal.de\/en\/wp-json\/wp\/v2\/categories?post=71086"},{"taxonomy":"post_tag","embeddable":true,"href":"https:\/\/packaging-journal.de\/en\/wp-json\/wp\/v2\/tags?post=71086"}],"curies":[{"name":"wp","href":"https:\/\/api.w.org\/{rel}","templated":true}]}}