{"id":72293,"date":"2022-11-24T15:44:33","date_gmt":"2022-11-24T14:44:33","guid":{"rendered":"https:\/\/packaging-journal.de\/?p=72293"},"modified":"2022-11-24T13:45:18","modified_gmt":"2022-11-24T12:45:18","slug":"anticipation-for-cce-international-increases","status":"publish","type":"post","link":"https:\/\/packaging-journal.de\/en\/vorfreude-auf-cce-international-steigt\/","title":{"rendered":"Anticipation for CCE International increases"},"content":{"rendered":"<div data-elementor-type=\"wp-post\" data-elementor-id=\"72293\" class=\"elementor elementor-72293\" data-elementor-post-type=\"post\">\n\t\t\t\t\t\t<section data-exad-particle-enable=\"false\" class=\"elementor-section elementor-top-section elementor-element elementor-element-3ee28aa elementor-section-boxed elementor-section-height-default elementor-section-height-default exad-parallax-effect-no exad-background-color-change-no exad-glass-effect-no exad-sticky-section-no\" data-id=\"3ee28aa\" data-element_type=\"section\" data-e-type=\"section\">\n\t\t\t\t\t\t<div class=\"elementor-container elementor-column-gap-default\">\n\t\t\t\t\t<div class=\"elementor-column elementor-col-100 elementor-top-column elementor-element elementor-element-2622110 exad-glass-effect-no exad-sticky-section-no\" data-id=\"2622110\" data-element_type=\"column\" data-e-type=\"column\">\n\t\t\t<div class=\"elementor-widget-wrap elementor-element-populated\">\n\t\t\t\t\t\t<div class=\"elementor-element elementor-element-e6e81f1 exad-sticky-section-no exad-glass-effect-no elementor-widget elementor-widget-text-editor\" data-id=\"e6e81f1\" data-element_type=\"widget\" data-e-type=\"widget\" data-widget_type=\"text-editor.default\">\n\t\t\t\t<div class=\"elementor-widget-container\">\n\t\t\t\t\t\t\t\t\t<p><strong>The 6th International Trade Fair for the Corrugated and Folding Carton Industry will take place in Munich from 14 to 16 March 2023 and the anticipation in the industry for the extensive event is growing. The latest trends and important topics in the industry will be covered in open seminars.<\/strong><\/p>\t\t\t\t\t\t\t\t<\/div>\n\t\t\t\t<\/div>\n\t\t\t\t<div class=\"elementor-element elementor-element-603b8e8 exad-sticky-section-no exad-glass-effect-no elementor-widget elementor-widget-text-editor\" data-id=\"603b8e8\" data-element_type=\"widget\" data-e-type=\"widget\" data-widget_type=\"text-editor.default\">\n\t\t\t\t<div class=\"elementor-widget-container\">\n\t\t\t\t\t\t\t\t\t<div class=\"page\" title=\"Page 1\"><div class=\"section\"><div class=\"layoutArea\"><div class=\"column\"><p>As Europe's only event for the production and processing of corrugated board and folding cartons, the <a href=\"https:\/\/packaging-journal.de\/?s=cce+international\">CCE International<\/a> an important hotspot for industry experts. The trade fair integrates the <strong>InPrint Munich and will be held at the same time as ICE Europe<\/strong>, the world's leading trade fair for the processing of flexible, web-shaped materials, which makes it attractive for both exhibitors and visitors.<\/p><p>In view of the pandemic and the political situation facing the industry, the <strong>Promising prospects for companies in the corrugated board and folding carton industry<\/strong>, but also challenging. While the high costs of raw materials, labour, energy and logistics pose considerable challenges for the industry, corrugated board is becoming increasingly popular. The constantly growing demand in online retail and the <strong>Ongoing debate on sustainability and the circular economy<\/strong> lead to positive market forecasts. In addition, the progress of digitalisation offers new opportunities and possibilities.<\/p><div class=\"packa-in-post-alle\" style=\"text-align: center;\" id=\"packa-4001277578\"><div id=\"packa-3619154143\"><a data-no-instant=\"1\" href=\"https:\/\/packaging-journal.de\/en\/newsletter\/\" rel=\"noopener\" class=\"a2t-link\" target=\"_blank\" aria-label=\"PJ Self-promotion English 03\"><!--noptimize--><img src=\"https:\/\/packaging-journal.de\/wp-content\/uploads\/2026\/01\/PJ-Eigenwerbung-English-03.png\" alt=\"\"  srcset=\"https:\/\/packaging-journal.de\/wp-content\/uploads\/2026\/01\/PJ-Eigenwerbung-English-03.png 840w, https:\/\/packaging-journal.de\/wp-content\/uploads\/2026\/01\/PJ-Eigenwerbung-English-03-300x75.png 300w, https:\/\/packaging-journal.de\/wp-content\/uploads\/2026\/01\/PJ-Eigenwerbung-English-03-768x192.png 768w, https:\/\/packaging-journal.de\/wp-content\/uploads\/2026\/01\/PJ-Eigenwerbung-English-03-18x5.png 18w, https:\/\/packaging-journal.de\/wp-content\/uploads\/2026\/01\/PJ-Eigenwerbung-English-03-332x83.png 332w, https:\/\/packaging-journal.de\/wp-content\/uploads\/2026\/01\/PJ-Eigenwerbung-English-03-664x166.png 664w, https:\/\/packaging-journal.de\/wp-content\/uploads\/2026\/01\/PJ-Eigenwerbung-English-03-688x172.png 688w\" sizes=\"(max-width: 840px) 100vw, 840px\" width=\"840\" height=\"210\"  style=\" max-width: 100%; height: auto;\" \/><!--\/noptimize--><\/a><\/div><\/div><\/div><\/div><\/div><\/div>\t\t\t\t\t\t\t\t<\/div>\n\t\t\t\t<\/div>\n\t\t\t\t<div class=\"elementor-element elementor-element-90b61f4 exad-sticky-section-no exad-glass-effect-no elementor-widget elementor-widget-text-editor\" data-id=\"90b61f4\" data-element_type=\"widget\" data-e-type=\"widget\" data-widget_type=\"text-editor.default\">\n\t\t\t\t<div class=\"elementor-widget-container\">\n\t\t\t\t\t\t\t\t\t<div class=\"page\" title=\"Page 1\"><div class=\"section\"><div class=\"layoutArea\"><div class=\"column\"><blockquote><p>\u201cWith the ongoing technological development of machines, processes and systems for the production and processing of corrugated and folding cartons, digitalisation has become an important driver in this industry over the last ten years. CCE International is an important platform that enables suppliers of materials, machines, technologies and accessories to market their products to a target audience. This trade fair provides a valuable framework to drive innovation through the professional exchange between manufacturers and users of new products and processes. With its unique focus on corrugated board and folding cartons, CCE International has established itself as Europe's leading meeting place for this specialised industry.\u201d<\/p><p><strong>Patrick Herman<\/strong>, Event Director of Converting, Paper and Print Events, on behalf of Mack-Brooks Exhibitions<\/p><\/blockquote><\/div><\/div><\/div><\/div>\t\t\t\t\t\t\t\t<\/div>\n\t\t\t\t<\/div>\n\t\t\t\t<div class=\"elementor-element elementor-element-c566676 exad-sticky-section-no exad-glass-effect-no elementor-widget elementor-widget-heading\" data-id=\"c566676\" data-element_type=\"widget\" data-e-type=\"widget\" data-widget_type=\"heading.default\">\n\t\t\t\t<div class=\"elementor-widget-container\">\n\t\t\t\t\t<h2 class=\"elementor-heading-title elementor-size-default\">Big names among the exhibitors <\/h2>\t\t\t\t<\/div>\n\t\t\t\t<\/div>\n\t\t\t\t<div class=\"elementor-element elementor-element-cbfae83 exad-sticky-section-no exad-glass-effect-no elementor-widget elementor-widget-text-editor\" data-id=\"cbfae83\" data-element_type=\"widget\" data-e-type=\"widget\" data-widget_type=\"text-editor.default\">\n\t\t\t\t<div class=\"elementor-widget-container\">\n\t\t\t\t\t\t\t\t\t<div class=\"page\" title=\"Page 1\"><div class=\"section\"><div class=\"layoutArea\"><div class=\"column\"><p>Suppliers of machinery and equipment for the production and processing of corrugated and folding carton, such as Baysek Machines, Bahm\u00fcller GmbH, Koenig &amp; Bauer AG, Kolbus GmbH &amp; Co. KG, Sun Automation Group, EFI - Electronics for Imaging GmbH, HP PageWide Industrial Corrugated and many more, have already confirmed their participation. In addition, key players in the printing sector such as Xaar plc, Meteor Inkjet Ltd, Seiko Instruments GmbH, People and Technology, Siegwerk Druckfraben AG &amp; Co. KGaA and Sun Chemical, among others, will represent the newly integrated InPrint Munich.<\/p><\/div><\/div><\/div><\/div>\t\t\t\t\t\t\t\t<\/div>\n\t\t\t\t<\/div>\n\t\t\t\t<div class=\"elementor-element elementor-element-a363512 exad-sticky-section-no exad-glass-effect-no elementor-widget elementor-widget-text-editor\" data-id=\"a363512\" data-element_type=\"widget\" data-e-type=\"widget\" data-widget_type=\"text-editor.default\">\n\t\t\t\t<div class=\"elementor-widget-container\">\n\t\t\t\t\t\t\t\t\t<div class=\"page\" title=\"Page 2\"><div class=\"section\"><div class=\"layoutArea\"><div class=\"column\"><p>The trade fair not only offers visitors a platform for discovering the latest products and making contacts in the industry, but also provides an opportunity to get to know each other. <strong>high-calibre networking and imparts industry-specific knowledge in the open seminars<\/strong>. The latest trends and topics in the production and processing of corrugated board and folding boxboard are covered here free of charge.<\/p><div id=\"packa-724104629\" class=\"packa-inhalt\"><!--noptimize--><script async src=\"https:\/\/pagead2.googlesyndication.com\/pagead\/js\/adsbygoogle.js?client=ca-pub-2686439340972671\" crossorigin=\"anonymous\"><\/script>\r\n<ins class=\"adsbygoogle\" style=\"display:block;text-align:center\" data-ad-layout=\"in-article\" data-ad-format=\"fluid\" data-ad-client=\"ca-pub-2686439340972671\" data-ad-slot=\"6171251825\"><\/ins>\r\n<script>\r\n     (adsbygoogle = window.adsbygoogle || []).push({});\r\n<\/script><!--\/noptimize--><\/div><blockquote><p>\u201cNot only is CCE International Europe's only trade fair for the corrugated and folding carton industry, but its academic education in the form of open seminars over three days sets it apart from other general packaging events. It's a great programme that delves into important industry topics such as sustainability, digitalisation and much more. It also provides an additional platform for exhibitors to showcase themselves and their processes.\u201d\u00a0<\/p><p><strong> Gerlinde Kasa<\/strong>, Event Manager of Converting, Paper and Print Events, on behalf of Mack-Brooks Exhibitions<\/p><\/blockquote><\/div><\/div><\/div><\/div>\t\t\t\t\t\t\t\t<\/div>\n\t\t\t\t<\/div>\n\t\t\t\t<div class=\"elementor-element elementor-element-a172de5 exad-sticky-section-no exad-glass-effect-no elementor-widget elementor-widget-text-editor\" data-id=\"a172de5\" data-element_type=\"widget\" data-e-type=\"widget\" data-widget_type=\"text-editor.default\">\n\t\t\t\t<div class=\"elementor-widget-container\">\n\t\t\t\t\t\t\t\t\t<div class=\"page\" title=\"Page 2\"><div class=\"section\"><div class=\"layoutArea\"><div class=\"column\"><p>Following the success in 2022, the <strong>Participants benefit from even more opportunities and synergies<\/strong>, CCE International will incorporate the offerings of InPrint Munich and take place from 14 to 16 March 2023 at the same time as ICE Europe, the world's leading trade fair for the finishing and processing of flexible, web-shaped materials such as paper, film, foil and nonwovens.<\/p><p>CCE International, including InPrint Munich, can be visited in Hall B6, while ICE Europe 2023 will take place in Halls A5 and A6 at the Munich exhibition centre.<\/p><p><em>Source:\u00a0<\/em><a href=\"https:\/\/www.cce-international.com\/de-de.html\" target=\"_blank\" rel=\"noopener\">CCE International<\/a><\/p><\/div><\/div><\/div><\/div>\t\t\t\t\t\t\t\t<\/div>\n\t\t\t\t<\/div>\n\t\t\t\t\t<\/div>\n\t\t<\/div>\n\t\t\t\t\t<\/div>\n\t\t<\/section>\n\t\t\t\t<section data-exad-particle-enable=\"false\" class=\"elementor-section elementor-top-section elementor-element elementor-element-56dff59d elementor-section-boxed elementor-section-height-default elementor-section-height-default exad-parallax-effect-no exad-background-color-change-no exad-glass-effect-no exad-sticky-section-no\" data-id=\"56dff59d\" data-element_type=\"section\" data-e-type=\"section\" data-settings=\"{&quot;background_background&quot;:&quot;classic&quot;}\">\n\t\t\t\t\t\t<div class=\"elementor-container elementor-column-gap-default\">\n\t\t\t\t\t<div class=\"elementor-column elementor-col-100 elementor-top-column elementor-element elementor-element-1e737ffe exad-glass-effect-no exad-sticky-section-no\" data-id=\"1e737ffe\" data-element_type=\"column\" data-e-type=\"column\">\n\t\t\t<div class=\"elementor-widget-wrap elementor-element-populated\">\n\t\t\t\t\t\t<div class=\"elementor-element elementor-element-74e8183f exad-sticky-section-no exad-glass-effect-no elementor-widget elementor-widget-heading\" data-id=\"74e8183f\" data-element_type=\"widget\" data-e-type=\"widget\" data-widget_type=\"heading.default\">\n\t\t\t\t<div class=\"elementor-widget-container\">\n\t\t\t\t\t<h2 class=\"elementor-heading-title elementor-size-default\">More news on fibre-based packaging <\/h2>\t\t\t\t<\/div>\n\t\t\t\t<\/div>\n\t\t\t\t<div class=\"elementor-element elementor-element-32a72be8 elementor-grid-3 elementor-grid-tablet-2 elementor-grid-mobile-1 elementor-posts--thumbnail-top elementor-posts__hover-gradient exad-sticky-section-no exad-glass-effect-no elementor-widget elementor-widget-posts\" data-id=\"32a72be8\" data-element_type=\"widget\" data-e-type=\"widget\" data-settings=\"{&quot;cards_row_gap&quot;:{&quot;unit&quot;:&quot;px&quot;,&quot;size&quot;:38,&quot;sizes&quot;:[]},&quot;cards_columns&quot;:&quot;3&quot;,&quot;cards_columns_tablet&quot;:&quot;2&quot;,&quot;cards_columns_mobile&quot;:&quot;1&quot;,&quot;cards_row_gap_tablet&quot;:{&quot;unit&quot;:&quot;px&quot;,&quot;size&quot;:&quot;&quot;,&quot;sizes&quot;:[]},&quot;cards_row_gap_mobile&quot;:{&quot;unit&quot;:&quot;px&quot;,&quot;size&quot;:&quot;&quot;,&quot;sizes&quot;:[]}}\" data-widget_type=\"posts.cards\">\n\t\t\t\t<div class=\"elementor-widget-container\">\n\t\t\t\t\t\t\t<div class=\"elementor-posts-container elementor-posts elementor-posts--skin-cards elementor-grid\" role=\"list\">\n\t\t\t\t<article class=\"elementor-post elementor-grid-item post-115156 post type-post status-publish format-standard has-post-thumbnail category-packmittel-und-packstoffe tag-interpack tag-lebensmittel tag-packmittel-und-packstoffe tag-papier-pappe-karton tag-sappi cs-entry cs-video-wrap\" role=\"listitem\">\n\t\t\t<div class=\"elementor-post__card\">\n\t\t\t\t<a class=\"elementor-post__thumbnail__link\" href=\"https:\/\/packaging-journal.de\/en\/innovative-barrierepapiere\/\" tabindex=\"-1\"><div class=\"elementor-post__thumbnail\"><img decoding=\"async\" width=\"300\" height=\"163\" src=\"https:\/\/packaging-journal.de\/wp-content\/uploads\/2026\/04\/Sappi-interpack-300x163.jpg\" class=\"attachment-medium size-medium wp-image-115159\" alt=\"\" srcset=\"https:\/\/packaging-journal.de\/wp-content\/uploads\/2026\/04\/Sappi-interpack-300x163.jpg 300w, https:\/\/packaging-journal.de\/wp-content\/uploads\/2026\/04\/Sappi-interpack-1024x555.jpg 1024w, https:\/\/packaging-journal.de\/wp-content\/uploads\/2026\/04\/Sappi-interpack-768x416.jpg 768w, https:\/\/packaging-journal.de\/wp-content\/uploads\/2026\/04\/Sappi-interpack-18x10.jpg 18w, https:\/\/packaging-journal.de\/wp-content\/uploads\/2026\/04\/Sappi-interpack-332x180.jpg 332w, https:\/\/packaging-journal.de\/wp-content\/uploads\/2026\/04\/Sappi-interpack-664x360.jpg 664w, https:\/\/packaging-journal.de\/wp-content\/uploads\/2026\/04\/Sappi-interpack-688x373.jpg 688w, https:\/\/packaging-journal.de\/wp-content\/uploads\/2026\/04\/Sappi-interpack-1044x566.jpg 1044w, https:\/\/packaging-journal.de\/wp-content\/uploads\/2026\/04\/Sappi-interpack.jpg 1200w\" sizes=\"(max-width: 300px) 100vw, 300px\" \/><\/div><\/a>\n\t\t\t\t<div class=\"elementor-post__text\">\n\t\t\t\t<h3 class=\"elementor-post__title\">\n\t\t\t<a href=\"https:\/\/packaging-journal.de\/en\/innovative-barrierepapiere\/\">\n\t\t\t\tInnovative barrier papers\t\t\t<\/a>\n\t\t<\/h3>\n\t\t\t\t<div class=\"elementor-post__excerpt\">\n\t\t\tSappi showcases innovative, recyclable packaging papers at interpack 2026.\t\t<\/div>\n\t\t\n\t\t<a class=\"elementor-post__read-more\" href=\"https:\/\/packaging-journal.de\/en\/innovative-barrierepapiere\/\" aria-label=\"Read more about Innovative Barrier Papers\" tabindex=\"-1\">\n\t\t\tRead more \"\t\t<\/a>\n\n\t\t\t\t<\/div>\n\t\t\t\t\t<\/div>\n\t\t<\/article>\n\t\t\t\t<article class=\"elementor-post elementor-grid-item post-114895 post type-post status-publish format-standard has-post-thumbnail category-sponsored-post tag-abfalltechnik-und-recycling tag-ballenpressen tag-hsm tag-papier-pappe-karton cs-entry cs-video-wrap\" role=\"listitem\">\n\t\t\t<div class=\"elementor-post__card\">\n\t\t\t\t<a class=\"elementor-post__thumbnail__link\" href=\"https:\/\/packaging-journal.de\/en\/ballenpressen-effiziente-entsorgungs-und-recyclingloesungen-fuer-die-verpackungsindustrie\/\" tabindex=\"-1\"><div class=\"elementor-post__thumbnail\"><img fetchpriority=\"high\" decoding=\"async\" width=\"300\" height=\"169\" src=\"https:\/\/packaging-journal.de\/wp-content\/uploads\/2026\/04\/1776412522671_Truck_loading-300x169.jpg\" class=\"attachment-medium size-medium wp-image-114897\" alt=\"\" srcset=\"https:\/\/packaging-journal.de\/wp-content\/uploads\/2026\/04\/1776412522671_Truck_loading-300x169.jpg 300w, https:\/\/packaging-journal.de\/wp-content\/uploads\/2026\/04\/1776412522671_Truck_loading-1024x576.jpg 1024w, https:\/\/packaging-journal.de\/wp-content\/uploads\/2026\/04\/1776412522671_Truck_loading-768x432.jpg 768w, https:\/\/packaging-journal.de\/wp-content\/uploads\/2026\/04\/1776412522671_Truck_loading-18x10.jpg 18w, https:\/\/packaging-journal.de\/wp-content\/uploads\/2026\/04\/1776412522671_Truck_loading-332x187.jpg 332w, https:\/\/packaging-journal.de\/wp-content\/uploads\/2026\/04\/1776412522671_Truck_loading-664x374.jpg 664w, https:\/\/packaging-journal.de\/wp-content\/uploads\/2026\/04\/1776412522671_Truck_loading-688x387.jpg 688w, https:\/\/packaging-journal.de\/wp-content\/uploads\/2026\/04\/1776412522671_Truck_loading-1044x587.jpg 1044w, https:\/\/packaging-journal.de\/wp-content\/uploads\/2026\/04\/1776412522671_Truck_loading.jpg 1200w\" sizes=\"(max-width: 300px) 100vw, 300px\" \/><\/div><\/a>\n\t\t\t\t<div class=\"elementor-post__text\">\n\t\t\t\t<h3 class=\"elementor-post__title\">\n\t\t\t<a href=\"https:\/\/packaging-journal.de\/en\/ballenpressen-effiziente-entsorgungs-und-recyclingloesungen-fuer-die-verpackungsindustrie\/\">\n\t\t\t\tBale presses: efficient disposal and recycling solutions for the packaging industry\t\t\t<\/a>\n\t\t<\/h3>\n\t\t\t\t<div class=\"elementor-post__excerpt\">\n\t\t\tPaper, cardboard, film: Packaging companies generate large quantities of cutting and production waste every day. How balers compact valuable materials directly at the point of origin, reduce transport costs, and increase recycling rates.\t\t<\/div>\n\t\t\n\t\t<a class=\"elementor-post__read-more\" href=\"https:\/\/packaging-journal.de\/en\/ballenpressen-effiziente-entsorgungs-und-recyclingloesungen-fuer-die-verpackungsindustrie\/\" aria-label=\"Read more about balers: efficient disposal and recycling solutions for the packaging industry\" tabindex=\"-1\">\n\t\t\tRead more \"\t\t<\/a>\n\n\t\t\t\t<\/div>\n\t\t\t\t\t<\/div>\n\t\t<\/article>\n\t\t\t\t<article class=\"elementor-post elementor-grid-item post-114889 post type-post status-publish format-standard has-post-thumbnail category-green-packaging tag-coveris tag-gea tag-interpack tag-nachhaltigkeit-und-green-packaging tag-packmittel-und-packstoffe tag-papier-pappe-karton tag-suesswaren cs-entry cs-video-wrap\" role=\"listitem\">\n\t\t\t<div class=\"elementor-post__card\">\n\t\t\t\t<a class=\"elementor-post__thumbnail__link\" href=\"https:\/\/packaging-journal.de\/en\/coveris-papierverpackungen-fuer-suesswaren\/\" tabindex=\"-1\"><div class=\"elementor-post__thumbnail\"><img decoding=\"async\" width=\"300\" height=\"163\" src=\"https:\/\/packaging-journal.de\/wp-content\/uploads\/2026\/04\/coveris-papier-suesswaren-300x163.jpg\" class=\"attachment-medium size-medium wp-image-114890\" alt=\"\" srcset=\"https:\/\/packaging-journal.de\/wp-content\/uploads\/2026\/04\/coveris-papier-suesswaren-300x163.jpg 300w, https:\/\/packaging-journal.de\/wp-content\/uploads\/2026\/04\/coveris-papier-suesswaren-1024x555.jpg 1024w, https:\/\/packaging-journal.de\/wp-content\/uploads\/2026\/04\/coveris-papier-suesswaren-768x416.jpg 768w, https:\/\/packaging-journal.de\/wp-content\/uploads\/2026\/04\/coveris-papier-suesswaren-18x10.jpg 18w, https:\/\/packaging-journal.de\/wp-content\/uploads\/2026\/04\/coveris-papier-suesswaren-332x180.jpg 332w, https:\/\/packaging-journal.de\/wp-content\/uploads\/2026\/04\/coveris-papier-suesswaren-664x360.jpg 664w, https:\/\/packaging-journal.de\/wp-content\/uploads\/2026\/04\/coveris-papier-suesswaren-688x373.jpg 688w, https:\/\/packaging-journal.de\/wp-content\/uploads\/2026\/04\/coveris-papier-suesswaren-1044x566.jpg 1044w, https:\/\/packaging-journal.de\/wp-content\/uploads\/2026\/04\/coveris-papier-suesswaren.jpg 1200w\" sizes=\"(max-width: 300px) 100vw, 300px\" \/><\/div><\/a>\n\t\t\t\t<div class=\"elementor-post__text\">\n\t\t\t\t<h3 class=\"elementor-post__title\">\n\t\t\t<a href=\"https:\/\/packaging-journal.de\/en\/coveris-papierverpackungen-fuer-suesswaren\/\">\n\t\t\t\tSustainable paper packaging for confectionery\t\t\t<\/a>\n\t\t<\/h3>\n\t\t\t\t<div class=\"elementor-post__excerpt\">\n\t\t\tCoveris is launching MonoFlexFibre Pure Twist, an eco-friendly paper packaging for confectionery. This solution meets the increasing recycling requirements of the EU.\t\t<\/div>\n\t\t\n\t\t<a class=\"elementor-post__read-more\" href=\"https:\/\/packaging-journal.de\/en\/coveris-papierverpackungen-fuer-suesswaren\/\" aria-label=\"Read more about sustainable paper packaging for confectionery\" tabindex=\"-1\">\n\t\t\tRead more \"\t\t<\/a>\n\n\t\t\t\t<\/div>\n\t\t\t\t\t<\/div>\n\t\t<\/article>\n\t\t\t\t<article class=\"elementor-post elementor-grid-item post-114851 post type-post status-publish format-standard has-post-thumbnail category-aus-den-unternehmen-news tag-aus-den-unternehmen tag-dunapack tag-packmittel-und-packstoffe tag-papier-pappe-karton tag-stora-enso tag-wellpappe cs-entry cs-video-wrap\" role=\"listitem\">\n\t\t\t<div class=\"elementor-post__card\">\n\t\t\t\t<a class=\"elementor-post__thumbnail__link\" href=\"https:\/\/packaging-journal.de\/en\/dunapack-plant-zukauf-von-stora-enso\/\" tabindex=\"-1\"><div class=\"elementor-post__thumbnail\"><img loading=\"lazy\" decoding=\"async\" width=\"300\" height=\"163\" src=\"https:\/\/packaging-journal.de\/wp-content\/uploads\/2026\/04\/Dunapack-300x163.jpg\" class=\"attachment-medium size-medium wp-image-114853\" alt=\"\" srcset=\"https:\/\/packaging-journal.de\/wp-content\/uploads\/2026\/04\/Dunapack-300x163.jpg 300w, https:\/\/packaging-journal.de\/wp-content\/uploads\/2026\/04\/Dunapack-1024x555.jpg 1024w, https:\/\/packaging-journal.de\/wp-content\/uploads\/2026\/04\/Dunapack-768x416.jpg 768w, https:\/\/packaging-journal.de\/wp-content\/uploads\/2026\/04\/Dunapack-18x10.jpg 18w, https:\/\/packaging-journal.de\/wp-content\/uploads\/2026\/04\/Dunapack-332x180.jpg 332w, https:\/\/packaging-journal.de\/wp-content\/uploads\/2026\/04\/Dunapack-664x360.jpg 664w, https:\/\/packaging-journal.de\/wp-content\/uploads\/2026\/04\/Dunapack-688x373.jpg 688w, https:\/\/packaging-journal.de\/wp-content\/uploads\/2026\/04\/Dunapack-1044x566.jpg 1044w, https:\/\/packaging-journal.de\/wp-content\/uploads\/2026\/04\/Dunapack.jpg 1200w\" sizes=\"(max-width: 300px) 100vw, 300px\" \/><\/div><\/a>\n\t\t\t\t<div class=\"elementor-post__text\">\n\t\t\t\t<h3 class=\"elementor-post__title\">\n\t\t\t<a href=\"https:\/\/packaging-journal.de\/en\/dunapack-plant-zukauf-von-stora-enso\/\">\n\t\t\t\tDunapack purchase from Stora Enso\t\t\t<\/a>\n\t\t<\/h3>\n\t\t\t\t<div class=\"elementor-post__excerpt\">\n\t\t\tDunapack is significantly expanding its activities in the German corrugated board packaging market with the planned takeover.\t\t<\/div>\n\t\t\n\t\t<a class=\"elementor-post__read-more\" href=\"https:\/\/packaging-journal.de\/en\/dunapack-plant-zukauf-von-stora-enso\/\" aria-label=\"Read more about the Dunapack plant regarding the purchase from Stora Enso\" tabindex=\"-1\">\n\t\t\tRead more \"\t\t<\/a>\n\n\t\t\t\t<\/div>\n\t\t\t\t\t<\/div>\n\t\t<\/article>\n\t\t\t\t<article class=\"elementor-post elementor-grid-item post-114792 post type-post status-publish format-standard has-post-thumbnail category-green-packaging tag-nachhaltigkeit-und-green-packaging tag-papier-pappe-karton tag-siegwerk tag-verpackungsdruck-und-veredelung cs-entry cs-video-wrap\" role=\"listitem\">\n\t\t\t<div class=\"elementor-post__card\">\n\t\t\t\t<a class=\"elementor-post__thumbnail__link\" href=\"https:\/\/packaging-journal.de\/en\/siegwerk-launcht-acrylfreie-druckfarbe\/\" tabindex=\"-1\"><div class=\"elementor-post__thumbnail\"><img loading=\"lazy\" decoding=\"async\" width=\"300\" height=\"163\" src=\"https:\/\/packaging-journal.de\/wp-content\/uploads\/2026\/04\/siegwerk-unileaf-300x163.jpg\" class=\"attachment-medium size-medium wp-image-114796\" alt=\"\" srcset=\"https:\/\/packaging-journal.de\/wp-content\/uploads\/2026\/04\/siegwerk-unileaf-300x163.jpg 300w, https:\/\/packaging-journal.de\/wp-content\/uploads\/2026\/04\/siegwerk-unileaf-1024x555.jpg 1024w, https:\/\/packaging-journal.de\/wp-content\/uploads\/2026\/04\/siegwerk-unileaf-768x416.jpg 768w, https:\/\/packaging-journal.de\/wp-content\/uploads\/2026\/04\/siegwerk-unileaf-18x10.jpg 18w, https:\/\/packaging-journal.de\/wp-content\/uploads\/2026\/04\/siegwerk-unileaf-332x180.jpg 332w, https:\/\/packaging-journal.de\/wp-content\/uploads\/2026\/04\/siegwerk-unileaf-664x360.jpg 664w, https:\/\/packaging-journal.de\/wp-content\/uploads\/2026\/04\/siegwerk-unileaf-688x373.jpg 688w, https:\/\/packaging-journal.de\/wp-content\/uploads\/2026\/04\/siegwerk-unileaf-1044x566.jpg 1044w, https:\/\/packaging-journal.de\/wp-content\/uploads\/2026\/04\/siegwerk-unileaf.jpg 1200w\" sizes=\"(max-width: 300px) 100vw, 300px\" \/><\/div><\/a>\n\t\t\t\t<div class=\"elementor-post__text\">\n\t\t\t\t<h3 class=\"elementor-post__title\">\n\t\t\t<a href=\"https:\/\/packaging-journal.de\/en\/siegwerk-launcht-acrylfreie-druckfarbe\/\">\n\t\t\t\tSiegwerk launches acrylate-free printing ink for flexographic printing\t\t\t<\/a>\n\t\t<\/h3>\n\t\t\t\t<div class=\"elementor-post__excerpt\">\n\t\t\tWith UniLeaf, Siegwerk offers an acrylic-free printing ink for flexographic printing on paper and cardboard. The solution promises significant advantages in terms of sustainability and energy efficiency.\t\t<\/div>\n\t\t\n\t\t<a class=\"elementor-post__read-more\" href=\"https:\/\/packaging-journal.de\/en\/siegwerk-launcht-acrylfreie-druckfarbe\/\" aria-label=\"Read more about Siegwerk launches acrylic-free printing ink for flexo printing\" tabindex=\"-1\">\n\t\t\tRead more \"\t\t<\/a>\n\n\t\t\t\t<\/div>\n\t\t\t\t\t<\/div>\n\t\t<\/article>\n\t\t\t\t<article class=\"elementor-post elementor-grid-item post-115103 post type-post status-publish format-standard has-post-thumbnail category-green-packaging tag-interpack tag-kapag tag-nachhaltigkeit-und-green-packaging tag-packmittel-und-packstoffe tag-papier-pappe-karton cs-entry cs-video-wrap\" role=\"listitem\">\n\t\t\t<div class=\"elementor-post__card\">\n\t\t\t\t<a class=\"elementor-post__thumbnail__link\" href=\"https:\/\/packaging-journal.de\/en\/nachhaltige-verpackungsloesungen-aus-karton\/\" tabindex=\"-1\"><div class=\"elementor-post__thumbnail\"><img loading=\"lazy\" decoding=\"async\" width=\"300\" height=\"163\" src=\"https:\/\/packaging-journal.de\/wp-content\/uploads\/2026\/04\/kapag-ip-300x163.jpg\" class=\"attachment-medium size-medium wp-image-115104\" alt=\"\" srcset=\"https:\/\/packaging-journal.de\/wp-content\/uploads\/2026\/04\/kapag-ip-300x163.jpg 300w, https:\/\/packaging-journal.de\/wp-content\/uploads\/2026\/04\/kapag-ip-1024x555.jpg 1024w, https:\/\/packaging-journal.de\/wp-content\/uploads\/2026\/04\/kapag-ip-768x416.jpg 768w, https:\/\/packaging-journal.de\/wp-content\/uploads\/2026\/04\/kapag-ip-18x10.jpg 18w, https:\/\/packaging-journal.de\/wp-content\/uploads\/2026\/04\/kapag-ip-332x180.jpg 332w, https:\/\/packaging-journal.de\/wp-content\/uploads\/2026\/04\/kapag-ip-664x360.jpg 664w, https:\/\/packaging-journal.de\/wp-content\/uploads\/2026\/04\/kapag-ip-688x373.jpg 688w, https:\/\/packaging-journal.de\/wp-content\/uploads\/2026\/04\/kapag-ip-1044x566.jpg 1044w, https:\/\/packaging-journal.de\/wp-content\/uploads\/2026\/04\/kapag-ip.jpg 1200w\" sizes=\"(max-width: 300px) 100vw, 300px\" \/><\/div><\/a>\n\t\t\t\t<div class=\"elementor-post__text\">\n\t\t\t\t<h3 class=\"elementor-post__title\">\n\t\t\t<a href=\"https:\/\/packaging-journal.de\/en\/nachhaltige-verpackungsloesungen-aus-karton\/\">\n\t\t\t\tSustainable cardboard packaging solutions\t\t\t<\/a>\n\t\t<\/h3>\n\t\t\t\t<div class=\"elementor-post__excerpt\">\n\t\t\tWith a new paper composite, Kapag offers an environmentally friendly alternative to plastic. The \u201ePure Design\u201c cardboard replaces plastic labels on fruit and vegetable nets.\t\t<\/div>\n\t\t\n\t\t<a class=\"elementor-post__read-more\" href=\"https:\/\/packaging-journal.de\/en\/nachhaltige-verpackungsloesungen-aus-karton\/\" aria-label=\"Read more about sustainable cardboard packaging solutions\" tabindex=\"-1\">\n\t\t\tRead more \"\t\t<\/a>\n\n\t\t\t\t<\/div>\n\t\t\t\t\t<\/div>\n\t\t<\/article>\n\t\t\t\t<\/div>\n\t\t\n\t\t\t\t\t\t<\/div>\n\t\t\t\t<\/div>\n\t\t\t\t\t<\/div>\n\t\t<\/div>\n\t\t\t\t\t<\/div>\n\t\t<\/section>\n\t\t\t\t<\/div>","protected":false},"excerpt":{"rendered":"In March 2023, the International Trade Fair for the Corrugated Board and Folding Carton Industry with Open Seminars will take place in Munich.","protected":false},"author":1,"featured_media":72297,"comment_status":"closed","ping_status":"closed","sticky":false,"template":"","format":"standard","meta":{"_acf_changed":false,"__cvm_playback_settings":[],"__cvm_video_id":"","rank_math_description":"Im M\u00e4rz 2023 findet in M\u00fcnchen die Internationale Fachmesse f\u00fcr die Wellpappen- und Faltschachtelindustrie mit offenen Seminaren statt.","rank_math_focus_keyword":"cce international,faltschachtel","rank_math_title":"","csco_display_header_overlay":false,"csco_singular_sidebar":"","csco_page_header_type":"","csco_page_load_nextpost":"","csco_post_video_location":[],"csco_post_video_location_hash":"","csco_post_video_url":"","csco_post_video_bg_start_time":0,"csco_post_video_bg_end_time":0,"footnotes":"","_links_to":"","_links_to_target":""},"categories":[7],"tags":[59124,59666,59097,32,1487,59820],"class_list":{"0":"post-72293","1":"post","2":"type-post","3":"status-publish","4":"format-standard","5":"has-post-thumbnail","7":"category-messen-und-veranstaltungen","8":"tag-cce-international","9":"tag-faltschachtel","10":"tag-messe-muenchen","11":"tag-packmittel-und-packstoffe","12":"tag-papier-pappe-karton","13":"tag-wellpappe","14":"cs-entry","15":"cs-video-wrap"},"acf":[],"vimeo_video":null,"_links":{"self":[{"href":"https:\/\/packaging-journal.de\/en\/wp-json\/wp\/v2\/posts\/72293","targetHints":{"allow":["GET"]}}],"collection":[{"href":"https:\/\/packaging-journal.de\/en\/wp-json\/wp\/v2\/posts"}],"about":[{"href":"https:\/\/packaging-journal.de\/en\/wp-json\/wp\/v2\/types\/post"}],"author":[{"embeddable":true,"href":"https:\/\/packaging-journal.de\/en\/wp-json\/wp\/v2\/users\/1"}],"replies":[{"embeddable":true,"href":"https:\/\/packaging-journal.de\/en\/wp-json\/wp\/v2\/comments?post=72293"}],"version-history":[{"count":0,"href":"https:\/\/packaging-journal.de\/en\/wp-json\/wp\/v2\/posts\/72293\/revisions"}],"wp:featuredmedia":[{"embeddable":true,"href":"https:\/\/packaging-journal.de\/en\/wp-json\/wp\/v2\/media\/72297"}],"wp:attachment":[{"href":"https:\/\/packaging-journal.de\/en\/wp-json\/wp\/v2\/media?parent=72293"}],"wp:term":[{"taxonomy":"category","embeddable":true,"href":"https:\/\/packaging-journal.de\/en\/wp-json\/wp\/v2\/categories?post=72293"},{"taxonomy":"post_tag","embeddable":true,"href":"https:\/\/packaging-journal.de\/en\/wp-json\/wp\/v2\/tags?post=72293"}],"curies":[{"name":"wp","href":"https:\/\/api.w.org\/{rel}","templated":true}]}}