{"id":74117,"date":"2023-01-19T16:45:25","date_gmt":"2023-01-19T15:45:25","guid":{"rendered":"https:\/\/packaging-journal.de\/?p=74117"},"modified":"2023-01-19T16:13:56","modified_gmt":"2023-01-19T15:13:56","slug":"marbach-100-jubilee-cutting-dies-machines","status":"publish","type":"post","link":"https:\/\/packaging-journal.de\/en\/marbach-100-jubilaeum-stanzformen-maschinen\/","title":{"rendered":"Marbach celebrates its 100th anniversary"},"content":{"rendered":"<div data-elementor-type=\"wp-post\" data-elementor-id=\"74117\" class=\"elementor elementor-74117\" data-elementor-post-type=\"post\">\n\t\t\t\t\t\t<section data-exad-particle-enable=\"false\" class=\"elementor-section elementor-top-section elementor-element elementor-element-d16f025 elementor-section-boxed elementor-section-height-default elementor-section-height-default exad-parallax-effect-no exad-background-color-change-no exad-glass-effect-no exad-sticky-section-no\" data-id=\"d16f025\" data-element_type=\"section\" data-e-type=\"section\">\n\t\t\t\t\t\t<div class=\"elementor-container elementor-column-gap-default\">\n\t\t\t\t\t<div class=\"elementor-column elementor-col-100 elementor-top-column elementor-element elementor-element-ebc01b6 exad-glass-effect-no exad-sticky-section-no\" data-id=\"ebc01b6\" data-element_type=\"column\" data-e-type=\"column\">\n\t\t\t<div class=\"elementor-widget-wrap elementor-element-populated\">\n\t\t\t\t\t\t<div class=\"elementor-element elementor-element-b1b2963 exad-sticky-section-no exad-glass-effect-no elementor-widget elementor-widget-text-editor\" data-id=\"b1b2963\" data-element_type=\"widget\" data-e-type=\"widget\" data-widget_type=\"text-editor.default\">\n\t\t\t\t<div class=\"elementor-widget-container\">\n\t\t\t\t\t\t\t\t\t<p><strong>In 1923, Karl Marbach Senior founded the Marbach company together with two partners. The three-man operation has since grown into an international company with 1,600 employees worldwide. The company from Baden-W\u00fcrttemberg can now look back on 100 years of history.<\/strong><\/p>\t\t\t\t\t\t\t\t<\/div>\n\t\t\t\t<\/div>\n\t\t\t\t<div class=\"elementor-element elementor-element-580cb78 exad-sticky-section-no exad-glass-effect-no elementor-widget elementor-widget-text-editor\" data-id=\"580cb78\" data-element_type=\"widget\" data-e-type=\"widget\" data-widget_type=\"text-editor.default\">\n\t\t\t\t<div class=\"elementor-widget-container\">\n\t\t\t\t\t\t\t\t\t<div class=\"page\" title=\"Page 1\"><div class=\"layoutArea\"><div class=\"column\"><p>Founded on 16 July 1923 <a href=\"https:\/\/packaging-journal.de\/?s=marbach\">Karl Marbach Senior<\/a> together with two partners, runs a mechanical workshop in Heilbronn. The most important p<strong>roducts of the company were punching knives for the regional shoe industry<\/strong>. The company was founded in the crisis years after the First World War. Due to the global economic crisis, however, there were fewer and fewer customers from the shoe industry. As luck would have it, the Nupnau advertising materials factory in Heilbronn was looking for a regional supplier of steel rule cuts at this time. Karl Marbach Senior therefore began to deal with the <strong>production of steel strip cuts<\/strong>. This decision will prove to be very far-sighted.<\/p><\/div><\/div><\/div>\t\t\t\t\t\t\t\t<\/div>\n\t\t\t\t<\/div>\n\t\t\t\t<div class=\"elementor-element elementor-element-b4ad399 exad-sticky-section-no exad-glass-effect-no elementor-widget elementor-widget-image\" data-id=\"b4ad399\" data-element_type=\"widget\" data-e-type=\"widget\" data-widget_type=\"image.default\">\n\t\t\t\t<div class=\"elementor-widget-container\">\n\t\t\t\t\t\t\t\t\t\t\t\t<figure class=\"wp-caption\">\n\t\t\t\t\t\t\t\t\t\t<img fetchpriority=\"high\" decoding=\"async\" width=\"1024\" height=\"555\" src=\"https:\/\/packaging-journal.de\/wp-content\/uploads\/2023\/01\/1-3-1024x555.jpg\" class=\"attachment-large size-large wp-image-74125\" alt=\"Around 1925 in the Marbach workshop in Heilbronn.\" srcset=\"https:\/\/packaging-journal.de\/wp-content\/uploads\/2023\/01\/1-3-1024x555.jpg 1024w, https:\/\/packaging-journal.de\/wp-content\/uploads\/2023\/01\/1-3-300x163.jpg 300w, https:\/\/packaging-journal.de\/wp-content\/uploads\/2023\/01\/1-3-768x416.jpg 768w, https:\/\/packaging-journal.de\/wp-content\/uploads\/2023\/01\/1-3.jpg 1200w\" sizes=\"(max-width: 1024px) 100vw, 1024px\" \/>\t\t\t\t\t\t\t\t\t\t\t<figcaption class=\"widget-image-caption wp-caption-text\">A view of the Marbach workshop around 1925.\n(Image: Marbach Group) <\/figcaption>\n\t\t\t\t\t\t\t\t\t\t<\/figure>\n\t\t\t\t\t\t\t\t\t<\/div>\n\t\t\t\t<\/div>\n\t\t\t\t<div class=\"elementor-element elementor-element-3709628 exad-sticky-section-no exad-glass-effect-no elementor-widget elementor-widget-heading\" data-id=\"3709628\" data-element_type=\"widget\" data-e-type=\"widget\" data-widget_type=\"heading.default\">\n\t\t\t\t<div class=\"elementor-widget-container\">\n\t\t\t\t\t<h2 class=\"elementor-heading-title elementor-size-default\">Operation during the war<\/h2>\t\t\t\t<\/div>\n\t\t\t\t<\/div>\n\t\t\t\t<div class=\"elementor-element elementor-element-9121a19 exad-sticky-section-no exad-glass-effect-no elementor-widget elementor-widget-text-editor\" data-id=\"9121a19\" data-element_type=\"widget\" data-e-type=\"widget\" data-widget_type=\"text-editor.default\">\n\t\t\t\t<div class=\"elementor-widget-container\">\n\t\t\t\t\t\t\t\t\t<div class=\"page\" title=\"Page 1\"><div class=\"layoutArea\"><div class=\"column\"><p>Only a short time later, the Second World War brought another global crisis. In addition to steel rule dies for the advertising industry, Marbach also produced <strong>Tools for the sealing industry<\/strong>. That paid off: Because tools for the production of seals for engines, gearboxes and pumps were urgently needed. On 4 December 1944, the company building in F\u00fcgerstra\u00dfe was partially hit in an air raid and production was temporarily relocated to Unterheinriet. However, this makeshift facility was also destroyed in 1945. A temporary locksmith's workshop was set up from the remains of the factory in an old, disused cattle shed.<\/p><div class=\"packa-in-post-alle\" style=\"text-align: center;\" id=\"packa-3880006212\"><div id=\"packa-3285117821\"><a data-no-instant=\"1\" href=\"https:\/\/packaging-journal.de\/en\/newsletter\/\" rel=\"noopener\" class=\"a2t-link\" target=\"_blank\" aria-label=\"PJ Self-promotion English 03\"><!--noptimize--><img src=\"https:\/\/packaging-journal.de\/wp-content\/uploads\/2026\/01\/PJ-Eigenwerbung-English-03.png\" alt=\"\"  srcset=\"https:\/\/packaging-journal.de\/wp-content\/uploads\/2026\/01\/PJ-Eigenwerbung-English-03.png 840w, https:\/\/packaging-journal.de\/wp-content\/uploads\/2026\/01\/PJ-Eigenwerbung-English-03-300x75.png 300w, https:\/\/packaging-journal.de\/wp-content\/uploads\/2026\/01\/PJ-Eigenwerbung-English-03-768x192.png 768w, https:\/\/packaging-journal.de\/wp-content\/uploads\/2026\/01\/PJ-Eigenwerbung-English-03-18x5.png 18w, https:\/\/packaging-journal.de\/wp-content\/uploads\/2026\/01\/PJ-Eigenwerbung-English-03-332x83.png 332w, https:\/\/packaging-journal.de\/wp-content\/uploads\/2026\/01\/PJ-Eigenwerbung-English-03-664x166.png 664w, https:\/\/packaging-journal.de\/wp-content\/uploads\/2026\/01\/PJ-Eigenwerbung-English-03-688x172.png 688w\" sizes=\"(max-width: 840px) 100vw, 840px\" width=\"840\" height=\"210\"  style=\" max-width: 100%; height: auto;\" \/><!--\/noptimize--><\/a><\/div><\/div><div class=\"page\" title=\"Page 2\"><div class=\"layoutArea\"><div class=\"column\"><p>After the war, the company was relocated back to Heilbronn. There they had to start all over again. The <strong>The newly launched production initially comprised steel strip cuts for the engine and gasket industry, but increasingly also punching moulds<\/strong> for the advertising and packaging industry. In 1955, Karl Marbach Junior, the second generation, joined the company, bringing with him many new ideas. The first expansion of the Marbach company was its own department for thermoforming toolmaking in 1957, which finally became legally independent almost 30 years later.<\/p><\/div><\/div><\/div><\/div><\/div><\/div>\t\t\t\t\t\t\t\t<\/div>\n\t\t\t\t<\/div>\n\t\t\t\t<div class=\"elementor-element elementor-element-b17adb8 exad-sticky-section-no exad-glass-effect-no elementor-widget elementor-widget-heading\" data-id=\"b17adb8\" data-element_type=\"widget\" data-e-type=\"widget\" data-widget_type=\"heading.default\">\n\t\t\t\t<div class=\"elementor-widget-container\">\n\t\t\t\t\t<h2 class=\"elementor-heading-title elementor-size-default\">New technologies in die making<\/h2>\t\t\t\t<\/div>\n\t\t\t\t<\/div>\n\t\t\t\t<div class=\"elementor-element elementor-element-88c0d2f exad-sticky-section-no exad-glass-effect-no elementor-widget elementor-widget-text-editor\" data-id=\"88c0d2f\" data-element_type=\"widget\" data-e-type=\"widget\" data-widget_type=\"text-editor.default\">\n\t\t\t\t<div class=\"elementor-widget-container\">\n\t\t\t\t\t\t\t\t\t<div class=\"page\" title=\"Page 2\"><div class=\"layoutArea\"><div class=\"column\"><p>In 1969, Karl Marbach Junior heard about a new, revolutionary cutting technology for the first time. At a symposium in England, he met S. Ray Miller Junior, the President of Atlas Steel Rule Dies Inc. from Elkhart (USA). This company was the first in the world to use a CO<sub>2<\/sub>-laser in cutting die production and Miller spoke on the subject of \u201eWood cutting with light\u201c. The two remained in contact and <strong>In 1972, Marbach finally invested in the first CNC-controlled CO<sub>2<\/sub>- Laser cutting system for cutting die production in Europe<\/strong>. The introduction of this technology was a quantum leap in diemaking and made Marbach the market leader in Europe, which the company was able to consolidate as innovation leader in the following years.\u00a0<\/p><div id=\"packa-2093831265\" class=\"packa-inhalt\"><!--noptimize--><script async src=\"https:\/\/pagead2.googlesyndication.com\/pagead\/js\/adsbygoogle.js?client=ca-pub-2686439340972671\" crossorigin=\"anonymous\"><\/script>\r\n<ins class=\"adsbygoogle\" style=\"display:block;text-align:center\" data-ad-layout=\"in-article\" data-ad-format=\"fluid\" data-ad-client=\"ca-pub-2686439340972671\" data-ad-slot=\"6171251825\"><\/ins>\r\n<script>\r\n     (adsbygoogle = window.adsbygoogle || []).push({});\r\n<\/script><!--\/noptimize--><\/div><\/div><\/div><\/div>\t\t\t\t\t\t\t\t<\/div>\n\t\t\t\t<\/div>\n\t\t\t\t<div class=\"elementor-element elementor-element-e24873c exad-sticky-section-no exad-glass-effect-no elementor-widget elementor-widget-image\" data-id=\"e24873c\" data-element_type=\"widget\" data-e-type=\"widget\" data-widget_type=\"image.default\">\n\t\t\t\t<div class=\"elementor-widget-container\">\n\t\t\t\t\t\t\t\t\t\t\t\t<figure class=\"wp-caption\">\n\t\t\t\t\t\t\t\t\t\t<img decoding=\"async\" width=\"1024\" height=\"555\" src=\"https:\/\/packaging-journal.de\/wp-content\/uploads\/2023\/01\/2-4-1024x555.jpg\" class=\"attachment-large size-large wp-image-74126\" alt=\"Marbach main site in the 1970s\" srcset=\"https:\/\/packaging-journal.de\/wp-content\/uploads\/2023\/01\/2-4-1024x555.jpg 1024w, https:\/\/packaging-journal.de\/wp-content\/uploads\/2023\/01\/2-4-300x163.jpg 300w, https:\/\/packaging-journal.de\/wp-content\/uploads\/2023\/01\/2-4-768x416.jpg 768w, https:\/\/packaging-journal.de\/wp-content\/uploads\/2023\/01\/2-4.jpg 1200w\" sizes=\"(max-width: 1024px) 100vw, 1024px\" \/>\t\t\t\t\t\t\t\t\t\t\t<figcaption class=\"widget-image-caption wp-caption-text\">The main Marbach site in the 1970s.\n(Image: Marbach Group)<\/figcaption>\n\t\t\t\t\t\t\t\t\t\t<\/figure>\n\t\t\t\t\t\t\t\t\t<\/div>\n\t\t\t\t<\/div>\n\t\t\t\t<div class=\"elementor-element elementor-element-12803f9 exad-sticky-section-no exad-glass-effect-no elementor-widget elementor-widget-text-editor\" data-id=\"12803f9\" data-element_type=\"widget\" data-e-type=\"widget\" data-widget_type=\"text-editor.default\">\n\t\t\t\t<div class=\"elementor-widget-container\">\n\t\t\t\t\t\t\t\t\t<div class=\"page\" title=\"Page 3\"><div class=\"layoutArea\"><div class=\"column\"><p>Over the years, Marbach has developed numerous<strong> Technologies and innovations brought to market<\/strong>, many of which are still standard in the industry today. These include mpower, marbastrip, the creasing plate mould and the greenplate. However, it is not only Marbach's own developments and patents that have made the company the innovation leader it is today. The company has always been interested in new technologies and has managed to develop many <strong>Utilise innovations from other industries for yourself<\/strong>. In 1967, Marbach took over the licence for the production of rillma matrices. With rillma, Marbach was able to offer its customers not only the cutting-die but also the appropriate counter-die, giving them the opportunity to produce folding cartons with unprecedented precision.<\/p><\/div><\/div><\/div>\t\t\t\t\t\t\t\t<\/div>\n\t\t\t\t<\/div>\n\t\t\t\t<div class=\"elementor-element elementor-element-ed9970c exad-sticky-section-no exad-glass-effect-no elementor-widget elementor-widget-heading\" data-id=\"ed9970c\" data-element_type=\"widget\" data-e-type=\"widget\" data-widget_type=\"heading.default\">\n\t\t\t\t<div class=\"elementor-widget-container\">\n\t\t\t\t\t<h2 class=\"elementor-heading-title elementor-size-default\">International branches <\/h2>\t\t\t\t<\/div>\n\t\t\t\t<\/div>\n\t\t\t\t<div class=\"elementor-element elementor-element-ce82fbd exad-sticky-section-no exad-glass-effect-no elementor-widget elementor-widget-text-editor\" data-id=\"ce82fbd\" data-element_type=\"widget\" data-e-type=\"widget\" data-widget_type=\"text-editor.default\">\n\t\t\t\t<div class=\"elementor-widget-container\">\n\t\t\t\t\t\t\t\t\t<div class=\"page\" title=\"Page 3\"><div class=\"layoutArea\"><div class=\"column\"><p>Today, Marbach consists of over <strong>20 production and sales subsidiaries as well as joint ventures and franchising partners<\/strong>. Internationalisation began in 1984 with an investment in the company Arden Dies in Stockport (England). In the following decades, subsidiaries and joint ventures followed in countries such as France, Spain, Egypt and Eastern Europe, as well as sales offices and franchise partners in other countries such as Russia, Colombia and the United Arab Emirates. Since 2012 alone, Marbach has opened <strong>Subsidiaries in the USA, Mexico, China and Malaysia<\/strong>.<\/p><\/div><\/div><\/div>\t\t\t\t\t\t\t\t<\/div>\n\t\t\t\t<\/div>\n\t\t\t\t<div class=\"elementor-element elementor-element-0a8eeb4 exad-sticky-section-no exad-glass-effect-no elementor-widget elementor-widget-text-editor\" data-id=\"0a8eeb4\" data-element_type=\"widget\" data-e-type=\"widget\" data-widget_type=\"text-editor.default\">\n\t\t\t\t<div class=\"elementor-widget-container\">\n\t\t\t\t\t\t\t\t\t<div class=\"page\" title=\"Page 4\"><div class=\"layoutArea\"><div class=\"column\"><p>In July 2023, the Marbach Group turns 100 and the company is constantly growing. Over the years, this growth has repeatedly led to cramped conditions in the existing buildings and thus to the need for new buildings. It began with the reconstruction of the building in Heilbronn's F\u00fcgerstra\u00dfe after the Second World War. After that, the current location was rebuilt several times from 1962 onwards: <strong>New buildings in 1962, 1976, 2007 and 2014<\/strong> as well as various extensions over the years and even an extension in 2017 gave the growing company the space it needed. However, investments were not only made in Heilbronn, but also in <strong>Poland Various new buildings, e.g. in Tarnowsky Gory in 2009 and 2021 and in Kielce in 2016<\/strong>. The company has been continuously investing in its sites for almost 100 years. Modern buildings and technology are a success factor for a future-orientated company and greater sustainability.<\/p><\/div><\/div><\/div>\t\t\t\t\t\t\t\t<\/div>\n\t\t\t\t<\/div>\n\t\t\t\t<div class=\"elementor-element elementor-element-c2bb9ac exad-sticky-section-no exad-glass-effect-no elementor-widget elementor-widget-text-editor\" data-id=\"c2bb9ac\" data-element_type=\"widget\" data-e-type=\"widget\" data-widget_type=\"text-editor.default\">\n\t\t\t\t<div class=\"elementor-widget-container\">\n\t\t\t\t\t\t\t\t\t<div class=\"page\" title=\"Page 5\"><div class=\"layoutArea\"><div class=\"column\"><p>The <strong>The secret of Marbach's success is also linked to the Marbach family.<\/strong> and thus with the people who founded, expanded and made this company successful. Those whose tireless commitment and wealth of ideas have ensured the company's continued existence even in times of crisis. The <strong>family behind the company, which has been<\/strong> has done everything to ensure that the company becomes, is and remains successful. All three generations - from Karl Marbach Senior and Karl Marbach Junior to the current managing partner Peter Marbach - have turned the company from a small craft business into what it is today: a world market leader in the manufacture of moulds for the packaging industry.<\/p><div class=\"page\" title=\"Page 6\"><div class=\"layoutArea\"><div class=\"column\"><p>In the coming months leading up to the 100th anniversary of the Marbach Group, the Heilbronn-based tool manufacturer will be showing visitors to its <strong>Website on a journey into the past<\/strong>. In a <a href=\"http:\/\/www.marbach.com\/historie\" target=\"_blank\" rel=\"noopener\">11-part series under the title \u201e100 years of Marbach\u201c<\/a> he stops at the most important developments and events that have made the Marbach Group what it is today: world market leader in die-cutting technology.\u00a0<\/p><p><em>Source:\u00a0<\/em><a href=\"http:\/\/www.marbach.com\" target=\"_blank\" rel=\"noopener\">Marbach<\/a><\/p><\/div><\/div><\/div><\/div><\/div><\/div>\t\t\t\t\t\t\t\t<\/div>\n\t\t\t\t<\/div>\n\t\t\t\t\t<\/div>\n\t\t<\/div>\n\t\t\t\t\t<\/div>\n\t\t<\/section>\n\t\t\t\t<section data-exad-particle-enable=\"false\" class=\"elementor-section elementor-top-section elementor-element elementor-element-6edeae72 elementor-section-boxed elementor-section-height-default elementor-section-height-default exad-parallax-effect-no exad-background-color-change-no exad-glass-effect-no exad-sticky-section-no\" data-id=\"6edeae72\" data-element_type=\"section\" data-e-type=\"section\" data-settings=\"{&quot;background_background&quot;:&quot;classic&quot;}\">\n\t\t\t\t\t\t<div class=\"elementor-container elementor-column-gap-default\">\n\t\t\t\t\t<div class=\"elementor-column elementor-col-100 elementor-top-column elementor-element elementor-element-65005fa8 exad-glass-effect-no exad-sticky-section-no\" data-id=\"65005fa8\" data-element_type=\"column\" data-e-type=\"column\">\n\t\t\t<div class=\"elementor-widget-wrap elementor-element-populated\">\n\t\t\t\t\t\t<div class=\"elementor-element elementor-element-13405a18 exad-sticky-section-no exad-glass-effect-no elementor-widget elementor-widget-heading\" data-id=\"13405a18\" data-element_type=\"widget\" data-e-type=\"widget\" data-widget_type=\"heading.default\">\n\t\t\t\t<div class=\"elementor-widget-container\">\n\t\t\t\t\t<h2 class=\"elementor-heading-title elementor-size-default\">Further news from the companies <\/h2>\t\t\t\t<\/div>\n\t\t\t\t<\/div>\n\t\t\t\t<div class=\"elementor-element elementor-element-2845ef46 elementor-grid-3 elementor-grid-tablet-2 elementor-grid-mobile-1 elementor-posts--thumbnail-top elementor-posts__hover-gradient exad-sticky-section-no exad-glass-effect-no elementor-widget elementor-widget-posts\" data-id=\"2845ef46\" data-element_type=\"widget\" data-e-type=\"widget\" data-settings=\"{&quot;cards_row_gap&quot;:{&quot;unit&quot;:&quot;px&quot;,&quot;size&quot;:38,&quot;sizes&quot;:[]},&quot;cards_columns&quot;:&quot;3&quot;,&quot;cards_columns_tablet&quot;:&quot;2&quot;,&quot;cards_columns_mobile&quot;:&quot;1&quot;,&quot;cards_row_gap_tablet&quot;:{&quot;unit&quot;:&quot;px&quot;,&quot;size&quot;:&quot;&quot;,&quot;sizes&quot;:[]},&quot;cards_row_gap_mobile&quot;:{&quot;unit&quot;:&quot;px&quot;,&quot;size&quot;:&quot;&quot;,&quot;sizes&quot;:[]}}\" data-widget_type=\"posts.cards\">\n\t\t\t\t<div class=\"elementor-widget-container\">\n\t\t\t\t\t\t\t<div class=\"elementor-posts-container elementor-posts elementor-posts--skin-cards elementor-grid\" role=\"list\">\n\t\t\t\t<article class=\"elementor-post elementor-grid-item post-115295 post type-post status-publish format-standard has-post-thumbnail category-aus-den-unternehmen-news tag-aus-den-unternehmen tag-getraenke tag-glas tag-lebensmittel tag-verallia cs-entry cs-video-wrap\" role=\"listitem\">\n\t\t\t<div class=\"elementor-post__card\">\n\t\t\t\t<a class=\"elementor-post__thumbnail__link\" href=\"https:\/\/packaging-journal.de\/en\/verallia-steigert-profitabilitaet\/\" tabindex=\"-1\"><div class=\"elementor-post__thumbnail\"><img decoding=\"async\" width=\"300\" height=\"163\" src=\"https:\/\/packaging-journal.de\/wp-content\/uploads\/2026\/04\/Verallia-Q1-300x163.jpg\" class=\"attachment-medium size-medium wp-image-115298\" alt=\"\" srcset=\"https:\/\/packaging-journal.de\/wp-content\/uploads\/2026\/04\/Verallia-Q1-300x163.jpg 300w, https:\/\/packaging-journal.de\/wp-content\/uploads\/2026\/04\/Verallia-Q1-1024x555.jpg 1024w, https:\/\/packaging-journal.de\/wp-content\/uploads\/2026\/04\/Verallia-Q1-768x416.jpg 768w, https:\/\/packaging-journal.de\/wp-content\/uploads\/2026\/04\/Verallia-Q1-18x10.jpg 18w, https:\/\/packaging-journal.de\/wp-content\/uploads\/2026\/04\/Verallia-Q1-332x180.jpg 332w, https:\/\/packaging-journal.de\/wp-content\/uploads\/2026\/04\/Verallia-Q1-664x360.jpg 664w, https:\/\/packaging-journal.de\/wp-content\/uploads\/2026\/04\/Verallia-Q1-688x373.jpg 688w, https:\/\/packaging-journal.de\/wp-content\/uploads\/2026\/04\/Verallia-Q1-1044x566.jpg 1044w, https:\/\/packaging-journal.de\/wp-content\/uploads\/2026\/04\/Verallia-Q1.jpg 1200w\" sizes=\"(max-width: 300px) 100vw, 300px\" \/><\/div><\/a>\n\t\t\t\t<div class=\"elementor-post__text\">\n\t\t\t\t<h3 class=\"elementor-post__title\">\n\t\t\t<a href=\"https:\/\/packaging-journal.de\/en\/verallia-steigert-profitabilitaet\/\">\n\t\t\t\tVerallia increases profitability\t\t\t<\/a>\n\t\t<\/h3>\n\t\t\t\t<div class=\"elementor-post__excerpt\">\n\t\t\tThe glass packaging manufacturer has presented its results for the first quarter.\t\t<\/div>\n\t\t\n\t\t<a class=\"elementor-post__read-more\" href=\"https:\/\/packaging-journal.de\/en\/verallia-steigert-profitabilitaet\/\" aria-label=\"Read more about Verallia increases profitability\" tabindex=\"-1\">\n\t\t\tRead more \"\t\t<\/a>\n\n\t\t\t\t<\/div>\n\t\t\t\t\t<\/div>\n\t\t<\/article>\n\t\t\t\t<article class=\"elementor-post elementor-grid-item post-115286 post type-post status-publish format-standard has-post-thumbnail category-aus-den-unternehmen-news tag-aus-den-unternehmen tag-mondi tag-packmittel-und-packstoffe tag-papier-pappe-karton cs-entry cs-video-wrap\" role=\"listitem\">\n\t\t\t<div class=\"elementor-post__card\">\n\t\t\t\t<a class=\"elementor-post__thumbnail__link\" href=\"https:\/\/packaging-journal.de\/en\/mondi-kuendigt-weitere-werksschliessungen-an\/\" tabindex=\"-1\"><div class=\"elementor-post__thumbnail\"><img loading=\"lazy\" decoding=\"async\" width=\"300\" height=\"163\" src=\"https:\/\/packaging-journal.de\/wp-content\/uploads\/2026\/04\/Mondi-Werksschliessungen-300x163.jpg\" class=\"attachment-medium size-medium wp-image-115287\" alt=\"\" srcset=\"https:\/\/packaging-journal.de\/wp-content\/uploads\/2026\/04\/Mondi-Werksschliessungen-300x163.jpg 300w, https:\/\/packaging-journal.de\/wp-content\/uploads\/2026\/04\/Mondi-Werksschliessungen-1024x555.jpg 1024w, https:\/\/packaging-journal.de\/wp-content\/uploads\/2026\/04\/Mondi-Werksschliessungen-768x416.jpg 768w, https:\/\/packaging-journal.de\/wp-content\/uploads\/2026\/04\/Mondi-Werksschliessungen-18x10.jpg 18w, https:\/\/packaging-journal.de\/wp-content\/uploads\/2026\/04\/Mondi-Werksschliessungen-332x180.jpg 332w, https:\/\/packaging-journal.de\/wp-content\/uploads\/2026\/04\/Mondi-Werksschliessungen-664x360.jpg 664w, https:\/\/packaging-journal.de\/wp-content\/uploads\/2026\/04\/Mondi-Werksschliessungen-688x373.jpg 688w, https:\/\/packaging-journal.de\/wp-content\/uploads\/2026\/04\/Mondi-Werksschliessungen-1044x566.jpg 1044w, https:\/\/packaging-journal.de\/wp-content\/uploads\/2026\/04\/Mondi-Werksschliessungen.jpg 1200w\" sizes=\"(max-width: 300px) 100vw, 300px\" \/><\/div><\/a>\n\t\t\t\t<div class=\"elementor-post__text\">\n\t\t\t\t<h3 class=\"elementor-post__title\">\n\t\t\t<a href=\"https:\/\/packaging-journal.de\/en\/mondi-kuendigt-weitere-werksschliessungen-an\/\">\n\t\t\t\tMondi announces further plant closures\t\t\t<\/a>\n\t\t<\/h3>\n\t\t\t\t<div class=\"elementor-post__excerpt\">\n\t\t\tRising costs and margin pressure are forcing the packaging group to make further adjustments.\t\t<\/div>\n\t\t\n\t\t<a class=\"elementor-post__read-more\" href=\"https:\/\/packaging-journal.de\/en\/mondi-kuendigt-weitere-werksschliessungen-an\/\" aria-label=\"Mondi announces further plant closures\" tabindex=\"-1\">\n\t\t\tRead more \"\t\t<\/a>\n\n\t\t\t\t<\/div>\n\t\t\t\t\t<\/div>\n\t\t<\/article>\n\t\t\t\t<article class=\"elementor-post elementor-grid-item post-115215 post type-post status-publish format-standard has-post-thumbnail category-aus-den-unternehmen-news tag-junghans-kunststoffwaren-fabrik tag-kunststoff-und-verbunde tag-packmittel-und-packstoffe tag-verschluesse-und-verschliesssysteme cs-entry cs-video-wrap\" role=\"listitem\">\n\t\t\t<div class=\"elementor-post__card\">\n\t\t\t\t<a class=\"elementor-post__thumbnail__link\" href=\"https:\/\/packaging-journal.de\/en\/150-jahre-junghans-kunststoffwaren-fabrik\/\" tabindex=\"-1\"><div class=\"elementor-post__thumbnail\"><img loading=\"lazy\" decoding=\"async\" width=\"300\" height=\"163\" src=\"https:\/\/packaging-journal.de\/wp-content\/uploads\/2026\/04\/junghans-Jubilaeum-300x163.jpg\" class=\"attachment-medium size-medium wp-image-115216\" alt=\"\" srcset=\"https:\/\/packaging-journal.de\/wp-content\/uploads\/2026\/04\/junghans-Jubilaeum-300x163.jpg 300w, https:\/\/packaging-journal.de\/wp-content\/uploads\/2026\/04\/junghans-Jubilaeum-1024x555.jpg 1024w, https:\/\/packaging-journal.de\/wp-content\/uploads\/2026\/04\/junghans-Jubilaeum-768x416.jpg 768w, https:\/\/packaging-journal.de\/wp-content\/uploads\/2026\/04\/junghans-Jubilaeum-18x10.jpg 18w, https:\/\/packaging-journal.de\/wp-content\/uploads\/2026\/04\/junghans-Jubilaeum-332x180.jpg 332w, https:\/\/packaging-journal.de\/wp-content\/uploads\/2026\/04\/junghans-Jubilaeum-664x360.jpg 664w, https:\/\/packaging-journal.de\/wp-content\/uploads\/2026\/04\/junghans-Jubilaeum-688x373.jpg 688w, https:\/\/packaging-journal.de\/wp-content\/uploads\/2026\/04\/junghans-Jubilaeum-1044x566.jpg 1044w, https:\/\/packaging-journal.de\/wp-content\/uploads\/2026\/04\/junghans-Jubilaeum.jpg 1200w\" sizes=\"(max-width: 300px) 100vw, 300px\" \/><\/div><\/a>\n\t\t\t\t<div class=\"elementor-post__text\">\n\t\t\t\t<h3 class=\"elementor-post__title\">\n\t\t\t<a href=\"https:\/\/packaging-journal.de\/en\/150-jahre-junghans-kunststoffwaren-fabrik\/\">\n\t\t\t\t150 Years of Junghans: Tradition meets modern plastic packaging\t\t\t<\/a>\n\t\t<\/h3>\n\t\t\t\t<div class=\"elementor-post__excerpt\">\n\t\t\tJunghans Kunststoffwaren-Fabrik celebrates 150 years and invests in modern technologies. The company is focusing on sustainability and sees itself well-equipped for the requirements of the PPWR.\t\t<\/div>\n\t\t\n\t\t<a class=\"elementor-post__read-more\" href=\"https:\/\/packaging-journal.de\/en\/150-jahre-junghans-kunststoffwaren-fabrik\/\" aria-label=\"Read more about 150 Years of Junghans: Tradition Meets Modern Plastic Packaging\" tabindex=\"-1\">\n\t\t\tRead more \"\t\t<\/a>\n\n\t\t\t\t<\/div>\n\t\t\t\t\t<\/div>\n\t\t<\/article>\n\t\t\t\t<article class=\"elementor-post elementor-grid-item post-114930 post type-post status-publish format-standard has-post-thumbnail category-aus-den-unternehmen-news tag-abfuelltechnik tag-pharma-kosmetik-chemie tag-syntegon-technology tag-verpackungstechnik cs-entry cs-video-wrap\" role=\"listitem\">\n\t\t\t<div class=\"elementor-post__card\">\n\t\t\t\t<a class=\"elementor-post__thumbnail__link\" href=\"https:\/\/packaging-journal.de\/en\/syntegon-verzeichnet-rekordjahr-dank-pharmabereich\/\" tabindex=\"-1\"><div class=\"elementor-post__thumbnail\"><img loading=\"lazy\" decoding=\"async\" width=\"300\" height=\"163\" src=\"https:\/\/packaging-journal.de\/wp-content\/uploads\/2026\/04\/Syntegon-2025-300x163.jpg\" class=\"attachment-medium size-medium wp-image-114933\" alt=\"\" srcset=\"https:\/\/packaging-journal.de\/wp-content\/uploads\/2026\/04\/Syntegon-2025-300x163.jpg 300w, https:\/\/packaging-journal.de\/wp-content\/uploads\/2026\/04\/Syntegon-2025-1024x555.jpg 1024w, https:\/\/packaging-journal.de\/wp-content\/uploads\/2026\/04\/Syntegon-2025-768x416.jpg 768w, https:\/\/packaging-journal.de\/wp-content\/uploads\/2026\/04\/Syntegon-2025-18x10.jpg 18w, https:\/\/packaging-journal.de\/wp-content\/uploads\/2026\/04\/Syntegon-2025-332x180.jpg 332w, https:\/\/packaging-journal.de\/wp-content\/uploads\/2026\/04\/Syntegon-2025-664x360.jpg 664w, https:\/\/packaging-journal.de\/wp-content\/uploads\/2026\/04\/Syntegon-2025-688x373.jpg 688w, https:\/\/packaging-journal.de\/wp-content\/uploads\/2026\/04\/Syntegon-2025-1044x566.jpg 1044w, https:\/\/packaging-journal.de\/wp-content\/uploads\/2026\/04\/Syntegon-2025.jpg 1200w\" sizes=\"(max-width: 300px) 100vw, 300px\" \/><\/div><\/a>\n\t\t\t\t<div class=\"elementor-post__text\">\n\t\t\t\t<h3 class=\"elementor-post__title\">\n\t\t\t<a href=\"https:\/\/packaging-journal.de\/en\/syntegon-verzeichnet-rekordjahr-dank-pharmabereich\/\">\n\t\t\t\tSyntegon records a record year thanks to the pharmaceutical sector\t\t\t<\/a>\n\t\t<\/h3>\n\t\t\t\t<div class=\"elementor-post__excerpt\">\n\t\t\tThe company benefits from structurally growing markets.\t\t<\/div>\n\t\t\n\t\t<a class=\"elementor-post__read-more\" href=\"https:\/\/packaging-journal.de\/en\/syntegon-verzeichnet-rekordjahr-dank-pharmabereich\/\" aria-label=\"Syntegon records record year thanks to pharmaceutical sector\" tabindex=\"-1\">\n\t\t\tRead more \"\t\t<\/a>\n\n\t\t\t\t<\/div>\n\t\t\t\t\t<\/div>\n\t\t<\/article>\n\t\t\t\t<article class=\"elementor-post elementor-grid-item post-114851 post type-post status-publish format-standard has-post-thumbnail category-aus-den-unternehmen-news tag-aus-den-unternehmen tag-dunapack tag-packmittel-und-packstoffe tag-papier-pappe-karton tag-stora-enso tag-wellpappe cs-entry cs-video-wrap\" role=\"listitem\">\n\t\t\t<div class=\"elementor-post__card\">\n\t\t\t\t<a class=\"elementor-post__thumbnail__link\" href=\"https:\/\/packaging-journal.de\/en\/dunapack-plant-zukauf-von-stora-enso\/\" tabindex=\"-1\"><div class=\"elementor-post__thumbnail\"><img loading=\"lazy\" decoding=\"async\" width=\"300\" height=\"163\" src=\"https:\/\/packaging-journal.de\/wp-content\/uploads\/2026\/04\/Dunapack-300x163.jpg\" class=\"attachment-medium size-medium wp-image-114853\" alt=\"\" srcset=\"https:\/\/packaging-journal.de\/wp-content\/uploads\/2026\/04\/Dunapack-300x163.jpg 300w, https:\/\/packaging-journal.de\/wp-content\/uploads\/2026\/04\/Dunapack-1024x555.jpg 1024w, https:\/\/packaging-journal.de\/wp-content\/uploads\/2026\/04\/Dunapack-768x416.jpg 768w, https:\/\/packaging-journal.de\/wp-content\/uploads\/2026\/04\/Dunapack-18x10.jpg 18w, https:\/\/packaging-journal.de\/wp-content\/uploads\/2026\/04\/Dunapack-332x180.jpg 332w, https:\/\/packaging-journal.de\/wp-content\/uploads\/2026\/04\/Dunapack-664x360.jpg 664w, https:\/\/packaging-journal.de\/wp-content\/uploads\/2026\/04\/Dunapack-688x373.jpg 688w, https:\/\/packaging-journal.de\/wp-content\/uploads\/2026\/04\/Dunapack-1044x566.jpg 1044w, https:\/\/packaging-journal.de\/wp-content\/uploads\/2026\/04\/Dunapack.jpg 1200w\" sizes=\"(max-width: 300px) 100vw, 300px\" \/><\/div><\/a>\n\t\t\t\t<div class=\"elementor-post__text\">\n\t\t\t\t<h3 class=\"elementor-post__title\">\n\t\t\t<a href=\"https:\/\/packaging-journal.de\/en\/dunapack-plant-zukauf-von-stora-enso\/\">\n\t\t\t\tDunapack purchase from Stora Enso\t\t\t<\/a>\n\t\t<\/h3>\n\t\t\t\t<div class=\"elementor-post__excerpt\">\n\t\t\tDunapack is significantly expanding its activities in the German corrugated board packaging market with the planned takeover.\t\t<\/div>\n\t\t\n\t\t<a class=\"elementor-post__read-more\" href=\"https:\/\/packaging-journal.de\/en\/dunapack-plant-zukauf-von-stora-enso\/\" aria-label=\"Read more about the Dunapack plant regarding the purchase from Stora Enso\" tabindex=\"-1\">\n\t\t\tRead more \"\t\t<\/a>\n\n\t\t\t\t<\/div>\n\t\t\t\t\t<\/div>\n\t\t<\/article>\n\t\t\t\t<article class=\"elementor-post elementor-grid-item post-114721 post type-post status-publish format-standard has-post-thumbnail category-aus-den-unternehmen-news tag-aus-den-unternehmen tag-industrieverpackungen tag-ringmetall tag-usa cs-entry cs-video-wrap\" role=\"listitem\">\n\t\t\t<div class=\"elementor-post__card\">\n\t\t\t\t<a class=\"elementor-post__thumbnail__link\" href=\"https:\/\/packaging-journal.de\/en\/ringmetall-baut-us-liner-geschaeft-aus\/\" tabindex=\"-1\"><div class=\"elementor-post__thumbnail\"><img loading=\"lazy\" decoding=\"async\" width=\"300\" height=\"163\" src=\"https:\/\/packaging-journal.de\/wp-content\/uploads\/2026\/04\/New-England-Plastics-300x163.jpg\" class=\"attachment-medium size-medium wp-image-114724\" alt=\"\" srcset=\"https:\/\/packaging-journal.de\/wp-content\/uploads\/2026\/04\/New-England-Plastics-300x163.jpg 300w, https:\/\/packaging-journal.de\/wp-content\/uploads\/2026\/04\/New-England-Plastics-1024x555.jpg 1024w, https:\/\/packaging-journal.de\/wp-content\/uploads\/2026\/04\/New-England-Plastics-768x416.jpg 768w, https:\/\/packaging-journal.de\/wp-content\/uploads\/2026\/04\/New-England-Plastics-18x10.jpg 18w, https:\/\/packaging-journal.de\/wp-content\/uploads\/2026\/04\/New-England-Plastics-332x180.jpg 332w, https:\/\/packaging-journal.de\/wp-content\/uploads\/2026\/04\/New-England-Plastics-664x360.jpg 664w, https:\/\/packaging-journal.de\/wp-content\/uploads\/2026\/04\/New-England-Plastics-688x373.jpg 688w, https:\/\/packaging-journal.de\/wp-content\/uploads\/2026\/04\/New-England-Plastics-1044x566.jpg 1044w, https:\/\/packaging-journal.de\/wp-content\/uploads\/2026\/04\/New-England-Plastics.jpg 1200w\" sizes=\"(max-width: 300px) 100vw, 300px\" \/><\/div><\/a>\n\t\t\t\t<div class=\"elementor-post__text\">\n\t\t\t\t<h3 class=\"elementor-post__title\">\n\t\t\t<a href=\"https:\/\/packaging-journal.de\/en\/ringmetall-baut-us-liner-geschaeft-aus\/\">\n\t\t\t\tRingmetall expands US liner business\t\t\t<\/a>\n\t\t<\/h3>\n\t\t\t\t<div class=\"elementor-post__excerpt\">\n\t\t\tThe company is acquiring the thermoforming division from New England Plastics.\t\t<\/div>\n\t\t\n\t\t<a class=\"elementor-post__read-more\" href=\"https:\/\/packaging-journal.de\/en\/ringmetall-baut-us-liner-geschaeft-aus\/\" aria-label=\"Ringmetall expands US liner business\" tabindex=\"-1\">\n\t\t\tRead more \"\t\t<\/a>\n\n\t\t\t\t<\/div>\n\t\t\t\t\t<\/div>\n\t\t<\/article>\n\t\t\t\t<\/div>\n\t\t\n\t\t\t\t\t\t<\/div>\n\t\t\t\t<\/div>\n\t\t\t\t\t<\/div>\n\t\t<\/div>\n\t\t\t\t\t<\/div>\n\t\t<\/section>\n\t\t\t\t<\/div>","protected":false},"excerpt":{"rendered":"Karl Marbach Senior and two partners founded the Marbach company in 1923. The company is now celebrating its 100th anniversary.","protected":false},"author":1,"featured_media":74127,"comment_status":"closed","ping_status":"closed","sticky":false,"template":"","format":"standard","meta":{"_acf_changed":false,"__cvm_playback_settings":[],"__cvm_video_id":"","rank_math_description":"1923 gr\u00fcndete Karl Marbach Senior gemeinsam mit zwei Partnern das Unternehmen Marbach. Nun wird das 100-j\u00e4hrige Jubil\u00e4um gefeiert.","rank_math_focus_keyword":"marbach,jubil\u00e4um,100","rank_math_title":"","csco_display_header_overlay":false,"csco_singular_sidebar":"","csco_page_header_type":"","csco_page_load_nextpost":"","csco_post_video_location":[],"csco_post_video_location_hash":"","csco_post_video_url":"","csco_post_video_bg_start_time":0,"csco_post_video_bg_end_time":0,"footnotes":"","_links_to":"","_links_to_target":""},"categories":[114],"tags":[43,58831,70,39],"class_list":{"0":"post-74117","1":"post","2":"type-post","3":"status-publish","4":"format-standard","5":"has-post-thumbnail","7":"category-aus-den-unternehmen-news","8":"tag-aus-den-unternehmen","9":"tag-marbach","10":"tag-verpackungsmaschinen","11":"tag-verpackungstechnik","12":"cs-entry","13":"cs-video-wrap"},"acf":[],"vimeo_video":null,"_links":{"self":[{"href":"https:\/\/packaging-journal.de\/en\/wp-json\/wp\/v2\/posts\/74117","targetHints":{"allow":["GET"]}}],"collection":[{"href":"https:\/\/packaging-journal.de\/en\/wp-json\/wp\/v2\/posts"}],"about":[{"href":"https:\/\/packaging-journal.de\/en\/wp-json\/wp\/v2\/types\/post"}],"author":[{"embeddable":true,"href":"https:\/\/packaging-journal.de\/en\/wp-json\/wp\/v2\/users\/1"}],"replies":[{"embeddable":true,"href":"https:\/\/packaging-journal.de\/en\/wp-json\/wp\/v2\/comments?post=74117"}],"version-history":[{"count":0,"href":"https:\/\/packaging-journal.de\/en\/wp-json\/wp\/v2\/posts\/74117\/revisions"}],"wp:featuredmedia":[{"embeddable":true,"href":"https:\/\/packaging-journal.de\/en\/wp-json\/wp\/v2\/media\/74127"}],"wp:attachment":[{"href":"https:\/\/packaging-journal.de\/en\/wp-json\/wp\/v2\/media?parent=74117"}],"wp:term":[{"taxonomy":"category","embeddable":true,"href":"https:\/\/packaging-journal.de\/en\/wp-json\/wp\/v2\/categories?post=74117"},{"taxonomy":"post_tag","embeddable":true,"href":"https:\/\/packaging-journal.de\/en\/wp-json\/wp\/v2\/tags?post=74117"}],"curies":[{"name":"wp","href":"https:\/\/api.w.org\/{rel}","templated":true}]}}