{"id":74651,"date":"2023-02-02T13:10:35","date_gmt":"2023-02-02T12:10:35","guid":{"rendered":"https:\/\/packaging-journal.de\/?p=74651"},"modified":"2023-02-02T13:07:28","modified_gmt":"2023-02-02T12:07:28","slug":"recycled-paper-packaging-interseroh","status":"publish","type":"post","link":"https:\/\/packaging-journal.de\/en\/recycling-papierverpackungen-interseroh\/","title":{"rendered":"New test method for paper packaging"},"content":{"rendered":"<div data-elementor-type=\"wp-post\" data-elementor-id=\"74651\" class=\"elementor elementor-74651\" data-elementor-post-type=\"post\">\n\t\t\t\t\t\t<section data-exad-particle-enable=\"false\" class=\"elementor-section elementor-top-section elementor-element elementor-element-c649cb4 elementor-section-boxed elementor-section-height-default elementor-section-height-default exad-parallax-effect-no exad-background-color-change-no exad-glass-effect-no exad-sticky-section-no\" data-id=\"c649cb4\" data-element_type=\"section\" data-e-type=\"section\">\n\t\t\t\t\t\t<div class=\"elementor-container elementor-column-gap-default\">\n\t\t\t\t\t<div class=\"elementor-column elementor-col-100 elementor-top-column elementor-element elementor-element-1ea27b2 exad-glass-effect-no exad-sticky-section-no\" data-id=\"1ea27b2\" data-element_type=\"column\" data-e-type=\"column\">\n\t\t\t<div class=\"elementor-widget-wrap elementor-element-populated\">\n\t\t\t\t\t\t<div class=\"elementor-element elementor-element-cadb278 exad-sticky-section-no exad-glass-effect-no elementor-widget elementor-widget-text-editor\" data-id=\"cadb278\" data-element_type=\"widget\" data-e-type=\"widget\" data-widget_type=\"text-editor.default\">\n\t\t\t\t<div class=\"elementor-widget-container\">\n\t\t\t\t\t\t\t\t\t<p><strong>When looking for sustainable packaging materials, companies often turn to paper. But here too, sustainability and recyclability must be checked on a case-by-case basis. Interseroh+ is now introducing a test according to the Cepi standard to support companies in this process.\u00a0<\/strong><\/p>\t\t\t\t\t\t\t\t<\/div>\n\t\t\t\t<\/div>\n\t\t\t\t<div class=\"elementor-element elementor-element-b9c1aa6 exad-sticky-section-no exad-glass-effect-no elementor-widget elementor-widget-text-editor\" data-id=\"b9c1aa6\" data-element_type=\"widget\" data-e-type=\"widget\" data-widget_type=\"text-editor.default\">\n\t\t\t\t<div class=\"elementor-widget-container\">\n\t\t\t\t\t\t\t\t\t<div class=\"page\" title=\"Page 1\"><div class=\"layoutArea\"><div class=\"column\"><p>To make it easier for manufacturers and distributors to find their way around, the\u00a0<a href=\"https:\/\/packaging-journal.de\/?s=interseroh%2B\">Interseroh+<\/a> its established \"Made for Recycling\" testing portfolio and is now also offering the <strong>Evaluation of paper packaging according to a new methodology of the Confederation of European Paper Industries (Cepi)<\/strong> . The recycling specialists are among the first to enable their customers to assess paper packaging using the new Cepi methodology.<\/p><blockquote><p>\"With the 'Made for Recycling' packaging analysis, our customers show that they assess the recyclability of their packaging according to the highest standards. We are constantly developing our range of services and are not only focussing on the latest scientific findings and the requirements of the future, but also in particular on the real conditions of packaging recycling.\"<\/p><p><strong>Mark<\/strong> <strong>M\u00fcller-Drexel<\/strong>Chairman of the Management Board of Interseroh+<\/p><\/blockquote><\/div><\/div><\/div>\t\t\t\t\t\t\t\t<\/div>\n\t\t\t\t<\/div>\n\t\t\t\t<div class=\"elementor-element elementor-element-e5bdf87 exad-sticky-section-no exad-glass-effect-no elementor-widget elementor-widget-text-editor\" data-id=\"e5bdf87\" data-element_type=\"widget\" data-e-type=\"widget\" data-widget_type=\"text-editor.default\">\n\t\t\t\t<div class=\"elementor-widget-container\">\n\t\t\t\t\t\t\t\t\t<div class=\"page\" title=\"Page 1\"><div class=\"layoutArea\"><div class=\"column\"><p>With the scientific evaluation standard \"Made for Recycling\", which was developed together with the <a href=\"https:\/\/packaging-journal.de\/?s=bifa+\">bifa Environmental Institute<\/a> and developed by the <a href=\"https:\/\/packaging-journal.de\/?s=fraunhofer+ivv\">Fraunhofer Institute for Process Engineering and Packaging IVV<\/a> has been confirmed <strong>Interseroh+ already has extensive expertise and proven methods in packaging evaluation and optimisation<\/strong>.<\/p><div class=\"packa-in-post-alle\" style=\"text-align: center;\" id=\"packa-2166157144\"><div id=\"packa-2776861190\"><a data-no-instant=\"1\" href=\"https:\/\/packaging-journal.de\/en\/newsletter\/\" rel=\"noopener\" class=\"a2t-link\" target=\"_blank\" aria-label=\"PJ Self-promotion English 03\"><!--noptimize--><img src=\"https:\/\/packaging-journal.de\/wp-content\/uploads\/2026\/01\/PJ-Eigenwerbung-English-03.png\" alt=\"\"  srcset=\"https:\/\/packaging-journal.de\/wp-content\/uploads\/2026\/01\/PJ-Eigenwerbung-English-03.png 840w, https:\/\/packaging-journal.de\/wp-content\/uploads\/2026\/01\/PJ-Eigenwerbung-English-03-300x75.png 300w, https:\/\/packaging-journal.de\/wp-content\/uploads\/2026\/01\/PJ-Eigenwerbung-English-03-768x192.png 768w, https:\/\/packaging-journal.de\/wp-content\/uploads\/2026\/01\/PJ-Eigenwerbung-English-03-18x5.png 18w, https:\/\/packaging-journal.de\/wp-content\/uploads\/2026\/01\/PJ-Eigenwerbung-English-03-332x83.png 332w, https:\/\/packaging-journal.de\/wp-content\/uploads\/2026\/01\/PJ-Eigenwerbung-English-03-664x166.png 664w, https:\/\/packaging-journal.de\/wp-content\/uploads\/2026\/01\/PJ-Eigenwerbung-English-03-688x172.png 688w\" sizes=\"(max-width: 840px) 100vw, 840px\" width=\"840\" height=\"210\"  style=\" max-width: 100%; height: auto;\" \/><!--\/noptimize--><\/a><\/div><\/div><p>The further developed <strong>Methodology for assessing the recyclability of paper packaging was published by Cepi in October 2022<\/strong>. The evaluation scheme of the 4evergreen Alliance - an association of companies from the entire fibre-based packaging value chain - is based on the Cepi method.<\/p><\/div><\/div><\/div>\t\t\t\t\t\t\t\t<\/div>\n\t\t\t\t<\/div>\n\t\t\t\t<div class=\"elementor-element elementor-element-ce63293 exad-sticky-section-no exad-glass-effect-no elementor-widget elementor-widget-text-editor\" data-id=\"ce63293\" data-element_type=\"widget\" data-e-type=\"widget\" data-widget_type=\"text-editor.default\">\n\t\t\t\t<div class=\"elementor-widget-container\">\n\t\t\t\t\t\t\t\t\t<div class=\"page\" title=\"Page 2\"><div class=\"layoutArea\"><div class=\"column\"><p>Their aim is to <strong>Increase the recycling rate to over 90 per cent by 2030 and establish a uniform evaluation standard in Europe<\/strong>. The Cepi method is considered to be particularly practical. Differences to current standards such as the PTS method (PTS-RH 021:2012) lie, for example, in the differentiation between coarse and fine rejects, the determination of macrostickies and a shorter dissolution time in the pulper.<\/p><div id=\"packa-51407943\" class=\"packa-inhalt\"><!--noptimize--><script async src=\"https:\/\/pagead2.googlesyndication.com\/pagead\/js\/adsbygoogle.js?client=ca-pub-2686439340972671\" crossorigin=\"anonymous\"><\/script>\r\n<ins class=\"adsbygoogle\" style=\"display:block;text-align:center\" data-ad-layout=\"in-article\" data-ad-format=\"fluid\" data-ad-client=\"ca-pub-2686439340972671\" data-ad-slot=\"6171251825\"><\/ins>\r\n<script>\r\n     (adsbygoogle = window.adsbygoogle || []).push({});\r\n<\/script><!--\/noptimize--><\/div><p><em>Source:\u00a0<\/em><a href=\"http:\/\/www.interseroh.plus\/\" target=\"_blank\" rel=\"noopener\">Interseroh+<\/a><\/p><\/div><\/div><\/div>\t\t\t\t\t\t\t\t<\/div>\n\t\t\t\t<\/div>\n\t\t\t\t\t<\/div>\n\t\t<\/div>\n\t\t\t\t\t<\/div>\n\t\t<\/section>\n\t\t\t\t<section data-exad-particle-enable=\"false\" class=\"elementor-section elementor-top-section elementor-element elementor-element-5677bfea elementor-section-boxed elementor-section-height-default elementor-section-height-default exad-parallax-effect-no exad-background-color-change-no exad-glass-effect-no exad-sticky-section-no\" data-id=\"5677bfea\" data-element_type=\"section\" data-e-type=\"section\" data-settings=\"{&quot;background_background&quot;:&quot;classic&quot;}\">\n\t\t\t\t\t\t<div class=\"elementor-container elementor-column-gap-default\">\n\t\t\t\t\t<div class=\"elementor-column elementor-col-100 elementor-top-column elementor-element elementor-element-66c9b5c9 exad-glass-effect-no exad-sticky-section-no\" data-id=\"66c9b5c9\" data-element_type=\"column\" data-e-type=\"column\">\n\t\t\t<div class=\"elementor-widget-wrap elementor-element-populated\">\n\t\t\t\t\t\t<div class=\"elementor-element elementor-element-6326b2d exad-sticky-section-no exad-glass-effect-no elementor-widget elementor-widget-heading\" data-id=\"6326b2d\" data-element_type=\"widget\" data-e-type=\"widget\" data-widget_type=\"heading.default\">\n\t\t\t\t<div class=\"elementor-widget-container\">\n\t\t\t\t\t<h2 class=\"elementor-heading-title elementor-size-default\">More news on the topic of recycling<\/h2>\t\t\t\t<\/div>\n\t\t\t\t<\/div>\n\t\t\t\t<div class=\"elementor-element elementor-element-31d4a8ea elementor-grid-3 elementor-grid-tablet-2 elementor-grid-mobile-1 elementor-posts--thumbnail-top elementor-posts__hover-gradient exad-sticky-section-no exad-glass-effect-no elementor-widget elementor-widget-posts\" data-id=\"31d4a8ea\" data-element_type=\"widget\" data-e-type=\"widget\" data-settings=\"{&quot;cards_row_gap&quot;:{&quot;unit&quot;:&quot;px&quot;,&quot;size&quot;:38,&quot;sizes&quot;:[]},&quot;cards_columns&quot;:&quot;3&quot;,&quot;cards_columns_tablet&quot;:&quot;2&quot;,&quot;cards_columns_mobile&quot;:&quot;1&quot;,&quot;cards_row_gap_tablet&quot;:{&quot;unit&quot;:&quot;px&quot;,&quot;size&quot;:&quot;&quot;,&quot;sizes&quot;:[]},&quot;cards_row_gap_mobile&quot;:{&quot;unit&quot;:&quot;px&quot;,&quot;size&quot;:&quot;&quot;,&quot;sizes&quot;:[]}}\" data-widget_type=\"posts.cards\">\n\t\t\t\t<div class=\"elementor-widget-container\">\n\t\t\t\t\t\t\t<div class=\"elementor-posts-container elementor-posts elementor-posts--skin-cards elementor-grid\" role=\"list\">\n\t\t\t\t<article class=\"elementor-post elementor-grid-item post-115468 post type-post status-publish format-standard has-post-thumbnail category-green-packaging tag-abfalltechnik-und-recycling tag-automatisieren-und-robotik tag-digitalisierung tag-interpack tag-itq tag-nachhaltigkeit-und-green-packaging cs-entry cs-video-wrap\" role=\"listitem\">\n\t\t\t<div class=\"elementor-post__card\">\n\t\t\t\t<a class=\"elementor-post__thumbnail__link\" href=\"https:\/\/packaging-journal.de\/en\/itq-setzt-auf-ki-und-nachwuchs\/\" tabindex=\"-1\"><div class=\"elementor-post__thumbnail\"><img decoding=\"async\" width=\"300\" height=\"163\" src=\"https:\/\/packaging-journal.de\/wp-content\/uploads\/2026\/04\/itq-nachwuchs-300x163.jpg\" class=\"attachment-medium size-medium wp-image-115471\" alt=\"\" srcset=\"https:\/\/packaging-journal.de\/wp-content\/uploads\/2026\/04\/itq-nachwuchs-300x163.jpg 300w, https:\/\/packaging-journal.de\/wp-content\/uploads\/2026\/04\/itq-nachwuchs-1024x555.jpg 1024w, https:\/\/packaging-journal.de\/wp-content\/uploads\/2026\/04\/itq-nachwuchs-768x416.jpg 768w, https:\/\/packaging-journal.de\/wp-content\/uploads\/2026\/04\/itq-nachwuchs-18x10.jpg 18w, https:\/\/packaging-journal.de\/wp-content\/uploads\/2026\/04\/itq-nachwuchs-332x180.jpg 332w, https:\/\/packaging-journal.de\/wp-content\/uploads\/2026\/04\/itq-nachwuchs-664x360.jpg 664w, https:\/\/packaging-journal.de\/wp-content\/uploads\/2026\/04\/itq-nachwuchs-688x373.jpg 688w, https:\/\/packaging-journal.de\/wp-content\/uploads\/2026\/04\/itq-nachwuchs-1044x566.jpg 1044w, https:\/\/packaging-journal.de\/wp-content\/uploads\/2026\/04\/itq-nachwuchs.jpg 1200w\" sizes=\"(max-width: 300px) 100vw, 300px\" \/><\/div><\/a>\n\t\t\t\t<div class=\"elementor-post__text\">\n\t\t\t\t<h3 class=\"elementor-post__title\">\n\t\t\t<a href=\"https:\/\/packaging-journal.de\/en\/itq-setzt-auf-ki-und-nachwuchs\/\">\n\t\t\t\tCircular Economy: ITQ relies on AI and young talent\t\t\t<\/a>\n\t\t<\/h3>\n\t\t\t\t<div class=\"elementor-post__excerpt\">\n\t\t\tAt Interpack 2026, ITQ will present how the circular economy can be implemented through AI and the promotion of young talent. The CirQmind project will be at the centre, demonstrating practical applications.\t\t<\/div>\n\t\t\n\t\t<a class=\"elementor-post__read-more\" href=\"https:\/\/packaging-journal.de\/en\/itq-setzt-auf-ki-und-nachwuchs\/\" aria-label=\"Read more about the circular economy: ITQ focuses on AI and young talent\" tabindex=\"-1\">\n\t\t\tRead more \"\t\t<\/a>\n\n\t\t\t\t<\/div>\n\t\t\t\t\t<\/div>\n\t\t<\/article>\n\t\t\t\t<article class=\"elementor-post elementor-grid-item post-115246 post type-post status-publish format-standard has-post-thumbnail category-aus-dem-magazin category-green-packaging tag-abfalltechnik-und-recycling tag-kunststoff-und-verbunde tag-magazin-02-2026 tag-nachhaltigkeit-und-green-packaging tag-packmittel-und-packstoffe tag-pharma-kosmetik-chemie tag-werner-mertz cs-entry cs-video-wrap\" role=\"listitem\">\n\t\t\t<div class=\"elementor-post__card\">\n\t\t\t\t<a class=\"elementor-post__thumbnail__link\" href=\"https:\/\/packaging-journal.de\/en\/women-in-packaging-nachhaltige-verpackungen\/\" tabindex=\"-1\"><div class=\"elementor-post__thumbnail\"><img decoding=\"async\" width=\"300\" height=\"163\" src=\"https:\/\/packaging-journal.de\/wp-content\/uploads\/2026\/04\/wernermertz-julia-knobloch-300x163.jpg\" class=\"attachment-medium size-medium wp-image-115247\" alt=\"\" srcset=\"https:\/\/packaging-journal.de\/wp-content\/uploads\/2026\/04\/wernermertz-julia-knobloch-300x163.jpg 300w, https:\/\/packaging-journal.de\/wp-content\/uploads\/2026\/04\/wernermertz-julia-knobloch-1024x555.jpg 1024w, https:\/\/packaging-journal.de\/wp-content\/uploads\/2026\/04\/wernermertz-julia-knobloch-768x416.jpg 768w, https:\/\/packaging-journal.de\/wp-content\/uploads\/2026\/04\/wernermertz-julia-knobloch-18x10.jpg 18w, https:\/\/packaging-journal.de\/wp-content\/uploads\/2026\/04\/wernermertz-julia-knobloch-332x180.jpg 332w, https:\/\/packaging-journal.de\/wp-content\/uploads\/2026\/04\/wernermertz-julia-knobloch-664x360.jpg 664w, https:\/\/packaging-journal.de\/wp-content\/uploads\/2026\/04\/wernermertz-julia-knobloch-688x373.jpg 688w, https:\/\/packaging-journal.de\/wp-content\/uploads\/2026\/04\/wernermertz-julia-knobloch-1044x566.jpg 1044w, https:\/\/packaging-journal.de\/wp-content\/uploads\/2026\/04\/wernermertz-julia-knobloch.jpg 1200w\" sizes=\"(max-width: 300px) 100vw, 300px\" \/><\/div><\/a>\n\t\t\t\t<div class=\"elementor-post__text\">\n\t\t\t\t<h3 class=\"elementor-post__title\">\n\t\t\t<a href=\"https:\/\/packaging-journal.de\/en\/women-in-packaging-nachhaltige-verpackungen\/\">\n\t\t\t\tWomen in Packaging: Shaping Sustainable Packaging\t\t\t<\/a>\n\t\t<\/h3>\n\t\t\t\t<div class=\"elementor-post__excerpt\">\n\t\t\tAs a packaging developer, Julia Knobloch has been instrumental in the development of sustainable packaging solutions at Werner &amp; Mertz for two years.\t\t<\/div>\n\t\t\n\t\t<a class=\"elementor-post__read-more\" href=\"https:\/\/packaging-journal.de\/en\/women-in-packaging-nachhaltige-verpackungen\/\" aria-label=\"Read more about Women in Packaging: Shaping sustainable packaging\" tabindex=\"-1\">\n\t\t\tRead more \"\t\t<\/a>\n\n\t\t\t\t<\/div>\n\t\t\t\t\t<\/div>\n\t\t<\/article>\n\t\t\t\t<article class=\"elementor-post elementor-grid-item post-115234 post type-post status-publish format-standard has-post-thumbnail category-green-packaging tag-abfalltechnik-und-recycling tag-bde tag-nachhaltigkeit-und-green-packaging tag-packmittel-und-packstoffe cs-entry cs-video-wrap\" role=\"listitem\">\n\t\t\t<div class=\"elementor-post__card\">\n\t\t\t\t<a class=\"elementor-post__thumbnail__link\" href=\"https:\/\/packaging-journal.de\/en\/transformationsbooster-fuer-kreislaufwirtschaft\/\" tabindex=\"-1\"><div class=\"elementor-post__thumbnail\"><img fetchpriority=\"high\" decoding=\"async\" width=\"300\" height=\"200\" src=\"https:\/\/packaging-journal.de\/wp-content\/uploads\/2024\/12\/kreislaufwirtschaft-300x200.jpg\" class=\"attachment-medium size-medium wp-image-97648\" alt=\"\" srcset=\"https:\/\/packaging-journal.de\/wp-content\/uploads\/2024\/12\/kreislaufwirtschaft-300x200.jpg 300w, https:\/\/packaging-journal.de\/wp-content\/uploads\/2024\/12\/kreislaufwirtschaft-1024x683.jpg 1024w, https:\/\/packaging-journal.de\/wp-content\/uploads\/2024\/12\/kreislaufwirtschaft-768x512.jpg 768w, https:\/\/packaging-journal.de\/wp-content\/uploads\/2024\/12\/kreislaufwirtschaft.jpg 1200w\" sizes=\"(max-width: 300px) 100vw, 300px\" \/><\/div><\/a>\n\t\t\t\t<div class=\"elementor-post__text\">\n\t\t\t\t<h3 class=\"elementor-post__title\">\n\t\t\t<a href=\"https:\/\/packaging-journal.de\/en\/transformationsbooster-fuer-kreislaufwirtschaft\/\">\n\t\t\t\tAlliance calls for transformation booster for the circular economy\t\t\t<\/a>\n\t\t<\/h3>\n\t\t\t\t<div class=\"elementor-post__excerpt\">\n\t\t\tAn industry alliance is urging for political measures to strengthen the circular economy. This is intended to secure jobs and make the industry fit for the future.\t\t<\/div>\n\t\t\n\t\t<a class=\"elementor-post__read-more\" href=\"https:\/\/packaging-journal.de\/en\/transformationsbooster-fuer-kreislaufwirtschaft\/\" aria-label=\"Read more about Alliance calls for transformation booster for the circular economy\" tabindex=\"-1\">\n\t\t\tRead more \"\t\t<\/a>\n\n\t\t\t\t<\/div>\n\t\t\t\t\t<\/div>\n\t\t<\/article>\n\t\t\t\t<article class=\"elementor-post elementor-grid-item post-115228 post type-post status-publish format-standard has-post-thumbnail category-green-packaging tag-abfalltechnik-und-recycling tag-kunststoff-und-verbunde tag-nachhaltigkeit-und-green-packaging tag-packmittel-und-packstoffe tag-werner-mertz cs-entry cs-video-wrap\" role=\"listitem\">\n\t\t\t<div class=\"elementor-post__card\">\n\t\t\t\t<a class=\"elementor-post__thumbnail__link\" href=\"https:\/\/packaging-journal.de\/en\/kreislaufwirtschaft-fuer-energiesouveraenitaet\/\" tabindex=\"-1\"><div class=\"elementor-post__thumbnail\"><img loading=\"lazy\" decoding=\"async\" width=\"300\" height=\"163\" src=\"https:\/\/packaging-journal.de\/wp-content\/uploads\/2026\/04\/wernermertz-flaschen-300x163.jpg\" class=\"attachment-medium size-medium wp-image-115230\" alt=\"\" srcset=\"https:\/\/packaging-journal.de\/wp-content\/uploads\/2026\/04\/wernermertz-flaschen-300x163.jpg 300w, https:\/\/packaging-journal.de\/wp-content\/uploads\/2026\/04\/wernermertz-flaschen-1024x555.jpg 1024w, https:\/\/packaging-journal.de\/wp-content\/uploads\/2026\/04\/wernermertz-flaschen-768x416.jpg 768w, https:\/\/packaging-journal.de\/wp-content\/uploads\/2026\/04\/wernermertz-flaschen-18x10.jpg 18w, https:\/\/packaging-journal.de\/wp-content\/uploads\/2026\/04\/wernermertz-flaschen-332x180.jpg 332w, https:\/\/packaging-journal.de\/wp-content\/uploads\/2026\/04\/wernermertz-flaschen-664x360.jpg 664w, https:\/\/packaging-journal.de\/wp-content\/uploads\/2026\/04\/wernermertz-flaschen-688x373.jpg 688w, https:\/\/packaging-journal.de\/wp-content\/uploads\/2026\/04\/wernermertz-flaschen-1044x566.jpg 1044w, https:\/\/packaging-journal.de\/wp-content\/uploads\/2026\/04\/wernermertz-flaschen.jpg 1200w\" sizes=\"(max-width: 300px) 100vw, 300px\" \/><\/div><\/a>\n\t\t\t\t<div class=\"elementor-post__text\">\n\t\t\t\t<h3 class=\"elementor-post__title\">\n\t\t\t<a href=\"https:\/\/packaging-journal.de\/en\/kreislaufwirtschaft-fuer-energiesouveraenitaet\/\">\n\t\t\t\tWerner &amp; Mertz: A Circular Economy Brings Independence and Security\t\t\t<\/a>\n\t\t<\/h3>\n\t\t\t\t<div class=\"elementor-post__excerpt\">\n\t\t\tThe circular economy is gaining importance as a strategy for energy sovereignty and security. Werner &amp; Mertz demonstrates how companies can achieve economic stability through sustainable practices.\t\t<\/div>\n\t\t\n\t\t<a class=\"elementor-post__read-more\" href=\"https:\/\/packaging-journal.de\/en\/kreislaufwirtschaft-fuer-energiesouveraenitaet\/\" aria-label=\"Read more about Werner &amp; Mertz: Circular economy brings independence and security\" tabindex=\"-1\">\n\t\t\tRead more \"\t\t<\/a>\n\n\t\t\t\t<\/div>\n\t\t\t\t\t<\/div>\n\t\t<\/article>\n\t\t\t\t<article class=\"elementor-post elementor-grid-item post-115032 post type-post status-publish format-standard has-post-thumbnail category-green-packaging tag-abfalltechnik-und-recycling tag-initiative-natuerliche-kreislaufwirtschaft tag-kunststoff-und-verbunde tag-nachhaltigkeit-und-green-packaging cs-entry cs-video-wrap\" role=\"listitem\">\n\t\t\t<div class=\"elementor-post__card\">\n\t\t\t\t<a class=\"elementor-post__thumbnail__link\" href=\"https:\/\/packaging-journal.de\/en\/forschungsprojekt-kompostierbare-kunststoffe\/\" tabindex=\"-1\"><div class=\"elementor-post__thumbnail\"><img loading=\"lazy\" decoding=\"async\" width=\"300\" height=\"163\" src=\"https:\/\/packaging-journal.de\/wp-content\/uploads\/2026\/04\/forschungsprojekt-kunststoffkompostierung-300x163.jpg\" class=\"attachment-medium size-medium wp-image-115034\" alt=\"\" srcset=\"https:\/\/packaging-journal.de\/wp-content\/uploads\/2026\/04\/forschungsprojekt-kunststoffkompostierung-300x163.jpg 300w, https:\/\/packaging-journal.de\/wp-content\/uploads\/2026\/04\/forschungsprojekt-kunststoffkompostierung-1024x555.jpg 1024w, https:\/\/packaging-journal.de\/wp-content\/uploads\/2026\/04\/forschungsprojekt-kunststoffkompostierung-768x416.jpg 768w, https:\/\/packaging-journal.de\/wp-content\/uploads\/2026\/04\/forschungsprojekt-kunststoffkompostierung-18x10.jpg 18w, https:\/\/packaging-journal.de\/wp-content\/uploads\/2026\/04\/forschungsprojekt-kunststoffkompostierung-332x180.jpg 332w, https:\/\/packaging-journal.de\/wp-content\/uploads\/2026\/04\/forschungsprojekt-kunststoffkompostierung-664x360.jpg 664w, https:\/\/packaging-journal.de\/wp-content\/uploads\/2026\/04\/forschungsprojekt-kunststoffkompostierung-688x373.jpg 688w, https:\/\/packaging-journal.de\/wp-content\/uploads\/2026\/04\/forschungsprojekt-kunststoffkompostierung-1044x566.jpg 1044w, https:\/\/packaging-journal.de\/wp-content\/uploads\/2026\/04\/forschungsprojekt-kunststoffkompostierung.jpg 1200w\" sizes=\"(max-width: 300px) 100vw, 300px\" \/><\/div><\/a>\n\t\t\t\t<div class=\"elementor-post__text\">\n\t\t\t\t<h3 class=\"elementor-post__title\">\n\t\t\t<a href=\"https:\/\/packaging-journal.de\/en\/forschungsprojekt-kompostierbare-kunststoffe\/\">\n\t\t\t\tHow well do compostable films really break down in soil?\t\t\t<\/a>\n\t\t<\/h3>\n\t\t\t\t<div class=\"elementor-post__excerpt\">\n\t\t\tA German-Austrian project is investigating how compostable plastic films decompose in soil. The aim is to better understand the environmental compatibility of these materials.\t\t<\/div>\n\t\t\n\t\t<a class=\"elementor-post__read-more\" href=\"https:\/\/packaging-journal.de\/en\/forschungsprojekt-kompostierbare-kunststoffe\/\" aria-label=\"Read more about How well do compostable films really break down in soil?\" tabindex=\"-1\">\n\t\t\tRead more \"\t\t<\/a>\n\n\t\t\t\t<\/div>\n\t\t\t\t\t<\/div>\n\t\t<\/article>\n\t\t\t\t<article class=\"elementor-post elementor-grid-item post-114895 post type-post status-publish format-standard has-post-thumbnail category-sponsored-post tag-abfalltechnik-und-recycling tag-ballenpressen tag-hsm tag-papier-pappe-karton cs-entry cs-video-wrap\" role=\"listitem\">\n\t\t\t<div class=\"elementor-post__card\">\n\t\t\t\t<a class=\"elementor-post__thumbnail__link\" href=\"https:\/\/packaging-journal.de\/en\/ballenpressen-effiziente-entsorgungs-und-recyclingloesungen-fuer-die-verpackungsindustrie\/\" tabindex=\"-1\"><div class=\"elementor-post__thumbnail\"><img loading=\"lazy\" decoding=\"async\" width=\"300\" height=\"169\" src=\"https:\/\/packaging-journal.de\/wp-content\/uploads\/2026\/04\/1776412522671_Truck_loading-300x169.jpg\" class=\"attachment-medium size-medium wp-image-114897\" alt=\"\" srcset=\"https:\/\/packaging-journal.de\/wp-content\/uploads\/2026\/04\/1776412522671_Truck_loading-300x169.jpg 300w, https:\/\/packaging-journal.de\/wp-content\/uploads\/2026\/04\/1776412522671_Truck_loading-1024x576.jpg 1024w, https:\/\/packaging-journal.de\/wp-content\/uploads\/2026\/04\/1776412522671_Truck_loading-768x432.jpg 768w, https:\/\/packaging-journal.de\/wp-content\/uploads\/2026\/04\/1776412522671_Truck_loading-18x10.jpg 18w, https:\/\/packaging-journal.de\/wp-content\/uploads\/2026\/04\/1776412522671_Truck_loading-332x187.jpg 332w, https:\/\/packaging-journal.de\/wp-content\/uploads\/2026\/04\/1776412522671_Truck_loading-664x374.jpg 664w, https:\/\/packaging-journal.de\/wp-content\/uploads\/2026\/04\/1776412522671_Truck_loading-688x387.jpg 688w, https:\/\/packaging-journal.de\/wp-content\/uploads\/2026\/04\/1776412522671_Truck_loading-1044x587.jpg 1044w, https:\/\/packaging-journal.de\/wp-content\/uploads\/2026\/04\/1776412522671_Truck_loading.jpg 1200w\" sizes=\"(max-width: 300px) 100vw, 300px\" \/><\/div><\/a>\n\t\t\t\t<div class=\"elementor-post__text\">\n\t\t\t\t<h3 class=\"elementor-post__title\">\n\t\t\t<a href=\"https:\/\/packaging-journal.de\/en\/ballenpressen-effiziente-entsorgungs-und-recyclingloesungen-fuer-die-verpackungsindustrie\/\">\n\t\t\t\tBale presses: efficient disposal and recycling solutions for the packaging industry\t\t\t<\/a>\n\t\t<\/h3>\n\t\t\t\t<div class=\"elementor-post__excerpt\">\n\t\t\tPaper, cardboard, film: Packaging companies generate large quantities of cutting and production waste every day. How balers compact valuable materials directly at the point of origin, reduce transport costs, and increase recycling rates.\t\t<\/div>\n\t\t\n\t\t<a class=\"elementor-post__read-more\" href=\"https:\/\/packaging-journal.de\/en\/ballenpressen-effiziente-entsorgungs-und-recyclingloesungen-fuer-die-verpackungsindustrie\/\" aria-label=\"Read more about balers: efficient disposal and recycling solutions for the packaging industry\" tabindex=\"-1\">\n\t\t\tRead more \"\t\t<\/a>\n\n\t\t\t\t<\/div>\n\t\t\t\t\t<\/div>\n\t\t<\/article>\n\t\t\t\t<\/div>\n\t\t\n\t\t\t\t\t\t<\/div>\n\t\t\t\t<\/div>\n\t\t\t\t\t<\/div>\n\t\t<\/div>\n\t\t\t\t\t<\/div>\n\t\t<\/section>\n\t\t\t\t<\/div>","protected":false},"excerpt":{"rendered":"Interseroh+ supports companies in clarifying the recyclability of paper packaging with a new test in accordance with the Cepi standard.\u00a0","protected":false},"author":1,"featured_media":74655,"comment_status":"closed","ping_status":"closed","sticky":false,"template":"","format":"standard","meta":{"_acf_changed":false,"__cvm_playback_settings":[],"__cvm_video_id":"","rank_math_description":"Interseroh+ unterst\u00fctzt Unternehmen bei der Kl\u00e4rung der Recyclingf\u00e4higkeit von Papierverpackung mit einer neuen Pr\u00fcfung nach Cepi-Standard.\u00a0","rank_math_focus_keyword":"Papierverpackung,interseroh","rank_math_title":"","csco_display_header_overlay":false,"csco_singular_sidebar":"","csco_page_header_type":"","csco_page_load_nextpost":"","csco_post_video_location":[],"csco_post_video_location_hash":"","csco_post_video_url":"","csco_post_video_bg_start_time":0,"csco_post_video_bg_end_time":0,"footnotes":"","_links_to":"","_links_to_target":""},"categories":[19],"tags":[65,58820,31,1487],"class_list":{"0":"post-74651","1":"post","2":"type-post","3":"status-publish","4":"format-standard","5":"has-post-thumbnail","7":"category-service","8":"tag-abfalltechnik-und-recycling","9":"tag-interseroh","10":"tag-nachhaltigkeit-und-green-packaging","11":"tag-papier-pappe-karton","12":"cs-entry","13":"cs-video-wrap"},"acf":[],"vimeo_video":null,"_links":{"self":[{"href":"https:\/\/packaging-journal.de\/en\/wp-json\/wp\/v2\/posts\/74651","targetHints":{"allow":["GET"]}}],"collection":[{"href":"https:\/\/packaging-journal.de\/en\/wp-json\/wp\/v2\/posts"}],"about":[{"href":"https:\/\/packaging-journal.de\/en\/wp-json\/wp\/v2\/types\/post"}],"author":[{"embeddable":true,"href":"https:\/\/packaging-journal.de\/en\/wp-json\/wp\/v2\/users\/1"}],"replies":[{"embeddable":true,"href":"https:\/\/packaging-journal.de\/en\/wp-json\/wp\/v2\/comments?post=74651"}],"version-history":[{"count":0,"href":"https:\/\/packaging-journal.de\/en\/wp-json\/wp\/v2\/posts\/74651\/revisions"}],"wp:featuredmedia":[{"embeddable":true,"href":"https:\/\/packaging-journal.de\/en\/wp-json\/wp\/v2\/media\/74655"}],"wp:attachment":[{"href":"https:\/\/packaging-journal.de\/en\/wp-json\/wp\/v2\/media?parent=74651"}],"wp:term":[{"taxonomy":"category","embeddable":true,"href":"https:\/\/packaging-journal.de\/en\/wp-json\/wp\/v2\/categories?post=74651"},{"taxonomy":"post_tag","embeddable":true,"href":"https:\/\/packaging-journal.de\/en\/wp-json\/wp\/v2\/tags?post=74651"}],"curies":[{"name":"wp","href":"https:\/\/api.w.org\/{rel}","templated":true}]}}