{"id":74946,"date":"2023-02-10T15:18:40","date_gmt":"2023-02-10T14:18:40","guid":{"rendered":"https:\/\/packaging-journal.de\/?p=74946"},"modified":"2023-02-10T13:18:56","modified_gmt":"2023-02-10T12:18:56","slug":"aerobal-sales-aluminium-packaging","status":"publish","type":"post","link":"https:\/\/packaging-journal.de\/en\/aerobal-absatz-aluminium-verpackung\/","title":{"rendered":"Aerobal members increase their sales in 2022"},"content":{"rendered":"\t\t<div data-elementor-type=\"wp-post\" data-elementor-id=\"74946\" class=\"elementor elementor-74946\" data-elementor-post-type=\"post\">\n\t\t\t\t\t\t<section data-exad-particle-enable=\"false\" class=\"elementor-section elementor-top-section elementor-element elementor-element-47bb4b3 elementor-section-boxed elementor-section-height-default elementor-section-height-default exad-parallax-effect-no exad-background-color-change-no exad-glass-effect-no exad-sticky-section-no\" data-id=\"47bb4b3\" data-element_type=\"section\" data-e-type=\"section\">\n\t\t\t\t\t\t<div class=\"elementor-container elementor-column-gap-default\">\n\t\t\t\t\t<div class=\"elementor-column elementor-col-100 elementor-top-column elementor-element elementor-element-194be11 exad-glass-effect-no exad-sticky-section-no\" data-id=\"194be11\" data-element_type=\"column\" data-e-type=\"column\">\n\t\t\t<div class=\"elementor-widget-wrap elementor-element-populated\">\n\t\t\t\t\t\t<div class=\"elementor-element elementor-element-0976fdd exad-sticky-section-no exad-glass-effect-no elementor-widget elementor-widget-text-editor\" data-id=\"0976fdd\" data-element_type=\"widget\" data-e-type=\"widget\" data-widget_type=\"text-editor.default\">\n\t\t\t\t<div class=\"elementor-widget-container\">\n\t\t\t\t\t\t\t\t\t<p><strong><span class=\"TextRun SCXW191632398 BCX4\" lang=\"DE-DE\" xml:lang=\"DE-DE\" data-contrast=\"auto\"><span class=\"NormalTextRun SCXW191632398 BCX4\">Die Mitglieder von Aerobal konnten ihre weltweite Ablieferung 2022 um 6,8 Prozent steigern. Besonders nahmen die <span class=\"NormalTextRun SCXW86618741 BCX4\">Bereichen Pharmazie, Haarspray<\/span><span class=\"NormalTextRun SCXW86618741 BCX4\">,<\/span> <span class=\"NormalTextRun SCXW86618741 BCX4\">Rasiersch\u00e4ume<\/span> <span class=\"NormalTextRun SCXW86618741 BCX4\">und andere K\u00f6rperpflegeprodukte zu.\u00a0<\/span><\/span><\/span><\/strong><\/p>\t\t\t\t\t\t\t\t<\/div>\n\t\t\t\t<\/div>\n\t\t\t\t<div class=\"elementor-element elementor-element-d4341e3 exad-sticky-section-no exad-glass-effect-no elementor-widget elementor-widget-text-editor\" data-id=\"d4341e3\" data-element_type=\"widget\" data-e-type=\"widget\" data-widget_type=\"text-editor.default\">\n\t\t\t\t<div class=\"elementor-widget-container\">\n\t\t\t\t\t\t\t\t\t<p><span data-contrast=\"auto\">Das Marktwachstum ist vor allem auf die <strong>\u00fcberdurchschnittlich <\/strong><\/span><strong>steigende Nachfrage aus den Bereichen Pharmazie, Haarspray, Rasiersch\u00e4ume und andere K\u00f6rperpflegeprodukte<\/strong><span data-contrast=\"auto\"> zur\u00fcckzuf\u00fchren, die im Vergleich zum Vorjahr um 13 Prozent, 17 Prozent, 14 Prozent und 42 Prozent zulegten. Zufriedenstellend war auch die <strong>Nachfrage aus dem volumenm\u00e4\u00dfig dominierenden Deodorant- und Parf\u00fcmmarkt<\/strong>, der immerhin um knapp 4 Prozent wuchs. Insgesamt entfallen auf den K\u00f6rperpflegemarkt rund 82 Prozent der Gesamtlieferungen.<\/span><span data-ccp-props=\"{&quot;335551550&quot;:6,&quot;335551620&quot;:6,&quot;469777462&quot;:[5670],&quot;469777927&quot;:[0],&quot;469777928&quot;:[1]}\">\u00a0<\/span><\/p><p><span data-contrast=\"auto\">Ein Blick auf die einzelnen Weltregionen zeigt, dass die <\/span><strong>Nachfrage in den 27 EU-Mitgliedstaaten einschlie\u00dflich UK um etwa 10 Prozent anstieg<\/strong><span data-contrast=\"auto\">. Auch die Lieferungen nach S\u00fcd- und Nordamerika nahmen um 6 Prozent zu. Auf diese beiden Regionen entfallen rund 71 Prozent der Gesamtlieferungen der <a href=\"https:\/\/packaging-journal.de\/?s=aerobal&amp;cat=-1&amp;date-all=all&amp;begin=&amp;end=\">Aerbal<\/a>-Mitglieder. Die Nachfrage aus Asien\/Australien stieg ebenfalls um 6,7 Prozent, w\u00e4hrend allein die <\/span><strong>Ablieferungen in den Nahen Osten um knapp 4 Prozent r\u00fcckl\u00e4ufig waren.<\/strong><\/p><div class=\"packa-in-post-alle\" style=\"text-align: center;\" id=\"packa-490190220\"><div id=\"packa-115323906\"><a data-no-instant=\"1\" href=\"https:\/\/packaging-journal.de\/en\/newsletter\/\" rel=\"noopener\" class=\"a2t-link\" target=\"_blank\" aria-label=\"PJ Eigenwerbung English 03\"><!--noptimize--><img src=\"https:\/\/packaging-journal.de\/wp-content\/uploads\/2026\/01\/PJ-Eigenwerbung-English-03.png\" alt=\"\"  srcset=\"https:\/\/packaging-journal.de\/wp-content\/uploads\/2026\/01\/PJ-Eigenwerbung-English-03.png 840w, https:\/\/packaging-journal.de\/wp-content\/uploads\/2026\/01\/PJ-Eigenwerbung-English-03-300x75.png 300w, https:\/\/packaging-journal.de\/wp-content\/uploads\/2026\/01\/PJ-Eigenwerbung-English-03-768x192.png 768w, https:\/\/packaging-journal.de\/wp-content\/uploads\/2026\/01\/PJ-Eigenwerbung-English-03-18x5.png 18w, https:\/\/packaging-journal.de\/wp-content\/uploads\/2026\/01\/PJ-Eigenwerbung-English-03-332x83.png 332w, https:\/\/packaging-journal.de\/wp-content\/uploads\/2026\/01\/PJ-Eigenwerbung-English-03-664x166.png 664w, https:\/\/packaging-journal.de\/wp-content\/uploads\/2026\/01\/PJ-Eigenwerbung-English-03-688x172.png 688w\" sizes=\"(max-width: 840px) 100vw, 840px\" width=\"840\" height=\"210\"  style=\" max-width: 100%; height: auto;\" \/><!--\/noptimize--><\/a><\/div><\/div>\t\t\t\t\t\t\t\t<\/div>\n\t\t\t\t<\/div>\n\t\t\t\t<div class=\"elementor-element elementor-element-8259852 exad-sticky-section-no exad-glass-effect-no elementor-widget elementor-widget-text-editor\" data-id=\"8259852\" data-element_type=\"widget\" data-e-type=\"widget\" data-widget_type=\"text-editor.default\">\n\t\t\t\t<div class=\"elementor-widget-container\">\n\t\t\t\t\t\t\t\t\t<blockquote><p><span data-contrast=\"auto\">&#8222;Die Aluminium-Aerosoldosenindustrie hat zurzeit mit <\/span><span data-contrast=\"auto\">zwei wesentlichen Herausforderungen zu k\u00e4mpfen. Zun\u00e4chst ist eine mangelnde Maschinenanpassungsf\u00e4higkei<\/span><span data-contrast=\"auto\">t f\u00fcr die Herstellung innovativer Aerosoldosen zu beklagen. Dar\u00fcber hinaus ist die <\/span><span data-contrast=\"auto\">Verf\u00fcgbarkeit von Technikern und qualifizierten Arbeitskr\u00e4ften<\/span><span data-contrast=\"auto\"> zu einem entscheidenden Wettbewerbsfaktor in der Industrie geworden.&#8220;<\/span><\/p><p><span data-contrast=\"auto\"><strong> Wan Tsang Lin<\/strong>,\u00a0Aerobal Pr\u00e4sident<\/span><\/p><\/blockquote><p><span data-contrast=\"auto\">In puncto Nachhaltigkeit werden durch den von der<strong> EU-Kommission vorgelegten Entwurf einer Verordnung f\u00fcr Verpackungen und Verpackungsabf\u00e4lle weitere Herausforderungen auf die Hersteller in Europa<\/strong> und auf Importeure zukommen. Versch\u00e4rfte Anforderungen an die Verpackungsminimierung, verbessertes Design for Recycling und <strong>umfangreiche Dokumentationspflichten und Konformit\u00e4tserkl\u00e4rungen werden erhebliche Auswirkungen auf die gesamte Wertsch\u00f6pfungskette<\/strong> haben. <\/span><\/p><blockquote><p><span data-contrast=\"auto\">&#8222;Die bew\u00e4hrte Innovationskraft der Dosenbranche, die herausragenden Materialeigenschaften von Aluminium und die optimale Recyclingf\u00e4higkeit des Werkstoffs werden zu ressourceneffizienten Verpackungsl\u00f6sungen beitragen, die den neuen gesetzlichen Anforderungen \u00fcberzeugend Rechnung tragen.&#8220;<\/span><\/p><p><span data-contrast=\"auto\"><strong>Wan Tsang Lin<\/strong><\/span><\/p><\/blockquote>\t\t\t\t\t\t\t\t<\/div>\n\t\t\t\t<\/div>\n\t\t\t\t<div class=\"elementor-element elementor-element-4efb1b2 exad-sticky-section-no exad-glass-effect-no elementor-widget elementor-widget-text-editor\" data-id=\"4efb1b2\" data-element_type=\"widget\" data-e-type=\"widget\" data-widget_type=\"text-editor.default\">\n\t\t\t\t<div class=\"elementor-widget-container\">\n\t\t\t\t\t\t\t\t\t<p><span class=\"TextRun SCXW40736921 BCX4\" lang=\"DE-DE\" xml:lang=\"DE-DE\" data-contrast=\"auto\"><span class=\"NormalTextRun SCXW40736921 BCX4\">Der vorhandene Auftragsbestand in der Branche deutet auf eine <strong>zufriedenstellende Marktentwicklung im ersten Quartal 2023<\/strong> hin. W\u00e4hrend sich die Lage auf den Energiem\u00e4rkten etwas entspannt hat, stimmen der anhaltende Krieg in der Ukraine, die hartn\u00e4ckige Inflation und eine <\/span><span class=\"NormalTextRun SCXW40736921 BCX4\">drohend<\/span><span class=\"NormalTextRun SCXW40736921 BCX4\">e Rezession in zahlreichen L\u00e4ndern der Welt die Branche nachdenklich.<\/span>\u00a0<\/span><\/p><div id=\"packa-2155092096\" class=\"packa-inhalt\"><!--noptimize--><script async src=\"https:\/\/pagead2.googlesyndication.com\/pagead\/js\/adsbygoogle.js?client=ca-pub-2686439340972671\" crossorigin=\"anonymous\"><\/script>\r\n<ins class=\"adsbygoogle\" style=\"display:block;text-align:center\" data-ad-layout=\"in-article\" data-ad-format=\"fluid\" data-ad-client=\"ca-pub-2686439340972671\" data-ad-slot=\"6171251825\"><\/ins>\r\n<script>\r\n     (adsbygoogle = window.adsbygoogle || []).push({});\r\n<\/script><!--\/noptimize--><\/div><blockquote><p><span class=\"TextRun SCXW40736921 BCX4\" lang=\"DE-DE\" xml:lang=\"DE-DE\" data-contrast=\"auto\">&#8222;<span class=\"NormalTextRun SCXW40736921 BCX4\">Zwar war<\/span><span class=\"NormalTextRun SCXW40736921 BCX4\">en<\/span><span class=\"NormalTextRun SCXW40736921 BCX4\"> in der Vergangenheit d<\/span><span class=\"NormalTextRun SCXW40736921 BCX4\">ie<\/span><span class=\"NormalTextRun SCXW40736921 BCX4\"> Verpackungsm<\/span><span class=\"NormalTextRun SCXW40736921 BCX4\">\u00e4<\/span><span class=\"NormalTextRun SCXW40736921 BCX4\">rkt<\/span><span class=\"NormalTextRun SCXW40736921 BCX4\">e<\/span><span class=\"NormalTextRun SCXW40736921 BCX4\"> auch in Krisenzeiten vergleichsweise resilient. Jedoch k\u00f6nnte der Kaufkraftverlust bei den Verbrauchern am Ende auch d<\/span><span class=\"NormalTextRun SCXW40736921 BCX4\">ie<\/span><span class=\"NormalTextRun SCXW40736921 BCX4\"> FMCG-M<\/span><span class=\"NormalTextRun SCXW40736921 BCX4\">\u00e4<\/span><span class=\"NormalTextRun SCXW40736921 BCX4\">rkt<\/span><span class=\"NormalTextRun SCXW40736921 BCX4\">e und damit ebenfalls den K\u00f6rperpflegemarkt<\/span><span class=\"NormalTextRun SCXW40736921 BCX4\"> negativ beeinflussen.<\/span><span class=\"NormalTextRun SCXW40736921 BCX4\">&#8222;<\/span><\/span><\/p><p><strong><span class=\"TextRun SCXW40736921 BCX4\" lang=\"DE-DE\" xml:lang=\"DE-DE\" data-contrast=\"auto\"><span class=\"NormalTextRun SCXW40736921 BCX4\">Wan Tsang Lin<\/span><\/span><\/strong><\/p><\/blockquote><p><em>Quelle:\u00a0<\/em><a href=\"http:\/\/www.aerobal.org\" target=\"_blank\" rel=\"noopener\">Aerobal<\/a><\/p>\t\t\t\t\t\t\t\t<\/div>\n\t\t\t\t<\/div>\n\t\t\t\t\t<\/div>\n\t\t<\/div>\n\t\t\t\t\t<\/div>\n\t\t<\/section>\n\t\t\t\t<section data-exad-particle-enable=\"false\" class=\"elementor-section elementor-top-section elementor-element elementor-element-75429ff3 elementor-section-boxed elementor-section-height-default elementor-section-height-default exad-parallax-effect-no exad-background-color-change-no exad-glass-effect-no exad-sticky-section-no\" data-id=\"75429ff3\" data-element_type=\"section\" data-e-type=\"section\" data-settings=\"{&quot;background_background&quot;:&quot;classic&quot;}\">\n\t\t\t\t\t\t<div class=\"elementor-container elementor-column-gap-default\">\n\t\t\t\t\t<div class=\"elementor-column elementor-col-100 elementor-top-column elementor-element elementor-element-674175d4 exad-glass-effect-no exad-sticky-section-no\" data-id=\"674175d4\" data-element_type=\"column\" data-e-type=\"column\">\n\t\t\t<div class=\"elementor-widget-wrap elementor-element-populated\">\n\t\t\t\t\t\t<div class=\"elementor-element elementor-element-665d48e1 exad-sticky-section-no exad-glass-effect-no elementor-widget elementor-widget-heading\" data-id=\"665d48e1\" data-element_type=\"widget\" data-e-type=\"widget\" data-widget_type=\"heading.default\">\n\t\t\t\t<div class=\"elementor-widget-container\">\n\t\t\t\t\t<h2 class=\"elementor-heading-title elementor-size-default\">Weitere Meldungen zu Aluminiumverpackungen <\/h2>\t\t\t\t<\/div>\n\t\t\t\t<\/div>\n\t\t\t\t<div class=\"elementor-element elementor-element-ef4678f elementor-grid-3 elementor-grid-tablet-2 elementor-grid-mobile-1 elementor-posts--thumbnail-top elementor-posts__hover-gradient exad-sticky-section-no exad-glass-effect-no elementor-widget elementor-widget-posts\" data-id=\"ef4678f\" data-element_type=\"widget\" data-e-type=\"widget\" data-settings=\"{&quot;cards_row_gap&quot;:{&quot;unit&quot;:&quot;px&quot;,&quot;size&quot;:38,&quot;sizes&quot;:[]},&quot;cards_columns&quot;:&quot;3&quot;,&quot;cards_columns_tablet&quot;:&quot;2&quot;,&quot;cards_columns_mobile&quot;:&quot;1&quot;,&quot;cards_row_gap_tablet&quot;:{&quot;unit&quot;:&quot;px&quot;,&quot;size&quot;:&quot;&quot;,&quot;sizes&quot;:[]},&quot;cards_row_gap_mobile&quot;:{&quot;unit&quot;:&quot;px&quot;,&quot;size&quot;:&quot;&quot;,&quot;sizes&quot;:[]}}\" data-widget_type=\"posts.cards\">\n\t\t\t\t<div class=\"elementor-widget-container\">\n\t\t\t\t\t\t\t<div class=\"elementor-posts-container elementor-posts elementor-posts--skin-cards elementor-grid\" role=\"list\">\n\t\t\t\t<article class=\"elementor-post elementor-grid-item post-115507 post type-post status-publish format-standard has-post-thumbnail category-maerkte tag-aerosoldosen tag-grossbritannien tag-metall tag-pharma-kosmetik-chemie cs-entry cs-video-wrap\" role=\"listitem\">\n\t\t\t<div class=\"elementor-post__card\">\n\t\t\t\t<a class=\"elementor-post__thumbnail__link\" href=\"https:\/\/packaging-journal.de\/en\/britische-aerosolabfuellung-bleibt-2025-stabil\/\" tabindex=\"-1\"><div class=\"elementor-post__thumbnail\"><img decoding=\"async\" width=\"300\" height=\"163\" src=\"https:\/\/packaging-journal.de\/wp-content\/uploads\/2026\/04\/Bama-2025-300x163.jpg\" class=\"attachment-medium size-medium wp-image-115510\" alt=\"\" srcset=\"https:\/\/packaging-journal.de\/wp-content\/uploads\/2026\/04\/Bama-2025-300x163.jpg 300w, https:\/\/packaging-journal.de\/wp-content\/uploads\/2026\/04\/Bama-2025-1024x555.jpg 1024w, https:\/\/packaging-journal.de\/wp-content\/uploads\/2026\/04\/Bama-2025-768x416.jpg 768w, https:\/\/packaging-journal.de\/wp-content\/uploads\/2026\/04\/Bama-2025-18x10.jpg 18w, https:\/\/packaging-journal.de\/wp-content\/uploads\/2026\/04\/Bama-2025-332x180.jpg 332w, https:\/\/packaging-journal.de\/wp-content\/uploads\/2026\/04\/Bama-2025-664x360.jpg 664w, https:\/\/packaging-journal.de\/wp-content\/uploads\/2026\/04\/Bama-2025-688x373.jpg 688w, https:\/\/packaging-journal.de\/wp-content\/uploads\/2026\/04\/Bama-2025-1044x566.jpg 1044w, https:\/\/packaging-journal.de\/wp-content\/uploads\/2026\/04\/Bama-2025.jpg 1200w\" sizes=\"(max-width: 300px) 100vw, 300px\" \/><\/div><\/a>\n\t\t\t\t<div class=\"elementor-post__text\">\n\t\t\t\t<h3 class=\"elementor-post__title\">\n\t\t\t<a href=\"https:\/\/packaging-journal.de\/en\/britische-aerosolabfuellung-bleibt-2025-stabil\/\">\n\t\t\t\tBritische Aerosolabf\u00fcllung bleibt 2025 stabil\t\t\t<\/a>\n\t\t<\/h3>\n\t\t\t\t<div class=\"elementor-post__excerpt\">\n\t\t\tDie British Aerosol Manufacturers\u2019 Association meldet f\u00fcr 2025 weitgehend stabile Abf\u00fcllzahlen im britischen Aerosolmarkt.\t\t<\/div>\n\t\t\n\t\t<a class=\"elementor-post__read-more\" href=\"https:\/\/packaging-journal.de\/en\/britische-aerosolabfuellung-bleibt-2025-stabil\/\" aria-label=\"Read more about Britische Aerosolabf\u00fcllung bleibt 2025 stabil\" tabindex=\"-1\">\n\t\t\tWeiterlesen \u00bb\t\t<\/a>\n\n\t\t\t\t<\/div>\n\t\t\t\t\t<\/div>\n\t\t<\/article>\n\t\t\t\t<article class=\"elementor-post elementor-grid-item post-115455 post type-post status-publish format-standard has-post-thumbnail category-aus-den-unternehmen-news tag-aus-den-unternehmen tag-getraenke tag-getraenkedosen tag-metall tag-xolution cs-entry cs-video-wrap\" role=\"listitem\">\n\t\t\t<div class=\"elementor-post__card\">\n\t\t\t\t<a class=\"elementor-post__thumbnail__link\" href=\"https:\/\/packaging-journal.de\/en\/xolution-staerkt-position-mit-neuem-produktionszentrum\/\" tabindex=\"-1\"><div class=\"elementor-post__thumbnail\"><img decoding=\"async\" width=\"300\" height=\"163\" src=\"https:\/\/packaging-journal.de\/wp-content\/uploads\/2026\/04\/Xolution-Dachau-300x163.jpg\" class=\"attachment-medium size-medium wp-image-115456\" alt=\"\" srcset=\"https:\/\/packaging-journal.de\/wp-content\/uploads\/2026\/04\/Xolution-Dachau-300x163.jpg 300w, https:\/\/packaging-journal.de\/wp-content\/uploads\/2026\/04\/Xolution-Dachau-1024x555.jpg 1024w, https:\/\/packaging-journal.de\/wp-content\/uploads\/2026\/04\/Xolution-Dachau-768x416.jpg 768w, https:\/\/packaging-journal.de\/wp-content\/uploads\/2026\/04\/Xolution-Dachau-18x10.jpg 18w, https:\/\/packaging-journal.de\/wp-content\/uploads\/2026\/04\/Xolution-Dachau-332x180.jpg 332w, https:\/\/packaging-journal.de\/wp-content\/uploads\/2026\/04\/Xolution-Dachau-664x360.jpg 664w, https:\/\/packaging-journal.de\/wp-content\/uploads\/2026\/04\/Xolution-Dachau-688x373.jpg 688w, https:\/\/packaging-journal.de\/wp-content\/uploads\/2026\/04\/Xolution-Dachau-1044x566.jpg 1044w, https:\/\/packaging-journal.de\/wp-content\/uploads\/2026\/04\/Xolution-Dachau.jpg 1200w\" sizes=\"(max-width: 300px) 100vw, 300px\" \/><\/div><\/a>\n\t\t\t\t<div class=\"elementor-post__text\">\n\t\t\t\t<h3 class=\"elementor-post__title\">\n\t\t\t<a href=\"https:\/\/packaging-journal.de\/en\/xolution-staerkt-position-mit-neuem-produktionszentrum\/\">\n\t\t\t\tXolution st\u00e4rkt Position mit neuem Produktionszentrum\t\t\t<\/a>\n\t\t<\/h3>\n\t\t\t\t<div class=\"elementor-post__excerpt\">\n\t\t\tDie Investition sei ein klares Signal, dass wiederverschlie\u00dfbare Getr\u00e4nkedosen k\u00fcnftig eine gr\u00f6\u00dfere Rolle im Markt spielen sollen.\t\t<\/div>\n\t\t\n\t\t<a class=\"elementor-post__read-more\" href=\"https:\/\/packaging-journal.de\/en\/xolution-staerkt-position-mit-neuem-produktionszentrum\/\" aria-label=\"Read more about Xolution st\u00e4rkt Position mit neuem Produktionszentrum\" tabindex=\"-1\">\n\t\t\tWeiterlesen \u00bb\t\t<\/a>\n\n\t\t\t\t<\/div>\n\t\t\t\t\t<\/div>\n\t\t<\/article>\n\t\t\t\t<article class=\"elementor-post elementor-grid-item post-114998 post type-post status-publish format-standard has-post-thumbnail category-verpackungstechnik tag-interpack tag-metall tag-swiss-can tag-verpackungstechnik tag-verschluesse-und-verschliesssysteme cs-entry cs-video-wrap\" role=\"listitem\">\n\t\t\t<div class=\"elementor-post__card\">\n\t\t\t\t<a class=\"elementor-post__thumbnail__link\" href=\"https:\/\/packaging-journal.de\/en\/modulare-dosenverschliessloesungen-im-fokus\/\" tabindex=\"-1\"><div class=\"elementor-post__thumbnail\"><img decoding=\"async\" width=\"300\" height=\"163\" src=\"https:\/\/packaging-journal.de\/wp-content\/uploads\/2026\/04\/swiss-can-ip-300x163.jpg\" class=\"attachment-medium size-medium wp-image-115000\" alt=\"\" srcset=\"https:\/\/packaging-journal.de\/wp-content\/uploads\/2026\/04\/swiss-can-ip-300x163.jpg 300w, https:\/\/packaging-journal.de\/wp-content\/uploads\/2026\/04\/swiss-can-ip-1024x555.jpg 1024w, https:\/\/packaging-journal.de\/wp-content\/uploads\/2026\/04\/swiss-can-ip-768x416.jpg 768w, https:\/\/packaging-journal.de\/wp-content\/uploads\/2026\/04\/swiss-can-ip-18x10.jpg 18w, https:\/\/packaging-journal.de\/wp-content\/uploads\/2026\/04\/swiss-can-ip-332x180.jpg 332w, https:\/\/packaging-journal.de\/wp-content\/uploads\/2026\/04\/swiss-can-ip-664x360.jpg 664w, https:\/\/packaging-journal.de\/wp-content\/uploads\/2026\/04\/swiss-can-ip-688x373.jpg 688w, https:\/\/packaging-journal.de\/wp-content\/uploads\/2026\/04\/swiss-can-ip-1044x566.jpg 1044w, https:\/\/packaging-journal.de\/wp-content\/uploads\/2026\/04\/swiss-can-ip.jpg 1200w\" sizes=\"(max-width: 300px) 100vw, 300px\" \/><\/div><\/a>\n\t\t\t\t<div class=\"elementor-post__text\">\n\t\t\t\t<h3 class=\"elementor-post__title\">\n\t\t\t<a href=\"https:\/\/packaging-journal.de\/en\/modulare-dosenverschliessloesungen-im-fokus\/\">\n\t\t\t\tModulare Dosenverschlie\u00dfl\u00f6sungen im Fokus\t\t\t<\/a>\n\t\t<\/h3>\n\t\t\t\t<div class=\"elementor-post__excerpt\">\n\t\t\tSwiss Can zeigt auf der Interpack 2026 innovative Dosenverschlie\u00dfsysteme, darunter die neue Twin-Version der V-matic 127-3. Effizienz und Flexibilit\u00e4t stehen im Mittelpunkt.\t\t<\/div>\n\t\t\n\t\t<a class=\"elementor-post__read-more\" href=\"https:\/\/packaging-journal.de\/en\/modulare-dosenverschliessloesungen-im-fokus\/\" aria-label=\"Read more about Modulare Dosenverschlie\u00dfl\u00f6sungen im Fokus\" tabindex=\"-1\">\n\t\t\tWeiterlesen \u00bb\t\t<\/a>\n\n\t\t\t\t<\/div>\n\t\t\t\t\t<\/div>\n\t\t<\/article>\n\t\t\t\t<article class=\"elementor-post elementor-grid-item post-114510 post type-post status-publish format-standard has-post-thumbnail category-aus-den-unternehmen-news tag-aus-den-unternehmen tag-canpack tag-getraenke tag-getraenkedosen tag-metall cs-entry cs-video-wrap\" role=\"listitem\">\n\t\t\t<div class=\"elementor-post__card\">\n\t\t\t\t<a class=\"elementor-post__thumbnail__link\" href=\"https:\/\/packaging-journal.de\/en\/canpack-steigert-absatz-von-getraenkedosen\/\" tabindex=\"-1\"><div class=\"elementor-post__thumbnail\"><img loading=\"lazy\" decoding=\"async\" width=\"300\" height=\"163\" src=\"https:\/\/packaging-journal.de\/wp-content\/uploads\/2026\/04\/Canpack-cans-300x163.jpg\" class=\"attachment-medium size-medium wp-image-114514\" alt=\"\" srcset=\"https:\/\/packaging-journal.de\/wp-content\/uploads\/2026\/04\/Canpack-cans-300x163.jpg 300w, https:\/\/packaging-journal.de\/wp-content\/uploads\/2026\/04\/Canpack-cans-1024x555.jpg 1024w, https:\/\/packaging-journal.de\/wp-content\/uploads\/2026\/04\/Canpack-cans-768x416.jpg 768w, https:\/\/packaging-journal.de\/wp-content\/uploads\/2026\/04\/Canpack-cans-18x10.jpg 18w, https:\/\/packaging-journal.de\/wp-content\/uploads\/2026\/04\/Canpack-cans-332x180.jpg 332w, https:\/\/packaging-journal.de\/wp-content\/uploads\/2026\/04\/Canpack-cans-664x360.jpg 664w, https:\/\/packaging-journal.de\/wp-content\/uploads\/2026\/04\/Canpack-cans-688x373.jpg 688w, https:\/\/packaging-journal.de\/wp-content\/uploads\/2026\/04\/Canpack-cans-1044x566.jpg 1044w, https:\/\/packaging-journal.de\/wp-content\/uploads\/2026\/04\/Canpack-cans.jpg 1200w\" sizes=\"(max-width: 300px) 100vw, 300px\" \/><\/div><\/a>\n\t\t\t\t<div class=\"elementor-post__text\">\n\t\t\t\t<h3 class=\"elementor-post__title\">\n\t\t\t<a href=\"https:\/\/packaging-journal.de\/en\/canpack-steigert-absatz-von-getraenkedosen\/\">\n\t\t\t\tCanpack steigert Absatz von Getr\u00e4nkedosen\t\t\t<\/a>\n\t\t<\/h3>\n\t\t\t\t<div class=\"elementor-post__excerpt\">\n\t\t\tWachstumstreiber waren insbesondere die M\u00e4rkte in den USA und Indien.\t\t<\/div>\n\t\t\n\t\t<a class=\"elementor-post__read-more\" href=\"https:\/\/packaging-journal.de\/en\/canpack-steigert-absatz-von-getraenkedosen\/\" aria-label=\"Read more about Canpack steigert Absatz von Getr\u00e4nkedosen\" tabindex=\"-1\">\n\t\t\tWeiterlesen \u00bb\t\t<\/a>\n\n\t\t\t\t<\/div>\n\t\t\t\t\t<\/div>\n\t\t<\/article>\n\t\t\t\t<article class=\"elementor-post elementor-grid-item post-114454 post type-post status-publish format-standard has-post-thumbnail category-packmittel-und-packstoffe tag-actega tag-kunststoff-und-verbunde tag-metall tag-metpack cs-entry cs-video-wrap\" role=\"listitem\">\n\t\t\t<div class=\"elementor-post__card\">\n\t\t\t\t<a class=\"elementor-post__thumbnail__link\" href=\"https:\/\/packaging-journal.de\/en\/nachhaltige-lacke-und-compounds-fuer-metallverpackungen\/\" tabindex=\"-1\"><div class=\"elementor-post__thumbnail\"><img loading=\"lazy\" decoding=\"async\" width=\"300\" height=\"163\" src=\"https:\/\/packaging-journal.de\/wp-content\/uploads\/2026\/04\/actega-metpack-300x163.jpg\" class=\"attachment-medium size-medium wp-image-114458\" alt=\"\" srcset=\"https:\/\/packaging-journal.de\/wp-content\/uploads\/2026\/04\/actega-metpack-300x163.jpg 300w, https:\/\/packaging-journal.de\/wp-content\/uploads\/2026\/04\/actega-metpack-1024x555.jpg 1024w, https:\/\/packaging-journal.de\/wp-content\/uploads\/2026\/04\/actega-metpack-768x416.jpg 768w, https:\/\/packaging-journal.de\/wp-content\/uploads\/2026\/04\/actega-metpack-18x10.jpg 18w, https:\/\/packaging-journal.de\/wp-content\/uploads\/2026\/04\/actega-metpack-332x180.jpg 332w, https:\/\/packaging-journal.de\/wp-content\/uploads\/2026\/04\/actega-metpack-664x360.jpg 664w, https:\/\/packaging-journal.de\/wp-content\/uploads\/2026\/04\/actega-metpack-688x373.jpg 688w, https:\/\/packaging-journal.de\/wp-content\/uploads\/2026\/04\/actega-metpack-1044x566.jpg 1044w, https:\/\/packaging-journal.de\/wp-content\/uploads\/2026\/04\/actega-metpack.jpg 1200w\" sizes=\"(max-width: 300px) 100vw, 300px\" \/><\/div><\/a>\n\t\t\t\t<div class=\"elementor-post__text\">\n\t\t\t\t<h3 class=\"elementor-post__title\">\n\t\t\t<a href=\"https:\/\/packaging-journal.de\/en\/nachhaltige-lacke-und-compounds-fuer-metallverpackungen\/\">\n\t\t\t\tNachhaltige Lacke und Compounds f\u00fcr Metallverpackungen\t\t\t<\/a>\n\t\t<\/h3>\n\t\t\t\t<div class=\"elementor-post__excerpt\">\n\t\t\tAuf der Metpack 2026 pr\u00e4sentiert Actega zukunftsweisende L\u00f6sungen f\u00fcr Metallverpackungen, darunter Lacke der n\u00e4chsten Generation, wasserbasierte Sealants f\u00fcr Getr\u00e4nkedosen sowie Branchenneuheiten wie PVC\u2011 und weichmacherfreie Compounds.\t\t<\/div>\n\t\t\n\t\t<a class=\"elementor-post__read-more\" href=\"https:\/\/packaging-journal.de\/en\/nachhaltige-lacke-und-compounds-fuer-metallverpackungen\/\" aria-label=\"Read more about Nachhaltige Lacke und Compounds f\u00fcr Metallverpackungen\" tabindex=\"-1\">\n\t\t\tWeiterlesen \u00bb\t\t<\/a>\n\n\t\t\t\t<\/div>\n\t\t\t\t\t<\/div>\n\t\t<\/article>\n\t\t\t\t<article class=\"elementor-post elementor-grid-item post-114430 post type-post status-publish format-standard has-post-thumbnail category-verpackungstechnik tag-koenig-bauer tag-metall tag-metpack tag-verpackungsdruck-und-veredelung cs-entry cs-video-wrap\" role=\"listitem\">\n\t\t\t<div class=\"elementor-post__card\">\n\t\t\t\t<a class=\"elementor-post__thumbnail__link\" href=\"https:\/\/packaging-journal.de\/en\/koenig-bauer-zeigt-neue-blechdruckloesungen\/\" tabindex=\"-1\"><div class=\"elementor-post__thumbnail\"><img loading=\"lazy\" decoding=\"async\" width=\"300\" height=\"163\" src=\"https:\/\/packaging-journal.de\/wp-content\/uploads\/2026\/04\/Koenig-Bauer-Metpack-2026-300x163.jpg\" class=\"attachment-medium size-medium wp-image-114432\" alt=\"\" srcset=\"https:\/\/packaging-journal.de\/wp-content\/uploads\/2026\/04\/Koenig-Bauer-Metpack-2026-300x163.jpg 300w, https:\/\/packaging-journal.de\/wp-content\/uploads\/2026\/04\/Koenig-Bauer-Metpack-2026-1024x555.jpg 1024w, https:\/\/packaging-journal.de\/wp-content\/uploads\/2026\/04\/Koenig-Bauer-Metpack-2026-768x416.jpg 768w, https:\/\/packaging-journal.de\/wp-content\/uploads\/2026\/04\/Koenig-Bauer-Metpack-2026-18x10.jpg 18w, https:\/\/packaging-journal.de\/wp-content\/uploads\/2026\/04\/Koenig-Bauer-Metpack-2026-332x180.jpg 332w, https:\/\/packaging-journal.de\/wp-content\/uploads\/2026\/04\/Koenig-Bauer-Metpack-2026-664x360.jpg 664w, https:\/\/packaging-journal.de\/wp-content\/uploads\/2026\/04\/Koenig-Bauer-Metpack-2026-688x373.jpg 688w, https:\/\/packaging-journal.de\/wp-content\/uploads\/2026\/04\/Koenig-Bauer-Metpack-2026-1044x566.jpg 1044w, https:\/\/packaging-journal.de\/wp-content\/uploads\/2026\/04\/Koenig-Bauer-Metpack-2026.jpg 1200w\" sizes=\"(max-width: 300px) 100vw, 300px\" \/><\/div><\/a>\n\t\t\t\t<div class=\"elementor-post__text\">\n\t\t\t\t<h3 class=\"elementor-post__title\">\n\t\t\t<a href=\"https:\/\/packaging-journal.de\/en\/koenig-bauer-zeigt-neue-blechdruckloesungen\/\">\n\t\t\t\tKoenig &#038; Bauer zeigt neue Blechdruckl\u00f6sungen\t\t\t<\/a>\n\t\t<\/h3>\n\t\t\t\t<div class=\"elementor-post__excerpt\">\n\t\t\tKoenig &#038; Bauer MetalPrint stellt auf der Metpack 2026 ein erweitertes Portfolio f\u00fcr die Metallverpackungsindustrie vor.\t\t<\/div>\n\t\t\n\t\t<a class=\"elementor-post__read-more\" href=\"https:\/\/packaging-journal.de\/en\/koenig-bauer-zeigt-neue-blechdruckloesungen\/\" aria-label=\"Read more about Koenig &#038; Bauer zeigt neue Blechdruckl\u00f6sungen\" tabindex=\"-1\">\n\t\t\tWeiterlesen \u00bb\t\t<\/a>\n\n\t\t\t\t<\/div>\n\t\t\t\t\t<\/div>\n\t\t<\/article>\n\t\t\t\t<\/div>\n\t\t\n\t\t\t\t\t\t<\/div>\n\t\t\t\t<\/div>\n\t\t\t\t\t<\/div>\n\t\t<\/div>\n\t\t\t\t\t<\/div>\n\t\t<\/section>\n\t\t\t\t<\/div>\n\t\t","protected":false},"excerpt":{"rendered":"Aerobal members increased their sales by 6.8 per cent in 2022, particularly in the areas of pharmaceuticals, hairspray and shaving foams.","protected":false},"author":1,"featured_media":74952,"comment_status":"closed","ping_status":"closed","sticky":false,"template":"","format":"standard","meta":{"_acf_changed":false,"__cvm_playback_settings":[],"__cvm_video_id":"","rank_math_description":"Die Mitglieder von Aerobal steigerten ihren Absatz 2022 um 6,8 Prozent besonders in den Bereichen Pharmazie, Haarspray und Rasiersch\u00e4ume.","rank_math_focus_keyword":"aerobal,absatz,2022","rank_math_title":"","csco_display_header_overlay":false,"csco_singular_sidebar":"","csco_page_header_type":"","csco_page_load_nextpost":"","csco_post_video_location":[],"csco_post_video_location_hash":"","csco_post_video_url":"","csco_post_video_bg_start_time":0,"csco_post_video_bg_end_time":0,"footnotes":"","_links_to":"","_links_to_target":""},"categories":[111],"tags":[59274,58783,36,81,32,40],"class_list":{"0":"post-74946","1":"post","2":"type-post","3":"status-publish","4":"format-standard","5":"has-post-thumbnail","7":"category-maerkte","8":"tag-aerobal","9":"tag-dose","10":"tag-markt","11":"tag-metall","12":"tag-packmittel-und-packstoffe","13":"tag-pharma-kosmetik-chemie","14":"cs-entry","15":"cs-video-wrap"},"acf":[],"vimeo_video":null,"_links":{"self":[{"href":"https:\/\/packaging-journal.de\/en\/wp-json\/wp\/v2\/posts\/74946","targetHints":{"allow":["GET"]}}],"collection":[{"href":"https:\/\/packaging-journal.de\/en\/wp-json\/wp\/v2\/posts"}],"about":[{"href":"https:\/\/packaging-journal.de\/en\/wp-json\/wp\/v2\/types\/post"}],"author":[{"embeddable":true,"href":"https:\/\/packaging-journal.de\/en\/wp-json\/wp\/v2\/users\/1"}],"replies":[{"embeddable":true,"href":"https:\/\/packaging-journal.de\/en\/wp-json\/wp\/v2\/comments?post=74946"}],"version-history":[{"count":0,"href":"https:\/\/packaging-journal.de\/en\/wp-json\/wp\/v2\/posts\/74946\/revisions"}],"wp:featuredmedia":[{"embeddable":true,"href":"https:\/\/packaging-journal.de\/en\/wp-json\/wp\/v2\/media\/74952"}],"wp:attachment":[{"href":"https:\/\/packaging-journal.de\/en\/wp-json\/wp\/v2\/media?parent=74946"}],"wp:term":[{"taxonomy":"category","embeddable":true,"href":"https:\/\/packaging-journal.de\/en\/wp-json\/wp\/v2\/categories?post=74946"},{"taxonomy":"post_tag","embeddable":true,"href":"https:\/\/packaging-journal.de\/en\/wp-json\/wp\/v2\/tags?post=74946"}],"curies":[{"name":"wp","href":"https:\/\/api.w.org\/{rel}","templated":true}]}}