{"id":76044,"date":"2023-03-06T12:51:14","date_gmt":"2023-03-06T11:51:14","guid":{"rendered":"https:\/\/packaging-journal.de\/?p=76044"},"modified":"2023-03-06T13:19:09","modified_gmt":"2023-03-06T12:19:09","slug":"marchesini-group-from-the-companies","status":"publish","type":"post","link":"https:\/\/packaging-journal.de\/en\/marchesini-group-aus-den-unternehmen\/","title":{"rendered":"Marchesini Group takes over Milan-based mechanical engineering company"},"content":{"rendered":"<div data-elementor-type=\"wp-post\" data-elementor-id=\"76044\" class=\"elementor elementor-76044\" data-elementor-post-type=\"post\">\n\t\t\t\t\t\t<section data-exad-particle-enable=\"false\" class=\"elementor-section elementor-top-section elementor-element elementor-element-f6562b4 elementor-section-boxed elementor-section-height-default elementor-section-height-default exad-parallax-effect-no exad-background-color-change-no exad-glass-effect-no exad-sticky-section-no\" data-id=\"f6562b4\" data-element_type=\"section\" data-e-type=\"section\">\n\t\t\t\t\t\t<div class=\"elementor-container elementor-column-gap-default\">\n\t\t\t\t\t<div class=\"elementor-column elementor-col-100 elementor-top-column elementor-element elementor-element-66e277d exad-glass-effect-no exad-sticky-section-no\" data-id=\"66e277d\" data-element_type=\"column\" data-e-type=\"column\">\n\t\t\t<div class=\"elementor-widget-wrap elementor-element-populated\">\n\t\t\t\t\t\t<div class=\"elementor-element elementor-element-69fbfb4 exad-sticky-section-no exad-glass-effect-no elementor-widget elementor-widget-text-editor\" data-id=\"69fbfb4\" data-element_type=\"widget\" data-e-type=\"widget\" data-widget_type=\"text-editor.default\">\n\t\t\t\t<div class=\"elementor-widget-container\">\n\t\t\t\t\t\t\t\t\t<p><strong>The Marchesini Group has grown once again. The company has acquired M.A.R. S.p.A., a Milan-based company specialising in the construction of machines for packaging liquids and powders in glass and plastic bottles, syringes and other containers for the pharmaceutical industry.\u00a0<\/strong><\/p>\t\t\t\t\t\t\t\t<\/div>\n\t\t\t\t<\/div>\n\t\t\t\t<div class=\"elementor-element elementor-element-ab36e49 exad-sticky-section-no exad-glass-effect-no elementor-widget elementor-widget-text-editor\" data-id=\"ab36e49\" data-element_type=\"widget\" data-e-type=\"widget\" data-widget_type=\"text-editor.default\">\n\t\t\t\t<div class=\"elementor-widget-container\">\n\t\t\t\t\t\t\t\t\t<p>Founded in 1967 by Silvio Pravettoni, M.A.R. S.p.A. is perhaps best known for the construction of one of the world's <strong>first packaging lines for pharmaceutical products with sterile weighing system<\/strong>, which came onto the market at the end of the 1970s. The sterility of the production process continues to be an outstanding feature of M.A.R. S.p.A., which continues in the usual tradition of <a href=\"https:\/\/packaging-journal.de\/?s=marchesini\">Marchesini Group<\/a> will continue to operate at its current location in order to ensure the continuity of the company and the quality standards of the end product.<\/p><blockquote><p>\u201eM.A.R. S.p.A. has a very valuable customer portfolio. The dowry that we bring to this marriage with a partner of the importance of the Marchesini Group consists both of our customer base and of our typically Lombard know-how, which has proved particularly important during the years of the pandemic, when we were able to meet the great demand for technologies for packaging Covid vaccines and other biological products.\u201c<\/p><p><strong>Nicola Di Biase<\/strong>, former General Manager of the company<\/p><\/blockquote><p>With this acquisition, the Marchesini Group in Lombardy now has eight companies in the Milan area, and Lombardy itself is the second largest production centre after Emilia-Romagna, where the Group's headquarters are located.\u00a0<\/p><div class=\"packa-in-post-alle\" style=\"text-align: center;\" id=\"packa-3448666026\"><div id=\"packa-2789846002\"><a data-no-instant=\"1\" href=\"https:\/\/packaging-journal.de\/en\/newsletter\/\" rel=\"noopener\" class=\"a2t-link\" target=\"_blank\" aria-label=\"PJ Self-promotion English 03\"><!--noptimize--><img src=\"https:\/\/packaging-journal.de\/wp-content\/uploads\/2026\/01\/PJ-Eigenwerbung-English-03.png\" alt=\"\"  srcset=\"https:\/\/packaging-journal.de\/wp-content\/uploads\/2026\/01\/PJ-Eigenwerbung-English-03.png 840w, https:\/\/packaging-journal.de\/wp-content\/uploads\/2026\/01\/PJ-Eigenwerbung-English-03-300x75.png 300w, https:\/\/packaging-journal.de\/wp-content\/uploads\/2026\/01\/PJ-Eigenwerbung-English-03-768x192.png 768w, https:\/\/packaging-journal.de\/wp-content\/uploads\/2026\/01\/PJ-Eigenwerbung-English-03-18x5.png 18w, https:\/\/packaging-journal.de\/wp-content\/uploads\/2026\/01\/PJ-Eigenwerbung-English-03-332x83.png 332w, https:\/\/packaging-journal.de\/wp-content\/uploads\/2026\/01\/PJ-Eigenwerbung-English-03-664x166.png 664w, https:\/\/packaging-journal.de\/wp-content\/uploads\/2026\/01\/PJ-Eigenwerbung-English-03-688x172.png 688w\" sizes=\"(max-width: 840px) 100vw, 840px\" width=\"840\" height=\"210\"  style=\" max-width: 100%; height: auto;\" \/><!--\/noptimize--><\/a><\/div><\/div>\t\t\t\t\t\t\t\t<\/div>\n\t\t\t\t<\/div>\n\t\t\t\t<div class=\"elementor-element elementor-element-318d8ea exad-sticky-section-no exad-glass-effect-no elementor-widget elementor-widget-text-editor\" data-id=\"318d8ea\" data-element_type=\"widget\" data-e-type=\"widget\" data-widget_type=\"text-editor.default\">\n\t\t\t\t<div class=\"elementor-widget-container\">\n\t\t\t\t\t\t\t\t\t<blockquote><p>\u201eM.A.R. S.p.A. will maintain its site in Lainate, its organisation and its specialised staff, but with the aim of expanding by hiring more technicians and designers. The offer of filling products for the packaging of powders and liquids, also in sterile environments, is an opportunity to enrich the range of complete lines offered by the Marchesini Group, in particular through Corima, our company specialised in technologies that use robotised solutions to ensure maximum precision in controlled contamination environments. The synergies also extend to Group companies such as CMP Phar.ma for process control and the Lombardy-based companies SEA Vision, Auteco and Dott. Bonapace for the production of vision and data acquisition systems, process automation and laboratory machinery respectively.\u201c<\/p><p><strong>Pietro Cassani<\/strong>, CEO of the Marchesini Group<\/p><\/blockquote><p><em>Source:\u00a0<\/em><a href=\"http:\/\/www.marchesini.com\" target=\"_blank\" rel=\"noopener\">Marchesini<\/a><\/p>\t\t\t\t\t\t\t\t<\/div>\n\t\t\t\t<\/div>\n\t\t\t\t\t<\/div>\n\t\t<\/div>\n\t\t\t\t\t<\/div>\n\t\t<\/section>\n\t\t\t\t<section data-exad-particle-enable=\"false\" class=\"elementor-section elementor-top-section elementor-element elementor-element-205cb8cb elementor-section-boxed elementor-section-height-default elementor-section-height-default exad-parallax-effect-no exad-background-color-change-no exad-glass-effect-no exad-sticky-section-no\" data-id=\"205cb8cb\" data-element_type=\"section\" data-e-type=\"section\" data-settings=\"{&quot;background_background&quot;:&quot;classic&quot;}\">\n\t\t\t\t\t\t<div class=\"elementor-container elementor-column-gap-default\">\n\t\t\t\t\t<div class=\"elementor-column elementor-col-100 elementor-top-column elementor-element elementor-element-4bbd8a87 exad-glass-effect-no exad-sticky-section-no\" data-id=\"4bbd8a87\" data-element_type=\"column\" data-e-type=\"column\">\n\t\t\t<div class=\"elementor-widget-wrap elementor-element-populated\">\n\t\t\t\t\t\t<div class=\"elementor-element elementor-element-61c6dcbc exad-sticky-section-no exad-glass-effect-no elementor-widget elementor-widget-heading\" data-id=\"61c6dcbc\" data-element_type=\"widget\" data-e-type=\"widget\" data-widget_type=\"heading.default\">\n\t\t\t\t<div class=\"elementor-widget-container\">\n\t\t\t\t\t<h2 class=\"elementor-heading-title elementor-size-default\">Further news from the companies <\/h2>\t\t\t\t<\/div>\n\t\t\t\t<\/div>\n\t\t\t\t<div class=\"elementor-element elementor-element-458a8dd6 elementor-grid-3 elementor-grid-tablet-2 elementor-grid-mobile-1 elementor-posts--thumbnail-top elementor-posts__hover-gradient exad-sticky-section-no exad-glass-effect-no elementor-widget elementor-widget-posts\" data-id=\"458a8dd6\" data-element_type=\"widget\" data-e-type=\"widget\" data-settings=\"{&quot;cards_row_gap&quot;:{&quot;unit&quot;:&quot;px&quot;,&quot;size&quot;:38,&quot;sizes&quot;:[]},&quot;cards_columns&quot;:&quot;3&quot;,&quot;cards_columns_tablet&quot;:&quot;2&quot;,&quot;cards_columns_mobile&quot;:&quot;1&quot;,&quot;cards_row_gap_tablet&quot;:{&quot;unit&quot;:&quot;px&quot;,&quot;size&quot;:&quot;&quot;,&quot;sizes&quot;:[]},&quot;cards_row_gap_mobile&quot;:{&quot;unit&quot;:&quot;px&quot;,&quot;size&quot;:&quot;&quot;,&quot;sizes&quot;:[]}}\" data-widget_type=\"posts.cards\">\n\t\t\t\t<div class=\"elementor-widget-container\">\n\t\t\t\t\t\t\t<div class=\"elementor-posts-container elementor-posts elementor-posts--skin-cards elementor-grid\" role=\"list\">\n\t\t\t\t<article class=\"elementor-post elementor-grid-item post-114930 post type-post status-publish format-standard has-post-thumbnail category-aus-den-unternehmen-news tag-abfuelltechnik tag-pharma-kosmetik-chemie tag-syntegon-technology tag-verpackungstechnik cs-entry cs-video-wrap\" role=\"listitem\">\n\t\t\t<div class=\"elementor-post__card\">\n\t\t\t\t<a class=\"elementor-post__thumbnail__link\" href=\"https:\/\/packaging-journal.de\/en\/syntegon-verzeichnet-rekordjahr-dank-pharmabereich\/\" tabindex=\"-1\"><div class=\"elementor-post__thumbnail\"><img decoding=\"async\" width=\"300\" height=\"163\" src=\"https:\/\/packaging-journal.de\/wp-content\/uploads\/2026\/04\/Syntegon-2025-300x163.jpg\" class=\"attachment-medium size-medium wp-image-114933\" alt=\"\" srcset=\"https:\/\/packaging-journal.de\/wp-content\/uploads\/2026\/04\/Syntegon-2025-300x163.jpg 300w, https:\/\/packaging-journal.de\/wp-content\/uploads\/2026\/04\/Syntegon-2025-1024x555.jpg 1024w, https:\/\/packaging-journal.de\/wp-content\/uploads\/2026\/04\/Syntegon-2025-768x416.jpg 768w, https:\/\/packaging-journal.de\/wp-content\/uploads\/2026\/04\/Syntegon-2025-18x10.jpg 18w, https:\/\/packaging-journal.de\/wp-content\/uploads\/2026\/04\/Syntegon-2025-332x180.jpg 332w, https:\/\/packaging-journal.de\/wp-content\/uploads\/2026\/04\/Syntegon-2025-664x360.jpg 664w, https:\/\/packaging-journal.de\/wp-content\/uploads\/2026\/04\/Syntegon-2025-688x373.jpg 688w, https:\/\/packaging-journal.de\/wp-content\/uploads\/2026\/04\/Syntegon-2025-1044x566.jpg 1044w, https:\/\/packaging-journal.de\/wp-content\/uploads\/2026\/04\/Syntegon-2025.jpg 1200w\" sizes=\"(max-width: 300px) 100vw, 300px\" \/><\/div><\/a>\n\t\t\t\t<div class=\"elementor-post__text\">\n\t\t\t\t<h3 class=\"elementor-post__title\">\n\t\t\t<a href=\"https:\/\/packaging-journal.de\/en\/syntegon-verzeichnet-rekordjahr-dank-pharmabereich\/\">\n\t\t\t\tSyntegon records a record year thanks to the pharmaceutical sector\t\t\t<\/a>\n\t\t<\/h3>\n\t\t\t\t<div class=\"elementor-post__excerpt\">\n\t\t\tThe company benefits from structurally growing markets.\t\t<\/div>\n\t\t\n\t\t<a class=\"elementor-post__read-more\" href=\"https:\/\/packaging-journal.de\/en\/syntegon-verzeichnet-rekordjahr-dank-pharmabereich\/\" aria-label=\"Syntegon records record year thanks to pharmaceutical sector\" tabindex=\"-1\">\n\t\t\tRead more \"\t\t<\/a>\n\n\t\t\t\t<\/div>\n\t\t\t\t\t<\/div>\n\t\t<\/article>\n\t\t\t\t<article class=\"elementor-post elementor-grid-item post-114851 post type-post status-publish format-standard has-post-thumbnail category-aus-den-unternehmen-news tag-aus-den-unternehmen tag-dunapack tag-packmittel-und-packstoffe tag-papier-pappe-karton tag-stora-enso tag-wellpappe cs-entry cs-video-wrap\" role=\"listitem\">\n\t\t\t<div class=\"elementor-post__card\">\n\t\t\t\t<a class=\"elementor-post__thumbnail__link\" href=\"https:\/\/packaging-journal.de\/en\/dunapack-plant-zukauf-von-stora-enso\/\" tabindex=\"-1\"><div class=\"elementor-post__thumbnail\"><img decoding=\"async\" width=\"300\" height=\"163\" src=\"https:\/\/packaging-journal.de\/wp-content\/uploads\/2026\/04\/Dunapack-300x163.jpg\" class=\"attachment-medium size-medium wp-image-114853\" alt=\"\" srcset=\"https:\/\/packaging-journal.de\/wp-content\/uploads\/2026\/04\/Dunapack-300x163.jpg 300w, https:\/\/packaging-journal.de\/wp-content\/uploads\/2026\/04\/Dunapack-1024x555.jpg 1024w, https:\/\/packaging-journal.de\/wp-content\/uploads\/2026\/04\/Dunapack-768x416.jpg 768w, https:\/\/packaging-journal.de\/wp-content\/uploads\/2026\/04\/Dunapack-18x10.jpg 18w, https:\/\/packaging-journal.de\/wp-content\/uploads\/2026\/04\/Dunapack-332x180.jpg 332w, https:\/\/packaging-journal.de\/wp-content\/uploads\/2026\/04\/Dunapack-664x360.jpg 664w, https:\/\/packaging-journal.de\/wp-content\/uploads\/2026\/04\/Dunapack-688x373.jpg 688w, https:\/\/packaging-journal.de\/wp-content\/uploads\/2026\/04\/Dunapack-1044x566.jpg 1044w, https:\/\/packaging-journal.de\/wp-content\/uploads\/2026\/04\/Dunapack.jpg 1200w\" sizes=\"(max-width: 300px) 100vw, 300px\" \/><\/div><\/a>\n\t\t\t\t<div class=\"elementor-post__text\">\n\t\t\t\t<h3 class=\"elementor-post__title\">\n\t\t\t<a href=\"https:\/\/packaging-journal.de\/en\/dunapack-plant-zukauf-von-stora-enso\/\">\n\t\t\t\tDunapack purchase from Stora Enso\t\t\t<\/a>\n\t\t<\/h3>\n\t\t\t\t<div class=\"elementor-post__excerpt\">\n\t\t\tDunapack is significantly expanding its activities in the German corrugated board packaging market with the planned takeover.\t\t<\/div>\n\t\t\n\t\t<a class=\"elementor-post__read-more\" href=\"https:\/\/packaging-journal.de\/en\/dunapack-plant-zukauf-von-stora-enso\/\" aria-label=\"Read more about the Dunapack plant regarding the purchase from Stora Enso\" tabindex=\"-1\">\n\t\t\tRead more \"\t\t<\/a>\n\n\t\t\t\t<\/div>\n\t\t\t\t\t<\/div>\n\t\t<\/article>\n\t\t\t\t<article class=\"elementor-post elementor-grid-item post-114721 post type-post status-publish format-standard has-post-thumbnail category-aus-den-unternehmen-news tag-aus-den-unternehmen tag-industrieverpackungen tag-ringmetall tag-usa cs-entry cs-video-wrap\" role=\"listitem\">\n\t\t\t<div class=\"elementor-post__card\">\n\t\t\t\t<a class=\"elementor-post__thumbnail__link\" href=\"https:\/\/packaging-journal.de\/en\/ringmetall-baut-us-liner-geschaeft-aus\/\" tabindex=\"-1\"><div class=\"elementor-post__thumbnail\"><img decoding=\"async\" width=\"300\" height=\"163\" src=\"https:\/\/packaging-journal.de\/wp-content\/uploads\/2026\/04\/New-England-Plastics-300x163.jpg\" class=\"attachment-medium size-medium wp-image-114724\" alt=\"\" srcset=\"https:\/\/packaging-journal.de\/wp-content\/uploads\/2026\/04\/New-England-Plastics-300x163.jpg 300w, https:\/\/packaging-journal.de\/wp-content\/uploads\/2026\/04\/New-England-Plastics-1024x555.jpg 1024w, https:\/\/packaging-journal.de\/wp-content\/uploads\/2026\/04\/New-England-Plastics-768x416.jpg 768w, https:\/\/packaging-journal.de\/wp-content\/uploads\/2026\/04\/New-England-Plastics-18x10.jpg 18w, https:\/\/packaging-journal.de\/wp-content\/uploads\/2026\/04\/New-England-Plastics-332x180.jpg 332w, https:\/\/packaging-journal.de\/wp-content\/uploads\/2026\/04\/New-England-Plastics-664x360.jpg 664w, https:\/\/packaging-journal.de\/wp-content\/uploads\/2026\/04\/New-England-Plastics-688x373.jpg 688w, https:\/\/packaging-journal.de\/wp-content\/uploads\/2026\/04\/New-England-Plastics-1044x566.jpg 1044w, https:\/\/packaging-journal.de\/wp-content\/uploads\/2026\/04\/New-England-Plastics.jpg 1200w\" sizes=\"(max-width: 300px) 100vw, 300px\" \/><\/div><\/a>\n\t\t\t\t<div class=\"elementor-post__text\">\n\t\t\t\t<h3 class=\"elementor-post__title\">\n\t\t\t<a href=\"https:\/\/packaging-journal.de\/en\/ringmetall-baut-us-liner-geschaeft-aus\/\">\n\t\t\t\tRingmetall expands US liner business\t\t\t<\/a>\n\t\t<\/h3>\n\t\t\t\t<div class=\"elementor-post__excerpt\">\n\t\t\tThe company is acquiring the thermoforming division from New England Plastics.\t\t<\/div>\n\t\t\n\t\t<a class=\"elementor-post__read-more\" href=\"https:\/\/packaging-journal.de\/en\/ringmetall-baut-us-liner-geschaeft-aus\/\" aria-label=\"Ringmetall expands US liner business\" tabindex=\"-1\">\n\t\t\tRead more \"\t\t<\/a>\n\n\t\t\t\t<\/div>\n\t\t\t\t\t<\/div>\n\t\t<\/article>\n\t\t\t\t<article class=\"elementor-post elementor-grid-item post-114668 post type-post status-publish format-standard has-post-thumbnail category-aus-den-unternehmen-news tag-logistik tag-paki-logistics tag-paletten tag-spanien cs-entry cs-video-wrap\" role=\"listitem\">\n\t\t\t<div class=\"elementor-post__card\">\n\t\t\t\t<a class=\"elementor-post__thumbnail__link\" href=\"https:\/\/packaging-journal.de\/en\/paki-logistics-baut-paletten-pooling-in-suedeuropa-aus\/\" tabindex=\"-1\"><div class=\"elementor-post__thumbnail\"><img loading=\"lazy\" decoding=\"async\" width=\"300\" height=\"163\" src=\"https:\/\/packaging-journal.de\/wp-content\/uploads\/2026\/04\/Paki-Pooling-300x163.jpg\" class=\"attachment-medium size-medium wp-image-114671\" alt=\"\" srcset=\"https:\/\/packaging-journal.de\/wp-content\/uploads\/2026\/04\/Paki-Pooling-300x163.jpg 300w, https:\/\/packaging-journal.de\/wp-content\/uploads\/2026\/04\/Paki-Pooling-1024x555.jpg 1024w, https:\/\/packaging-journal.de\/wp-content\/uploads\/2026\/04\/Paki-Pooling-768x416.jpg 768w, https:\/\/packaging-journal.de\/wp-content\/uploads\/2026\/04\/Paki-Pooling-18x10.jpg 18w, https:\/\/packaging-journal.de\/wp-content\/uploads\/2026\/04\/Paki-Pooling-332x180.jpg 332w, https:\/\/packaging-journal.de\/wp-content\/uploads\/2026\/04\/Paki-Pooling-664x360.jpg 664w, https:\/\/packaging-journal.de\/wp-content\/uploads\/2026\/04\/Paki-Pooling-688x373.jpg 688w, https:\/\/packaging-journal.de\/wp-content\/uploads\/2026\/04\/Paki-Pooling-1044x566.jpg 1044w, https:\/\/packaging-journal.de\/wp-content\/uploads\/2026\/04\/Paki-Pooling.jpg 1200w\" sizes=\"(max-width: 300px) 100vw, 300px\" \/><\/div><\/a>\n\t\t\t\t<div class=\"elementor-post__text\">\n\t\t\t\t<h3 class=\"elementor-post__title\">\n\t\t\t<a href=\"https:\/\/packaging-journal.de\/en\/paki-logistics-baut-paletten-pooling-in-suedeuropa-aus\/\">\n\t\t\t\tPaki Logistics expands pallet pooling in Southern Europe\t\t\t<\/a>\n\t\t<\/h3>\n\t\t\t\t<div class=\"elementor-post__excerpt\">\n\t\t\tPAKi Logistics Acquires Spanish Company Poolback.\t\t<\/div>\n\t\t\n\t\t<a class=\"elementor-post__read-more\" href=\"https:\/\/packaging-journal.de\/en\/paki-logistics-baut-paletten-pooling-in-suedeuropa-aus\/\" aria-label=\"Paki Logistics Expands Pallet Pooling in Southern Europe\" tabindex=\"-1\">\n\t\t\tRead more \"\t\t<\/a>\n\n\t\t\t\t<\/div>\n\t\t\t\t\t<\/div>\n\t\t<\/article>\n\t\t\t\t<article class=\"elementor-post elementor-grid-item post-114662 post type-post status-publish format-standard has-post-thumbnail category-aus-den-unternehmen-news tag-coveris tag-flexible-verpackungen tag-folien tag-lebensmittel tag-polen cs-entry cs-video-wrap\" role=\"listitem\">\n\t\t\t<div class=\"elementor-post__card\">\n\t\t\t\t<a class=\"elementor-post__thumbnail__link\" href=\"https:\/\/packaging-journal.de\/en\/coveris-investiert-in-polen\/\" tabindex=\"-1\"><div class=\"elementor-post__thumbnail\"><img loading=\"lazy\" decoding=\"async\" width=\"300\" height=\"163\" src=\"https:\/\/packaging-journal.de\/wp-content\/uploads\/2026\/04\/Coveris-Polen-300x163.jpg\" class=\"attachment-medium size-medium wp-image-114665\" alt=\"\" srcset=\"https:\/\/packaging-journal.de\/wp-content\/uploads\/2026\/04\/Coveris-Polen-300x163.jpg 300w, https:\/\/packaging-journal.de\/wp-content\/uploads\/2026\/04\/Coveris-Polen-1024x555.jpg 1024w, https:\/\/packaging-journal.de\/wp-content\/uploads\/2026\/04\/Coveris-Polen-768x416.jpg 768w, https:\/\/packaging-journal.de\/wp-content\/uploads\/2026\/04\/Coveris-Polen-18x10.jpg 18w, https:\/\/packaging-journal.de\/wp-content\/uploads\/2026\/04\/Coveris-Polen-332x180.jpg 332w, https:\/\/packaging-journal.de\/wp-content\/uploads\/2026\/04\/Coveris-Polen-664x360.jpg 664w, https:\/\/packaging-journal.de\/wp-content\/uploads\/2026\/04\/Coveris-Polen-688x373.jpg 688w, https:\/\/packaging-journal.de\/wp-content\/uploads\/2026\/04\/Coveris-Polen-1044x566.jpg 1044w, https:\/\/packaging-journal.de\/wp-content\/uploads\/2026\/04\/Coveris-Polen.jpg 1200w\" sizes=\"(max-width: 300px) 100vw, 300px\" \/><\/div><\/a>\n\t\t\t\t<div class=\"elementor-post__text\">\n\t\t\t\t<h3 class=\"elementor-post__title\">\n\t\t\t<a href=\"https:\/\/packaging-journal.de\/en\/coveris-investiert-in-polen\/\">\n\t\t\t\tCoveris invests in Poland\t\t\t<\/a>\n\t\t<\/h3>\n\t\t\t\t<div class=\"elementor-post__excerpt\">\n\t\t\tThe company is strengthening its production capacities in Central and Eastern Europe.\t\t<\/div>\n\t\t\n\t\t<a class=\"elementor-post__read-more\" href=\"https:\/\/packaging-journal.de\/en\/coveris-investiert-in-polen\/\" aria-label=\"Read more about Coveris invests in Poland\" tabindex=\"-1\">\n\t\t\tRead more \"\t\t<\/a>\n\n\t\t\t\t<\/div>\n\t\t\t\t\t<\/div>\n\t\t<\/article>\n\t\t\t\t<article class=\"elementor-post elementor-grid-item post-114654 post type-post status-publish format-standard has-post-thumbnail category-aus-den-unternehmen-news tag-abfuelltechnik tag-automatisieren-und-robotik tag-pharma-kosmetik-chemie tag-rotzinger-pharmapack cs-entry cs-video-wrap\" role=\"listitem\">\n\t\t\t<div class=\"elementor-post__card\">\n\t\t\t\t<a class=\"elementor-post__thumbnail__link\" href=\"https:\/\/packaging-journal.de\/en\/mech-i-tronic-integriert-rotzinger-pharmapack\/\" tabindex=\"-1\"><div class=\"elementor-post__thumbnail\"><img loading=\"lazy\" decoding=\"async\" width=\"300\" height=\"163\" src=\"https:\/\/packaging-journal.de\/wp-content\/uploads\/2026\/04\/Rotzinger-Pharma-300x163.jpg\" class=\"attachment-medium size-medium wp-image-114656\" alt=\"\" srcset=\"https:\/\/packaging-journal.de\/wp-content\/uploads\/2026\/04\/Rotzinger-Pharma-300x163.jpg 300w, https:\/\/packaging-journal.de\/wp-content\/uploads\/2026\/04\/Rotzinger-Pharma-1024x555.jpg 1024w, https:\/\/packaging-journal.de\/wp-content\/uploads\/2026\/04\/Rotzinger-Pharma-768x416.jpg 768w, https:\/\/packaging-journal.de\/wp-content\/uploads\/2026\/04\/Rotzinger-Pharma-18x10.jpg 18w, https:\/\/packaging-journal.de\/wp-content\/uploads\/2026\/04\/Rotzinger-Pharma-332x180.jpg 332w, https:\/\/packaging-journal.de\/wp-content\/uploads\/2026\/04\/Rotzinger-Pharma-664x360.jpg 664w, https:\/\/packaging-journal.de\/wp-content\/uploads\/2026\/04\/Rotzinger-Pharma-688x373.jpg 688w, https:\/\/packaging-journal.de\/wp-content\/uploads\/2026\/04\/Rotzinger-Pharma-1044x566.jpg 1044w, https:\/\/packaging-journal.de\/wp-content\/uploads\/2026\/04\/Rotzinger-Pharma.jpg 1200w\" sizes=\"(max-width: 300px) 100vw, 300px\" \/><\/div><\/a>\n\t\t\t\t<div class=\"elementor-post__text\">\n\t\t\t\t<h3 class=\"elementor-post__title\">\n\t\t\t<a href=\"https:\/\/packaging-journal.de\/en\/mech-i-tronic-integriert-rotzinger-pharmapack\/\">\n\t\t\t\tMech-i-tronic integrates Rotzinger Pharmapack\t\t\t<\/a>\n\t\t<\/h3>\n\t\t\t\t<div class=\"elementor-post__excerpt\">\n\t\t\tThe aim of the transaction is to expand the market position within the pharmaceutical sector.\t\t<\/div>\n\t\t\n\t\t<a class=\"elementor-post__read-more\" href=\"https:\/\/packaging-journal.de\/en\/mech-i-tronic-integriert-rotzinger-pharmapack\/\" aria-label=\"Read more about Mech-i-tronic integrates Rotzinger Pharmapack\" tabindex=\"-1\">\n\t\t\tRead more \"\t\t<\/a>\n\n\t\t\t\t<\/div>\n\t\t\t\t\t<\/div>\n\t\t<\/article>\n\t\t\t\t<\/div>\n\t\t\n\t\t\t\t\t\t<\/div>\n\t\t\t\t<\/div>\n\t\t\t\t\t<\/div>\n\t\t<\/div>\n\t\t\t\t\t<\/div>\n\t\t<\/section>\n\t\t\t\t<\/div>","protected":false},"excerpt":{"rendered":"Marchesini acquires M.A.R. S.p.A., a Milan-based company specialising in the construction of packaging machines for the pharmaceutical industry.","protected":false},"author":1,"featured_media":76048,"comment_status":"closed","ping_status":"closed","sticky":false,"template":"","format":"standard","meta":{"_acf_changed":false,"__cvm_playback_settings":[],"__cvm_video_id":"","rank_math_description":"Marchesini \u00fcbernimmt M.A.R. S.p.A, ein Mail\u00e4nder Unternehmen, spezialisiert auf den Bau von Maschinen zum Verpacken f\u00fcr die Pharmaindustrie.","rank_math_focus_keyword":"marchesini,pharma,\u00fcbernahme","rank_math_title":"","csco_display_header_overlay":false,"csco_singular_sidebar":"","csco_page_header_type":"","csco_page_load_nextpost":"","csco_post_video_location":[],"csco_post_video_location_hash":"","csco_post_video_url":"","csco_post_video_bg_start_time":0,"csco_post_video_bg_end_time":0,"footnotes":"","_links_to":"","_links_to_target":""},"categories":[114],"tags":[43,59761,59142,40,70],"class_list":{"0":"post-76044","1":"post","2":"type-post","3":"status-publish","4":"format-standard","5":"has-post-thumbnail","7":"category-aus-den-unternehmen-news","8":"tag-aus-den-unternehmen","9":"tag-marchesini","10":"tag-news-express","11":"tag-pharma-kosmetik-chemie","12":"tag-verpackungsmaschinen","13":"cs-entry","14":"cs-video-wrap"},"acf":[],"vimeo_video":null,"_links":{"self":[{"href":"https:\/\/packaging-journal.de\/en\/wp-json\/wp\/v2\/posts\/76044","targetHints":{"allow":["GET"]}}],"collection":[{"href":"https:\/\/packaging-journal.de\/en\/wp-json\/wp\/v2\/posts"}],"about":[{"href":"https:\/\/packaging-journal.de\/en\/wp-json\/wp\/v2\/types\/post"}],"author":[{"embeddable":true,"href":"https:\/\/packaging-journal.de\/en\/wp-json\/wp\/v2\/users\/1"}],"replies":[{"embeddable":true,"href":"https:\/\/packaging-journal.de\/en\/wp-json\/wp\/v2\/comments?post=76044"}],"version-history":[{"count":0,"href":"https:\/\/packaging-journal.de\/en\/wp-json\/wp\/v2\/posts\/76044\/revisions"}],"wp:featuredmedia":[{"embeddable":true,"href":"https:\/\/packaging-journal.de\/en\/wp-json\/wp\/v2\/media\/76048"}],"wp:attachment":[{"href":"https:\/\/packaging-journal.de\/en\/wp-json\/wp\/v2\/media?parent=76044"}],"wp:term":[{"taxonomy":"category","embeddable":true,"href":"https:\/\/packaging-journal.de\/en\/wp-json\/wp\/v2\/categories?post=76044"},{"taxonomy":"post_tag","embeddable":true,"href":"https:\/\/packaging-journal.de\/en\/wp-json\/wp\/v2\/tags?post=76044"}],"curies":[{"name":"wp","href":"https:\/\/api.w.org\/{rel}","templated":true}]}}