{"id":76730,"date":"2023-03-17T16:31:07","date_gmt":"2023-03-17T15:31:07","guid":{"rendered":"https:\/\/packaging-journal.de\/?p=76730"},"modified":"2023-03-17T16:31:07","modified_gmt":"2023-03-17T15:31:07","slug":"eu-commodity-security-bde-aluminium","status":"publish","type":"post","link":"https:\/\/packaging-journal.de\/en\/eu-rohstoffsicherheit-bde-aluminium\/","title":{"rendered":"EU wants to ensure raw material security"},"content":{"rendered":"<div data-elementor-type=\"wp-post\" data-elementor-id=\"76730\" class=\"elementor elementor-76730\" data-elementor-post-type=\"post\">\n\t\t\t\t\t\t<section data-exad-particle-enable=\"false\" class=\"elementor-section elementor-top-section elementor-element elementor-element-2f54190 elementor-section-boxed elementor-section-height-default elementor-section-height-default exad-parallax-effect-no exad-background-color-change-no exad-glass-effect-no exad-sticky-section-no\" data-id=\"2f54190\" data-element_type=\"section\" data-e-type=\"section\">\n\t\t\t\t\t\t<div class=\"elementor-container elementor-column-gap-default\">\n\t\t\t\t\t<div class=\"elementor-column elementor-col-100 elementor-top-column elementor-element elementor-element-1437ce6 exad-glass-effect-no exad-sticky-section-no\" data-id=\"1437ce6\" data-element_type=\"column\" data-e-type=\"column\">\n\t\t\t<div class=\"elementor-widget-wrap elementor-element-populated\">\n\t\t\t\t\t\t<div class=\"elementor-element elementor-element-86697e1 exad-sticky-section-no exad-glass-effect-no elementor-widget elementor-widget-text-editor\" data-id=\"86697e1\" data-element_type=\"widget\" data-e-type=\"widget\" data-widget_type=\"text-editor.default\">\n\t\t\t\t<div class=\"elementor-widget-container\">\n\t\t\t\t\t\t\t\t\t<p><strong>In an effort to strengthen the resilience of the European economy in the face of multiple crises, the EU Commission presented two legislative proposals on 16 March. These are intended to promote a climate-neutral economy within the EU and ensure the supply of so-called \u201estrategic\u201c raw materials. The initiative has been praised by the BDE.<\/strong><\/p><p>The BDE Federal Association of the German Waste Management, Water and Circular Economy sees the EU Commission's proposals for regulating the supply of critical raw materials as an important prerequisite for reducing dependence on raw materials from third countries. <strong>The association is particularly in favour of the planned acceleration of approval procedures for all projects relating to the processing or recycling of strategic raw materials<\/strong>.<\/p><p>With the new classification of \u201estrategic raw materials\u201c within the group of critical raw materials, the Commission is making a clear and appropriate clarification in the view of the association. \u201eThe Commission's proposals provide a good basis for reducing existing dependencies on other countries for the supply of raw materials. <strong>The Commission's plans to achieve the targets by 2030 are very ambitious<\/strong>\u201c said BDE President Peter Kurth on Thursday in Berlin.<\/p><div class=\"packa-in-post-alle\" style=\"text-align: center;\" id=\"packa-2130860086\"><div id=\"packa-240603192\"><a data-no-instant=\"1\" href=\"https:\/\/packaging-journal.de\/en\/newsletter\/\" rel=\"noopener\" class=\"a2t-link\" target=\"_blank\" aria-label=\"PJ Self-promotion English 03\"><!--noptimize--><img src=\"https:\/\/packaging-journal.de\/wp-content\/uploads\/2026\/01\/PJ-Eigenwerbung-English-03.png\" alt=\"\"  srcset=\"https:\/\/packaging-journal.de\/wp-content\/uploads\/2026\/01\/PJ-Eigenwerbung-English-03.png 840w, https:\/\/packaging-journal.de\/wp-content\/uploads\/2026\/01\/PJ-Eigenwerbung-English-03-300x75.png 300w, https:\/\/packaging-journal.de\/wp-content\/uploads\/2026\/01\/PJ-Eigenwerbung-English-03-768x192.png 768w, https:\/\/packaging-journal.de\/wp-content\/uploads\/2026\/01\/PJ-Eigenwerbung-English-03-18x5.png 18w, https:\/\/packaging-journal.de\/wp-content\/uploads\/2026\/01\/PJ-Eigenwerbung-English-03-332x83.png 332w, https:\/\/packaging-journal.de\/wp-content\/uploads\/2026\/01\/PJ-Eigenwerbung-English-03-664x166.png 664w, https:\/\/packaging-journal.de\/wp-content\/uploads\/2026\/01\/PJ-Eigenwerbung-English-03-688x172.png 688w\" sizes=\"(max-width: 840px) 100vw, 840px\" width=\"840\" height=\"210\"  style=\" max-width: 100%; height: auto;\" \/><!--\/noptimize--><\/a><\/div><\/div>\t\t\t\t\t\t\t\t<\/div>\n\t\t\t\t<\/div>\n\t\t\t\t<div class=\"elementor-element elementor-element-65416bf exad-sticky-section-no exad-glass-effect-no elementor-widget elementor-widget-heading\" data-id=\"65416bf\" data-element_type=\"widget\" data-e-type=\"widget\" data-widget_type=\"heading.default\">\n\t\t\t\t<div class=\"elementor-widget-container\">\n\t\t\t\t\t<h2 class=\"elementor-heading-title elementor-size-default\">Association rates targets as ambitious<\/h2>\t\t\t\t<\/div>\n\t\t\t\t<\/div>\n\t\t\t\t<div class=\"elementor-element elementor-element-a75c05a exad-sticky-section-no exad-glass-effect-no elementor-widget elementor-widget-text-editor\" data-id=\"a75c05a\" data-element_type=\"widget\" data-e-type=\"widget\" data-widget_type=\"text-editor.default\">\n\t\t\t\t<div class=\"elementor-widget-container\">\n\t\t\t\t\t\t\t\t\t<p>Previously, the European Commission had presented its proposal for a regulation establishing a framework for <strong>a secure and sustainable supply of critical raw materials<\/strong> (European Critical Raw Materials Regulation). These include rare earths, for example, which are in high demand on the global market and whose importance will continue to grow in the future.<\/p><p>The use of the term \u201estrategic raw materials\u201c is new. These are materials that are of fundamental importance for the green transition, digitalisation and for defence and space applications. <strong>By 2030, 10 per cent of the EU's demand for strategic raw materials is to be covered by domestic mining<\/strong>. The BDE considers the target of increasing the EU-wide processing of strategic raw materials to 40 per cent of the annual demand for strategic raw materials within the EU by 2030 to be extremely ambitious. <strong>It is crucial and necessary for the waste management sector that from 2030, 15 per cent of the annual demand for strategic raw materials should come from secondary raw materials recycled in the EU<\/strong>. In order to achieve these goals, the association believes that major investments and funding from the EU and the Member States are required, but the Commission proposal does not contain any specific and binding regulations for financing the necessary projects.<\/p><div id=\"packa-5423762\" class=\"packa-inhalt\"><!--noptimize--><script async src=\"https:\/\/pagead2.googlesyndication.com\/pagead\/js\/adsbygoogle.js?client=ca-pub-2686439340972671\" crossorigin=\"anonymous\"><\/script>\r\n<ins class=\"adsbygoogle\" style=\"display:block;text-align:center\" data-ad-layout=\"in-article\" data-ad-format=\"fluid\" data-ad-client=\"ca-pub-2686439340972671\" data-ad-slot=\"6171251825\"><\/ins>\r\n<script>\r\n     (adsbygoogle = window.adsbygoogle || []).push({});\r\n<\/script><!--\/noptimize--><\/div><p>The BDE takes a positive view of the requirement that national authorisation procedures for projects of this type must be completed within one year and can only be extended by just one month in exceptional cases. <strong>If the competent authority has still not issued a statement by this time, the authorisation is deemed to have been granted<\/strong>.<\/p>\t\t\t\t\t\t\t\t<\/div>\n\t\t\t\t<\/div>\n\t\t\t\t<div class=\"elementor-element elementor-element-606005b exad-sticky-section-no exad-glass-effect-no elementor-widget elementor-widget-heading\" data-id=\"606005b\" data-element_type=\"widget\" data-e-type=\"widget\" data-widget_type=\"heading.default\">\n\t\t\t\t<div class=\"elementor-widget-container\">\n\t\t\t\t\t<h2 class=\"elementor-heading-title elementor-size-default\">Proposal does not remain uncriticised<\/h2>\t\t\t\t<\/div>\n\t\t\t\t<\/div>\n\t\t\t\t<div class=\"elementor-element elementor-element-88a4576 exad-sticky-section-no exad-glass-effect-no elementor-widget elementor-widget-text-editor\" data-id=\"88a4576\" data-element_type=\"widget\" data-e-type=\"widget\" data-widget_type=\"text-editor.default\">\n\t\t\t\t<div class=\"elementor-widget-container\">\n\t\t\t\t\t\t\t\t\t<p>Criticism has come from the German Aluminium Association. They were irritated by the fact that aluminium is not listed as a strategic raw material in the proposal. AD President Rob van Gils: \u201eWe are surprised, to say the least, that the Commission has not identified aluminium as a strategic material. <strong>Without a strong, cohesive and resilient aluminium competence chain, we are only shifting the risk of strategic dependency instead of overcoming it<\/strong>. This will not bring us any closer to Europe's goals. The switch to battery-powered electric vehicles, the expansion of renewable energies and the grids cannot be implemented without aluminium. And we would be well advised to maintain these well-established chains of expertise in Germany and Europe.\u201c<\/p><p><em>Sources<\/em>: <a href=\"https:\/\/www.bde.de\/\" target=\"_blank\" rel=\"noopener\">BDE<\/a> | <a href=\"http:\/\/www.aluinfo.de\/startseite.html\" target=\"_blank\" rel=\"noopener\">Aluminium Germany<\/a><\/p>\t\t\t\t\t\t\t\t<\/div>\n\t\t\t\t<\/div>\n\t\t\t\t\t<\/div>\n\t\t<\/div>\n\t\t\t\t\t<\/div>\n\t\t<\/section>\n\t\t\t\t<section data-exad-particle-enable=\"false\" class=\"elementor-section elementor-top-section elementor-element elementor-element-780cf13c elementor-section-boxed elementor-section-height-default elementor-section-height-default exad-parallax-effect-no exad-background-color-change-no exad-glass-effect-no exad-sticky-section-no\" data-id=\"780cf13c\" data-element_type=\"section\" data-e-type=\"section\" data-settings=\"{&quot;background_background&quot;:&quot;classic&quot;}\">\n\t\t\t\t\t\t<div class=\"elementor-container elementor-column-gap-default\">\n\t\t\t\t\t<div class=\"elementor-column elementor-col-100 elementor-top-column elementor-element elementor-element-4b948b29 exad-glass-effect-no exad-sticky-section-no\" data-id=\"4b948b29\" data-element_type=\"column\" data-e-type=\"column\">\n\t\t\t<div class=\"elementor-widget-wrap elementor-element-populated\">\n\t\t\t\t\t\t<div class=\"elementor-element elementor-element-3be5a7f7 exad-sticky-section-no exad-glass-effect-no elementor-widget elementor-widget-heading\" data-id=\"3be5a7f7\" data-element_type=\"widget\" data-e-type=\"widget\" data-widget_type=\"heading.default\">\n\t\t\t\t<div class=\"elementor-widget-container\">\n\t\t\t\t\t<h2 class=\"elementor-heading-title elementor-size-default\">Further news on laws and the market<\/h2>\t\t\t\t<\/div>\n\t\t\t\t<\/div>\n\t\t\t\t<div class=\"elementor-element elementor-element-7fca5e37 elementor-grid-3 elementor-grid-tablet-2 elementor-grid-mobile-1 elementor-posts--thumbnail-top elementor-posts__hover-gradient exad-sticky-section-no exad-glass-effect-no elementor-widget elementor-widget-posts\" data-id=\"7fca5e37\" data-element_type=\"widget\" data-e-type=\"widget\" data-settings=\"{&quot;cards_row_gap&quot;:{&quot;unit&quot;:&quot;px&quot;,&quot;size&quot;:38,&quot;sizes&quot;:[]},&quot;cards_columns&quot;:&quot;3&quot;,&quot;cards_columns_tablet&quot;:&quot;2&quot;,&quot;cards_columns_mobile&quot;:&quot;1&quot;,&quot;cards_row_gap_tablet&quot;:{&quot;unit&quot;:&quot;px&quot;,&quot;size&quot;:&quot;&quot;,&quot;sizes&quot;:[]},&quot;cards_row_gap_mobile&quot;:{&quot;unit&quot;:&quot;px&quot;,&quot;size&quot;:&quot;&quot;,&quot;sizes&quot;:[]}}\" data-widget_type=\"posts.cards\">\n\t\t\t\t<div class=\"elementor-widget-container\">\n\t\t\t\t\t\t\t<div class=\"elementor-posts-container elementor-posts elementor-posts--skin-cards elementor-grid\" role=\"list\">\n\t\t\t\t<article class=\"elementor-post elementor-grid-item post-115238 post type-post status-publish format-standard has-post-thumbnail category-maerkte tag-gesetze-und-verordnungen tag-kunststoff-und-verbunde tag-oesterreich tag-pj_home cs-entry cs-video-wrap\" role=\"listitem\">\n\t\t\t<div class=\"elementor-post__card\">\n\t\t\t\t<a class=\"elementor-post__thumbnail__link\" href=\"https:\/\/packaging-journal.de\/en\/steuer-auf-kunststoffverpackungen-gestoppt\/\" tabindex=\"-1\"><div class=\"elementor-post__thumbnail\"><img decoding=\"async\" width=\"300\" height=\"163\" src=\"https:\/\/packaging-journal.de\/wp-content\/uploads\/2026\/04\/Austria-Flag-300x163.jpg\" class=\"attachment-medium size-medium wp-image-115241\" alt=\"\" srcset=\"https:\/\/packaging-journal.de\/wp-content\/uploads\/2026\/04\/Austria-Flag-300x163.jpg 300w, https:\/\/packaging-journal.de\/wp-content\/uploads\/2026\/04\/Austria-Flag-1024x555.jpg 1024w, https:\/\/packaging-journal.de\/wp-content\/uploads\/2026\/04\/Austria-Flag-768x416.jpg 768w, https:\/\/packaging-journal.de\/wp-content\/uploads\/2026\/04\/Austria-Flag-18x10.jpg 18w, https:\/\/packaging-journal.de\/wp-content\/uploads\/2026\/04\/Austria-Flag-332x180.jpg 332w, https:\/\/packaging-journal.de\/wp-content\/uploads\/2026\/04\/Austria-Flag-664x360.jpg 664w, https:\/\/packaging-journal.de\/wp-content\/uploads\/2026\/04\/Austria-Flag-688x373.jpg 688w, https:\/\/packaging-journal.de\/wp-content\/uploads\/2026\/04\/Austria-Flag-1044x566.jpg 1044w, https:\/\/packaging-journal.de\/wp-content\/uploads\/2026\/04\/Austria-Flag.jpg 1200w\" sizes=\"(max-width: 300px) 100vw, 300px\" \/><\/div><\/a>\n\t\t\t\t<div class=\"elementor-post__text\">\n\t\t\t\t<h3 class=\"elementor-post__title\">\n\t\t\t<a href=\"https:\/\/packaging-journal.de\/en\/steuer-auf-kunststoffverpackungen-gestoppt\/\">\n\t\t\t\tPlastic packaging tax halted\t\t\t<\/a>\n\t\t<\/h3>\n\t\t\t\t<div class=\"elementor-post__excerpt\">\n\t\t\tThe national plastic tax, originally planned for 1 October 2026 in Austria, is off the table.\t\t<\/div>\n\t\t\n\t\t<a class=\"elementor-post__read-more\" href=\"https:\/\/packaging-journal.de\/en\/steuer-auf-kunststoffverpackungen-gestoppt\/\" aria-label=\"Read more about tax on plastic packaging stopped\" tabindex=\"-1\">\n\t\t\tRead more \"\t\t<\/a>\n\n\t\t\t\t<\/div>\n\t\t\t\t\t<\/div>\n\t\t<\/article>\n\t\t\t\t<article class=\"elementor-post elementor-grid-item post-115117 post type-post status-publish format-video has-post-thumbnail category-maerkte category-messen-und-veranstaltungen tag-eu-verpackungsverordnung tag-interpack tag-markt tag-packmittel-und-packstoffe tag-veranstaltungen tag-verpackungstechnik post_format-post-format-video cs-entry cs-video-wrap\" role=\"listitem\">\n\t\t\t<div class=\"elementor-post__card\">\n\t\t\t\t<a class=\"elementor-post__thumbnail__link\" href=\"https:\/\/packaging-journal.de\/en\/heimspiel-unter-druck-was-die-verpackungsbranche-vor-der-interpack-wirklich-bewegt\/\" tabindex=\"-1\"><div class=\"elementor-post__thumbnail\"><img fetchpriority=\"high\" decoding=\"async\" width=\"300\" height=\"167\" src=\"https:\/\/packaging-journal.de\/wp-content\/uploads\/2026\/04\/Gemini_Generated_Image_h80kp0h80kp0h80k-bearbeitet-300x167.jpg\" class=\"attachment-medium size-medium wp-image-115121\" alt=\"\" srcset=\"https:\/\/packaging-journal.de\/wp-content\/uploads\/2026\/04\/Gemini_Generated_Image_h80kp0h80kp0h80k-bearbeitet-300x167.jpg 300w, https:\/\/packaging-journal.de\/wp-content\/uploads\/2026\/04\/Gemini_Generated_Image_h80kp0h80kp0h80k-bearbeitet-1024x571.jpg 1024w, https:\/\/packaging-journal.de\/wp-content\/uploads\/2026\/04\/Gemini_Generated_Image_h80kp0h80kp0h80k-bearbeitet-768x429.jpg 768w, https:\/\/packaging-journal.de\/wp-content\/uploads\/2026\/04\/Gemini_Generated_Image_h80kp0h80kp0h80k-bearbeitet-1536x857.jpg 1536w, https:\/\/packaging-journal.de\/wp-content\/uploads\/2026\/04\/Gemini_Generated_Image_h80kp0h80kp0h80k-bearbeitet-2048x1143.jpg 2048w, https:\/\/packaging-journal.de\/wp-content\/uploads\/2026\/04\/Gemini_Generated_Image_h80kp0h80kp0h80k-bearbeitet-18x10.jpg 18w, https:\/\/packaging-journal.de\/wp-content\/uploads\/2026\/04\/Gemini_Generated_Image_h80kp0h80kp0h80k-bearbeitet-332x185.jpg 332w, https:\/\/packaging-journal.de\/wp-content\/uploads\/2026\/04\/Gemini_Generated_Image_h80kp0h80kp0h80k-bearbeitet-664x371.jpg 664w, https:\/\/packaging-journal.de\/wp-content\/uploads\/2026\/04\/Gemini_Generated_Image_h80kp0h80kp0h80k-bearbeitet-688x384.jpg 688w, https:\/\/packaging-journal.de\/wp-content\/uploads\/2026\/04\/Gemini_Generated_Image_h80kp0h80kp0h80k-bearbeitet-1044x583.jpg 1044w, https:\/\/packaging-journal.de\/wp-content\/uploads\/2026\/04\/Gemini_Generated_Image_h80kp0h80kp0h80k-bearbeitet-1400x781.jpg 1400w, https:\/\/packaging-journal.de\/wp-content\/uploads\/2026\/04\/Gemini_Generated_Image_h80kp0h80kp0h80k-bearbeitet-1920x1071.jpg 1920w, https:\/\/packaging-journal.de\/wp-content\/uploads\/2026\/04\/Gemini_Generated_Image_h80kp0h80kp0h80k-bearbeitet-1320x737.jpg 1320w, https:\/\/packaging-journal.de\/wp-content\/uploads\/2026\/04\/Gemini_Generated_Image_h80kp0h80kp0h80k-bearbeitet.jpg 2500w\" sizes=\"(max-width: 300px) 100vw, 300px\" \/><\/div><\/a>\n\t\t\t\t<div class=\"elementor-post__text\">\n\t\t\t\t<h3 class=\"elementor-post__title\">\n\t\t\t<a href=\"https:\/\/packaging-journal.de\/en\/heimspiel-unter-druck-was-die-verpackungsbranche-vor-der-interpack-wirklich-bewegt\/\">\n\t\t\t\tHome game under pressure: What's really moving the packaging industry ahead of interpack\t\t\t<\/a>\n\t\t<\/h3>\n\t\t\t\t<div class=\"elementor-post__excerpt\">\n\t\t\tShortly before the start of interpack 2026, packaging journal, VDMA Managing Director Richard Clemens, interpack President Markus Rustler and trade fair head Thomas Dose met for a countdown talk in D\u00fcsseldorf. The mood is good \u2013 the situation is serious.\t\t<\/div>\n\t\t\n\t\t<a class=\"elementor-post__read-more\" href=\"https:\/\/packaging-journal.de\/en\/heimspiel-unter-druck-was-die-verpackungsbranche-vor-der-interpack-wirklich-bewegt\/\" aria-label=\"Read more about home game under pressure: What&#039;s really moving the packaging industry before interpack\" tabindex=\"-1\">\n\t\t\tRead more \"\t\t<\/a>\n\n\t\t\t\t<\/div>\n\t\t\t\t\t<\/div>\n\t\t<\/article>\n\t\t\t\t<article class=\"elementor-post elementor-grid-item post-114920 post type-post status-publish format-standard has-post-thumbnail category-maerkte tag-eu-verpackungsverordnung tag-flexible-packaging-europe tag-gesetze-und-verordnungen tag-markt cs-entry cs-video-wrap\" role=\"listitem\">\n\t\t\t<div class=\"elementor-post__card\">\n\t\t\t\t<a class=\"elementor-post__thumbnail__link\" href=\"https:\/\/packaging-journal.de\/en\/fpe-fordert-klare-umsetzung-statt-ppwr-neuauflage\/\" tabindex=\"-1\"><div class=\"elementor-post__thumbnail\"><img decoding=\"async\" width=\"300\" height=\"163\" src=\"https:\/\/packaging-journal.de\/wp-content\/uploads\/2026\/04\/FPE-PPWR-300x163.jpg\" class=\"attachment-medium size-medium wp-image-114923\" alt=\"\" srcset=\"https:\/\/packaging-journal.de\/wp-content\/uploads\/2026\/04\/FPE-PPWR-300x163.jpg 300w, https:\/\/packaging-journal.de\/wp-content\/uploads\/2026\/04\/FPE-PPWR-1024x555.jpg 1024w, https:\/\/packaging-journal.de\/wp-content\/uploads\/2026\/04\/FPE-PPWR-768x416.jpg 768w, https:\/\/packaging-journal.de\/wp-content\/uploads\/2026\/04\/FPE-PPWR-18x10.jpg 18w, https:\/\/packaging-journal.de\/wp-content\/uploads\/2026\/04\/FPE-PPWR-332x180.jpg 332w, https:\/\/packaging-journal.de\/wp-content\/uploads\/2026\/04\/FPE-PPWR-664x360.jpg 664w, https:\/\/packaging-journal.de\/wp-content\/uploads\/2026\/04\/FPE-PPWR-688x373.jpg 688w, https:\/\/packaging-journal.de\/wp-content\/uploads\/2026\/04\/FPE-PPWR-1044x566.jpg 1044w, https:\/\/packaging-journal.de\/wp-content\/uploads\/2026\/04\/FPE-PPWR.jpg 1200w\" sizes=\"(max-width: 300px) 100vw, 300px\" \/><\/div><\/a>\n\t\t\t\t<div class=\"elementor-post__text\">\n\t\t\t\t<h3 class=\"elementor-post__title\">\n\t\t\t<a href=\"https:\/\/packaging-journal.de\/en\/fpe-fordert-klare-umsetzung-statt-ppwr-neuauflage\/\">\n\t\t\t\tFPE calls for clear implementation instead of a PPWR relaunch\t\t\t<\/a>\n\t\t<\/h3>\n\t\t\t\t<div class=\"elementor-post__excerpt\">\n\t\t\tThe association is speaking out against a delay or renegotiation of the EU Packaging Regulation.\t\t<\/div>\n\t\t\n\t\t<a class=\"elementor-post__read-more\" href=\"https:\/\/packaging-journal.de\/en\/fpe-fordert-klare-umsetzung-statt-ppwr-neuauflage\/\" aria-label=\"Read more about FPE calls for clear implementation instead of a PPWR relaunch\" tabindex=\"-1\">\n\t\t\tRead more \"\t\t<\/a>\n\n\t\t\t\t<\/div>\n\t\t\t\t\t<\/div>\n\t\t<\/article>\n\t\t\t\t<article class=\"elementor-post elementor-grid-item post-114839 post type-post status-publish format-standard has-post-thumbnail category-maerkte tag-gesetze-und-verordnungen tag-lebensmittel tag-markt tag-mehrweg tag-verpackungssteuer cs-entry cs-video-wrap\" role=\"listitem\">\n\t\t\t<div class=\"elementor-post__card\">\n\t\t\t\t<a class=\"elementor-post__thumbnail__link\" href=\"https:\/\/packaging-journal.de\/en\/potsdam-fuehrt-verpackungssteuer-ein\/\" tabindex=\"-1\"><div class=\"elementor-post__thumbnail\"><img loading=\"lazy\" decoding=\"async\" width=\"300\" height=\"163\" src=\"https:\/\/packaging-journal.de\/wp-content\/uploads\/2026\/04\/Potsdam-300x163.jpg\" class=\"attachment-medium size-medium wp-image-114845\" alt=\"\" srcset=\"https:\/\/packaging-journal.de\/wp-content\/uploads\/2026\/04\/Potsdam-300x163.jpg 300w, https:\/\/packaging-journal.de\/wp-content\/uploads\/2026\/04\/Potsdam-1024x555.jpg 1024w, https:\/\/packaging-journal.de\/wp-content\/uploads\/2026\/04\/Potsdam-768x416.jpg 768w, https:\/\/packaging-journal.de\/wp-content\/uploads\/2026\/04\/Potsdam-18x10.jpg 18w, https:\/\/packaging-journal.de\/wp-content\/uploads\/2026\/04\/Potsdam-332x180.jpg 332w, https:\/\/packaging-journal.de\/wp-content\/uploads\/2026\/04\/Potsdam-664x360.jpg 664w, https:\/\/packaging-journal.de\/wp-content\/uploads\/2026\/04\/Potsdam-688x373.jpg 688w, https:\/\/packaging-journal.de\/wp-content\/uploads\/2026\/04\/Potsdam-1044x566.jpg 1044w, https:\/\/packaging-journal.de\/wp-content\/uploads\/2026\/04\/Potsdam.jpg 1200w\" sizes=\"(max-width: 300px) 100vw, 300px\" \/><\/div><\/a>\n\t\t\t\t<div class=\"elementor-post__text\">\n\t\t\t\t<h3 class=\"elementor-post__title\">\n\t\t\t<a href=\"https:\/\/packaging-journal.de\/en\/potsdam-fuehrt-verpackungssteuer-ein\/\">\n\t\t\t\tPotsdam introduces packaging tax\t\t\t<\/a>\n\t\t<\/h3>\n\t\t\t\t<div class=\"elementor-post__excerpt\">\n\t\t\tThe tax is primarily aimed at end sellers and provides for differentiated tax rates.\t\t<\/div>\n\t\t\n\t\t<a class=\"elementor-post__read-more\" href=\"https:\/\/packaging-journal.de\/en\/potsdam-fuehrt-verpackungssteuer-ein\/\" aria-label=\"Read more about Potsdam introduces packaging tax\" tabindex=\"-1\">\n\t\t\tRead more \"\t\t<\/a>\n\n\t\t\t\t<\/div>\n\t\t\t\t\t<\/div>\n\t\t<\/article>\n\t\t\t\t<article class=\"elementor-post elementor-grid-item post-114759 post type-post status-publish format-standard has-post-thumbnail category-maerkte tag-eu-verpackungsverordnung tag-gesetze-und-verordnungen tag-markt tag-pj_home cs-entry cs-video-wrap\" role=\"listitem\">\n\t\t\t<div class=\"elementor-post__card\">\n\t\t\t\t<a class=\"elementor-post__thumbnail__link\" href=\"https:\/\/packaging-journal.de\/en\/bundesregierung-lehnt-zentrale-bundesratsvorschlaege-ab\/\" tabindex=\"-1\"><div class=\"elementor-post__thumbnail\"><img loading=\"lazy\" decoding=\"async\" width=\"300\" height=\"163\" src=\"https:\/\/packaging-journal.de\/wp-content\/uploads\/2026\/04\/Bundeskanzleramt-300x163.jpg\" class=\"attachment-medium size-medium wp-image-114762\" alt=\"\" srcset=\"https:\/\/packaging-journal.de\/wp-content\/uploads\/2026\/04\/Bundeskanzleramt-300x163.jpg 300w, https:\/\/packaging-journal.de\/wp-content\/uploads\/2026\/04\/Bundeskanzleramt-1024x555.jpg 1024w, https:\/\/packaging-journal.de\/wp-content\/uploads\/2026\/04\/Bundeskanzleramt-768x416.jpg 768w, https:\/\/packaging-journal.de\/wp-content\/uploads\/2026\/04\/Bundeskanzleramt-18x10.jpg 18w, https:\/\/packaging-journal.de\/wp-content\/uploads\/2026\/04\/Bundeskanzleramt-332x180.jpg 332w, https:\/\/packaging-journal.de\/wp-content\/uploads\/2026\/04\/Bundeskanzleramt-664x360.jpg 664w, https:\/\/packaging-journal.de\/wp-content\/uploads\/2026\/04\/Bundeskanzleramt-688x373.jpg 688w, https:\/\/packaging-journal.de\/wp-content\/uploads\/2026\/04\/Bundeskanzleramt-1044x566.jpg 1044w, https:\/\/packaging-journal.de\/wp-content\/uploads\/2026\/04\/Bundeskanzleramt.jpg 1200w\" sizes=\"(max-width: 300px) 100vw, 300px\" \/><\/div><\/a>\n\t\t\t\t<div class=\"elementor-post__text\">\n\t\t\t\t<h3 class=\"elementor-post__title\">\n\t\t\t<a href=\"https:\/\/packaging-journal.de\/en\/bundesregierung-lehnt-zentrale-bundesratsvorschlaege-ab\/\">\n\t\t\t\tFederal government rejects key Bundesrat proposals\t\t\t<\/a>\n\t\t<\/h3>\n\t\t\t\t<div class=\"elementor-post__excerpt\">\n\t\t\tThe federal government makes it clear on several points that it largely intends to stick to the draft of the Packaging Act.\t\t<\/div>\n\t\t\n\t\t<a class=\"elementor-post__read-more\" href=\"https:\/\/packaging-journal.de\/en\/bundesregierung-lehnt-zentrale-bundesratsvorschlaege-ab\/\" aria-label=\"Read more about the Federal Government rejects key Bundesrat proposals\" tabindex=\"-1\">\n\t\t\tRead more \"\t\t<\/a>\n\n\t\t\t\t<\/div>\n\t\t\t\t\t<\/div>\n\t\t<\/article>\n\t\t\t\t<article class=\"elementor-post elementor-grid-item post-114694 post type-post status-publish format-standard has-post-thumbnail category-maerkte tag-abfalltechnik-und-recycling tag-getraenke tag-markt tag-mehrweg tag-portugal cs-entry cs-video-wrap\" role=\"listitem\">\n\t\t\t<div class=\"elementor-post__card\">\n\t\t\t\t<a class=\"elementor-post__thumbnail__link\" href=\"https:\/\/packaging-journal.de\/en\/volta-startet-pfandsystem-in-portugal\/\" tabindex=\"-1\"><div class=\"elementor-post__thumbnail\"><img loading=\"lazy\" decoding=\"async\" width=\"300\" height=\"163\" src=\"https:\/\/packaging-journal.de\/wp-content\/uploads\/2026\/04\/Portugal-Flag-300x163.jpg\" class=\"attachment-medium size-medium wp-image-114696\" alt=\"\" srcset=\"https:\/\/packaging-journal.de\/wp-content\/uploads\/2026\/04\/Portugal-Flag-300x163.jpg 300w, https:\/\/packaging-journal.de\/wp-content\/uploads\/2026\/04\/Portugal-Flag-1024x555.jpg 1024w, https:\/\/packaging-journal.de\/wp-content\/uploads\/2026\/04\/Portugal-Flag-768x416.jpg 768w, https:\/\/packaging-journal.de\/wp-content\/uploads\/2026\/04\/Portugal-Flag-18x10.jpg 18w, https:\/\/packaging-journal.de\/wp-content\/uploads\/2026\/04\/Portugal-Flag-332x180.jpg 332w, https:\/\/packaging-journal.de\/wp-content\/uploads\/2026\/04\/Portugal-Flag-664x360.jpg 664w, https:\/\/packaging-journal.de\/wp-content\/uploads\/2026\/04\/Portugal-Flag-688x373.jpg 688w, https:\/\/packaging-journal.de\/wp-content\/uploads\/2026\/04\/Portugal-Flag-1044x566.jpg 1044w, https:\/\/packaging-journal.de\/wp-content\/uploads\/2026\/04\/Portugal-Flag.jpg 1200w\" sizes=\"(max-width: 300px) 100vw, 300px\" \/><\/div><\/a>\n\t\t\t\t<div class=\"elementor-post__text\">\n\t\t\t\t<h3 class=\"elementor-post__title\">\n\t\t\t<a href=\"https:\/\/packaging-journal.de\/en\/volta-startet-pfandsystem-in-portugal\/\">\n\t\t\t\tVolta Launches Deposit System in Portugal\t\t\t<\/a>\n\t\t<\/h3>\n\t\t\t\t<div class=\"elementor-post__excerpt\">\n\t\t\tThe national system captures single-use drink packaging.\t\t<\/div>\n\t\t\n\t\t<a class=\"elementor-post__read-more\" href=\"https:\/\/packaging-journal.de\/en\/volta-startet-pfandsystem-in-portugal\/\" aria-label=\"Read more about Volta starts deposit system in Portugal\" tabindex=\"-1\">\n\t\t\tRead more \"\t\t<\/a>\n\n\t\t\t\t<\/div>\n\t\t\t\t\t<\/div>\n\t\t<\/article>\n\t\t\t\t<\/div>\n\t\t\n\t\t\t\t\t\t<\/div>\n\t\t\t\t<\/div>\n\t\t\t\t\t<\/div>\n\t\t<\/div>\n\t\t\t\t\t<\/div>\n\t\t<\/section>\n\t\t\t\t<\/div>","protected":false},"excerpt":{"rendered":"In an effort to strengthen the resilience of the European economy in the face of multiple crises, the EU Commission presented two legislative proposals on 16 March. These are intended to promote a climate-neutral economy within the EU and ensure the supply of so-called \u201estrategic\u201c raw materials. The initiative has been praised by the BDE.","protected":false},"author":1,"featured_media":72873,"comment_status":"closed","ping_status":"closed","sticky":false,"template":"","format":"standard","meta":{"_acf_changed":false,"__cvm_playback_settings":[],"__cvm_video_id":"","rank_math_description":"Im Bem\u00fchen, die europ\u00e4ische Wirtschaft angesichts multipler Krisen in ihrer Widerstandskraft zu st\u00e4rken, hat die EU-Kommission am 16. M\u00e4rz zwei Gesetzesvorhaben pr\u00e4sentiert.","rank_math_focus_keyword":"EU","rank_math_title":"","csco_display_header_overlay":false,"csco_singular_sidebar":"","csco_page_header_type":"","csco_page_load_nextpost":"","csco_post_video_location":[],"csco_post_video_location_hash":"","csco_post_video_url":"","csco_post_video_bg_start_time":0,"csco_post_video_bg_end_time":0,"footnotes":"","_links_to":"","_links_to_target":""},"categories":[111],"tags":[59271,59578,59948,58757,36],"class_list":{"0":"post-76730","1":"post","2":"type-post","3":"status-publish","4":"format-standard","5":"has-post-thumbnail","7":"category-maerkte","8":"tag-aluminium-deutschland","9":"tag-bde","10":"tag-eu","11":"tag-gesetze-und-verordnungen","12":"tag-markt","13":"cs-entry","14":"cs-video-wrap"},"acf":[],"vimeo_video":null,"_links":{"self":[{"href":"https:\/\/packaging-journal.de\/en\/wp-json\/wp\/v2\/posts\/76730","targetHints":{"allow":["GET"]}}],"collection":[{"href":"https:\/\/packaging-journal.de\/en\/wp-json\/wp\/v2\/posts"}],"about":[{"href":"https:\/\/packaging-journal.de\/en\/wp-json\/wp\/v2\/types\/post"}],"author":[{"embeddable":true,"href":"https:\/\/packaging-journal.de\/en\/wp-json\/wp\/v2\/users\/1"}],"replies":[{"embeddable":true,"href":"https:\/\/packaging-journal.de\/en\/wp-json\/wp\/v2\/comments?post=76730"}],"version-history":[{"count":0,"href":"https:\/\/packaging-journal.de\/en\/wp-json\/wp\/v2\/posts\/76730\/revisions"}],"wp:featuredmedia":[{"embeddable":true,"href":"https:\/\/packaging-journal.de\/en\/wp-json\/wp\/v2\/media\/72873"}],"wp:attachment":[{"href":"https:\/\/packaging-journal.de\/en\/wp-json\/wp\/v2\/media?parent=76730"}],"wp:term":[{"taxonomy":"category","embeddable":true,"href":"https:\/\/packaging-journal.de\/en\/wp-json\/wp\/v2\/categories?post=76730"},{"taxonomy":"post_tag","embeddable":true,"href":"https:\/\/packaging-journal.de\/en\/wp-json\/wp\/v2\/tags?post=76730"}],"curies":[{"name":"wp","href":"https:\/\/api.w.org\/{rel}","templated":true}]}}