{"id":77038,"date":"2023-03-24T17:49:20","date_gmt":"2023-03-24T16:49:20","guid":{"rendered":"https:\/\/packaging-journal.de\/?p=77038"},"modified":"2023-03-24T17:49:20","modified_gmt":"2023-03-24T16:49:20","slug":"rovema-customised-experience","status":"publish","type":"post","link":"https:\/\/packaging-journal.de\/en\/rovema-customized-experience\/","title":{"rendered":"Full house at the Rovema Customised Experience"},"content":{"rendered":"<div data-elementor-type=\"wp-post\" data-elementor-id=\"77038\" class=\"elementor elementor-77038\" data-elementor-post-type=\"post\">\n\t\t\t\t\t\t<section data-exad-particle-enable=\"false\" class=\"elementor-section elementor-top-section elementor-element elementor-element-4d81711 elementor-section-boxed elementor-section-height-default elementor-section-height-default exad-parallax-effect-no exad-background-color-change-no exad-glass-effect-no exad-sticky-section-no\" data-id=\"4d81711\" data-element_type=\"section\" data-e-type=\"section\">\n\t\t\t\t\t\t<div class=\"elementor-container elementor-column-gap-default\">\n\t\t\t\t\t<div class=\"elementor-column elementor-col-100 elementor-top-column elementor-element elementor-element-28f117c exad-glass-effect-no exad-sticky-section-no\" data-id=\"28f117c\" data-element_type=\"column\" data-e-type=\"column\">\n\t\t\t<div class=\"elementor-widget-wrap elementor-element-populated\">\n\t\t\t\t\t\t<div class=\"elementor-element elementor-element-9475261 exad-sticky-section-no exad-glass-effect-no elementor-widget elementor-widget-text-editor\" data-id=\"9475261\" data-element_type=\"widget\" data-e-type=\"widget\" data-widget_type=\"text-editor.default\">\n\t\t\t\t<div class=\"elementor-widget-container\">\n\t\t\t\t\t\t\t\t\t<p><strong>Sometimes companies dare to take unusual paths. Machine manufacturer Rovema, for example, is foregoing an interpack appearance this year, but is inviting customers to demonstrations and presentations at its own plant in Fernwald, Hesse. And they are more than willing to accept the invitation.<\/strong><\/p><p>Full house in Fernwald. The mechanical engineering company <a href=\"https:\/\/packaging-journal.de\/tag\/rovema\/\">Rovema<\/a> invited customers and interested parties to its headquarters near Giessen for three consecutive days - from 21 to 23 March - to kick off the \u201eCustomised Experience\u201c series. <strong>In 2023, the company will be organising multi-day events in several stages<\/strong>, in which packaging solutions for various areas of the food industry are presented in cooperation with long-standing partners. <strong>The topic of coffee packaging took centre stage in March.<\/strong><\/p>\t\t\t\t\t\t\t\t<\/div>\n\t\t\t\t<\/div>\n\t\t\t\t<div class=\"elementor-element elementor-element-e5733d0 exad-sticky-section-no exad-glass-effect-no elementor-widget elementor-widget-text-editor\" data-id=\"e5733d0\" data-element_type=\"widget\" data-e-type=\"widget\" data-widget_type=\"text-editor.default\">\n\t\t\t\t<div class=\"elementor-widget-container\">\n\t\t\t\t\t\t\t\t\t<p>And many of those invited turned up. \u201eWe are very pleased with this kick-off event, because travelling to Fernwald is not a matter of course. In the end, we had visitors from all over Europe, which makes us very proud and shows us that our event is relevant,\u201c says CEO Christoph Gusenleitner, who has headed the company since April 2022. And the journey was definitely worth it. <strong>On site, visitors were treated to several live demonstrations with commentary on the Rovema BVC 260<\/strong>, which was specially prepared for packaging ground and whole bean coffee. An option with a degassing valve was demonstrated for bean coffee and a high-performance application for portion packs, so-called frac packs, for ground coffee.<\/p><div class=\"packa-in-post-alle\" style=\"text-align: center;\" id=\"packa-3838300375\"><div id=\"packa-2216008371\"><a data-no-instant=\"1\" href=\"https:\/\/packaging-journal.de\/en\/newsletter\/\" rel=\"noopener\" class=\"a2t-link\" target=\"_blank\" aria-label=\"PJ Self-promotion English 03\"><!--noptimize--><img src=\"https:\/\/packaging-journal.de\/wp-content\/uploads\/2026\/01\/PJ-Eigenwerbung-English-03.png\" alt=\"\"  srcset=\"https:\/\/packaging-journal.de\/wp-content\/uploads\/2026\/01\/PJ-Eigenwerbung-English-03.png 840w, https:\/\/packaging-journal.de\/wp-content\/uploads\/2026\/01\/PJ-Eigenwerbung-English-03-300x75.png 300w, https:\/\/packaging-journal.de\/wp-content\/uploads\/2026\/01\/PJ-Eigenwerbung-English-03-768x192.png 768w, https:\/\/packaging-journal.de\/wp-content\/uploads\/2026\/01\/PJ-Eigenwerbung-English-03-18x5.png 18w, https:\/\/packaging-journal.de\/wp-content\/uploads\/2026\/01\/PJ-Eigenwerbung-English-03-332x83.png 332w, https:\/\/packaging-journal.de\/wp-content\/uploads\/2026\/01\/PJ-Eigenwerbung-English-03-664x166.png 664w, https:\/\/packaging-journal.de\/wp-content\/uploads\/2026\/01\/PJ-Eigenwerbung-English-03-688x172.png 688w\" sizes=\"(max-width: 840px) 100vw, 840px\" width=\"840\" height=\"210\"  style=\" max-width: 100%; height: auto;\" \/><!--\/noptimize--><\/a><\/div><\/div>\t\t\t\t\t\t\t\t<\/div>\n\t\t\t\t<\/div>\n\t\t\t\t<div class=\"elementor-element elementor-element-75ae027 exad-sticky-section-no exad-glass-effect-no elementor-widget elementor-widget-image\" data-id=\"75ae027\" data-element_type=\"widget\" data-e-type=\"widget\" data-widget_type=\"image.default\">\n\t\t\t\t<div class=\"elementor-widget-container\">\n\t\t\t\t\t\t\t\t\t\t\t\t<figure class=\"wp-caption\">\n\t\t\t\t\t\t\t\t\t\t<img fetchpriority=\"high\" decoding=\"async\" width=\"1024\" height=\"768\" src=\"https:\/\/packaging-journal.de\/wp-content\/uploads\/2023\/03\/rovema-experience-wassertest-1024x768.jpg\" class=\"attachment-large size-large wp-image-77041\" alt=\"\" srcset=\"https:\/\/packaging-journal.de\/wp-content\/uploads\/2023\/03\/rovema-experience-wassertest-1024x768.jpg 1024w, https:\/\/packaging-journal.de\/wp-content\/uploads\/2023\/03\/rovema-experience-wassertest-300x225.jpg 300w, https:\/\/packaging-journal.de\/wp-content\/uploads\/2023\/03\/rovema-experience-wassertest-768x576.jpg 768w, https:\/\/packaging-journal.de\/wp-content\/uploads\/2023\/03\/rovema-experience-wassertest-1536x1152.jpg 1536w, https:\/\/packaging-journal.de\/wp-content\/uploads\/2023\/03\/rovema-experience-wassertest-1320x990.jpg 1320w, https:\/\/packaging-journal.de\/wp-content\/uploads\/2023\/03\/rovema-experience-wassertest.jpg 2000w\" sizes=\"(max-width: 1024px) 100vw, 1024px\" \/>\t\t\t\t\t\t\t\t\t\t\t<figcaption class=\"widget-image-caption wp-caption-text\">Fresh from the machine, the coffee bags went straight into the water bath for testing. (Image: packaging journal)<\/figcaption>\n\t\t\t\t\t\t\t\t\t\t<\/figure>\n\t\t\t\t\t\t\t\t\t<\/div>\n\t\t\t\t<\/div>\n\t\t\t\t<div class=\"elementor-element elementor-element-4ab1372 exad-sticky-section-no exad-glass-effect-no elementor-widget elementor-widget-text-editor\" data-id=\"4ab1372\" data-element_type=\"widget\" data-e-type=\"widget\" data-widget_type=\"text-editor.default\">\n\t\t\t\t<div class=\"elementor-widget-container\">\n\t\t\t\t\t\t\t\t\t<p>The demonstrations included packaging materials from the cooperation partners <a href=\"https:\/\/packaging-journal.de\/tag\/suedpack\/\">South pack<\/a> and <a href=\"https:\/\/packaging-journal.de\/tag\/hatzopoulos\/\">A. Hatzopoulos<\/a> for use. Even before the films were formed into bags on the shoulder, they were ultrasonically fitted with the Wicovalve one-way pressure relief valve from the Swiss cooperation partner <a href=\"https:\/\/packaging-journal.de\/tag\/wipf\/\">Wipf<\/a> which, together with the packaging, also withstood the subsequent sealing test in a water bath. Equipped with the innovative valve applicator for button valves <strong>the BVC 260 achieves an output of up to 70 bags per minute when loaded with such mono-PP packaging materials<\/strong>.<\/p>\t\t\t\t\t\t\t\t<\/div>\n\t\t\t\t<\/div>\n\t\t\t\t<div class=\"elementor-element elementor-element-3589be6 exad-sticky-section-no exad-glass-effect-no elementor-widget elementor-widget-heading\" data-id=\"3589be6\" data-element_type=\"widget\" data-e-type=\"widget\" data-widget_type=\"heading.default\">\n\t\t\t\t<div class=\"elementor-widget-container\">\n\t\t\t\t\t<h2 class=\"elementor-heading-title elementor-size-default\">Meeting new requirements<\/h2>\t\t\t\t<\/div>\n\t\t\t\t<\/div>\n\t\t\t\t<div class=\"elementor-element elementor-element-9b99b12 exad-sticky-section-no exad-glass-effect-no elementor-widget elementor-widget-text-editor\" data-id=\"9b99b12\" data-element_type=\"widget\" data-e-type=\"widget\" data-widget_type=\"text-editor.default\">\n\t\t\t\t<div class=\"elementor-widget-container\">\n\t\t\t\t\t\t\t\t\t<p>Michel Schlaepfer, Key Account Manager at Wipf, explained exactly how the valve works to the attentive guests in a short presentation. In contrast to comparable designs, the Swiss company does not rely on a mechanical valve, but instead uses an oil barrier to ensure pressure equalisation on one side. <strong>The valve is necessary because the coffee still releases gases in the packaging, which would otherwise cause the packaging to swell or even burst open<\/strong>. The company currently offers the valves in the combinations PE+PET or PP+PET. <strong>In future, however, there are plans to include more recyclable versions in the portfolio, such as a mono-PE solution<\/strong>. \u201eThe sealing technology must also fulfil new requirements,\u201c says Schlaepfer.<\/p><div id=\"packa-3021956899\" class=\"packa-inhalt\"><!--noptimize--><script async src=\"https:\/\/pagead2.googlesyndication.com\/pagead\/js\/adsbygoogle.js?client=ca-pub-2686439340972671\" crossorigin=\"anonymous\"><\/script>\r\n<ins class=\"adsbygoogle\" style=\"display:block;text-align:center\" data-ad-layout=\"in-article\" data-ad-format=\"fluid\" data-ad-client=\"ca-pub-2686439340972671\" data-ad-slot=\"6171251825\"><\/ins>\r\n<script>\r\n     (adsbygoogle = window.adsbygoogle || []).push({});\r\n<\/script><!--\/noptimize--><\/div><p>Like Wipf, the two other co-operation partners also presented the advantages of their packaging materials in shorter presentations. Antonis Proedrou emphasised <strong>the recyclability of A. Hatzopoulos' mono-PP and mono-PE solutions<\/strong> out. The X-Cycle range has already won various prizes, including the WorldStar Award, and is also certified by the Cyclos-http Institute and Interseroh, among others. Isabell Lauer from S\u00fcdpack in turn emphasised the <strong>Sustainability benefits of mono-Pe and mono-PP films<\/strong> of the company. By converting to the monofilms, companies could save up to 19 per cent of material and thus up to 58 per cent of CO<sub>2<\/sub> save. Sustainability also applies to printing: SPQ technology enables the same quality to be achieved with less ink. <strong>The Ochsenhausen-based company already won the German Packaging Award in Gold in 2021<\/strong>.<\/p>\t\t\t\t\t\t\t\t<\/div>\n\t\t\t\t<\/div>\n\t\t\t\t<div class=\"elementor-element elementor-element-4b43c50 exad-sticky-section-no exad-glass-effect-no elementor-widget elementor-widget-heading\" data-id=\"4b43c50\" data-element_type=\"widget\" data-e-type=\"widget\" data-widget_type=\"heading.default\">\n\t\t\t\t<div class=\"elementor-widget-container\">\n\t\t\t\t\t<h2 class=\"elementor-heading-title elementor-size-default\">Exchange and expertise take centre stage<\/h2>\t\t\t\t<\/div>\n\t\t\t\t<\/div>\n\t\t\t\t<div class=\"elementor-element elementor-element-170f894 exad-sticky-section-no exad-glass-effect-no elementor-widget elementor-widget-text-editor\" data-id=\"170f894\" data-element_type=\"widget\" data-e-type=\"widget\" data-widget_type=\"text-editor.default\">\n\t\t\t\t<div class=\"elementor-widget-container\">\n\t\t\t\t\t\t\t\t\t<p>However, a major plus point of the event format became apparent between the presentations and demonstrations: <strong>the exchange and networking<\/strong>. Over - how could it be otherwise - delicious coffee from the local barista, the representatives of well-known coffee producers and the packaging experts came together to discuss the latest developments in coffee production. <strong>Numerous exciting discussions<\/strong> and we talked shop.<\/p><p>So does the format represent a valid alternative to a trade fair presence? Ingo Hamel, CTO at Rovema, didn't want to put it quite so bluntly. However, some of the advantages are obvious to him. \u201eHere on site, we can present ourselves as a company in a completely different way than at a trade fair, where it is sometimes difficult to show what the company can do. <strong>Here, on the other hand, customers get an insight into our production<\/strong> and can answer the question \u201aIs Rovema suitable for my product\u2018 much better for themselves.\u201c<\/p>\t\t\t\t\t\t\t\t<\/div>\n\t\t\t\t<\/div>\n\t\t\t\t<div class=\"elementor-element elementor-element-9a6e364 exad-sticky-section-no exad-glass-effect-no elementor-widget elementor-widget-image\" data-id=\"9a6e364\" data-element_type=\"widget\" data-e-type=\"widget\" data-widget_type=\"image.default\">\n\t\t\t\t<div class=\"elementor-widget-container\">\n\t\t\t\t\t\t\t\t\t\t\t\t<figure class=\"wp-caption\">\n\t\t\t\t\t\t\t\t\t\t<img decoding=\"async\" width=\"1024\" height=\"555\" src=\"https:\/\/packaging-journal.de\/wp-content\/uploads\/2023\/03\/rovema-experience-experten-1024x555.jpg\" class=\"attachment-large size-large wp-image-77043\" alt=\"\" srcset=\"https:\/\/packaging-journal.de\/wp-content\/uploads\/2023\/03\/rovema-experience-experten-1024x555.jpg 1024w, https:\/\/packaging-journal.de\/wp-content\/uploads\/2023\/03\/rovema-experience-experten-300x163.jpg 300w, https:\/\/packaging-journal.de\/wp-content\/uploads\/2023\/03\/rovema-experience-experten-768x416.jpg 768w, https:\/\/packaging-journal.de\/wp-content\/uploads\/2023\/03\/rovema-experience-experten.jpg 1200w\" sizes=\"(max-width: 1024px) 100vw, 1024px\" \/>\t\t\t\t\t\t\t\t\t\t\t<figcaption class=\"widget-image-caption wp-caption-text\">One advantage of the format: Rovema's experts can respond to questions in detail and without time pressure. (Image: packaging journal)<\/figcaption>\n\t\t\t\t\t\t\t\t\t\t<\/figure>\n\t\t\t\t\t\t\t\t\t<\/div>\n\t\t\t\t<\/div>\n\t\t\t\t<div class=\"elementor-element elementor-element-5c017a6 exad-sticky-section-no exad-glass-effect-no elementor-widget elementor-widget-text-editor\" data-id=\"5c017a6\" data-element_type=\"widget\" data-e-type=\"widget\" data-widget_type=\"text-editor.default\">\n\t\t\t\t<div class=\"elementor-widget-container\">\n\t\t\t\t\t\t\t\t\t<p>During a guided tour of the Rovema plant, which has grown impressively over the years, the visitors were then able to get a detailed picture of the machine manufacturing process. <strong>The centrepiece here is the workshop, where every shoulder that is later installed is shaped by hand in great detail<\/strong>. The specialists at the plant also presented a complete filling line, from filling the beans to packing them in cardboard containers. You don't get to see something like this every day.<\/p><p>In short, both Rovema and its cooperation partners, as well as the visitors who attended, were highly satisfied with the start of the event series. The next block has already been scheduled. <strong>In May, everything in Fernwald revolves around sweets and snacks.<\/strong><\/p><p><a href=\"https:\/\/www.rovema.com\/\" target=\"_blank\" rel=\"noopener\">http:\/\/www.rovema.com<\/a><br \/><a href=\"http:\/\/www.hatzopoulos.de\" target=\"_blank\" rel=\"noopener\">http:\/\/www.hatzopoulos.de<\/a><br \/><a href=\"http:\/\/www.suedpack.de\" target=\"_blank\" rel=\"noopener\">http:\/\/www.suedpack.de<\/a><br \/><a href=\"http:\/\/www.wipf.ch\" target=\"_blank\" rel=\"noopener\">http:\/\/www.wipf.ch<\/a><\/p>\t\t\t\t\t\t\t\t<\/div>\n\t\t\t\t<\/div>\n\t\t\t\t\t<\/div>\n\t\t<\/div>\n\t\t\t\t\t<\/div>\n\t\t<\/section>\n\t\t\t\t<section data-exad-particle-enable=\"false\" class=\"elementor-section elementor-top-section elementor-element elementor-element-5db7a657 elementor-section-boxed elementor-section-height-default elementor-section-height-default exad-parallax-effect-no exad-background-color-change-no exad-glass-effect-no exad-sticky-section-no\" data-id=\"5db7a657\" data-element_type=\"section\" data-e-type=\"section\" data-settings=\"{&quot;background_background&quot;:&quot;classic&quot;}\">\n\t\t\t\t\t\t<div class=\"elementor-container elementor-column-gap-default\">\n\t\t\t\t\t<div class=\"elementor-column elementor-col-100 elementor-top-column elementor-element elementor-element-60a96b31 exad-glass-effect-no exad-sticky-section-no\" data-id=\"60a96b31\" data-element_type=\"column\" data-e-type=\"column\">\n\t\t\t<div class=\"elementor-widget-wrap elementor-element-populated\">\n\t\t\t\t\t\t<div class=\"elementor-element elementor-element-5428b407 exad-sticky-section-no exad-glass-effect-no elementor-widget elementor-widget-heading\" data-id=\"5428b407\" data-element_type=\"widget\" data-e-type=\"widget\" data-widget_type=\"heading.default\">\n\t\t\t\t<div class=\"elementor-widget-container\">\n\t\t\t\t\t<h2 class=\"elementor-heading-title elementor-size-default\">More news on the subject of packaging technology<\/h2>\t\t\t\t<\/div>\n\t\t\t\t<\/div>\n\t\t\t\t<div class=\"elementor-element elementor-element-51f3ce65 elementor-grid-3 elementor-grid-tablet-2 elementor-grid-mobile-1 elementor-posts--thumbnail-top elementor-posts__hover-gradient exad-sticky-section-no exad-glass-effect-no elementor-widget elementor-widget-posts\" data-id=\"51f3ce65\" data-element_type=\"widget\" data-e-type=\"widget\" data-settings=\"{&quot;cards_row_gap&quot;:{&quot;unit&quot;:&quot;px&quot;,&quot;size&quot;:38,&quot;sizes&quot;:[]},&quot;cards_columns&quot;:&quot;3&quot;,&quot;cards_columns_tablet&quot;:&quot;2&quot;,&quot;cards_columns_mobile&quot;:&quot;1&quot;,&quot;cards_row_gap_tablet&quot;:{&quot;unit&quot;:&quot;px&quot;,&quot;size&quot;:&quot;&quot;,&quot;sizes&quot;:[]},&quot;cards_row_gap_mobile&quot;:{&quot;unit&quot;:&quot;px&quot;,&quot;size&quot;:&quot;&quot;,&quot;sizes&quot;:[]}}\" data-widget_type=\"posts.cards\">\n\t\t\t\t<div class=\"elementor-widget-container\">\n\t\t\t\t\t\t\t<div class=\"elementor-posts-container elementor-posts elementor-posts--skin-cards elementor-grid\" role=\"list\">\n\t\t\t\t<article class=\"elementor-post elementor-grid-item post-115376 post type-post status-publish format-standard has-post-thumbnail category-verpackungstechnik tag-baumer-hhs tag-interpack tag-klebstoff tag-verpackungstechnik cs-entry cs-video-wrap\" role=\"listitem\">\n\t\t\t<div class=\"elementor-post__card\">\n\t\t\t\t<a class=\"elementor-post__thumbnail__link\" href=\"https:\/\/packaging-journal.de\/en\/effiziente-komplettsysteme-fuer-die-verpackungsindustrie\/\" tabindex=\"-1\"><div class=\"elementor-post__thumbnail\"><img decoding=\"async\" width=\"300\" height=\"163\" src=\"https:\/\/packaging-journal.de\/wp-content\/uploads\/2026\/04\/Baumer-hhs-interpack-300x163.jpg\" class=\"attachment-medium size-medium wp-image-115378\" alt=\"\" srcset=\"https:\/\/packaging-journal.de\/wp-content\/uploads\/2026\/04\/Baumer-hhs-interpack-300x163.jpg 300w, https:\/\/packaging-journal.de\/wp-content\/uploads\/2026\/04\/Baumer-hhs-interpack-1024x555.jpg 1024w, https:\/\/packaging-journal.de\/wp-content\/uploads\/2026\/04\/Baumer-hhs-interpack-768x416.jpg 768w, https:\/\/packaging-journal.de\/wp-content\/uploads\/2026\/04\/Baumer-hhs-interpack-18x10.jpg 18w, https:\/\/packaging-journal.de\/wp-content\/uploads\/2026\/04\/Baumer-hhs-interpack-332x180.jpg 332w, https:\/\/packaging-journal.de\/wp-content\/uploads\/2026\/04\/Baumer-hhs-interpack-664x360.jpg 664w, https:\/\/packaging-journal.de\/wp-content\/uploads\/2026\/04\/Baumer-hhs-interpack-688x373.jpg 688w, https:\/\/packaging-journal.de\/wp-content\/uploads\/2026\/04\/Baumer-hhs-interpack-1044x566.jpg 1044w, https:\/\/packaging-journal.de\/wp-content\/uploads\/2026\/04\/Baumer-hhs-interpack.jpg 1200w\" sizes=\"(max-width: 300px) 100vw, 300px\" \/><\/div><\/a>\n\t\t\t\t<div class=\"elementor-post__text\">\n\t\t\t\t<h3 class=\"elementor-post__title\">\n\t\t\t<a href=\"https:\/\/packaging-journal.de\/en\/effiziente-komplettsysteme-fuer-die-verpackungsindustrie\/\">\n\t\t\t\tEfficient complete systems for the packaging industry\t\t\t<\/a>\n\t\t<\/h3>\n\t\t\t\t<div class=\"elementor-post__excerpt\">\n\t\t\tAn important part of Baumer hhs's trade fair appearance at interpack is the Xmelt complete system for hot melt applications.\t\t<\/div>\n\t\t\n\t\t<a class=\"elementor-post__read-more\" href=\"https:\/\/packaging-journal.de\/en\/effiziente-komplettsysteme-fuer-die-verpackungsindustrie\/\" aria-label=\"Read more about Efficient Complete Systems for the Packaging Industry\" tabindex=\"-1\">\n\t\t\tRead more \"\t\t<\/a>\n\n\t\t\t\t<\/div>\n\t\t\t\t\t<\/div>\n\t\t<\/article>\n\t\t\t\t<article class=\"elementor-post elementor-grid-item post-115335 post type-post status-publish format-standard has-post-thumbnail category-verpackungstechnik tag-interpack tag-lebensmittel tag-mettler-toledo tag-qualitaetssicherung tag-verpackungstechnik cs-entry cs-video-wrap\" role=\"listitem\">\n\t\t\t<div class=\"elementor-post__card\">\n\t\t\t\t<a class=\"elementor-post__thumbnail__link\" href=\"https:\/\/packaging-journal.de\/en\/mettler-toledo-bringt-eagle-roentgeninspektion-nach-europa\/\" tabindex=\"-1\"><div class=\"elementor-post__thumbnail\"><img loading=\"lazy\" decoding=\"async\" width=\"300\" height=\"163\" src=\"https:\/\/packaging-journal.de\/wp-content\/uploads\/2026\/04\/mettler-toledo-ip-300x163.jpg\" class=\"attachment-medium size-medium wp-image-115336\" alt=\"\" srcset=\"https:\/\/packaging-journal.de\/wp-content\/uploads\/2026\/04\/mettler-toledo-ip-300x163.jpg 300w, https:\/\/packaging-journal.de\/wp-content\/uploads\/2026\/04\/mettler-toledo-ip-1024x555.jpg 1024w, https:\/\/packaging-journal.de\/wp-content\/uploads\/2026\/04\/mettler-toledo-ip-768x416.jpg 768w, https:\/\/packaging-journal.de\/wp-content\/uploads\/2026\/04\/mettler-toledo-ip-18x10.jpg 18w, https:\/\/packaging-journal.de\/wp-content\/uploads\/2026\/04\/mettler-toledo-ip-332x180.jpg 332w, https:\/\/packaging-journal.de\/wp-content\/uploads\/2026\/04\/mettler-toledo-ip-664x360.jpg 664w, https:\/\/packaging-journal.de\/wp-content\/uploads\/2026\/04\/mettler-toledo-ip-688x373.jpg 688w, https:\/\/packaging-journal.de\/wp-content\/uploads\/2026\/04\/mettler-toledo-ip-1044x566.jpg 1044w, https:\/\/packaging-journal.de\/wp-content\/uploads\/2026\/04\/mettler-toledo-ip.jpg 1200w\" sizes=\"(max-width: 300px) 100vw, 300px\" \/><\/div><\/a>\n\t\t\t\t<div class=\"elementor-post__text\">\n\t\t\t\t<h3 class=\"elementor-post__title\">\n\t\t\t<a href=\"https:\/\/packaging-journal.de\/en\/mettler-toledo-bringt-eagle-roentgeninspektion-nach-europa\/\">\n\t\t\t\tMettler-Toledo brings Eagle X-ray inspection to Europe\t\t\t<\/a>\n\t\t<\/h3>\n\t\t\t\t<div class=\"elementor-post__excerpt\">\n\t\t\tMettler-Toledo is expanding its portfolio with Eagle X-ray inspection systems in Europe. These systems offer advanced technologies for food inspection, including fat analysis for meat and poultry products.\t\t<\/div>\n\t\t\n\t\t<a class=\"elementor-post__read-more\" href=\"https:\/\/packaging-journal.de\/en\/mettler-toledo-bringt-eagle-roentgeninspektion-nach-europa\/\" aria-label=\"Read more about Mettler-Toledo brings Eagle X-ray inspection to Europe\" tabindex=\"-1\">\n\t\t\tRead more \"\t\t<\/a>\n\n\t\t\t\t<\/div>\n\t\t\t\t\t<\/div>\n\t\t<\/article>\n\t\t\t\t<article class=\"elementor-post elementor-grid-item post-115290 post type-post status-publish format-standard has-post-thumbnail category-verpackungstechnik tag-faltschachtel tag-interpack tag-koch-pac-systeme tag-verpackungstechnik cs-entry cs-video-wrap\" role=\"listitem\">\n\t\t\t<div class=\"elementor-post__card\">\n\t\t\t\t<a class=\"elementor-post__thumbnail__link\" href=\"https:\/\/packaging-journal.de\/en\/modulare-verpackungsloesungen-fuer-faltschachteln\/\" tabindex=\"-1\"><div class=\"elementor-post__thumbnail\"><img loading=\"lazy\" decoding=\"async\" width=\"300\" height=\"163\" src=\"https:\/\/packaging-journal.de\/wp-content\/uploads\/2026\/04\/Koch-interpack-300x163.jpg\" class=\"attachment-medium size-medium wp-image-115292\" alt=\"\" srcset=\"https:\/\/packaging-journal.de\/wp-content\/uploads\/2026\/04\/Koch-interpack-300x163.jpg 300w, https:\/\/packaging-journal.de\/wp-content\/uploads\/2026\/04\/Koch-interpack-1024x555.jpg 1024w, https:\/\/packaging-journal.de\/wp-content\/uploads\/2026\/04\/Koch-interpack-768x416.jpg 768w, https:\/\/packaging-journal.de\/wp-content\/uploads\/2026\/04\/Koch-interpack-18x10.jpg 18w, https:\/\/packaging-journal.de\/wp-content\/uploads\/2026\/04\/Koch-interpack-332x180.jpg 332w, https:\/\/packaging-journal.de\/wp-content\/uploads\/2026\/04\/Koch-interpack-664x360.jpg 664w, https:\/\/packaging-journal.de\/wp-content\/uploads\/2026\/04\/Koch-interpack-688x373.jpg 688w, https:\/\/packaging-journal.de\/wp-content\/uploads\/2026\/04\/Koch-interpack-1044x566.jpg 1044w, https:\/\/packaging-journal.de\/wp-content\/uploads\/2026\/04\/Koch-interpack.jpg 1200w\" sizes=\"(max-width: 300px) 100vw, 300px\" \/><\/div><\/a>\n\t\t\t\t<div class=\"elementor-post__text\">\n\t\t\t\t<h3 class=\"elementor-post__title\">\n\t\t\t<a href=\"https:\/\/packaging-journal.de\/en\/modulare-verpackungsloesungen-fuer-faltschachteln\/\">\n\t\t\t\tModular packaging solutions for folding cartons\t\t\t<\/a>\n\t\t<\/h3>\n\t\t\t\t<div class=\"elementor-post__excerpt\">\n\t\t\tThe new KMO from Koch Pac-Systeme will be presented daily at the interpack in D\u00fcsseldorf with live demonstrations.\t\t<\/div>\n\t\t\n\t\t<a class=\"elementor-post__read-more\" href=\"https:\/\/packaging-journal.de\/en\/modulare-verpackungsloesungen-fuer-faltschachteln\/\" aria-label=\"Read more about modular packaging solutions for folding cartons\" tabindex=\"-1\">\n\t\t\tRead more \"\t\t<\/a>\n\n\t\t\t\t<\/div>\n\t\t\t\t\t<\/div>\n\t\t<\/article>\n\t\t\t\t<article class=\"elementor-post elementor-grid-item post-115276 post type-post status-publish format-standard has-post-thumbnail category-verpackungstechnik tag-bauschstroebel tag-interpack tag-pharma-kosmetik-chemie tag-verpackungstechnik cs-entry cs-video-wrap\" role=\"listitem\">\n\t\t\t<div class=\"elementor-post__card\">\n\t\t\t\t<a class=\"elementor-post__thumbnail__link\" href=\"https:\/\/packaging-journal.de\/en\/sicherheit-in-der-pharma-produktion\/\" tabindex=\"-1\"><div class=\"elementor-post__thumbnail\"><img loading=\"lazy\" decoding=\"async\" width=\"300\" height=\"163\" src=\"https:\/\/packaging-journal.de\/wp-content\/uploads\/2026\/04\/BauschStroebel-interpack-300x163.jpg\" class=\"attachment-medium size-medium wp-image-115279\" alt=\"\" srcset=\"https:\/\/packaging-journal.de\/wp-content\/uploads\/2026\/04\/BauschStroebel-interpack-300x163.jpg 300w, https:\/\/packaging-journal.de\/wp-content\/uploads\/2026\/04\/BauschStroebel-interpack-1024x555.jpg 1024w, https:\/\/packaging-journal.de\/wp-content\/uploads\/2026\/04\/BauschStroebel-interpack-768x416.jpg 768w, https:\/\/packaging-journal.de\/wp-content\/uploads\/2026\/04\/BauschStroebel-interpack-18x10.jpg 18w, https:\/\/packaging-journal.de\/wp-content\/uploads\/2026\/04\/BauschStroebel-interpack-332x180.jpg 332w, https:\/\/packaging-journal.de\/wp-content\/uploads\/2026\/04\/BauschStroebel-interpack-664x360.jpg 664w, https:\/\/packaging-journal.de\/wp-content\/uploads\/2026\/04\/BauschStroebel-interpack-688x373.jpg 688w, https:\/\/packaging-journal.de\/wp-content\/uploads\/2026\/04\/BauschStroebel-interpack-1044x566.jpg 1044w, https:\/\/packaging-journal.de\/wp-content\/uploads\/2026\/04\/BauschStroebel-interpack.jpg 1200w\" sizes=\"(max-width: 300px) 100vw, 300px\" \/><\/div><\/a>\n\t\t\t\t<div class=\"elementor-post__text\">\n\t\t\t\t<h3 class=\"elementor-post__title\">\n\t\t\t<a href=\"https:\/\/packaging-journal.de\/en\/sicherheit-in-der-pharma-produktion\/\">\n\t\t\t\tSafety in pharmaceutical manufacturing\t\t\t<\/a>\n\t\t<\/h3>\n\t\t\t\t<div class=\"elementor-post__excerpt\">\n\t\t\tAt interpack 2026, Bausch + Str\u00f6bel will showcase a mix of established systems and new developments.\t\t<\/div>\n\t\t\n\t\t<a class=\"elementor-post__read-more\" href=\"https:\/\/packaging-journal.de\/en\/sicherheit-in-der-pharma-produktion\/\" aria-label=\"Read more about safety in pharmaceutical production\" tabindex=\"-1\">\n\t\t\tRead more \"\t\t<\/a>\n\n\t\t\t\t<\/div>\n\t\t\t\t\t<\/div>\n\t\t<\/article>\n\t\t\t\t<article class=\"elementor-post elementor-grid-item post-115058 post type-post status-publish format-standard has-post-thumbnail category-verpackungstechnik tag-endverpacken tag-interpack tag-somic tag-verpackungsmaschinen tag-verpackungstechnik cs-entry cs-video-wrap\" role=\"listitem\">\n\t\t\t<div class=\"elementor-post__card\">\n\t\t\t\t<a class=\"elementor-post__thumbnail__link\" href=\"https:\/\/packaging-journal.de\/en\/neue-endverpackungsloesungen-von-somic\/\" tabindex=\"-1\"><div class=\"elementor-post__thumbnail\"><img loading=\"lazy\" decoding=\"async\" width=\"300\" height=\"163\" src=\"https:\/\/packaging-journal.de\/wp-content\/uploads\/2026\/04\/somic-ip-300x163.jpg\" class=\"attachment-medium size-medium wp-image-115059\" alt=\"\" srcset=\"https:\/\/packaging-journal.de\/wp-content\/uploads\/2026\/04\/somic-ip-300x163.jpg 300w, https:\/\/packaging-journal.de\/wp-content\/uploads\/2026\/04\/somic-ip-1024x555.jpg 1024w, https:\/\/packaging-journal.de\/wp-content\/uploads\/2026\/04\/somic-ip-768x416.jpg 768w, https:\/\/packaging-journal.de\/wp-content\/uploads\/2026\/04\/somic-ip-18x10.jpg 18w, https:\/\/packaging-journal.de\/wp-content\/uploads\/2026\/04\/somic-ip-332x180.jpg 332w, https:\/\/packaging-journal.de\/wp-content\/uploads\/2026\/04\/somic-ip-664x360.jpg 664w, https:\/\/packaging-journal.de\/wp-content\/uploads\/2026\/04\/somic-ip-688x373.jpg 688w, https:\/\/packaging-journal.de\/wp-content\/uploads\/2026\/04\/somic-ip-1044x566.jpg 1044w, https:\/\/packaging-journal.de\/wp-content\/uploads\/2026\/04\/somic-ip.jpg 1200w\" sizes=\"(max-width: 300px) 100vw, 300px\" \/><\/div><\/a>\n\t\t\t\t<div class=\"elementor-post__text\">\n\t\t\t\t<h3 class=\"elementor-post__title\">\n\t\t\t<a href=\"https:\/\/packaging-journal.de\/en\/neue-endverpackungsloesungen-von-somic\/\">\n\t\t\t\tFlexible end-of-line packaging solutions from Somic\t\t\t<\/a>\n\t\t<\/h3>\n\t\t\t\t<div class=\"elementor-post__excerpt\">\n\t\t\tSomic is expanding its machine portfolio with two new series and presenting innovative features to increase efficiency and user-friendliness.\t\t<\/div>\n\t\t\n\t\t<a class=\"elementor-post__read-more\" href=\"https:\/\/packaging-journal.de\/en\/neue-endverpackungsloesungen-von-somic\/\" aria-label=\"Read more about Somic&#039;s flexible end-of-line packaging solutions\" tabindex=\"-1\">\n\t\t\tRead more \"\t\t<\/a>\n\n\t\t\t\t<\/div>\n\t\t\t\t\t<\/div>\n\t\t<\/article>\n\t\t\t\t<article class=\"elementor-post elementor-grid-item post-115175 post type-post status-publish format-standard has-post-thumbnail category-verpackungstechnik tag-interpack tag-klebstoff tag-robatech tag-verpackungstechnik cs-entry cs-video-wrap\" role=\"listitem\">\n\t\t\t<div class=\"elementor-post__card\">\n\t\t\t\t<a class=\"elementor-post__thumbnail__link\" href=\"https:\/\/packaging-journal.de\/en\/klebstoffsysteme-fuer-jede-anforderung\/\" tabindex=\"-1\"><div class=\"elementor-post__thumbnail\"><img loading=\"lazy\" decoding=\"async\" width=\"300\" height=\"163\" src=\"https:\/\/packaging-journal.de\/wp-content\/uploads\/2026\/04\/Robatech-interpack-300x163.jpg\" class=\"attachment-medium size-medium wp-image-115177\" alt=\"\" srcset=\"https:\/\/packaging-journal.de\/wp-content\/uploads\/2026\/04\/Robatech-interpack-300x163.jpg 300w, https:\/\/packaging-journal.de\/wp-content\/uploads\/2026\/04\/Robatech-interpack-1024x555.jpg 1024w, https:\/\/packaging-journal.de\/wp-content\/uploads\/2026\/04\/Robatech-interpack-768x416.jpg 768w, https:\/\/packaging-journal.de\/wp-content\/uploads\/2026\/04\/Robatech-interpack-18x10.jpg 18w, https:\/\/packaging-journal.de\/wp-content\/uploads\/2026\/04\/Robatech-interpack-332x180.jpg 332w, https:\/\/packaging-journal.de\/wp-content\/uploads\/2026\/04\/Robatech-interpack-664x360.jpg 664w, https:\/\/packaging-journal.de\/wp-content\/uploads\/2026\/04\/Robatech-interpack-688x373.jpg 688w, https:\/\/packaging-journal.de\/wp-content\/uploads\/2026\/04\/Robatech-interpack-1044x566.jpg 1044w, https:\/\/packaging-journal.de\/wp-content\/uploads\/2026\/04\/Robatech-interpack.jpg 1200w\" sizes=\"(max-width: 300px) 100vw, 300px\" \/><\/div><\/a>\n\t\t\t\t<div class=\"elementor-post__text\">\n\t\t\t\t<h3 class=\"elementor-post__title\">\n\t\t\t<a href=\"https:\/\/packaging-journal.de\/en\/klebstoffsysteme-fuer-jede-anforderung\/\">\n\t\t\t\tAdhesive systems for every requirement\t\t\t<\/a>\n\t\t<\/h3>\n\t\t\t\t<div class=\"elementor-post__excerpt\">\n\t\t\tRobatech presents innovative adhesive application systems at interpack 2026.\t\t<\/div>\n\t\t\n\t\t<a class=\"elementor-post__read-more\" href=\"https:\/\/packaging-journal.de\/en\/klebstoffsysteme-fuer-jede-anforderung\/\" aria-label=\"Read more about adhesive systems for every requirement\" tabindex=\"-1\">\n\t\t\tRead more \"\t\t<\/a>\n\n\t\t\t\t<\/div>\n\t\t\t\t\t<\/div>\n\t\t<\/article>\n\t\t\t\t<\/div>\n\t\t\n\t\t\t\t\t\t<\/div>\n\t\t\t\t<\/div>\n\t\t\t\t\t<\/div>\n\t\t<\/div>\n\t\t\t\t\t<\/div>\n\t\t<\/section>\n\t\t\t\t<\/div>","protected":false},"excerpt":{"rendered":"Sometimes companies dare to take unusual paths. Machine manufacturer Rovema, for example, is foregoing an interpack appearance this year, but is inviting customers to demonstrations and presentations at its own plant in Fernwald, Hesse. And they are more than willing to accept the invitation.","protected":false},"author":1,"featured_media":77040,"comment_status":"closed","ping_status":"closed","sticky":false,"template":"","format":"standard","meta":{"_acf_changed":false,"__cvm_playback_settings":[],"__cvm_video_id":"","rank_math_description":"Rovema verzichtet in diesem Jahr auf einen interpack-Auftritt, l\u00e4dt daf\u00fcr aber Kunden zu Vorf\u00fchrungen und Vortr\u00e4gen ins eigene Werk ein.","rank_math_focus_keyword":"Rovema","rank_math_title":"","csco_display_header_overlay":false,"csco_singular_sidebar":"","csco_page_header_type":"","csco_page_load_nextpost":"","csco_post_video_location":[],"csco_post_video_location_hash":"","csco_post_video_url":"","csco_post_video_bg_start_time":0,"csco_post_video_bg_end_time":0,"footnotes":"","_links_to":"","_links_to_target":""},"categories":[21],"tags":[59483,58842,58979,57883,33,39,57577],"class_list":{"0":"post-77038","1":"post","2":"type-post","3":"status-publish","4":"format-standard","5":"has-post-thumbnail","7":"category-verpackungstechnik","8":"tag-hatzopoulos","9":"tag-kaffee","10":"tag-rovema","11":"tag-suedpack","12":"tag-veranstaltungen","13":"tag-verpackungstechnik","14":"tag-wipf","15":"cs-entry","16":"cs-video-wrap"},"acf":[],"vimeo_video":null,"_links":{"self":[{"href":"https:\/\/packaging-journal.de\/en\/wp-json\/wp\/v2\/posts\/77038","targetHints":{"allow":["GET"]}}],"collection":[{"href":"https:\/\/packaging-journal.de\/en\/wp-json\/wp\/v2\/posts"}],"about":[{"href":"https:\/\/packaging-journal.de\/en\/wp-json\/wp\/v2\/types\/post"}],"author":[{"embeddable":true,"href":"https:\/\/packaging-journal.de\/en\/wp-json\/wp\/v2\/users\/1"}],"replies":[{"embeddable":true,"href":"https:\/\/packaging-journal.de\/en\/wp-json\/wp\/v2\/comments?post=77038"}],"version-history":[{"count":0,"href":"https:\/\/packaging-journal.de\/en\/wp-json\/wp\/v2\/posts\/77038\/revisions"}],"wp:featuredmedia":[{"embeddable":true,"href":"https:\/\/packaging-journal.de\/en\/wp-json\/wp\/v2\/media\/77040"}],"wp:attachment":[{"href":"https:\/\/packaging-journal.de\/en\/wp-json\/wp\/v2\/media?parent=77038"}],"wp:term":[{"taxonomy":"category","embeddable":true,"href":"https:\/\/packaging-journal.de\/en\/wp-json\/wp\/v2\/categories?post=77038"},{"taxonomy":"post_tag","embeddable":true,"href":"https:\/\/packaging-journal.de\/en\/wp-json\/wp\/v2\/tags?post=77038"}],"curies":[{"name":"wp","href":"https:\/\/api.w.org\/{rel}","templated":true}]}}