{"id":7739,"date":"2018-02-27T14:45:00","date_gmt":"2018-02-27T13:45:00","guid":{"rendered":"https:\/\/packaging-journal.de\/?p=7739"},"modified":"2020-07-23T14:15:02","modified_gmt":"2020-07-23T12:15:02","slug":"schreiner-medipharm-label-concept-injection-systems","status":"publish","type":"post","link":"https:\/\/packaging-journal.de\/en\/schreiner-medipharm-labelkonzept-injektionssysteme\/","title":{"rendered":"New labelling concept for injection systems from Schreiner MediPharm"},"content":{"rendered":"<p>Injektionshilfen zur Behandlung von Diabetes, rheumatischer Arthritis, anaphylaktischen Schocks oder Multipler Sklerose m\u00fcssen benutzerfreundlich und sicher zu bedienen sein, insbesondere auch f\u00fcr gesundheitlich oder motorisch eingeschr\u00e4nkte Anwender. Hier leisten funktionale Etiketten von Schreiner MediPharm einen wertvollen Beitrag.<\/p>\n<p>Das Unternehmen hat ein neues Labelkonzept f\u00fcr Autoinjektoren entwickelt, das eine spezielle Funktionalit\u00e4t bietet: <strong>Es verbindet den Erst\u00f6ffnungsschutz mit einer Anti-Recapping-Funktion und einem Staubschutz<\/strong>. Dabei umschlie\u00dft das Label den Autoinjektor einschlie\u00dflich der Kappe und dient so vor dem erstmaligen \u00d6ffnen als zuverl\u00e4ssiger Schutz vor Staub oder Schmutz. Die ins Etikett integrierte Perforation dient zum <strong>eindeutigen Nachweis der Erst\u00f6ffnung<\/strong>. Dabei ist das Label so positioniert, dass nach dem \u00d6ffnen der Kappe ein unbemerktes Verschlie\u00dfen zur unberechtigten Wiederverwendung nicht m\u00f6glich ist.<\/p>\n<h2>Zus\u00e4tzliche Features<\/h2>\n<p>Zus\u00e4tzlich sind weitere Features enthalten: ein Hologramm als F\u00e4lschungsschutzmerkmal, mit UV-abweisendem Lack ausgestattete Sichtfenster zum Schutz von lichtempfindlichen Wirkstoffen, ein Temperaturindikator zur Anzeige der Raumtemperatur sowie ein Anti-Rutsch-Lack zur besseren Griffigkeit und sicheren Handhabung. Ein ins Label integrierter <strong>NFC-Chip<\/strong> erm\u00f6glicht zudem vielf\u00e4ltige interaktive Anwendungen, um den Patienten optimal zu unterst\u00fctzen. Mithilfe eines Smartphones k\u00f6nnen zus\u00e4tzliche Produktinformationen, Demovideos oder spezielle Apps ausgelesen und die mobile Produktauthentifizierung durchgef\u00fchrt werden.<\/p><div class=\"packa-in-post-alle\" style=\"text-align: center;\" id=\"packa-850739922\"><div id=\"packa-4134040669\"><a data-no-instant=\"1\" href=\"https:\/\/packaging-journal.de\/en\/newsletter\/\" rel=\"noopener\" class=\"a2t-link\" target=\"_blank\" aria-label=\"PJ Eigenwerbung English 03\"><!--noptimize--><img src=\"https:\/\/packaging-journal.de\/wp-content\/uploads\/2026\/01\/PJ-Eigenwerbung-English-03.png\" alt=\"\"  srcset=\"https:\/\/packaging-journal.de\/wp-content\/uploads\/2026\/01\/PJ-Eigenwerbung-English-03.png 840w, https:\/\/packaging-journal.de\/wp-content\/uploads\/2026\/01\/PJ-Eigenwerbung-English-03-300x75.png 300w, https:\/\/packaging-journal.de\/wp-content\/uploads\/2026\/01\/PJ-Eigenwerbung-English-03-768x192.png 768w, https:\/\/packaging-journal.de\/wp-content\/uploads\/2026\/01\/PJ-Eigenwerbung-English-03-18x5.png 18w, https:\/\/packaging-journal.de\/wp-content\/uploads\/2026\/01\/PJ-Eigenwerbung-English-03-332x83.png 332w, https:\/\/packaging-journal.de\/wp-content\/uploads\/2026\/01\/PJ-Eigenwerbung-English-03-664x166.png 664w, https:\/\/packaging-journal.de\/wp-content\/uploads\/2026\/01\/PJ-Eigenwerbung-English-03-688x172.png 688w\" sizes=\"(max-width: 840px) 100vw, 840px\" width=\"840\" height=\"210\"  style=\" max-width: 100%; height: auto;\" \/><!--\/noptimize--><\/a><\/div><\/div>\n[infotext icon]Schreiner MediPharm, ein Gesch\u00e4ftsbereich der Schreiner Group GmbH &amp; Co. KG mit Sitz in Oberschlei\u00dfheim, ist f\u00fchrend in der Entwicklung und Herstellung innovativer, multifunktionaler Spezialetiketten und Kennzeichnungsl\u00f6sungen mit Zusatznutzen f\u00fcr die pharmazeutische Industrie und die Medizintechnik.[\/infotext]\n","protected":false},"excerpt":{"rendered":"Schreiner MediPharm has developed a new labelling concept for autoinjectors that offers special functionality: It combines first-opening protection with an anti-recapping function and dust protection.","protected":false},"author":1,"featured_media":7740,"comment_status":"closed","ping_status":"open","sticky":false,"template":"","format":"standard","meta":{"_acf_changed":false,"__cvm_playback_settings":[],"__cvm_video_id":"","rank_math_description":"","rank_math_focus_keyword":"","rank_math_title":"","csco_display_header_overlay":false,"csco_singular_sidebar":"","csco_page_header_type":"","csco_page_load_nextpost":"","csco_post_video_location":[],"csco_post_video_location_hash":"","csco_post_video_url":"","csco_post_video_bg_start_time":0,"csco_post_video_bg_end_time":0,"footnotes":"","_links_to":"","_links_to_target":""},"categories":[28,114,113],"tags":[42,66,40,57597],"class_list":{"0":"post-7739","1":"post","2":"type-post","3":"status-publish","4":"format-standard","5":"has-post-thumbnail","7":"category-aus-dem-magazin","8":"category-aus-den-unternehmen-news","9":"category-produkte","10":"tag-etikettieren-kennzeichnen-codieren","11":"tag-markenschutz-und-faelschungssicherheit","12":"tag-pharma-kosmetik-chemie","13":"tag-schreiner-group","14":"cs-entry","15":"cs-video-wrap"},"acf":[],"vimeo_video":null,"_links":{"self":[{"href":"https:\/\/packaging-journal.de\/en\/wp-json\/wp\/v2\/posts\/7739","targetHints":{"allow":["GET"]}}],"collection":[{"href":"https:\/\/packaging-journal.de\/en\/wp-json\/wp\/v2\/posts"}],"about":[{"href":"https:\/\/packaging-journal.de\/en\/wp-json\/wp\/v2\/types\/post"}],"author":[{"embeddable":true,"href":"https:\/\/packaging-journal.de\/en\/wp-json\/wp\/v2\/users\/1"}],"replies":[{"embeddable":true,"href":"https:\/\/packaging-journal.de\/en\/wp-json\/wp\/v2\/comments?post=7739"}],"version-history":[{"count":0,"href":"https:\/\/packaging-journal.de\/en\/wp-json\/wp\/v2\/posts\/7739\/revisions"}],"wp:featuredmedia":[{"embeddable":true,"href":"https:\/\/packaging-journal.de\/en\/wp-json\/wp\/v2\/media\/7740"}],"wp:attachment":[{"href":"https:\/\/packaging-journal.de\/en\/wp-json\/wp\/v2\/media?parent=7739"}],"wp:term":[{"taxonomy":"category","embeddable":true,"href":"https:\/\/packaging-journal.de\/en\/wp-json\/wp\/v2\/categories?post=7739"},{"taxonomy":"post_tag","embeddable":true,"href":"https:\/\/packaging-journal.de\/en\/wp-json\/wp\/v2\/tags?post=7739"}],"curies":[{"name":"wp","href":"https:\/\/api.w.org\/{rel}","templated":true}]}}