{"id":79539,"date":"2023-05-01T19:25:50","date_gmt":"2023-05-01T17:25:50","guid":{"rendered":"https:\/\/packaging-journal.de\/?p=79539"},"modified":"2023-05-01T19:25:50","modified_gmt":"2023-05-01T17:25:50","slug":"packaging-journal-makes-live-tv-directly-from-interpack","status":"publish","type":"post","link":"https:\/\/packaging-journal.de\/en\/packaging-journal-macht-live-tv-direkt-von-der-interpack\/","title":{"rendered":"packaging journal makes live TV directly from interpack"},"content":{"rendered":"\t\t<div data-elementor-type=\"wp-post\" data-elementor-id=\"79539\" class=\"elementor elementor-79539\" data-elementor-post-type=\"post\">\n\t\t\t\t\t\t<section data-exad-particle-enable=\"false\" class=\"elementor-section elementor-top-section elementor-element elementor-element-6219741f elementor-section-boxed elementor-section-height-default elementor-section-height-default exad-parallax-effect-no exad-background-color-change-no exad-glass-effect-no exad-sticky-section-no\" data-id=\"6219741f\" data-element_type=\"section\" data-e-type=\"section\">\n\t\t\t\t\t\t<div class=\"elementor-container elementor-column-gap-default\">\n\t\t\t\t\t<div class=\"elementor-column elementor-col-100 elementor-top-column elementor-element elementor-element-355b5e72 exad-glass-effect-no exad-sticky-section-no\" data-id=\"355b5e72\" data-element_type=\"column\" data-e-type=\"column\">\n\t\t\t<div class=\"elementor-widget-wrap elementor-element-populated\">\n\t\t\t\t\t\t<div class=\"elementor-element elementor-element-4e617879 exad-sticky-section-no exad-glass-effect-no elementor-widget elementor-widget-text-editor\" data-id=\"4e617879\" data-element_type=\"widget\" data-e-type=\"widget\" data-widget_type=\"text-editor.default\">\n\t\t\t\t<div class=\"elementor-widget-container\">\n\t\t\t\t\t\t\t\t\t<p style=\"font-weight: 400;\"><strong>Die interpack hautnah miterleben, vor Ort, online, live und on Demand. M\u00f6glich macht es Tightly Packed TV von packaging journal und interpack. Auf der Studiofl\u00e4che gibt es ein abwechslungsreiches Programm mit Live-Talks, News und Schaltungen in die Hallen.<\/strong><\/p>\t\t\t\t\t\t\t\t<\/div>\n\t\t\t\t<\/div>\n\t\t\t\t<div class=\"elementor-element elementor-element-632bba30 exad-sticky-section-no exad-glass-effect-no elementor-widget elementor-widget-text-editor\" data-id=\"632bba30\" data-element_type=\"widget\" data-e-type=\"widget\" data-widget_type=\"text-editor.default\">\n\t\t\t\t<div class=\"elementor-widget-container\">\n\t\t\t\t\t\t\t\t\t<p style=\"font-weight: 400;\">Das Tightly Packed TV-Studio ist eine Premiere auf dem D\u00fcsseldorfer Messegel\u00e4nde und der interpack. Erstmals gibt es hier Live-Fernsehen &#8211; und das w\u00e4hrend der gesamten Messelaufzeit vom 4. bis 10. Mai. Die Besucherinnen und Besucher erwarten Einblicke in das Messegeschehen, die neuesten Entwicklungen, Trends und Innovationen der Branche.<\/p><p style=\"font-weight: 400;\">Konzipiert ist Tightly Packed TV als Late Night Studio mit einem Fokus auf exklusive Talks. Das Fernsehstudio auf der interpack ist ein gemeinsames Projekt vom packaging journal und der interpack.<\/p><div class=\"packa-in-post-alle\" style=\"text-align: center;\" id=\"packa-178118047\"><div id=\"packa-700408694\"><a data-no-instant=\"1\" href=\"https:\/\/packaging-journal.de\/en\/newsletter\/\" rel=\"noopener\" class=\"a2t-link\" target=\"_blank\" aria-label=\"PJ Eigenwerbung English 03\"><!--noptimize--><img src=\"https:\/\/packaging-journal.de\/wp-content\/uploads\/2026\/01\/PJ-Eigenwerbung-English-03.png\" alt=\"\"  srcset=\"https:\/\/packaging-journal.de\/wp-content\/uploads\/2026\/01\/PJ-Eigenwerbung-English-03.png 840w, https:\/\/packaging-journal.de\/wp-content\/uploads\/2026\/01\/PJ-Eigenwerbung-English-03-300x75.png 300w, https:\/\/packaging-journal.de\/wp-content\/uploads\/2026\/01\/PJ-Eigenwerbung-English-03-768x192.png 768w, https:\/\/packaging-journal.de\/wp-content\/uploads\/2026\/01\/PJ-Eigenwerbung-English-03-18x5.png 18w, https:\/\/packaging-journal.de\/wp-content\/uploads\/2026\/01\/PJ-Eigenwerbung-English-03-332x83.png 332w, https:\/\/packaging-journal.de\/wp-content\/uploads\/2026\/01\/PJ-Eigenwerbung-English-03-664x166.png 664w, https:\/\/packaging-journal.de\/wp-content\/uploads\/2026\/01\/PJ-Eigenwerbung-English-03-688x172.png 688w\" sizes=\"(max-width: 840px) 100vw, 840px\" width=\"840\" height=\"210\"  style=\" max-width: 100%; height: auto;\" \/><!--\/noptimize--><\/a><\/div><\/div><p style=\"font-weight: 400;\"><strong>Zu finden ist das Studio im Obergeschoss des Eingang Nord zwischen der Halle 9 und 7. Alle Sendungen werden <a href=\"https:\/\/packaging-journal.de\/interpack-tv\/\">auch online \u00fcbertragen<\/a>.<\/strong><\/p>\t\t\t\t\t\t\t\t<\/div>\n\t\t\t\t<\/div>\n\t\t\t\t<div class=\"elementor-element elementor-element-328a5adb exad-sticky-section-no exad-glass-effect-no elementor-widget elementor-widget-image\" data-id=\"328a5adb\" data-element_type=\"widget\" data-e-type=\"widget\" data-widget_type=\"image.default\">\n\t\t\t\t<div class=\"elementor-widget-container\">\n\t\t\t\t\t\t\t\t\t\t\t\t\t\t\t<img fetchpriority=\"high\" decoding=\"async\" width=\"1024\" height=\"731\" src=\"https:\/\/packaging-journal.de\/wp-content\/uploads\/2023\/03\/TP-TV-LIVE-02-1024x731.jpg\" class=\"attachment-large size-large wp-image-77085\" alt=\"\" srcset=\"https:\/\/packaging-journal.de\/wp-content\/uploads\/2023\/03\/TP-TV-LIVE-02-1024x731.jpg 1024w, https:\/\/packaging-journal.de\/wp-content\/uploads\/2023\/03\/TP-TV-LIVE-02-300x214.jpg 300w, https:\/\/packaging-journal.de\/wp-content\/uploads\/2023\/03\/TP-TV-LIVE-02-768x548.jpg 768w, https:\/\/packaging-journal.de\/wp-content\/uploads\/2023\/03\/TP-TV-LIVE-02.jpg 1200w\" sizes=\"(max-width: 1024px) 100vw, 1024px\" \/>\t\t\t\t\t\t\t\t\t\t\t\t\t\t\t<\/div>\n\t\t\t\t<\/div>\n\t\t\t\t<section data-exad-particle-enable=\"false\" class=\"elementor-section elementor-inner-section elementor-element elementor-element-4250031 elementor-section-boxed elementor-section-height-default elementor-section-height-default exad-parallax-effect-no exad-background-color-change-no exad-glass-effect-no exad-sticky-section-no\" data-id=\"4250031\" data-element_type=\"section\" data-e-type=\"section\">\n\t\t\t\t\t\t<div class=\"elementor-container elementor-column-gap-default\">\n\t\t\t\t\t<div class=\"elementor-column elementor-col-50 elementor-inner-column elementor-element elementor-element-066e1f2 exad-glass-effect-no exad-sticky-section-no\" data-id=\"066e1f2\" data-element_type=\"column\" data-e-type=\"column\">\n\t\t\t<div class=\"elementor-widget-wrap elementor-element-populated\">\n\t\t\t\t\t\t<div class=\"elementor-element elementor-element-49df92b2 elementor-blockquote--skin-quotation exad-sticky-section-no exad-glass-effect-no elementor-widget elementor-widget-blockquote\" data-id=\"49df92b2\" data-element_type=\"widget\" data-e-type=\"widget\" data-widget_type=\"blockquote.default\">\n\t\t\t\t<div class=\"elementor-widget-container\">\n\t\t\t\t\t\t\t<blockquote class=\"elementor-blockquote\">\n\t\t\t<p class=\"elementor-blockquote__content\">\n\t\t\t\t\u201eWir laden Sie herzlich ein, unser TV-Studio auf der Messe zu besuchen. Wir freuen uns auf zahlreiche Stimmen von Expertinnen und Experten, Innovationen und wegweisende Projekte. \u201aFernsehen zum Anfassen\u2018 wird hier gelebt\u201c, \t\t\t<\/p>\n\t\t\t\t\t\t\t<div class=\"e-q-footer\">\n\t\t\t\t\t\t\t\t\t\t\t<cite class=\"elementor-blockquote__author\">Thomas Dohse, Director interpack<\/cite>\n\t\t\t\t\t\t\t\t\t\t\t\t\t\t<\/div>\n\t\t\t\t\t<\/blockquote>\n\t\t\t\t\t\t<\/div>\n\t\t\t\t<\/div>\n\t\t\t\t\t<\/div>\n\t\t<\/div>\n\t\t\t\t<div class=\"elementor-column elementor-col-50 elementor-inner-column elementor-element elementor-element-467f725 exad-glass-effect-no exad-sticky-section-no\" data-id=\"467f725\" data-element_type=\"column\" data-e-type=\"column\">\n\t\t\t<div class=\"elementor-widget-wrap elementor-element-populated\">\n\t\t\t\t\t\t<div class=\"elementor-element elementor-element-1e5a502 exad-sticky-section-no exad-glass-effect-no elementor-widget elementor-widget-image\" data-id=\"1e5a502\" data-element_type=\"widget\" data-e-type=\"widget\" data-widget_type=\"image.default\">\n\t\t\t\t<div class=\"elementor-widget-container\">\n\t\t\t\t\t\t\t\t\t\t\t\t\t\t\t<img decoding=\"async\" width=\"800\" height=\"807\" src=\"https:\/\/packaging-journal.de\/wp-content\/uploads\/2023\/05\/Thomas-Dohse_credit-Messe-Duesseldorf-Constanze-Tillmann-2.jpeg\" class=\"attachment-large size-large wp-image-79543\" alt=\"\" srcset=\"https:\/\/packaging-journal.de\/wp-content\/uploads\/2023\/05\/Thomas-Dohse_credit-Messe-Duesseldorf-Constanze-Tillmann-2.jpeg 800w, https:\/\/packaging-journal.de\/wp-content\/uploads\/2023\/05\/Thomas-Dohse_credit-Messe-Duesseldorf-Constanze-Tillmann-2-297x300.jpeg 297w, https:\/\/packaging-journal.de\/wp-content\/uploads\/2023\/05\/Thomas-Dohse_credit-Messe-Duesseldorf-Constanze-Tillmann-2-150x150.jpeg 150w, https:\/\/packaging-journal.de\/wp-content\/uploads\/2023\/05\/Thomas-Dohse_credit-Messe-Duesseldorf-Constanze-Tillmann-2-768x775.jpeg 768w\" sizes=\"(max-width: 800px) 100vw, 800px\" \/>\t\t\t\t\t\t\t\t\t\t\t\t\t\t\t<\/div>\n\t\t\t\t<\/div>\n\t\t\t\t\t<\/div>\n\t\t<\/div>\n\t\t\t\t\t<\/div>\n\t\t<\/section>\n\t\t\t\t<div class=\"elementor-element elementor-element-a8e31c7 exad-sticky-section-no exad-glass-effect-no elementor-widget elementor-widget-spacer\" data-id=\"a8e31c7\" data-element_type=\"widget\" data-e-type=\"widget\" data-widget_type=\"spacer.default\">\n\t\t\t\t<div class=\"elementor-widget-container\">\n\t\t\t\t\t\t\t<div class=\"elementor-spacer\">\n\t\t\t<div class=\"elementor-spacer-inner\"><\/div>\n\t\t<\/div>\n\t\t\t\t\t\t<\/div>\n\t\t\t\t<\/div>\n\t\t\t\t<div class=\"elementor-element elementor-element-237894e0 exad-sticky-section-no exad-glass-effect-no elementor-widget elementor-widget-heading\" data-id=\"237894e0\" data-element_type=\"widget\" data-e-type=\"widget\" data-widget_type=\"heading.default\">\n\t\t\t\t<div class=\"elementor-widget-container\">\n\t\t\t\t\t<h2 class=\"elementor-heading-title elementor-size-default\">Exklusive Studiogespr\u00e4che<\/h2>\t\t\t\t<\/div>\n\t\t\t\t<\/div>\n\t\t\t\t<div class=\"elementor-element elementor-element-31f7c0d5 exad-sticky-section-no exad-glass-effect-no elementor-widget elementor-widget-text-editor\" data-id=\"31f7c0d5\" data-element_type=\"widget\" data-e-type=\"widget\" data-widget_type=\"text-editor.default\">\n\t\t\t\t<div class=\"elementor-widget-container\">\n\t\t\t\t\t\t\t\t\t<p style=\"font-weight: 400;\">Das Programm bietet rund <strong>50 Live-Talks mit spannenden Pers\u00f6nlichkeiten und Themen aus der internationalen Verpackungsbranche<\/strong>. So geht es beispielsweise im Interview mit Syntegon um die Nachhaltigkeit im Bereich Verpackungen als neuer Standard, St\u00e4ubli Tec-Systems zeigt die M\u00f6glichkeiten der Robotik auf und Schneider Electric spricht \u00fcber die Zukunft nachhaltiger und effizienter Verpackungsmaschinen. Um einen offiziellen Weltrekordversuch geht es bei QUPAQ. Der Marktf\u00fchrer f\u00fcr Schalenentstapelung wird auf der interpack versuchen, 1.000 Schalen in nur einer Minute zu entstapeln.<\/p><div id=\"packa-3964493205\" class=\"packa-inhalt\"><!--noptimize--><script async src=\"https:\/\/pagead2.googlesyndication.com\/pagead\/js\/adsbygoogle.js?client=ca-pub-2686439340972671\" crossorigin=\"anonymous\"><\/script>\r\n<ins class=\"adsbygoogle\" style=\"display:block;text-align:center\" data-ad-layout=\"in-article\" data-ad-format=\"fluid\" data-ad-client=\"ca-pub-2686439340972671\" data-ad-slot=\"6171251825\"><\/ins>\r\n<script>\r\n     (adsbygoogle = window.adsbygoogle || []).push({});\r\n<\/script><!--\/noptimize--><\/div>\t\t\t\t\t\t\t\t<\/div>\n\t\t\t\t<\/div>\n\t\t\t\t<div class=\"elementor-element elementor-element-5b902f6 exad-sticky-section-no exad-glass-effect-no elementor-widget elementor-widget-heading\" data-id=\"5b902f6\" data-element_type=\"widget\" data-e-type=\"widget\" data-widget_type=\"heading.default\">\n\t\t\t\t<div class=\"elementor-widget-container\">\n\t\t\t\t\t<h2 class=\"elementor-heading-title elementor-size-default\">Programm steht fest<\/h2>\t\t\t\t<\/div>\n\t\t\t\t<\/div>\n\t\t\t\t<div class=\"elementor-element elementor-element-bca78e3 exad-sticky-section-no exad-glass-effect-no elementor-widget elementor-widget-shortcode\" data-id=\"bca78e3\" data-element_type=\"widget\" data-e-type=\"widget\" data-widget_type=\"shortcode.default\">\n\t\t\t\t<div class=\"elementor-widget-container\">\n\t\t\t\t\t\t\t<div class=\"elementor-shortcode\"><!-- EventON Calendar --><div id='evcal_calendar_781' class='ajde_evcal_calendar sev cev color esty_2 etttc_custom evoEL ajax_loading_cal' data-cal=''><div id='evcal_head' class='calendar_header ' ><div class='evo_cal_above evodfx evofx_dr_r marb5 evofx_ww'><button class='cal_head_btn evo-gototoday-btn' style='' data-mo='' data-yr='' data-dy='' aria-label='Go to today'>Zum aktuellen Monat<\/button><\/div><div class='evo_cal_above_content'><\/div><div class='evo_header_title '><\/div><\/div><div class='evo_filter_bar evo_main_filter_bar eventon_sorting_section '><div class='evo_filter_container evodfx evo_fx_ai_c'><div class='evo_filter_container_in'><div class='eventon_filter_line' ><div class='evo_loading_bar_holder h100 loading_filters swipe' style='min-height:30px;'><div class='nesthold r g10'><div class='evo_loading_bar wid_100% hi_30px' style='width:100%; height:30px; margin-bottom:1px;'><\/div><div class='evo_loading_bar wid_100% hi_30px' style='width:100%; height:30px; margin-bottom:1px;'><\/div><div class='evo_loading_bar wid_100% hi_30px' style='width:100%; height:30px; margin-bottom:1px;'><\/div><div class='evo_loading_bar wid_100% hi_30px' style='width:100%; height:30px; margin-bottom:1px;'><\/div><div class='evo_loading_bar wid_100% hi_30px' style='width:100%; height:30px; margin-bottom:1px;'><\/div><\/div><\/div><\/div><\/div><div class='evo_filter_nav evo_filter_l'><i class='fa fa-chevron-left'><\/i><\/div><div class='evo_filter_nav evo_filter_r'><i class='fa fa-chevron-right'><\/i><\/div><\/div><div class='evo_filter_aply_btns'><\/div><div class='evo_filter_menu'><\/div><\/div><div id='eventon_loadbar_section'><div id='eventon_loadbar'><\/div><\/div><!-- Events List --><div class='evo_events_list_box'><div id='evcal_list' class='eventon_events_list  el_cal'><div class='evo_loading_bar_holder h100 loading_e swipe' style=''><div class='nest nest1 e'><div class='nesthold r g10'><div class='nest nest2 e1'><div class='evo_loading_bar wid_100px hi_95px' style='width:100px; height:95px; '><\/div><\/div><div class='nest nest2 e2'><div class='evo_loading_bar wid_50% hi_55px' style='width:50%; height:55px; '><\/div><div class='evo_loading_bar wid_90% hi_30px' style='width:90%; height:30px; '><\/div><\/div><\/div><\/div><div class='nest nest1 e'><div class='nesthold r g10'><div class='nest nest2 e1'><div class='evo_loading_bar wid_100px hi_95px' style='width:100px; height:95px; '><\/div><\/div><div class='nest nest2 e2'><div class='evo_loading_bar wid_50% hi_55px' style='width:50%; height:55px; '><\/div><div class='evo_loading_bar wid_90% hi_30px' style='width:90%; height:30px; '><\/div><\/div><\/div><\/div><div class='nest nest1 e'><div class='nesthold r g10'><div class='nest nest2 e1'><div class='evo_loading_bar wid_100px hi_95px' style='width:100px; height:95px; '><\/div><\/div><div class='nest nest2 e2'><div class='evo_loading_bar wid_50% hi_55px' style='width:50%; height:55px; '><\/div><div class='evo_loading_bar wid_90% hi_30px' style='width:90%; height:30px; '><\/div><\/div><\/div><\/div><\/div>\t\t\t<\/div>\r\n\t\t\t<\/div><!-- evo_events_list_box -->\t\r\n\t\t\t<div class='clear'><\/div>\r\n\t\t\t\t\t \t<div id='evcal_footer' class='evo_bottom' style='display:none'>\r\n\t\t \t\t<div class='evo_cal_data' data-sc=\"{&quot;accord&quot;:&quot;no&quot;,&quot;bottom_nav&quot;:&quot;no&quot;,&quot;cal_id&quot;:&quot;&quot;,&quot;cal_init_nonajax&quot;:&quot;no&quot;,&quot;cal_type&quot;:&quot;&quot;,&quot;calendar_type&quot;:&quot;el&quot;,&quot;currentuser&quot;:&quot;no&quot;,&quot;el_title&quot;:&quot;&quot;,&quot;el_type&quot;:&quot;ue&quot;,&quot;end_range&quot;:0,&quot;ep_fields&quot;:&quot;&quot;,&quot;etc_override&quot;:&quot;no&quot;,&quot;evc_open&quot;:&quot;no&quot;,&quot;event_count&quot;:&quot;3&quot;,&quot;event_count_list&quot;:&quot;no&quot;,&quot;event_location&quot;:&quot;all&quot;,&quot;event_order&quot;:&quot;ASC&quot;,&quot;event_organizer&quot;:&quot;all&quot;,&quot;event_parts&quot;:&quot;no&quot;,&quot;event_past_future&quot;:&quot;all&quot;,&quot;event_status&quot;:&quot;all&quot;,&quot;event_tag&quot;:&quot;all&quot;,&quot;event_type&quot;:&quot;NOT-all&quot;,&quot;event_type_2&quot;:&quot;NOT-all&quot;,&quot;event_type_3&quot;:&quot;NOT-all&quot;,&quot;event_type_4&quot;:&quot;all&quot;,&quot;event_users&quot;:&quot;all&quot;,&quot;event_virtual&quot;:&quot;all&quot;,&quot;eventtop_date_style&quot;:0,&quot;eventtop_style&quot;:&quot;2&quot;,&quot;exp_jumper&quot;:&quot;no&quot;,&quot;exp_so&quot;:&quot;no&quot;,&quot;filter_relationship&quot;:&quot;AND&quot;,&quot;filter_show_set_only&quot;:&quot;no&quot;,&quot;filter_style&quot;:&quot;default&quot;,&quot;filter_type&quot;:&quot;default&quot;,&quot;filters&quot;:&quot;yes&quot;,&quot;fixed_month&quot;:&quot;&quot;,&quot;fixed_year&quot;:&quot;&quot;,&quot;focus_end_date_range&quot;:&quot;1780271999&quot;,&quot;focus_start_date_range&quot;:&quot;1777816802&quot;,&quot;ft_event_priority&quot;:&quot;no&quot;,&quot;hide_arrows&quot;:&quot;no&quot;,&quot;hide_cancels&quot;:&quot;no&quot;,&quot;hide_empty_months&quot;:&quot;yes&quot;,&quot;hide_end_time&quot;:&quot;no&quot;,&quot;hide_et_dn&quot;:&quot;no&quot;,&quot;hide_et_extra&quot;:&quot;no&quot;,&quot;hide_et_tags&quot;:&quot;no&quot;,&quot;hide_et_tl&quot;:&quot;no&quot;,&quot;hide_ft&quot;:&quot;no&quot;,&quot;hide_ft_img&quot;:&quot;no&quot;,&quot;hide_month_headers&quot;:&quot;no&quot;,&quot;hide_mult_occur&quot;:&quot;yes&quot;,&quot;hide_past&quot;:&quot;no&quot;,&quot;hide_past_by&quot;:&quot;ee&quot;,&quot;hide_so&quot;:&quot;yes&quot;,&quot;ics&quot;:&quot;no&quot;,&quot;jumper&quot;:&quot;no&quot;,&quot;jumper_count&quot;:5,&quot;jumper_offset&quot;:&quot;0&quot;,&quot;lang&quot;:&quot;L1&quot;,&quot;layout_changer&quot;:&quot;no&quot;,&quot;livenow_bar&quot;:&quot;yes&quot;,&quot;mapformat&quot;:&quot;roadmap&quot;,&quot;mapiconurl&quot;:&quot;&quot;,&quot;maps_load&quot;:&quot;yes&quot;,&quot;mapscroll&quot;:&quot;true&quot;,&quot;mapzoom&quot;:&quot;12&quot;,&quot;members_only&quot;:&quot;no&quot;,&quot;ml_priority&quot;:&quot;no&quot;,&quot;ml_toend&quot;:&quot;no&quot;,&quot;month_incre&quot;:0,&quot;month_order&quot;:&quot;ASC&quot;,&quot;number_of_months&quot;:&quot;1&quot;,&quot;only_ft&quot;:&quot;no&quot;,&quot;pec&quot;:&quot;&quot;,&quot;s&quot;:&quot;&quot;,&quot;search&quot;:&quot;&quot;,&quot;search_all&quot;:&quot;no&quot;,&quot;sep_month&quot;:&quot;no&quot;,&quot;show_et_ft_img&quot;:&quot;no&quot;,&quot;show_limit&quot;:&quot;no&quot;,&quot;show_limit_ajax&quot;:&quot;no&quot;,&quot;show_limit_paged&quot;:1,&quot;show_limit_redir&quot;:&quot;&quot;,&quot;show_repeats&quot;:&quot;no&quot;,&quot;show_search&quot;:&quot;no&quot;,&quot;show_upcoming&quot;:0,&quot;show_year&quot;:&quot;no&quot;,&quot;social_share&quot;:&quot;no&quot;,&quot;sort_by&quot;:&quot;sort_date&quot;,&quot;start_range&quot;:0,&quot;tile_bg&quot;:0,&quot;tile_bg_size&quot;:&quot;full&quot;,&quot;tile_count&quot;:2,&quot;tile_height&quot;:0,&quot;tile_style&quot;:0,&quot;tiles&quot;:&quot;no&quot;,&quot;users&quot;:&quot;all&quot;,&quot;ux_val&quot;:&quot;0&quot;,&quot;view_switcher&quot;:&quot;no&quot;,&quot;wpml_l1&quot;:&quot;&quot;,&quot;wpml_l2&quot;:&quot;&quot;,&quot;wpml_l3&quot;:&quot;&quot;,&quot;x_ids&quot;:&quot;&quot;,&quot;yl_priority&quot;:&quot;no&quot;,&quot;yl_toend&quot;:&quot;no&quot;,&quot;fixed_day&quot;:&quot;3&quot;,&quot;fixed_date&quot;:&quot;&quot;,&quot;_cver&quot;:&quot;5.0.8&quot;}\" data-filter_data=\"{&quot;event_location&quot;:{&quot;__name&quot;:&quot;Veranstaltungsort&quot;,&quot;__tax&quot;:&quot;event_location&quot;,&quot;__filter_type&quot;:&quot;tax&quot;,&quot;__def_val&quot;:[&quot;all&quot;],&quot;__invals&quot;:[&quot;all&quot;],&quot;__notvals&quot;:[],&quot;__list&quot;:{&quot;all&quot;:[&quot;all&quot;,&quot;Alle&quot;],&quot;amsterdam-rai-zentrum&quot;:[57952,&quot;Amsterdam - RAI Zentrum&quot;,false,&quot;y&quot;,&quot;&quot;],&quot;amsterdam-taets&quot;:[57989,&quot;Amsterdam - Taets&quot;,false,&quot;y&quot;,&quot;&quot;],&quot;cobb-galleria-centre&quot;:[60033,&quot;Atlanta, Cobb Galleria Centre&quot;,false,&quot;y&quot;,&quot;&quot;],&quot;bangkok-thailand&quot;:[58054,&quot;Bangkok (Thailand)&quot;,false,&quot;y&quot;,&quot;&quot;],&quot;barcelona&quot;:[58057,&quot;Barcelona&quot;,false,&quot;y&quot;,&quot;&quot;],&quot;berlin&quot;:[60484,&quot;Berlin&quot;,false,&quot;y&quot;,&quot;&quot;],&quot;berlin-landesvertretung-baden-wuerttemberg&quot;:[57879,&quot;Berlin - Landesvertretung Baden-W\\u00fcrttemberg&quot;,false,&quot;y&quot;,&quot;&quot;],&quot;bernexpo&quot;:[60777,&quot;BERNEXPO&quot;,false,&quot;y&quot;,&quot;&quot;],&quot;brabanthallen-s-hertogenbosch&quot;:[60455,&quot;Brabanthallen \\u2019s-Hertogenbosch&quot;,false,&quot;y&quot;,&quot;&quot;],&quot;bruenn-tschechische-repubik&quot;:[57990,&quot;Br\\u00fcnn (Tschechische Repubik)&quot;,false,&quot;y&quot;,&quot;&quot;],&quot;bruessel-brussels-expo&quot;:[58040,&quot;Br\\u00fcssel - Brussels Expo&quot;,false,&quot;y&quot;,&quot;&quot;],&quot;bueropark-rodenkirchen&quot;:[58018,&quot;B\\u00fcropark Rodenkirchen&quot;,false,&quot;y&quot;,&quot;&quot;],&quot;chicago&quot;:[58035,&quot;Chicago&quot;,false,&quot;y&quot;,&quot;&quot;],&quot;chicago-mccormick-place&quot;:[59251,&quot;Chicago - McCormick Place&quot;,false,&quot;y&quot;,&quot;&quot;],&quot;cobb&quot;:[60181,&quot;cobb&quot;,false,&quot;y&quot;,&quot;&quot;],&quot;convention-center-los-angeles&quot;:[60456,&quot;Convention Center Los Angeles&quot;,false,&quot;y&quot;,&quot;&quot;],&quot;deutsches-verpackungsmuseum&quot;:[59829,&quot;Deutsches Verpackungsmuseum&quot;,false,&quot;y&quot;,&quot;&quot;],&quot;dortmund-westfalenhallen&quot;:[58052,&quot;Dortmund - Westfalenhallen&quot;,false,&quot;y&quot;,&quot;&quot;],&quot;doubletree-by-hilton-berlin-kudamm&quot;:[60641,&quot;DoubleTree by Hilton Berlin Ku&amp;#039;damm&quot;,false,&quot;y&quot;,&quot;&quot;],&quot;dresden-pullman-newa-hotel&quot;:[57866,&quot;Dresden - Pullman Newa Hotel&quot;,false,&quot;y&quot;,&quot;&quot;],&quot;dresdner-dreikoenigskirche&quot;:[60191,&quot;Dresdner Dreik\\u00f6nigskirche&quot;,false,&quot;y&quot;,&quot;&quot;],&quot;dubai-world-trade-center&quot;:[58043,&quot;Dubai World Trade Center&quot;,false,&quot;y&quot;,&quot;&quot;],&quot;duesseldorf-maritim-airport-hotel&quot;:[60438,&quot;D\\u00fcsseldorf - Maritim Airport Hotel&quot;,false,&quot;y&quot;,&quot;&quot;],&quot;egypt-international-exhibition-center&quot;:[60271,&quot;Egypt International Exhibition Center&quot;,false,&quot;y&quot;,&quot;&quot;],&quot;evenementenhal-gorinchem&quot;:[60944,&quot;Evenementenhal Gorinchem&quot;,false,&quot;y&quot;,&quot;&quot;],&quot;fiera-milano-rho&quot;:[59969,&quot;Fiera Milano Rho&quot;,false,&quot;y&quot;,&quot;&quot;],&quot;goeteborg-schweden&quot;:[58060,&quot;G\\u00f6teborg (Schweden)&quot;,false,&quot;y&quot;,&quot;&quot;],&quot;guangzhou-china&quot;:[58030,&quot;Guangzhou (China)&quot;,false,&quot;y&quot;,&quot;&quot;],&quot;hamburg&quot;:[60485,&quot;Hamburg&quot;,false,&quot;y&quot;,&quot;&quot;],&quot;hamburg-messe-schnelsen&quot;:[58022,&quot;Hamburg - Messe Schnelsen&quot;,false,&quot;y&quot;,&quot;&quot;],&quot;hamburg-messe&quot;:[60630,&quot;Hamburg Messe&quot;,false,&quot;y&quot;,&quot;&quot;],&quot;hamburg-messe-eingang-sued-halle-b6&quot;:[60631,&quot;Hamburg Messe - Eingang S\\u00fcd, Halle B6&quot;,false,&quot;y&quot;,&quot;&quot;],&quot;handtmann-technology-center&quot;:[60380,&quot;Handtmann Technology Center&quot;,false,&quot;y&quot;,&quot;&quot;],&quot;hannover-schloss-herrenhausen&quot;:[57868,&quot;Hannover - Schloss Herrenhausen&quot;,false,&quot;y&quot;,&quot;&quot;],&quot;hannover-messe&quot;:[57969,&quot;Hannover Messe&quot;,false,&quot;y&quot;,&quot;&quot;],&quot;heilbronn-redblue-messehalle&quot;:[58048,&quot;Heilbronn - Redblue Messehalle&quot;,false,&quot;y&quot;,&quot;&quot;],&quot;herma-gmbh&quot;:[60798,&quot;HERMA GmbH&quot;,false,&quot;y&quot;,&quot;&quot;],&quot;hochschule-fuer-technik-wirtschaft-und-kultur-leipzig-htwk&quot;:[59568,&quot;Hochschule f\\u00fcr Technik, Wirtschaft und Kultur Leipzig (HTWK)&quot;,false,&quot;y&quot;,&quot;&quot;],&quot;holiday-inn-munich-city-centre&quot;:[60290,&quot;Holiday Inn Munich City Centre&quot;,false,&quot;y&quot;,&quot;&quot;],&quot;hotel-scandic-frankfurt-museumsufer&quot;:[59579,&quot;Hotel Scandic Frankfurt Museumsufer&quot;,false,&quot;y&quot;,&quot;&quot;],&quot;hyatt-regency-barcelona-tower&quot;:[59797,&quot;Hyatt Regency Barcelona Tower&quot;,false,&quot;y&quot;,&quot;&quot;],&quot;jowat-se&quot;:[60920,&quot;Jowat SE&quot;,false,&quot;y&quot;,&quot;&quot;],&quot;koeln&quot;:[60487,&quot;K\\u00f6ln&quot;,false,&quot;y&quot;,&quot;&quot;],&quot;koeln-alter-wartesaal&quot;:[60801,&quot;K\\u00f6ln - Alter Wartesaal&quot;,false,&quot;y&quot;,&quot;&quot;],&quot;koeln-wartesaal-am-dom&quot;:[60802,&quot;K\\u00f6ln - Wartesaal am Dom&quot;,false,&quot;y&quot;,&quot;&quot;],&quot;koelnmesse&quot;:[57841,&quot;K\\u00f6lnmesse&quot;,false,&quot;y&quot;,&quot;&quot;],&quot;las-vegas&quot;:[59249,&quot;Las Vegas&quot;,false,&quot;y&quot;,&quot;&quot;],&quot;las-vegas-convention-center&quot;:[59250,&quot;Las Vegas Convention Center&quot;,false,&quot;y&quot;,&quot;&quot;],&quot;lissabon-feira-internacional-de-lisboa&quot;:[60945,&quot;Lissabon - Feira Internacional de Lisboa&quot;,false,&quot;y&quot;,&quot;&quot;],&quot;london-excel&quot;:[58033,&quot;London - ExCel&quot;,false,&quot;y&quot;,&quot;&quot;],&quot;maritim-proarte-hotel-berlin&quot;:[59823,&quot;Maritim proArte Hotel Berlin&quot;,false,&quot;y&quot;,&quot;&quot;],&quot;meerbusch-bei-duesseldorf-areal-boehler&quot;:[60491,&quot;Meerbusch bei D\\u00fcsseldorf - Areal B\\u00f6hler&quot;,false,&quot;y&quot;,&quot;&quot;],&quot;mercure-hotel-moa-berlin&quot;:[59231,&quot;Mercure Hotel MOA Berlin&quot;,false,&quot;y&quot;,&quot;&quot;],&quot;messe-berlin&quot;:[58027,&quot;Messe Berlin&quot;,false,&quot;y&quot;,&quot;&quot;],&quot;messe-bologna&quot;:[61157,&quot;Messe Bologna&quot;,false,&quot;y&quot;,&quot;&quot;],&quot;messe-chemnitz&quot;:[57931,&quot;Messe Chemnitz&quot;,false,&quot;y&quot;,&quot;&quot;],&quot;messe-dortmund&quot;:[58032,&quot;Messe Dortmund&quot;,false,&quot;y&quot;,&quot;&quot;],&quot;messe-duesseldorf&quot;:[57985,&quot;Messe D\\u00fcsseldorf&quot;,false,&quot;y&quot;,&quot;&quot;],&quot;messe-essen&quot;:[57870,&quot;Messe Essen&quot;,false,&quot;y&quot;,&quot;&quot;],&quot;messe-frankfurt&quot;:[57983,&quot;Messe Frankfurt&quot;,false,&quot;y&quot;,&quot;&quot;],&quot;messe-friedrichshafen&quot;:[57908,&quot;Messe Friedrichshafen&quot;,false,&quot;y&quot;,&quot;&quot;],&quot;messe-mailand&quot;:[57956,&quot;Messe Mailand&quot;,false,&quot;y&quot;,&quot;&quot;],&quot;messe-muenchen&quot;:[58016,&quot;Messe M\\u00fcnchen&quot;,false,&quot;y&quot;,&quot;&quot;],&quot;messe-nuernberg&quot;:[58055,&quot;Messe N\\u00fcrnberg&quot;,false,&quot;y&quot;,&quot;&quot;],&quot;messe-stuttgart&quot;:[57967,&quot;Messe Stuttgart&quot;,false,&quot;y&quot;,&quot;&quot;],&quot;messe-zuerich&quot;:[57987,&quot;Messe Z\\u00fcrich&quot;,false,&quot;y&quot;,&quot;&quot;],&quot;messezentrum-messukeskus&quot;:[59607,&quot;Messezentrum Messukeskus&quot;,false,&quot;y&quot;,&quot;&quot;],&quot;monaco&quot;:[58014,&quot;Monaco&quot;,false,&quot;y&quot;,&quot;&quot;],&quot;crocus-expo&quot;:[57862,&quot;Moskau - Crocus Expo&quot;,false,&quot;y&quot;,&quot;&quot;],&quot;muenchen&quot;:[60486,&quot;M\\u00fcnchen&quot;,false,&quot;y&quot;,&quot;&quot;],&quot;muenchen-holiday-inn-city-centre&quot;:[57954,&quot;M\\u00fcnchen - Holiday Inn City Centre&quot;,false,&quot;y&quot;,&quot;&quot;],&quot;muenchen-moc-center&quot;:[57934,&quot;M\\u00fcnchen - MOC Center&quot;,false,&quot;y&quot;,&quot;&quot;],&quot;new-york-javits-center&quot;:[60458,&quot;New York, Javits Center&quot;,false,&quot;y&quot;,&quot;&quot;],&quot;nuernberg-messe&quot;:[57975,&quot;N\\u00fcrnberg Messe&quot;,false,&quot;y&quot;,&quot;&quot;],&quot;orlando&quot;:[58058,&quot;Orlando&quot;,false,&quot;y&quot;,&quot;&quot;],&quot;osnabrueck-vienna-house-remarque&quot;:[57910,&quot;Osnabr\\u00fcck - Vienna House Remarque&quot;,false,&quot;y&quot;,&quot;&quot;],&quot;pari-expo-porte-de-versailles&quot;:[58023,&quot;Pari - Expo Porte de Versailles&quot;,false,&quot;y&quot;,&quot;&quot;],&quot;paris-carreau-du-temple&quot;:[60211,&quot;Paris - Carreau du Temple&quot;,false,&quot;y&quot;,&quot;&quot;],&quot;paris-villepinte-exhibition-centre&quot;:[57992,&quot;Paris - Villepinte Exhibition Centre&quot;,false,&quot;y&quot;,&quot;&quot;],&quot;paris-expo-porte-de-versailles&quot;:[60503,&quot;Paris Expo Porte de Versailles&quot;,false,&quot;y&quot;,&quot;&quot;],&quot;paulaner-am-nockherberg&quot;:[58934,&quot;Paulaner am Nockherberg&quot;,false,&quot;y&quot;,&quot;&quot;],&quot;rapperswil-jona&quot;:[60702,&quot;Rapperswil-Jona&quot;,false,&quot;y&quot;,&quot;&quot;],&quot;red-dot-design-museum&quot;:[58818,&quot;Red Dot Design Museum&quot;,false,&quot;y&quot;,&quot;&quot;],&quot;rennes-frankreich&quot;:[57932,&quot;Rennes (Frankreich)&quot;,false,&quot;y&quot;,&quot;&quot;],&quot;rheda-wiedenbrueck-a2-forum&quot;:[58047,&quot;Rheda-Wiedenbr\\u00fcck - A2 Forum&quot;,false,&quot;y&quot;,&quot;&quot;],&quot;rittal-arena-wetzlar&quot;:[59017,&quot;Rittal Arena Wetzlar&quot;,false,&quot;y&quot;,&quot;&quot;],&quot;saigon-exhibition-and-convention-center-secc&quot;:[60270,&quot;Saigon Exhibition and Convention Center (SECC)&quot;,false,&quot;y&quot;,&quot;&quot;],&quot;shanghai&quot;:[58045,&quot;Shanghai&quot;,false,&quot;y&quot;,&quot;&quot;],&quot;shanghai-exhibition-center&quot;:[60457,&quot;Shanghai Exhibition Center&quot;,false,&quot;y&quot;,&quot;&quot;],&quot;shenzhen-world-exhibition-and-convention-center&quot;:[58787,&quot;Shenzhen World Exhibition and Convention Center&quot;,false,&quot;y&quot;,&quot;&quot;],&quot;stockholmsmaessan&quot;:[60291,&quot;Stockholmsm\\u00e4ssan&quot;,false,&quot;y&quot;,&quot;&quot;],&quot;svenska-maessan-goeteborg&quot;:[59885,&quot;Svenska M\\u00e4ssan G\\u00f6teborg&quot;,false,&quot;y&quot;,&quot;&quot;],&quot;technische-akademie-esslingen&quot;:[57873,&quot;Technische Akademie Esslingen&quot;,false,&quot;y&quot;,&quot;&quot;],&quot;technopark-zuerich&quot;:[59453,&quot;Technopark Z\\u00fcrich&quot;,false,&quot;y&quot;,&quot;&quot;],&quot;ulm-messe&quot;:[58041,&quot;Ulm Messe&quot;,false,&quot;y&quot;,&quot;&quot;],&quot;umweltforum-berlin&quot;:[60823,&quot;Umweltforum Berlin&quot;,false,&quot;y&quot;,&quot;&quot;],&quot;wiesbaden-rheinmain-congresscenter&quot;:[58050,&quot;Wiesbaden - RheinMain CongressCenter&quot;,false,&quot;y&quot;,&quot;&quot;],&quot;xeikon-headquarters&quot;:[59570,&quot;Xeikon Headquarters&quot;,false,&quot;y&quot;,&quot;&quot;],&quot;xpost-koeln&quot;:[61158,&quot;XPOST K\\u00f6ln&quot;,false,&quot;y&quot;,&quot;&quot;]},&quot;nterms&quot;:[&quot;all&quot;],&quot;tterms&quot;:[&quot;all&quot;],&quot;terms&quot;:[&quot;all&quot;]},&quot;event_organizer&quot;:{&quot;__name&quot;:&quot;Veranstalter&quot;,&quot;__tax&quot;:&quot;event_organizer&quot;,&quot;__filter_type&quot;:&quot;tax&quot;,&quot;__def_val&quot;:[&quot;all&quot;],&quot;__invals&quot;:[&quot;all&quot;],&quot;__notvals&quot;:[],&quot;__list&quot;:{&quot;all&quot;:[&quot;all&quot;,&quot;Alle&quot;],&quot;aktionsforum-glasverpackung&quot;:[58933,&quot;Aktionsforum Glasverpackung&quot;,false,&quot;y&quot;,&quot;&quot;],&quot;bandall&quot;:[59085,&quot;Bandall&quot;,false,&quot;y&quot;,&quot;&quot;],&quot;bioplastics&quot;:[57955,&quot;bioplastics&quot;,false,&quot;y&quot;,&quot;&quot;],&quot;carl-hanser-verlag&quot;:[58042,&quot;Carl Hanser Verlag&quot;,false,&quot;y&quot;,&quot;&quot;],&quot;comexposium&quot;:[57993,&quot;Comexposium&quot;,false,&quot;y&quot;,&quot;&quot;],&quot;concept-heidelberg-gmbh&quot;:[57875,&quot;CONCEPT HEIDELBERG GmbH&quot;,false,&quot;y&quot;,&quot;&quot;],&quot;dechema&quot;:[58051,&quot;DECHEMA&quot;,false,&quot;y&quot;,&quot;&quot;],&quot;deutsche-messe-ag&quot;:[59794,&quot;Deutsche Messe AG&quot;,false,&quot;y&quot;,&quot;&quot;],&quot;dvi-deutsches-verpackungsinstitut&quot;:[57878,&quot;DVI Deutsches Verpackungsinstitut&quot;,false,&quot;y&quot;,&quot;&quot;],&quot;easyfairs&quot;:[57988,&quot;easyfairs&quot;,false,&quot;y&quot;,&quot;&quot;],&quot;ehi-retail-institute&quot;:[57842,&quot;EHI Retail Institute&quot;,false,&quot;y&quot;,&quot;&quot;],&quot;ella-verlag-und-medien&quot;:[58020,&quot;Ella Verlag und Medien&quot;,false,&quot;y&quot;,&quot;&quot;],&quot;euroexpo-messe-und-kongress-gmbh&quot;:[58031,&quot;EUROEXPO Messe- und Kongress GmbH&quot;,false,&quot;y&quot;,&quot;&quot;],&quot;european-bioplastics&quot;:[58839,&quot;European Bioplastics&quot;,false,&quot;y&quot;,&quot;&quot;],&quot;european-bioplastics-e-v&quot;:[59859,&quot;European Bioplastics e.V.&quot;,false,&quot;y&quot;,&quot;&quot;],&quot;fespa&quot;:[57951,&quot;FESPA&quot;,false,&quot;y&quot;,&quot;&quot;],&quot;fiera-milano&quot;:[59970,&quot;Fiera Milano&quot;,false,&quot;y&quot;,&quot;&quot;],&quot;fira-barcelona&quot;:[59380,&quot;Fira Barcelona&quot;,false,&quot;y&quot;,&quot;&quot;],&quot;ghm&quot;:[58059,&quot;GHM&quot;,false,&quot;y&quot;,&quot;&quot;],&quot;gl-events&quot;:[57933,&quot;GL Events&quot;,false,&quot;y&quot;,&quot;&quot;],&quot;globos-logistik-und-informationssysteme-gmbh&quot;:[57869,&quot;GLOBOS Logistik- und Informationssysteme GmbH&quot;,false,&quot;y&quot;,&quot;&quot;],&quot;hannover-messe&quot;:[58044,&quot;Hannover Messe&quot;,false,&quot;y&quot;,&quot;&quot;],&quot;infopro-digital&quot;:[58015,&quot;Infopro Digital&quot;,false,&quot;y&quot;,&quot;&quot;],&quot;innoform-coaching&quot;:[57911,&quot;Innoform Coaching&quot;,false,&quot;y&quot;,&quot;&quot;],&quot;ipack-ima&quot;:[58046,&quot;IPACK-IMA&quot;,false,&quot;y&quot;,&quot;&quot;],&quot;ite-moscow&quot;:[57863,&quot;ITE Moscow&quot;,false,&quot;y&quot;,&quot;&quot;],&quot;k-industrievereinigung-kunststoffverpackungen-e-v&quot;:[59580,&quot;K Industrievereinigung Kunststoffverpackungen e.V.&quot;,false,&quot;y&quot;,&quot;&quot;],&quot;koelnmesse&quot;:[58037,&quot;K\\u00f6lnmesse&quot;,false,&quot;y&quot;,&quot;&quot;],&quot;koelnmesse-gmbh&quot;:[58026,&quot;K\\u00f6lnmesse GmbH&quot;,false,&quot;y&quot;,&quot;&quot;],&quot;landesmesse-stuttgart&quot;:[57982,&quot;Landesmesse Stuttgart&quot;,false,&quot;y&quot;,&quot;&quot;],&quot;leipziger-messe&quot;:[57950,&quot;Leipziger Messe&quot;,false,&quot;y&quot;,&quot;&quot;],&quot;livebuzz&quot;:[58034,&quot;LiveBuzz&quot;,false,&quot;y&quot;,&quot;&quot;],&quot;mack-brooks-group&quot;:[57970,&quot;Mack Brooks Group&quot;,false,&quot;y&quot;,&quot;&quot;],&quot;mesago-frankfurt-gmbh&quot;:[57984,&quot;Mesago Frankfurt GmbH&quot;,false,&quot;y&quot;,&quot;&quot;],&quot;messe-berlin&quot;:[58028,&quot;Messe Berlin&quot;,false,&quot;y&quot;,&quot;&quot;],&quot;messe-bruenn&quot;:[57991,&quot;Messe Br\\u00fcnn&quot;,false,&quot;y&quot;,&quot;&quot;],&quot;messe-dortmund&quot;:[58053,&quot;Messe Dortmund&quot;,false,&quot;y&quot;,&quot;&quot;],&quot;messe-duesseldorf&quot;:[57986,&quot;Messe D\\u00fcsseldorf&quot;,false,&quot;y&quot;,&quot;&quot;],&quot;messe-essen&quot;:[58029,&quot;Messe Essen&quot;,false,&quot;y&quot;,&quot;&quot;],&quot;messe-frankfurt&quot;:[58025,&quot;Messe Frankfurt&quot;,false,&quot;y&quot;,&quot;&quot;],&quot;messe-muenchen&quot;:[58017,&quot;Messe M\\u00fcnchen&quot;,false,&quot;y&quot;,&quot;&quot;],&quot;messe-nuernberg&quot;:[58056,&quot;Messe N\\u00fcrnberg&quot;,false,&quot;y&quot;,&quot;&quot;],&quot;messe-stuttgart&quot;:[58049,&quot;Messe Stuttgart&quot;,false,&quot;y&quot;,&quot;&quot;],&quot;messukeskus&quot;:[59608,&quot;Messukeskus&quot;,false,&quot;y&quot;,&quot;&quot;],&quot;nuernberg-messe&quot;:[57976,&quot;N\\u00fcrnberg Messe&quot;,false,&quot;y&quot;,&quot;&quot;],&quot;orlex&quot;:[58024,&quot;Orlex&quot;,false,&quot;y&quot;,&quot;&quot;],&quot;papiertechnische-stiftung&quot;:[57867,&quot;Papiertechnische Stiftung&quot;,false,&quot;y&quot;,&quot;&quot;],&quot;pmmi-media-group&quot;:[60179,&quot;PMMI Media Group&quot;,false,&quot;y&quot;,&quot;&quot;],&quot;polymedia-publisher-gmbh&quot;:[59550,&quot;Polymedia Publisher GmbH&quot;,false,&quot;y&quot;,&quot;&quot;],&quot;prysm-group&quot;:[58039,&quot;Prysm Group&quot;,false,&quot;y&quot;,&quot;&quot;],&quot;reed-exhibitions&quot;:[58021,&quot;Reed Exhibitions&quot;,false,&quot;y&quot;,&quot;&quot;],&quot;saechsisches-institut-fuer-die-druckindustrie-sid&quot;:[59569,&quot;S\\u00e4chsisches Institut f\\u00fcr die Druckindustrie (SID)&quot;,false,&quot;y&quot;,&quot;&quot;],&quot;schall-messen&quot;:[57909,&quot;Schall Messen&quot;,false,&quot;y&quot;,&quot;&quot;],&quot;smarter-shows&quot;:[57978,&quot;Smarter Shows&quot;,false,&quot;y&quot;,&quot;&quot;],&quot;smithers&quot;:[59798,&quot;Smithers&quot;,false,&quot;y&quot;,&quot;&quot;],&quot;svenska-maessan&quot;:[58061,&quot;Svenska M\\u00e4ssan&quot;,false,&quot;y&quot;,&quot;&quot;],&quot;svi-schweizerisches-verpackungsinstitut&quot;:[59454,&quot;SVI - Schweizerisches Verpackungsinstitut&quot;,false,&quot;y&quot;,&quot;&quot;],&quot;tarsus-group&quot;:[58036,&quot;Tarsus Group&quot;,false,&quot;y&quot;,&quot;&quot;],&quot;technische-akademie-esslingen&quot;:[57872,&quot;Technische Akademie Esslingen&quot;,false,&quot;y&quot;,&quot;&quot;],&quot;trans-global-events&quot;:[57974,&quot;Trans Global Events&quot;,false,&quot;y&quot;,&quot;&quot;],&quot;xeikon&quot;:[59571,&quot;Xeikon&quot;,false,&quot;y&quot;,&quot;&quot;]},&quot;nterms&quot;:[&quot;all&quot;],&quot;tterms&quot;:[&quot;all&quot;],&quot;terms&quot;:[&quot;all&quot;]},&quot;event_tag&quot;:{&quot;__tax&quot;:&quot;event_tag&quot;,&quot;__filter_type&quot;:&quot;tax&quot;,&quot;__def_val&quot;:[&quot;all&quot;],&quot;__invals&quot;:[&quot;all&quot;],&quot;__notvals&quot;:[],&quot;__name&quot;:&quot;Tag&quot;,&quot;__list&quot;:{&quot;all&quot;:[&quot;all&quot;,&quot;Alle&quot;],&quot;nachhaltigkeit-und-green-packaging&quot;:[31,&quot;Nachhaltigkeit und Green Packaging&quot;],&quot;packmittel-und-packstoffe&quot;:[32,&quot;Packmittel und Packstoffe&quot;],&quot;lebensmittel&quot;:[38,&quot;Lebensmittel&quot;],&quot;verpackungstechnik&quot;:[39,&quot;Verpackungstechnik&quot;],&quot;pharma-kosmetik-chemie&quot;:[40,&quot;Pharma--Kosmetik--Chemie&quot;],&quot;etikettieren-kennzeichnen-codieren&quot;:[42,&quot;Etikettieren--Kennzeichnen--Codieren&quot;],&quot;transportverpackung&quot;:[44,&quot;Transportverpackung&quot;],&quot;getraenke&quot;:[48,&quot;Getr\\u00e4nke&quot;],&quot;verpackungsdruck-und-veredelung&quot;:[51,&quot;Verpackungsdruck und Veredelung&quot;],&quot;kunststoff-und-verbunde&quot;:[54,&quot;Kunststoff und Verbunde&quot;],&quot;automatisieren-und-robotik&quot;:[55,&quot;Automatisieren und Robotik&quot;],&quot;dvi&quot;:[57,&quot;DVI&quot;],&quot;metall&quot;:[81,&quot;Metall&quot;],&quot;prosweets&quot;:[83,&quot;ProSweets&quot;],&quot;logimat&quot;:[84,&quot;LogiMAT&quot;],&quot;hannover-messe&quot;:[85,&quot;Hannover Messe&quot;],&quot;braubeviale&quot;:[92,&quot;BrauBeviale&quot;],&quot;sps-ipc-drives&quot;:[94,&quot;SPS&quot;],&quot;empack&quot;:[1038,&quot;Empack&quot;],&quot;fruit-logistica&quot;:[1448,&quot;Fruit Logistica&quot;],&quot;achema&quot;:[5839,&quot;ACHEMA&quot;],&quot;fakuma&quot;:[6606,&quot;Fakuma&quot;],&quot;ice-europe&quot;:[14970,&quot;ICE Europe&quot;],&quot;digitaldruck&quot;:[34590,&quot;Digitaldruck&quot;],&quot;inprint-munich&quot;:[39367,&quot;InPrint Munich&quot;],&quot;vision&quot;:[57562,&quot;VISION&quot;],&quot;bandall&quot;:[57581,&quot;Bandall&quot;],&quot;ik-industrievereinigung-kunststoffverpackungen&quot;:[57582,&quot;IK Industrievereinigung Kunststoffverpackungen&quot;],&quot;stahlverpackung&quot;:[57971,&quot;Stahlverpackung&quot;],&quot;european-bioplastics&quot;:[58828,&quot;European Bioplastics&quot;],&quot;ism&quot;:[58851,&quot;ISM&quot;],&quot;cce-international&quot;:[59124,&quot;CCE International&quot;],&quot;biofach&quot;:[59153,&quot;Biofach&quot;],&quot;beviale-summit&quot;:[59191,&quot;Beviale Summit&quot;],&quot;cosmetic-business&quot;:[59281,&quot;Cosmetic Business&quot;],&quot;innoprint&quot;:[59567,&quot;innoPrint&quot;],&quot;xeikon-cafe&quot;:[59572,&quot;Xeikon Caf\\u00e9&quot;],&quot;lebensmittelverpackungstagung&quot;:[59581,&quot;Lebensmittelverpackungstagung&quot;],&quot;pulpaper&quot;:[59609,&quot;PulPaper&quot;],&quot;paris-packaging-week&quot;:[59610,&quot;Paris Packaging Week&quot;],&quot;vivaness&quot;:[59779,&quot;Vivaness&quot;],&quot;control&quot;:[59793,&quot;Control&quot;]},&quot;nterms&quot;:[&quot;all&quot;],&quot;tterms&quot;:[&quot;all&quot;],&quot;terms&quot;:[&quot;all&quot;]}}\" data-nav_data=\"{&quot;month_title&quot;:&quot;&lt;p id=&#039;evcal_cur&#039; class=&#039;evo_month_title padr10&#039;&gt; , &lt;\\\/p&gt;&quot;,&quot;arrows&quot;:&quot;&lt;p class=&#039;evo_arrows&#039;&gt;\\r\\n\\t\\t\\t\\t\\t&lt;button id=&#039;evcal_prev&#039; class=&#039;evcal_arrows evcal_btn_prev evodfx evofx_jc_c evofx_ai_c&#039; aria-label=&#039;Previous Month&#039;&gt;&lt;i class=&#039;fa fa-chevron-left&#039; aria-hidden=&#039;true&#039;&gt;&lt;\\\/i&gt;&lt;\\\/button&gt;\\r\\n\\t\\t\\t\\t\\t&lt;button id=&#039;evcal_next&#039; class=&#039;evcal_arrows evo_arrow_next evcal_btn_next evodfx evofx_jc_c evofx_ai_c&#039; aria-label=&#039;Next Month&#039;&gt;&lt;i class=&#039;fa fa-chevron-right&#039; aria-hidden=&#039;true&#039;&gt;&lt;\\\/i&gt;&lt;\\\/button&gt;\\r\\n\\t\\t\\t\\t\\t&lt;\\\/p&gt;&quot;}\" data-od=\"{&quot;lang_no_events&quot;:&quot;No Events&quot;,&quot;cal_tz_offset&quot;:120,&quot;cal_tz&quot;:&quot;Europe\\\/Berlin&quot;}\" ><\/div>\r\n\t\t \t\t<div class='evo_cal_events' data-events=\"\"><\/div>\r\n\t\t \t<\/div>\r\n\t\t\t\t\r\n\t\t\t\r\n\t\t\t\t\t\t<\/div><!-- EventON End -->\r\n\t\t\t<\/div>\n\t\t\t\t\t\t<\/div>\n\t\t\t\t<\/div>\n\t\t\t\t<div class=\"elementor-element elementor-element-44c806a exad-sticky-section-no exad-glass-effect-no elementor-widget elementor-widget-text-editor\" data-id=\"44c806a\" data-element_type=\"widget\" data-e-type=\"widget\" data-widget_type=\"text-editor.default\">\n\t\t\t\t<div class=\"elementor-widget-container\">\n\t\t\t\t\t\t\t\t\t<p><b>Viele Talks drehen sich um die Nachhaltigkeit \u2013 um Klimaschutz und Kreislaufwirtschaft, umweltfreundliche Verpackungsl\u00f6sungen, Mehrweg und Recycling.&nbsp;Zum kompletten Programm <a href=\"https:\/\/packaging-journal.de\/interpack-tv\/\">geht es hier&#8230;<\/a><\/b><\/p>\t\t\t\t\t\t\t\t<\/div>\n\t\t\t\t<\/div>\n\t\t\t\t<div class=\"elementor-element elementor-element-3b65e61 exad-sticky-section-no exad-glass-effect-no elementor-widget elementor-widget-image\" data-id=\"3b65e61\" data-element_type=\"widget\" data-e-type=\"widget\" data-widget_type=\"image.default\">\n\t\t\t\t<div class=\"elementor-widget-container\">\n\t\t\t\t\t\t\t\t\t\t\t\t\t\t\t\t<a href=\"https:\/\/packaging-journal.de\/interpack-tv\/\">\n\t\t\t\t\t\t\t<img decoding=\"async\" width=\"1024\" height=\"171\" src=\"https:\/\/packaging-journal.de\/wp-content\/uploads\/2023\/05\/TIGHTLY-PACKED-1024x171.png\" class=\"attachment-large size-large wp-image-79528\" alt=\"\" srcset=\"https:\/\/packaging-journal.de\/wp-content\/uploads\/2023\/05\/TIGHTLY-PACKED-1024x171.png 1024w, https:\/\/packaging-journal.de\/wp-content\/uploads\/2023\/05\/TIGHTLY-PACKED-300x50.png 300w, https:\/\/packaging-journal.de\/wp-content\/uploads\/2023\/05\/TIGHTLY-PACKED-768x128.png 768w, https:\/\/packaging-journal.de\/wp-content\/uploads\/2023\/05\/TIGHTLY-PACKED.png 1200w\" sizes=\"(max-width: 1024px) 100vw, 1024px\" \/>\t\t\t\t\t\t\t\t<\/a>\n\t\t\t\t\t\t\t\t\t\t\t\t\t\t\t<\/div>\n\t\t\t\t<\/div>\n\t\t\t\t\t<\/div>\n\t\t<\/div>\n\t\t\t\t\t<\/div>\n\t\t<\/section>\n\t\t\t\t<section data-exad-particle-enable=\"false\" class=\"elementor-section elementor-top-section elementor-element elementor-element-e50db5b elementor-section-boxed elementor-section-height-default elementor-section-height-default exad-parallax-effect-no exad-background-color-change-no exad-glass-effect-no exad-sticky-section-no\" data-id=\"e50db5b\" data-element_type=\"section\" data-e-type=\"section\">\n\t\t\t\t\t\t<div class=\"elementor-container elementor-column-gap-default\">\n\t\t\t\t\t<div class=\"elementor-column elementor-col-100 elementor-top-column elementor-element elementor-element-85ab6c4 exad-glass-effect-no exad-sticky-section-no\" data-id=\"85ab6c4\" data-element_type=\"column\" data-e-type=\"column\">\n\t\t\t<div class=\"elementor-widget-wrap elementor-element-populated\">\n\t\t\t\t\t\t<section data-exad-particle-enable=\"false\" class=\"elementor-section elementor-inner-section elementor-element elementor-element-8ecf828 elementor-section-boxed elementor-section-height-default elementor-section-height-default exad-parallax-effect-no exad-background-color-change-no exad-glass-effect-no exad-sticky-section-no\" data-id=\"8ecf828\" data-element_type=\"section\" data-e-type=\"section\">\n\t\t\t\t\t\t<div class=\"elementor-container elementor-column-gap-default\">\n\t\t\t\t\t<div class=\"elementor-column elementor-col-66 elementor-inner-column elementor-element elementor-element-b9c7bdc exad-glass-effect-no exad-sticky-section-no\" data-id=\"b9c7bdc\" data-element_type=\"column\" data-e-type=\"column\">\n\t\t\t<div class=\"elementor-widget-wrap elementor-element-populated\">\n\t\t\t\t\t\t<div class=\"elementor-element elementor-element-c111d55 exad-sticky-section-no exad-glass-effect-no elementor-widget elementor-widget-text-editor\" data-id=\"c111d55\" data-element_type=\"widget\" data-e-type=\"widget\" data-widget_type=\"text-editor.default\">\n\t\t\t\t<div class=\"elementor-widget-container\">\n\t\t\t\t\t\t\t\t\t<p>Zu Gast ist unter anderem Stefan Schulze-Hausmann, CEO der Stiftung <b>Deutscher Nachhaltigkeitspreis<\/b>. Bei Europas gr\u00f6\u00dfter Auszeichnung f\u00fcr \u00f6kologisches und soziales Engagement ist die Verpackung ein zentrales Thema.<\/p><p>Wie der Einstieg in die Kreislaufwirtschaft gelingen kann, erl\u00e4utert Prof. Jens-Peter Majschak, Institutsleiter des Fraunhofer-Instituts f\u00fcr Verfahrenstechnik und Verpackung (IVV). In seinem Talk geht es um faserbasierte Verpackungsl\u00f6sungen und Materialsubstitution.<\/p><p><span style=\"font-weight: 400;\">Zukunftsweisende Inhalte k\u00f6nnen die Zuschauer und Zuschauerinnen auch rund um die Digitalisierung erwarten. Einer der Studiog\u00e4ste ist <\/span><b>Dr. Richard Geibel (siehe Foto rechts)<\/b> vom E-Commerce-Institut zum Thema Social Commerce als Zukunft des digitalen Handels und Vertriebs.<\/p><p style=\"font-weight: 400;\">Auch die Markenf\u00fchrung wird bei Tightly Packed TV ein Thema sein. Weitere anwenderorientierte Themen wie Drucktechnologien, Etikettierung und Kennzeichnung werden ebenfalls diskutiert.<\/p><p style=\"font-weight: 400;\">\u00a0<\/p>\t\t\t\t\t\t\t\t<\/div>\n\t\t\t\t<\/div>\n\t\t\t\t<div class=\"elementor-element elementor-element-81400ff exad-sticky-section-no exad-glass-effect-no elementor-widget elementor-widget-heading\" data-id=\"81400ff\" data-element_type=\"widget\" data-e-type=\"widget\" data-widget_type=\"heading.default\">\n\t\t\t\t<div class=\"elementor-widget-container\">\n\t\t\t\t\t<h2 class=\"elementor-heading-title elementor-size-default\">Spannende G\u00e4ste  <\/h2>\t\t\t\t<\/div>\n\t\t\t\t<\/div>\n\t\t\t\t<div class=\"elementor-element elementor-element-702aff0 exad-sticky-section-no exad-glass-effect-no elementor-widget elementor-widget-text-editor\" data-id=\"702aff0\" data-element_type=\"widget\" data-e-type=\"widget\" data-widget_type=\"text-editor.default\">\n\t\t\t\t<div class=\"elementor-widget-container\">\n\t\t\t\t\t\t\t\t\t<p style=\"font-weight: 400;\">Im Format &#8222;CEO Talks&#8220; empfangen die Moderatoren beispielsweise Matthias Niemeyer, CEO der Uhlmann Group, Markus Rustler, President &amp; CEO von Theegarten-Pactec, und Christian Traumann, CEO von Multivac, um \u00fcber die globale Entwicklung der Branche zu sprechen.<\/p><p style=\"font-weight: 400;\">Das Format <strong>\u201eStart-up Zone\u201c<\/strong> hingegen gibt jungen Gr\u00fcnderinnen und Gr\u00fcnder die M\u00f6glichkeit, ihre Visionen zu teilen.<\/p><p>Weitere Talks richten den Blick gezielt auf die Prozess- und Verpackungsindustrie in verschiedenen L\u00e4ndern und Regionen. So wird beispielsweise der European Green Deal von Verb\u00e4nden, Politik und Unternehmen intensiv diskutiert. Mit <strong>Dr. Wolfgang Trunk ist ein Vertreter der Europ\u00e4ischen Kommission<\/strong> zu Gast. Auch das Verpackungsgesetz in Deutschland wird diskutiert und es gibt Einblicke in den Verpackungsmarkt in China, \u00c4gypten, Spanien und den Niederlanden<\/p>\t\t\t\t\t\t\t\t<\/div>\n\t\t\t\t<\/div>\n\t\t\t\t<div class=\"elementor-element elementor-element-43e7e82 exad-sticky-section-no exad-glass-effect-no elementor-widget elementor-widget-heading\" data-id=\"43e7e82\" data-element_type=\"widget\" data-e-type=\"widget\" data-widget_type=\"heading.default\">\n\t\t\t\t<div class=\"elementor-widget-container\">\n\t\t\t\t\t<h2 class=\"elementor-heading-title elementor-size-default\">Mit dabei sind auch Verb\u00e4nde<\/h2>\t\t\t\t<\/div>\n\t\t\t\t<\/div>\n\t\t\t\t<div class=\"elementor-element elementor-element-3148ef1 exad-sticky-section-no exad-glass-effect-no elementor-widget elementor-widget-text-editor\" data-id=\"3148ef1\" data-element_type=\"widget\" data-e-type=\"widget\" data-widget_type=\"text-editor.default\">\n\t\t\t\t<div class=\"elementor-widget-container\">\n\t\t\t\t\t\t\t\t\t<p>Die Studiogespr\u00e4che profitieren von der Expertise zahlreicher Organisationen und Verb\u00e4nde. Mit dabei sind Vertreterinnen und Vertreter der World Packaging Organisation (WPO), Flexible Packaging Europe (FPE), des Fachverbandes Nahrungsmittelmaschinen und Verpackungsmaschinen (VDMA), von Plastics Europe, des Deutschen Verpackungsinstituts (DVI), der European Brand &amp; Packaging Design Association (EPDA), von Pro Carton, dem europ\u00e4ischen Verband der Karton- und Faltschachtelhersteller sowie von der Zentralen Stelle Verpackungsregister (ZSVR)..<\/p>\t\t\t\t\t\t\t\t<\/div>\n\t\t\t\t<\/div>\n\t\t\t\t\t<\/div>\n\t\t<\/div>\n\t\t\t\t<div class=\"elementor-column elementor-col-33 elementor-inner-column elementor-element elementor-element-4f1a8b1 exad-glass-effect-no exad-sticky-section-no\" data-id=\"4f1a8b1\" data-element_type=\"column\" data-e-type=\"column\">\n\t\t\t<div class=\"elementor-widget-wrap elementor-element-populated\">\n\t\t\t\t\t\t<div class=\"elementor-element elementor-element-463cf98 exad-sticky-section-no exad-glass-effect-no elementor-widget elementor-widget-image\" data-id=\"463cf98\" data-element_type=\"widget\" data-e-type=\"widget\" data-widget_type=\"image.default\">\n\t\t\t\t<div class=\"elementor-widget-container\">\n\t\t\t\t\t\t\t\t\t\t\t\t\t\t\t<img loading=\"lazy\" decoding=\"async\" width=\"1024\" height=\"585\" src=\"https:\/\/packaging-journal.de\/wp-content\/uploads\/2022\/03\/dnp_header-1024x585.jpg\" class=\"attachment-large size-large wp-image-59863\" alt=\"\" srcset=\"https:\/\/packaging-journal.de\/wp-content\/uploads\/2022\/03\/dnp_header-1024x585.jpg 1024w, https:\/\/packaging-journal.de\/wp-content\/uploads\/2022\/03\/dnp_header-300x171.jpg 300w, https:\/\/packaging-journal.de\/wp-content\/uploads\/2022\/03\/dnp_header-768x438.jpg 768w, https:\/\/packaging-journal.de\/wp-content\/uploads\/2022\/03\/dnp_header.jpg 1200w\" sizes=\"(max-width: 1024px) 100vw, 1024px\" \/>\t\t\t\t\t\t\t\t\t\t\t\t\t\t\t<\/div>\n\t\t\t\t<\/div>\n\t\t\t\t<div class=\"elementor-element elementor-element-a1e4955 exad-sticky-section-no exad-glass-effect-no elementor-widget elementor-widget-image\" data-id=\"a1e4955\" data-element_type=\"widget\" data-e-type=\"widget\" data-widget_type=\"image.default\">\n\t\t\t\t<div class=\"elementor-widget-container\">\n\t\t\t\t\t\t\t\t\t\t\t\t\t\t\t<img loading=\"lazy\" decoding=\"async\" width=\"900\" height=\"600\" src=\"https:\/\/packaging-journal.de\/wp-content\/uploads\/2023\/02\/Richard_Geibel_1.jpg\" class=\"attachment-large size-large wp-image-74788\" alt=\"\" srcset=\"https:\/\/packaging-journal.de\/wp-content\/uploads\/2023\/02\/Richard_Geibel_1.jpg 900w, https:\/\/packaging-journal.de\/wp-content\/uploads\/2023\/02\/Richard_Geibel_1-300x200.jpg 300w, https:\/\/packaging-journal.de\/wp-content\/uploads\/2023\/02\/Richard_Geibel_1-768x512.jpg 768w\" sizes=\"(max-width: 900px) 100vw, 900px\" \/>\t\t\t\t\t\t\t\t\t\t\t\t\t\t\t<\/div>\n\t\t\t\t<\/div>\n\t\t\t\t<div class=\"elementor-element elementor-element-d5ab554 exad-sticky-section-no exad-glass-effect-no elementor-widget elementor-widget-text-editor\" data-id=\"d5ab554\" data-element_type=\"widget\" data-e-type=\"widget\" data-widget_type=\"text-editor.default\">\n\t\t\t\t<div class=\"elementor-widget-container\">\n\t\t\t\t\t\t\t\t\t<p>Dr. Richard Geibel\u00a0vom E-Commerce-Institut<\/p>\t\t\t\t\t\t\t\t<\/div>\n\t\t\t\t<\/div>\n\t\t\t\t<div class=\"elementor-element elementor-element-48b3f81 exad-sticky-section-no exad-glass-effect-no elementor-widget elementor-widget-image\" data-id=\"48b3f81\" data-element_type=\"widget\" data-e-type=\"widget\" data-widget_type=\"image.default\">\n\t\t\t\t<div class=\"elementor-widget-container\">\n\t\t\t\t\t\t\t\t\t\t\t\t\t\t\t<img loading=\"lazy\" decoding=\"async\" width=\"719\" height=\"1024\" src=\"https:\/\/packaging-journal.de\/wp-content\/uploads\/2023\/03\/Rustler_Markus_Theegarten-Pactec-719x1024.jpg\" class=\"attachment-large size-large wp-image-75866\" alt=\"\" srcset=\"https:\/\/packaging-journal.de\/wp-content\/uploads\/2023\/03\/Rustler_Markus_Theegarten-Pactec-719x1024.jpg 719w, https:\/\/packaging-journal.de\/wp-content\/uploads\/2023\/03\/Rustler_Markus_Theegarten-Pactec-211x300.jpg 211w, https:\/\/packaging-journal.de\/wp-content\/uploads\/2023\/03\/Rustler_Markus_Theegarten-Pactec-768x1094.jpg 768w, https:\/\/packaging-journal.de\/wp-content\/uploads\/2023\/03\/Rustler_Markus_Theegarten-Pactec.jpg 1053w\" sizes=\"(max-width: 719px) 100vw, 719px\" \/>\t\t\t\t\t\t\t\t\t\t\t\t\t\t\t<\/div>\n\t\t\t\t<\/div>\n\t\t\t\t<div class=\"elementor-element elementor-element-a22b36f exad-sticky-section-no exad-glass-effect-no elementor-widget elementor-widget-text-editor\" data-id=\"a22b36f\" data-element_type=\"widget\" data-e-type=\"widget\" data-widget_type=\"text-editor.default\">\n\t\t\t\t<div class=\"elementor-widget-container\">\n\t\t\t\t\t\t\t\t\t<p>Markus Rustler, President &amp; CEO von Theegarten-Pactec<\/p>\t\t\t\t\t\t\t\t<\/div>\n\t\t\t\t<\/div>\n\t\t\t\t<div class=\"elementor-element elementor-element-dfec47f exad-sticky-section-no exad-glass-effect-no elementor-widget elementor-widget-image\" data-id=\"dfec47f\" data-element_type=\"widget\" data-e-type=\"widget\" data-widget_type=\"image.default\">\n\t\t\t\t<div class=\"elementor-widget-container\">\n\t\t\t\t\t\t\t\t\t\t\t\t\t\t\t<img loading=\"lazy\" decoding=\"async\" width=\"683\" height=\"1024\" src=\"https:\/\/packaging-journal.de\/wp-content\/uploads\/2022\/09\/Christian-TRAUMANN-683x1024.jpg\" class=\"attachment-large size-large wp-image-69188\" alt=\"Bild von einem Mann\" srcset=\"https:\/\/packaging-journal.de\/wp-content\/uploads\/2022\/09\/Christian-TRAUMANN-683x1024.jpg 683w, https:\/\/packaging-journal.de\/wp-content\/uploads\/2022\/09\/Christian-TRAUMANN-200x300.jpg 200w, https:\/\/packaging-journal.de\/wp-content\/uploads\/2022\/09\/Christian-TRAUMANN-768x1152.jpg 768w, https:\/\/packaging-journal.de\/wp-content\/uploads\/2022\/09\/Christian-TRAUMANN.jpg 1000w\" sizes=\"(max-width: 683px) 100vw, 683px\" \/>\t\t\t\t\t\t\t\t\t\t\t\t\t\t\t<\/div>\n\t\t\t\t<\/div>\n\t\t\t\t<div class=\"elementor-element elementor-element-d5b97cb exad-sticky-section-no exad-glass-effect-no elementor-widget elementor-widget-text-editor\" data-id=\"d5b97cb\" data-element_type=\"widget\" data-e-type=\"widget\" data-widget_type=\"text-editor.default\">\n\t\t\t\t<div class=\"elementor-widget-container\">\n\t\t\t\t\t\t\t\t\t<p>Christian Traumann, CEO von Multivac<\/p>\t\t\t\t\t\t\t\t<\/div>\n\t\t\t\t<\/div>\n\t\t\t\t\t<\/div>\n\t\t<\/div>\n\t\t\t\t\t<\/div>\n\t\t<\/section>\n\t\t\t\t<div class=\"elementor-element elementor-element-ad30da0 exad-sticky-section-no exad-glass-effect-no elementor-widget elementor-widget-heading\" data-id=\"ad30da0\" data-element_type=\"widget\" data-e-type=\"widget\" data-widget_type=\"heading.default\">\n\t\t\t\t<div class=\"elementor-widget-container\">\n\t\t\t\t\t<h2 class=\"elementor-heading-title elementor-size-default\">Online und vor Ort, live und auf Abruf <\/h2>\t\t\t\t<\/div>\n\t\t\t\t<\/div>\n\t\t\t\t<div class=\"elementor-element elementor-element-51b112a exad-sticky-section-no exad-glass-effect-no elementor-widget elementor-widget-text-editor\" data-id=\"51b112a\" data-element_type=\"widget\" data-e-type=\"widget\" data-widget_type=\"text-editor.default\">\n\t\t\t\t<div class=\"elementor-widget-container\">\n\t\t\t\t\t\t\t\t\t<p style=\"font-weight: 400;\">Anlaufstelle auf der Messe ist das Fernsehstudio im Eingang Nord. Dar\u00fcber hinaus werden die Inhalte live auf die Websites und Kan\u00e4le von interpack und packaging journal \u00fcbertragen. Dabei wechseln sich deutsch- und englischsprachige Beitr\u00e4ge ab.<\/p><p style=\"font-weight: 400;\">Auch nach der Messe haben Interessierte hier die M\u00f6glichkeit, sich alle Talks noch einmal anzuschauen.<\/p>\t\t\t\t\t\t\t\t<\/div>\n\t\t\t\t<\/div>\n\t\t\t\t<div class=\"elementor-element elementor-element-0738a6b exad-sticky-section-no exad-glass-effect-no elementor-widget elementor-widget-image\" data-id=\"0738a6b\" data-element_type=\"widget\" data-e-type=\"widget\" data-widget_type=\"image.default\">\n\t\t\t\t<div class=\"elementor-widget-container\">\n\t\t\t\t\t\t\t\t\t\t\t\t\t\t\t\t<a href=\"https:\/\/packaging-journal.de\/interpack-tv\/\">\n\t\t\t\t\t\t\t<img decoding=\"async\" width=\"1024\" height=\"171\" src=\"https:\/\/packaging-journal.de\/wp-content\/uploads\/2023\/05\/TIGHTLY-PACKED-1024x171.png\" class=\"attachment-large size-large wp-image-79528\" alt=\"\" srcset=\"https:\/\/packaging-journal.de\/wp-content\/uploads\/2023\/05\/TIGHTLY-PACKED-1024x171.png 1024w, https:\/\/packaging-journal.de\/wp-content\/uploads\/2023\/05\/TIGHTLY-PACKED-300x50.png 300w, https:\/\/packaging-journal.de\/wp-content\/uploads\/2023\/05\/TIGHTLY-PACKED-768x128.png 768w, https:\/\/packaging-journal.de\/wp-content\/uploads\/2023\/05\/TIGHTLY-PACKED.png 1200w\" sizes=\"(max-width: 1024px) 100vw, 1024px\" \/>\t\t\t\t\t\t\t\t<\/a>\n\t\t\t\t\t\t\t\t\t\t\t\t\t\t\t<\/div>\n\t\t\t\t<\/div>\n\t\t\t\t\t<\/div>\n\t\t<\/div>\n\t\t\t\t\t<\/div>\n\t\t<\/section>\n\t\t\t\t<section data-exad-particle-enable=\"false\" class=\"elementor-section elementor-top-section elementor-element elementor-element-48f2216 elementor-section-boxed elementor-section-height-default elementor-section-height-default exad-parallax-effect-no exad-background-color-change-no exad-glass-effect-no exad-sticky-section-no\" data-id=\"48f2216\" data-element_type=\"section\" data-e-type=\"section\">\n\t\t\t\t\t\t<div class=\"elementor-container elementor-column-gap-default\">\n\t\t\t\t\t<div class=\"elementor-column elementor-col-100 elementor-top-column elementor-element elementor-element-9c21762 exad-glass-effect-no exad-sticky-section-no\" data-id=\"9c21762\" data-element_type=\"column\" data-e-type=\"column\">\n\t\t\t<div class=\"elementor-widget-wrap\">\n\t\t\t\t\t\t\t<\/div>\n\t\t<\/div>\n\t\t\t\t\t<\/div>\n\t\t<\/section>\n\t\t\t\t<section data-exad-particle-enable=\"false\" class=\"elementor-section elementor-top-section elementor-element elementor-element-1550be83 elementor-section-boxed elementor-section-height-default elementor-section-height-default exad-parallax-effect-no exad-background-color-change-no exad-glass-effect-no exad-sticky-section-no\" data-id=\"1550be83\" data-element_type=\"section\" data-e-type=\"section\" data-settings=\"{&quot;background_background&quot;:&quot;classic&quot;}\">\n\t\t\t\t\t\t<div class=\"elementor-container elementor-column-gap-default\">\n\t\t\t\t\t<div class=\"elementor-column elementor-col-100 elementor-top-column elementor-element elementor-element-2e1e0d2b exad-glass-effect-no exad-sticky-section-no\" data-id=\"2e1e0d2b\" data-element_type=\"column\" data-e-type=\"column\">\n\t\t\t<div class=\"elementor-widget-wrap elementor-element-populated\">\n\t\t\t\t\t\t<div class=\"elementor-element elementor-element-4a1d3d0e exad-sticky-section-no exad-glass-effect-no elementor-widget elementor-widget-heading\" data-id=\"4a1d3d0e\" data-element_type=\"widget\" data-e-type=\"widget\" data-widget_type=\"heading.default\">\n\t\t\t\t<div class=\"elementor-widget-container\">\n\t\t\t\t\t<h2 class=\"elementor-heading-title elementor-size-default\">Weitere Meldungen <\/h2>\t\t\t\t<\/div>\n\t\t\t\t<\/div>\n\t\t\t\t<div class=\"elementor-element elementor-element-468f3386 elementor-grid-3 elementor-grid-tablet-2 elementor-grid-mobile-1 elementor-posts--thumbnail-top elementor-posts--show-avatar elementor-card-shadow-yes elementor-posts__hover-gradient exad-sticky-section-no exad-glass-effect-no elementor-widget elementor-widget-posts\" data-id=\"468f3386\" data-element_type=\"widget\" data-e-type=\"widget\" data-settings=\"{&quot;cards_columns&quot;:&quot;3&quot;,&quot;cards_columns_tablet&quot;:&quot;2&quot;,&quot;cards_columns_mobile&quot;:&quot;1&quot;,&quot;cards_row_gap&quot;:{&quot;unit&quot;:&quot;px&quot;,&quot;size&quot;:35,&quot;sizes&quot;:[]},&quot;cards_row_gap_tablet&quot;:{&quot;unit&quot;:&quot;px&quot;,&quot;size&quot;:&quot;&quot;,&quot;sizes&quot;:[]},&quot;cards_row_gap_mobile&quot;:{&quot;unit&quot;:&quot;px&quot;,&quot;size&quot;:&quot;&quot;,&quot;sizes&quot;:[]}}\" data-widget_type=\"posts.cards\">\n\t\t\t\t<div class=\"elementor-widget-container\">\n\t\t\t\t\t\t\t<div class=\"elementor-posts-container elementor-posts elementor-posts--skin-cards elementor-grid\" role=\"list\">\n\t\t\t\t<article class=\"elementor-post elementor-grid-item post-115537 post type-post status-publish format-standard has-post-thumbnail category-packmittel-und-packstoffe tag-metall tag-metpack tag-nachhaltigkeit-und-green-packaging tag-packmittel-und-packstoffe tag-thyssenkrupp-rasselstein cs-entry cs-video-wrap\" role=\"listitem\">\n\t\t\t<div class=\"elementor-post__card\">\n\t\t\t\t<a class=\"elementor-post__thumbnail__link\" href=\"https:\/\/packaging-journal.de\/en\/innovative-weissblechverpackungen-auf-der-metpack\/\" tabindex=\"-1\" ><div class=\"elementor-post__thumbnail\"><img loading=\"lazy\" decoding=\"async\" width=\"300\" height=\"163\" src=\"https:\/\/packaging-journal.de\/wp-content\/uploads\/2026\/04\/thyssenkrupp-rasselstein-metpack-300x163.jpg\" class=\"attachment-medium size-medium wp-image-115549\" alt=\"\" srcset=\"https:\/\/packaging-journal.de\/wp-content\/uploads\/2026\/04\/thyssenkrupp-rasselstein-metpack-300x163.jpg 300w, https:\/\/packaging-journal.de\/wp-content\/uploads\/2026\/04\/thyssenkrupp-rasselstein-metpack-1024x555.jpg 1024w, https:\/\/packaging-journal.de\/wp-content\/uploads\/2026\/04\/thyssenkrupp-rasselstein-metpack-768x416.jpg 768w, https:\/\/packaging-journal.de\/wp-content\/uploads\/2026\/04\/thyssenkrupp-rasselstein-metpack-18x10.jpg 18w, https:\/\/packaging-journal.de\/wp-content\/uploads\/2026\/04\/thyssenkrupp-rasselstein-metpack-332x180.jpg 332w, https:\/\/packaging-journal.de\/wp-content\/uploads\/2026\/04\/thyssenkrupp-rasselstein-metpack-664x360.jpg 664w, https:\/\/packaging-journal.de\/wp-content\/uploads\/2026\/04\/thyssenkrupp-rasselstein-metpack-688x373.jpg 688w, https:\/\/packaging-journal.de\/wp-content\/uploads\/2026\/04\/thyssenkrupp-rasselstein-metpack-1044x566.jpg 1044w, https:\/\/packaging-journal.de\/wp-content\/uploads\/2026\/04\/thyssenkrupp-rasselstein-metpack.jpg 1200w\" sizes=\"(max-width: 300px) 100vw, 300px\" \/><\/div><\/a>\n\t\t\t\t<div class=\"elementor-post__avatar\">\n\t\t\t\t\t<\/div>\n\t\t\t\t<div class=\"elementor-post__text\">\n\t\t\t\t<h3 class=\"elementor-post__title\">\n\t\t\t<a href=\"https:\/\/packaging-journal.de\/en\/innovative-weissblechverpackungen-auf-der-metpack\/\" >\n\t\t\t\tInnovative Wei\u00dfblechverpackungen auf der Metpack\t\t\t<\/a>\n\t\t<\/h3>\n\t\t\t\t<div class=\"elementor-post__excerpt\">\n\t\t\tAuf der Metpack in Essen pr\u00e4sentiert Thyssenkrupp Rasselstein neue Verpackungsst\u00e4hle und digitale Tools zur Effizienzsteigerung. Die L\u00f6sungen zielen auf Materialeinsparungen und Nachhaltigkeit ab.\t\t<\/div>\n\t\t\n\t\t<a class=\"elementor-post__read-more\" href=\"https:\/\/packaging-journal.de\/en\/innovative-weissblechverpackungen-auf-der-metpack\/\" aria-label=\"Read more about Innovative Wei\u00dfblechverpackungen auf der Metpack\" tabindex=\"-1\" >\n\t\t\tWeiterlesen \u00bb\t\t<\/a>\n\n\t\t\t\t<\/div>\n\t\t\t\t\t<\/div>\n\t\t<\/article>\n\t\t\t\t<article class=\"elementor-post elementor-grid-item post-115521 post type-post status-publish format-standard has-post-thumbnail category-green-packaging tag-basf tag-interpack tag-kunststoff-und-verbunde tag-nachhaltigkeit-und-green-packaging tag-packmittel-und-packstoffe cs-entry cs-video-wrap\" role=\"listitem\">\n\t\t\t<div class=\"elementor-post__card\">\n\t\t\t\t<a class=\"elementor-post__thumbnail__link\" href=\"https:\/\/packaging-journal.de\/en\/basf-erweitert-ecovio-portfolio\/\" tabindex=\"-1\" ><div class=\"elementor-post__thumbnail\"><img loading=\"lazy\" decoding=\"async\" width=\"300\" height=\"163\" src=\"https:\/\/packaging-journal.de\/wp-content\/uploads\/2026\/04\/basf-ecovio-barriere-300x163.jpg\" class=\"attachment-medium size-medium wp-image-115522\" alt=\"\" srcset=\"https:\/\/packaging-journal.de\/wp-content\/uploads\/2026\/04\/basf-ecovio-barriere-300x163.jpg 300w, https:\/\/packaging-journal.de\/wp-content\/uploads\/2026\/04\/basf-ecovio-barriere-1024x555.jpg 1024w, https:\/\/packaging-journal.de\/wp-content\/uploads\/2026\/04\/basf-ecovio-barriere-768x416.jpg 768w, https:\/\/packaging-journal.de\/wp-content\/uploads\/2026\/04\/basf-ecovio-barriere-18x10.jpg 18w, https:\/\/packaging-journal.de\/wp-content\/uploads\/2026\/04\/basf-ecovio-barriere-332x180.jpg 332w, https:\/\/packaging-journal.de\/wp-content\/uploads\/2026\/04\/basf-ecovio-barriere-664x360.jpg 664w, https:\/\/packaging-journal.de\/wp-content\/uploads\/2026\/04\/basf-ecovio-barriere-688x373.jpg 688w, https:\/\/packaging-journal.de\/wp-content\/uploads\/2026\/04\/basf-ecovio-barriere-1044x566.jpg 1044w, https:\/\/packaging-journal.de\/wp-content\/uploads\/2026\/04\/basf-ecovio-barriere.jpg 1200w\" sizes=\"(max-width: 300px) 100vw, 300px\" \/><\/div><\/a>\n\t\t\t\t<div class=\"elementor-post__avatar\">\n\t\t\t\t\t<\/div>\n\t\t\t\t<div class=\"elementor-post__text\">\n\t\t\t\t<h3 class=\"elementor-post__title\">\n\t\t\t<a href=\"https:\/\/packaging-journal.de\/en\/basf-erweitert-ecovio-portfolio\/\" >\n\t\t\t\tBASF erweitert Ecovio-Portfolio f\u00fcr flexible Verpackungen\t\t\t<\/a>\n\t\t<\/h3>\n\t\t\t\t<div class=\"elementor-post__excerpt\">\n\t\t\tBASF hat sein Ecovio-Portfolio um neue kompostierbare Typen erweitert, die Recycling- und Barriereanforderungen f\u00fcr flexible Verpackungen erf\u00fcllen.\t\t<\/div>\n\t\t\n\t\t<a class=\"elementor-post__read-more\" href=\"https:\/\/packaging-journal.de\/en\/basf-erweitert-ecovio-portfolio\/\" aria-label=\"Read more about BASF erweitert Ecovio-Portfolio f\u00fcr flexible Verpackungen\" tabindex=\"-1\" >\n\t\t\tWeiterlesen \u00bb\t\t<\/a>\n\n\t\t\t\t<\/div>\n\t\t\t\t\t<\/div>\n\t\t<\/article>\n\t\t\t\t<article class=\"elementor-post elementor-grid-item post-115547 post type-post status-publish format-standard has-post-thumbnail category-maerkte tag-ifo-institut tag-kunststoff-und-verbunde tag-markt tag-packmittel-und-packstoffe cs-entry cs-video-wrap\" role=\"listitem\">\n\t\t\t<div class=\"elementor-post__card\">\n\t\t\t\t<a class=\"elementor-post__thumbnail__link\" href=\"https:\/\/packaging-journal.de\/en\/ifo-institut-materialknappheit-steigt-an\/\" tabindex=\"-1\" ><div class=\"elementor-post__thumbnail\"><img loading=\"lazy\" decoding=\"async\" width=\"300\" height=\"163\" src=\"https:\/\/packaging-journal.de\/wp-content\/uploads\/2026\/01\/industrieverpackungen-300x163.jpg\" class=\"attachment-medium size-medium wp-image-110671\" alt=\"\" srcset=\"https:\/\/packaging-journal.de\/wp-content\/uploads\/2026\/01\/industrieverpackungen-300x163.jpg 300w, https:\/\/packaging-journal.de\/wp-content\/uploads\/2026\/01\/industrieverpackungen-1024x555.jpg 1024w, https:\/\/packaging-journal.de\/wp-content\/uploads\/2026\/01\/industrieverpackungen-768x416.jpg 768w, https:\/\/packaging-journal.de\/wp-content\/uploads\/2026\/01\/industrieverpackungen-18x10.jpg 18w, https:\/\/packaging-journal.de\/wp-content\/uploads\/2026\/01\/industrieverpackungen.jpg 1200w\" sizes=\"(max-width: 300px) 100vw, 300px\" \/><\/div><\/a>\n\t\t\t\t<div class=\"elementor-post__avatar\">\n\t\t\t\t\t<\/div>\n\t\t\t\t<div class=\"elementor-post__text\">\n\t\t\t\t<h3 class=\"elementor-post__title\">\n\t\t\t<a href=\"https:\/\/packaging-journal.de\/en\/ifo-institut-materialknappheit-steigt-an\/\" >\n\t\t\t\tIfo Institut: Materialknappheit in der Industrie steigt sprunghaft an\t\t\t<\/a>\n\t\t<\/h3>\n\t\t\t\t<div class=\"elementor-post__excerpt\">\n\t\t\tLaut Ifo Konjunkturumfrage hat sich die Versorgung mit Vorprodukten in der Industrie zuletzt deutlich verschlechtert. Unternehmen berichten von Engp\u00e4ssen bei der Beschaffung von Materialien.\t\t<\/div>\n\t\t\n\t\t<a class=\"elementor-post__read-more\" href=\"https:\/\/packaging-journal.de\/en\/ifo-institut-materialknappheit-steigt-an\/\" aria-label=\"Read more about Ifo Institut: Materialknappheit in der Industrie steigt sprunghaft an\" tabindex=\"-1\" >\n\t\t\tWeiterlesen \u00bb\t\t<\/a>\n\n\t\t\t\t<\/div>\n\t\t\t\t\t<\/div>\n\t\t<\/article>\n\t\t\t\t<article class=\"elementor-post elementor-grid-item post-115516 post type-post status-publish format-standard has-post-thumbnail category-verpackungstechnik tag-automatisieren-und-robotik tag-interpack tag-lenze tag-verpackungstechnik cs-entry cs-video-wrap\" role=\"listitem\">\n\t\t\t<div class=\"elementor-post__card\">\n\t\t\t\t<a class=\"elementor-post__thumbnail__link\" href=\"https:\/\/packaging-journal.de\/en\/innovative-antriebskonzepte-fuer-die-verpackungsindustrie\/\" tabindex=\"-1\" ><div class=\"elementor-post__thumbnail\"><img loading=\"lazy\" decoding=\"async\" width=\"300\" height=\"163\" src=\"https:\/\/packaging-journal.de\/wp-content\/uploads\/2026\/04\/Lenze-interpack-300x163.jpg\" class=\"attachment-medium size-medium wp-image-115519\" alt=\"\" srcset=\"https:\/\/packaging-journal.de\/wp-content\/uploads\/2026\/04\/Lenze-interpack-300x163.jpg 300w, https:\/\/packaging-journal.de\/wp-content\/uploads\/2026\/04\/Lenze-interpack-1024x555.jpg 1024w, https:\/\/packaging-journal.de\/wp-content\/uploads\/2026\/04\/Lenze-interpack-768x416.jpg 768w, https:\/\/packaging-journal.de\/wp-content\/uploads\/2026\/04\/Lenze-interpack-18x10.jpg 18w, https:\/\/packaging-journal.de\/wp-content\/uploads\/2026\/04\/Lenze-interpack-332x180.jpg 332w, https:\/\/packaging-journal.de\/wp-content\/uploads\/2026\/04\/Lenze-interpack-664x360.jpg 664w, https:\/\/packaging-journal.de\/wp-content\/uploads\/2026\/04\/Lenze-interpack-688x373.jpg 688w, https:\/\/packaging-journal.de\/wp-content\/uploads\/2026\/04\/Lenze-interpack-1044x566.jpg 1044w, https:\/\/packaging-journal.de\/wp-content\/uploads\/2026\/04\/Lenze-interpack.jpg 1200w\" sizes=\"(max-width: 300px) 100vw, 300px\" \/><\/div><\/a>\n\t\t\t\t<div class=\"elementor-post__avatar\">\n\t\t\t\t\t<\/div>\n\t\t\t\t<div class=\"elementor-post__text\">\n\t\t\t\t<h3 class=\"elementor-post__title\">\n\t\t\t<a href=\"https:\/\/packaging-journal.de\/en\/innovative-antriebskonzepte-fuer-die-verpackungsindustrie\/\" >\n\t\t\t\tInnovative Antriebskonzepte f\u00fcr die Verpackungsindustrie\t\t\t<\/a>\n\t\t<\/h3>\n\t\t\t\t<div class=\"elementor-post__excerpt\">\n\t\t\tLenze zeigt auf der interpack 2026 L\u00f6sungen, die Komplexit\u00e4t reduzieren und Flexibilit\u00e4t erh\u00f6hen.\t\t<\/div>\n\t\t\n\t\t<a class=\"elementor-post__read-more\" href=\"https:\/\/packaging-journal.de\/en\/innovative-antriebskonzepte-fuer-die-verpackungsindustrie\/\" aria-label=\"Read more about Innovative Antriebskonzepte f\u00fcr die Verpackungsindustrie\" tabindex=\"-1\" >\n\t\t\tWeiterlesen \u00bb\t\t<\/a>\n\n\t\t\t\t<\/div>\n\t\t\t\t\t<\/div>\n\t\t<\/article>\n\t\t\t\t<article class=\"elementor-post elementor-grid-item post-115391 post type-post status-publish format-standard has-post-thumbnail category-aus-dem-magazin tag-digitalisierung tag-etikettieren-kennzeichnen-codieren tag-interpack tag-magazin-02-2026 tag-securikett cs-entry cs-video-wrap\" role=\"listitem\">\n\t\t\t<div class=\"elementor-post__card\">\n\t\t\t\t<a class=\"elementor-post__thumbnail__link\" href=\"https:\/\/packaging-journal.de\/en\/securikett-regulatorische-pflichten\/\" tabindex=\"-1\" ><div class=\"elementor-post__thumbnail\"><img loading=\"lazy\" decoding=\"async\" width=\"300\" height=\"163\" src=\"https:\/\/packaging-journal.de\/wp-content\/uploads\/2026\/04\/securikett-dpp-300x163.jpg\" class=\"attachment-medium size-medium wp-image-115392\" alt=\"\" srcset=\"https:\/\/packaging-journal.de\/wp-content\/uploads\/2026\/04\/securikett-dpp-300x163.jpg 300w, https:\/\/packaging-journal.de\/wp-content\/uploads\/2026\/04\/securikett-dpp-1024x555.jpg 1024w, https:\/\/packaging-journal.de\/wp-content\/uploads\/2026\/04\/securikett-dpp-768x416.jpg 768w, https:\/\/packaging-journal.de\/wp-content\/uploads\/2026\/04\/securikett-dpp-18x10.jpg 18w, https:\/\/packaging-journal.de\/wp-content\/uploads\/2026\/04\/securikett-dpp-332x180.jpg 332w, https:\/\/packaging-journal.de\/wp-content\/uploads\/2026\/04\/securikett-dpp-664x360.jpg 664w, https:\/\/packaging-journal.de\/wp-content\/uploads\/2026\/04\/securikett-dpp-688x373.jpg 688w, https:\/\/packaging-journal.de\/wp-content\/uploads\/2026\/04\/securikett-dpp-1044x566.jpg 1044w, https:\/\/packaging-journal.de\/wp-content\/uploads\/2026\/04\/securikett-dpp.jpg 1200w\" sizes=\"(max-width: 300px) 100vw, 300px\" \/><\/div><\/a>\n\t\t\t\t<div class=\"elementor-post__avatar\">\n\t\t\t\t\t<\/div>\n\t\t\t\t<div class=\"elementor-post__text\">\n\t\t\t\t<h3 class=\"elementor-post__title\">\n\t\t\t<a href=\"https:\/\/packaging-journal.de\/en\/securikett-regulatorische-pflichten\/\" >\n\t\t\t\tWie regulatorische Pflicht zum Wettbewerbsvorteil wird\t\t\t<\/a>\n\t\t<\/h3>\n\t\t\t\t<div class=\"elementor-post__excerpt\">\n\t\t\tSecurikett zeigt, wie sich regulatorische Pflichten in echte Wettbewerbsvorteile verwandeln lassen: durch intelligente Kombination von Produktsicherheit, Nachhaltigkeit und digitaler Transparenz.\t\t<\/div>\n\t\t\n\t\t<a class=\"elementor-post__read-more\" href=\"https:\/\/packaging-journal.de\/en\/securikett-regulatorische-pflichten\/\" aria-label=\"Read more about Wie regulatorische Pflicht zum Wettbewerbsvorteil wird\" tabindex=\"-1\" >\n\t\t\tWeiterlesen \u00bb\t\t<\/a>\n\n\t\t\t\t<\/div>\n\t\t\t\t\t<\/div>\n\t\t<\/article>\n\t\t\t\t<article class=\"elementor-post elementor-grid-item post-115511 post type-post status-publish format-standard has-post-thumbnail category-verpackungstechnik tag-abfuelltechnik tag-interpack tag-pharma-kosmetik-chemie tag-rationator cs-entry cs-video-wrap\" role=\"listitem\">\n\t\t\t<div class=\"elementor-post__card\">\n\t\t\t\t<a class=\"elementor-post__thumbnail__link\" href=\"https:\/\/packaging-journal.de\/en\/modulare-abfuelltechnik\/\" tabindex=\"-1\" ><div class=\"elementor-post__thumbnail\"><img loading=\"lazy\" decoding=\"async\" width=\"300\" height=\"163\" src=\"https:\/\/packaging-journal.de\/wp-content\/uploads\/2026\/04\/Rationator-interpack-300x163.jpg\" class=\"attachment-medium size-medium wp-image-115514\" alt=\"\" srcset=\"https:\/\/packaging-journal.de\/wp-content\/uploads\/2026\/04\/Rationator-interpack-300x163.jpg 300w, https:\/\/packaging-journal.de\/wp-content\/uploads\/2026\/04\/Rationator-interpack-1024x555.jpg 1024w, https:\/\/packaging-journal.de\/wp-content\/uploads\/2026\/04\/Rationator-interpack-768x416.jpg 768w, https:\/\/packaging-journal.de\/wp-content\/uploads\/2026\/04\/Rationator-interpack-18x10.jpg 18w, https:\/\/packaging-journal.de\/wp-content\/uploads\/2026\/04\/Rationator-interpack-332x180.jpg 332w, https:\/\/packaging-journal.de\/wp-content\/uploads\/2026\/04\/Rationator-interpack-664x360.jpg 664w, https:\/\/packaging-journal.de\/wp-content\/uploads\/2026\/04\/Rationator-interpack-688x373.jpg 688w, https:\/\/packaging-journal.de\/wp-content\/uploads\/2026\/04\/Rationator-interpack-1044x566.jpg 1044w, https:\/\/packaging-journal.de\/wp-content\/uploads\/2026\/04\/Rationator-interpack.jpg 1200w\" sizes=\"(max-width: 300px) 100vw, 300px\" \/><\/div><\/a>\n\t\t\t\t<div class=\"elementor-post__avatar\">\n\t\t\t\t\t<\/div>\n\t\t\t\t<div class=\"elementor-post__text\">\n\t\t\t\t<h3 class=\"elementor-post__title\">\n\t\t\t<a href=\"https:\/\/packaging-journal.de\/en\/modulare-abfuelltechnik\/\" >\n\t\t\t\tModulare Abf\u00fclltechnik\t\t\t<\/a>\n\t\t<\/h3>\n\t\t\t\t<div class=\"elementor-post__excerpt\">\n\t\t\tRationator pr\u00e4sentiert auf der interpack 2026 die neue Generation der Robomat-Abf\u00fcllmaschinen.\t\t<\/div>\n\t\t\n\t\t<a class=\"elementor-post__read-more\" href=\"https:\/\/packaging-journal.de\/en\/modulare-abfuelltechnik\/\" aria-label=\"Read more about Modulare Abf\u00fclltechnik\" tabindex=\"-1\" >\n\t\t\tWeiterlesen \u00bb\t\t<\/a>\n\n\t\t\t\t<\/div>\n\t\t\t\t\t<\/div>\n\t\t<\/article>\n\t\t\t\t<\/div>\n\t\t\n\t\t\t\t\t\t<\/div>\n\t\t\t\t<\/div>\n\t\t\t\t\t<\/div>\n\t\t<\/div>\n\t\t\t\t\t<\/div>\n\t\t<\/section>\n\t\t\t\t<\/div>\n\t\t","protected":false},"excerpt":{"rendered":"Premiere at interpack: together with the trade fair, packaging journal is producing a live TV with a varied programme","protected":false},"author":7,"featured_media":79540,"comment_status":"closed","ping_status":"closed","sticky":false,"template":"","format":"standard","meta":{"_acf_changed":false,"__cvm_playback_settings":[],"__cvm_video_id":"","rank_math_description":"","rank_math_focus_keyword":"interpack","rank_math_title":"","csco_display_header_overlay":false,"csco_singular_sidebar":"","csco_page_header_type":"","csco_page_load_nextpost":"","csco_post_video_location":[],"csco_post_video_location_hash":"","csco_post_video_url":"","csco_post_video_bg_start_time":0,"csco_post_video_bg_end_time":0,"footnotes":"","_links_to":"","_links_to_target":""},"categories":[7],"tags":[60011,59096],"class_list":{"0":"post-79539","1":"post","2":"type-post","3":"status-publish","4":"format-standard","5":"has-post-thumbnail","7":"category-messen-und-veranstaltungen","8":"tag-interpack-messenews","9":"tag-packaging-journal-tv-live","10":"cs-entry","11":"cs-video-wrap"},"acf":[],"vimeo_video":null,"_links":{"self":[{"href":"https:\/\/packaging-journal.de\/en\/wp-json\/wp\/v2\/posts\/79539","targetHints":{"allow":["GET"]}}],"collection":[{"href":"https:\/\/packaging-journal.de\/en\/wp-json\/wp\/v2\/posts"}],"about":[{"href":"https:\/\/packaging-journal.de\/en\/wp-json\/wp\/v2\/types\/post"}],"author":[{"embeddable":true,"href":"https:\/\/packaging-journal.de\/en\/wp-json\/wp\/v2\/users\/7"}],"replies":[{"embeddable":true,"href":"https:\/\/packaging-journal.de\/en\/wp-json\/wp\/v2\/comments?post=79539"}],"version-history":[{"count":0,"href":"https:\/\/packaging-journal.de\/en\/wp-json\/wp\/v2\/posts\/79539\/revisions"}],"wp:featuredmedia":[{"embeddable":true,"href":"https:\/\/packaging-journal.de\/en\/wp-json\/wp\/v2\/media\/79540"}],"wp:attachment":[{"href":"https:\/\/packaging-journal.de\/en\/wp-json\/wp\/v2\/media?parent=79539"}],"wp:term":[{"taxonomy":"category","embeddable":true,"href":"https:\/\/packaging-journal.de\/en\/wp-json\/wp\/v2\/categories?post=79539"},{"taxonomy":"post_tag","embeddable":true,"href":"https:\/\/packaging-journal.de\/en\/wp-json\/wp\/v2\/tags?post=79539"}],"curies":[{"name":"wp","href":"https:\/\/api.w.org\/{rel}","templated":true}]}}